{"id":21648,"date":"2020-04-10T09:54:47","date_gmt":"2020-04-10T12:54:47","guid":{"rendered":"https:\/\/jornaldoplanalto.com.br\/web\/?p=21648"},"modified":"2020-04-10T09:54:47","modified_gmt":"2020-04-10T12:54:47","slug":"onyx-defende-volta-gradual-da-atividade-economica-apos-a-pascoa","status":"publish","type":"post","link":"https:\/\/www.p31noticias.com.br\/?p=21648","title":{"rendered":"Onyx defende volta gradual da atividade econ\u00f4mica ap\u00f3s a P\u00e1scoa"},"content":{"rendered":"<p>O ministro da Cidadania, Onyx Lorenzoni, defendeu uma volta gradual da atividade econ\u00f4mica no Brasil ap\u00f3s o pr\u00f3ximo domingo (12). Para ele, um retorno \u201crespons\u00e1vel\u201d das pessoas ao trabalho a partir dos pr\u00f3ximos dias dar\u00e1 condi\u00e7\u00f5es de o Brasil retomar o crescimento.<\/p>\n<p>\u201cEu acredito que se n\u00f3s retornarmos ap\u00f3s o feriado da P\u00e1scoa de maneira gradual, respons\u00e1vel, \u00e0 atividade econ\u00f4mica, vamos sofrer um baque este ano, sem d\u00favida, mas vamos ter, sim, a condi\u00e7\u00e3o de poder retomar a atividade econ\u00f4mica e fazer o Brasil continuar crescendo\u201d, disse o ministro, durante uma live promovida pelo Grupo Voto, uma empresa de comunica\u00e7\u00e3o pol\u00edtica e institucional, na tarde desta quinta-feira (9).<\/p>\n<p>Atualmente, cada governador tem determinado uma forma de isolamento social em seu estado para diminuir a circula\u00e7\u00e3o de pessoas e, com isso, as chances de propaga\u00e7\u00e3o do novo coronav\u00edrus. O com\u00e9rcio de produtos n\u00e3o essenciais, al\u00e9m de bares e restaurantes est\u00e3o fechados em v\u00e1rias cidades.<\/p>\n<p>Onyx acredita que o Brasil se recuperar\u00e1 r\u00e1pido da crise econ\u00f4mica gerada pela pandemia do covid-19. Ele entende que as demandas dos outros pa\u00edses aos produtos que o Brasil exporta s\u00e3o pe\u00e7a chave nesse processo. \u201cA nossa base \u00e9 minerais e commodities agr\u00edcolas e vai ter uma super demanda. O Brasil deve, no segundo semestre, recuperar um perfil de crescimento muito positivo\u201d.<\/p>\n<p>Ele ponderou, no entanto, que o Brasil tamb\u00e9m depender\u00e1 da recupera\u00e7\u00e3o econ\u00f4mica dos seus compradores que, assim como grande parte do mundo, est\u00e1 mergulhado na mesma crise. \u201cNossos compradores de commodities agr\u00edcolas precisam tamb\u00e9m retomar o seu desenvolvimento e isso est\u00e1 ligado \u00e0 demanda que eles v\u00e3o ter para fornecer para outros pa\u00edses. Esse processo n\u00e3o tem como prever. A gente tem que ir trabalhando para dar condi\u00e7\u00e3o para o Brasil responder\u201d.<\/p>\n<p>O ministro ainda estimou que a dura\u00e7\u00e3o da epidemia seja de 12 a 14 semanas, com base, segundo ele, na dura\u00e7\u00e3o da maior parte das epidemias ocorridas no mundo no s\u00e9culo 20.<\/p>\n<p>Durante a live, ele ainda destacou o pagamento do aux\u00edlio emergencial, que teve in\u00edcio hoje. Ele citou o pagamento feito hoje a pouco mais de 2 milh\u00f5es de pessoas. Segundo o ministro, a expectativa \u00e9 que o aux\u00edlio atenda de 30 a 35 milh\u00f5es de pessoas.<\/p>\n<p><em>(Por Marcelo Brand\u00e3o &#8211; Rep\u00f3rter da Ag\u00eancia Brasil &#8211; Bras\u00edlia. Foto: Marcello Casal Jr\/Ag\u00eancia Brasil)<\/em><\/p>\n","protected":false},"excerpt":{"rendered":"<p>O ministro da Cidadania, Onyx Lorenzoni, defendeu uma volta gradual da atividade econ\u00f4mica no Brasil ap\u00f3s o pr\u00f3ximo domingo (12). Para ele, um retorno \u201crespons\u00e1vel\u201d das pessoas ao trabalho a partir dos pr\u00f3ximos dias dar\u00e1 condi\u00e7\u00f5es de o Brasil retomar o crescimento. \u201cEu acredito que se n\u00f3s retornarmos ap\u00f3s o feriado da P\u00e1scoa de maneira [&hellip;]<\/p>\n","protected":false},"author":18,"featured_media":21649,"comment_status":"open","ping_status":"open","sticky":false,"template":"","format":"standard","meta":{"footnotes":""},"categories":[68],"tags":[],"class_list":{"0":"post-21648","1":"post","2":"type-post","3":"status-publish","4":"format-standard","5":"has-post-thumbnail","7":"category-brasil"},"yoast_head":"<!-- This site is optimized with the Yoast SEO Premium plugin v24.5 (Yoast SEO v27.5) - https:\/\/yoast.com\/product\/yoast-seo-premium-wordpress\/ -->\n<title>Onyx defende volta gradual da atividade econ\u00f4mica ap\u00f3s a P\u00e1scoa - P31<\/title>\n<meta name=\"robots\" content=\"index, follow, max-snippet:-1, max-image-preview:large, max-video-preview:-1\" \/>\n<link rel=\"canonical\" href=\"https:\/\/www.p31noticias.com.br\/?p=21648\" \/>\n<meta property=\"og:locale\" content=\"pt_BR\" \/>\n<meta property=\"og:type\" content=\"article\" \/>\n<meta property=\"og:title\" content=\"Onyx defende volta gradual da atividade econ\u00f4mica ap\u00f3s a P\u00e1scoa\" \/>\n<meta property=\"og:description\" content=\"O ministro da Cidadania, Onyx Lorenzoni, defendeu uma volta gradual da atividade econ\u00f4mica no Brasil ap\u00f3s o pr\u00f3ximo domingo (12). Para ele, um retorno \u201crespons\u00e1vel\u201d das pessoas ao trabalho a partir dos pr\u00f3ximos dias dar\u00e1 condi\u00e7\u00f5es de o Brasil retomar o crescimento. \u201cEu acredito que se n\u00f3s retornarmos ap\u00f3s o feriado da P\u00e1scoa de maneira [&hellip;]\" \/>\n<meta property=\"og:url\" content=\"https:\/\/www.p31noticias.com.br\/?p=21648\" \/>\n<meta property=\"og:site_name\" content=\"P31\" \/>\n<meta property=\"article:published_time\" content=\"2020-04-10T12:54:47+00:00\" \/>\n<meta property=\"og:image\" content=\"https:\/\/www.p31noticias.com.br\/wp-content\/uploads\/2020\/04\/Onix.jpg\" \/>\n\t<meta property=\"og:image:width\" content=\"640\" \/>\n\t<meta property=\"og:image:height\" content=\"383\" \/>\n\t<meta property=\"og:image:type\" content=\"image\/jpeg\" \/>\n<meta name=\"author\" content=\"Reda\u00e7\u00e3o JBN\" \/>\n<meta name=\"twitter:card\" content=\"summary_large_image\" \/>\n<meta name=\"twitter:label1\" content=\"Escrito por\" \/>\n\t<meta name=\"twitter:data1\" content=\"Reda\u00e7\u00e3o JBN\" \/>\n\t<meta name=\"twitter:label2\" content=\"Est. tempo de leitura\" \/>\n\t<meta name=\"twitter:data2\" content=\"2 minutos\" \/>\n<script type=\"application\/ld+json\" class=\"yoast-schema-graph\">{\"@context\":\"https:\\\/\\\/schema.org\",\"@graph\":[{\"@type\":\"Article\",\"@id\":\"https:\\\/\\\/www.p31noticias.com.br\\\/?p=21648#article\",\"isPartOf\":{\"@id\":\"https:\\\/\\\/www.p31noticias.com.br\\\/?p=21648\"},\"author\":{\"name\":\"Reda\u00e7\u00e3o JBN\",\"@id\":\"https:\\\/\\\/www.p31noticias.com.br\\\/#\\\/schema\\\/person\\\/77d6b186c710ac38937c6ec204fdd387\"},\"headline\":\"Onyx defende volta gradual da atividade econ\u00f4mica ap\u00f3s a P\u00e1scoa\",\"datePublished\":\"2020-04-10T12:54:47+00:00\",\"mainEntityOfPage\":{\"@id\":\"https:\\\/\\\/www.p31noticias.com.br\\\/?p=21648\"},\"wordCount\":434,\"commentCount\":0,\"image\":{\"@id\":\"https:\\\/\\\/www.p31noticias.com.br\\\/?p=21648#primaryimage\"},\"thumbnailUrl\":\"https:\\\/\\\/www.p31noticias.com.br\\\/wp-content\\\/uploads\\\/2020\\\/04\\\/Onix.jpg\",\"articleSection\":[\"Brasil\"],\"inLanguage\":\"pt-BR\",\"potentialAction\":[{\"@type\":\"CommentAction\",\"name\":\"Comment\",\"target\":[\"https:\\\/\\\/www.p31noticias.com.br\\\/?p=21648#respond\"]}],\"copyrightYear\":\"2020\",\"copyrightHolder\":{\"@id\":\"https:\\\/\\\/www.p31noticias.com.br\\\/#organization\"}},{\"@type\":\"WebPage\",\"@id\":\"https:\\\/\\\/www.p31noticias.com.br\\\/?p=21648\",\"url\":\"https:\\\/\\\/www.p31noticias.com.br\\\/?p=21648\",\"name\":\"Onyx defende volta gradual da atividade econ\u00f4mica ap\u00f3s a P\u00e1scoa - P31\",\"isPartOf\":{\"@id\":\"https:\\\/\\\/www.p31noticias.com.br\\\/#website\"},\"primaryImageOfPage\":{\"@id\":\"https:\\\/\\\/www.p31noticias.com.br\\\/?p=21648#primaryimage\"},\"image\":{\"@id\":\"https:\\\/\\\/www.p31noticias.com.br\\\/?p=21648#primaryimage\"},\"thumbnailUrl\":\"https:\\\/\\\/www.p31noticias.com.br\\\/wp-content\\\/uploads\\\/2020\\\/04\\\/Onix.jpg\",\"datePublished\":\"2020-04-10T12:54:47+00:00\",\"author\":{\"@id\":\"https:\\\/\\\/www.p31noticias.com.br\\\/#\\\/schema\\\/person\\\/77d6b186c710ac38937c6ec204fdd387\"},\"breadcrumb\":{\"@id\":\"https:\\\/\\\/www.p31noticias.com.br\\\/?p=21648#breadcrumb\"},\"inLanguage\":\"pt-BR\",\"potentialAction\":[{\"@type\":\"ReadAction\",\"target\":[\"https:\\\/\\\/www.p31noticias.com.br\\\/?p=21648\"]}]},{\"@type\":\"ImageObject\",\"inLanguage\":\"pt-BR\",\"@id\":\"https:\\\/\\\/www.p31noticias.com.br\\\/?p=21648#primaryimage\",\"url\":\"https:\\\/\\\/www.p31noticias.com.br\\\/wp-content\\\/uploads\\\/2020\\\/04\\\/Onix.jpg\",\"contentUrl\":\"https:\\\/\\\/www.p31noticias.com.br\\\/wp-content\\\/uploads\\\/2020\\\/04\\\/Onix.jpg\",\"width\":640,\"height\":383,\"caption\":\"O presidente da Caixa Econ\u00f4mica Federal, Pedro Guimar\u00e3es, e os ministros da economia, Paulo Guedes e da Cidadania, Onyx Lorenzoni falam \u00e0 imprensa no Pal\u00e1cio do Planalto\"},{\"@type\":\"BreadcrumbList\",\"@id\":\"https:\\\/\\\/www.p31noticias.com.br\\\/?p=21648#breadcrumb\",\"itemListElement\":[{\"@type\":\"ListItem\",\"position\":1,\"name\":\"In\u00edcio\",\"item\":\"https:\\\/\\\/www.p31noticias.com.br\\\/\"},{\"@type\":\"ListItem\",\"position\":2,\"name\":\"Onyx defende volta gradual da atividade econ\u00f4mica ap\u00f3s a P\u00e1scoa\"}]},{\"@type\":\"WebSite\",\"@id\":\"https:\\\/\\\/www.p31noticias.com.br\\\/#website\",\"url\":\"https:\\\/\\\/www.p31noticias.com.br\\\/\",\"name\":\"P31\",\"description\":\"NOT\u00cdCIAS\",\"potentialAction\":[{\"@type\":\"SearchAction\",\"target\":{\"@type\":\"EntryPoint\",\"urlTemplate\":\"https:\\\/\\\/www.p31noticias.com.br\\\/?s={search_term_string}\"},\"query-input\":{\"@type\":\"PropertyValueSpecification\",\"valueRequired\":true,\"valueName\":\"search_term_string\"}}],\"inLanguage\":\"pt-BR\"},{\"@type\":\"Person\",\"@id\":\"https:\\\/\\\/www.p31noticias.com.br\\\/#\\\/schema\\\/person\\\/77d6b186c710ac38937c6ec204fdd387\",\"name\":\"Reda\u00e7\u00e3o JBN\",\"image\":{\"@type\":\"ImageObject\",\"inLanguage\":\"pt-BR\",\"@id\":\"https:\\\/\\\/secure.gravatar.com\\\/avatar\\\/10fcdb93211f98cce3d64c0795b0915a9a4a21dc0f279238995a3dbfafcad090?s=96&d=mm&r=g\",\"url\":\"https:\\\/\\\/secure.gravatar.com\\\/avatar\\\/10fcdb93211f98cce3d64c0795b0915a9a4a21dc0f279238995a3dbfafcad090?s=96&d=mm&r=g\",\"contentUrl\":\"https:\\\/\\\/secure.gravatar.com\\\/avatar\\\/10fcdb93211f98cce3d64c0795b0915a9a4a21dc0f279238995a3dbfafcad090?s=96&d=mm&r=g\",\"caption\":\"Reda\u00e7\u00e3o JBN\"},\"sameAs\":[\"https:\\\/\\\/p31noticias.com.br\"],\"url\":\"https:\\\/\\\/www.p31noticias.com.br\\\/?author=18\"}]}<\/script>\n<!-- \/ Yoast SEO Premium plugin. -->","yoast_head_json":{"title":"Onyx defende volta gradual da atividade econ\u00f4mica ap\u00f3s a P\u00e1scoa - P31","robots":{"index":"index","follow":"follow","max-snippet":"max-snippet:-1","max-image-preview":"max-image-preview:large","max-video-preview":"max-video-preview:-1"},"canonical":"https:\/\/www.p31noticias.com.br\/?p=21648","og_locale":"pt_BR","og_type":"article","og_title":"Onyx defende volta gradual da atividade econ\u00f4mica ap\u00f3s a P\u00e1scoa","og_description":"O ministro da Cidadania, Onyx Lorenzoni, defendeu uma volta gradual da atividade econ\u00f4mica no Brasil ap\u00f3s o pr\u00f3ximo domingo (12). Para ele, um retorno \u201crespons\u00e1vel\u201d das pessoas ao trabalho a partir dos pr\u00f3ximos dias dar\u00e1 condi\u00e7\u00f5es de o Brasil retomar o crescimento. \u201cEu acredito que se n\u00f3s retornarmos ap\u00f3s o feriado da P\u00e1scoa de maneira [&hellip;]","og_url":"https:\/\/www.p31noticias.com.br\/?p=21648","og_site_name":"P31","article_published_time":"2020-04-10T12:54:47+00:00","og_image":[{"width":640,"height":383,"url":"https:\/\/www.p31noticias.com.br\/wp-content\/uploads\/2020\/04\/Onix.jpg","type":"image\/jpeg"}],"author":"Reda\u00e7\u00e3o JBN","twitter_card":"summary_large_image","twitter_misc":{"Escrito por":"Reda\u00e7\u00e3o JBN","Est. tempo de leitura":"2 minutos"},"schema":{"@context":"https:\/\/schema.org","@graph":[{"@type":"Article","@id":"https:\/\/www.p31noticias.com.br\/?p=21648#article","isPartOf":{"@id":"https:\/\/www.p31noticias.com.br\/?p=21648"},"author":{"name":"Reda\u00e7\u00e3o JBN","@id":"https:\/\/www.p31noticias.com.br\/#\/schema\/person\/77d6b186c710ac38937c6ec204fdd387"},"headline":"Onyx defende volta gradual da atividade econ\u00f4mica ap\u00f3s a P\u00e1scoa","datePublished":"2020-04-10T12:54:47+00:00","mainEntityOfPage":{"@id":"https:\/\/www.p31noticias.com.br\/?p=21648"},"wordCount":434,"commentCount":0,"image":{"@id":"https:\/\/www.p31noticias.com.br\/?p=21648#primaryimage"},"thumbnailUrl":"https:\/\/www.p31noticias.com.br\/wp-content\/uploads\/2020\/04\/Onix.jpg","articleSection":["Brasil"],"inLanguage":"pt-BR","potentialAction":[{"@type":"CommentAction","name":"Comment","target":["https:\/\/www.p31noticias.com.br\/?p=21648#respond"]}],"copyrightYear":"2020","copyrightHolder":{"@id":"https:\/\/www.p31noticias.com.br\/#organization"}},{"@type":"WebPage","@id":"https:\/\/www.p31noticias.com.br\/?p=21648","url":"https:\/\/www.p31noticias.com.br\/?p=21648","name":"Onyx defende volta gradual da atividade econ\u00f4mica ap\u00f3s a P\u00e1scoa - P31","isPartOf":{"@id":"https:\/\/www.p31noticias.com.br\/#website"},"primaryImageOfPage":{"@id":"https:\/\/www.p31noticias.com.br\/?p=21648#primaryimage"},"image":{"@id":"https:\/\/www.p31noticias.com.br\/?p=21648#primaryimage"},"thumbnailUrl":"https:\/\/www.p31noticias.com.br\/wp-content\/uploads\/2020\/04\/Onix.jpg","datePublished":"2020-04-10T12:54:47+00:00","author":{"@id":"https:\/\/www.p31noticias.com.br\/#\/schema\/person\/77d6b186c710ac38937c6ec204fdd387"},"breadcrumb":{"@id":"https:\/\/www.p31noticias.com.br\/?p=21648#breadcrumb"},"inLanguage":"pt-BR","potentialAction":[{"@type":"ReadAction","target":["https:\/\/www.p31noticias.com.br\/?p=21648"]}]},{"@type":"ImageObject","inLanguage":"pt-BR","@id":"https:\/\/www.p31noticias.com.br\/?p=21648#primaryimage","url":"https:\/\/www.p31noticias.com.br\/wp-content\/uploads\/2020\/04\/Onix.jpg","contentUrl":"https:\/\/www.p31noticias.com.br\/wp-content\/uploads\/2020\/04\/Onix.jpg","width":640,"height":383,"caption":"O presidente da Caixa Econ\u00f4mica Federal, Pedro Guimar\u00e3es, e os ministros da economia, Paulo Guedes e da Cidadania, Onyx Lorenzoni falam \u00e0 imprensa no Pal\u00e1cio do Planalto"},{"@type":"BreadcrumbList","@id":"https:\/\/www.p31noticias.com.br\/?p=21648#breadcrumb","itemListElement":[{"@type":"ListItem","position":1,"name":"In\u00edcio","item":"https:\/\/www.p31noticias.com.br\/"},{"@type":"ListItem","position":2,"name":"Onyx defende volta gradual da atividade econ\u00f4mica ap\u00f3s a P\u00e1scoa"}]},{"@type":"WebSite","@id":"https:\/\/www.p31noticias.com.br\/#website","url":"https:\/\/www.p31noticias.com.br\/","name":"P31","description":"NOT\u00cdCIAS","potentialAction":[{"@type":"SearchAction","target":{"@type":"EntryPoint","urlTemplate":"https:\/\/www.p31noticias.com.br\/?s={search_term_string}"},"query-input":{"@type":"PropertyValueSpecification","valueRequired":true,"valueName":"search_term_string"}}],"inLanguage":"pt-BR"},{"@type":"Person","@id":"https:\/\/www.p31noticias.com.br\/#\/schema\/person\/77d6b186c710ac38937c6ec204fdd387","name":"Reda\u00e7\u00e3o JBN","image":{"@type":"ImageObject","inLanguage":"pt-BR","@id":"https:\/\/secure.gravatar.com\/avatar\/10fcdb93211f98cce3d64c0795b0915a9a4a21dc0f279238995a3dbfafcad090?s=96&d=mm&r=g","url":"https:\/\/secure.gravatar.com\/avatar\/10fcdb93211f98cce3d64c0795b0915a9a4a21dc0f279238995a3dbfafcad090?s=96&d=mm&r=g","contentUrl":"https:\/\/secure.gravatar.com\/avatar\/10fcdb93211f98cce3d64c0795b0915a9a4a21dc0f279238995a3dbfafcad090?s=96&d=mm&r=g","caption":"Reda\u00e7\u00e3o JBN"},"sameAs":["https:\/\/p31noticias.com.br"],"url":"https:\/\/www.p31noticias.com.br\/?author=18"}]}},"amp_enabled":true,"_links":{"self":[{"href":"https:\/\/www.p31noticias.com.br\/index.php?rest_route=\/wp\/v2\/posts\/21648","targetHints":{"allow":["GET"]}}],"collection":[{"href":"https:\/\/www.p31noticias.com.br\/index.php?rest_route=\/wp\/v2\/posts"}],"about":[{"href":"https:\/\/www.p31noticias.com.br\/index.php?rest_route=\/wp\/v2\/types\/post"}],"author":[{"embeddable":true,"href":"https:\/\/www.p31noticias.com.br\/index.php?rest_route=\/wp\/v2\/users\/18"}],"replies":[{"embeddable":true,"href":"https:\/\/www.p31noticias.com.br\/index.php?rest_route=%2Fwp%2Fv2%2Fcomments&post=21648"}],"version-history":[{"count":0,"href":"https:\/\/www.p31noticias.com.br\/index.php?rest_route=\/wp\/v2\/posts\/21648\/revisions"}],"wp:featuredmedia":[{"embeddable":true,"href":"https:\/\/www.p31noticias.com.br\/index.php?rest_route=\/wp\/v2\/media\/21649"}],"wp:attachment":[{"href":"https:\/\/www.p31noticias.com.br\/index.php?rest_route=%2Fwp%2Fv2%2Fmedia&parent=21648"}],"wp:term":[{"taxonomy":"category","embeddable":true,"href":"https:\/\/www.p31noticias.com.br\/index.php?rest_route=%2Fwp%2Fv2%2Fcategories&post=21648"},{"taxonomy":"post_tag","embeddable":true,"href":"https:\/\/www.p31noticias.com.br\/index.php?rest_route=%2Fwp%2Fv2%2Ftags&post=21648"}],"curies":[{"name":"wp","href":"https:\/\/api.w.org\/{rel}","templated":true}]}}