{"id":21644,"date":"2020-04-10T09:44:02","date_gmt":"2020-04-10T12:44:02","guid":{"rendered":"https:\/\/jornaldoplanalto.com.br\/web\/?p=21644"},"modified":"2020-04-10T09:44:02","modified_gmt":"2020-04-10T12:44:02","slug":"mulheres-de-areas-rurais-se-reinventam-e-passam-a-produzir-mascaras-para-superar-a-crise","status":"publish","type":"post","link":"https:\/\/www.p31noticias.com.br\/?p=21644","title":{"rendered":"Mulheres de \u00e1reas rurais se reinventam e passam a produzir m\u00e1scaras para superar a crise"},"content":{"rendered":"<p>Em busca de continuar o trabalho e trazer renda para dentro de casa, mulheres de \u00e1reas rurais do Distrito Federal est\u00e3o se reinventando e aproveitando os nichos abertos pela crise causada pela pandemia do coronav\u00edrus. Com as not\u00edcias sobre a necessidade do uso de m\u00e1scaras e a aus\u00eancia delas no mercado, essas mulheres, assistidas pela Emater-DF, come\u00e7aram a fabricar e anunciar em suas redes sociais.<\/p>\n<p>Esse \u00e9 o caso de mulheres como a Josi Camargo, 42 anos,\u00a0 moradora do Caub I, \u00e1rea rural do Riacho Fundo I, da Priscila Cutrim Oliveira, 33 anos, de Tabatinga, n\u00facleo rural de Planaltina-DF, e da Alane Oliveira, 43 anos, do n\u00facleo rural Cap\u00e3o da Erva, no Parano\u00e1. Todas tiveram que buscar outras formas de garantir renda e encontraram a alternativa na produ\u00e7\u00e3o de m\u00e1scaras de prote\u00e7\u00e3o.<\/p>\n<p>Alane \u00e9 produtora de hortali\u00e7as, faz costuras e artesanato. Com a procura por m\u00e1scaras de prote\u00e7\u00e3o e a escassez do mercado, ela conta ter come\u00e7ado a fazer as pe\u00e7as logo no in\u00edcio da pandemia. Escolheu o tecido tricoline, mas, no in\u00edcio, as pessoas rejeitavam. Ap\u00f3s uma fala de autoridades da sa\u00fade recomendando o t\u00e9cido, viu a demanda pelas m\u00e1scaras aumentar.<\/p>\n<p>\u201cO que me incentivou a fazer m\u00e1scaras foi a qualidade das que estavam sendo oferecidas e os pre\u00e7os muito altos. Como precisei pro meu marido e filhos, que s\u00e3o asm\u00e1ticos, fiz para eles e as pessoas come\u00e7aram a procurar. Montei um Instagram e j\u00e1 tinha a p\u00e1gina do ateli\u00ea\u201d, explica. Com a Alane, os pedidos s\u00e3o realizados pelas redes sociais ou pelo telefone celular, por meio de chamada ou pelo WhatsApp (61-99506-7474). Por meio da ajuda da sobrinha, as entregas s\u00e3o realizadas no Plano Piloto e no Parano\u00e1. Suas m\u00e1scaras s\u00e3o vendidas a R$ 5 a unidade.<\/p>\n<p><strong>De plantas a m\u00e1scaras<\/strong><br \/>\nJuntamente com a m\u00e3e, dona Nedina Bento, 76 anos, tr\u00eas irm\u00e3s e a filha, Josi, que \u00e9 produtora de plantas suculentas no Caub, viu suas vendas ca\u00edrem drasticamente com a crise. Foi ent\u00e3o que, diante da necessidade, resolveu apostar na produ\u00e7\u00e3o de m\u00e1scaras para comercializar.<\/p>\n<p>As irm\u00e3s de Josi fizeram curso de costura pela Emater-DF e o escrit\u00f3rio da empresa em Vargem Bonita tem se solidarizado com a situa\u00e7\u00e3o e auxiliado na divulga\u00e7\u00e3o. \u201cEu tenho uma estufa de produ\u00e7\u00e3o de suculenta e tamb\u00e9m fa\u00e7o pintura em tecido. Como n\u00e3o s\u00e3o produtos de primeira necessidade, est\u00e1 tudo parado. A alternativa foi buscar o que o mercado est\u00e1 precisando e que n\u00f3s podemos fazer\u201d, conta.<\/p>\n<p>Extensionista da Emater-DF em Vargem Bonita, Janaina Dias disse que os funcion\u00e1rios t\u00eam feito encomendas e est\u00e3o mobilizados na divulga\u00e7\u00e3o. \u201cNesse momento dif\u00edcil, estamos ajudando na divulga\u00e7\u00e3o, conseguimos fazer algumas vendas dentro da pr\u00f3pria Emater e estamos auxiliando para ver se a gente as inclui em oportunidades de comercializa\u00e7\u00f5es\u201d, ressalta.<\/p>\n<p>Segundo Josi, as m\u00e1scaras s\u00e3o feitas conforme a recomenda\u00e7\u00e3o da sa\u00fade, em duas camadas de tecido e com detalhes dentro dos padr\u00f5es de seguran\u00e7a. Hoje, a fam\u00edlia consegue produzir aproximadamente 50 m\u00e1scaras por dia. Os valores seguem uma m\u00e9dia de R$ 8 a R$ 15. \u201cEstamos prezando muito pela qualidade e pela higiene. Antes de entregar, a gente deixa dez minutos no sab\u00e3o neutro, lava, deixa secar, passa em ferro quente e depois borrifa \u00e1lcool antes de colocar dentro do saquinho\u201d. Os pedidos s\u00e3o realizados pelo telefone da Josi (61-99633-2018).<\/p>\n<p><strong>Oportunidade<\/strong><br \/>\nPara a extensionista Selma Tavares, essa adapta\u00e7\u00e3o ao cen\u00e1rio \u00e9 muito importante e as pessoas devem pensar em alternativas diante do momento. \u201cO interessante \u00e9 que essas mulheres na dificuldade est\u00e3o aproveitando o mercado que est\u00e1 se abrindo e buscando se reinventar. \u00c9 importante que as pessoas apoiem e incentivem comprando esses e outros produtos locais\u201d, destaca.<\/p>\n<p>Moradora de Tabatinga, n\u00facleo rural de Planaltina-DF, Priscila Cutrim Oliveira, 33 anos, trabalha como artes\u00e3 confeccionando e vendendo pe\u00e7as em tecido, como bolsas, carteiras, necessaire e pe\u00e7as para crian\u00e7as como babados em fraldas e utilit\u00e1rios de bolsas. Com a aus\u00eancia de compradores para os seus produtos, ela conta que o grupo de artes\u00e3os de que ela participa vislumbrou essa oportunidade de venda, j\u00e1 que as m\u00e1scaras descart\u00e1veis estavam em falta.<\/p>\n<p>\u201cO pessoal parou de comprar o que eles viam como sup\u00e9rfluo, ent\u00e3o resolvemos ir para o item de necessidade\u201d, diz. De acordo com ela, os pedidos chegam por meio das redes sociais e do WhatsApp (61-98174-1436). Priscila fica com a parte de confec\u00e7\u00e3o e o marido deixa na cidade, em Planaltina, onde as pessoas buscam as encomendas. Por dia, sua produ\u00e7\u00e3o chega a 20 m\u00e1scaras, que s\u00e3o vendidas a R$ 10 a unidade.<\/p>\n<p>\u201cS\u00f3 estou trabalhando com a m\u00e1scara bico de pato, mais redondinha. Ela \u00e9 mais f\u00e1cil de adaptar a respira\u00e7\u00e3o do que a outra. O que t\u00e1 mais dif\u00edcil agora \u00e9 mat\u00e9ria prima, como tecido e el\u00e1stico. O el\u00e1stico est\u00e1 cinco vezes mais caro. A gente t\u00e1 fechando uma compra emergencial em Goi\u00e2nia porque aqui em Bras\u00edlia t\u00e1 impratic\u00e1vel o pre\u00e7o\u201d, contou.<\/p>\n<p>Priscila afirma que diante da procura, o tecido tamb\u00e9m ficou caro, mas que suas m\u00e1scaras s\u00e3o feitas com o tricoline, em duas camadas e uma entretela feita com um tecido tipo TNT, col\u00e1vel no tecido. \u201cO tecido fica mais firme e n\u00e3o deixa passar o v\u00edrus. Conversei tamb\u00e9m com uma prima que \u00e9 enfermeira para que a gente possa fazer um produto detalhado e de qualidade\u201d, explicou.<\/p>\n<p><strong>Contatos para pedidos:<\/strong><\/p>\n<p>Priscila Cutrim<br \/>\nTelefone (61) 98174-1436<br \/>\nInstagram: @pricutiatelie<\/p>\n<p>Josi Camargo<br \/>\nTelefone: (61) 99633-2063<br \/>\nInstagram: @josyb.camargo<\/p>\n<p>Alane Oliveira<br \/>\nTelefone: (61) 99506-7474<br \/>\nInstagram: @mascarasdf<\/p>\n","protected":false},"excerpt":{"rendered":"<p>Em busca de continuar o trabalho e trazer renda para dentro de casa, mulheres de \u00e1reas rurais do Distrito Federal est\u00e3o se reinventando e aproveitando os nichos abertos pela crise causada pela pandemia do coronav\u00edrus. Com as not\u00edcias sobre a necessidade do uso de m\u00e1scaras e a aus\u00eancia delas no mercado, essas mulheres, assistidas pela [&hellip;]<\/p>\n","protected":false},"author":18,"featured_media":21645,"comment_status":"open","ping_status":"open","sticky":false,"template":"","format":"standard","meta":{"footnotes":""},"categories":[1],"tags":[],"class_list":{"0":"post-21644","1":"post","2":"type-post","3":"status-publish","4":"format-standard","5":"has-post-thumbnail","7":"category-outros"},"yoast_head":"<!-- This site is optimized with the Yoast SEO Premium plugin v24.5 (Yoast SEO v27.5) - https:\/\/yoast.com\/product\/yoast-seo-premium-wordpress\/ -->\n<title>Mulheres de \u00e1reas rurais se reinventam e passam a produzir m\u00e1scaras para superar a crise - P31<\/title>\n<meta name=\"robots\" content=\"index, follow, max-snippet:-1, max-image-preview:large, max-video-preview:-1\" \/>\n<link rel=\"canonical\" href=\"https:\/\/www.p31noticias.com.br\/?p=21644\" \/>\n<meta property=\"og:locale\" content=\"pt_BR\" \/>\n<meta property=\"og:type\" content=\"article\" \/>\n<meta property=\"og:title\" content=\"Mulheres de \u00e1reas rurais se reinventam e passam a produzir m\u00e1scaras para superar a crise\" \/>\n<meta property=\"og:description\" content=\"Em busca de continuar o trabalho e trazer renda para dentro de casa, mulheres de \u00e1reas rurais do Distrito Federal est\u00e3o se reinventando e aproveitando os nichos abertos pela crise causada pela pandemia do coronav\u00edrus. Com as not\u00edcias sobre a necessidade do uso de m\u00e1scaras e a aus\u00eancia delas no mercado, essas mulheres, assistidas pela [&hellip;]\" \/>\n<meta property=\"og:url\" content=\"https:\/\/www.p31noticias.com.br\/?p=21644\" \/>\n<meta property=\"og:site_name\" content=\"P31\" \/>\n<meta property=\"article:published_time\" content=\"2020-04-10T12:44:02+00:00\" \/>\n<meta property=\"og:image\" content=\"https:\/\/www.p31noticias.com.br\/wp-content\/uploads\/2020\/04\/Mascaras_foto_capa.jpg\" \/>\n\t<meta property=\"og:image:width\" content=\"750\" \/>\n\t<meta property=\"og:image:height\" content=\"425\" \/>\n\t<meta property=\"og:image:type\" content=\"image\/jpeg\" \/>\n<meta name=\"author\" content=\"Reda\u00e7\u00e3o JBN\" \/>\n<meta name=\"twitter:card\" content=\"summary_large_image\" \/>\n<meta name=\"twitter:label1\" content=\"Escrito por\" \/>\n\t<meta name=\"twitter:data1\" content=\"Reda\u00e7\u00e3o JBN\" \/>\n\t<meta name=\"twitter:label2\" content=\"Est. tempo de leitura\" \/>\n\t<meta name=\"twitter:data2\" content=\"5 minutos\" \/>\n<script type=\"application\/ld+json\" class=\"yoast-schema-graph\">{\"@context\":\"https:\\\/\\\/schema.org\",\"@graph\":[{\"@type\":\"Article\",\"@id\":\"https:\\\/\\\/www.p31noticias.com.br\\\/?p=21644#article\",\"isPartOf\":{\"@id\":\"https:\\\/\\\/www.p31noticias.com.br\\\/?p=21644\"},\"author\":{\"name\":\"Reda\u00e7\u00e3o JBN\",\"@id\":\"https:\\\/\\\/www.p31noticias.com.br\\\/#\\\/schema\\\/person\\\/77d6b186c710ac38937c6ec204fdd387\"},\"headline\":\"Mulheres de \u00e1reas rurais se reinventam e passam a produzir m\u00e1scaras para superar a crise\",\"datePublished\":\"2020-04-10T12:44:02+00:00\",\"mainEntityOfPage\":{\"@id\":\"https:\\\/\\\/www.p31noticias.com.br\\\/?p=21644\"},\"wordCount\":1002,\"commentCount\":0,\"image\":{\"@id\":\"https:\\\/\\\/www.p31noticias.com.br\\\/?p=21644#primaryimage\"},\"thumbnailUrl\":\"https:\\\/\\\/www.p31noticias.com.br\\\/wp-content\\\/uploads\\\/2020\\\/04\\\/Mascaras_foto_capa.jpg\",\"articleSection\":[\"Outros\"],\"inLanguage\":\"pt-BR\",\"potentialAction\":[{\"@type\":\"CommentAction\",\"name\":\"Comment\",\"target\":[\"https:\\\/\\\/www.p31noticias.com.br\\\/?p=21644#respond\"]}],\"copyrightYear\":\"2020\",\"copyrightHolder\":{\"@id\":\"https:\\\/\\\/www.p31noticias.com.br\\\/#organization\"}},{\"@type\":\"WebPage\",\"@id\":\"https:\\\/\\\/www.p31noticias.com.br\\\/?p=21644\",\"url\":\"https:\\\/\\\/www.p31noticias.com.br\\\/?p=21644\",\"name\":\"Mulheres de \u00e1reas rurais se reinventam e passam a produzir m\u00e1scaras para superar a crise - P31\",\"isPartOf\":{\"@id\":\"https:\\\/\\\/www.p31noticias.com.br\\\/#website\"},\"primaryImageOfPage\":{\"@id\":\"https:\\\/\\\/www.p31noticias.com.br\\\/?p=21644#primaryimage\"},\"image\":{\"@id\":\"https:\\\/\\\/www.p31noticias.com.br\\\/?p=21644#primaryimage\"},\"thumbnailUrl\":\"https:\\\/\\\/www.p31noticias.com.br\\\/wp-content\\\/uploads\\\/2020\\\/04\\\/Mascaras_foto_capa.jpg\",\"datePublished\":\"2020-04-10T12:44:02+00:00\",\"author\":{\"@id\":\"https:\\\/\\\/www.p31noticias.com.br\\\/#\\\/schema\\\/person\\\/77d6b186c710ac38937c6ec204fdd387\"},\"breadcrumb\":{\"@id\":\"https:\\\/\\\/www.p31noticias.com.br\\\/?p=21644#breadcrumb\"},\"inLanguage\":\"pt-BR\",\"potentialAction\":[{\"@type\":\"ReadAction\",\"target\":[\"https:\\\/\\\/www.p31noticias.com.br\\\/?p=21644\"]}]},{\"@type\":\"ImageObject\",\"inLanguage\":\"pt-BR\",\"@id\":\"https:\\\/\\\/www.p31noticias.com.br\\\/?p=21644#primaryimage\",\"url\":\"https:\\\/\\\/www.p31noticias.com.br\\\/wp-content\\\/uploads\\\/2020\\\/04\\\/Mascaras_foto_capa.jpg\",\"contentUrl\":\"https:\\\/\\\/www.p31noticias.com.br\\\/wp-content\\\/uploads\\\/2020\\\/04\\\/Mascaras_foto_capa.jpg\",\"width\":750,\"height\":425},{\"@type\":\"BreadcrumbList\",\"@id\":\"https:\\\/\\\/www.p31noticias.com.br\\\/?p=21644#breadcrumb\",\"itemListElement\":[{\"@type\":\"ListItem\",\"position\":1,\"name\":\"In\u00edcio\",\"item\":\"https:\\\/\\\/www.p31noticias.com.br\\\/\"},{\"@type\":\"ListItem\",\"position\":2,\"name\":\"Mulheres de \u00e1reas rurais se reinventam e passam a produzir m\u00e1scaras para superar a crise\"}]},{\"@type\":\"WebSite\",\"@id\":\"https:\\\/\\\/www.p31noticias.com.br\\\/#website\",\"url\":\"https:\\\/\\\/www.p31noticias.com.br\\\/\",\"name\":\"P31\",\"description\":\"NOT\u00cdCIAS\",\"potentialAction\":[{\"@type\":\"SearchAction\",\"target\":{\"@type\":\"EntryPoint\",\"urlTemplate\":\"https:\\\/\\\/www.p31noticias.com.br\\\/?s={search_term_string}\"},\"query-input\":{\"@type\":\"PropertyValueSpecification\",\"valueRequired\":true,\"valueName\":\"search_term_string\"}}],\"inLanguage\":\"pt-BR\"},{\"@type\":\"Person\",\"@id\":\"https:\\\/\\\/www.p31noticias.com.br\\\/#\\\/schema\\\/person\\\/77d6b186c710ac38937c6ec204fdd387\",\"name\":\"Reda\u00e7\u00e3o JBN\",\"image\":{\"@type\":\"ImageObject\",\"inLanguage\":\"pt-BR\",\"@id\":\"https:\\\/\\\/secure.gravatar.com\\\/avatar\\\/10fcdb93211f98cce3d64c0795b0915a9a4a21dc0f279238995a3dbfafcad090?s=96&d=mm&r=g\",\"url\":\"https:\\\/\\\/secure.gravatar.com\\\/avatar\\\/10fcdb93211f98cce3d64c0795b0915a9a4a21dc0f279238995a3dbfafcad090?s=96&d=mm&r=g\",\"contentUrl\":\"https:\\\/\\\/secure.gravatar.com\\\/avatar\\\/10fcdb93211f98cce3d64c0795b0915a9a4a21dc0f279238995a3dbfafcad090?s=96&d=mm&r=g\",\"caption\":\"Reda\u00e7\u00e3o JBN\"},\"sameAs\":[\"https:\\\/\\\/p31noticias.com.br\"],\"url\":\"https:\\\/\\\/www.p31noticias.com.br\\\/?author=18\"}]}<\/script>\n<!-- \/ Yoast SEO Premium plugin. -->","yoast_head_json":{"title":"Mulheres de \u00e1reas rurais se reinventam e passam a produzir m\u00e1scaras para superar a crise - P31","robots":{"index":"index","follow":"follow","max-snippet":"max-snippet:-1","max-image-preview":"max-image-preview:large","max-video-preview":"max-video-preview:-1"},"canonical":"https:\/\/www.p31noticias.com.br\/?p=21644","og_locale":"pt_BR","og_type":"article","og_title":"Mulheres de \u00e1reas rurais se reinventam e passam a produzir m\u00e1scaras para superar a crise","og_description":"Em busca de continuar o trabalho e trazer renda para dentro de casa, mulheres de \u00e1reas rurais do Distrito Federal est\u00e3o se reinventando e aproveitando os nichos abertos pela crise causada pela pandemia do coronav\u00edrus. Com as not\u00edcias sobre a necessidade do uso de m\u00e1scaras e a aus\u00eancia delas no mercado, essas mulheres, assistidas pela [&hellip;]","og_url":"https:\/\/www.p31noticias.com.br\/?p=21644","og_site_name":"P31","article_published_time":"2020-04-10T12:44:02+00:00","og_image":[{"width":750,"height":425,"url":"https:\/\/www.p31noticias.com.br\/wp-content\/uploads\/2020\/04\/Mascaras_foto_capa.jpg","type":"image\/jpeg"}],"author":"Reda\u00e7\u00e3o JBN","twitter_card":"summary_large_image","twitter_misc":{"Escrito por":"Reda\u00e7\u00e3o JBN","Est. tempo de leitura":"5 minutos"},"schema":{"@context":"https:\/\/schema.org","@graph":[{"@type":"Article","@id":"https:\/\/www.p31noticias.com.br\/?p=21644#article","isPartOf":{"@id":"https:\/\/www.p31noticias.com.br\/?p=21644"},"author":{"name":"Reda\u00e7\u00e3o JBN","@id":"https:\/\/www.p31noticias.com.br\/#\/schema\/person\/77d6b186c710ac38937c6ec204fdd387"},"headline":"Mulheres de \u00e1reas rurais se reinventam e passam a produzir m\u00e1scaras para superar a crise","datePublished":"2020-04-10T12:44:02+00:00","mainEntityOfPage":{"@id":"https:\/\/www.p31noticias.com.br\/?p=21644"},"wordCount":1002,"commentCount":0,"image":{"@id":"https:\/\/www.p31noticias.com.br\/?p=21644#primaryimage"},"thumbnailUrl":"https:\/\/www.p31noticias.com.br\/wp-content\/uploads\/2020\/04\/Mascaras_foto_capa.jpg","articleSection":["Outros"],"inLanguage":"pt-BR","potentialAction":[{"@type":"CommentAction","name":"Comment","target":["https:\/\/www.p31noticias.com.br\/?p=21644#respond"]}],"copyrightYear":"2020","copyrightHolder":{"@id":"https:\/\/www.p31noticias.com.br\/#organization"}},{"@type":"WebPage","@id":"https:\/\/www.p31noticias.com.br\/?p=21644","url":"https:\/\/www.p31noticias.com.br\/?p=21644","name":"Mulheres de \u00e1reas rurais se reinventam e passam a produzir m\u00e1scaras para superar a crise - P31","isPartOf":{"@id":"https:\/\/www.p31noticias.com.br\/#website"},"primaryImageOfPage":{"@id":"https:\/\/www.p31noticias.com.br\/?p=21644#primaryimage"},"image":{"@id":"https:\/\/www.p31noticias.com.br\/?p=21644#primaryimage"},"thumbnailUrl":"https:\/\/www.p31noticias.com.br\/wp-content\/uploads\/2020\/04\/Mascaras_foto_capa.jpg","datePublished":"2020-04-10T12:44:02+00:00","author":{"@id":"https:\/\/www.p31noticias.com.br\/#\/schema\/person\/77d6b186c710ac38937c6ec204fdd387"},"breadcrumb":{"@id":"https:\/\/www.p31noticias.com.br\/?p=21644#breadcrumb"},"inLanguage":"pt-BR","potentialAction":[{"@type":"ReadAction","target":["https:\/\/www.p31noticias.com.br\/?p=21644"]}]},{"@type":"ImageObject","inLanguage":"pt-BR","@id":"https:\/\/www.p31noticias.com.br\/?p=21644#primaryimage","url":"https:\/\/www.p31noticias.com.br\/wp-content\/uploads\/2020\/04\/Mascaras_foto_capa.jpg","contentUrl":"https:\/\/www.p31noticias.com.br\/wp-content\/uploads\/2020\/04\/Mascaras_foto_capa.jpg","width":750,"height":425},{"@type":"BreadcrumbList","@id":"https:\/\/www.p31noticias.com.br\/?p=21644#breadcrumb","itemListElement":[{"@type":"ListItem","position":1,"name":"In\u00edcio","item":"https:\/\/www.p31noticias.com.br\/"},{"@type":"ListItem","position":2,"name":"Mulheres de \u00e1reas rurais se reinventam e passam a produzir m\u00e1scaras para superar a crise"}]},{"@type":"WebSite","@id":"https:\/\/www.p31noticias.com.br\/#website","url":"https:\/\/www.p31noticias.com.br\/","name":"P31","description":"NOT\u00cdCIAS","potentialAction":[{"@type":"SearchAction","target":{"@type":"EntryPoint","urlTemplate":"https:\/\/www.p31noticias.com.br\/?s={search_term_string}"},"query-input":{"@type":"PropertyValueSpecification","valueRequired":true,"valueName":"search_term_string"}}],"inLanguage":"pt-BR"},{"@type":"Person","@id":"https:\/\/www.p31noticias.com.br\/#\/schema\/person\/77d6b186c710ac38937c6ec204fdd387","name":"Reda\u00e7\u00e3o JBN","image":{"@type":"ImageObject","inLanguage":"pt-BR","@id":"https:\/\/secure.gravatar.com\/avatar\/10fcdb93211f98cce3d64c0795b0915a9a4a21dc0f279238995a3dbfafcad090?s=96&d=mm&r=g","url":"https:\/\/secure.gravatar.com\/avatar\/10fcdb93211f98cce3d64c0795b0915a9a4a21dc0f279238995a3dbfafcad090?s=96&d=mm&r=g","contentUrl":"https:\/\/secure.gravatar.com\/avatar\/10fcdb93211f98cce3d64c0795b0915a9a4a21dc0f279238995a3dbfafcad090?s=96&d=mm&r=g","caption":"Reda\u00e7\u00e3o JBN"},"sameAs":["https:\/\/p31noticias.com.br"],"url":"https:\/\/www.p31noticias.com.br\/?author=18"}]}},"amp_enabled":true,"_links":{"self":[{"href":"https:\/\/www.p31noticias.com.br\/index.php?rest_route=\/wp\/v2\/posts\/21644","targetHints":{"allow":["GET"]}}],"collection":[{"href":"https:\/\/www.p31noticias.com.br\/index.php?rest_route=\/wp\/v2\/posts"}],"about":[{"href":"https:\/\/www.p31noticias.com.br\/index.php?rest_route=\/wp\/v2\/types\/post"}],"author":[{"embeddable":true,"href":"https:\/\/www.p31noticias.com.br\/index.php?rest_route=\/wp\/v2\/users\/18"}],"replies":[{"embeddable":true,"href":"https:\/\/www.p31noticias.com.br\/index.php?rest_route=%2Fwp%2Fv2%2Fcomments&post=21644"}],"version-history":[{"count":0,"href":"https:\/\/www.p31noticias.com.br\/index.php?rest_route=\/wp\/v2\/posts\/21644\/revisions"}],"wp:featuredmedia":[{"embeddable":true,"href":"https:\/\/www.p31noticias.com.br\/index.php?rest_route=\/wp\/v2\/media\/21645"}],"wp:attachment":[{"href":"https:\/\/www.p31noticias.com.br\/index.php?rest_route=%2Fwp%2Fv2%2Fmedia&parent=21644"}],"wp:term":[{"taxonomy":"category","embeddable":true,"href":"https:\/\/www.p31noticias.com.br\/index.php?rest_route=%2Fwp%2Fv2%2Fcategories&post=21644"},{"taxonomy":"post_tag","embeddable":true,"href":"https:\/\/www.p31noticias.com.br\/index.php?rest_route=%2Fwp%2Fv2%2Ftags&post=21644"}],"curies":[{"name":"wp","href":"https:\/\/api.w.org\/{rel}","templated":true}]}}