{"id":21635,"date":"2020-04-09T11:26:46","date_gmt":"2020-04-09T14:26:46","guid":{"rendered":"https:\/\/jornaldoplanalto.com.br\/web\/?p=21635"},"modified":"2020-04-09T11:26:46","modified_gmt":"2020-04-09T14:26:46","slug":"aprovado-projeto-que-garante-salario-minimo-para-desempregados-por-causa-do-coronavirus","status":"publish","type":"post","link":"https:\/\/www.p31noticias.com.br\/?p=21635","title":{"rendered":"Aprovado projeto que garante sal\u00e1rio m\u00ednimo para desempregados por causa do coronav\u00edrus"},"content":{"rendered":"<p dir=\"ltr\"><em><strong>A medida vai beneficiar 7.550 pessoas do DF que perderam os empregos<\/strong><\/em><\/p>\n<figure id=\"attachment_21636\" aria-describedby=\"caption-attachment-21636\" style=\"width: 305px\" class=\"wp-caption alignleft\"><a href=\"https:\/\/www.delioandrade.com.br\/wp-content\/uploads\/2020\/04\/Foto-Roge\u0301rio-Lopes-e1587558149576.jpeg\"><img loading=\"lazy\" decoding=\"async\" class=\" wp-image-21636\" src=\"https:\/\/www.delioandrade.com.br\/wp-content\/uploads\/2020\/04\/Foto-Roge\u0301rio-Lopes-e1587558149576.jpeg\" alt=\"\" width=\"305\" height=\"371\" srcset=\"https:\/\/www.p31noticias.com.br\/wp-content\/uploads\/2020\/04\/Foto-Roge\u0301rio-Lopes-e1587558149576.jpeg 370w, https:\/\/www.p31noticias.com.br\/wp-content\/uploads\/2020\/04\/Foto-Roge\u0301rio-Lopes-e1587558149576-247x300.jpeg 247w, https:\/\/www.p31noticias.com.br\/wp-content\/uploads\/2020\/04\/Foto-Roge\u0301rio-Lopes-e1587558149576-345x420.jpeg 345w\" sizes=\"auto, (max-width: 305px) 100vw, 305px\" \/><\/a><figcaption id=\"caption-attachment-21636\" class=\"wp-caption-text\">Deputado Delmasso, autor da Lei. Foto: Rog\u00e9rio Lopes<\/figcaption><\/figure>\n<p dir=\"ltr\">Nesta quarta-feira (8) foi aprovado em primeiro turno, no plen\u00e1rio da C\u00e2mara Legislativa, o projeto de lei complementar 35\/2020, de autoria do vice-presidente da Casa, deputado Delmasso (Republicanos-DF). O projeto cria o Benef\u00edcio Emergencial de Preserva\u00e7\u00e3o da Renda para os trabalhadores que foram demitidos em fun\u00e7\u00e3o da crise financeira advinda da pandemia de Covid-19 .<\/p>\n<p dir=\"ltr\">Agora o projeto segue para a san\u00e7\u00e3o do governador. A medida vai beneficiar 7.550 pessoas que perderam os empregos por causa da crise movida pelo coronav\u00edrus, que j\u00e1 trouxe muitos preju\u00edzos \u00e0 economia do Distrito Federal. O valor do benef\u00edcio ser\u00e1 de um sal\u00e1rio m\u00ednimo, R$ 1.045,00 e ser\u00e1 de grande ajuda para as fam\u00edlias que ficaram sem fonte de renda.<\/p>\n<p dir=\"ltr\">O Plano Emergencial de Manuten\u00e7\u00e3o da Renda tem os objetivos de: preservar a renda das fam\u00edlias e reduzir o impacto social por causa das consequ\u00eancias do estado de calamidade p\u00fablica e de emerg\u00eancia da sa\u00fade p\u00fablica. Compete \u00e0 Secretaria de Trabalho coordenar, executar, monitorar e avaliar a proposta e editar normas complementares necess\u00e1rias \u00e0 execu\u00e7\u00e3o.<\/p>\n<p dir=\"ltr\">O benef\u00edcio ser\u00e1 custeado com recursos do Fundo para Gera\u00e7\u00e3o de Emprego e Renda do Distrito Federal (FUNGER). O valor ser\u00e1 de presta\u00e7\u00e3o mensal a partir da data do in\u00edcio da demiss\u00e3o ou da suspens\u00e3o tempor\u00e1ria do contrato de trabalho. O empregador informar\u00e1 a Secretaria de Trabalho a demiss\u00e3o ou a suspens\u00e3o tempor\u00e1ria no prazo de dez dias, contado da data da realiza\u00e7\u00e3o do acordo.<\/p>\n","protected":false},"excerpt":{"rendered":"<p>A medida vai beneficiar 7.550 pessoas do DF que perderam os empregos Nesta quarta-feira (8) foi aprovado em primeiro turno, no plen\u00e1rio da C\u00e2mara Legislativa, o projeto de lei complementar 35\/2020, de autoria do vice-presidente da Casa, deputado Delmasso (Republicanos-DF). O projeto cria o Benef\u00edcio Emergencial de Preserva\u00e7\u00e3o da Renda para os trabalhadores que foram [&hellip;]<\/p>\n","protected":false},"author":18,"featured_media":21637,"comment_status":"open","ping_status":"open","sticky":false,"template":"","format":"standard","meta":{"footnotes":""},"categories":[1],"tags":[],"class_list":{"0":"post-21635","1":"post","2":"type-post","3":"status-publish","4":"format-standard","5":"has-post-thumbnail","7":"category-outros"},"yoast_head":"<!-- This site is optimized with the Yoast SEO Premium plugin v24.5 (Yoast SEO v27.5) - https:\/\/yoast.com\/product\/yoast-seo-premium-wordpress\/ -->\n<title>Aprovado projeto que garante sal\u00e1rio m\u00ednimo para desempregados por causa do coronav\u00edrus - P31<\/title>\n<meta name=\"robots\" content=\"index, follow, max-snippet:-1, max-image-preview:large, max-video-preview:-1\" \/>\n<link rel=\"canonical\" href=\"https:\/\/www.p31noticias.com.br\/?p=21635\" \/>\n<meta property=\"og:locale\" content=\"pt_BR\" \/>\n<meta property=\"og:type\" content=\"article\" \/>\n<meta property=\"og:title\" content=\"Aprovado projeto que garante sal\u00e1rio m\u00ednimo para desempregados por causa do coronav\u00edrus\" \/>\n<meta property=\"og:description\" content=\"A medida vai beneficiar 7.550 pessoas do DF que perderam os empregos Nesta quarta-feira (8) foi aprovado em primeiro turno, no plen\u00e1rio da C\u00e2mara Legislativa, o projeto de lei complementar 35\/2020, de autoria do vice-presidente da Casa, deputado Delmasso (Republicanos-DF). O projeto cria o Benef\u00edcio Emergencial de Preserva\u00e7\u00e3o da Renda para os trabalhadores que foram [&hellip;]\" \/>\n<meta property=\"og:url\" content=\"https:\/\/www.p31noticias.com.br\/?p=21635\" \/>\n<meta property=\"og:site_name\" content=\"P31\" \/>\n<meta property=\"article:published_time\" content=\"2020-04-09T14:26:46+00:00\" \/>\n<meta property=\"og:image\" content=\"https:\/\/www.p31noticias.com.br\/wp-content\/uploads\/2020\/04\/dinheiro.jpg\" \/>\n\t<meta property=\"og:image:width\" content=\"1120\" \/>\n\t<meta property=\"og:image:height\" content=\"420\" \/>\n\t<meta property=\"og:image:type\" content=\"image\/jpeg\" \/>\n<meta name=\"author\" content=\"Reda\u00e7\u00e3o JBN\" \/>\n<meta name=\"twitter:card\" content=\"summary_large_image\" \/>\n<meta name=\"twitter:label1\" content=\"Escrito por\" \/>\n\t<meta name=\"twitter:data1\" content=\"Reda\u00e7\u00e3o JBN\" \/>\n\t<meta name=\"twitter:label2\" content=\"Est. tempo de leitura\" \/>\n\t<meta name=\"twitter:data2\" content=\"1 minuto\" \/>\n<script type=\"application\/ld+json\" class=\"yoast-schema-graph\">{\"@context\":\"https:\\\/\\\/schema.org\",\"@graph\":[{\"@type\":\"Article\",\"@id\":\"https:\\\/\\\/www.p31noticias.com.br\\\/?p=21635#article\",\"isPartOf\":{\"@id\":\"https:\\\/\\\/www.p31noticias.com.br\\\/?p=21635\"},\"author\":{\"name\":\"Reda\u00e7\u00e3o JBN\",\"@id\":\"https:\\\/\\\/www.p31noticias.com.br\\\/#\\\/schema\\\/person\\\/77d6b186c710ac38937c6ec204fdd387\"},\"headline\":\"Aprovado projeto que garante sal\u00e1rio m\u00ednimo para desempregados por causa do coronav\u00edrus\",\"datePublished\":\"2020-04-09T14:26:46+00:00\",\"mainEntityOfPage\":{\"@id\":\"https:\\\/\\\/www.p31noticias.com.br\\\/?p=21635\"},\"wordCount\":302,\"commentCount\":0,\"image\":{\"@id\":\"https:\\\/\\\/www.p31noticias.com.br\\\/?p=21635#primaryimage\"},\"thumbnailUrl\":\"https:\\\/\\\/www.p31noticias.com.br\\\/wp-content\\\/uploads\\\/2020\\\/04\\\/dinheiro.jpg\",\"articleSection\":[\"Outros\"],\"inLanguage\":\"pt-BR\",\"potentialAction\":[{\"@type\":\"CommentAction\",\"name\":\"Comment\",\"target\":[\"https:\\\/\\\/www.p31noticias.com.br\\\/?p=21635#respond\"]}],\"copyrightYear\":\"2020\",\"copyrightHolder\":{\"@id\":\"https:\\\/\\\/www.p31noticias.com.br\\\/#organization\"}},{\"@type\":\"WebPage\",\"@id\":\"https:\\\/\\\/www.p31noticias.com.br\\\/?p=21635\",\"url\":\"https:\\\/\\\/www.p31noticias.com.br\\\/?p=21635\",\"name\":\"Aprovado projeto que garante sal\u00e1rio m\u00ednimo para desempregados por causa do coronav\u00edrus - P31\",\"isPartOf\":{\"@id\":\"https:\\\/\\\/www.p31noticias.com.br\\\/#website\"},\"primaryImageOfPage\":{\"@id\":\"https:\\\/\\\/www.p31noticias.com.br\\\/?p=21635#primaryimage\"},\"image\":{\"@id\":\"https:\\\/\\\/www.p31noticias.com.br\\\/?p=21635#primaryimage\"},\"thumbnailUrl\":\"https:\\\/\\\/www.p31noticias.com.br\\\/wp-content\\\/uploads\\\/2020\\\/04\\\/dinheiro.jpg\",\"datePublished\":\"2020-04-09T14:26:46+00:00\",\"author\":{\"@id\":\"https:\\\/\\\/www.p31noticias.com.br\\\/#\\\/schema\\\/person\\\/77d6b186c710ac38937c6ec204fdd387\"},\"breadcrumb\":{\"@id\":\"https:\\\/\\\/www.p31noticias.com.br\\\/?p=21635#breadcrumb\"},\"inLanguage\":\"pt-BR\",\"potentialAction\":[{\"@type\":\"ReadAction\",\"target\":[\"https:\\\/\\\/www.p31noticias.com.br\\\/?p=21635\"]}]},{\"@type\":\"ImageObject\",\"inLanguage\":\"pt-BR\",\"@id\":\"https:\\\/\\\/www.p31noticias.com.br\\\/?p=21635#primaryimage\",\"url\":\"https:\\\/\\\/www.p31noticias.com.br\\\/wp-content\\\/uploads\\\/2020\\\/04\\\/dinheiro.jpg\",\"contentUrl\":\"https:\\\/\\\/www.p31noticias.com.br\\\/wp-content\\\/uploads\\\/2020\\\/04\\\/dinheiro.jpg\",\"width\":1120,\"height\":420},{\"@type\":\"BreadcrumbList\",\"@id\":\"https:\\\/\\\/www.p31noticias.com.br\\\/?p=21635#breadcrumb\",\"itemListElement\":[{\"@type\":\"ListItem\",\"position\":1,\"name\":\"In\u00edcio\",\"item\":\"https:\\\/\\\/www.p31noticias.com.br\\\/\"},{\"@type\":\"ListItem\",\"position\":2,\"name\":\"Aprovado projeto que garante sal\u00e1rio m\u00ednimo para desempregados por causa do coronav\u00edrus\"}]},{\"@type\":\"WebSite\",\"@id\":\"https:\\\/\\\/www.p31noticias.com.br\\\/#website\",\"url\":\"https:\\\/\\\/www.p31noticias.com.br\\\/\",\"name\":\"P31\",\"description\":\"NOT\u00cdCIAS\",\"potentialAction\":[{\"@type\":\"SearchAction\",\"target\":{\"@type\":\"EntryPoint\",\"urlTemplate\":\"https:\\\/\\\/www.p31noticias.com.br\\\/?s={search_term_string}\"},\"query-input\":{\"@type\":\"PropertyValueSpecification\",\"valueRequired\":true,\"valueName\":\"search_term_string\"}}],\"inLanguage\":\"pt-BR\"},{\"@type\":\"Person\",\"@id\":\"https:\\\/\\\/www.p31noticias.com.br\\\/#\\\/schema\\\/person\\\/77d6b186c710ac38937c6ec204fdd387\",\"name\":\"Reda\u00e7\u00e3o JBN\",\"image\":{\"@type\":\"ImageObject\",\"inLanguage\":\"pt-BR\",\"@id\":\"https:\\\/\\\/secure.gravatar.com\\\/avatar\\\/10fcdb93211f98cce3d64c0795b0915a9a4a21dc0f279238995a3dbfafcad090?s=96&d=mm&r=g\",\"url\":\"https:\\\/\\\/secure.gravatar.com\\\/avatar\\\/10fcdb93211f98cce3d64c0795b0915a9a4a21dc0f279238995a3dbfafcad090?s=96&d=mm&r=g\",\"contentUrl\":\"https:\\\/\\\/secure.gravatar.com\\\/avatar\\\/10fcdb93211f98cce3d64c0795b0915a9a4a21dc0f279238995a3dbfafcad090?s=96&d=mm&r=g\",\"caption\":\"Reda\u00e7\u00e3o JBN\"},\"sameAs\":[\"https:\\\/\\\/p31noticias.com.br\"],\"url\":\"https:\\\/\\\/www.p31noticias.com.br\\\/?author=18\"}]}<\/script>\n<!-- \/ Yoast SEO Premium plugin. -->","yoast_head_json":{"title":"Aprovado projeto que garante sal\u00e1rio m\u00ednimo para desempregados por causa do coronav\u00edrus - P31","robots":{"index":"index","follow":"follow","max-snippet":"max-snippet:-1","max-image-preview":"max-image-preview:large","max-video-preview":"max-video-preview:-1"},"canonical":"https:\/\/www.p31noticias.com.br\/?p=21635","og_locale":"pt_BR","og_type":"article","og_title":"Aprovado projeto que garante sal\u00e1rio m\u00ednimo para desempregados por causa do coronav\u00edrus","og_description":"A medida vai beneficiar 7.550 pessoas do DF que perderam os empregos Nesta quarta-feira (8) foi aprovado em primeiro turno, no plen\u00e1rio da C\u00e2mara Legislativa, o projeto de lei complementar 35\/2020, de autoria do vice-presidente da Casa, deputado Delmasso (Republicanos-DF). O projeto cria o Benef\u00edcio Emergencial de Preserva\u00e7\u00e3o da Renda para os trabalhadores que foram [&hellip;]","og_url":"https:\/\/www.p31noticias.com.br\/?p=21635","og_site_name":"P31","article_published_time":"2020-04-09T14:26:46+00:00","og_image":[{"width":1120,"height":420,"url":"https:\/\/www.p31noticias.com.br\/wp-content\/uploads\/2020\/04\/dinheiro.jpg","type":"image\/jpeg"}],"author":"Reda\u00e7\u00e3o JBN","twitter_card":"summary_large_image","twitter_misc":{"Escrito por":"Reda\u00e7\u00e3o JBN","Est. tempo de leitura":"1 minuto"},"schema":{"@context":"https:\/\/schema.org","@graph":[{"@type":"Article","@id":"https:\/\/www.p31noticias.com.br\/?p=21635#article","isPartOf":{"@id":"https:\/\/www.p31noticias.com.br\/?p=21635"},"author":{"name":"Reda\u00e7\u00e3o JBN","@id":"https:\/\/www.p31noticias.com.br\/#\/schema\/person\/77d6b186c710ac38937c6ec204fdd387"},"headline":"Aprovado projeto que garante sal\u00e1rio m\u00ednimo para desempregados por causa do coronav\u00edrus","datePublished":"2020-04-09T14:26:46+00:00","mainEntityOfPage":{"@id":"https:\/\/www.p31noticias.com.br\/?p=21635"},"wordCount":302,"commentCount":0,"image":{"@id":"https:\/\/www.p31noticias.com.br\/?p=21635#primaryimage"},"thumbnailUrl":"https:\/\/www.p31noticias.com.br\/wp-content\/uploads\/2020\/04\/dinheiro.jpg","articleSection":["Outros"],"inLanguage":"pt-BR","potentialAction":[{"@type":"CommentAction","name":"Comment","target":["https:\/\/www.p31noticias.com.br\/?p=21635#respond"]}],"copyrightYear":"2020","copyrightHolder":{"@id":"https:\/\/www.p31noticias.com.br\/#organization"}},{"@type":"WebPage","@id":"https:\/\/www.p31noticias.com.br\/?p=21635","url":"https:\/\/www.p31noticias.com.br\/?p=21635","name":"Aprovado projeto que garante sal\u00e1rio m\u00ednimo para desempregados por causa do coronav\u00edrus - P31","isPartOf":{"@id":"https:\/\/www.p31noticias.com.br\/#website"},"primaryImageOfPage":{"@id":"https:\/\/www.p31noticias.com.br\/?p=21635#primaryimage"},"image":{"@id":"https:\/\/www.p31noticias.com.br\/?p=21635#primaryimage"},"thumbnailUrl":"https:\/\/www.p31noticias.com.br\/wp-content\/uploads\/2020\/04\/dinheiro.jpg","datePublished":"2020-04-09T14:26:46+00:00","author":{"@id":"https:\/\/www.p31noticias.com.br\/#\/schema\/person\/77d6b186c710ac38937c6ec204fdd387"},"breadcrumb":{"@id":"https:\/\/www.p31noticias.com.br\/?p=21635#breadcrumb"},"inLanguage":"pt-BR","potentialAction":[{"@type":"ReadAction","target":["https:\/\/www.p31noticias.com.br\/?p=21635"]}]},{"@type":"ImageObject","inLanguage":"pt-BR","@id":"https:\/\/www.p31noticias.com.br\/?p=21635#primaryimage","url":"https:\/\/www.p31noticias.com.br\/wp-content\/uploads\/2020\/04\/dinheiro.jpg","contentUrl":"https:\/\/www.p31noticias.com.br\/wp-content\/uploads\/2020\/04\/dinheiro.jpg","width":1120,"height":420},{"@type":"BreadcrumbList","@id":"https:\/\/www.p31noticias.com.br\/?p=21635#breadcrumb","itemListElement":[{"@type":"ListItem","position":1,"name":"In\u00edcio","item":"https:\/\/www.p31noticias.com.br\/"},{"@type":"ListItem","position":2,"name":"Aprovado projeto que garante sal\u00e1rio m\u00ednimo para desempregados por causa do coronav\u00edrus"}]},{"@type":"WebSite","@id":"https:\/\/www.p31noticias.com.br\/#website","url":"https:\/\/www.p31noticias.com.br\/","name":"P31","description":"NOT\u00cdCIAS","potentialAction":[{"@type":"SearchAction","target":{"@type":"EntryPoint","urlTemplate":"https:\/\/www.p31noticias.com.br\/?s={search_term_string}"},"query-input":{"@type":"PropertyValueSpecification","valueRequired":true,"valueName":"search_term_string"}}],"inLanguage":"pt-BR"},{"@type":"Person","@id":"https:\/\/www.p31noticias.com.br\/#\/schema\/person\/77d6b186c710ac38937c6ec204fdd387","name":"Reda\u00e7\u00e3o JBN","image":{"@type":"ImageObject","inLanguage":"pt-BR","@id":"https:\/\/secure.gravatar.com\/avatar\/10fcdb93211f98cce3d64c0795b0915a9a4a21dc0f279238995a3dbfafcad090?s=96&d=mm&r=g","url":"https:\/\/secure.gravatar.com\/avatar\/10fcdb93211f98cce3d64c0795b0915a9a4a21dc0f279238995a3dbfafcad090?s=96&d=mm&r=g","contentUrl":"https:\/\/secure.gravatar.com\/avatar\/10fcdb93211f98cce3d64c0795b0915a9a4a21dc0f279238995a3dbfafcad090?s=96&d=mm&r=g","caption":"Reda\u00e7\u00e3o JBN"},"sameAs":["https:\/\/p31noticias.com.br"],"url":"https:\/\/www.p31noticias.com.br\/?author=18"}]}},"amp_enabled":true,"_links":{"self":[{"href":"https:\/\/www.p31noticias.com.br\/index.php?rest_route=\/wp\/v2\/posts\/21635","targetHints":{"allow":["GET"]}}],"collection":[{"href":"https:\/\/www.p31noticias.com.br\/index.php?rest_route=\/wp\/v2\/posts"}],"about":[{"href":"https:\/\/www.p31noticias.com.br\/index.php?rest_route=\/wp\/v2\/types\/post"}],"author":[{"embeddable":true,"href":"https:\/\/www.p31noticias.com.br\/index.php?rest_route=\/wp\/v2\/users\/18"}],"replies":[{"embeddable":true,"href":"https:\/\/www.p31noticias.com.br\/index.php?rest_route=%2Fwp%2Fv2%2Fcomments&post=21635"}],"version-history":[{"count":0,"href":"https:\/\/www.p31noticias.com.br\/index.php?rest_route=\/wp\/v2\/posts\/21635\/revisions"}],"wp:featuredmedia":[{"embeddable":true,"href":"https:\/\/www.p31noticias.com.br\/index.php?rest_route=\/wp\/v2\/media\/21637"}],"wp:attachment":[{"href":"https:\/\/www.p31noticias.com.br\/index.php?rest_route=%2Fwp%2Fv2%2Fmedia&parent=21635"}],"wp:term":[{"taxonomy":"category","embeddable":true,"href":"https:\/\/www.p31noticias.com.br\/index.php?rest_route=%2Fwp%2Fv2%2Fcategories&post=21635"},{"taxonomy":"post_tag","embeddable":true,"href":"https:\/\/www.p31noticias.com.br\/index.php?rest_route=%2Fwp%2Fv2%2Ftags&post=21635"}],"curies":[{"name":"wp","href":"https:\/\/api.w.org\/{rel}","templated":true}]}}