{"id":21627,"date":"2020-04-08T11:31:46","date_gmt":"2020-04-08T14:31:46","guid":{"rendered":"https:\/\/jornaldoplanalto.com.br\/web\/?p=21627"},"modified":"2020-04-08T11:31:46","modified_gmt":"2020-04-08T14:31:46","slug":"rede-plaza-brasilia-apoia-os-moradores-da-capital-na-luta-contra-a-covid-19","status":"publish","type":"post","link":"https:\/\/www.p31noticias.com.br\/?p=21627","title":{"rendered":"Rede Plaza Bras\u00edlia apoia os moradores da capital na luta contra a Covid-19"},"content":{"rendered":"<p style=\"font-weight: 400;\"><strong><em>Manhattan Plaza escreve a palavra \u201cf\u00e9\u201d na fachada. Bras\u00edlia Palace, Kubitschek e St. Paul tamb\u00e9m organizam a\u00e7\u00f5es em prol da popula\u00e7\u00e3o<\/em><\/strong><\/p>\n<p style=\"font-weight: 400;\"><a href=\"https:\/\/www.delioandrade.com.br\/wp-content\/uploads\/2020\/04\/f\u00e92.jpeg\"><img loading=\"lazy\" decoding=\"async\" class=\"alignright size-full wp-image-21628\" src=\"https:\/\/www.delioandrade.com.br\/wp-content\/uploads\/2020\/04\/f\u00e92.jpeg\" alt=\"\" width=\"429\" height=\"640\" srcset=\"https:\/\/www.p31noticias.com.br\/wp-content\/uploads\/2020\/04\/f\u00e92.jpeg 429w, https:\/\/www.p31noticias.com.br\/wp-content\/uploads\/2020\/04\/f\u00e92-201x300.jpeg 201w, https:\/\/www.p31noticias.com.br\/wp-content\/uploads\/2020\/04\/f\u00e92-282x420.jpeg 282w\" sizes=\"auto, (max-width: 429px) 100vw, 429px\" \/><\/a>F\u00e9. Palavra pequena, mas com um significado imenso. E ela vai emoldurar a fachada do Manhattan Plaza todas as noites desta semana, em uma mensagem de confian\u00e7a. A ideia de usar os quartos do hotel, que est\u00e1 fechado, para transmitir o recado foi do gerente-geral, Paulo Roberto de Souza Eiras. \u201cCom f\u00e9 e pensamento otimista vamos sair juntos e fortes dessa situa\u00e7\u00e3o\u201d, avalia.<\/p>\n<p style=\"font-weight: 400;\">O Manhattan Plaza suspendeu as opera\u00e7\u00f5es no final de mar\u00e7o \u2013 e pode ser usado em programas do GDF, como o Bras\u00edlia Palace, tamb\u00e9m integrante da rede, que j\u00e1 foi cedido ao GDF pelo empres\u00e1rio Paulo Octavio. Durante toda esta semana, o supervisor-geral da Rede Plaza Bras\u00edlia, Andr\u00e9 Octavio\u00a0Kubitschek, promete acender as luzes na mesma hora, para iluminar os caminhos dos brasilienses. \u201cEssa \u00e9 uma atitude de carinho de nossa equipe para com os moradores em visitantes da capital de todos os brasileiros\u201d, afirma.<\/p>\n<p style=\"font-weight: 400;\"><strong>Kubitschek e St Paul Plaza<\/strong><\/p>\n<p style=\"font-weight: 400;\">Para ajudar profissionais de sa\u00fade e idosos na batalha contra a expans\u00e3o do Coronav\u00edrus, o Kubitschek Plaza Hotel e o St. Paul Plaza oferecem 50% de desconto para profissionais da \u00e1rea de sa\u00fade durante a pandemia de Covid-19.\u00a0 A a\u00e7\u00e3o visa garantir a eles um descanso melhor. Como v\u00e1rios est\u00e3o com hor\u00e1rios diferenciados, e com pessoas de suas fam\u00edlias trabalhando em home office, muitos n\u00e3o conseguem descansar quando est\u00e3o em casa. Para facilitar o repouso, os hot\u00e9is separaram um andar exclusivo para profissionais de sa\u00fade. Para ter direito ao desconto \u00e9 s\u00f3 fazer a reserva direto em cada hotel e apresentar alguma identifica\u00e7\u00e3o que indique pertencer \u00e0 \u00e1rea.<\/p>\n<p style=\"font-weight: 400;\">\u00c9 importante salientar que foram tomadas todas as medidas de preven\u00e7\u00e3o em suas instala\u00e7\u00f5es. Brigadistas trabalham em esquema de rod\u00edzio nas 24h, com term\u00f4metros que evitam contato f\u00edsico, para aferir a temperatura dos h\u00f3spedes. As \u00e1reas sociais s\u00e3o limpas constantemente com produtos \u00e0 base de cloro e \u00e1lcool 70%. A lavanderia industrial usa apenas \u00e1gua em alta temperatura e foi um colocado um vidro blindex no check-in, para evitar qualquer contato da equipe com o h\u00f3spede.<\/p>\n<p style=\"font-weight: 400;\"><strong>Bras\u00edlia Palace<\/strong><\/p>\n<p style=\"font-weight: 400;\">Desocupado desde 30 de mar\u00e7o, o Bras\u00edlia Palace foi cedido ao GDF e, em conjunto com as Secretarias de Justi\u00e7a e Cidadania, de Seguran\u00e7a P\u00fablica e de Sa\u00fade do DF, vai oferecer moradia a idosos que vivem em condi\u00e7\u00f5es inadequadas durante a pandemia. Ele far\u00e1 parte de um projeto-piloto j\u00e1 em andamento, que vai cadastrar, na pasta da Justi\u00e7a e Cidadania (Sejus), 300 idosos que ser\u00e3o encaminhados ao Bras\u00edlia Palace. Todos ser\u00e3o examinados por profissionais da Secretaria de Sa\u00fade, que oferecer\u00e1 cuidados m\u00e9dicos no isolamento. O projeto \u201cHotelaria Solid\u00e1ria\u201d integra o programa \u201cSua Vida Vale Muito\u201d, e conta com o apoio da Secretaria de Seguran\u00e7a P\u00fablica, respons\u00e1vel pelo cadastro dos idosos.<\/p>\n<p style=\"font-weight: 400;\">O projeto prev\u00ea a utiliza\u00e7\u00e3o dos 150 apartamentos com servi\u00e7os por tr\u00eas meses. A parceria do GDF com a Rede Plaza Bras\u00edlia prev\u00ea uma tarifa solid\u00e1ria. No Bras\u00edlia Palace estar\u00e3o abrigados apenas idosos, sem que haja outros h\u00f3spedes no local, para garantir o isolamento social desse p\u00fablico. A unidade vai seguir todos os protocolos de sa\u00fade e seguran\u00e7a definidos pelo GDF.<\/p>\n","protected":false},"excerpt":{"rendered":"<p>Manhattan Plaza escreve a palavra \u201cf\u00e9\u201d na fachada. Bras\u00edlia Palace, Kubitschek e St. Paul tamb\u00e9m organizam a\u00e7\u00f5es em prol da popula\u00e7\u00e3o F\u00e9. Palavra pequena, mas com um significado imenso. E ela vai emoldurar a fachada do Manhattan Plaza todas as noites desta semana, em uma mensagem de confian\u00e7a. A ideia de usar os quartos do [&hellip;]<\/p>\n","protected":false},"author":18,"featured_media":21629,"comment_status":"open","ping_status":"open","sticky":false,"template":"","format":"standard","meta":{"footnotes":""},"categories":[124],"tags":[],"class_list":{"0":"post-21627","1":"post","2":"type-post","3":"status-publish","4":"format-standard","5":"has-post-thumbnail","7":"category-saude"},"yoast_head":"<!-- This site is optimized with the Yoast SEO Premium plugin v24.5 (Yoast SEO v27.5) - https:\/\/yoast.com\/product\/yoast-seo-premium-wordpress\/ -->\n<title>Rede Plaza Bras\u00edlia apoia os moradores da capital na luta contra a Covid-19 - P31<\/title>\n<meta name=\"robots\" content=\"index, follow, max-snippet:-1, max-image-preview:large, max-video-preview:-1\" \/>\n<link rel=\"canonical\" href=\"https:\/\/www.p31noticias.com.br\/?p=21627\" \/>\n<meta property=\"og:locale\" content=\"pt_BR\" \/>\n<meta property=\"og:type\" content=\"article\" \/>\n<meta property=\"og:title\" content=\"Rede Plaza Bras\u00edlia apoia os moradores da capital na luta contra a Covid-19\" \/>\n<meta property=\"og:description\" content=\"Manhattan Plaza escreve a palavra \u201cf\u00e9\u201d na fachada. Bras\u00edlia Palace, Kubitschek e St. Paul tamb\u00e9m organizam a\u00e7\u00f5es em prol da popula\u00e7\u00e3o F\u00e9. Palavra pequena, mas com um significado imenso. E ela vai emoldurar a fachada do Manhattan Plaza todas as noites desta semana, em uma mensagem de confian\u00e7a. A ideia de usar os quartos do [&hellip;]\" \/>\n<meta property=\"og:url\" content=\"https:\/\/www.p31noticias.com.br\/?p=21627\" \/>\n<meta property=\"og:site_name\" content=\"P31\" \/>\n<meta property=\"article:published_time\" content=\"2020-04-08T14:31:46+00:00\" \/>\n<meta property=\"og:image\" content=\"https:\/\/www.p31noticias.com.br\/wp-content\/uploads\/2020\/04\/f\u00e9.jpeg\" \/>\n\t<meta property=\"og:image:width\" content=\"800\" \/>\n\t<meta property=\"og:image:height\" content=\"508\" \/>\n\t<meta property=\"og:image:type\" content=\"image\/jpeg\" \/>\n<meta name=\"author\" content=\"Reda\u00e7\u00e3o JBN\" \/>\n<meta name=\"twitter:card\" content=\"summary_large_image\" \/>\n<meta name=\"twitter:label1\" content=\"Escrito por\" \/>\n\t<meta name=\"twitter:data1\" content=\"Reda\u00e7\u00e3o JBN\" \/>\n\t<meta name=\"twitter:label2\" content=\"Est. tempo de leitura\" \/>\n\t<meta name=\"twitter:data2\" content=\"3 minutos\" \/>\n<script type=\"application\/ld+json\" class=\"yoast-schema-graph\">{\"@context\":\"https:\\\/\\\/schema.org\",\"@graph\":[{\"@type\":\"Article\",\"@id\":\"https:\\\/\\\/www.p31noticias.com.br\\\/?p=21627#article\",\"isPartOf\":{\"@id\":\"https:\\\/\\\/www.p31noticias.com.br\\\/?p=21627\"},\"author\":{\"name\":\"Reda\u00e7\u00e3o JBN\",\"@id\":\"https:\\\/\\\/www.p31noticias.com.br\\\/#\\\/schema\\\/person\\\/77d6b186c710ac38937c6ec204fdd387\"},\"headline\":\"Rede Plaza Bras\u00edlia apoia os moradores da capital na luta contra a Covid-19\",\"datePublished\":\"2020-04-08T14:31:46+00:00\",\"mainEntityOfPage\":{\"@id\":\"https:\\\/\\\/www.p31noticias.com.br\\\/?p=21627\"},\"wordCount\":598,\"commentCount\":0,\"image\":{\"@id\":\"https:\\\/\\\/www.p31noticias.com.br\\\/?p=21627#primaryimage\"},\"thumbnailUrl\":\"https:\\\/\\\/www.p31noticias.com.br\\\/wp-content\\\/uploads\\\/2020\\\/04\\\/f\u00e9.jpeg\",\"articleSection\":[\"Sa\u00fade\"],\"inLanguage\":\"pt-BR\",\"potentialAction\":[{\"@type\":\"CommentAction\",\"name\":\"Comment\",\"target\":[\"https:\\\/\\\/www.p31noticias.com.br\\\/?p=21627#respond\"]}],\"copyrightYear\":\"2020\",\"copyrightHolder\":{\"@id\":\"https:\\\/\\\/www.p31noticias.com.br\\\/#organization\"}},{\"@type\":\"WebPage\",\"@id\":\"https:\\\/\\\/www.p31noticias.com.br\\\/?p=21627\",\"url\":\"https:\\\/\\\/www.p31noticias.com.br\\\/?p=21627\",\"name\":\"Rede Plaza Bras\u00edlia apoia os moradores da capital na luta contra a Covid-19 - P31\",\"isPartOf\":{\"@id\":\"https:\\\/\\\/www.p31noticias.com.br\\\/#website\"},\"primaryImageOfPage\":{\"@id\":\"https:\\\/\\\/www.p31noticias.com.br\\\/?p=21627#primaryimage\"},\"image\":{\"@id\":\"https:\\\/\\\/www.p31noticias.com.br\\\/?p=21627#primaryimage\"},\"thumbnailUrl\":\"https:\\\/\\\/www.p31noticias.com.br\\\/wp-content\\\/uploads\\\/2020\\\/04\\\/f\u00e9.jpeg\",\"datePublished\":\"2020-04-08T14:31:46+00:00\",\"author\":{\"@id\":\"https:\\\/\\\/www.p31noticias.com.br\\\/#\\\/schema\\\/person\\\/77d6b186c710ac38937c6ec204fdd387\"},\"breadcrumb\":{\"@id\":\"https:\\\/\\\/www.p31noticias.com.br\\\/?p=21627#breadcrumb\"},\"inLanguage\":\"pt-BR\",\"potentialAction\":[{\"@type\":\"ReadAction\",\"target\":[\"https:\\\/\\\/www.p31noticias.com.br\\\/?p=21627\"]}]},{\"@type\":\"ImageObject\",\"inLanguage\":\"pt-BR\",\"@id\":\"https:\\\/\\\/www.p31noticias.com.br\\\/?p=21627#primaryimage\",\"url\":\"https:\\\/\\\/www.p31noticias.com.br\\\/wp-content\\\/uploads\\\/2020\\\/04\\\/f\u00e9.jpeg\",\"contentUrl\":\"https:\\\/\\\/www.p31noticias.com.br\\\/wp-content\\\/uploads\\\/2020\\\/04\\\/f\u00e9.jpeg\",\"width\":800,\"height\":508},{\"@type\":\"BreadcrumbList\",\"@id\":\"https:\\\/\\\/www.p31noticias.com.br\\\/?p=21627#breadcrumb\",\"itemListElement\":[{\"@type\":\"ListItem\",\"position\":1,\"name\":\"In\u00edcio\",\"item\":\"https:\\\/\\\/www.p31noticias.com.br\\\/\"},{\"@type\":\"ListItem\",\"position\":2,\"name\":\"Rede Plaza Bras\u00edlia apoia os moradores da capital na luta contra a Covid-19\"}]},{\"@type\":\"WebSite\",\"@id\":\"https:\\\/\\\/www.p31noticias.com.br\\\/#website\",\"url\":\"https:\\\/\\\/www.p31noticias.com.br\\\/\",\"name\":\"P31\",\"description\":\"NOT\u00cdCIAS\",\"potentialAction\":[{\"@type\":\"SearchAction\",\"target\":{\"@type\":\"EntryPoint\",\"urlTemplate\":\"https:\\\/\\\/www.p31noticias.com.br\\\/?s={search_term_string}\"},\"query-input\":{\"@type\":\"PropertyValueSpecification\",\"valueRequired\":true,\"valueName\":\"search_term_string\"}}],\"inLanguage\":\"pt-BR\"},{\"@type\":\"Person\",\"@id\":\"https:\\\/\\\/www.p31noticias.com.br\\\/#\\\/schema\\\/person\\\/77d6b186c710ac38937c6ec204fdd387\",\"name\":\"Reda\u00e7\u00e3o JBN\",\"image\":{\"@type\":\"ImageObject\",\"inLanguage\":\"pt-BR\",\"@id\":\"https:\\\/\\\/secure.gravatar.com\\\/avatar\\\/10fcdb93211f98cce3d64c0795b0915a9a4a21dc0f279238995a3dbfafcad090?s=96&d=mm&r=g\",\"url\":\"https:\\\/\\\/secure.gravatar.com\\\/avatar\\\/10fcdb93211f98cce3d64c0795b0915a9a4a21dc0f279238995a3dbfafcad090?s=96&d=mm&r=g\",\"contentUrl\":\"https:\\\/\\\/secure.gravatar.com\\\/avatar\\\/10fcdb93211f98cce3d64c0795b0915a9a4a21dc0f279238995a3dbfafcad090?s=96&d=mm&r=g\",\"caption\":\"Reda\u00e7\u00e3o JBN\"},\"sameAs\":[\"https:\\\/\\\/p31noticias.com.br\"],\"url\":\"https:\\\/\\\/www.p31noticias.com.br\\\/?author=18\"}]}<\/script>\n<!-- \/ Yoast SEO Premium plugin. -->","yoast_head_json":{"title":"Rede Plaza Bras\u00edlia apoia os moradores da capital na luta contra a Covid-19 - P31","robots":{"index":"index","follow":"follow","max-snippet":"max-snippet:-1","max-image-preview":"max-image-preview:large","max-video-preview":"max-video-preview:-1"},"canonical":"https:\/\/www.p31noticias.com.br\/?p=21627","og_locale":"pt_BR","og_type":"article","og_title":"Rede Plaza Bras\u00edlia apoia os moradores da capital na luta contra a Covid-19","og_description":"Manhattan Plaza escreve a palavra \u201cf\u00e9\u201d na fachada. Bras\u00edlia Palace, Kubitschek e St. Paul tamb\u00e9m organizam a\u00e7\u00f5es em prol da popula\u00e7\u00e3o F\u00e9. Palavra pequena, mas com um significado imenso. E ela vai emoldurar a fachada do Manhattan Plaza todas as noites desta semana, em uma mensagem de confian\u00e7a. A ideia de usar os quartos do [&hellip;]","og_url":"https:\/\/www.p31noticias.com.br\/?p=21627","og_site_name":"P31","article_published_time":"2020-04-08T14:31:46+00:00","og_image":[{"width":800,"height":508,"url":"https:\/\/www.p31noticias.com.br\/wp-content\/uploads\/2020\/04\/f\u00e9.jpeg","type":"image\/jpeg"}],"author":"Reda\u00e7\u00e3o JBN","twitter_card":"summary_large_image","twitter_misc":{"Escrito por":"Reda\u00e7\u00e3o JBN","Est. tempo de leitura":"3 minutos"},"schema":{"@context":"https:\/\/schema.org","@graph":[{"@type":"Article","@id":"https:\/\/www.p31noticias.com.br\/?p=21627#article","isPartOf":{"@id":"https:\/\/www.p31noticias.com.br\/?p=21627"},"author":{"name":"Reda\u00e7\u00e3o JBN","@id":"https:\/\/www.p31noticias.com.br\/#\/schema\/person\/77d6b186c710ac38937c6ec204fdd387"},"headline":"Rede Plaza Bras\u00edlia apoia os moradores da capital na luta contra a Covid-19","datePublished":"2020-04-08T14:31:46+00:00","mainEntityOfPage":{"@id":"https:\/\/www.p31noticias.com.br\/?p=21627"},"wordCount":598,"commentCount":0,"image":{"@id":"https:\/\/www.p31noticias.com.br\/?p=21627#primaryimage"},"thumbnailUrl":"https:\/\/www.p31noticias.com.br\/wp-content\/uploads\/2020\/04\/f\u00e9.jpeg","articleSection":["Sa\u00fade"],"inLanguage":"pt-BR","potentialAction":[{"@type":"CommentAction","name":"Comment","target":["https:\/\/www.p31noticias.com.br\/?p=21627#respond"]}],"copyrightYear":"2020","copyrightHolder":{"@id":"https:\/\/www.p31noticias.com.br\/#organization"}},{"@type":"WebPage","@id":"https:\/\/www.p31noticias.com.br\/?p=21627","url":"https:\/\/www.p31noticias.com.br\/?p=21627","name":"Rede Plaza Bras\u00edlia apoia os moradores da capital na luta contra a Covid-19 - P31","isPartOf":{"@id":"https:\/\/www.p31noticias.com.br\/#website"},"primaryImageOfPage":{"@id":"https:\/\/www.p31noticias.com.br\/?p=21627#primaryimage"},"image":{"@id":"https:\/\/www.p31noticias.com.br\/?p=21627#primaryimage"},"thumbnailUrl":"https:\/\/www.p31noticias.com.br\/wp-content\/uploads\/2020\/04\/f\u00e9.jpeg","datePublished":"2020-04-08T14:31:46+00:00","author":{"@id":"https:\/\/www.p31noticias.com.br\/#\/schema\/person\/77d6b186c710ac38937c6ec204fdd387"},"breadcrumb":{"@id":"https:\/\/www.p31noticias.com.br\/?p=21627#breadcrumb"},"inLanguage":"pt-BR","potentialAction":[{"@type":"ReadAction","target":["https:\/\/www.p31noticias.com.br\/?p=21627"]}]},{"@type":"ImageObject","inLanguage":"pt-BR","@id":"https:\/\/www.p31noticias.com.br\/?p=21627#primaryimage","url":"https:\/\/www.p31noticias.com.br\/wp-content\/uploads\/2020\/04\/f\u00e9.jpeg","contentUrl":"https:\/\/www.p31noticias.com.br\/wp-content\/uploads\/2020\/04\/f\u00e9.jpeg","width":800,"height":508},{"@type":"BreadcrumbList","@id":"https:\/\/www.p31noticias.com.br\/?p=21627#breadcrumb","itemListElement":[{"@type":"ListItem","position":1,"name":"In\u00edcio","item":"https:\/\/www.p31noticias.com.br\/"},{"@type":"ListItem","position":2,"name":"Rede Plaza Bras\u00edlia apoia os moradores da capital na luta contra a Covid-19"}]},{"@type":"WebSite","@id":"https:\/\/www.p31noticias.com.br\/#website","url":"https:\/\/www.p31noticias.com.br\/","name":"P31","description":"NOT\u00cdCIAS","potentialAction":[{"@type":"SearchAction","target":{"@type":"EntryPoint","urlTemplate":"https:\/\/www.p31noticias.com.br\/?s={search_term_string}"},"query-input":{"@type":"PropertyValueSpecification","valueRequired":true,"valueName":"search_term_string"}}],"inLanguage":"pt-BR"},{"@type":"Person","@id":"https:\/\/www.p31noticias.com.br\/#\/schema\/person\/77d6b186c710ac38937c6ec204fdd387","name":"Reda\u00e7\u00e3o JBN","image":{"@type":"ImageObject","inLanguage":"pt-BR","@id":"https:\/\/secure.gravatar.com\/avatar\/10fcdb93211f98cce3d64c0795b0915a9a4a21dc0f279238995a3dbfafcad090?s=96&d=mm&r=g","url":"https:\/\/secure.gravatar.com\/avatar\/10fcdb93211f98cce3d64c0795b0915a9a4a21dc0f279238995a3dbfafcad090?s=96&d=mm&r=g","contentUrl":"https:\/\/secure.gravatar.com\/avatar\/10fcdb93211f98cce3d64c0795b0915a9a4a21dc0f279238995a3dbfafcad090?s=96&d=mm&r=g","caption":"Reda\u00e7\u00e3o JBN"},"sameAs":["https:\/\/p31noticias.com.br"],"url":"https:\/\/www.p31noticias.com.br\/?author=18"}]}},"amp_enabled":true,"_links":{"self":[{"href":"https:\/\/www.p31noticias.com.br\/index.php?rest_route=\/wp\/v2\/posts\/21627","targetHints":{"allow":["GET"]}}],"collection":[{"href":"https:\/\/www.p31noticias.com.br\/index.php?rest_route=\/wp\/v2\/posts"}],"about":[{"href":"https:\/\/www.p31noticias.com.br\/index.php?rest_route=\/wp\/v2\/types\/post"}],"author":[{"embeddable":true,"href":"https:\/\/www.p31noticias.com.br\/index.php?rest_route=\/wp\/v2\/users\/18"}],"replies":[{"embeddable":true,"href":"https:\/\/www.p31noticias.com.br\/index.php?rest_route=%2Fwp%2Fv2%2Fcomments&post=21627"}],"version-history":[{"count":0,"href":"https:\/\/www.p31noticias.com.br\/index.php?rest_route=\/wp\/v2\/posts\/21627\/revisions"}],"wp:featuredmedia":[{"embeddable":true,"href":"https:\/\/www.p31noticias.com.br\/index.php?rest_route=\/wp\/v2\/media\/21629"}],"wp:attachment":[{"href":"https:\/\/www.p31noticias.com.br\/index.php?rest_route=%2Fwp%2Fv2%2Fmedia&parent=21627"}],"wp:term":[{"taxonomy":"category","embeddable":true,"href":"https:\/\/www.p31noticias.com.br\/index.php?rest_route=%2Fwp%2Fv2%2Fcategories&post=21627"},{"taxonomy":"post_tag","embeddable":true,"href":"https:\/\/www.p31noticias.com.br\/index.php?rest_route=%2Fwp%2Fv2%2Ftags&post=21627"}],"curies":[{"name":"wp","href":"https:\/\/api.w.org\/{rel}","templated":true}]}}