{"id":21619,"date":"2020-04-07T17:08:34","date_gmt":"2020-04-07T20:08:34","guid":{"rendered":"https:\/\/jornaldoplanalto.com.br\/web\/?p=21619"},"modified":"2020-04-07T17:08:34","modified_gmt":"2020-04-07T20:08:34","slug":"emater-df-comemora-42-anos-com-crescimento-na-producao-agropecuaria-da-capital","status":"publish","type":"post","link":"https:\/\/www.p31noticias.com.br\/?p=21619","title":{"rendered":"Emater-DF comemora 42 anos com crescimento na produ\u00e7\u00e3o agropecu\u00e1ria da capital"},"content":{"rendered":"<p>Nascida em 1978, a Empresa de Assist\u00eancia T\u00e9cnica e Extens\u00e3o Rural do Distrito Federal (Emater-DF) completa 42 anos nesta ter\u00e7a-feira (7) celebrando ao mesmo tempo um aumento de 19% no Valor Bruto de Produ\u00e7\u00e3o (VBP) \u2013 de R$ 2,442 bilh\u00f5es em 2018 para R$ 2,907 bilh\u00f5es em 2019. Conquistas como o aumento de 100 % no n\u00famero de capacita\u00e7\u00f5es realizadas pela Emater-DF em 2019, na compara\u00e7\u00e3o com o ano anterior, tamb\u00e9m s\u00e3o comemoradas com orgulho nesta data.<\/p>\n<p><a href=\"https:\/\/www.delioandrade.com.br\/wp-content\/uploads\/2020\/04\/emater-mosaico-42.jpg\"><img loading=\"lazy\" decoding=\"async\" class=\"aligncenter wp-image-21620 size-full\" src=\"https:\/\/www.delioandrade.com.br\/wp-content\/uploads\/2020\/04\/emater-mosaico-42.jpg\" alt=\"\" width=\"600\" height=\"640\" srcset=\"https:\/\/www.p31noticias.com.br\/wp-content\/uploads\/2020\/04\/emater-mosaico-42.jpg 600w, https:\/\/www.p31noticias.com.br\/wp-content\/uploads\/2020\/04\/emater-mosaico-42-281x300.jpg 281w, https:\/\/www.p31noticias.com.br\/wp-content\/uploads\/2020\/04\/emater-mosaico-42-394x420.jpg 394w\" sizes=\"auto, (max-width: 600px) 100vw, 600px\" \/><\/a><\/p>\n<p>\u201cEssa \u00e9 uma data superespecial. S\u00e3o 42 anos lutando pelo desenvolvimento rural sustent\u00e1vel do Distrito Federal. Tenho muito orgulho de fazer parte desse quadro de profissionais que fazem acontecer, que vestem a camisa da empresa e transformam vidas nas \u00e1reas rurais da nossa capital\u201d, afirmou a presidente da Emater-DF, Denise Fonseca.<\/p>\n<p>Nestes 42 anos, a Emater-DF, juntamente com diversos parceiros que acreditam na agricultura local, tem atuado na promo\u00e7\u00e3o do desenvolvimento rural sustent\u00e1vel e da seguran\u00e7a alimentar, prestando assist\u00eancia t\u00e9cnica e extens\u00e3o rural a mais de 11 mil produtores do DF, principalmente a pequenos e m\u00e9dios agricultores, respons\u00e1veis por boa parte dos alimentos que chegam \u00e0s mesas dos moradores de Bras\u00edlia.<\/p>\n<p>No \u00faltimo ano, tivemos ainda um recorde no n\u00famero de atendimentos a produtores. Foram 180 mil atendimentos por meio de a\u00e7\u00f5es como oficinas, cursos, visitas t\u00e9cnicas, dias de campo e reuni\u00f5es t\u00e9cnicas.<\/p>\n<p>\u201cA atua\u00e7\u00e3o da Emater-DF, com aux\u00edlio de muitos parceiros, contribui para o desenvolvimento de uma Bras\u00edlia sustent\u00e1vel, com alta produ\u00e7\u00e3o de alimentos de qualidade e contribuindo com o desenvolvimento social no campo\u201d, ressalta Denise. \u201cTodo esse trabalho de nossos extensionistas, colaboradores e produtores rurais se reverte em sa\u00fade, emprego e renda no campo. \u00c9 uma honra fazer parte disso.\u201d<\/p>\n<p>O Distrito Federal tem uma \u00e1rea total de 578 mil hectares, dos quais 404 mil (70% do total) est\u00e3o na \u00e1rea rural e 345 mil s\u00e3o pr\u00f3prios para a agricultura e pecu\u00e1ria. Na \u00e1rea rural, vivem 87,9 mil pessoas. Gra\u00e7as \u00e0 ajuda dos t\u00e9cnicos da empresa, de outros \u00f3rg\u00e3os do governo envolvidos com a agricultura local e das pol\u00edticas p\u00fablicas que fomentam o setor, o DF \u00e9 a unidade da federa\u00e7\u00e3o com uma das maiores produtividades agr\u00edcolas por hectare plantado, mesmo ainda havendo \u00e1rea livre para plantio.<\/p>\n<p>De acordo com o VBP, que \u00e9 um indicador que mostra o desempenho das safras agr\u00edcola e pecu\u00e1ria do DF, a renda com a produ\u00e7\u00e3o de alface, por exemplo, saltou de R$ 67 milh\u00f5es em 2018 para R$ 96 milh\u00f5es em 2019, e a do morango, de R$ 43 milh\u00f5es para R$ 74 milh\u00f5es. Atualmente, 70% da produ\u00e7\u00e3o do DF \u00e9 gerado por pequenos produtores assistidos tamb\u00e9m pela Emater-DF.<\/p>\n<p>A atua\u00e7\u00e3o da empresa, por\u00e9m, vai muito al\u00e9m do aux\u00edlio na produ\u00e7\u00e3o. Os extensionistas atuam no desenvolvimento social, na constru\u00e7\u00e3o e implanta\u00e7\u00e3o de pol\u00edticas p\u00fablicas e na orienta\u00e7\u00e3o para que os produtores adotem pr\u00e1ticas sustent\u00e1veis de preserva\u00e7\u00e3o ambiental. Na implanta\u00e7\u00e3o de energia fotovoltaica em propriedades, por exemplo, a empresa atua com orienta\u00e7\u00e3o, viabiliza\u00e7\u00e3o e assist\u00eancia t\u00e9cnica.<\/p>\n<p><strong>Capacita\u00e7\u00e3o<\/strong><br \/>\nA Emater-DF aumentou em 100% o n\u00famero de capacita\u00e7\u00f5es em 2019, na compara\u00e7\u00e3o com o ano anterior. Ao todo, com atividades pr\u00f3prias e a\u00e7\u00f5es em parceria com institui\u00e7\u00f5es como Secretaria de Agricultura (Seagri-DF), Ceasa-DF, cooperativas, associa\u00e7\u00f5es, escolas e os escrit\u00f3rios locais da empresa, foram 12 mil produtores, entidades e moradores da \u00e1rea urbana atendidos pela empresa. Em 2018 esse n\u00famero ficou em 5.959.<\/p>\n<p>Por meio do programa Filhos deste Solo, pouco mais de 200 jovens participaram de curso de empreendedorismo visando a sucess\u00e3o de seus pais no campo e garantindo a produ\u00e7\u00e3o de alimento. V\u00e1rias outras iniciativas est\u00e3o em andamento, como projetos para a expans\u00e3o das cadeias de floricultura, piscicultura e fruticultura, por exemplo. Todas as propostas integram o Plano Estrat\u00e9gico do Governo do Distrito Federal.<\/p>\n<p>Todo o trabalho de assist\u00eancia t\u00e9cnica e extens\u00e3o rural junto ao produtor tem contribu\u00eddo para gera\u00e7\u00e3o de emprego e renda no campo. Nos \u00faltimos anos, a empresa tem se empenhado para criar alternativas para atender cada vez mais os assentamentos, fazer a inclus\u00e3o das mulheres no processo produtivo e criar possibilidades de interc\u00e2mbios t\u00e9cnicos como troca de experi\u00eancias e aprendizado.<\/p>\n<p>Seja na horticultura, nos gr\u00e3os, na floricultura ou na avicultura, o DF \u00e9 polo agropecu\u00e1rio que possui altas produtividades em diversas culturas e tem se destacado em produ\u00e7\u00e3o de conhecimento cient\u00edfico para o Brasil e se tornado exemplo para outros pa\u00edses. \u00c9 comum a empresa receber comitivas de embaixadores e t\u00e9cnicos de outros pa\u00edses interessados em conhecer o trabalho da empresa junto aos produtores rurais.<\/p>\n<p>Com uma ampla cobertura da Emater-DF, em todas as regi\u00f5es administrativas, os produtores rurais contam com o apoio de uma equipe multidisciplinar composta por profissionais das ci\u00eancias agr\u00e1rias e ambientais, ci\u00eancias sociais e humanas, tecnologia da informa\u00e7\u00e3o, engenharia, educa\u00e7\u00e3o, comunica\u00e7\u00e3o e de outras \u00e1reas que compartilham as novidades geradas pela pesquisa, inova\u00e7\u00f5es e pol\u00edticas p\u00fablicas aos agricultores, fam\u00edlias e organiza\u00e7\u00f5es.<\/p>\n","protected":false},"excerpt":{"rendered":"<p>Nascida em 1978, a Empresa de Assist\u00eancia T\u00e9cnica e Extens\u00e3o Rural do Distrito Federal (Emater-DF) completa 42 anos nesta ter\u00e7a-feira (7) celebrando ao mesmo tempo um aumento de 19% no Valor Bruto de Produ\u00e7\u00e3o (VBP) \u2013 de R$ 2,442 bilh\u00f5es em 2018 para R$ 2,907 bilh\u00f5es em 2019. Conquistas como o aumento de 100 % [&hellip;]<\/p>\n","protected":false},"author":18,"featured_media":21621,"comment_status":"open","ping_status":"open","sticky":false,"template":"","format":"standard","meta":{"footnotes":""},"categories":[1],"tags":[],"class_list":{"0":"post-21619","1":"post","2":"type-post","3":"status-publish","4":"format-standard","5":"has-post-thumbnail","7":"category-outros"},"yoast_head":"<!-- This site is optimized with the Yoast SEO Premium plugin v24.5 (Yoast SEO v27.5) - https:\/\/yoast.com\/product\/yoast-seo-premium-wordpress\/ -->\n<title>Emater-DF comemora 42 anos com crescimento na produ\u00e7\u00e3o agropecu\u00e1ria da capital - P31<\/title>\n<meta name=\"robots\" content=\"index, follow, max-snippet:-1, max-image-preview:large, max-video-preview:-1\" \/>\n<link rel=\"canonical\" href=\"https:\/\/www.p31noticias.com.br\/?p=21619\" \/>\n<meta property=\"og:locale\" content=\"pt_BR\" \/>\n<meta property=\"og:type\" content=\"article\" \/>\n<meta property=\"og:title\" content=\"Emater-DF comemora 42 anos com crescimento na produ\u00e7\u00e3o agropecu\u00e1ria da capital\" \/>\n<meta property=\"og:description\" content=\"Nascida em 1978, a Empresa de Assist\u00eancia T\u00e9cnica e Extens\u00e3o Rural do Distrito Federal (Emater-DF) completa 42 anos nesta ter\u00e7a-feira (7) celebrando ao mesmo tempo um aumento de 19% no Valor Bruto de Produ\u00e7\u00e3o (VBP) \u2013 de R$ 2,442 bilh\u00f5es em 2018 para R$ 2,907 bilh\u00f5es em 2019. Conquistas como o aumento de 100 % [&hellip;]\" \/>\n<meta property=\"og:url\" content=\"https:\/\/www.p31noticias.com.br\/?p=21619\" \/>\n<meta property=\"og:site_name\" content=\"P31\" \/>\n<meta property=\"article:published_time\" content=\"2020-04-07T20:08:34+00:00\" \/>\n<meta property=\"og:image\" content=\"https:\/\/www.p31noticias.com.br\/wp-content\/uploads\/2020\/04\/capacita\u00e7\u00e3o_org-1-e1565809323126.jpg\" \/>\n\t<meta property=\"og:image:width\" content=\"800\" \/>\n\t<meta property=\"og:image:height\" content=\"448\" \/>\n\t<meta property=\"og:image:type\" content=\"image\/jpeg\" \/>\n<meta name=\"author\" content=\"Reda\u00e7\u00e3o JBN\" \/>\n<meta name=\"twitter:card\" content=\"summary_large_image\" \/>\n<meta name=\"twitter:label1\" content=\"Escrito por\" \/>\n\t<meta name=\"twitter:data1\" content=\"Reda\u00e7\u00e3o JBN\" \/>\n\t<meta name=\"twitter:label2\" content=\"Est. tempo de leitura\" \/>\n\t<meta name=\"twitter:data2\" content=\"4 minutos\" \/>\n<script type=\"application\/ld+json\" class=\"yoast-schema-graph\">{\"@context\":\"https:\\\/\\\/schema.org\",\"@graph\":[{\"@type\":\"Article\",\"@id\":\"https:\\\/\\\/www.p31noticias.com.br\\\/?p=21619#article\",\"isPartOf\":{\"@id\":\"https:\\\/\\\/www.p31noticias.com.br\\\/?p=21619\"},\"author\":{\"name\":\"Reda\u00e7\u00e3o JBN\",\"@id\":\"https:\\\/\\\/www.p31noticias.com.br\\\/#\\\/schema\\\/person\\\/77d6b186c710ac38937c6ec204fdd387\"},\"headline\":\"Emater-DF comemora 42 anos com crescimento na produ\u00e7\u00e3o agropecu\u00e1ria da capital\",\"datePublished\":\"2020-04-07T20:08:34+00:00\",\"mainEntityOfPage\":{\"@id\":\"https:\\\/\\\/www.p31noticias.com.br\\\/?p=21619\"},\"wordCount\":889,\"commentCount\":0,\"image\":{\"@id\":\"https:\\\/\\\/www.p31noticias.com.br\\\/?p=21619#primaryimage\"},\"thumbnailUrl\":\"https:\\\/\\\/www.p31noticias.com.br\\\/wp-content\\\/uploads\\\/2020\\\/04\\\/capacita\u00e7\u00e3o_org-1-e1565809323126.jpg\",\"articleSection\":[\"Outros\"],\"inLanguage\":\"pt-BR\",\"potentialAction\":[{\"@type\":\"CommentAction\",\"name\":\"Comment\",\"target\":[\"https:\\\/\\\/www.p31noticias.com.br\\\/?p=21619#respond\"]}],\"copyrightYear\":\"2020\",\"copyrightHolder\":{\"@id\":\"https:\\\/\\\/www.p31noticias.com.br\\\/#organization\"}},{\"@type\":\"WebPage\",\"@id\":\"https:\\\/\\\/www.p31noticias.com.br\\\/?p=21619\",\"url\":\"https:\\\/\\\/www.p31noticias.com.br\\\/?p=21619\",\"name\":\"Emater-DF comemora 42 anos com crescimento na produ\u00e7\u00e3o agropecu\u00e1ria da capital - P31\",\"isPartOf\":{\"@id\":\"https:\\\/\\\/www.p31noticias.com.br\\\/#website\"},\"primaryImageOfPage\":{\"@id\":\"https:\\\/\\\/www.p31noticias.com.br\\\/?p=21619#primaryimage\"},\"image\":{\"@id\":\"https:\\\/\\\/www.p31noticias.com.br\\\/?p=21619#primaryimage\"},\"thumbnailUrl\":\"https:\\\/\\\/www.p31noticias.com.br\\\/wp-content\\\/uploads\\\/2020\\\/04\\\/capacita\u00e7\u00e3o_org-1-e1565809323126.jpg\",\"datePublished\":\"2020-04-07T20:08:34+00:00\",\"author\":{\"@id\":\"https:\\\/\\\/www.p31noticias.com.br\\\/#\\\/schema\\\/person\\\/77d6b186c710ac38937c6ec204fdd387\"},\"breadcrumb\":{\"@id\":\"https:\\\/\\\/www.p31noticias.com.br\\\/?p=21619#breadcrumb\"},\"inLanguage\":\"pt-BR\",\"potentialAction\":[{\"@type\":\"ReadAction\",\"target\":[\"https:\\\/\\\/www.p31noticias.com.br\\\/?p=21619\"]}]},{\"@type\":\"ImageObject\",\"inLanguage\":\"pt-BR\",\"@id\":\"https:\\\/\\\/www.p31noticias.com.br\\\/?p=21619#primaryimage\",\"url\":\"https:\\\/\\\/www.p31noticias.com.br\\\/wp-content\\\/uploads\\\/2020\\\/04\\\/capacita\u00e7\u00e3o_org-1-e1565809323126.jpg\",\"contentUrl\":\"https:\\\/\\\/www.p31noticias.com.br\\\/wp-content\\\/uploads\\\/2020\\\/04\\\/capacita\u00e7\u00e3o_org-1-e1565809323126.jpg\",\"width\":800,\"height\":448},{\"@type\":\"BreadcrumbList\",\"@id\":\"https:\\\/\\\/www.p31noticias.com.br\\\/?p=21619#breadcrumb\",\"itemListElement\":[{\"@type\":\"ListItem\",\"position\":1,\"name\":\"In\u00edcio\",\"item\":\"https:\\\/\\\/www.p31noticias.com.br\\\/\"},{\"@type\":\"ListItem\",\"position\":2,\"name\":\"Emater-DF comemora 42 anos com crescimento na produ\u00e7\u00e3o agropecu\u00e1ria da capital\"}]},{\"@type\":\"WebSite\",\"@id\":\"https:\\\/\\\/www.p31noticias.com.br\\\/#website\",\"url\":\"https:\\\/\\\/www.p31noticias.com.br\\\/\",\"name\":\"P31\",\"description\":\"NOT\u00cdCIAS\",\"potentialAction\":[{\"@type\":\"SearchAction\",\"target\":{\"@type\":\"EntryPoint\",\"urlTemplate\":\"https:\\\/\\\/www.p31noticias.com.br\\\/?s={search_term_string}\"},\"query-input\":{\"@type\":\"PropertyValueSpecification\",\"valueRequired\":true,\"valueName\":\"search_term_string\"}}],\"inLanguage\":\"pt-BR\"},{\"@type\":\"Person\",\"@id\":\"https:\\\/\\\/www.p31noticias.com.br\\\/#\\\/schema\\\/person\\\/77d6b186c710ac38937c6ec204fdd387\",\"name\":\"Reda\u00e7\u00e3o JBN\",\"image\":{\"@type\":\"ImageObject\",\"inLanguage\":\"pt-BR\",\"@id\":\"https:\\\/\\\/secure.gravatar.com\\\/avatar\\\/10fcdb93211f98cce3d64c0795b0915a9a4a21dc0f279238995a3dbfafcad090?s=96&d=mm&r=g\",\"url\":\"https:\\\/\\\/secure.gravatar.com\\\/avatar\\\/10fcdb93211f98cce3d64c0795b0915a9a4a21dc0f279238995a3dbfafcad090?s=96&d=mm&r=g\",\"contentUrl\":\"https:\\\/\\\/secure.gravatar.com\\\/avatar\\\/10fcdb93211f98cce3d64c0795b0915a9a4a21dc0f279238995a3dbfafcad090?s=96&d=mm&r=g\",\"caption\":\"Reda\u00e7\u00e3o JBN\"},\"sameAs\":[\"https:\\\/\\\/p31noticias.com.br\"],\"url\":\"https:\\\/\\\/www.p31noticias.com.br\\\/?author=18\"}]}<\/script>\n<!-- \/ Yoast SEO Premium plugin. -->","yoast_head_json":{"title":"Emater-DF comemora 42 anos com crescimento na produ\u00e7\u00e3o agropecu\u00e1ria da capital - P31","robots":{"index":"index","follow":"follow","max-snippet":"max-snippet:-1","max-image-preview":"max-image-preview:large","max-video-preview":"max-video-preview:-1"},"canonical":"https:\/\/www.p31noticias.com.br\/?p=21619","og_locale":"pt_BR","og_type":"article","og_title":"Emater-DF comemora 42 anos com crescimento na produ\u00e7\u00e3o agropecu\u00e1ria da capital","og_description":"Nascida em 1978, a Empresa de Assist\u00eancia T\u00e9cnica e Extens\u00e3o Rural do Distrito Federal (Emater-DF) completa 42 anos nesta ter\u00e7a-feira (7) celebrando ao mesmo tempo um aumento de 19% no Valor Bruto de Produ\u00e7\u00e3o (VBP) \u2013 de R$ 2,442 bilh\u00f5es em 2018 para R$ 2,907 bilh\u00f5es em 2019. Conquistas como o aumento de 100 % [&hellip;]","og_url":"https:\/\/www.p31noticias.com.br\/?p=21619","og_site_name":"P31","article_published_time":"2020-04-07T20:08:34+00:00","og_image":[{"width":800,"height":448,"url":"https:\/\/www.p31noticias.com.br\/wp-content\/uploads\/2020\/04\/capacita\u00e7\u00e3o_org-1-e1565809323126.jpg","type":"image\/jpeg"}],"author":"Reda\u00e7\u00e3o JBN","twitter_card":"summary_large_image","twitter_misc":{"Escrito por":"Reda\u00e7\u00e3o JBN","Est. tempo de leitura":"4 minutos"},"schema":{"@context":"https:\/\/schema.org","@graph":[{"@type":"Article","@id":"https:\/\/www.p31noticias.com.br\/?p=21619#article","isPartOf":{"@id":"https:\/\/www.p31noticias.com.br\/?p=21619"},"author":{"name":"Reda\u00e7\u00e3o JBN","@id":"https:\/\/www.p31noticias.com.br\/#\/schema\/person\/77d6b186c710ac38937c6ec204fdd387"},"headline":"Emater-DF comemora 42 anos com crescimento na produ\u00e7\u00e3o agropecu\u00e1ria da capital","datePublished":"2020-04-07T20:08:34+00:00","mainEntityOfPage":{"@id":"https:\/\/www.p31noticias.com.br\/?p=21619"},"wordCount":889,"commentCount":0,"image":{"@id":"https:\/\/www.p31noticias.com.br\/?p=21619#primaryimage"},"thumbnailUrl":"https:\/\/www.p31noticias.com.br\/wp-content\/uploads\/2020\/04\/capacita\u00e7\u00e3o_org-1-e1565809323126.jpg","articleSection":["Outros"],"inLanguage":"pt-BR","potentialAction":[{"@type":"CommentAction","name":"Comment","target":["https:\/\/www.p31noticias.com.br\/?p=21619#respond"]}],"copyrightYear":"2020","copyrightHolder":{"@id":"https:\/\/www.p31noticias.com.br\/#organization"}},{"@type":"WebPage","@id":"https:\/\/www.p31noticias.com.br\/?p=21619","url":"https:\/\/www.p31noticias.com.br\/?p=21619","name":"Emater-DF comemora 42 anos com crescimento na produ\u00e7\u00e3o agropecu\u00e1ria da capital - P31","isPartOf":{"@id":"https:\/\/www.p31noticias.com.br\/#website"},"primaryImageOfPage":{"@id":"https:\/\/www.p31noticias.com.br\/?p=21619#primaryimage"},"image":{"@id":"https:\/\/www.p31noticias.com.br\/?p=21619#primaryimage"},"thumbnailUrl":"https:\/\/www.p31noticias.com.br\/wp-content\/uploads\/2020\/04\/capacita\u00e7\u00e3o_org-1-e1565809323126.jpg","datePublished":"2020-04-07T20:08:34+00:00","author":{"@id":"https:\/\/www.p31noticias.com.br\/#\/schema\/person\/77d6b186c710ac38937c6ec204fdd387"},"breadcrumb":{"@id":"https:\/\/www.p31noticias.com.br\/?p=21619#breadcrumb"},"inLanguage":"pt-BR","potentialAction":[{"@type":"ReadAction","target":["https:\/\/www.p31noticias.com.br\/?p=21619"]}]},{"@type":"ImageObject","inLanguage":"pt-BR","@id":"https:\/\/www.p31noticias.com.br\/?p=21619#primaryimage","url":"https:\/\/www.p31noticias.com.br\/wp-content\/uploads\/2020\/04\/capacita\u00e7\u00e3o_org-1-e1565809323126.jpg","contentUrl":"https:\/\/www.p31noticias.com.br\/wp-content\/uploads\/2020\/04\/capacita\u00e7\u00e3o_org-1-e1565809323126.jpg","width":800,"height":448},{"@type":"BreadcrumbList","@id":"https:\/\/www.p31noticias.com.br\/?p=21619#breadcrumb","itemListElement":[{"@type":"ListItem","position":1,"name":"In\u00edcio","item":"https:\/\/www.p31noticias.com.br\/"},{"@type":"ListItem","position":2,"name":"Emater-DF comemora 42 anos com crescimento na produ\u00e7\u00e3o agropecu\u00e1ria da capital"}]},{"@type":"WebSite","@id":"https:\/\/www.p31noticias.com.br\/#website","url":"https:\/\/www.p31noticias.com.br\/","name":"P31","description":"NOT\u00cdCIAS","potentialAction":[{"@type":"SearchAction","target":{"@type":"EntryPoint","urlTemplate":"https:\/\/www.p31noticias.com.br\/?s={search_term_string}"},"query-input":{"@type":"PropertyValueSpecification","valueRequired":true,"valueName":"search_term_string"}}],"inLanguage":"pt-BR"},{"@type":"Person","@id":"https:\/\/www.p31noticias.com.br\/#\/schema\/person\/77d6b186c710ac38937c6ec204fdd387","name":"Reda\u00e7\u00e3o JBN","image":{"@type":"ImageObject","inLanguage":"pt-BR","@id":"https:\/\/secure.gravatar.com\/avatar\/10fcdb93211f98cce3d64c0795b0915a9a4a21dc0f279238995a3dbfafcad090?s=96&d=mm&r=g","url":"https:\/\/secure.gravatar.com\/avatar\/10fcdb93211f98cce3d64c0795b0915a9a4a21dc0f279238995a3dbfafcad090?s=96&d=mm&r=g","contentUrl":"https:\/\/secure.gravatar.com\/avatar\/10fcdb93211f98cce3d64c0795b0915a9a4a21dc0f279238995a3dbfafcad090?s=96&d=mm&r=g","caption":"Reda\u00e7\u00e3o JBN"},"sameAs":["https:\/\/p31noticias.com.br"],"url":"https:\/\/www.p31noticias.com.br\/?author=18"}]}},"amp_enabled":true,"_links":{"self":[{"href":"https:\/\/www.p31noticias.com.br\/index.php?rest_route=\/wp\/v2\/posts\/21619","targetHints":{"allow":["GET"]}}],"collection":[{"href":"https:\/\/www.p31noticias.com.br\/index.php?rest_route=\/wp\/v2\/posts"}],"about":[{"href":"https:\/\/www.p31noticias.com.br\/index.php?rest_route=\/wp\/v2\/types\/post"}],"author":[{"embeddable":true,"href":"https:\/\/www.p31noticias.com.br\/index.php?rest_route=\/wp\/v2\/users\/18"}],"replies":[{"embeddable":true,"href":"https:\/\/www.p31noticias.com.br\/index.php?rest_route=%2Fwp%2Fv2%2Fcomments&post=21619"}],"version-history":[{"count":0,"href":"https:\/\/www.p31noticias.com.br\/index.php?rest_route=\/wp\/v2\/posts\/21619\/revisions"}],"wp:featuredmedia":[{"embeddable":true,"href":"https:\/\/www.p31noticias.com.br\/index.php?rest_route=\/wp\/v2\/media\/21621"}],"wp:attachment":[{"href":"https:\/\/www.p31noticias.com.br\/index.php?rest_route=%2Fwp%2Fv2%2Fmedia&parent=21619"}],"wp:term":[{"taxonomy":"category","embeddable":true,"href":"https:\/\/www.p31noticias.com.br\/index.php?rest_route=%2Fwp%2Fv2%2Fcategories&post=21619"},{"taxonomy":"post_tag","embeddable":true,"href":"https:\/\/www.p31noticias.com.br\/index.php?rest_route=%2Fwp%2Fv2%2Ftags&post=21619"}],"curies":[{"name":"wp","href":"https:\/\/api.w.org\/{rel}","templated":true}]}}