{"id":21616,"date":"2020-04-07T10:00:43","date_gmt":"2020-04-07T13:00:43","guid":{"rendered":"https:\/\/jornaldoplanalto.com.br\/web\/?p=21616"},"modified":"2020-04-07T10:00:43","modified_gmt":"2020-04-07T13:00:43","slug":"saude-passa-a-recomendar-distanciamento-seletivo","status":"publish","type":"post","link":"https:\/\/www.p31noticias.com.br\/?p=21616","title":{"rendered":"Sa\u00fade passa a recomendar distanciamento seletivo"},"content":{"rendered":"<p>O Minist\u00e9rio da Sa\u00fade estabeleceu novas orienta\u00e7\u00f5es em rela\u00e7\u00e3o ao distanciamento social para combater a pandemia do novo coronav\u00edrus (covid-19). Em\u00a0<a href=\"https:\/\/www.saude.gov.br\/images\/pdf\/2020\/April\/06\/2020-04-06---BE7---Boletim-Especial-do-COE---Atualizacao-da-Avaliacao-de-Risco.pdf\" target=\"_blank\" rel=\"noopener noreferrer\"><em>Boletim\u00a0<\/em><\/a><em>Epidemiol\u00f3gico,<\/em>\u00a0divulgado nesta segunda-feira (6), a equipe do \u00f3rg\u00e3o cria diferentes formas de isolamento e recomenda regras mais leves para munic\u00edpios que ainda n\u00e3o estejam com alta ocupa\u00e7\u00e3o de leitos nas unidades de sa\u00fade. A mudan\u00e7a vai ao encontro da posi\u00e7\u00e3o do presidente Jair Bolsonaro, que vem defendendo a necessidade de retomada das atividades econ\u00f4micas para impedir ou mitigar preju\u00edzos na esfera da produ\u00e7\u00e3o.<\/p>\n<p>Segundo a nova orienta\u00e7\u00e3o, haveria duas categorias de distanciamento: o ampliado e o seletivo. O ampliado \u00e9 o que foi adotado pelos estados e Distrito Federal at\u00e9 o momento. Na nova diretriz da pasta, os munic\u00edpios e estados em que os casos confirmados n\u00e3o tenham resultado em uma ocupa\u00e7\u00e3o de leitos maior do que 50% da capacidade do local devem migrar da modalidade ampliada para a seletiva.<\/p>\n<p>O distanciamento seletivo seria aquele no qual \u201capenas alguns grupos ficam isolados, sendo selecionados os grupos que apresentam mais riscos de desenvolver a doen\u00e7a ou aqueles que podem apresentar um quadro mais grave, como idosos e pessoas com doen\u00e7as cr\u00f4nicas (diabetes, cardiopatia etc.) ou condi\u00e7\u00f5es de risco como obesidade e gesta\u00e7\u00e3o de risco\u201d. Nesse modelo, as pessoas com menos de 60 anos podem circular livremente, desde que n\u00e3o apresentem sintomas da covid-19.<\/p>\n<p>Essa transi\u00e7\u00e3o do distanciamento social ampliado para o seletivo, conforme a recomenda\u00e7\u00e3o, come\u00e7aria na pr\u00f3xima segunda-feira (13).<\/p>\n<p>Os locais que apresentam coeficiente de incid\u00eancia da pandemia 50% acima da estimativa nacional devem manter o distanciamento ampliado at\u00e9 que o estoque de equipamentos, insumos e for\u00e7a de trabalho em sa\u00fade estejam \u201cdispon\u00edveis em quantitativo suficiente, de forma a promover, com seguran\u00e7a, a transi\u00e7\u00e3o para a estrat\u00e9gia de distanciamento social seletivo conforme descrito na prepara\u00e7\u00e3o e resposta segundo cada intervalo epid\u00eamico\u201d, pontua o boletim epidemiol\u00f3gico.<\/p>\n<p>As unidades federativas com coeficiente 50% acima da taxa m\u00e9dia de incid\u00eancia s\u00e3o, no balan\u00e7o divulgado pelo Minist\u00e9rio da Sa\u00fade: S\u00e3o Paulo, Rio de Janeiro, Cear\u00e1, Amazonas e Bras\u00edlia.<\/p>\n<p>De acordo com o\u00a0<em>Boletim Epidemiol\u00f3gico<\/em>, o distanciamento social ampliado \u00e9 \u201cessencial para evitar uma acelera\u00e7\u00e3o descontrolada da doen\u00e7a\u201d, mas sua manuten\u00e7\u00e3o prolongada \u201cpode causar impactos significativos na economia\u201d.<\/p>\n<p>O distanciamento seletivo possibilitaria a \u201cretomada da atividade laboral e econ\u00f4mica\u201d com \u201ccria\u00e7\u00e3o gradual de imunidade de rebanho de modo controlado\u201d. Por outro lado, nesse caso \u201cgrupos vulner\u00e1veis continuar\u00e3o tendo contato com pessoas infectadas assintom\u00e1ticas ou sintom\u00e1ticas, tornando mais dif\u00edcil o controle\u201d.<\/p>\n<p>O ministro da Sa\u00fade, Luiz Henrique Mandetta, e secret\u00e1rios respons\u00e1veis pela resposta \u00e0 pandemia ponderaram a import\u00e2ncia dessas medidas para impedir o colapso do sistema de sa\u00fade, que o ministro chegou a projetar para o fim de abril.<\/p>\n<p>Em coletiva no Pal\u00e1cio do Planalto, o secret\u00e1rio de Vigil\u00e2ncia em Sa\u00fade, Wanderson de Oliveira, lembrou que o Brasil levou 17 dias para chegar do primeiro ao cent\u00e9simo caso, mais sete dias para ir at\u00e9 o mil\u00e9simo caso e 14 para chegar aos dez mil casos confirmados.<\/p>\n<p>(ABr\/EBC)<\/p>\n","protected":false},"excerpt":{"rendered":"<p>O Minist\u00e9rio da Sa\u00fade estabeleceu novas orienta\u00e7\u00f5es em rela\u00e7\u00e3o ao distanciamento social para combater a pandemia do novo coronav\u00edrus (covid-19). Em\u00a0Boletim\u00a0Epidemiol\u00f3gico,\u00a0divulgado nesta segunda-feira (6), a equipe do \u00f3rg\u00e3o cria diferentes formas de isolamento e recomenda regras mais leves para munic\u00edpios que ainda n\u00e3o estejam com alta ocupa\u00e7\u00e3o de leitos nas unidades de sa\u00fade. A mudan\u00e7a [&hellip;]<\/p>\n","protected":false},"author":18,"featured_media":21617,"comment_status":"open","ping_status":"open","sticky":false,"template":"","format":"standard","meta":{"footnotes":""},"categories":[68,124],"tags":[],"class_list":{"0":"post-21616","1":"post","2":"type-post","3":"status-publish","4":"format-standard","5":"has-post-thumbnail","7":"category-brasil","8":"category-saude"},"yoast_head":"<!-- This site is optimized with the Yoast SEO Premium plugin v24.5 (Yoast SEO v27.5) - https:\/\/yoast.com\/product\/yoast-seo-premium-wordpress\/ -->\n<title>Sa\u00fade passa a recomendar distanciamento seletivo - P31<\/title>\n<meta name=\"robots\" content=\"index, follow, max-snippet:-1, max-image-preview:large, max-video-preview:-1\" \/>\n<link rel=\"canonical\" href=\"https:\/\/www.p31noticias.com.br\/?p=21616\" \/>\n<meta property=\"og:locale\" content=\"pt_BR\" \/>\n<meta property=\"og:type\" content=\"article\" \/>\n<meta property=\"og:title\" content=\"Sa\u00fade passa a recomendar distanciamento seletivo\" \/>\n<meta property=\"og:description\" content=\"O Minist\u00e9rio da Sa\u00fade estabeleceu novas orienta\u00e7\u00f5es em rela\u00e7\u00e3o ao distanciamento social para combater a pandemia do novo coronav\u00edrus (covid-19). Em\u00a0Boletim\u00a0Epidemiol\u00f3gico,\u00a0divulgado nesta segunda-feira (6), a equipe do \u00f3rg\u00e3o cria diferentes formas de isolamento e recomenda regras mais leves para munic\u00edpios que ainda n\u00e3o estejam com alta ocupa\u00e7\u00e3o de leitos nas unidades de sa\u00fade. A mudan\u00e7a [&hellip;]\" \/>\n<meta property=\"og:url\" content=\"https:\/\/www.p31noticias.com.br\/?p=21616\" \/>\n<meta property=\"og:site_name\" content=\"P31\" \/>\n<meta property=\"article:published_time\" content=\"2020-04-07T13:00:43+00:00\" \/>\n<meta property=\"og:image\" content=\"https:\/\/www.p31noticias.com.br\/wp-content\/uploads\/2020\/04\/povo.jpg\" \/>\n\t<meta property=\"og:image:width\" content=\"650\" \/>\n\t<meta property=\"og:image:height\" content=\"388\" \/>\n\t<meta property=\"og:image:type\" content=\"image\/jpeg\" \/>\n<meta name=\"author\" content=\"Reda\u00e7\u00e3o JBN\" \/>\n<meta name=\"twitter:card\" content=\"summary_large_image\" \/>\n<meta name=\"twitter:label1\" content=\"Escrito por\" \/>\n\t<meta name=\"twitter:data1\" content=\"Reda\u00e7\u00e3o JBN\" \/>\n\t<meta name=\"twitter:label2\" content=\"Est. tempo de leitura\" \/>\n\t<meta name=\"twitter:data2\" content=\"3 minutos\" \/>\n<script type=\"application\/ld+json\" class=\"yoast-schema-graph\">{\"@context\":\"https:\\\/\\\/schema.org\",\"@graph\":[{\"@type\":\"Article\",\"@id\":\"https:\\\/\\\/www.p31noticias.com.br\\\/?p=21616#article\",\"isPartOf\":{\"@id\":\"https:\\\/\\\/www.p31noticias.com.br\\\/?p=21616\"},\"author\":{\"name\":\"Reda\u00e7\u00e3o JBN\",\"@id\":\"https:\\\/\\\/www.p31noticias.com.br\\\/#\\\/schema\\\/person\\\/77d6b186c710ac38937c6ec204fdd387\"},\"headline\":\"Sa\u00fade passa a recomendar distanciamento seletivo\",\"datePublished\":\"2020-04-07T13:00:43+00:00\",\"mainEntityOfPage\":{\"@id\":\"https:\\\/\\\/www.p31noticias.com.br\\\/?p=21616\"},\"wordCount\":561,\"commentCount\":0,\"image\":{\"@id\":\"https:\\\/\\\/www.p31noticias.com.br\\\/?p=21616#primaryimage\"},\"thumbnailUrl\":\"https:\\\/\\\/www.p31noticias.com.br\\\/wp-content\\\/uploads\\\/2020\\\/04\\\/povo.jpg\",\"articleSection\":[\"Brasil\",\"Sa\u00fade\"],\"inLanguage\":\"pt-BR\",\"potentialAction\":[{\"@type\":\"CommentAction\",\"name\":\"Comment\",\"target\":[\"https:\\\/\\\/www.p31noticias.com.br\\\/?p=21616#respond\"]}],\"copyrightYear\":\"2020\",\"copyrightHolder\":{\"@id\":\"https:\\\/\\\/www.p31noticias.com.br\\\/#organization\"}},{\"@type\":\"WebPage\",\"@id\":\"https:\\\/\\\/www.p31noticias.com.br\\\/?p=21616\",\"url\":\"https:\\\/\\\/www.p31noticias.com.br\\\/?p=21616\",\"name\":\"Sa\u00fade passa a recomendar distanciamento seletivo - P31\",\"isPartOf\":{\"@id\":\"https:\\\/\\\/www.p31noticias.com.br\\\/#website\"},\"primaryImageOfPage\":{\"@id\":\"https:\\\/\\\/www.p31noticias.com.br\\\/?p=21616#primaryimage\"},\"image\":{\"@id\":\"https:\\\/\\\/www.p31noticias.com.br\\\/?p=21616#primaryimage\"},\"thumbnailUrl\":\"https:\\\/\\\/www.p31noticias.com.br\\\/wp-content\\\/uploads\\\/2020\\\/04\\\/povo.jpg\",\"datePublished\":\"2020-04-07T13:00:43+00:00\",\"author\":{\"@id\":\"https:\\\/\\\/www.p31noticias.com.br\\\/#\\\/schema\\\/person\\\/77d6b186c710ac38937c6ec204fdd387\"},\"breadcrumb\":{\"@id\":\"https:\\\/\\\/www.p31noticias.com.br\\\/?p=21616#breadcrumb\"},\"inLanguage\":\"pt-BR\",\"potentialAction\":[{\"@type\":\"ReadAction\",\"target\":[\"https:\\\/\\\/www.p31noticias.com.br\\\/?p=21616\"]}]},{\"@type\":\"ImageObject\",\"inLanguage\":\"pt-BR\",\"@id\":\"https:\\\/\\\/www.p31noticias.com.br\\\/?p=21616#primaryimage\",\"url\":\"https:\\\/\\\/www.p31noticias.com.br\\\/wp-content\\\/uploads\\\/2020\\\/04\\\/povo.jpg\",\"contentUrl\":\"https:\\\/\\\/www.p31noticias.com.br\\\/wp-content\\\/uploads\\\/2020\\\/04\\\/povo.jpg\",\"width\":650,\"height\":388,\"caption\":\"Movimento do com\u00e9rcio popular na 25 de Mar\u00e7o no m\u00eas do Natal.\"},{\"@type\":\"BreadcrumbList\",\"@id\":\"https:\\\/\\\/www.p31noticias.com.br\\\/?p=21616#breadcrumb\",\"itemListElement\":[{\"@type\":\"ListItem\",\"position\":1,\"name\":\"In\u00edcio\",\"item\":\"https:\\\/\\\/www.p31noticias.com.br\\\/\"},{\"@type\":\"ListItem\",\"position\":2,\"name\":\"Sa\u00fade passa a recomendar distanciamento seletivo\"}]},{\"@type\":\"WebSite\",\"@id\":\"https:\\\/\\\/www.p31noticias.com.br\\\/#website\",\"url\":\"https:\\\/\\\/www.p31noticias.com.br\\\/\",\"name\":\"P31\",\"description\":\"NOT\u00cdCIAS\",\"potentialAction\":[{\"@type\":\"SearchAction\",\"target\":{\"@type\":\"EntryPoint\",\"urlTemplate\":\"https:\\\/\\\/www.p31noticias.com.br\\\/?s={search_term_string}\"},\"query-input\":{\"@type\":\"PropertyValueSpecification\",\"valueRequired\":true,\"valueName\":\"search_term_string\"}}],\"inLanguage\":\"pt-BR\"},{\"@type\":\"Person\",\"@id\":\"https:\\\/\\\/www.p31noticias.com.br\\\/#\\\/schema\\\/person\\\/77d6b186c710ac38937c6ec204fdd387\",\"name\":\"Reda\u00e7\u00e3o JBN\",\"image\":{\"@type\":\"ImageObject\",\"inLanguage\":\"pt-BR\",\"@id\":\"https:\\\/\\\/secure.gravatar.com\\\/avatar\\\/10fcdb93211f98cce3d64c0795b0915a9a4a21dc0f279238995a3dbfafcad090?s=96&d=mm&r=g\",\"url\":\"https:\\\/\\\/secure.gravatar.com\\\/avatar\\\/10fcdb93211f98cce3d64c0795b0915a9a4a21dc0f279238995a3dbfafcad090?s=96&d=mm&r=g\",\"contentUrl\":\"https:\\\/\\\/secure.gravatar.com\\\/avatar\\\/10fcdb93211f98cce3d64c0795b0915a9a4a21dc0f279238995a3dbfafcad090?s=96&d=mm&r=g\",\"caption\":\"Reda\u00e7\u00e3o JBN\"},\"sameAs\":[\"https:\\\/\\\/p31noticias.com.br\"],\"url\":\"https:\\\/\\\/www.p31noticias.com.br\\\/?author=18\"}]}<\/script>\n<!-- \/ Yoast SEO Premium plugin. -->","yoast_head_json":{"title":"Sa\u00fade passa a recomendar distanciamento seletivo - P31","robots":{"index":"index","follow":"follow","max-snippet":"max-snippet:-1","max-image-preview":"max-image-preview:large","max-video-preview":"max-video-preview:-1"},"canonical":"https:\/\/www.p31noticias.com.br\/?p=21616","og_locale":"pt_BR","og_type":"article","og_title":"Sa\u00fade passa a recomendar distanciamento seletivo","og_description":"O Minist\u00e9rio da Sa\u00fade estabeleceu novas orienta\u00e7\u00f5es em rela\u00e7\u00e3o ao distanciamento social para combater a pandemia do novo coronav\u00edrus (covid-19). Em\u00a0Boletim\u00a0Epidemiol\u00f3gico,\u00a0divulgado nesta segunda-feira (6), a equipe do \u00f3rg\u00e3o cria diferentes formas de isolamento e recomenda regras mais leves para munic\u00edpios que ainda n\u00e3o estejam com alta ocupa\u00e7\u00e3o de leitos nas unidades de sa\u00fade. A mudan\u00e7a [&hellip;]","og_url":"https:\/\/www.p31noticias.com.br\/?p=21616","og_site_name":"P31","article_published_time":"2020-04-07T13:00:43+00:00","og_image":[{"width":650,"height":388,"url":"https:\/\/www.p31noticias.com.br\/wp-content\/uploads\/2020\/04\/povo.jpg","type":"image\/jpeg"}],"author":"Reda\u00e7\u00e3o JBN","twitter_card":"summary_large_image","twitter_misc":{"Escrito por":"Reda\u00e7\u00e3o JBN","Est. tempo de leitura":"3 minutos"},"schema":{"@context":"https:\/\/schema.org","@graph":[{"@type":"Article","@id":"https:\/\/www.p31noticias.com.br\/?p=21616#article","isPartOf":{"@id":"https:\/\/www.p31noticias.com.br\/?p=21616"},"author":{"name":"Reda\u00e7\u00e3o JBN","@id":"https:\/\/www.p31noticias.com.br\/#\/schema\/person\/77d6b186c710ac38937c6ec204fdd387"},"headline":"Sa\u00fade passa a recomendar distanciamento seletivo","datePublished":"2020-04-07T13:00:43+00:00","mainEntityOfPage":{"@id":"https:\/\/www.p31noticias.com.br\/?p=21616"},"wordCount":561,"commentCount":0,"image":{"@id":"https:\/\/www.p31noticias.com.br\/?p=21616#primaryimage"},"thumbnailUrl":"https:\/\/www.p31noticias.com.br\/wp-content\/uploads\/2020\/04\/povo.jpg","articleSection":["Brasil","Sa\u00fade"],"inLanguage":"pt-BR","potentialAction":[{"@type":"CommentAction","name":"Comment","target":["https:\/\/www.p31noticias.com.br\/?p=21616#respond"]}],"copyrightYear":"2020","copyrightHolder":{"@id":"https:\/\/www.p31noticias.com.br\/#organization"}},{"@type":"WebPage","@id":"https:\/\/www.p31noticias.com.br\/?p=21616","url":"https:\/\/www.p31noticias.com.br\/?p=21616","name":"Sa\u00fade passa a recomendar distanciamento seletivo - P31","isPartOf":{"@id":"https:\/\/www.p31noticias.com.br\/#website"},"primaryImageOfPage":{"@id":"https:\/\/www.p31noticias.com.br\/?p=21616#primaryimage"},"image":{"@id":"https:\/\/www.p31noticias.com.br\/?p=21616#primaryimage"},"thumbnailUrl":"https:\/\/www.p31noticias.com.br\/wp-content\/uploads\/2020\/04\/povo.jpg","datePublished":"2020-04-07T13:00:43+00:00","author":{"@id":"https:\/\/www.p31noticias.com.br\/#\/schema\/person\/77d6b186c710ac38937c6ec204fdd387"},"breadcrumb":{"@id":"https:\/\/www.p31noticias.com.br\/?p=21616#breadcrumb"},"inLanguage":"pt-BR","potentialAction":[{"@type":"ReadAction","target":["https:\/\/www.p31noticias.com.br\/?p=21616"]}]},{"@type":"ImageObject","inLanguage":"pt-BR","@id":"https:\/\/www.p31noticias.com.br\/?p=21616#primaryimage","url":"https:\/\/www.p31noticias.com.br\/wp-content\/uploads\/2020\/04\/povo.jpg","contentUrl":"https:\/\/www.p31noticias.com.br\/wp-content\/uploads\/2020\/04\/povo.jpg","width":650,"height":388,"caption":"Movimento do com\u00e9rcio popular na 25 de Mar\u00e7o no m\u00eas do Natal."},{"@type":"BreadcrumbList","@id":"https:\/\/www.p31noticias.com.br\/?p=21616#breadcrumb","itemListElement":[{"@type":"ListItem","position":1,"name":"In\u00edcio","item":"https:\/\/www.p31noticias.com.br\/"},{"@type":"ListItem","position":2,"name":"Sa\u00fade passa a recomendar distanciamento seletivo"}]},{"@type":"WebSite","@id":"https:\/\/www.p31noticias.com.br\/#website","url":"https:\/\/www.p31noticias.com.br\/","name":"P31","description":"NOT\u00cdCIAS","potentialAction":[{"@type":"SearchAction","target":{"@type":"EntryPoint","urlTemplate":"https:\/\/www.p31noticias.com.br\/?s={search_term_string}"},"query-input":{"@type":"PropertyValueSpecification","valueRequired":true,"valueName":"search_term_string"}}],"inLanguage":"pt-BR"},{"@type":"Person","@id":"https:\/\/www.p31noticias.com.br\/#\/schema\/person\/77d6b186c710ac38937c6ec204fdd387","name":"Reda\u00e7\u00e3o JBN","image":{"@type":"ImageObject","inLanguage":"pt-BR","@id":"https:\/\/secure.gravatar.com\/avatar\/10fcdb93211f98cce3d64c0795b0915a9a4a21dc0f279238995a3dbfafcad090?s=96&d=mm&r=g","url":"https:\/\/secure.gravatar.com\/avatar\/10fcdb93211f98cce3d64c0795b0915a9a4a21dc0f279238995a3dbfafcad090?s=96&d=mm&r=g","contentUrl":"https:\/\/secure.gravatar.com\/avatar\/10fcdb93211f98cce3d64c0795b0915a9a4a21dc0f279238995a3dbfafcad090?s=96&d=mm&r=g","caption":"Reda\u00e7\u00e3o JBN"},"sameAs":["https:\/\/p31noticias.com.br"],"url":"https:\/\/www.p31noticias.com.br\/?author=18"}]}},"amp_enabled":true,"_links":{"self":[{"href":"https:\/\/www.p31noticias.com.br\/index.php?rest_route=\/wp\/v2\/posts\/21616","targetHints":{"allow":["GET"]}}],"collection":[{"href":"https:\/\/www.p31noticias.com.br\/index.php?rest_route=\/wp\/v2\/posts"}],"about":[{"href":"https:\/\/www.p31noticias.com.br\/index.php?rest_route=\/wp\/v2\/types\/post"}],"author":[{"embeddable":true,"href":"https:\/\/www.p31noticias.com.br\/index.php?rest_route=\/wp\/v2\/users\/18"}],"replies":[{"embeddable":true,"href":"https:\/\/www.p31noticias.com.br\/index.php?rest_route=%2Fwp%2Fv2%2Fcomments&post=21616"}],"version-history":[{"count":0,"href":"https:\/\/www.p31noticias.com.br\/index.php?rest_route=\/wp\/v2\/posts\/21616\/revisions"}],"wp:featuredmedia":[{"embeddable":true,"href":"https:\/\/www.p31noticias.com.br\/index.php?rest_route=\/wp\/v2\/media\/21617"}],"wp:attachment":[{"href":"https:\/\/www.p31noticias.com.br\/index.php?rest_route=%2Fwp%2Fv2%2Fmedia&parent=21616"}],"wp:term":[{"taxonomy":"category","embeddable":true,"href":"https:\/\/www.p31noticias.com.br\/index.php?rest_route=%2Fwp%2Fv2%2Fcategories&post=21616"},{"taxonomy":"post_tag","embeddable":true,"href":"https:\/\/www.p31noticias.com.br\/index.php?rest_route=%2Fwp%2Fv2%2Ftags&post=21616"}],"curies":[{"name":"wp","href":"https:\/\/api.w.org\/{rel}","templated":true}]}}