{"id":21612,"date":"2020-04-07T09:52:45","date_gmt":"2020-04-07T12:52:45","guid":{"rendered":"https:\/\/jornaldoplanalto.com.br\/web\/?p=21612"},"modified":"2020-04-07T09:52:45","modified_gmt":"2020-04-07T12:52:45","slug":"abril-marrom-alerta-as-prevencoes-e-causas-da-cegueira","status":"publish","type":"post","link":"https:\/\/www.p31noticias.com.br\/?p=21612","title":{"rendered":"Abril marrom alerta as preven\u00e7\u00f5es e causas da cegueira"},"content":{"rendered":"<p><em><strong>Campanha tem por objetivo reduzir a incid\u00eancia dos problemas da vis\u00e3o<\/strong><\/em><\/p>\n<p>Fundamental para a nossa vida, a vis\u00e3o faz toda a diferen\u00e7a no nosso dia a dia. Por esse motivo, foi criado no Brasil a data para alertar as pessoas para darem mais valor e import\u00e2ncia aos olhos. O m\u00eas de abril tamb\u00e9m \u00e9 comemorado o Dia Nacional do Braile (8\/4). A data \u00e9 o nascimento de Jos\u00e9 \u00c1lvares de Azevedo (08 de abril de 1834) o professor respons\u00e1vel por trazer, em 1850, o alfabeto Braille ao Brasil.<\/p>\n<figure id=\"attachment_21614\" aria-describedby=\"caption-attachment-21614\" style=\"width: 427px\" class=\"wp-caption alignright\"><a href=\"https:\/\/www.delioandrade.com.br\/wp-content\/uploads\/2020\/04\/DR.-CARLOS-HAYATO-YAMANE-Auge-Oftalmologia.jpeg\"><img loading=\"lazy\" decoding=\"async\" class=\"wp-image-21614 size-full\" src=\"https:\/\/www.delioandrade.com.br\/wp-content\/uploads\/2020\/04\/DR.-CARLOS-HAYATO-YAMANE-Auge-Oftalmologia.jpeg\" alt=\"\" width=\"427\" height=\"640\" srcset=\"https:\/\/www.p31noticias.com.br\/wp-content\/uploads\/2020\/04\/DR.-CARLOS-HAYATO-YAMANE-Auge-Oftalmologia.jpeg 427w, https:\/\/www.p31noticias.com.br\/wp-content\/uploads\/2020\/04\/DR.-CARLOS-HAYATO-YAMANE-Auge-Oftalmologia-200x300.jpeg 200w, https:\/\/www.p31noticias.com.br\/wp-content\/uploads\/2020\/04\/DR.-CARLOS-HAYATO-YAMANE-Auge-Oftalmologia-280x420.jpeg 280w\" sizes=\"auto, (max-width: 427px) 100vw, 427px\" \/><\/a><figcaption id=\"caption-attachment-21614\" class=\"wp-caption-text\">Carlos Yamane, m\u00e9dico oftalmologista da Auge Oftalmologia<\/figcaption><\/figure>\n<p>Segundo o IBGE, mais de 6 milh\u00f5es de pessoas tem algum tipo de defici\u00eancia visual. O m\u00e9dico oftalmologista Carlos Yamane, explica que a cegueira pode ser revers\u00edvel ou irrevers\u00edvel, portanto muitos casos podem ser tratados ou preven\u00edveis. As causas de cegueira revers\u00edvel s\u00e3o: catarata, ceratocone, deslocamento de retina \u2013 desde que tratado com urg\u00eancia. J\u00e1 as n\u00e3o revers\u00edveis s\u00e3o: glaucoma, degenera\u00e7\u00e3o macular avan\u00e7ada ou retinopatia diab\u00e9tica. \u201cCuidar da sa\u00fade como um todo, principalmente \u00e0queles diab\u00e9ticos, visitar regularmente o oftalmologista e cuidar bem dos olhos, evitando tamb\u00e9m uso de \u00f3culos n\u00e3o certificados s\u00e3o algumas medidas preventivas\u201d, detalha.<\/p>\n<p>Os especialistas s\u00e3o claros, quando se referente ao cuidados com os olhos devem iniciar desde a inf\u00e2ncia e em todas as fases da vida. \u00c9 necess\u00e1rio monitorar sempre a sa\u00fade dos olhos, de acordo com o estilo de vida do indiv\u00edduo e profiss\u00e3o que atua na sua rotina. \u201cMuitas das doen\u00e7as oculares s\u00e3o silenciosas, n\u00e3o apresentando sintomas nas fases iniciais, portanto, o diagn\u00f3stico precoce previne a perda da vis\u00e3o. Recomendo a visita ao oftalmologista no m\u00ednimo uma vez ao ano\u201d, completa Carlos Yamane.<\/p>\n<p><strong>Corpo Cl\u00ednico<\/strong><\/p>\n<p>DR. CARLOS HAYATO YAMANE &#8211; Oftalmologista respons\u00e1vel pelo departamento de Catarata da Auge Oftalmologia. Formado em Medicina pela UFTM. Atuando com excel\u00eancia h\u00e1 mais de 30 anos na \u00e1rea de oftalmologia em Bras\u00edlia, durante esse per\u00edodo colaborou para a forma\u00e7\u00e3o de dezenas de novos cirurgi\u00f5es, hoje espalhados por todo pa\u00eds.<br \/>\nServi\u00e7o:<\/p>\n<p><strong>Auge Oftalmologia<\/strong><\/p>\n<p>Bras\u00edlia Medical Center \u2013 SGAN 607 Bloco A Salas 309\/310 \u2013 Asa Norte<\/p>\n<p>Contato: (61) 3322-6000<\/p>\n<p>www.augeoftalmologia.com.br<\/p>\n<p>Siga tamb\u00e9m os perfis nas redes sociais.<\/p>\n","protected":false},"excerpt":{"rendered":"<p>Campanha tem por objetivo reduzir a incid\u00eancia dos problemas da vis\u00e3o Fundamental para a nossa vida, a vis\u00e3o faz toda a diferen\u00e7a no nosso dia a dia. Por esse motivo, foi criado no Brasil a data para alertar as pessoas para darem mais valor e import\u00e2ncia aos olhos. O m\u00eas de abril tamb\u00e9m \u00e9 comemorado [&hellip;]<\/p>\n","protected":false},"author":18,"featured_media":21613,"comment_status":"open","ping_status":"open","sticky":false,"template":"","format":"standard","meta":{"footnotes":""},"categories":[124],"tags":[],"class_list":{"0":"post-21612","1":"post","2":"type-post","3":"status-publish","4":"format-standard","5":"has-post-thumbnail","7":"category-saude"},"yoast_head":"<!-- This site is optimized with the Yoast SEO Premium plugin v24.5 (Yoast SEO v27.5) - https:\/\/yoast.com\/product\/yoast-seo-premium-wordpress\/ -->\n<title>Abril marrom alerta as preven\u00e7\u00f5es e causas da cegueira - P31<\/title>\n<meta name=\"robots\" content=\"index, follow, max-snippet:-1, max-image-preview:large, max-video-preview:-1\" \/>\n<link rel=\"canonical\" href=\"https:\/\/www.p31noticias.com.br\/?p=21612\" \/>\n<meta property=\"og:locale\" content=\"pt_BR\" \/>\n<meta property=\"og:type\" content=\"article\" \/>\n<meta property=\"og:title\" content=\"Abril marrom alerta as preven\u00e7\u00f5es e causas da cegueira\" \/>\n<meta property=\"og:description\" content=\"Campanha tem por objetivo reduzir a incid\u00eancia dos problemas da vis\u00e3o Fundamental para a nossa vida, a vis\u00e3o faz toda a diferen\u00e7a no nosso dia a dia. Por esse motivo, foi criado no Brasil a data para alertar as pessoas para darem mais valor e import\u00e2ncia aos olhos. O m\u00eas de abril tamb\u00e9m \u00e9 comemorado [&hellip;]\" \/>\n<meta property=\"og:url\" content=\"https:\/\/www.p31noticias.com.br\/?p=21612\" \/>\n<meta property=\"og:site_name\" content=\"P31\" \/>\n<meta property=\"article:published_time\" content=\"2020-04-07T12:52:45+00:00\" \/>\n<meta property=\"og:image\" content=\"https:\/\/www.p31noticias.com.br\/wp-content\/uploads\/2020\/04\/abrilmarrom.jpg\" \/>\n\t<meta property=\"og:image:width\" content=\"848\" \/>\n\t<meta property=\"og:image:height\" content=\"388\" \/>\n\t<meta property=\"og:image:type\" content=\"image\/jpeg\" \/>\n<meta name=\"author\" content=\"Reda\u00e7\u00e3o JBN\" \/>\n<meta name=\"twitter:card\" content=\"summary_large_image\" \/>\n<meta name=\"twitter:label1\" content=\"Escrito por\" \/>\n\t<meta name=\"twitter:data1\" content=\"Reda\u00e7\u00e3o JBN\" \/>\n\t<meta name=\"twitter:label2\" content=\"Est. tempo de leitura\" \/>\n\t<meta name=\"twitter:data2\" content=\"2 minutos\" \/>\n<script type=\"application\/ld+json\" class=\"yoast-schema-graph\">{\"@context\":\"https:\\\/\\\/schema.org\",\"@graph\":[{\"@type\":\"Article\",\"@id\":\"https:\\\/\\\/www.p31noticias.com.br\\\/?p=21612#article\",\"isPartOf\":{\"@id\":\"https:\\\/\\\/www.p31noticias.com.br\\\/?p=21612\"},\"author\":{\"name\":\"Reda\u00e7\u00e3o JBN\",\"@id\":\"https:\\\/\\\/www.p31noticias.com.br\\\/#\\\/schema\\\/person\\\/77d6b186c710ac38937c6ec204fdd387\"},\"headline\":\"Abril marrom alerta as preven\u00e7\u00f5es e causas da cegueira\",\"datePublished\":\"2020-04-07T12:52:45+00:00\",\"mainEntityOfPage\":{\"@id\":\"https:\\\/\\\/www.p31noticias.com.br\\\/?p=21612\"},\"wordCount\":410,\"commentCount\":0,\"image\":{\"@id\":\"https:\\\/\\\/www.p31noticias.com.br\\\/?p=21612#primaryimage\"},\"thumbnailUrl\":\"https:\\\/\\\/www.p31noticias.com.br\\\/wp-content\\\/uploads\\\/2020\\\/04\\\/abrilmarrom.jpg\",\"articleSection\":[\"Sa\u00fade\"],\"inLanguage\":\"pt-BR\",\"potentialAction\":[{\"@type\":\"CommentAction\",\"name\":\"Comment\",\"target\":[\"https:\\\/\\\/www.p31noticias.com.br\\\/?p=21612#respond\"]}],\"copyrightYear\":\"2020\",\"copyrightHolder\":{\"@id\":\"https:\\\/\\\/www.p31noticias.com.br\\\/#organization\"}},{\"@type\":\"WebPage\",\"@id\":\"https:\\\/\\\/www.p31noticias.com.br\\\/?p=21612\",\"url\":\"https:\\\/\\\/www.p31noticias.com.br\\\/?p=21612\",\"name\":\"Abril marrom alerta as preven\u00e7\u00f5es e causas da cegueira - P31\",\"isPartOf\":{\"@id\":\"https:\\\/\\\/www.p31noticias.com.br\\\/#website\"},\"primaryImageOfPage\":{\"@id\":\"https:\\\/\\\/www.p31noticias.com.br\\\/?p=21612#primaryimage\"},\"image\":{\"@id\":\"https:\\\/\\\/www.p31noticias.com.br\\\/?p=21612#primaryimage\"},\"thumbnailUrl\":\"https:\\\/\\\/www.p31noticias.com.br\\\/wp-content\\\/uploads\\\/2020\\\/04\\\/abrilmarrom.jpg\",\"datePublished\":\"2020-04-07T12:52:45+00:00\",\"author\":{\"@id\":\"https:\\\/\\\/www.p31noticias.com.br\\\/#\\\/schema\\\/person\\\/77d6b186c710ac38937c6ec204fdd387\"},\"breadcrumb\":{\"@id\":\"https:\\\/\\\/www.p31noticias.com.br\\\/?p=21612#breadcrumb\"},\"inLanguage\":\"pt-BR\",\"potentialAction\":[{\"@type\":\"ReadAction\",\"target\":[\"https:\\\/\\\/www.p31noticias.com.br\\\/?p=21612\"]}]},{\"@type\":\"ImageObject\",\"inLanguage\":\"pt-BR\",\"@id\":\"https:\\\/\\\/www.p31noticias.com.br\\\/?p=21612#primaryimage\",\"url\":\"https:\\\/\\\/www.p31noticias.com.br\\\/wp-content\\\/uploads\\\/2020\\\/04\\\/abrilmarrom.jpg\",\"contentUrl\":\"https:\\\/\\\/www.p31noticias.com.br\\\/wp-content\\\/uploads\\\/2020\\\/04\\\/abrilmarrom.jpg\",\"width\":848,\"height\":388},{\"@type\":\"BreadcrumbList\",\"@id\":\"https:\\\/\\\/www.p31noticias.com.br\\\/?p=21612#breadcrumb\",\"itemListElement\":[{\"@type\":\"ListItem\",\"position\":1,\"name\":\"In\u00edcio\",\"item\":\"https:\\\/\\\/www.p31noticias.com.br\\\/\"},{\"@type\":\"ListItem\",\"position\":2,\"name\":\"Abril marrom alerta as preven\u00e7\u00f5es e causas da cegueira\"}]},{\"@type\":\"WebSite\",\"@id\":\"https:\\\/\\\/www.p31noticias.com.br\\\/#website\",\"url\":\"https:\\\/\\\/www.p31noticias.com.br\\\/\",\"name\":\"P31\",\"description\":\"NOT\u00cdCIAS\",\"potentialAction\":[{\"@type\":\"SearchAction\",\"target\":{\"@type\":\"EntryPoint\",\"urlTemplate\":\"https:\\\/\\\/www.p31noticias.com.br\\\/?s={search_term_string}\"},\"query-input\":{\"@type\":\"PropertyValueSpecification\",\"valueRequired\":true,\"valueName\":\"search_term_string\"}}],\"inLanguage\":\"pt-BR\"},{\"@type\":\"Person\",\"@id\":\"https:\\\/\\\/www.p31noticias.com.br\\\/#\\\/schema\\\/person\\\/77d6b186c710ac38937c6ec204fdd387\",\"name\":\"Reda\u00e7\u00e3o JBN\",\"image\":{\"@type\":\"ImageObject\",\"inLanguage\":\"pt-BR\",\"@id\":\"https:\\\/\\\/secure.gravatar.com\\\/avatar\\\/10fcdb93211f98cce3d64c0795b0915a9a4a21dc0f279238995a3dbfafcad090?s=96&d=mm&r=g\",\"url\":\"https:\\\/\\\/secure.gravatar.com\\\/avatar\\\/10fcdb93211f98cce3d64c0795b0915a9a4a21dc0f279238995a3dbfafcad090?s=96&d=mm&r=g\",\"contentUrl\":\"https:\\\/\\\/secure.gravatar.com\\\/avatar\\\/10fcdb93211f98cce3d64c0795b0915a9a4a21dc0f279238995a3dbfafcad090?s=96&d=mm&r=g\",\"caption\":\"Reda\u00e7\u00e3o JBN\"},\"sameAs\":[\"https:\\\/\\\/p31noticias.com.br\"],\"url\":\"https:\\\/\\\/www.p31noticias.com.br\\\/?author=18\"}]}<\/script>\n<!-- \/ Yoast SEO Premium plugin. -->","yoast_head_json":{"title":"Abril marrom alerta as preven\u00e7\u00f5es e causas da cegueira - P31","robots":{"index":"index","follow":"follow","max-snippet":"max-snippet:-1","max-image-preview":"max-image-preview:large","max-video-preview":"max-video-preview:-1"},"canonical":"https:\/\/www.p31noticias.com.br\/?p=21612","og_locale":"pt_BR","og_type":"article","og_title":"Abril marrom alerta as preven\u00e7\u00f5es e causas da cegueira","og_description":"Campanha tem por objetivo reduzir a incid\u00eancia dos problemas da vis\u00e3o Fundamental para a nossa vida, a vis\u00e3o faz toda a diferen\u00e7a no nosso dia a dia. Por esse motivo, foi criado no Brasil a data para alertar as pessoas para darem mais valor e import\u00e2ncia aos olhos. O m\u00eas de abril tamb\u00e9m \u00e9 comemorado [&hellip;]","og_url":"https:\/\/www.p31noticias.com.br\/?p=21612","og_site_name":"P31","article_published_time":"2020-04-07T12:52:45+00:00","og_image":[{"width":848,"height":388,"url":"https:\/\/www.p31noticias.com.br\/wp-content\/uploads\/2020\/04\/abrilmarrom.jpg","type":"image\/jpeg"}],"author":"Reda\u00e7\u00e3o JBN","twitter_card":"summary_large_image","twitter_misc":{"Escrito por":"Reda\u00e7\u00e3o JBN","Est. tempo de leitura":"2 minutos"},"schema":{"@context":"https:\/\/schema.org","@graph":[{"@type":"Article","@id":"https:\/\/www.p31noticias.com.br\/?p=21612#article","isPartOf":{"@id":"https:\/\/www.p31noticias.com.br\/?p=21612"},"author":{"name":"Reda\u00e7\u00e3o JBN","@id":"https:\/\/www.p31noticias.com.br\/#\/schema\/person\/77d6b186c710ac38937c6ec204fdd387"},"headline":"Abril marrom alerta as preven\u00e7\u00f5es e causas da cegueira","datePublished":"2020-04-07T12:52:45+00:00","mainEntityOfPage":{"@id":"https:\/\/www.p31noticias.com.br\/?p=21612"},"wordCount":410,"commentCount":0,"image":{"@id":"https:\/\/www.p31noticias.com.br\/?p=21612#primaryimage"},"thumbnailUrl":"https:\/\/www.p31noticias.com.br\/wp-content\/uploads\/2020\/04\/abrilmarrom.jpg","articleSection":["Sa\u00fade"],"inLanguage":"pt-BR","potentialAction":[{"@type":"CommentAction","name":"Comment","target":["https:\/\/www.p31noticias.com.br\/?p=21612#respond"]}],"copyrightYear":"2020","copyrightHolder":{"@id":"https:\/\/www.p31noticias.com.br\/#organization"}},{"@type":"WebPage","@id":"https:\/\/www.p31noticias.com.br\/?p=21612","url":"https:\/\/www.p31noticias.com.br\/?p=21612","name":"Abril marrom alerta as preven\u00e7\u00f5es e causas da cegueira - P31","isPartOf":{"@id":"https:\/\/www.p31noticias.com.br\/#website"},"primaryImageOfPage":{"@id":"https:\/\/www.p31noticias.com.br\/?p=21612#primaryimage"},"image":{"@id":"https:\/\/www.p31noticias.com.br\/?p=21612#primaryimage"},"thumbnailUrl":"https:\/\/www.p31noticias.com.br\/wp-content\/uploads\/2020\/04\/abrilmarrom.jpg","datePublished":"2020-04-07T12:52:45+00:00","author":{"@id":"https:\/\/www.p31noticias.com.br\/#\/schema\/person\/77d6b186c710ac38937c6ec204fdd387"},"breadcrumb":{"@id":"https:\/\/www.p31noticias.com.br\/?p=21612#breadcrumb"},"inLanguage":"pt-BR","potentialAction":[{"@type":"ReadAction","target":["https:\/\/www.p31noticias.com.br\/?p=21612"]}]},{"@type":"ImageObject","inLanguage":"pt-BR","@id":"https:\/\/www.p31noticias.com.br\/?p=21612#primaryimage","url":"https:\/\/www.p31noticias.com.br\/wp-content\/uploads\/2020\/04\/abrilmarrom.jpg","contentUrl":"https:\/\/www.p31noticias.com.br\/wp-content\/uploads\/2020\/04\/abrilmarrom.jpg","width":848,"height":388},{"@type":"BreadcrumbList","@id":"https:\/\/www.p31noticias.com.br\/?p=21612#breadcrumb","itemListElement":[{"@type":"ListItem","position":1,"name":"In\u00edcio","item":"https:\/\/www.p31noticias.com.br\/"},{"@type":"ListItem","position":2,"name":"Abril marrom alerta as preven\u00e7\u00f5es e causas da cegueira"}]},{"@type":"WebSite","@id":"https:\/\/www.p31noticias.com.br\/#website","url":"https:\/\/www.p31noticias.com.br\/","name":"P31","description":"NOT\u00cdCIAS","potentialAction":[{"@type":"SearchAction","target":{"@type":"EntryPoint","urlTemplate":"https:\/\/www.p31noticias.com.br\/?s={search_term_string}"},"query-input":{"@type":"PropertyValueSpecification","valueRequired":true,"valueName":"search_term_string"}}],"inLanguage":"pt-BR"},{"@type":"Person","@id":"https:\/\/www.p31noticias.com.br\/#\/schema\/person\/77d6b186c710ac38937c6ec204fdd387","name":"Reda\u00e7\u00e3o JBN","image":{"@type":"ImageObject","inLanguage":"pt-BR","@id":"https:\/\/secure.gravatar.com\/avatar\/10fcdb93211f98cce3d64c0795b0915a9a4a21dc0f279238995a3dbfafcad090?s=96&d=mm&r=g","url":"https:\/\/secure.gravatar.com\/avatar\/10fcdb93211f98cce3d64c0795b0915a9a4a21dc0f279238995a3dbfafcad090?s=96&d=mm&r=g","contentUrl":"https:\/\/secure.gravatar.com\/avatar\/10fcdb93211f98cce3d64c0795b0915a9a4a21dc0f279238995a3dbfafcad090?s=96&d=mm&r=g","caption":"Reda\u00e7\u00e3o JBN"},"sameAs":["https:\/\/p31noticias.com.br"],"url":"https:\/\/www.p31noticias.com.br\/?author=18"}]}},"amp_enabled":true,"_links":{"self":[{"href":"https:\/\/www.p31noticias.com.br\/index.php?rest_route=\/wp\/v2\/posts\/21612","targetHints":{"allow":["GET"]}}],"collection":[{"href":"https:\/\/www.p31noticias.com.br\/index.php?rest_route=\/wp\/v2\/posts"}],"about":[{"href":"https:\/\/www.p31noticias.com.br\/index.php?rest_route=\/wp\/v2\/types\/post"}],"author":[{"embeddable":true,"href":"https:\/\/www.p31noticias.com.br\/index.php?rest_route=\/wp\/v2\/users\/18"}],"replies":[{"embeddable":true,"href":"https:\/\/www.p31noticias.com.br\/index.php?rest_route=%2Fwp%2Fv2%2Fcomments&post=21612"}],"version-history":[{"count":0,"href":"https:\/\/www.p31noticias.com.br\/index.php?rest_route=\/wp\/v2\/posts\/21612\/revisions"}],"wp:featuredmedia":[{"embeddable":true,"href":"https:\/\/www.p31noticias.com.br\/index.php?rest_route=\/wp\/v2\/media\/21613"}],"wp:attachment":[{"href":"https:\/\/www.p31noticias.com.br\/index.php?rest_route=%2Fwp%2Fv2%2Fmedia&parent=21612"}],"wp:term":[{"taxonomy":"category","embeddable":true,"href":"https:\/\/www.p31noticias.com.br\/index.php?rest_route=%2Fwp%2Fv2%2Fcategories&post=21612"},{"taxonomy":"post_tag","embeddable":true,"href":"https:\/\/www.p31noticias.com.br\/index.php?rest_route=%2Fwp%2Fv2%2Ftags&post=21612"}],"curies":[{"name":"wp","href":"https:\/\/api.w.org\/{rel}","templated":true}]}}