{"id":21606,"date":"2020-04-06T11:11:16","date_gmt":"2020-04-06T14:11:16","guid":{"rendered":"https:\/\/jornaldoplanalto.com.br\/web\/?p=21606"},"modified":"2020-04-06T11:11:16","modified_gmt":"2020-04-06T14:11:16","slug":"gdf-reforca-a-oferta-de-alimentacao-e-higiene-para-populacao-vulneravel","status":"publish","type":"post","link":"https:\/\/www.p31noticias.com.br\/?p=21606","title":{"rendered":"GDF refor\u00e7a a oferta de alimenta\u00e7\u00e3o e higiene para popula\u00e7\u00e3o vulner\u00e1vel"},"content":{"rendered":"<p><em><strong>Secretaria de Desenvolvimento Social abre dispensa de licita\u00e7\u00e3o emergencial para aquisi\u00e7\u00e3o de mais de 50 mil cestas de alimentos e kits de preven\u00e7\u00e3o. Ser\u00e3o investidos R$ 15 milh\u00f5es<\/strong><\/em><\/p>\n<p>O Governo do Distrito Federal (GDF) vai investir R$ 15 milh\u00f5es no fornecimento de 53.856 cestas b\u00e1sicas e 53.856 kits de higiene, ambos destinados a pessoas em situa\u00e7\u00e3o vulner\u00e1vel atendidas pela Secretaria de Desenvolvimento Social (Sedes).<\/p>\n<p>A medida, que abre dispensa de licita\u00e7\u00e3o emergencial, foi publicada em edi\u00e7\u00e3o extra do Di\u00e1rio Oficial do Distrito Federal (DODF) neste domingo (5) e \u00e9 mais uma a\u00e7\u00e3o para combater a pandemia provocada pelo novo coronav\u00edrus (Covid-19).<\/p>\n<p>Do montante a ser investido, R$ 10 milh\u00f5es comp\u00f5em recursos destinados ao combate \u00e0 Covid-19. Outros R$ 5 milh\u00f5es s\u00e3o de programas continuados da secretaria, mas n\u00e3o entram na dispensa de licita\u00e7\u00e3o emergencial<\/p>\n<p>As cestas ser\u00e3o compostas por arroz, a\u00e7\u00facar, feij\u00e3o-carioca, macarr\u00e3o, farinha de mandioca, polvilho doce, \u00f3leo de soja, carne bovina, sardinha, sal, caf\u00e9 e leite. J\u00e1 os kits de preven\u00e7\u00e3o contam com sab\u00e3o em p\u00f3, detergente, \u00e1gua sanit\u00e1ria e sabonete.<\/p>\n<p>Empresas interessadas em participar da licita\u00e7\u00e3o devem enviar proposta at\u00e9 as 14h do pr\u00f3ximo dia 8 (quarta-feira) ao e-mail dispensadelicitacao@sedes.df.gov.br. O termo de refer\u00eancia referente ao certame est\u00e1 dispon\u00edvel no site da secretaria (www.sedes.df.gov.br).<\/p>\n<p><em>(Ian Ferraz, da Ag\u00eancia Bras\u00edlia. Foto:Divulga\u00e7\u00e3o\/Conab)<\/em><\/p>\n","protected":false},"excerpt":{"rendered":"<p>Secretaria de Desenvolvimento Social abre dispensa de licita\u00e7\u00e3o emergencial para aquisi\u00e7\u00e3o de mais de 50 mil cestas de alimentos e kits de preven\u00e7\u00e3o. Ser\u00e3o investidos R$ 15 milh\u00f5es O Governo do Distrito Federal (GDF) vai investir R$ 15 milh\u00f5es no fornecimento de 53.856 cestas b\u00e1sicas e 53.856 kits de higiene, ambos destinados a pessoas em [&hellip;]<\/p>\n","protected":false},"author":18,"featured_media":21607,"comment_status":"open","ping_status":"open","sticky":false,"template":"","format":"standard","meta":{"footnotes":""},"categories":[1],"tags":[],"class_list":{"0":"post-21606","1":"post","2":"type-post","3":"status-publish","4":"format-standard","5":"has-post-thumbnail","7":"category-outros"},"yoast_head":"<!-- This site is optimized with the Yoast SEO Premium plugin v24.5 (Yoast SEO v27.5) - https:\/\/yoast.com\/product\/yoast-seo-premium-wordpress\/ -->\n<title>GDF refor\u00e7a a oferta de alimenta\u00e7\u00e3o e higiene para popula\u00e7\u00e3o vulner\u00e1vel - P31<\/title>\n<meta name=\"robots\" content=\"index, follow, max-snippet:-1, max-image-preview:large, max-video-preview:-1\" \/>\n<link rel=\"canonical\" href=\"https:\/\/www.p31noticias.com.br\/?p=21606\" \/>\n<meta property=\"og:locale\" content=\"pt_BR\" \/>\n<meta property=\"og:type\" content=\"article\" \/>\n<meta property=\"og:title\" content=\"GDF refor\u00e7a a oferta de alimenta\u00e7\u00e3o e higiene para popula\u00e7\u00e3o vulner\u00e1vel\" \/>\n<meta property=\"og:description\" content=\"Secretaria de Desenvolvimento Social abre dispensa de licita\u00e7\u00e3o emergencial para aquisi\u00e7\u00e3o de mais de 50 mil cestas de alimentos e kits de preven\u00e7\u00e3o. Ser\u00e3o investidos R$ 15 milh\u00f5es O Governo do Distrito Federal (GDF) vai investir R$ 15 milh\u00f5es no fornecimento de 53.856 cestas b\u00e1sicas e 53.856 kits de higiene, ambos destinados a pessoas em [&hellip;]\" \/>\n<meta property=\"og:url\" content=\"https:\/\/www.p31noticias.com.br\/?p=21606\" \/>\n<meta property=\"og:site_name\" content=\"P31\" \/>\n<meta property=\"article:published_time\" content=\"2020-04-06T14:11:16+00:00\" \/>\n<meta property=\"og:image\" content=\"https:\/\/www.p31noticias.com.br\/wp-content\/uploads\/2020\/04\/Cesta-de-alimenta\u00e7\u00e3o.jpeg\" \/>\n\t<meta property=\"og:image:width\" content=\"513\" \/>\n\t<meta property=\"og:image:height\" content=\"287\" \/>\n\t<meta property=\"og:image:type\" content=\"image\/jpeg\" \/>\n<meta name=\"author\" content=\"Reda\u00e7\u00e3o JBN\" \/>\n<meta name=\"twitter:card\" content=\"summary_large_image\" \/>\n<meta name=\"twitter:label1\" content=\"Escrito por\" \/>\n\t<meta name=\"twitter:data1\" content=\"Reda\u00e7\u00e3o JBN\" \/>\n\t<meta name=\"twitter:label2\" content=\"Est. tempo de leitura\" \/>\n\t<meta name=\"twitter:data2\" content=\"1 minuto\" \/>\n<script type=\"application\/ld+json\" class=\"yoast-schema-graph\">{\"@context\":\"https:\\\/\\\/schema.org\",\"@graph\":[{\"@type\":\"Article\",\"@id\":\"https:\\\/\\\/www.p31noticias.com.br\\\/?p=21606#article\",\"isPartOf\":{\"@id\":\"https:\\\/\\\/www.p31noticias.com.br\\\/?p=21606\"},\"author\":{\"name\":\"Reda\u00e7\u00e3o JBN\",\"@id\":\"https:\\\/\\\/www.p31noticias.com.br\\\/#\\\/schema\\\/person\\\/77d6b186c710ac38937c6ec204fdd387\"},\"headline\":\"GDF refor\u00e7a a oferta de alimenta\u00e7\u00e3o e higiene para popula\u00e7\u00e3o vulner\u00e1vel\",\"datePublished\":\"2020-04-06T14:11:16+00:00\",\"mainEntityOfPage\":{\"@id\":\"https:\\\/\\\/www.p31noticias.com.br\\\/?p=21606\"},\"wordCount\":261,\"commentCount\":0,\"image\":{\"@id\":\"https:\\\/\\\/www.p31noticias.com.br\\\/?p=21606#primaryimage\"},\"thumbnailUrl\":\"https:\\\/\\\/www.p31noticias.com.br\\\/wp-content\\\/uploads\\\/2020\\\/04\\\/Cesta-de-alimenta\u00e7\u00e3o.jpeg\",\"articleSection\":[\"Outros\"],\"inLanguage\":\"pt-BR\",\"potentialAction\":[{\"@type\":\"CommentAction\",\"name\":\"Comment\",\"target\":[\"https:\\\/\\\/www.p31noticias.com.br\\\/?p=21606#respond\"]}],\"copyrightYear\":\"2020\",\"copyrightHolder\":{\"@id\":\"https:\\\/\\\/www.p31noticias.com.br\\\/#organization\"}},{\"@type\":\"WebPage\",\"@id\":\"https:\\\/\\\/www.p31noticias.com.br\\\/?p=21606\",\"url\":\"https:\\\/\\\/www.p31noticias.com.br\\\/?p=21606\",\"name\":\"GDF refor\u00e7a a oferta de alimenta\u00e7\u00e3o e higiene para popula\u00e7\u00e3o vulner\u00e1vel - P31\",\"isPartOf\":{\"@id\":\"https:\\\/\\\/www.p31noticias.com.br\\\/#website\"},\"primaryImageOfPage\":{\"@id\":\"https:\\\/\\\/www.p31noticias.com.br\\\/?p=21606#primaryimage\"},\"image\":{\"@id\":\"https:\\\/\\\/www.p31noticias.com.br\\\/?p=21606#primaryimage\"},\"thumbnailUrl\":\"https:\\\/\\\/www.p31noticias.com.br\\\/wp-content\\\/uploads\\\/2020\\\/04\\\/Cesta-de-alimenta\u00e7\u00e3o.jpeg\",\"datePublished\":\"2020-04-06T14:11:16+00:00\",\"author\":{\"@id\":\"https:\\\/\\\/www.p31noticias.com.br\\\/#\\\/schema\\\/person\\\/77d6b186c710ac38937c6ec204fdd387\"},\"breadcrumb\":{\"@id\":\"https:\\\/\\\/www.p31noticias.com.br\\\/?p=21606#breadcrumb\"},\"inLanguage\":\"pt-BR\",\"potentialAction\":[{\"@type\":\"ReadAction\",\"target\":[\"https:\\\/\\\/www.p31noticias.com.br\\\/?p=21606\"]}]},{\"@type\":\"ImageObject\",\"inLanguage\":\"pt-BR\",\"@id\":\"https:\\\/\\\/www.p31noticias.com.br\\\/?p=21606#primaryimage\",\"url\":\"https:\\\/\\\/www.p31noticias.com.br\\\/wp-content\\\/uploads\\\/2020\\\/04\\\/Cesta-de-alimenta\u00e7\u00e3o.jpeg\",\"contentUrl\":\"https:\\\/\\\/www.p31noticias.com.br\\\/wp-content\\\/uploads\\\/2020\\\/04\\\/Cesta-de-alimenta\u00e7\u00e3o.jpeg\",\"width\":513,\"height\":287},{\"@type\":\"BreadcrumbList\",\"@id\":\"https:\\\/\\\/www.p31noticias.com.br\\\/?p=21606#breadcrumb\",\"itemListElement\":[{\"@type\":\"ListItem\",\"position\":1,\"name\":\"In\u00edcio\",\"item\":\"https:\\\/\\\/www.p31noticias.com.br\\\/\"},{\"@type\":\"ListItem\",\"position\":2,\"name\":\"GDF refor\u00e7a a oferta de alimenta\u00e7\u00e3o e higiene para popula\u00e7\u00e3o vulner\u00e1vel\"}]},{\"@type\":\"WebSite\",\"@id\":\"https:\\\/\\\/www.p31noticias.com.br\\\/#website\",\"url\":\"https:\\\/\\\/www.p31noticias.com.br\\\/\",\"name\":\"P31\",\"description\":\"NOT\u00cdCIAS\",\"potentialAction\":[{\"@type\":\"SearchAction\",\"target\":{\"@type\":\"EntryPoint\",\"urlTemplate\":\"https:\\\/\\\/www.p31noticias.com.br\\\/?s={search_term_string}\"},\"query-input\":{\"@type\":\"PropertyValueSpecification\",\"valueRequired\":true,\"valueName\":\"search_term_string\"}}],\"inLanguage\":\"pt-BR\"},{\"@type\":\"Person\",\"@id\":\"https:\\\/\\\/www.p31noticias.com.br\\\/#\\\/schema\\\/person\\\/77d6b186c710ac38937c6ec204fdd387\",\"name\":\"Reda\u00e7\u00e3o JBN\",\"image\":{\"@type\":\"ImageObject\",\"inLanguage\":\"pt-BR\",\"@id\":\"https:\\\/\\\/secure.gravatar.com\\\/avatar\\\/10fcdb93211f98cce3d64c0795b0915a9a4a21dc0f279238995a3dbfafcad090?s=96&d=mm&r=g\",\"url\":\"https:\\\/\\\/secure.gravatar.com\\\/avatar\\\/10fcdb93211f98cce3d64c0795b0915a9a4a21dc0f279238995a3dbfafcad090?s=96&d=mm&r=g\",\"contentUrl\":\"https:\\\/\\\/secure.gravatar.com\\\/avatar\\\/10fcdb93211f98cce3d64c0795b0915a9a4a21dc0f279238995a3dbfafcad090?s=96&d=mm&r=g\",\"caption\":\"Reda\u00e7\u00e3o JBN\"},\"sameAs\":[\"https:\\\/\\\/p31noticias.com.br\"],\"url\":\"https:\\\/\\\/www.p31noticias.com.br\\\/?author=18\"}]}<\/script>\n<!-- \/ Yoast SEO Premium plugin. -->","yoast_head_json":{"title":"GDF refor\u00e7a a oferta de alimenta\u00e7\u00e3o e higiene para popula\u00e7\u00e3o vulner\u00e1vel - P31","robots":{"index":"index","follow":"follow","max-snippet":"max-snippet:-1","max-image-preview":"max-image-preview:large","max-video-preview":"max-video-preview:-1"},"canonical":"https:\/\/www.p31noticias.com.br\/?p=21606","og_locale":"pt_BR","og_type":"article","og_title":"GDF refor\u00e7a a oferta de alimenta\u00e7\u00e3o e higiene para popula\u00e7\u00e3o vulner\u00e1vel","og_description":"Secretaria de Desenvolvimento Social abre dispensa de licita\u00e7\u00e3o emergencial para aquisi\u00e7\u00e3o de mais de 50 mil cestas de alimentos e kits de preven\u00e7\u00e3o. Ser\u00e3o investidos R$ 15 milh\u00f5es O Governo do Distrito Federal (GDF) vai investir R$ 15 milh\u00f5es no fornecimento de 53.856 cestas b\u00e1sicas e 53.856 kits de higiene, ambos destinados a pessoas em [&hellip;]","og_url":"https:\/\/www.p31noticias.com.br\/?p=21606","og_site_name":"P31","article_published_time":"2020-04-06T14:11:16+00:00","og_image":[{"width":513,"height":287,"url":"https:\/\/www.p31noticias.com.br\/wp-content\/uploads\/2020\/04\/Cesta-de-alimenta\u00e7\u00e3o.jpeg","type":"image\/jpeg"}],"author":"Reda\u00e7\u00e3o JBN","twitter_card":"summary_large_image","twitter_misc":{"Escrito por":"Reda\u00e7\u00e3o JBN","Est. tempo de leitura":"1 minuto"},"schema":{"@context":"https:\/\/schema.org","@graph":[{"@type":"Article","@id":"https:\/\/www.p31noticias.com.br\/?p=21606#article","isPartOf":{"@id":"https:\/\/www.p31noticias.com.br\/?p=21606"},"author":{"name":"Reda\u00e7\u00e3o JBN","@id":"https:\/\/www.p31noticias.com.br\/#\/schema\/person\/77d6b186c710ac38937c6ec204fdd387"},"headline":"GDF refor\u00e7a a oferta de alimenta\u00e7\u00e3o e higiene para popula\u00e7\u00e3o vulner\u00e1vel","datePublished":"2020-04-06T14:11:16+00:00","mainEntityOfPage":{"@id":"https:\/\/www.p31noticias.com.br\/?p=21606"},"wordCount":261,"commentCount":0,"image":{"@id":"https:\/\/www.p31noticias.com.br\/?p=21606#primaryimage"},"thumbnailUrl":"https:\/\/www.p31noticias.com.br\/wp-content\/uploads\/2020\/04\/Cesta-de-alimenta\u00e7\u00e3o.jpeg","articleSection":["Outros"],"inLanguage":"pt-BR","potentialAction":[{"@type":"CommentAction","name":"Comment","target":["https:\/\/www.p31noticias.com.br\/?p=21606#respond"]}],"copyrightYear":"2020","copyrightHolder":{"@id":"https:\/\/www.p31noticias.com.br\/#organization"}},{"@type":"WebPage","@id":"https:\/\/www.p31noticias.com.br\/?p=21606","url":"https:\/\/www.p31noticias.com.br\/?p=21606","name":"GDF refor\u00e7a a oferta de alimenta\u00e7\u00e3o e higiene para popula\u00e7\u00e3o vulner\u00e1vel - P31","isPartOf":{"@id":"https:\/\/www.p31noticias.com.br\/#website"},"primaryImageOfPage":{"@id":"https:\/\/www.p31noticias.com.br\/?p=21606#primaryimage"},"image":{"@id":"https:\/\/www.p31noticias.com.br\/?p=21606#primaryimage"},"thumbnailUrl":"https:\/\/www.p31noticias.com.br\/wp-content\/uploads\/2020\/04\/Cesta-de-alimenta\u00e7\u00e3o.jpeg","datePublished":"2020-04-06T14:11:16+00:00","author":{"@id":"https:\/\/www.p31noticias.com.br\/#\/schema\/person\/77d6b186c710ac38937c6ec204fdd387"},"breadcrumb":{"@id":"https:\/\/www.p31noticias.com.br\/?p=21606#breadcrumb"},"inLanguage":"pt-BR","potentialAction":[{"@type":"ReadAction","target":["https:\/\/www.p31noticias.com.br\/?p=21606"]}]},{"@type":"ImageObject","inLanguage":"pt-BR","@id":"https:\/\/www.p31noticias.com.br\/?p=21606#primaryimage","url":"https:\/\/www.p31noticias.com.br\/wp-content\/uploads\/2020\/04\/Cesta-de-alimenta\u00e7\u00e3o.jpeg","contentUrl":"https:\/\/www.p31noticias.com.br\/wp-content\/uploads\/2020\/04\/Cesta-de-alimenta\u00e7\u00e3o.jpeg","width":513,"height":287},{"@type":"BreadcrumbList","@id":"https:\/\/www.p31noticias.com.br\/?p=21606#breadcrumb","itemListElement":[{"@type":"ListItem","position":1,"name":"In\u00edcio","item":"https:\/\/www.p31noticias.com.br\/"},{"@type":"ListItem","position":2,"name":"GDF refor\u00e7a a oferta de alimenta\u00e7\u00e3o e higiene para popula\u00e7\u00e3o vulner\u00e1vel"}]},{"@type":"WebSite","@id":"https:\/\/www.p31noticias.com.br\/#website","url":"https:\/\/www.p31noticias.com.br\/","name":"P31","description":"NOT\u00cdCIAS","potentialAction":[{"@type":"SearchAction","target":{"@type":"EntryPoint","urlTemplate":"https:\/\/www.p31noticias.com.br\/?s={search_term_string}"},"query-input":{"@type":"PropertyValueSpecification","valueRequired":true,"valueName":"search_term_string"}}],"inLanguage":"pt-BR"},{"@type":"Person","@id":"https:\/\/www.p31noticias.com.br\/#\/schema\/person\/77d6b186c710ac38937c6ec204fdd387","name":"Reda\u00e7\u00e3o JBN","image":{"@type":"ImageObject","inLanguage":"pt-BR","@id":"https:\/\/secure.gravatar.com\/avatar\/10fcdb93211f98cce3d64c0795b0915a9a4a21dc0f279238995a3dbfafcad090?s=96&d=mm&r=g","url":"https:\/\/secure.gravatar.com\/avatar\/10fcdb93211f98cce3d64c0795b0915a9a4a21dc0f279238995a3dbfafcad090?s=96&d=mm&r=g","contentUrl":"https:\/\/secure.gravatar.com\/avatar\/10fcdb93211f98cce3d64c0795b0915a9a4a21dc0f279238995a3dbfafcad090?s=96&d=mm&r=g","caption":"Reda\u00e7\u00e3o JBN"},"sameAs":["https:\/\/p31noticias.com.br"],"url":"https:\/\/www.p31noticias.com.br\/?author=18"}]}},"amp_enabled":true,"_links":{"self":[{"href":"https:\/\/www.p31noticias.com.br\/index.php?rest_route=\/wp\/v2\/posts\/21606","targetHints":{"allow":["GET"]}}],"collection":[{"href":"https:\/\/www.p31noticias.com.br\/index.php?rest_route=\/wp\/v2\/posts"}],"about":[{"href":"https:\/\/www.p31noticias.com.br\/index.php?rest_route=\/wp\/v2\/types\/post"}],"author":[{"embeddable":true,"href":"https:\/\/www.p31noticias.com.br\/index.php?rest_route=\/wp\/v2\/users\/18"}],"replies":[{"embeddable":true,"href":"https:\/\/www.p31noticias.com.br\/index.php?rest_route=%2Fwp%2Fv2%2Fcomments&post=21606"}],"version-history":[{"count":0,"href":"https:\/\/www.p31noticias.com.br\/index.php?rest_route=\/wp\/v2\/posts\/21606\/revisions"}],"wp:featuredmedia":[{"embeddable":true,"href":"https:\/\/www.p31noticias.com.br\/index.php?rest_route=\/wp\/v2\/media\/21607"}],"wp:attachment":[{"href":"https:\/\/www.p31noticias.com.br\/index.php?rest_route=%2Fwp%2Fv2%2Fmedia&parent=21606"}],"wp:term":[{"taxonomy":"category","embeddable":true,"href":"https:\/\/www.p31noticias.com.br\/index.php?rest_route=%2Fwp%2Fv2%2Fcategories&post=21606"},{"taxonomy":"post_tag","embeddable":true,"href":"https:\/\/www.p31noticias.com.br\/index.php?rest_route=%2Fwp%2Fv2%2Ftags&post=21606"}],"curies":[{"name":"wp","href":"https:\/\/api.w.org\/{rel}","templated":true}]}}