{"id":21602,"date":"2020-04-05T12:23:12","date_gmt":"2020-04-05T15:23:12","guid":{"rendered":"https:\/\/jornaldoplanalto.com.br\/web\/?p=21602"},"modified":"2020-04-05T12:23:12","modified_gmt":"2020-04-05T15:23:12","slug":"no-df-feiras-permanentes-voltam-a-receber-publico","status":"publish","type":"post","link":"https:\/\/www.p31noticias.com.br\/?p=21602","title":{"rendered":"No DF feiras permanentes voltam a receber p\u00fablico"},"content":{"rendered":"<p><em><strong>Clientes aproveitaram, com seguran\u00e7a, a reabertura desses espa\u00e7os, autorizados a funcionar ap\u00f3s decreto do governador<\/strong><\/em><\/p>\n<p>As 23 feiras permanentes do Distrito Federal voltaram a receber clientes neste s\u00e1bado (4). Os espa\u00e7os foram retomados ap\u00f3s a publica\u00e7\u00e3o do Decreto n\u00b040.587, que autoriza o funcionamento desses locais, neste momento, exclusivamente para a comercializa\u00e7\u00e3o de g\u00eaneros aliment\u00edcios de consumo humano ou animal. A abertura foi feita de forma consciente e segura, pois o Governo do Distrito Federal higienizou as feiras como medida de combate \u00e0 prolifera\u00e7\u00e3o do novo coronav\u00edrus (Covid-19).<\/p>\n<p>Neste s\u00e1bado, a Ag\u00eancia Bras\u00edlia acompanhou a movimenta\u00e7\u00e3o na Feira Permanente do Cruzeiro. O p\u00fablico recebeu todas as orienta\u00e7\u00f5es, inclusive com aferi\u00e7\u00e3o de temperatura, procedimentos necess\u00e1rios para garantir que tudo transcorre com a maior seguran\u00e7a. Com ou sem m\u00e1scaras, respeitando o espa\u00e7o de distanciamento e evitando aglomera\u00e7\u00e3o nos boxes, os clientes aproveitaram para adquirir produtos frescos.<\/p>\n<p>\u201cAchei excelente essa reabertura\u201d, comemorou Orlanides Maia, moradora do Cruzeiro. \u201cEstava sentindo falta. Frequento bastante aqui e acho uma medida acertada. Voc\u00ea vem rapidamente e faz a compra, n\u00e3o tem aglomera\u00e7\u00e3o de pessoas. Me sinto segura.\u201d<\/p>\n<p>Tamb\u00e9m moradora da regi\u00e3o, Jacqueline Clem\u00eancio foi outra a elogiar a medida: \u201cVem em boa hora. Tenho filho atleta, e ele precisa comer comida fresca. Temos que fazer o isolamento. Estava em casa e vim fazer a compra. Volto em seguida. Estamos em uma guerra, nosso inimigo \u00e9 invis\u00edvel e temos que nos cuidar\u201d.<\/p>\n<p><strong>Trabalho com seguran\u00e7a<\/strong><\/p>\n<p>O comerciante Marcelo Sarmento se mostrava animado \u00e0 espera dos clientes. Afinal, as feiras estavam fechadas ao p\u00fablico desde 18 de mar\u00e7o\u200b, por decreto. Os funcion\u00e1rios do box que ele comanda usavam m\u00e1scaras e sabiam de cor as medidas de higiene. \u201c\u00c9 muito boa a abertura das feiras, porque estamos tomando todas as precau\u00e7\u00f5es para continuar trabalhando\u201d disse.<\/p>\n<p>Marcelo demonstrou estar seguindo \u00e0 risca as orienta\u00e7\u00f5es: \u201cTemos pedido para os clientes fazerem o pedido por telefone, passar e buscar no balc\u00e3o para evitar a aglomera\u00e7\u00e3o. Se continuarmos com esses cuidados, n\u00f3s vamos trabalhar e manter a sa\u00fade dos clientes e a nossa sa\u00fade financeira. S\u00f3 nesta loja, s\u00e3o dez fam\u00edlias que precisam desse trabalho. As medidas t\u00eam sido positivas, e \u00e9 assim que vamos vencer o coronav\u00edrus\u201d.<\/p>\n<p>A Feira Permanente do Cruzeiro adotou medidas de precau\u00e7\u00e3o para evitar que o v\u00edrus se espalhe. Logo na entrada, bombeiros mediam a temperatura dos clientes. Nos boxes, os propriet\u00e1rios dispunham de \u00e1lcool em gel e todos usavam m\u00e1scaras. Cartazes sobre o novo coronav\u00edrus (Covid-19) tamb\u00e9m est\u00e3o afixados no local.<\/p>\n<p>J\u00e1 os estabelecimentos comerciais que tiveram suas atividades suspensas continuam fechados at\u00e9 maio. As medidas fazem parte das a\u00e7\u00f5es do GDF no cuidado com a popula\u00e7\u00e3o e orienta\u00e7\u00f5es para combater a Covid-19.<\/p>\n<p><strong>Distribui\u00e7\u00e3o de m\u00e1scaras<\/strong><\/p>\n<p>Tamb\u00e9m neste s\u00e1bado, a secret\u00e1ria de Justi\u00e7a e Cidadania, Marcela Passamani, distribuiu m\u00e1scaras descart\u00e1veis para os clientes e comerciantes como forma de prevenir a prolifera\u00e7\u00e3o do v\u00edrus. O material foi produzido por internos da Penitenci\u00e1ria do Distrito Federal I (PDF I), numa a\u00e7\u00e3o que contribui para seu processo de ressocializa\u00e7\u00e3o.<\/p>\n<p><strong>Confira, abaixo, a lista das feiras e espa\u00e7os de abastecimento liberados por decreto.<\/strong><\/p>\n<p>Centrais de Abastecimento do Distrito Federal (Ceasa-DF)<br \/>\nFeira Central de Ceil\u00e2ndia<br \/>\nFeira de Hortifrutigranjeiros de Planaltina<br \/>\nFeira Modelo de Sobradinho<br \/>\nFeira do Parano\u00e1<br \/>\nFeira Permanente de Brazl\u00e2ndia<br \/>\nFeira Permanente da Candagol\u00e2ndia<br \/>\nFeira Permanente do Cruzeiro<br \/>\nFeira Permanente do Gama<br \/>\nFeira Permanente do Guar\u00e1<br \/>\nFeira Permanente da Estrutural<br \/>\nFeira Permanente da Guariroba<br \/>\nFeira Permanente do Jardim Bot\u00e2nico<br \/>\nFeira Permanente do N\u00facleo Bandeirante<br \/>\nFeira Permanente do P Norte \u2013 Ceil\u00e2ndia<br \/>\nFeira Permanente da QNL \u2013 Taguatinga<br \/>\nFeira Permanente de S\u00e3o Sebasti\u00e3o<br \/>\nFeira Permanente de Sobradinho II<\/p>\n<p><iframe loading=\"lazy\" title=\"Feiras Permanentes voltam a funcionar\" width=\"696\" height=\"392\" src=\"https:\/\/www.youtube.com\/embed\/vp84dVNjuhM?feature=oembed\" frameborder=\"0\" allow=\"accelerometer; autoplay; encrypted-media; gyroscope; picture-in-picture\" allowfullscreen><\/iframe><\/p>\n<p>(Ian Ferraz, da Ag\u00eancia Bras\u00edlia. Foto: Ac\u00e1cio Pinheiro)<\/p>\n","protected":false},"excerpt":{"rendered":"<p>Clientes aproveitaram, com seguran\u00e7a, a reabertura desses espa\u00e7os, autorizados a funcionar ap\u00f3s decreto do governador As 23 feiras permanentes do Distrito Federal voltaram a receber clientes neste s\u00e1bado (4). Os espa\u00e7os foram retomados ap\u00f3s a publica\u00e7\u00e3o do Decreto n\u00b040.587, que autoriza o funcionamento desses locais, neste momento, exclusivamente para a comercializa\u00e7\u00e3o de g\u00eaneros aliment\u00edcios de [&hellip;]<\/p>\n","protected":false},"author":18,"featured_media":21604,"comment_status":"open","ping_status":"open","sticky":false,"template":"","format":"standard","meta":{"footnotes":""},"categories":[1],"tags":[],"class_list":{"0":"post-21602","1":"post","2":"type-post","3":"status-publish","4":"format-standard","5":"has-post-thumbnail","7":"category-outros"},"yoast_head":"<!-- This site is optimized with the Yoast SEO Premium plugin v24.5 (Yoast SEO v27.5) - https:\/\/yoast.com\/product\/yoast-seo-premium-wordpress\/ -->\n<title>No DF feiras permanentes voltam a receber p\u00fablico - P31<\/title>\n<meta name=\"robots\" content=\"index, follow, max-snippet:-1, max-image-preview:large, max-video-preview:-1\" \/>\n<link rel=\"canonical\" href=\"https:\/\/www.p31noticias.com.br\/?p=21602\" \/>\n<meta property=\"og:locale\" content=\"pt_BR\" \/>\n<meta property=\"og:type\" content=\"article\" \/>\n<meta property=\"og:title\" content=\"No DF feiras permanentes voltam a receber p\u00fablico\" \/>\n<meta property=\"og:description\" content=\"Clientes aproveitaram, com seguran\u00e7a, a reabertura desses espa\u00e7os, autorizados a funcionar ap\u00f3s decreto do governador As 23 feiras permanentes do Distrito Federal voltaram a receber clientes neste s\u00e1bado (4). Os espa\u00e7os foram retomados ap\u00f3s a publica\u00e7\u00e3o do Decreto n\u00b040.587, que autoriza o funcionamento desses locais, neste momento, exclusivamente para a comercializa\u00e7\u00e3o de g\u00eaneros aliment\u00edcios de [&hellip;]\" \/>\n<meta property=\"og:url\" content=\"https:\/\/www.p31noticias.com.br\/?p=21602\" \/>\n<meta property=\"og:site_name\" content=\"P31\" \/>\n<meta property=\"article:published_time\" content=\"2020-04-05T15:23:12+00:00\" \/>\n<meta property=\"og:image\" content=\"https:\/\/www.p31noticias.com.br\/wp-content\/uploads\/2020\/04\/Feira-do-Cruzeiro.-Foto-de-Ac\u00e1cio-Pinheiro.jpeg\" \/>\n\t<meta property=\"og:image:width\" content=\"1280\" \/>\n\t<meta property=\"og:image:height\" content=\"730\" \/>\n\t<meta property=\"og:image:type\" content=\"image\/jpeg\" \/>\n<meta name=\"author\" content=\"Reda\u00e7\u00e3o JBN\" \/>\n<meta name=\"twitter:card\" content=\"summary_large_image\" \/>\n<meta name=\"twitter:label1\" content=\"Escrito por\" \/>\n\t<meta name=\"twitter:data1\" content=\"Reda\u00e7\u00e3o JBN\" \/>\n\t<meta name=\"twitter:label2\" content=\"Est. tempo de leitura\" \/>\n\t<meta name=\"twitter:data2\" content=\"3 minutos\" \/>\n<script type=\"application\/ld+json\" class=\"yoast-schema-graph\">{\"@context\":\"https:\\\/\\\/schema.org\",\"@graph\":[{\"@type\":\"Article\",\"@id\":\"https:\\\/\\\/www.p31noticias.com.br\\\/?p=21602#article\",\"isPartOf\":{\"@id\":\"https:\\\/\\\/www.p31noticias.com.br\\\/?p=21602\"},\"author\":{\"name\":\"Reda\u00e7\u00e3o JBN\",\"@id\":\"https:\\\/\\\/www.p31noticias.com.br\\\/#\\\/schema\\\/person\\\/77d6b186c710ac38937c6ec204fdd387\"},\"headline\":\"No DF feiras permanentes voltam a receber p\u00fablico\",\"datePublished\":\"2020-04-05T15:23:12+00:00\",\"mainEntityOfPage\":{\"@id\":\"https:\\\/\\\/www.p31noticias.com.br\\\/?p=21602\"},\"wordCount\":686,\"commentCount\":0,\"image\":{\"@id\":\"https:\\\/\\\/www.p31noticias.com.br\\\/?p=21602#primaryimage\"},\"thumbnailUrl\":\"https:\\\/\\\/www.p31noticias.com.br\\\/wp-content\\\/uploads\\\/2020\\\/04\\\/Feira-do-Cruzeiro.-Foto-de-Ac\u00e1cio-Pinheiro.jpeg\",\"articleSection\":[\"Outros\"],\"inLanguage\":\"pt-BR\",\"potentialAction\":[{\"@type\":\"CommentAction\",\"name\":\"Comment\",\"target\":[\"https:\\\/\\\/www.p31noticias.com.br\\\/?p=21602#respond\"]}],\"copyrightYear\":\"2020\",\"copyrightHolder\":{\"@id\":\"https:\\\/\\\/www.p31noticias.com.br\\\/#organization\"}},{\"@type\":\"WebPage\",\"@id\":\"https:\\\/\\\/www.p31noticias.com.br\\\/?p=21602\",\"url\":\"https:\\\/\\\/www.p31noticias.com.br\\\/?p=21602\",\"name\":\"No DF feiras permanentes voltam a receber p\u00fablico - P31\",\"isPartOf\":{\"@id\":\"https:\\\/\\\/www.p31noticias.com.br\\\/#website\"},\"primaryImageOfPage\":{\"@id\":\"https:\\\/\\\/www.p31noticias.com.br\\\/?p=21602#primaryimage\"},\"image\":{\"@id\":\"https:\\\/\\\/www.p31noticias.com.br\\\/?p=21602#primaryimage\"},\"thumbnailUrl\":\"https:\\\/\\\/www.p31noticias.com.br\\\/wp-content\\\/uploads\\\/2020\\\/04\\\/Feira-do-Cruzeiro.-Foto-de-Ac\u00e1cio-Pinheiro.jpeg\",\"datePublished\":\"2020-04-05T15:23:12+00:00\",\"author\":{\"@id\":\"https:\\\/\\\/www.p31noticias.com.br\\\/#\\\/schema\\\/person\\\/77d6b186c710ac38937c6ec204fdd387\"},\"breadcrumb\":{\"@id\":\"https:\\\/\\\/www.p31noticias.com.br\\\/?p=21602#breadcrumb\"},\"inLanguage\":\"pt-BR\",\"potentialAction\":[{\"@type\":\"ReadAction\",\"target\":[\"https:\\\/\\\/www.p31noticias.com.br\\\/?p=21602\"]}]},{\"@type\":\"ImageObject\",\"inLanguage\":\"pt-BR\",\"@id\":\"https:\\\/\\\/www.p31noticias.com.br\\\/?p=21602#primaryimage\",\"url\":\"https:\\\/\\\/www.p31noticias.com.br\\\/wp-content\\\/uploads\\\/2020\\\/04\\\/Feira-do-Cruzeiro.-Foto-de-Ac\u00e1cio-Pinheiro.jpeg\",\"contentUrl\":\"https:\\\/\\\/www.p31noticias.com.br\\\/wp-content\\\/uploads\\\/2020\\\/04\\\/Feira-do-Cruzeiro.-Foto-de-Ac\u00e1cio-Pinheiro.jpeg\",\"width\":1280,\"height\":730},{\"@type\":\"BreadcrumbList\",\"@id\":\"https:\\\/\\\/www.p31noticias.com.br\\\/?p=21602#breadcrumb\",\"itemListElement\":[{\"@type\":\"ListItem\",\"position\":1,\"name\":\"In\u00edcio\",\"item\":\"https:\\\/\\\/www.p31noticias.com.br\\\/\"},{\"@type\":\"ListItem\",\"position\":2,\"name\":\"No DF feiras permanentes voltam a receber p\u00fablico\"}]},{\"@type\":\"WebSite\",\"@id\":\"https:\\\/\\\/www.p31noticias.com.br\\\/#website\",\"url\":\"https:\\\/\\\/www.p31noticias.com.br\\\/\",\"name\":\"P31\",\"description\":\"NOT\u00cdCIAS\",\"potentialAction\":[{\"@type\":\"SearchAction\",\"target\":{\"@type\":\"EntryPoint\",\"urlTemplate\":\"https:\\\/\\\/www.p31noticias.com.br\\\/?s={search_term_string}\"},\"query-input\":{\"@type\":\"PropertyValueSpecification\",\"valueRequired\":true,\"valueName\":\"search_term_string\"}}],\"inLanguage\":\"pt-BR\"},{\"@type\":\"Person\",\"@id\":\"https:\\\/\\\/www.p31noticias.com.br\\\/#\\\/schema\\\/person\\\/77d6b186c710ac38937c6ec204fdd387\",\"name\":\"Reda\u00e7\u00e3o JBN\",\"image\":{\"@type\":\"ImageObject\",\"inLanguage\":\"pt-BR\",\"@id\":\"https:\\\/\\\/secure.gravatar.com\\\/avatar\\\/10fcdb93211f98cce3d64c0795b0915a9a4a21dc0f279238995a3dbfafcad090?s=96&d=mm&r=g\",\"url\":\"https:\\\/\\\/secure.gravatar.com\\\/avatar\\\/10fcdb93211f98cce3d64c0795b0915a9a4a21dc0f279238995a3dbfafcad090?s=96&d=mm&r=g\",\"contentUrl\":\"https:\\\/\\\/secure.gravatar.com\\\/avatar\\\/10fcdb93211f98cce3d64c0795b0915a9a4a21dc0f279238995a3dbfafcad090?s=96&d=mm&r=g\",\"caption\":\"Reda\u00e7\u00e3o JBN\"},\"sameAs\":[\"https:\\\/\\\/p31noticias.com.br\"],\"url\":\"https:\\\/\\\/www.p31noticias.com.br\\\/?author=18\"}]}<\/script>\n<!-- \/ Yoast SEO Premium plugin. -->","yoast_head_json":{"title":"No DF feiras permanentes voltam a receber p\u00fablico - P31","robots":{"index":"index","follow":"follow","max-snippet":"max-snippet:-1","max-image-preview":"max-image-preview:large","max-video-preview":"max-video-preview:-1"},"canonical":"https:\/\/www.p31noticias.com.br\/?p=21602","og_locale":"pt_BR","og_type":"article","og_title":"No DF feiras permanentes voltam a receber p\u00fablico","og_description":"Clientes aproveitaram, com seguran\u00e7a, a reabertura desses espa\u00e7os, autorizados a funcionar ap\u00f3s decreto do governador As 23 feiras permanentes do Distrito Federal voltaram a receber clientes neste s\u00e1bado (4). Os espa\u00e7os foram retomados ap\u00f3s a publica\u00e7\u00e3o do Decreto n\u00b040.587, que autoriza o funcionamento desses locais, neste momento, exclusivamente para a comercializa\u00e7\u00e3o de g\u00eaneros aliment\u00edcios de [&hellip;]","og_url":"https:\/\/www.p31noticias.com.br\/?p=21602","og_site_name":"P31","article_published_time":"2020-04-05T15:23:12+00:00","og_image":[{"width":1280,"height":730,"url":"https:\/\/www.p31noticias.com.br\/wp-content\/uploads\/2020\/04\/Feira-do-Cruzeiro.-Foto-de-Ac\u00e1cio-Pinheiro.jpeg","type":"image\/jpeg"}],"author":"Reda\u00e7\u00e3o JBN","twitter_card":"summary_large_image","twitter_misc":{"Escrito por":"Reda\u00e7\u00e3o JBN","Est. tempo de leitura":"3 minutos"},"schema":{"@context":"https:\/\/schema.org","@graph":[{"@type":"Article","@id":"https:\/\/www.p31noticias.com.br\/?p=21602#article","isPartOf":{"@id":"https:\/\/www.p31noticias.com.br\/?p=21602"},"author":{"name":"Reda\u00e7\u00e3o JBN","@id":"https:\/\/www.p31noticias.com.br\/#\/schema\/person\/77d6b186c710ac38937c6ec204fdd387"},"headline":"No DF feiras permanentes voltam a receber p\u00fablico","datePublished":"2020-04-05T15:23:12+00:00","mainEntityOfPage":{"@id":"https:\/\/www.p31noticias.com.br\/?p=21602"},"wordCount":686,"commentCount":0,"image":{"@id":"https:\/\/www.p31noticias.com.br\/?p=21602#primaryimage"},"thumbnailUrl":"https:\/\/www.p31noticias.com.br\/wp-content\/uploads\/2020\/04\/Feira-do-Cruzeiro.-Foto-de-Ac\u00e1cio-Pinheiro.jpeg","articleSection":["Outros"],"inLanguage":"pt-BR","potentialAction":[{"@type":"CommentAction","name":"Comment","target":["https:\/\/www.p31noticias.com.br\/?p=21602#respond"]}],"copyrightYear":"2020","copyrightHolder":{"@id":"https:\/\/www.p31noticias.com.br\/#organization"}},{"@type":"WebPage","@id":"https:\/\/www.p31noticias.com.br\/?p=21602","url":"https:\/\/www.p31noticias.com.br\/?p=21602","name":"No DF feiras permanentes voltam a receber p\u00fablico - P31","isPartOf":{"@id":"https:\/\/www.p31noticias.com.br\/#website"},"primaryImageOfPage":{"@id":"https:\/\/www.p31noticias.com.br\/?p=21602#primaryimage"},"image":{"@id":"https:\/\/www.p31noticias.com.br\/?p=21602#primaryimage"},"thumbnailUrl":"https:\/\/www.p31noticias.com.br\/wp-content\/uploads\/2020\/04\/Feira-do-Cruzeiro.-Foto-de-Ac\u00e1cio-Pinheiro.jpeg","datePublished":"2020-04-05T15:23:12+00:00","author":{"@id":"https:\/\/www.p31noticias.com.br\/#\/schema\/person\/77d6b186c710ac38937c6ec204fdd387"},"breadcrumb":{"@id":"https:\/\/www.p31noticias.com.br\/?p=21602#breadcrumb"},"inLanguage":"pt-BR","potentialAction":[{"@type":"ReadAction","target":["https:\/\/www.p31noticias.com.br\/?p=21602"]}]},{"@type":"ImageObject","inLanguage":"pt-BR","@id":"https:\/\/www.p31noticias.com.br\/?p=21602#primaryimage","url":"https:\/\/www.p31noticias.com.br\/wp-content\/uploads\/2020\/04\/Feira-do-Cruzeiro.-Foto-de-Ac\u00e1cio-Pinheiro.jpeg","contentUrl":"https:\/\/www.p31noticias.com.br\/wp-content\/uploads\/2020\/04\/Feira-do-Cruzeiro.-Foto-de-Ac\u00e1cio-Pinheiro.jpeg","width":1280,"height":730},{"@type":"BreadcrumbList","@id":"https:\/\/www.p31noticias.com.br\/?p=21602#breadcrumb","itemListElement":[{"@type":"ListItem","position":1,"name":"In\u00edcio","item":"https:\/\/www.p31noticias.com.br\/"},{"@type":"ListItem","position":2,"name":"No DF feiras permanentes voltam a receber p\u00fablico"}]},{"@type":"WebSite","@id":"https:\/\/www.p31noticias.com.br\/#website","url":"https:\/\/www.p31noticias.com.br\/","name":"P31","description":"NOT\u00cdCIAS","potentialAction":[{"@type":"SearchAction","target":{"@type":"EntryPoint","urlTemplate":"https:\/\/www.p31noticias.com.br\/?s={search_term_string}"},"query-input":{"@type":"PropertyValueSpecification","valueRequired":true,"valueName":"search_term_string"}}],"inLanguage":"pt-BR"},{"@type":"Person","@id":"https:\/\/www.p31noticias.com.br\/#\/schema\/person\/77d6b186c710ac38937c6ec204fdd387","name":"Reda\u00e7\u00e3o JBN","image":{"@type":"ImageObject","inLanguage":"pt-BR","@id":"https:\/\/secure.gravatar.com\/avatar\/10fcdb93211f98cce3d64c0795b0915a9a4a21dc0f279238995a3dbfafcad090?s=96&d=mm&r=g","url":"https:\/\/secure.gravatar.com\/avatar\/10fcdb93211f98cce3d64c0795b0915a9a4a21dc0f279238995a3dbfafcad090?s=96&d=mm&r=g","contentUrl":"https:\/\/secure.gravatar.com\/avatar\/10fcdb93211f98cce3d64c0795b0915a9a4a21dc0f279238995a3dbfafcad090?s=96&d=mm&r=g","caption":"Reda\u00e7\u00e3o JBN"},"sameAs":["https:\/\/p31noticias.com.br"],"url":"https:\/\/www.p31noticias.com.br\/?author=18"}]}},"amp_enabled":true,"_links":{"self":[{"href":"https:\/\/www.p31noticias.com.br\/index.php?rest_route=\/wp\/v2\/posts\/21602","targetHints":{"allow":["GET"]}}],"collection":[{"href":"https:\/\/www.p31noticias.com.br\/index.php?rest_route=\/wp\/v2\/posts"}],"about":[{"href":"https:\/\/www.p31noticias.com.br\/index.php?rest_route=\/wp\/v2\/types\/post"}],"author":[{"embeddable":true,"href":"https:\/\/www.p31noticias.com.br\/index.php?rest_route=\/wp\/v2\/users\/18"}],"replies":[{"embeddable":true,"href":"https:\/\/www.p31noticias.com.br\/index.php?rest_route=%2Fwp%2Fv2%2Fcomments&post=21602"}],"version-history":[{"count":0,"href":"https:\/\/www.p31noticias.com.br\/index.php?rest_route=\/wp\/v2\/posts\/21602\/revisions"}],"wp:featuredmedia":[{"embeddable":true,"href":"https:\/\/www.p31noticias.com.br\/index.php?rest_route=\/wp\/v2\/media\/21604"}],"wp:attachment":[{"href":"https:\/\/www.p31noticias.com.br\/index.php?rest_route=%2Fwp%2Fv2%2Fmedia&parent=21602"}],"wp:term":[{"taxonomy":"category","embeddable":true,"href":"https:\/\/www.p31noticias.com.br\/index.php?rest_route=%2Fwp%2Fv2%2Fcategories&post=21602"},{"taxonomy":"post_tag","embeddable":true,"href":"https:\/\/www.p31noticias.com.br\/index.php?rest_route=%2Fwp%2Fv2%2Ftags&post=21602"}],"curies":[{"name":"wp","href":"https:\/\/api.w.org\/{rel}","templated":true}]}}