{"id":21595,"date":"2020-04-04T10:55:32","date_gmt":"2020-04-04T13:55:32","guid":{"rendered":"https:\/\/jornaldoplanalto.com.br\/web\/?p=21595"},"modified":"2020-04-04T10:55:32","modified_gmt":"2020-04-04T13:55:32","slug":"paises-da-al-e-caribe-se-unem-para-evitar-desabastecimento","status":"publish","type":"post","link":"https:\/\/www.p31noticias.com.br\/?p=21595","title":{"rendered":"Pa\u00edses da AL e Caribe se unem para evitar desabastecimento"},"content":{"rendered":"<p><em><strong>Medida vai beneficiar 620 milh\u00f5es de pessoas que vivem na regi\u00e3o<\/strong><\/em><\/p>\n<p>Ministros da agricultura, alimenta\u00e7\u00e3o, desenvolvimento rural, pecu\u00e1ria e pesca de 25 pa\u00edses da Am\u00e9rica Latina e Caribe, incluindo o Brasil, assinaram uma nota conjunta se comprometendo a adotar medidas para garantir o abastecimento de alimentos para cerca de 620 milh\u00f5es de pessoas que vivem na regi\u00e3o.<\/p>\n<p>No documento divulgado ontem (3), os signat\u00e1rios garantem que, at\u00e9 o momento, n\u00e3o h\u00e1 falta de g\u00eaneros aliment\u00edcios em seu pa\u00edses, e que, diferentemente de outras crises, a oferta de alimentos segue est\u00e1vel na regi\u00e3o e no resto do mundo.<\/p>\n<p>\u201cOs estoques globais dos principais tipo de alimentos est\u00e3o em bons n\u00edveis e as colheitas nos principais pa\u00edses produtores foram boas\u201d, afirmam os ministros, assegurando que trabalhadores do campo e ind\u00fastrias aliment\u00edcias seguem trabalhando.<\/p>\n<p>\u201cN\u00e3o existem, portanto, raz\u00f5es que justifiquem aumentos significativos nos pre\u00e7os internacionais dos alimentos, raz\u00e3o pela qual fazemos um chamado a todos os que atuam no sistema a fim de impedir a especula\u00e7\u00e3o neste momento de emerg\u00eancia\u201d, acrescentam os representantes nacionais.<\/p>\n<p>Os ministros, no entanto, admitem a import\u00e2ncia de que o funcionamento de toda a cadeia de suprimento siga funcionando em meio \u00e0 pandemia do novo coronav\u00edrus (covid-19). Na nota, eles apontam que, se a amea\u00e7a de dissemina\u00e7\u00e3o da doen\u00e7a persistir por um longo tempo, os servi\u00e7os ser\u00e3o submetidos a press\u00f5es que podem sim gerar problemas. Raz\u00e3o pela qual preescrevem que os pa\u00edses da regi\u00e3o ajam em conjunto para evitar o desabastecimento.<\/p>\n<p>\u201cNeste sentido, se todos os pa\u00edses nos esfor\u00e7armos para manter funcionando as cadeias locais, nacionais, regionais e globais de abastecimiento, poderemos assegurar os alimentos de forma sustent\u00e1vel para toda a popula\u00e7\u00e3o.\u201d<\/p>\n<p>Os ministros se comprometem a atuar conjuntamente, trocando informa\u00e7\u00f5es e adotando medidas \u201capropriadas, conforme a realidade de cada pa\u00eds\u201d, entre elas fornecer assist\u00eancia t\u00e9cnica e financeira aos pequenos e m\u00e9dios produtores agr\u00edcolas, pescadores, aquicultores, pecuaristas e pequenas e m\u00e9dias agroind\u00fastrias a fim de que possam manter e, em alguns casos, aumentar sua produ\u00e7\u00e3o.<\/p>\n<p>O grupo tamb\u00e9m defende a implementa\u00e7\u00e3o de programas emergenciais para prevenir a perda e o desperd\u00edcio de alimentos, incluindo os que estimulem e facilitem o funcionamento de bancos de alimentos; o monitoramento constante das cadeias log\u00edsticas, especialmente as que envolvam mais de um pa\u00eds, a fim de resolver rapidamente qualquer gargalo, e o fomento do uso de plataformas de com\u00e9rcio eletr\u00f4nico, buscando envolver o menor n\u00famero poss\u00edvel de produtores e estabelecimentos de pequeno e m\u00e9dio porte.<\/p>\n<p>Os ministros prop\u00f5em que os governos promovam pol\u00edticas fiscais e comerciais em resposta aos efeitos econ\u00f4micos da crise e estabele\u00e7am mecanismos p\u00fablico-privados que facilitem o constante monitoramento dos n\u00edveis de abastecimento alimentar e a situa\u00e7\u00e3o dos mercados.<\/p>\n<p>A declara\u00e7\u00e3o do grupo de 25 ministros conta com o apoio da Organiza\u00e7\u00e3o das Na\u00e7\u00f5es Unidas para a Alimenta\u00e7\u00e3o e a Agricultura e outros organismos multilaterais especializados, como o Programa Mundial de Alimentos; o Instituto Interamericano de Coopera\u00e7\u00e3o para a Agricultura; a Organiza\u00e7\u00e3o Mundial de Sa\u00fade Animal, entre outras entidades.<\/p>\n<p><em>(Por Alex Rodrigues &#8211; Rep\u00f3rter da Ag\u00eancia Brasil &#8211; Bras\u00edlia)<\/em><\/p>\n<p>&nbsp;<\/p>\n","protected":false},"excerpt":{"rendered":"<p>Medida vai beneficiar 620 milh\u00f5es de pessoas que vivem na regi\u00e3o Ministros da agricultura, alimenta\u00e7\u00e3o, desenvolvimento rural, pecu\u00e1ria e pesca de 25 pa\u00edses da Am\u00e9rica Latina e Caribe, incluindo o Brasil, assinaram uma nota conjunta se comprometendo a adotar medidas para garantir o abastecimento de alimentos para cerca de 620 milh\u00f5es de pessoas que vivem [&hellip;]<\/p>\n","protected":false},"author":18,"featured_media":21596,"comment_status":"open","ping_status":"open","sticky":false,"template":"","format":"standard","meta":{"footnotes":""},"categories":[68],"tags":[],"class_list":{"0":"post-21595","1":"post","2":"type-post","3":"status-publish","4":"format-standard","5":"has-post-thumbnail","7":"category-brasil"},"yoast_head":"<!-- This site is optimized with the Yoast SEO Premium plugin v24.5 (Yoast SEO v27.5) - https:\/\/yoast.com\/product\/yoast-seo-premium-wordpress\/ -->\n<title>Pa\u00edses da AL e Caribe se unem para evitar desabastecimento - P31<\/title>\n<meta name=\"robots\" content=\"index, follow, max-snippet:-1, max-image-preview:large, max-video-preview:-1\" \/>\n<link rel=\"canonical\" href=\"https:\/\/www.p31noticias.com.br\/?p=21595\" \/>\n<meta property=\"og:locale\" content=\"pt_BR\" \/>\n<meta property=\"og:type\" content=\"article\" \/>\n<meta property=\"og:title\" content=\"Pa\u00edses da AL e Caribe se unem para evitar desabastecimento\" \/>\n<meta property=\"og:description\" content=\"Medida vai beneficiar 620 milh\u00f5es de pessoas que vivem na regi\u00e3o Ministros da agricultura, alimenta\u00e7\u00e3o, desenvolvimento rural, pecu\u00e1ria e pesca de 25 pa\u00edses da Am\u00e9rica Latina e Caribe, incluindo o Brasil, assinaram uma nota conjunta se comprometendo a adotar medidas para garantir o abastecimento de alimentos para cerca de 620 milh\u00f5es de pessoas que vivem [&hellip;]\" \/>\n<meta property=\"og:url\" content=\"https:\/\/www.p31noticias.com.br\/?p=21595\" \/>\n<meta property=\"og:site_name\" content=\"P31\" \/>\n<meta property=\"article:published_time\" content=\"2020-04-04T13:55:32+00:00\" \/>\n<meta property=\"og:image\" content=\"https:\/\/www.p31noticias.com.br\/wp-content\/uploads\/2020\/04\/desabastecimento.jpg\" \/>\n\t<meta property=\"og:image:width\" content=\"640\" \/>\n\t<meta property=\"og:image:height\" content=\"384\" \/>\n\t<meta property=\"og:image:type\" content=\"image\/jpeg\" \/>\n<meta name=\"author\" content=\"Reda\u00e7\u00e3o JBN\" \/>\n<meta name=\"twitter:card\" content=\"summary_large_image\" \/>\n<meta name=\"twitter:label1\" content=\"Escrito por\" \/>\n\t<meta name=\"twitter:data1\" content=\"Reda\u00e7\u00e3o JBN\" \/>\n\t<meta name=\"twitter:label2\" content=\"Est. tempo de leitura\" \/>\n\t<meta name=\"twitter:data2\" content=\"3 minutos\" \/>\n<script type=\"application\/ld+json\" class=\"yoast-schema-graph\">{\"@context\":\"https:\\\/\\\/schema.org\",\"@graph\":[{\"@type\":\"Article\",\"@id\":\"https:\\\/\\\/www.p31noticias.com.br\\\/?p=21595#article\",\"isPartOf\":{\"@id\":\"https:\\\/\\\/www.p31noticias.com.br\\\/?p=21595\"},\"author\":{\"name\":\"Reda\u00e7\u00e3o JBN\",\"@id\":\"https:\\\/\\\/www.p31noticias.com.br\\\/#\\\/schema\\\/person\\\/77d6b186c710ac38937c6ec204fdd387\"},\"headline\":\"Pa\u00edses da AL e Caribe se unem para evitar desabastecimento\",\"datePublished\":\"2020-04-04T13:55:32+00:00\",\"mainEntityOfPage\":{\"@id\":\"https:\\\/\\\/www.p31noticias.com.br\\\/?p=21595\"},\"wordCount\":582,\"commentCount\":0,\"image\":{\"@id\":\"https:\\\/\\\/www.p31noticias.com.br\\\/?p=21595#primaryimage\"},\"thumbnailUrl\":\"https:\\\/\\\/www.p31noticias.com.br\\\/wp-content\\\/uploads\\\/2020\\\/04\\\/desabastecimento.jpg\",\"articleSection\":[\"Brasil\"],\"inLanguage\":\"pt-BR\",\"potentialAction\":[{\"@type\":\"CommentAction\",\"name\":\"Comment\",\"target\":[\"https:\\\/\\\/www.p31noticias.com.br\\\/?p=21595#respond\"]}],\"copyrightYear\":\"2020\",\"copyrightHolder\":{\"@id\":\"https:\\\/\\\/www.p31noticias.com.br\\\/#organization\"}},{\"@type\":\"WebPage\",\"@id\":\"https:\\\/\\\/www.p31noticias.com.br\\\/?p=21595\",\"url\":\"https:\\\/\\\/www.p31noticias.com.br\\\/?p=21595\",\"name\":\"Pa\u00edses da AL e Caribe se unem para evitar desabastecimento - P31\",\"isPartOf\":{\"@id\":\"https:\\\/\\\/www.p31noticias.com.br\\\/#website\"},\"primaryImageOfPage\":{\"@id\":\"https:\\\/\\\/www.p31noticias.com.br\\\/?p=21595#primaryimage\"},\"image\":{\"@id\":\"https:\\\/\\\/www.p31noticias.com.br\\\/?p=21595#primaryimage\"},\"thumbnailUrl\":\"https:\\\/\\\/www.p31noticias.com.br\\\/wp-content\\\/uploads\\\/2020\\\/04\\\/desabastecimento.jpg\",\"datePublished\":\"2020-04-04T13:55:32+00:00\",\"author\":{\"@id\":\"https:\\\/\\\/www.p31noticias.com.br\\\/#\\\/schema\\\/person\\\/77d6b186c710ac38937c6ec204fdd387\"},\"breadcrumb\":{\"@id\":\"https:\\\/\\\/www.p31noticias.com.br\\\/?p=21595#breadcrumb\"},\"inLanguage\":\"pt-BR\",\"potentialAction\":[{\"@type\":\"ReadAction\",\"target\":[\"https:\\\/\\\/www.p31noticias.com.br\\\/?p=21595\"]}]},{\"@type\":\"ImageObject\",\"inLanguage\":\"pt-BR\",\"@id\":\"https:\\\/\\\/www.p31noticias.com.br\\\/?p=21595#primaryimage\",\"url\":\"https:\\\/\\\/www.p31noticias.com.br\\\/wp-content\\\/uploads\\\/2020\\\/04\\\/desabastecimento.jpg\",\"contentUrl\":\"https:\\\/\\\/www.p31noticias.com.br\\\/wp-content\\\/uploads\\\/2020\\\/04\\\/desabastecimento.jpg\",\"width\":640,\"height\":384},{\"@type\":\"BreadcrumbList\",\"@id\":\"https:\\\/\\\/www.p31noticias.com.br\\\/?p=21595#breadcrumb\",\"itemListElement\":[{\"@type\":\"ListItem\",\"position\":1,\"name\":\"In\u00edcio\",\"item\":\"https:\\\/\\\/www.p31noticias.com.br\\\/\"},{\"@type\":\"ListItem\",\"position\":2,\"name\":\"Pa\u00edses da AL e Caribe se unem para evitar desabastecimento\"}]},{\"@type\":\"WebSite\",\"@id\":\"https:\\\/\\\/www.p31noticias.com.br\\\/#website\",\"url\":\"https:\\\/\\\/www.p31noticias.com.br\\\/\",\"name\":\"P31\",\"description\":\"NOT\u00cdCIAS\",\"potentialAction\":[{\"@type\":\"SearchAction\",\"target\":{\"@type\":\"EntryPoint\",\"urlTemplate\":\"https:\\\/\\\/www.p31noticias.com.br\\\/?s={search_term_string}\"},\"query-input\":{\"@type\":\"PropertyValueSpecification\",\"valueRequired\":true,\"valueName\":\"search_term_string\"}}],\"inLanguage\":\"pt-BR\"},{\"@type\":\"Person\",\"@id\":\"https:\\\/\\\/www.p31noticias.com.br\\\/#\\\/schema\\\/person\\\/77d6b186c710ac38937c6ec204fdd387\",\"name\":\"Reda\u00e7\u00e3o JBN\",\"image\":{\"@type\":\"ImageObject\",\"inLanguage\":\"pt-BR\",\"@id\":\"https:\\\/\\\/secure.gravatar.com\\\/avatar\\\/10fcdb93211f98cce3d64c0795b0915a9a4a21dc0f279238995a3dbfafcad090?s=96&d=mm&r=g\",\"url\":\"https:\\\/\\\/secure.gravatar.com\\\/avatar\\\/10fcdb93211f98cce3d64c0795b0915a9a4a21dc0f279238995a3dbfafcad090?s=96&d=mm&r=g\",\"contentUrl\":\"https:\\\/\\\/secure.gravatar.com\\\/avatar\\\/10fcdb93211f98cce3d64c0795b0915a9a4a21dc0f279238995a3dbfafcad090?s=96&d=mm&r=g\",\"caption\":\"Reda\u00e7\u00e3o JBN\"},\"sameAs\":[\"https:\\\/\\\/p31noticias.com.br\"],\"url\":\"https:\\\/\\\/www.p31noticias.com.br\\\/?author=18\"}]}<\/script>\n<!-- \/ Yoast SEO Premium plugin. -->","yoast_head_json":{"title":"Pa\u00edses da AL e Caribe se unem para evitar desabastecimento - P31","robots":{"index":"index","follow":"follow","max-snippet":"max-snippet:-1","max-image-preview":"max-image-preview:large","max-video-preview":"max-video-preview:-1"},"canonical":"https:\/\/www.p31noticias.com.br\/?p=21595","og_locale":"pt_BR","og_type":"article","og_title":"Pa\u00edses da AL e Caribe se unem para evitar desabastecimento","og_description":"Medida vai beneficiar 620 milh\u00f5es de pessoas que vivem na regi\u00e3o Ministros da agricultura, alimenta\u00e7\u00e3o, desenvolvimento rural, pecu\u00e1ria e pesca de 25 pa\u00edses da Am\u00e9rica Latina e Caribe, incluindo o Brasil, assinaram uma nota conjunta se comprometendo a adotar medidas para garantir o abastecimento de alimentos para cerca de 620 milh\u00f5es de pessoas que vivem [&hellip;]","og_url":"https:\/\/www.p31noticias.com.br\/?p=21595","og_site_name":"P31","article_published_time":"2020-04-04T13:55:32+00:00","og_image":[{"width":640,"height":384,"url":"https:\/\/www.p31noticias.com.br\/wp-content\/uploads\/2020\/04\/desabastecimento.jpg","type":"image\/jpeg"}],"author":"Reda\u00e7\u00e3o JBN","twitter_card":"summary_large_image","twitter_misc":{"Escrito por":"Reda\u00e7\u00e3o JBN","Est. tempo de leitura":"3 minutos"},"schema":{"@context":"https:\/\/schema.org","@graph":[{"@type":"Article","@id":"https:\/\/www.p31noticias.com.br\/?p=21595#article","isPartOf":{"@id":"https:\/\/www.p31noticias.com.br\/?p=21595"},"author":{"name":"Reda\u00e7\u00e3o JBN","@id":"https:\/\/www.p31noticias.com.br\/#\/schema\/person\/77d6b186c710ac38937c6ec204fdd387"},"headline":"Pa\u00edses da AL e Caribe se unem para evitar desabastecimento","datePublished":"2020-04-04T13:55:32+00:00","mainEntityOfPage":{"@id":"https:\/\/www.p31noticias.com.br\/?p=21595"},"wordCount":582,"commentCount":0,"image":{"@id":"https:\/\/www.p31noticias.com.br\/?p=21595#primaryimage"},"thumbnailUrl":"https:\/\/www.p31noticias.com.br\/wp-content\/uploads\/2020\/04\/desabastecimento.jpg","articleSection":["Brasil"],"inLanguage":"pt-BR","potentialAction":[{"@type":"CommentAction","name":"Comment","target":["https:\/\/www.p31noticias.com.br\/?p=21595#respond"]}],"copyrightYear":"2020","copyrightHolder":{"@id":"https:\/\/www.p31noticias.com.br\/#organization"}},{"@type":"WebPage","@id":"https:\/\/www.p31noticias.com.br\/?p=21595","url":"https:\/\/www.p31noticias.com.br\/?p=21595","name":"Pa\u00edses da AL e Caribe se unem para evitar desabastecimento - P31","isPartOf":{"@id":"https:\/\/www.p31noticias.com.br\/#website"},"primaryImageOfPage":{"@id":"https:\/\/www.p31noticias.com.br\/?p=21595#primaryimage"},"image":{"@id":"https:\/\/www.p31noticias.com.br\/?p=21595#primaryimage"},"thumbnailUrl":"https:\/\/www.p31noticias.com.br\/wp-content\/uploads\/2020\/04\/desabastecimento.jpg","datePublished":"2020-04-04T13:55:32+00:00","author":{"@id":"https:\/\/www.p31noticias.com.br\/#\/schema\/person\/77d6b186c710ac38937c6ec204fdd387"},"breadcrumb":{"@id":"https:\/\/www.p31noticias.com.br\/?p=21595#breadcrumb"},"inLanguage":"pt-BR","potentialAction":[{"@type":"ReadAction","target":["https:\/\/www.p31noticias.com.br\/?p=21595"]}]},{"@type":"ImageObject","inLanguage":"pt-BR","@id":"https:\/\/www.p31noticias.com.br\/?p=21595#primaryimage","url":"https:\/\/www.p31noticias.com.br\/wp-content\/uploads\/2020\/04\/desabastecimento.jpg","contentUrl":"https:\/\/www.p31noticias.com.br\/wp-content\/uploads\/2020\/04\/desabastecimento.jpg","width":640,"height":384},{"@type":"BreadcrumbList","@id":"https:\/\/www.p31noticias.com.br\/?p=21595#breadcrumb","itemListElement":[{"@type":"ListItem","position":1,"name":"In\u00edcio","item":"https:\/\/www.p31noticias.com.br\/"},{"@type":"ListItem","position":2,"name":"Pa\u00edses da AL e Caribe se unem para evitar desabastecimento"}]},{"@type":"WebSite","@id":"https:\/\/www.p31noticias.com.br\/#website","url":"https:\/\/www.p31noticias.com.br\/","name":"P31","description":"NOT\u00cdCIAS","potentialAction":[{"@type":"SearchAction","target":{"@type":"EntryPoint","urlTemplate":"https:\/\/www.p31noticias.com.br\/?s={search_term_string}"},"query-input":{"@type":"PropertyValueSpecification","valueRequired":true,"valueName":"search_term_string"}}],"inLanguage":"pt-BR"},{"@type":"Person","@id":"https:\/\/www.p31noticias.com.br\/#\/schema\/person\/77d6b186c710ac38937c6ec204fdd387","name":"Reda\u00e7\u00e3o JBN","image":{"@type":"ImageObject","inLanguage":"pt-BR","@id":"https:\/\/secure.gravatar.com\/avatar\/10fcdb93211f98cce3d64c0795b0915a9a4a21dc0f279238995a3dbfafcad090?s=96&d=mm&r=g","url":"https:\/\/secure.gravatar.com\/avatar\/10fcdb93211f98cce3d64c0795b0915a9a4a21dc0f279238995a3dbfafcad090?s=96&d=mm&r=g","contentUrl":"https:\/\/secure.gravatar.com\/avatar\/10fcdb93211f98cce3d64c0795b0915a9a4a21dc0f279238995a3dbfafcad090?s=96&d=mm&r=g","caption":"Reda\u00e7\u00e3o JBN"},"sameAs":["https:\/\/p31noticias.com.br"],"url":"https:\/\/www.p31noticias.com.br\/?author=18"}]}},"amp_enabled":true,"_links":{"self":[{"href":"https:\/\/www.p31noticias.com.br\/index.php?rest_route=\/wp\/v2\/posts\/21595","targetHints":{"allow":["GET"]}}],"collection":[{"href":"https:\/\/www.p31noticias.com.br\/index.php?rest_route=\/wp\/v2\/posts"}],"about":[{"href":"https:\/\/www.p31noticias.com.br\/index.php?rest_route=\/wp\/v2\/types\/post"}],"author":[{"embeddable":true,"href":"https:\/\/www.p31noticias.com.br\/index.php?rest_route=\/wp\/v2\/users\/18"}],"replies":[{"embeddable":true,"href":"https:\/\/www.p31noticias.com.br\/index.php?rest_route=%2Fwp%2Fv2%2Fcomments&post=21595"}],"version-history":[{"count":0,"href":"https:\/\/www.p31noticias.com.br\/index.php?rest_route=\/wp\/v2\/posts\/21595\/revisions"}],"wp:featuredmedia":[{"embeddable":true,"href":"https:\/\/www.p31noticias.com.br\/index.php?rest_route=\/wp\/v2\/media\/21596"}],"wp:attachment":[{"href":"https:\/\/www.p31noticias.com.br\/index.php?rest_route=%2Fwp%2Fv2%2Fmedia&parent=21595"}],"wp:term":[{"taxonomy":"category","embeddable":true,"href":"https:\/\/www.p31noticias.com.br\/index.php?rest_route=%2Fwp%2Fv2%2Fcategories&post=21595"},{"taxonomy":"post_tag","embeddable":true,"href":"https:\/\/www.p31noticias.com.br\/index.php?rest_route=%2Fwp%2Fv2%2Ftags&post=21595"}],"curies":[{"name":"wp","href":"https:\/\/api.w.org\/{rel}","templated":true}]}}