{"id":21591,"date":"2020-04-04T10:43:13","date_gmt":"2020-04-04T13:43:13","guid":{"rendered":"https:\/\/jornaldoplanalto.com.br\/web\/?p=21591"},"modified":"2020-04-04T10:43:13","modified_gmt":"2020-04-04T13:43:13","slug":"projeto-de-delmasso-garante-um-salario-minimo-para-desempregado-por-causa-do-coronavirus","status":"publish","type":"post","link":"https:\/\/www.p31noticias.com.br\/?p=21591","title":{"rendered":"Projeto de Delmasso garante um sal\u00e1rio m\u00ednimo para desempregado por causa do coronav\u00edrus"},"content":{"rendered":"<p><em><strong>A medida vai beneficiar cerca de 7.500 pessoas que perderam os empregos<\/strong><\/em><\/p>\n<p>Nesta quinta-feira (2) foi protocolado o projeto de Lei complementar 35\/2020, de autoria do vice-presidente da C\u00e2mara Legislativa, deputado Delmasso (Republicanos), que cria o Benef\u00edcio Emergencial de Preserva\u00e7\u00e3o da Renda. A medida vai beneficiar cerca de 7.500 pessoas que perderam os empregos por causa da crise causada pelo COVID- 19. O valor do benef\u00edcio ser\u00e1 de um sal\u00e1rio m\u00ednimo.<\/p>\n<p>A cozinheira, M\u00e1rcia Aparecida da Silva (25), trabalhava em um restaurante em \u00c1guas Claras e ficou desempregada no in\u00edcio da pandemia. &#8220;Com essa crise, o restaurante demitiu v\u00e1rias pessoas e est\u00e3o trabalhando agora s\u00f3 com delivery. \u00c9 um desespero! As contas est\u00e3o atrasadas e a gente fica sem saber o que fazer&#8221;, contou.<\/p>\n<p>M\u00e1rcia afirmou que o benef\u00edcio proposto pelo deputado vai ajudar bastante. &#8220;Esse dinheiro ser\u00e1 bom para ter calma e tranquilidade. O meu marido tamb\u00e9m est\u00e1 desempregado. Eu fico muito feliz em saber que t\u00eam pessoas como o Delmasso&#8221;, disse.<\/p>\n<p>Segundo o distrital, a medida vai beneficiar cerca de 7.500 pessoas que perderam os empregos. &#8220;A cria\u00e7\u00e3o do Plano Emergencial tem como objetivo preservar a renda das fam\u00edlias que est\u00e3o passando por dificuldades financeiras, por causa da crise. Essa \u00e9 uma proposta necess\u00e1ria para auxiliar a popula\u00e7\u00e3o do Distrito Federal ao enfrentamento do coronav\u00edrus&#8221;, disse.<\/p>\n<p>O Plano Emergencial de Manuten\u00e7\u00e3o da Renda tem os objetivos de: preservar a renda das fam\u00edlias e reduzir o impacto social por causa das consequ\u00eancias do estado de calamidade p\u00fablica e de emerg\u00eancia da sa\u00fade p\u00fablica. Compete a Secretaria de Trabalho coordenar, executar, monitorar e avaliar a proposta e editar normas complementares necess\u00e1rias \u00e0 execu\u00e7\u00e3o.<\/p>\n<p>O benef\u00edcio ser\u00e1 custeado com recursos do Fundo para Gera\u00e7\u00e3o de Emprego e Renda do Distrito Federal (FUNGER). O valor ser\u00e1 de presta\u00e7\u00e3o mensal a partir da data do in\u00edcio da demiss\u00e3o ou da suspens\u00e3o tempor\u00e1ria do contrato de trabalho. O empregador informar\u00e1 a Secretaria de Trabalho a demiss\u00e3o ou a suspens\u00e3o tempor\u00e1ria no prazo de dez dias, contado da data da realiza\u00e7\u00e3o do acordo.<span style=\"color: #888888;\"><br clear=\"all\" \/><\/span><\/p>\n<div><\/div>\n<p>&nbsp;<\/p>\n","protected":false},"excerpt":{"rendered":"<p>A medida vai beneficiar cerca de 7.500 pessoas que perderam os empregos Nesta quinta-feira (2) foi protocolado o projeto de Lei complementar 35\/2020, de autoria do vice-presidente da C\u00e2mara Legislativa, deputado Delmasso (Republicanos), que cria o Benef\u00edcio Emergencial de Preserva\u00e7\u00e3o da Renda. A medida vai beneficiar cerca de 7.500 pessoas que perderam os empregos por [&hellip;]<\/p>\n","protected":false},"author":18,"featured_media":21593,"comment_status":"open","ping_status":"open","sticky":false,"template":"","format":"standard","meta":{"footnotes":""},"categories":[1],"tags":[],"class_list":{"0":"post-21591","1":"post","2":"type-post","3":"status-publish","4":"format-standard","5":"has-post-thumbnail","7":"category-outros"},"yoast_head":"<!-- This site is optimized with the Yoast SEO Premium plugin v24.5 (Yoast SEO v27.5) - https:\/\/yoast.com\/product\/yoast-seo-premium-wordpress\/ -->\n<title>Projeto de Delmasso garante um sal\u00e1rio m\u00ednimo para desempregado por causa do coronav\u00edrus - P31<\/title>\n<meta name=\"robots\" content=\"index, follow, max-snippet:-1, max-image-preview:large, max-video-preview:-1\" \/>\n<link rel=\"canonical\" href=\"https:\/\/www.p31noticias.com.br\/?p=21591\" \/>\n<meta property=\"og:locale\" content=\"pt_BR\" \/>\n<meta property=\"og:type\" content=\"article\" \/>\n<meta property=\"og:title\" content=\"Projeto de Delmasso garante um sal\u00e1rio m\u00ednimo para desempregado por causa do coronav\u00edrus\" \/>\n<meta property=\"og:description\" content=\"A medida vai beneficiar cerca de 7.500 pessoas que perderam os empregos Nesta quinta-feira (2) foi protocolado o projeto de Lei complementar 35\/2020, de autoria do vice-presidente da C\u00e2mara Legislativa, deputado Delmasso (Republicanos), que cria o Benef\u00edcio Emergencial de Preserva\u00e7\u00e3o da Renda. A medida vai beneficiar cerca de 7.500 pessoas que perderam os empregos por [&hellip;]\" \/>\n<meta property=\"og:url\" content=\"https:\/\/www.p31noticias.com.br\/?p=21591\" \/>\n<meta property=\"og:site_name\" content=\"P31\" \/>\n<meta property=\"article:published_time\" content=\"2020-04-04T13:43:13+00:00\" \/>\n<meta property=\"og:image\" content=\"https:\/\/www.p31noticias.com.br\/wp-content\/uploads\/2020\/04\/Delmasso-24-5_menor.jpg\" \/>\n\t<meta property=\"og:image:width\" content=\"633\" \/>\n\t<meta property=\"og:image:height\" content=\"480\" \/>\n\t<meta property=\"og:image:type\" content=\"image\/jpeg\" \/>\n<meta name=\"author\" content=\"Reda\u00e7\u00e3o JBN\" \/>\n<meta name=\"twitter:card\" content=\"summary_large_image\" \/>\n<meta name=\"twitter:label1\" content=\"Escrito por\" \/>\n\t<meta name=\"twitter:data1\" content=\"Reda\u00e7\u00e3o JBN\" \/>\n\t<meta name=\"twitter:label2\" content=\"Est. tempo de leitura\" \/>\n\t<meta name=\"twitter:data2\" content=\"2 minutos\" \/>\n<script type=\"application\/ld+json\" class=\"yoast-schema-graph\">{\"@context\":\"https:\\\/\\\/schema.org\",\"@graph\":[{\"@type\":\"Article\",\"@id\":\"https:\\\/\\\/www.p31noticias.com.br\\\/?p=21591#article\",\"isPartOf\":{\"@id\":\"https:\\\/\\\/www.p31noticias.com.br\\\/?p=21591\"},\"author\":{\"name\":\"Reda\u00e7\u00e3o JBN\",\"@id\":\"https:\\\/\\\/www.p31noticias.com.br\\\/#\\\/schema\\\/person\\\/77d6b186c710ac38937c6ec204fdd387\"},\"headline\":\"Projeto de Delmasso garante um sal\u00e1rio m\u00ednimo para desempregado por causa do coronav\u00edrus\",\"datePublished\":\"2020-04-04T13:43:13+00:00\",\"mainEntityOfPage\":{\"@id\":\"https:\\\/\\\/www.p31noticias.com.br\\\/?p=21591\"},\"wordCount\":386,\"commentCount\":0,\"image\":{\"@id\":\"https:\\\/\\\/www.p31noticias.com.br\\\/?p=21591#primaryimage\"},\"thumbnailUrl\":\"https:\\\/\\\/www.p31noticias.com.br\\\/wp-content\\\/uploads\\\/2020\\\/04\\\/Delmasso-24-5_menor.jpg\",\"articleSection\":[\"Outros\"],\"inLanguage\":\"pt-BR\",\"potentialAction\":[{\"@type\":\"CommentAction\",\"name\":\"Comment\",\"target\":[\"https:\\\/\\\/www.p31noticias.com.br\\\/?p=21591#respond\"]}],\"copyrightYear\":\"2020\",\"copyrightHolder\":{\"@id\":\"https:\\\/\\\/www.p31noticias.com.br\\\/#organization\"}},{\"@type\":\"WebPage\",\"@id\":\"https:\\\/\\\/www.p31noticias.com.br\\\/?p=21591\",\"url\":\"https:\\\/\\\/www.p31noticias.com.br\\\/?p=21591\",\"name\":\"Projeto de Delmasso garante um sal\u00e1rio m\u00ednimo para desempregado por causa do coronav\u00edrus - P31\",\"isPartOf\":{\"@id\":\"https:\\\/\\\/www.p31noticias.com.br\\\/#website\"},\"primaryImageOfPage\":{\"@id\":\"https:\\\/\\\/www.p31noticias.com.br\\\/?p=21591#primaryimage\"},\"image\":{\"@id\":\"https:\\\/\\\/www.p31noticias.com.br\\\/?p=21591#primaryimage\"},\"thumbnailUrl\":\"https:\\\/\\\/www.p31noticias.com.br\\\/wp-content\\\/uploads\\\/2020\\\/04\\\/Delmasso-24-5_menor.jpg\",\"datePublished\":\"2020-04-04T13:43:13+00:00\",\"author\":{\"@id\":\"https:\\\/\\\/www.p31noticias.com.br\\\/#\\\/schema\\\/person\\\/77d6b186c710ac38937c6ec204fdd387\"},\"breadcrumb\":{\"@id\":\"https:\\\/\\\/www.p31noticias.com.br\\\/?p=21591#breadcrumb\"},\"inLanguage\":\"pt-BR\",\"potentialAction\":[{\"@type\":\"ReadAction\",\"target\":[\"https:\\\/\\\/www.p31noticias.com.br\\\/?p=21591\"]}]},{\"@type\":\"ImageObject\",\"inLanguage\":\"pt-BR\",\"@id\":\"https:\\\/\\\/www.p31noticias.com.br\\\/?p=21591#primaryimage\",\"url\":\"https:\\\/\\\/www.p31noticias.com.br\\\/wp-content\\\/uploads\\\/2020\\\/04\\\/Delmasso-24-5_menor.jpg\",\"contentUrl\":\"https:\\\/\\\/www.p31noticias.com.br\\\/wp-content\\\/uploads\\\/2020\\\/04\\\/Delmasso-24-5_menor.jpg\",\"width\":633,\"height\":480},{\"@type\":\"BreadcrumbList\",\"@id\":\"https:\\\/\\\/www.p31noticias.com.br\\\/?p=21591#breadcrumb\",\"itemListElement\":[{\"@type\":\"ListItem\",\"position\":1,\"name\":\"In\u00edcio\",\"item\":\"https:\\\/\\\/www.p31noticias.com.br\\\/\"},{\"@type\":\"ListItem\",\"position\":2,\"name\":\"Projeto de Delmasso garante um sal\u00e1rio m\u00ednimo para desempregado por causa do coronav\u00edrus\"}]},{\"@type\":\"WebSite\",\"@id\":\"https:\\\/\\\/www.p31noticias.com.br\\\/#website\",\"url\":\"https:\\\/\\\/www.p31noticias.com.br\\\/\",\"name\":\"P31\",\"description\":\"NOT\u00cdCIAS\",\"potentialAction\":[{\"@type\":\"SearchAction\",\"target\":{\"@type\":\"EntryPoint\",\"urlTemplate\":\"https:\\\/\\\/www.p31noticias.com.br\\\/?s={search_term_string}\"},\"query-input\":{\"@type\":\"PropertyValueSpecification\",\"valueRequired\":true,\"valueName\":\"search_term_string\"}}],\"inLanguage\":\"pt-BR\"},{\"@type\":\"Person\",\"@id\":\"https:\\\/\\\/www.p31noticias.com.br\\\/#\\\/schema\\\/person\\\/77d6b186c710ac38937c6ec204fdd387\",\"name\":\"Reda\u00e7\u00e3o JBN\",\"image\":{\"@type\":\"ImageObject\",\"inLanguage\":\"pt-BR\",\"@id\":\"https:\\\/\\\/secure.gravatar.com\\\/avatar\\\/10fcdb93211f98cce3d64c0795b0915a9a4a21dc0f279238995a3dbfafcad090?s=96&d=mm&r=g\",\"url\":\"https:\\\/\\\/secure.gravatar.com\\\/avatar\\\/10fcdb93211f98cce3d64c0795b0915a9a4a21dc0f279238995a3dbfafcad090?s=96&d=mm&r=g\",\"contentUrl\":\"https:\\\/\\\/secure.gravatar.com\\\/avatar\\\/10fcdb93211f98cce3d64c0795b0915a9a4a21dc0f279238995a3dbfafcad090?s=96&d=mm&r=g\",\"caption\":\"Reda\u00e7\u00e3o JBN\"},\"sameAs\":[\"https:\\\/\\\/p31noticias.com.br\"],\"url\":\"https:\\\/\\\/www.p31noticias.com.br\\\/?author=18\"}]}<\/script>\n<!-- \/ Yoast SEO Premium plugin. -->","yoast_head_json":{"title":"Projeto de Delmasso garante um sal\u00e1rio m\u00ednimo para desempregado por causa do coronav\u00edrus - P31","robots":{"index":"index","follow":"follow","max-snippet":"max-snippet:-1","max-image-preview":"max-image-preview:large","max-video-preview":"max-video-preview:-1"},"canonical":"https:\/\/www.p31noticias.com.br\/?p=21591","og_locale":"pt_BR","og_type":"article","og_title":"Projeto de Delmasso garante um sal\u00e1rio m\u00ednimo para desempregado por causa do coronav\u00edrus","og_description":"A medida vai beneficiar cerca de 7.500 pessoas que perderam os empregos Nesta quinta-feira (2) foi protocolado o projeto de Lei complementar 35\/2020, de autoria do vice-presidente da C\u00e2mara Legislativa, deputado Delmasso (Republicanos), que cria o Benef\u00edcio Emergencial de Preserva\u00e7\u00e3o da Renda. A medida vai beneficiar cerca de 7.500 pessoas que perderam os empregos por [&hellip;]","og_url":"https:\/\/www.p31noticias.com.br\/?p=21591","og_site_name":"P31","article_published_time":"2020-04-04T13:43:13+00:00","og_image":[{"width":633,"height":480,"url":"https:\/\/www.p31noticias.com.br\/wp-content\/uploads\/2020\/04\/Delmasso-24-5_menor.jpg","type":"image\/jpeg"}],"author":"Reda\u00e7\u00e3o JBN","twitter_card":"summary_large_image","twitter_misc":{"Escrito por":"Reda\u00e7\u00e3o JBN","Est. tempo de leitura":"2 minutos"},"schema":{"@context":"https:\/\/schema.org","@graph":[{"@type":"Article","@id":"https:\/\/www.p31noticias.com.br\/?p=21591#article","isPartOf":{"@id":"https:\/\/www.p31noticias.com.br\/?p=21591"},"author":{"name":"Reda\u00e7\u00e3o JBN","@id":"https:\/\/www.p31noticias.com.br\/#\/schema\/person\/77d6b186c710ac38937c6ec204fdd387"},"headline":"Projeto de Delmasso garante um sal\u00e1rio m\u00ednimo para desempregado por causa do coronav\u00edrus","datePublished":"2020-04-04T13:43:13+00:00","mainEntityOfPage":{"@id":"https:\/\/www.p31noticias.com.br\/?p=21591"},"wordCount":386,"commentCount":0,"image":{"@id":"https:\/\/www.p31noticias.com.br\/?p=21591#primaryimage"},"thumbnailUrl":"https:\/\/www.p31noticias.com.br\/wp-content\/uploads\/2020\/04\/Delmasso-24-5_menor.jpg","articleSection":["Outros"],"inLanguage":"pt-BR","potentialAction":[{"@type":"CommentAction","name":"Comment","target":["https:\/\/www.p31noticias.com.br\/?p=21591#respond"]}],"copyrightYear":"2020","copyrightHolder":{"@id":"https:\/\/www.p31noticias.com.br\/#organization"}},{"@type":"WebPage","@id":"https:\/\/www.p31noticias.com.br\/?p=21591","url":"https:\/\/www.p31noticias.com.br\/?p=21591","name":"Projeto de Delmasso garante um sal\u00e1rio m\u00ednimo para desempregado por causa do coronav\u00edrus - P31","isPartOf":{"@id":"https:\/\/www.p31noticias.com.br\/#website"},"primaryImageOfPage":{"@id":"https:\/\/www.p31noticias.com.br\/?p=21591#primaryimage"},"image":{"@id":"https:\/\/www.p31noticias.com.br\/?p=21591#primaryimage"},"thumbnailUrl":"https:\/\/www.p31noticias.com.br\/wp-content\/uploads\/2020\/04\/Delmasso-24-5_menor.jpg","datePublished":"2020-04-04T13:43:13+00:00","author":{"@id":"https:\/\/www.p31noticias.com.br\/#\/schema\/person\/77d6b186c710ac38937c6ec204fdd387"},"breadcrumb":{"@id":"https:\/\/www.p31noticias.com.br\/?p=21591#breadcrumb"},"inLanguage":"pt-BR","potentialAction":[{"@type":"ReadAction","target":["https:\/\/www.p31noticias.com.br\/?p=21591"]}]},{"@type":"ImageObject","inLanguage":"pt-BR","@id":"https:\/\/www.p31noticias.com.br\/?p=21591#primaryimage","url":"https:\/\/www.p31noticias.com.br\/wp-content\/uploads\/2020\/04\/Delmasso-24-5_menor.jpg","contentUrl":"https:\/\/www.p31noticias.com.br\/wp-content\/uploads\/2020\/04\/Delmasso-24-5_menor.jpg","width":633,"height":480},{"@type":"BreadcrumbList","@id":"https:\/\/www.p31noticias.com.br\/?p=21591#breadcrumb","itemListElement":[{"@type":"ListItem","position":1,"name":"In\u00edcio","item":"https:\/\/www.p31noticias.com.br\/"},{"@type":"ListItem","position":2,"name":"Projeto de Delmasso garante um sal\u00e1rio m\u00ednimo para desempregado por causa do coronav\u00edrus"}]},{"@type":"WebSite","@id":"https:\/\/www.p31noticias.com.br\/#website","url":"https:\/\/www.p31noticias.com.br\/","name":"P31","description":"NOT\u00cdCIAS","potentialAction":[{"@type":"SearchAction","target":{"@type":"EntryPoint","urlTemplate":"https:\/\/www.p31noticias.com.br\/?s={search_term_string}"},"query-input":{"@type":"PropertyValueSpecification","valueRequired":true,"valueName":"search_term_string"}}],"inLanguage":"pt-BR"},{"@type":"Person","@id":"https:\/\/www.p31noticias.com.br\/#\/schema\/person\/77d6b186c710ac38937c6ec204fdd387","name":"Reda\u00e7\u00e3o JBN","image":{"@type":"ImageObject","inLanguage":"pt-BR","@id":"https:\/\/secure.gravatar.com\/avatar\/10fcdb93211f98cce3d64c0795b0915a9a4a21dc0f279238995a3dbfafcad090?s=96&d=mm&r=g","url":"https:\/\/secure.gravatar.com\/avatar\/10fcdb93211f98cce3d64c0795b0915a9a4a21dc0f279238995a3dbfafcad090?s=96&d=mm&r=g","contentUrl":"https:\/\/secure.gravatar.com\/avatar\/10fcdb93211f98cce3d64c0795b0915a9a4a21dc0f279238995a3dbfafcad090?s=96&d=mm&r=g","caption":"Reda\u00e7\u00e3o JBN"},"sameAs":["https:\/\/p31noticias.com.br"],"url":"https:\/\/www.p31noticias.com.br\/?author=18"}]}},"amp_enabled":true,"_links":{"self":[{"href":"https:\/\/www.p31noticias.com.br\/index.php?rest_route=\/wp\/v2\/posts\/21591","targetHints":{"allow":["GET"]}}],"collection":[{"href":"https:\/\/www.p31noticias.com.br\/index.php?rest_route=\/wp\/v2\/posts"}],"about":[{"href":"https:\/\/www.p31noticias.com.br\/index.php?rest_route=\/wp\/v2\/types\/post"}],"author":[{"embeddable":true,"href":"https:\/\/www.p31noticias.com.br\/index.php?rest_route=\/wp\/v2\/users\/18"}],"replies":[{"embeddable":true,"href":"https:\/\/www.p31noticias.com.br\/index.php?rest_route=%2Fwp%2Fv2%2Fcomments&post=21591"}],"version-history":[{"count":0,"href":"https:\/\/www.p31noticias.com.br\/index.php?rest_route=\/wp\/v2\/posts\/21591\/revisions"}],"wp:featuredmedia":[{"embeddable":true,"href":"https:\/\/www.p31noticias.com.br\/index.php?rest_route=\/wp\/v2\/media\/21593"}],"wp:attachment":[{"href":"https:\/\/www.p31noticias.com.br\/index.php?rest_route=%2Fwp%2Fv2%2Fmedia&parent=21591"}],"wp:term":[{"taxonomy":"category","embeddable":true,"href":"https:\/\/www.p31noticias.com.br\/index.php?rest_route=%2Fwp%2Fv2%2Fcategories&post=21591"},{"taxonomy":"post_tag","embeddable":true,"href":"https:\/\/www.p31noticias.com.br\/index.php?rest_route=%2Fwp%2Fv2%2Ftags&post=21591"}],"curies":[{"name":"wp","href":"https:\/\/api.w.org\/{rel}","templated":true}]}}