{"id":21588,"date":"2020-04-03T10:38:10","date_gmt":"2020-04-03T13:38:10","guid":{"rendered":"https:\/\/jornaldoplanalto.com.br\/web\/?p=21588"},"modified":"2020-04-03T10:38:10","modified_gmt":"2020-04-03T13:38:10","slug":"governo-zera-impostos-de-produtos-usados-no-combate-ao-coronavirus","status":"publish","type":"post","link":"https:\/\/www.p31noticias.com.br\/?p=21588","title":{"rendered":"Governo zera impostos de produtos usados no combate ao coronav\u00edrus"},"content":{"rendered":"<p><em><strong>A medida foi publicada hoje no Di\u00e1rio Oficial<\/strong><\/em><\/p>\n<p>A C\u00e2mara de Com\u00e9rcio Exterior (Camex) ampliou a lista de produtos necess\u00e1rios ao combate do novo coronav\u00edrus com redu\u00e7\u00e3o tempor\u00e1ria para zero da al\u00edquota do Imposto de Importa\u00e7\u00e3o. A resolu\u00e7\u00e3o n\u00ba 28 foi publicada na edi\u00e7\u00e3o de hoje (3) do Di\u00e1rio Oficial da Uni\u00e3o.<\/p>\n<p>Entre os produtos com redu\u00e7\u00e3o do imposto est\u00e3o tecidos para fabrica\u00e7\u00e3o de m\u00e1scaras; suporte para circuitos respirat\u00f3rios; v\u00e1lvulas de ventiladores pulmonares; baterias; cart\u00e3o de mem\u00f3ria, entre outros dispositivos.<\/p>\n<p>A Camex j\u00e1 havia reduzido a tarifa a zero para \u00e1lcool et\u00edlico e imunoglobulina, na Resolu\u00e7\u00e3o n\u00ba 22, de 25 de mar\u00e7o. Nesta resolu\u00e7\u00e3o de hoje, a c\u00e2mara corrigiu a descri\u00e7\u00e3o t\u00e9cnica dos produtos.<\/p>\n<p><em>(Ag\u00eancia Brasil. Foto: REUTERS\/Umit Bektas)<\/em><\/p>\n","protected":false},"excerpt":{"rendered":"<p>A medida foi publicada hoje no Di\u00e1rio Oficial A C\u00e2mara de Com\u00e9rcio Exterior (Camex) ampliou a lista de produtos necess\u00e1rios ao combate do novo coronav\u00edrus com redu\u00e7\u00e3o tempor\u00e1ria para zero da al\u00edquota do Imposto de Importa\u00e7\u00e3o. A resolu\u00e7\u00e3o n\u00ba 28 foi publicada na edi\u00e7\u00e3o de hoje (3) do Di\u00e1rio Oficial da Uni\u00e3o. Entre os produtos [&hellip;]<\/p>\n","protected":false},"author":18,"featured_media":21589,"comment_status":"open","ping_status":"open","sticky":false,"template":"","format":"standard","meta":{"footnotes":""},"categories":[68,124],"tags":[],"class_list":{"0":"post-21588","1":"post","2":"type-post","3":"status-publish","4":"format-standard","5":"has-post-thumbnail","7":"category-brasil","8":"category-saude"},"yoast_head":"<!-- This site is optimized with the Yoast SEO Premium plugin v24.5 (Yoast SEO v27.5) - https:\/\/yoast.com\/product\/yoast-seo-premium-wordpress\/ -->\n<title>Governo zera impostos de produtos usados no combate ao coronav\u00edrus - P31<\/title>\n<meta name=\"robots\" content=\"index, follow, max-snippet:-1, max-image-preview:large, max-video-preview:-1\" \/>\n<link rel=\"canonical\" href=\"https:\/\/www.p31noticias.com.br\/?p=21588\" \/>\n<meta property=\"og:locale\" content=\"pt_BR\" \/>\n<meta property=\"og:type\" content=\"article\" \/>\n<meta property=\"og:title\" content=\"Governo zera impostos de produtos usados no combate ao coronav\u00edrus\" \/>\n<meta property=\"og:description\" content=\"A medida foi publicada hoje no Di\u00e1rio Oficial A C\u00e2mara de Com\u00e9rcio Exterior (Camex) ampliou a lista de produtos necess\u00e1rios ao combate do novo coronav\u00edrus com redu\u00e7\u00e3o tempor\u00e1ria para zero da al\u00edquota do Imposto de Importa\u00e7\u00e3o. A resolu\u00e7\u00e3o n\u00ba 28 foi publicada na edi\u00e7\u00e3o de hoje (3) do Di\u00e1rio Oficial da Uni\u00e3o. Entre os produtos [&hellip;]\" \/>\n<meta property=\"og:url\" content=\"https:\/\/www.p31noticias.com.br\/?p=21588\" \/>\n<meta property=\"og:site_name\" content=\"P31\" \/>\n<meta property=\"article:published_time\" content=\"2020-04-03T13:38:10+00:00\" \/>\n<meta property=\"og:image\" content=\"https:\/\/www.p31noticias.com.br\/wp-content\/uploads\/2020\/04\/mascara_coronavirus.jpg\" \/>\n\t<meta property=\"og:image:width\" content=\"640\" \/>\n\t<meta property=\"og:image:height\" content=\"352\" \/>\n\t<meta property=\"og:image:type\" content=\"image\/jpeg\" \/>\n<meta name=\"author\" content=\"Reda\u00e7\u00e3o JBN\" \/>\n<meta name=\"twitter:card\" content=\"summary_large_image\" \/>\n<meta name=\"twitter:label1\" content=\"Escrito por\" \/>\n\t<meta name=\"twitter:data1\" content=\"Reda\u00e7\u00e3o JBN\" \/>\n\t<meta name=\"twitter:label2\" content=\"Est. tempo de leitura\" \/>\n\t<meta name=\"twitter:data2\" content=\"1 minuto\" \/>\n<script type=\"application\/ld+json\" class=\"yoast-schema-graph\">{\"@context\":\"https:\\\/\\\/schema.org\",\"@graph\":[{\"@type\":\"Article\",\"@id\":\"https:\\\/\\\/www.p31noticias.com.br\\\/?p=21588#article\",\"isPartOf\":{\"@id\":\"https:\\\/\\\/www.p31noticias.com.br\\\/?p=21588\"},\"author\":{\"name\":\"Reda\u00e7\u00e3o JBN\",\"@id\":\"https:\\\/\\\/www.p31noticias.com.br\\\/#\\\/schema\\\/person\\\/77d6b186c710ac38937c6ec204fdd387\"},\"headline\":\"Governo zera impostos de produtos usados no combate ao coronav\u00edrus\",\"datePublished\":\"2020-04-03T13:38:10+00:00\",\"mainEntityOfPage\":{\"@id\":\"https:\\\/\\\/www.p31noticias.com.br\\\/?p=21588\"},\"wordCount\":156,\"commentCount\":0,\"image\":{\"@id\":\"https:\\\/\\\/www.p31noticias.com.br\\\/?p=21588#primaryimage\"},\"thumbnailUrl\":\"https:\\\/\\\/www.p31noticias.com.br\\\/wp-content\\\/uploads\\\/2020\\\/04\\\/mascara_coronavirus.jpg\",\"articleSection\":[\"Brasil\",\"Sa\u00fade\"],\"inLanguage\":\"pt-BR\",\"potentialAction\":[{\"@type\":\"CommentAction\",\"name\":\"Comment\",\"target\":[\"https:\\\/\\\/www.p31noticias.com.br\\\/?p=21588#respond\"]}],\"copyrightYear\":\"2020\",\"copyrightHolder\":{\"@id\":\"https:\\\/\\\/www.p31noticias.com.br\\\/#organization\"}},{\"@type\":\"WebPage\",\"@id\":\"https:\\\/\\\/www.p31noticias.com.br\\\/?p=21588\",\"url\":\"https:\\\/\\\/www.p31noticias.com.br\\\/?p=21588\",\"name\":\"Governo zera impostos de produtos usados no combate ao coronav\u00edrus - P31\",\"isPartOf\":{\"@id\":\"https:\\\/\\\/www.p31noticias.com.br\\\/#website\"},\"primaryImageOfPage\":{\"@id\":\"https:\\\/\\\/www.p31noticias.com.br\\\/?p=21588#primaryimage\"},\"image\":{\"@id\":\"https:\\\/\\\/www.p31noticias.com.br\\\/?p=21588#primaryimage\"},\"thumbnailUrl\":\"https:\\\/\\\/www.p31noticias.com.br\\\/wp-content\\\/uploads\\\/2020\\\/04\\\/mascara_coronavirus.jpg\",\"datePublished\":\"2020-04-03T13:38:10+00:00\",\"author\":{\"@id\":\"https:\\\/\\\/www.p31noticias.com.br\\\/#\\\/schema\\\/person\\\/77d6b186c710ac38937c6ec204fdd387\"},\"breadcrumb\":{\"@id\":\"https:\\\/\\\/www.p31noticias.com.br\\\/?p=21588#breadcrumb\"},\"inLanguage\":\"pt-BR\",\"potentialAction\":[{\"@type\":\"ReadAction\",\"target\":[\"https:\\\/\\\/www.p31noticias.com.br\\\/?p=21588\"]}]},{\"@type\":\"ImageObject\",\"inLanguage\":\"pt-BR\",\"@id\":\"https:\\\/\\\/www.p31noticias.com.br\\\/?p=21588#primaryimage\",\"url\":\"https:\\\/\\\/www.p31noticias.com.br\\\/wp-content\\\/uploads\\\/2020\\\/04\\\/mascara_coronavirus.jpg\",\"contentUrl\":\"https:\\\/\\\/www.p31noticias.com.br\\\/wp-content\\\/uploads\\\/2020\\\/04\\\/mascara_coronavirus.jpg\",\"width\":640,\"height\":352,\"caption\":\"Os trabalhadores produzem m\u00e1scaras faciais \u00e0 medida que a demanda por sua produ\u00e7\u00e3o aumenta rapidamente e se esfor\u00e7a para atender aos pedidos, nas instala\u00e7\u00f5es de um fabricante turco em Istambul, Turquia, em 30 de janeiro de 2020.\"},{\"@type\":\"BreadcrumbList\",\"@id\":\"https:\\\/\\\/www.p31noticias.com.br\\\/?p=21588#breadcrumb\",\"itemListElement\":[{\"@type\":\"ListItem\",\"position\":1,\"name\":\"In\u00edcio\",\"item\":\"https:\\\/\\\/www.p31noticias.com.br\\\/\"},{\"@type\":\"ListItem\",\"position\":2,\"name\":\"Governo zera impostos de produtos usados no combate ao coronav\u00edrus\"}]},{\"@type\":\"WebSite\",\"@id\":\"https:\\\/\\\/www.p31noticias.com.br\\\/#website\",\"url\":\"https:\\\/\\\/www.p31noticias.com.br\\\/\",\"name\":\"P31\",\"description\":\"NOT\u00cdCIAS\",\"potentialAction\":[{\"@type\":\"SearchAction\",\"target\":{\"@type\":\"EntryPoint\",\"urlTemplate\":\"https:\\\/\\\/www.p31noticias.com.br\\\/?s={search_term_string}\"},\"query-input\":{\"@type\":\"PropertyValueSpecification\",\"valueRequired\":true,\"valueName\":\"search_term_string\"}}],\"inLanguage\":\"pt-BR\"},{\"@type\":\"Person\",\"@id\":\"https:\\\/\\\/www.p31noticias.com.br\\\/#\\\/schema\\\/person\\\/77d6b186c710ac38937c6ec204fdd387\",\"name\":\"Reda\u00e7\u00e3o JBN\",\"image\":{\"@type\":\"ImageObject\",\"inLanguage\":\"pt-BR\",\"@id\":\"https:\\\/\\\/secure.gravatar.com\\\/avatar\\\/10fcdb93211f98cce3d64c0795b0915a9a4a21dc0f279238995a3dbfafcad090?s=96&d=mm&r=g\",\"url\":\"https:\\\/\\\/secure.gravatar.com\\\/avatar\\\/10fcdb93211f98cce3d64c0795b0915a9a4a21dc0f279238995a3dbfafcad090?s=96&d=mm&r=g\",\"contentUrl\":\"https:\\\/\\\/secure.gravatar.com\\\/avatar\\\/10fcdb93211f98cce3d64c0795b0915a9a4a21dc0f279238995a3dbfafcad090?s=96&d=mm&r=g\",\"caption\":\"Reda\u00e7\u00e3o JBN\"},\"sameAs\":[\"https:\\\/\\\/p31noticias.com.br\"],\"url\":\"https:\\\/\\\/www.p31noticias.com.br\\\/?author=18\"}]}<\/script>\n<!-- \/ Yoast SEO Premium plugin. -->","yoast_head_json":{"title":"Governo zera impostos de produtos usados no combate ao coronav\u00edrus - P31","robots":{"index":"index","follow":"follow","max-snippet":"max-snippet:-1","max-image-preview":"max-image-preview:large","max-video-preview":"max-video-preview:-1"},"canonical":"https:\/\/www.p31noticias.com.br\/?p=21588","og_locale":"pt_BR","og_type":"article","og_title":"Governo zera impostos de produtos usados no combate ao coronav\u00edrus","og_description":"A medida foi publicada hoje no Di\u00e1rio Oficial A C\u00e2mara de Com\u00e9rcio Exterior (Camex) ampliou a lista de produtos necess\u00e1rios ao combate do novo coronav\u00edrus com redu\u00e7\u00e3o tempor\u00e1ria para zero da al\u00edquota do Imposto de Importa\u00e7\u00e3o. A resolu\u00e7\u00e3o n\u00ba 28 foi publicada na edi\u00e7\u00e3o de hoje (3) do Di\u00e1rio Oficial da Uni\u00e3o. Entre os produtos [&hellip;]","og_url":"https:\/\/www.p31noticias.com.br\/?p=21588","og_site_name":"P31","article_published_time":"2020-04-03T13:38:10+00:00","og_image":[{"width":640,"height":352,"url":"https:\/\/www.p31noticias.com.br\/wp-content\/uploads\/2020\/04\/mascara_coronavirus.jpg","type":"image\/jpeg"}],"author":"Reda\u00e7\u00e3o JBN","twitter_card":"summary_large_image","twitter_misc":{"Escrito por":"Reda\u00e7\u00e3o JBN","Est. tempo de leitura":"1 minuto"},"schema":{"@context":"https:\/\/schema.org","@graph":[{"@type":"Article","@id":"https:\/\/www.p31noticias.com.br\/?p=21588#article","isPartOf":{"@id":"https:\/\/www.p31noticias.com.br\/?p=21588"},"author":{"name":"Reda\u00e7\u00e3o JBN","@id":"https:\/\/www.p31noticias.com.br\/#\/schema\/person\/77d6b186c710ac38937c6ec204fdd387"},"headline":"Governo zera impostos de produtos usados no combate ao coronav\u00edrus","datePublished":"2020-04-03T13:38:10+00:00","mainEntityOfPage":{"@id":"https:\/\/www.p31noticias.com.br\/?p=21588"},"wordCount":156,"commentCount":0,"image":{"@id":"https:\/\/www.p31noticias.com.br\/?p=21588#primaryimage"},"thumbnailUrl":"https:\/\/www.p31noticias.com.br\/wp-content\/uploads\/2020\/04\/mascara_coronavirus.jpg","articleSection":["Brasil","Sa\u00fade"],"inLanguage":"pt-BR","potentialAction":[{"@type":"CommentAction","name":"Comment","target":["https:\/\/www.p31noticias.com.br\/?p=21588#respond"]}],"copyrightYear":"2020","copyrightHolder":{"@id":"https:\/\/www.p31noticias.com.br\/#organization"}},{"@type":"WebPage","@id":"https:\/\/www.p31noticias.com.br\/?p=21588","url":"https:\/\/www.p31noticias.com.br\/?p=21588","name":"Governo zera impostos de produtos usados no combate ao coronav\u00edrus - P31","isPartOf":{"@id":"https:\/\/www.p31noticias.com.br\/#website"},"primaryImageOfPage":{"@id":"https:\/\/www.p31noticias.com.br\/?p=21588#primaryimage"},"image":{"@id":"https:\/\/www.p31noticias.com.br\/?p=21588#primaryimage"},"thumbnailUrl":"https:\/\/www.p31noticias.com.br\/wp-content\/uploads\/2020\/04\/mascara_coronavirus.jpg","datePublished":"2020-04-03T13:38:10+00:00","author":{"@id":"https:\/\/www.p31noticias.com.br\/#\/schema\/person\/77d6b186c710ac38937c6ec204fdd387"},"breadcrumb":{"@id":"https:\/\/www.p31noticias.com.br\/?p=21588#breadcrumb"},"inLanguage":"pt-BR","potentialAction":[{"@type":"ReadAction","target":["https:\/\/www.p31noticias.com.br\/?p=21588"]}]},{"@type":"ImageObject","inLanguage":"pt-BR","@id":"https:\/\/www.p31noticias.com.br\/?p=21588#primaryimage","url":"https:\/\/www.p31noticias.com.br\/wp-content\/uploads\/2020\/04\/mascara_coronavirus.jpg","contentUrl":"https:\/\/www.p31noticias.com.br\/wp-content\/uploads\/2020\/04\/mascara_coronavirus.jpg","width":640,"height":352,"caption":"Os trabalhadores produzem m\u00e1scaras faciais \u00e0 medida que a demanda por sua produ\u00e7\u00e3o aumenta rapidamente e se esfor\u00e7a para atender aos pedidos, nas instala\u00e7\u00f5es de um fabricante turco em Istambul, Turquia, em 30 de janeiro de 2020."},{"@type":"BreadcrumbList","@id":"https:\/\/www.p31noticias.com.br\/?p=21588#breadcrumb","itemListElement":[{"@type":"ListItem","position":1,"name":"In\u00edcio","item":"https:\/\/www.p31noticias.com.br\/"},{"@type":"ListItem","position":2,"name":"Governo zera impostos de produtos usados no combate ao coronav\u00edrus"}]},{"@type":"WebSite","@id":"https:\/\/www.p31noticias.com.br\/#website","url":"https:\/\/www.p31noticias.com.br\/","name":"P31","description":"NOT\u00cdCIAS","potentialAction":[{"@type":"SearchAction","target":{"@type":"EntryPoint","urlTemplate":"https:\/\/www.p31noticias.com.br\/?s={search_term_string}"},"query-input":{"@type":"PropertyValueSpecification","valueRequired":true,"valueName":"search_term_string"}}],"inLanguage":"pt-BR"},{"@type":"Person","@id":"https:\/\/www.p31noticias.com.br\/#\/schema\/person\/77d6b186c710ac38937c6ec204fdd387","name":"Reda\u00e7\u00e3o JBN","image":{"@type":"ImageObject","inLanguage":"pt-BR","@id":"https:\/\/secure.gravatar.com\/avatar\/10fcdb93211f98cce3d64c0795b0915a9a4a21dc0f279238995a3dbfafcad090?s=96&d=mm&r=g","url":"https:\/\/secure.gravatar.com\/avatar\/10fcdb93211f98cce3d64c0795b0915a9a4a21dc0f279238995a3dbfafcad090?s=96&d=mm&r=g","contentUrl":"https:\/\/secure.gravatar.com\/avatar\/10fcdb93211f98cce3d64c0795b0915a9a4a21dc0f279238995a3dbfafcad090?s=96&d=mm&r=g","caption":"Reda\u00e7\u00e3o JBN"},"sameAs":["https:\/\/p31noticias.com.br"],"url":"https:\/\/www.p31noticias.com.br\/?author=18"}]}},"amp_enabled":true,"_links":{"self":[{"href":"https:\/\/www.p31noticias.com.br\/index.php?rest_route=\/wp\/v2\/posts\/21588","targetHints":{"allow":["GET"]}}],"collection":[{"href":"https:\/\/www.p31noticias.com.br\/index.php?rest_route=\/wp\/v2\/posts"}],"about":[{"href":"https:\/\/www.p31noticias.com.br\/index.php?rest_route=\/wp\/v2\/types\/post"}],"author":[{"embeddable":true,"href":"https:\/\/www.p31noticias.com.br\/index.php?rest_route=\/wp\/v2\/users\/18"}],"replies":[{"embeddable":true,"href":"https:\/\/www.p31noticias.com.br\/index.php?rest_route=%2Fwp%2Fv2%2Fcomments&post=21588"}],"version-history":[{"count":0,"href":"https:\/\/www.p31noticias.com.br\/index.php?rest_route=\/wp\/v2\/posts\/21588\/revisions"}],"wp:featuredmedia":[{"embeddable":true,"href":"https:\/\/www.p31noticias.com.br\/index.php?rest_route=\/wp\/v2\/media\/21589"}],"wp:attachment":[{"href":"https:\/\/www.p31noticias.com.br\/index.php?rest_route=%2Fwp%2Fv2%2Fmedia&parent=21588"}],"wp:term":[{"taxonomy":"category","embeddable":true,"href":"https:\/\/www.p31noticias.com.br\/index.php?rest_route=%2Fwp%2Fv2%2Fcategories&post=21588"},{"taxonomy":"post_tag","embeddable":true,"href":"https:\/\/www.p31noticias.com.br\/index.php?rest_route=%2Fwp%2Fv2%2Ftags&post=21588"}],"curies":[{"name":"wp","href":"https:\/\/api.w.org\/{rel}","templated":true}]}}