{"id":21585,"date":"2020-04-03T10:32:56","date_gmt":"2020-04-03T13:32:56","guid":{"rendered":"https:\/\/jornaldoplanalto.com.br\/web\/?p=21585"},"modified":"2020-04-03T10:32:56","modified_gmt":"2020-04-03T13:32:56","slug":"trf2-nega-libertacao-de-presos-em-grupo-de-risco","status":"publish","type":"post","link":"https:\/\/www.p31noticias.com.br\/?p=21585","title":{"rendered":"TRF2 nega liberta\u00e7\u00e3o de presos em grupo de risco"},"content":{"rendered":"<p>A liberta\u00e7\u00e3o de presos considerados como grupo de risco para o coronav\u00edrus foi negada pelo Tribunal Regional Federal da 2\u00aa Regi\u00e3o (TRF2). A decis\u00e3o foi do desembargador federal Abel Gomes, que negou habeas corpus, com pedido de liminar, da Defensoria P\u00fablica da Uni\u00e3o (DPU), de que fossem soltas \u201ctodas as pessoas presas, ou que vierem a ser presas, e que estejam no grupo de risco da pandemia\u201d.<\/p>\n<p>Em sua decis\u00e3o, Abel considerou que pedido da DPU n\u00e3o comprovou por que o risco de contrair a doen\u00e7a seria maior para os internos do sistema prisional e afirmou que o pedido se baseou em argumentos abstratos. A DPU argumentou, no pedido de habeas corpus, a fragilidade desses grupos diante do v\u00edrus, a superlota\u00e7\u00e3o do sistema prisional brasileiro e o risco de rebeli\u00f5es e fugas de presos.<\/p>\n<p>Segundo texto divulgado pela assessoria do TRF2, o habeas corpus beneficiaria idosos, gestantes, portadores de doen\u00e7as cr\u00f4nicas, como diabetes, hipertens\u00e3o e doen\u00e7as card\u00edacas, portadores de doen\u00e7as respirat\u00f3rias, de doen\u00e7as renais e imunodeprimidos.<\/p>\n<p>O desembargador lembrou que em S\u00e3o Paulo, onde h\u00e1 o maior n\u00famero de contaminados no Brasil, tem aumentado rapidamente os casos de menores de 60 anos infectados. \u201cSe formos levar em conta essas informa\u00e7\u00f5es e estat\u00edsticas oficiais, a ordem precisaria ser estendida a todos quantos ocupam o sistema prisional, eis que a maior parte est\u00e1 exatamente na faixa et\u00e1ria que mais tem sido acometida percentualmente, tomando por orienta\u00e7\u00e3o o estado mais afetado da Federa\u00e7\u00e3o\u201d, disse Abel.<\/p>\n<p>O desembargador considerou que a soltura de presos nos grupos de risco poderia n\u00e3o s\u00f3 n\u00e3o evitar a doen\u00e7a, como ser causa de rebeli\u00f5es: \u201c\u00c9 que os que ficarem presos podem n\u00e3o se conformar com t\u00e3o inseguras premissas para que os outros fossem soltos e eles n\u00e3o\u201d.<\/p>\n<p>O estado do Rio de Janeiro tem uma popula\u00e7\u00e3o carcer\u00e1ria ao redor de 51 mil presos. O problema com doen\u00e7as, n\u00e3o apenas o coronav\u00edrus, \u00e9 uma constante no sistema, que convive com outras enfermidades, como tuberculose e meningite. O m\u00e9rito do pedido de habeas corpus ainda ser\u00e1 julgado pelo TRF2.<\/p>\n<p><em>(ABr\/EBC)<\/em><\/p>\n<div class=\"google-auto-placed ap_container\"><\/div>\n<div><\/div>\n","protected":false},"excerpt":{"rendered":"<p>A liberta\u00e7\u00e3o de presos considerados como grupo de risco para o coronav\u00edrus foi negada pelo Tribunal Regional Federal da 2\u00aa Regi\u00e3o (TRF2). A decis\u00e3o foi do desembargador federal Abel Gomes, que negou habeas corpus, com pedido de liminar, da Defensoria P\u00fablica da Uni\u00e3o (DPU), de que fossem soltas \u201ctodas as pessoas presas, ou que vierem [&hellip;]<\/p>\n","protected":false},"author":18,"featured_media":21586,"comment_status":"open","ping_status":"open","sticky":false,"template":"","format":"standard","meta":{"footnotes":""},"categories":[68],"tags":[],"class_list":{"0":"post-21585","1":"post","2":"type-post","3":"status-publish","4":"format-standard","5":"has-post-thumbnail","7":"category-brasil"},"yoast_head":"<!-- This site is optimized with the Yoast SEO Premium plugin v24.5 (Yoast SEO v27.5) - https:\/\/yoast.com\/product\/yoast-seo-premium-wordpress\/ -->\n<title>TRF2 nega liberta\u00e7\u00e3o de presos em grupo de risco - P31<\/title>\n<meta name=\"robots\" content=\"index, follow, max-snippet:-1, max-image-preview:large, max-video-preview:-1\" \/>\n<link rel=\"canonical\" href=\"https:\/\/www.p31noticias.com.br\/?p=21585\" \/>\n<meta property=\"og:locale\" content=\"pt_BR\" \/>\n<meta property=\"og:type\" content=\"article\" \/>\n<meta property=\"og:title\" content=\"TRF2 nega liberta\u00e7\u00e3o de presos em grupo de risco\" \/>\n<meta property=\"og:description\" content=\"A liberta\u00e7\u00e3o de presos considerados como grupo de risco para o coronav\u00edrus foi negada pelo Tribunal Regional Federal da 2\u00aa Regi\u00e3o (TRF2). A decis\u00e3o foi do desembargador federal Abel Gomes, que negou habeas corpus, com pedido de liminar, da Defensoria P\u00fablica da Uni\u00e3o (DPU), de que fossem soltas \u201ctodas as pessoas presas, ou que vierem [&hellip;]\" \/>\n<meta property=\"og:url\" content=\"https:\/\/www.p31noticias.com.br\/?p=21585\" \/>\n<meta property=\"og:site_name\" content=\"P31\" \/>\n<meta property=\"article:published_time\" content=\"2020-04-03T13:32:56+00:00\" \/>\n<meta property=\"og:image\" content=\"https:\/\/www.p31noticias.com.br\/wp-content\/uploads\/2020\/04\/prisao-preventiva.jpg\" \/>\n\t<meta property=\"og:image:width\" content=\"572\" \/>\n\t<meta property=\"og:image:height\" content=\"250\" \/>\n\t<meta property=\"og:image:type\" content=\"image\/jpeg\" \/>\n<meta name=\"author\" content=\"Reda\u00e7\u00e3o JBN\" \/>\n<meta name=\"twitter:card\" content=\"summary_large_image\" \/>\n<meta name=\"twitter:label1\" content=\"Escrito por\" \/>\n\t<meta name=\"twitter:data1\" content=\"Reda\u00e7\u00e3o JBN\" \/>\n\t<meta name=\"twitter:label2\" content=\"Est. tempo de leitura\" \/>\n\t<meta name=\"twitter:data2\" content=\"2 minutos\" \/>\n<script type=\"application\/ld+json\" class=\"yoast-schema-graph\">{\"@context\":\"https:\\\/\\\/schema.org\",\"@graph\":[{\"@type\":\"Article\",\"@id\":\"https:\\\/\\\/www.p31noticias.com.br\\\/?p=21585#article\",\"isPartOf\":{\"@id\":\"https:\\\/\\\/www.p31noticias.com.br\\\/?p=21585\"},\"author\":{\"name\":\"Reda\u00e7\u00e3o JBN\",\"@id\":\"https:\\\/\\\/www.p31noticias.com.br\\\/#\\\/schema\\\/person\\\/77d6b186c710ac38937c6ec204fdd387\"},\"headline\":\"TRF2 nega liberta\u00e7\u00e3o de presos em grupo de risco\",\"datePublished\":\"2020-04-03T13:32:56+00:00\",\"mainEntityOfPage\":{\"@id\":\"https:\\\/\\\/www.p31noticias.com.br\\\/?p=21585\"},\"wordCount\":386,\"commentCount\":0,\"image\":{\"@id\":\"https:\\\/\\\/www.p31noticias.com.br\\\/?p=21585#primaryimage\"},\"thumbnailUrl\":\"https:\\\/\\\/www.p31noticias.com.br\\\/wp-content\\\/uploads\\\/2020\\\/04\\\/prisao-preventiva.jpg\",\"articleSection\":[\"Brasil\"],\"inLanguage\":\"pt-BR\",\"potentialAction\":[{\"@type\":\"CommentAction\",\"name\":\"Comment\",\"target\":[\"https:\\\/\\\/www.p31noticias.com.br\\\/?p=21585#respond\"]}],\"copyrightYear\":\"2020\",\"copyrightHolder\":{\"@id\":\"https:\\\/\\\/www.p31noticias.com.br\\\/#organization\"}},{\"@type\":\"WebPage\",\"@id\":\"https:\\\/\\\/www.p31noticias.com.br\\\/?p=21585\",\"url\":\"https:\\\/\\\/www.p31noticias.com.br\\\/?p=21585\",\"name\":\"TRF2 nega liberta\u00e7\u00e3o de presos em grupo de risco - P31\",\"isPartOf\":{\"@id\":\"https:\\\/\\\/www.p31noticias.com.br\\\/#website\"},\"primaryImageOfPage\":{\"@id\":\"https:\\\/\\\/www.p31noticias.com.br\\\/?p=21585#primaryimage\"},\"image\":{\"@id\":\"https:\\\/\\\/www.p31noticias.com.br\\\/?p=21585#primaryimage\"},\"thumbnailUrl\":\"https:\\\/\\\/www.p31noticias.com.br\\\/wp-content\\\/uploads\\\/2020\\\/04\\\/prisao-preventiva.jpg\",\"datePublished\":\"2020-04-03T13:32:56+00:00\",\"author\":{\"@id\":\"https:\\\/\\\/www.p31noticias.com.br\\\/#\\\/schema\\\/person\\\/77d6b186c710ac38937c6ec204fdd387\"},\"breadcrumb\":{\"@id\":\"https:\\\/\\\/www.p31noticias.com.br\\\/?p=21585#breadcrumb\"},\"inLanguage\":\"pt-BR\",\"potentialAction\":[{\"@type\":\"ReadAction\",\"target\":[\"https:\\\/\\\/www.p31noticias.com.br\\\/?p=21585\"]}]},{\"@type\":\"ImageObject\",\"inLanguage\":\"pt-BR\",\"@id\":\"https:\\\/\\\/www.p31noticias.com.br\\\/?p=21585#primaryimage\",\"url\":\"https:\\\/\\\/www.p31noticias.com.br\\\/wp-content\\\/uploads\\\/2020\\\/04\\\/prisao-preventiva.jpg\",\"contentUrl\":\"https:\\\/\\\/www.p31noticias.com.br\\\/wp-content\\\/uploads\\\/2020\\\/04\\\/prisao-preventiva.jpg\",\"width\":572,\"height\":250},{\"@type\":\"BreadcrumbList\",\"@id\":\"https:\\\/\\\/www.p31noticias.com.br\\\/?p=21585#breadcrumb\",\"itemListElement\":[{\"@type\":\"ListItem\",\"position\":1,\"name\":\"In\u00edcio\",\"item\":\"https:\\\/\\\/www.p31noticias.com.br\\\/\"},{\"@type\":\"ListItem\",\"position\":2,\"name\":\"TRF2 nega liberta\u00e7\u00e3o de presos em grupo de risco\"}]},{\"@type\":\"WebSite\",\"@id\":\"https:\\\/\\\/www.p31noticias.com.br\\\/#website\",\"url\":\"https:\\\/\\\/www.p31noticias.com.br\\\/\",\"name\":\"P31\",\"description\":\"NOT\u00cdCIAS\",\"potentialAction\":[{\"@type\":\"SearchAction\",\"target\":{\"@type\":\"EntryPoint\",\"urlTemplate\":\"https:\\\/\\\/www.p31noticias.com.br\\\/?s={search_term_string}\"},\"query-input\":{\"@type\":\"PropertyValueSpecification\",\"valueRequired\":true,\"valueName\":\"search_term_string\"}}],\"inLanguage\":\"pt-BR\"},{\"@type\":\"Person\",\"@id\":\"https:\\\/\\\/www.p31noticias.com.br\\\/#\\\/schema\\\/person\\\/77d6b186c710ac38937c6ec204fdd387\",\"name\":\"Reda\u00e7\u00e3o JBN\",\"image\":{\"@type\":\"ImageObject\",\"inLanguage\":\"pt-BR\",\"@id\":\"https:\\\/\\\/secure.gravatar.com\\\/avatar\\\/10fcdb93211f98cce3d64c0795b0915a9a4a21dc0f279238995a3dbfafcad090?s=96&d=mm&r=g\",\"url\":\"https:\\\/\\\/secure.gravatar.com\\\/avatar\\\/10fcdb93211f98cce3d64c0795b0915a9a4a21dc0f279238995a3dbfafcad090?s=96&d=mm&r=g\",\"contentUrl\":\"https:\\\/\\\/secure.gravatar.com\\\/avatar\\\/10fcdb93211f98cce3d64c0795b0915a9a4a21dc0f279238995a3dbfafcad090?s=96&d=mm&r=g\",\"caption\":\"Reda\u00e7\u00e3o JBN\"},\"sameAs\":[\"https:\\\/\\\/p31noticias.com.br\"],\"url\":\"https:\\\/\\\/www.p31noticias.com.br\\\/?author=18\"}]}<\/script>\n<!-- \/ Yoast SEO Premium plugin. -->","yoast_head_json":{"title":"TRF2 nega liberta\u00e7\u00e3o de presos em grupo de risco - P31","robots":{"index":"index","follow":"follow","max-snippet":"max-snippet:-1","max-image-preview":"max-image-preview:large","max-video-preview":"max-video-preview:-1"},"canonical":"https:\/\/www.p31noticias.com.br\/?p=21585","og_locale":"pt_BR","og_type":"article","og_title":"TRF2 nega liberta\u00e7\u00e3o de presos em grupo de risco","og_description":"A liberta\u00e7\u00e3o de presos considerados como grupo de risco para o coronav\u00edrus foi negada pelo Tribunal Regional Federal da 2\u00aa Regi\u00e3o (TRF2). A decis\u00e3o foi do desembargador federal Abel Gomes, que negou habeas corpus, com pedido de liminar, da Defensoria P\u00fablica da Uni\u00e3o (DPU), de que fossem soltas \u201ctodas as pessoas presas, ou que vierem [&hellip;]","og_url":"https:\/\/www.p31noticias.com.br\/?p=21585","og_site_name":"P31","article_published_time":"2020-04-03T13:32:56+00:00","og_image":[{"width":572,"height":250,"url":"https:\/\/www.p31noticias.com.br\/wp-content\/uploads\/2020\/04\/prisao-preventiva.jpg","type":"image\/jpeg"}],"author":"Reda\u00e7\u00e3o JBN","twitter_card":"summary_large_image","twitter_misc":{"Escrito por":"Reda\u00e7\u00e3o JBN","Est. tempo de leitura":"2 minutos"},"schema":{"@context":"https:\/\/schema.org","@graph":[{"@type":"Article","@id":"https:\/\/www.p31noticias.com.br\/?p=21585#article","isPartOf":{"@id":"https:\/\/www.p31noticias.com.br\/?p=21585"},"author":{"name":"Reda\u00e7\u00e3o JBN","@id":"https:\/\/www.p31noticias.com.br\/#\/schema\/person\/77d6b186c710ac38937c6ec204fdd387"},"headline":"TRF2 nega liberta\u00e7\u00e3o de presos em grupo de risco","datePublished":"2020-04-03T13:32:56+00:00","mainEntityOfPage":{"@id":"https:\/\/www.p31noticias.com.br\/?p=21585"},"wordCount":386,"commentCount":0,"image":{"@id":"https:\/\/www.p31noticias.com.br\/?p=21585#primaryimage"},"thumbnailUrl":"https:\/\/www.p31noticias.com.br\/wp-content\/uploads\/2020\/04\/prisao-preventiva.jpg","articleSection":["Brasil"],"inLanguage":"pt-BR","potentialAction":[{"@type":"CommentAction","name":"Comment","target":["https:\/\/www.p31noticias.com.br\/?p=21585#respond"]}],"copyrightYear":"2020","copyrightHolder":{"@id":"https:\/\/www.p31noticias.com.br\/#organization"}},{"@type":"WebPage","@id":"https:\/\/www.p31noticias.com.br\/?p=21585","url":"https:\/\/www.p31noticias.com.br\/?p=21585","name":"TRF2 nega liberta\u00e7\u00e3o de presos em grupo de risco - P31","isPartOf":{"@id":"https:\/\/www.p31noticias.com.br\/#website"},"primaryImageOfPage":{"@id":"https:\/\/www.p31noticias.com.br\/?p=21585#primaryimage"},"image":{"@id":"https:\/\/www.p31noticias.com.br\/?p=21585#primaryimage"},"thumbnailUrl":"https:\/\/www.p31noticias.com.br\/wp-content\/uploads\/2020\/04\/prisao-preventiva.jpg","datePublished":"2020-04-03T13:32:56+00:00","author":{"@id":"https:\/\/www.p31noticias.com.br\/#\/schema\/person\/77d6b186c710ac38937c6ec204fdd387"},"breadcrumb":{"@id":"https:\/\/www.p31noticias.com.br\/?p=21585#breadcrumb"},"inLanguage":"pt-BR","potentialAction":[{"@type":"ReadAction","target":["https:\/\/www.p31noticias.com.br\/?p=21585"]}]},{"@type":"ImageObject","inLanguage":"pt-BR","@id":"https:\/\/www.p31noticias.com.br\/?p=21585#primaryimage","url":"https:\/\/www.p31noticias.com.br\/wp-content\/uploads\/2020\/04\/prisao-preventiva.jpg","contentUrl":"https:\/\/www.p31noticias.com.br\/wp-content\/uploads\/2020\/04\/prisao-preventiva.jpg","width":572,"height":250},{"@type":"BreadcrumbList","@id":"https:\/\/www.p31noticias.com.br\/?p=21585#breadcrumb","itemListElement":[{"@type":"ListItem","position":1,"name":"In\u00edcio","item":"https:\/\/www.p31noticias.com.br\/"},{"@type":"ListItem","position":2,"name":"TRF2 nega liberta\u00e7\u00e3o de presos em grupo de risco"}]},{"@type":"WebSite","@id":"https:\/\/www.p31noticias.com.br\/#website","url":"https:\/\/www.p31noticias.com.br\/","name":"P31","description":"NOT\u00cdCIAS","potentialAction":[{"@type":"SearchAction","target":{"@type":"EntryPoint","urlTemplate":"https:\/\/www.p31noticias.com.br\/?s={search_term_string}"},"query-input":{"@type":"PropertyValueSpecification","valueRequired":true,"valueName":"search_term_string"}}],"inLanguage":"pt-BR"},{"@type":"Person","@id":"https:\/\/www.p31noticias.com.br\/#\/schema\/person\/77d6b186c710ac38937c6ec204fdd387","name":"Reda\u00e7\u00e3o JBN","image":{"@type":"ImageObject","inLanguage":"pt-BR","@id":"https:\/\/secure.gravatar.com\/avatar\/10fcdb93211f98cce3d64c0795b0915a9a4a21dc0f279238995a3dbfafcad090?s=96&d=mm&r=g","url":"https:\/\/secure.gravatar.com\/avatar\/10fcdb93211f98cce3d64c0795b0915a9a4a21dc0f279238995a3dbfafcad090?s=96&d=mm&r=g","contentUrl":"https:\/\/secure.gravatar.com\/avatar\/10fcdb93211f98cce3d64c0795b0915a9a4a21dc0f279238995a3dbfafcad090?s=96&d=mm&r=g","caption":"Reda\u00e7\u00e3o JBN"},"sameAs":["https:\/\/p31noticias.com.br"],"url":"https:\/\/www.p31noticias.com.br\/?author=18"}]}},"amp_enabled":true,"_links":{"self":[{"href":"https:\/\/www.p31noticias.com.br\/index.php?rest_route=\/wp\/v2\/posts\/21585","targetHints":{"allow":["GET"]}}],"collection":[{"href":"https:\/\/www.p31noticias.com.br\/index.php?rest_route=\/wp\/v2\/posts"}],"about":[{"href":"https:\/\/www.p31noticias.com.br\/index.php?rest_route=\/wp\/v2\/types\/post"}],"author":[{"embeddable":true,"href":"https:\/\/www.p31noticias.com.br\/index.php?rest_route=\/wp\/v2\/users\/18"}],"replies":[{"embeddable":true,"href":"https:\/\/www.p31noticias.com.br\/index.php?rest_route=%2Fwp%2Fv2%2Fcomments&post=21585"}],"version-history":[{"count":0,"href":"https:\/\/www.p31noticias.com.br\/index.php?rest_route=\/wp\/v2\/posts\/21585\/revisions"}],"wp:featuredmedia":[{"embeddable":true,"href":"https:\/\/www.p31noticias.com.br\/index.php?rest_route=\/wp\/v2\/media\/21586"}],"wp:attachment":[{"href":"https:\/\/www.p31noticias.com.br\/index.php?rest_route=%2Fwp%2Fv2%2Fmedia&parent=21585"}],"wp:term":[{"taxonomy":"category","embeddable":true,"href":"https:\/\/www.p31noticias.com.br\/index.php?rest_route=%2Fwp%2Fv2%2Fcategories&post=21585"},{"taxonomy":"post_tag","embeddable":true,"href":"https:\/\/www.p31noticias.com.br\/index.php?rest_route=%2Fwp%2Fv2%2Ftags&post=21585"}],"curies":[{"name":"wp","href":"https:\/\/api.w.org\/{rel}","templated":true}]}}