{"id":21582,"date":"2020-04-03T10:28:59","date_gmt":"2020-04-03T13:28:59","guid":{"rendered":"https:\/\/jornaldoplanalto.com.br\/web\/?p=21582"},"modified":"2020-04-03T10:28:59","modified_gmt":"2020-04-03T13:28:59","slug":"alunos-de-cursos-tecnicos-do-senac-df-terao-aulas-virtuais-durante-quarentena","status":"publish","type":"post","link":"https:\/\/www.p31noticias.com.br\/?p=21582","title":{"rendered":"Alunos de Cursos T\u00e9cnicos do Senac-DF ter\u00e3o aulas virtuais durante quarentena"},"content":{"rendered":"<p>Alunos dos cursos t\u00e9cnicos do Senac-DF passar\u00e3o a ter as aulas te\u00f3ricas em plataforma digital a partir da pr\u00f3xima segunda-feira (6), nos mesmos dias e hor\u00e1rios que aconteciam as aulas presenciais, suspensas temporariamente por conta das medidas adotadas pelos governos Federal e do Distrito Federal para conter o avan\u00e7o do novo coronav\u00edrus. Nesta sexta-feira (3), os alunos dever\u00e3o participar das aulas de boas-vindas que ser\u00e3o realizadas \u00e0s 10h e \u00e0s 19h via webconfer\u00eancia, podendo o aluno escolher um desses hor\u00e1rios para participar.<\/p>\n<p>\u201cO objetivo do Senac-DF \u00e9 manter o compromisso de garantir a qualidade e dar continuidade \u00e0s atividades educacionais, sem preju\u00edzos pedag\u00f3gicos. As aulas pr\u00e1ticas ser\u00e3o retomadas e repostas t\u00e3o logo sejam autorizadas a reabertura das unidades educacionais de tal forma que a carga hor\u00e1ria dos cursos ser\u00e1 cumprida, n\u00e3o havendo preju\u00edzo ao aluno\u201d, destaca o diretor regional do Senac-DF, Antonio Tadeu Peron.<\/p>\n<p>As aulas virtuais acontecer\u00e3o por meio da plataforma Blackboard e os alunos receber\u00e3o via e-mail um convite contendo o link de acesso. Al\u00e9m disso, as aulas ser\u00e3o ministradas pelos mesmos docentes que dar\u00e3o novos conte\u00fados e desenvolver\u00e3o novas estrat\u00e9gias. As medidas adotadas pelo Senac-DF para os cursos t\u00e9cnicos ser\u00e3o aplicadas enquanto durar a situa\u00e7\u00e3o de pandemia do novo coronav\u00edrus e foram desenvolvidas de acordo com a Portaria N\u00ba 343, de 17 de mar\u00e7o de 2020, do Minist\u00e9rio da Educa\u00e7\u00e3o.<\/p>\n<p>O aluno que n\u00e3o tiver dispon\u00edvel um computador ou acesso \u00e0 internet dever\u00e1 entrar em contato com a unidade em que est\u00e1 matriculado, de acordo com os contatos abaixo, para que seja avaliada a melhor forma de acesso ao conte\u00fado.<\/p>\n<p>Taguatinga: _<a href=\"mailto:atendentesTaguatinga@df.senac.br\" target=\"_blank\" rel=\"noopener noreferrer\">atendentesTaguatinga@df.<wbr \/>senac.br<\/a><br \/>\nSobradinho: _<a href=\"mailto:atendentesSobradinho@df.senac.br\" target=\"_blank\" rel=\"noopener noreferrer\">atendentesSobradinho@df.<wbr \/>senac.br<\/a><br \/>\nCeil\u00e2ndia: atendentesceil\u00e2<a href=\"mailto:ndia@df.senac.br\" target=\"_blank\" rel=\"noopener noreferrer\">ndia@df.senac.<wbr \/>br<\/a><br \/>\nPlano Piloto\/ 903 Sul: _<a href=\"mailto:atendentes903@df.senac.br\" target=\"_blank\" rel=\"noopener noreferrer\">atendentes903@df.senac.br<\/a><br \/>\nGama: _<a href=\"mailto:atendentesGama@df.senac.br\" target=\"_blank\" rel=\"noopener noreferrer\">atendentesGama@df.senac.br<\/a><br \/>\nJess\u00e9 Freire: _<a href=\"mailto:atendentesjesse@df.senac.br\" target=\"_blank\" rel=\"noopener noreferrer\">atendentesjesse@df.senac.br<\/a><\/p>\n","protected":false},"excerpt":{"rendered":"<p>Alunos dos cursos t\u00e9cnicos do Senac-DF passar\u00e3o a ter as aulas te\u00f3ricas em plataforma digital a partir da pr\u00f3xima segunda-feira (6), nos mesmos dias e hor\u00e1rios que aconteciam as aulas presenciais, suspensas temporariamente por conta das medidas adotadas pelos governos Federal e do Distrito Federal para conter o avan\u00e7o do novo coronav\u00edrus. Nesta sexta-feira (3), [&hellip;]<\/p>\n","protected":false},"author":18,"featured_media":21583,"comment_status":"open","ping_status":"open","sticky":false,"template":"","format":"standard","meta":{"footnotes":""},"categories":[1],"tags":[],"class_list":{"0":"post-21582","1":"post","2":"type-post","3":"status-publish","4":"format-standard","5":"has-post-thumbnail","7":"category-outros"},"yoast_head":"<!-- This site is optimized with the Yoast SEO Premium plugin v24.5 (Yoast SEO v27.5) - https:\/\/yoast.com\/product\/yoast-seo-premium-wordpress\/ -->\n<title>Alunos de Cursos T\u00e9cnicos do Senac-DF ter\u00e3o aulas virtuais durante quarentena - P31<\/title>\n<meta name=\"robots\" content=\"index, follow, max-snippet:-1, max-image-preview:large, max-video-preview:-1\" \/>\n<link rel=\"canonical\" href=\"https:\/\/www.p31noticias.com.br\/?p=21582\" \/>\n<meta property=\"og:locale\" content=\"pt_BR\" \/>\n<meta property=\"og:type\" content=\"article\" \/>\n<meta property=\"og:title\" content=\"Alunos de Cursos T\u00e9cnicos do Senac-DF ter\u00e3o aulas virtuais durante quarentena\" \/>\n<meta property=\"og:description\" content=\"Alunos dos cursos t\u00e9cnicos do Senac-DF passar\u00e3o a ter as aulas te\u00f3ricas em plataforma digital a partir da pr\u00f3xima segunda-feira (6), nos mesmos dias e hor\u00e1rios que aconteciam as aulas presenciais, suspensas temporariamente por conta das medidas adotadas pelos governos Federal e do Distrito Federal para conter o avan\u00e7o do novo coronav\u00edrus. Nesta sexta-feira (3), [&hellip;]\" \/>\n<meta property=\"og:url\" content=\"https:\/\/www.p31noticias.com.br\/?p=21582\" \/>\n<meta property=\"og:site_name\" content=\"P31\" \/>\n<meta property=\"article:published_time\" content=\"2020-04-03T13:28:59+00:00\" \/>\n<meta property=\"og:image\" content=\"https:\/\/www.p31noticias.com.br\/wp-content\/uploads\/2020\/04\/senac.jpg\" \/>\n\t<meta property=\"og:image:width\" content=\"787\" \/>\n\t<meta property=\"og:image:height\" content=\"525\" \/>\n\t<meta property=\"og:image:type\" content=\"image\/jpeg\" \/>\n<meta name=\"author\" content=\"Reda\u00e7\u00e3o JBN\" \/>\n<meta name=\"twitter:card\" content=\"summary_large_image\" \/>\n<meta name=\"twitter:label1\" content=\"Escrito por\" \/>\n\t<meta name=\"twitter:data1\" content=\"Reda\u00e7\u00e3o JBN\" \/>\n\t<meta name=\"twitter:label2\" content=\"Est. tempo de leitura\" \/>\n\t<meta name=\"twitter:data2\" content=\"2 minutos\" \/>\n<script type=\"application\/ld+json\" class=\"yoast-schema-graph\">{\"@context\":\"https:\\\/\\\/schema.org\",\"@graph\":[{\"@type\":\"Article\",\"@id\":\"https:\\\/\\\/www.p31noticias.com.br\\\/?p=21582#article\",\"isPartOf\":{\"@id\":\"https:\\\/\\\/www.p31noticias.com.br\\\/?p=21582\"},\"author\":{\"name\":\"Reda\u00e7\u00e3o JBN\",\"@id\":\"https:\\\/\\\/www.p31noticias.com.br\\\/#\\\/schema\\\/person\\\/77d6b186c710ac38937c6ec204fdd387\"},\"headline\":\"Alunos de Cursos T\u00e9cnicos do Senac-DF ter\u00e3o aulas virtuais durante quarentena\",\"datePublished\":\"2020-04-03T13:28:59+00:00\",\"mainEntityOfPage\":{\"@id\":\"https:\\\/\\\/www.p31noticias.com.br\\\/?p=21582\"},\"wordCount\":341,\"commentCount\":0,\"image\":{\"@id\":\"https:\\\/\\\/www.p31noticias.com.br\\\/?p=21582#primaryimage\"},\"thumbnailUrl\":\"https:\\\/\\\/www.p31noticias.com.br\\\/wp-content\\\/uploads\\\/2020\\\/04\\\/senac.jpg\",\"articleSection\":[\"Outros\"],\"inLanguage\":\"pt-BR\",\"potentialAction\":[{\"@type\":\"CommentAction\",\"name\":\"Comment\",\"target\":[\"https:\\\/\\\/www.p31noticias.com.br\\\/?p=21582#respond\"]}],\"copyrightYear\":\"2020\",\"copyrightHolder\":{\"@id\":\"https:\\\/\\\/www.p31noticias.com.br\\\/#organization\"}},{\"@type\":\"WebPage\",\"@id\":\"https:\\\/\\\/www.p31noticias.com.br\\\/?p=21582\",\"url\":\"https:\\\/\\\/www.p31noticias.com.br\\\/?p=21582\",\"name\":\"Alunos de Cursos T\u00e9cnicos do Senac-DF ter\u00e3o aulas virtuais durante quarentena - P31\",\"isPartOf\":{\"@id\":\"https:\\\/\\\/www.p31noticias.com.br\\\/#website\"},\"primaryImageOfPage\":{\"@id\":\"https:\\\/\\\/www.p31noticias.com.br\\\/?p=21582#primaryimage\"},\"image\":{\"@id\":\"https:\\\/\\\/www.p31noticias.com.br\\\/?p=21582#primaryimage\"},\"thumbnailUrl\":\"https:\\\/\\\/www.p31noticias.com.br\\\/wp-content\\\/uploads\\\/2020\\\/04\\\/senac.jpg\",\"datePublished\":\"2020-04-03T13:28:59+00:00\",\"author\":{\"@id\":\"https:\\\/\\\/www.p31noticias.com.br\\\/#\\\/schema\\\/person\\\/77d6b186c710ac38937c6ec204fdd387\"},\"breadcrumb\":{\"@id\":\"https:\\\/\\\/www.p31noticias.com.br\\\/?p=21582#breadcrumb\"},\"inLanguage\":\"pt-BR\",\"potentialAction\":[{\"@type\":\"ReadAction\",\"target\":[\"https:\\\/\\\/www.p31noticias.com.br\\\/?p=21582\"]}]},{\"@type\":\"ImageObject\",\"inLanguage\":\"pt-BR\",\"@id\":\"https:\\\/\\\/www.p31noticias.com.br\\\/?p=21582#primaryimage\",\"url\":\"https:\\\/\\\/www.p31noticias.com.br\\\/wp-content\\\/uploads\\\/2020\\\/04\\\/senac.jpg\",\"contentUrl\":\"https:\\\/\\\/www.p31noticias.com.br\\\/wp-content\\\/uploads\\\/2020\\\/04\\\/senac.jpg\",\"width\":787,\"height\":525},{\"@type\":\"BreadcrumbList\",\"@id\":\"https:\\\/\\\/www.p31noticias.com.br\\\/?p=21582#breadcrumb\",\"itemListElement\":[{\"@type\":\"ListItem\",\"position\":1,\"name\":\"In\u00edcio\",\"item\":\"https:\\\/\\\/www.p31noticias.com.br\\\/\"},{\"@type\":\"ListItem\",\"position\":2,\"name\":\"Alunos de Cursos T\u00e9cnicos do Senac-DF ter\u00e3o aulas virtuais durante quarentena\"}]},{\"@type\":\"WebSite\",\"@id\":\"https:\\\/\\\/www.p31noticias.com.br\\\/#website\",\"url\":\"https:\\\/\\\/www.p31noticias.com.br\\\/\",\"name\":\"P31\",\"description\":\"NOT\u00cdCIAS\",\"potentialAction\":[{\"@type\":\"SearchAction\",\"target\":{\"@type\":\"EntryPoint\",\"urlTemplate\":\"https:\\\/\\\/www.p31noticias.com.br\\\/?s={search_term_string}\"},\"query-input\":{\"@type\":\"PropertyValueSpecification\",\"valueRequired\":true,\"valueName\":\"search_term_string\"}}],\"inLanguage\":\"pt-BR\"},{\"@type\":\"Person\",\"@id\":\"https:\\\/\\\/www.p31noticias.com.br\\\/#\\\/schema\\\/person\\\/77d6b186c710ac38937c6ec204fdd387\",\"name\":\"Reda\u00e7\u00e3o JBN\",\"image\":{\"@type\":\"ImageObject\",\"inLanguage\":\"pt-BR\",\"@id\":\"https:\\\/\\\/secure.gravatar.com\\\/avatar\\\/10fcdb93211f98cce3d64c0795b0915a9a4a21dc0f279238995a3dbfafcad090?s=96&d=mm&r=g\",\"url\":\"https:\\\/\\\/secure.gravatar.com\\\/avatar\\\/10fcdb93211f98cce3d64c0795b0915a9a4a21dc0f279238995a3dbfafcad090?s=96&d=mm&r=g\",\"contentUrl\":\"https:\\\/\\\/secure.gravatar.com\\\/avatar\\\/10fcdb93211f98cce3d64c0795b0915a9a4a21dc0f279238995a3dbfafcad090?s=96&d=mm&r=g\",\"caption\":\"Reda\u00e7\u00e3o JBN\"},\"sameAs\":[\"https:\\\/\\\/p31noticias.com.br\"],\"url\":\"https:\\\/\\\/www.p31noticias.com.br\\\/?author=18\"}]}<\/script>\n<!-- \/ Yoast SEO Premium plugin. -->","yoast_head_json":{"title":"Alunos de Cursos T\u00e9cnicos do Senac-DF ter\u00e3o aulas virtuais durante quarentena - P31","robots":{"index":"index","follow":"follow","max-snippet":"max-snippet:-1","max-image-preview":"max-image-preview:large","max-video-preview":"max-video-preview:-1"},"canonical":"https:\/\/www.p31noticias.com.br\/?p=21582","og_locale":"pt_BR","og_type":"article","og_title":"Alunos de Cursos T\u00e9cnicos do Senac-DF ter\u00e3o aulas virtuais durante quarentena","og_description":"Alunos dos cursos t\u00e9cnicos do Senac-DF passar\u00e3o a ter as aulas te\u00f3ricas em plataforma digital a partir da pr\u00f3xima segunda-feira (6), nos mesmos dias e hor\u00e1rios que aconteciam as aulas presenciais, suspensas temporariamente por conta das medidas adotadas pelos governos Federal e do Distrito Federal para conter o avan\u00e7o do novo coronav\u00edrus. Nesta sexta-feira (3), [&hellip;]","og_url":"https:\/\/www.p31noticias.com.br\/?p=21582","og_site_name":"P31","article_published_time":"2020-04-03T13:28:59+00:00","og_image":[{"width":787,"height":525,"url":"https:\/\/www.p31noticias.com.br\/wp-content\/uploads\/2020\/04\/senac.jpg","type":"image\/jpeg"}],"author":"Reda\u00e7\u00e3o JBN","twitter_card":"summary_large_image","twitter_misc":{"Escrito por":"Reda\u00e7\u00e3o JBN","Est. tempo de leitura":"2 minutos"},"schema":{"@context":"https:\/\/schema.org","@graph":[{"@type":"Article","@id":"https:\/\/www.p31noticias.com.br\/?p=21582#article","isPartOf":{"@id":"https:\/\/www.p31noticias.com.br\/?p=21582"},"author":{"name":"Reda\u00e7\u00e3o JBN","@id":"https:\/\/www.p31noticias.com.br\/#\/schema\/person\/77d6b186c710ac38937c6ec204fdd387"},"headline":"Alunos de Cursos T\u00e9cnicos do Senac-DF ter\u00e3o aulas virtuais durante quarentena","datePublished":"2020-04-03T13:28:59+00:00","mainEntityOfPage":{"@id":"https:\/\/www.p31noticias.com.br\/?p=21582"},"wordCount":341,"commentCount":0,"image":{"@id":"https:\/\/www.p31noticias.com.br\/?p=21582#primaryimage"},"thumbnailUrl":"https:\/\/www.p31noticias.com.br\/wp-content\/uploads\/2020\/04\/senac.jpg","articleSection":["Outros"],"inLanguage":"pt-BR","potentialAction":[{"@type":"CommentAction","name":"Comment","target":["https:\/\/www.p31noticias.com.br\/?p=21582#respond"]}],"copyrightYear":"2020","copyrightHolder":{"@id":"https:\/\/www.p31noticias.com.br\/#organization"}},{"@type":"WebPage","@id":"https:\/\/www.p31noticias.com.br\/?p=21582","url":"https:\/\/www.p31noticias.com.br\/?p=21582","name":"Alunos de Cursos T\u00e9cnicos do Senac-DF ter\u00e3o aulas virtuais durante quarentena - P31","isPartOf":{"@id":"https:\/\/www.p31noticias.com.br\/#website"},"primaryImageOfPage":{"@id":"https:\/\/www.p31noticias.com.br\/?p=21582#primaryimage"},"image":{"@id":"https:\/\/www.p31noticias.com.br\/?p=21582#primaryimage"},"thumbnailUrl":"https:\/\/www.p31noticias.com.br\/wp-content\/uploads\/2020\/04\/senac.jpg","datePublished":"2020-04-03T13:28:59+00:00","author":{"@id":"https:\/\/www.p31noticias.com.br\/#\/schema\/person\/77d6b186c710ac38937c6ec204fdd387"},"breadcrumb":{"@id":"https:\/\/www.p31noticias.com.br\/?p=21582#breadcrumb"},"inLanguage":"pt-BR","potentialAction":[{"@type":"ReadAction","target":["https:\/\/www.p31noticias.com.br\/?p=21582"]}]},{"@type":"ImageObject","inLanguage":"pt-BR","@id":"https:\/\/www.p31noticias.com.br\/?p=21582#primaryimage","url":"https:\/\/www.p31noticias.com.br\/wp-content\/uploads\/2020\/04\/senac.jpg","contentUrl":"https:\/\/www.p31noticias.com.br\/wp-content\/uploads\/2020\/04\/senac.jpg","width":787,"height":525},{"@type":"BreadcrumbList","@id":"https:\/\/www.p31noticias.com.br\/?p=21582#breadcrumb","itemListElement":[{"@type":"ListItem","position":1,"name":"In\u00edcio","item":"https:\/\/www.p31noticias.com.br\/"},{"@type":"ListItem","position":2,"name":"Alunos de Cursos T\u00e9cnicos do Senac-DF ter\u00e3o aulas virtuais durante quarentena"}]},{"@type":"WebSite","@id":"https:\/\/www.p31noticias.com.br\/#website","url":"https:\/\/www.p31noticias.com.br\/","name":"P31","description":"NOT\u00cdCIAS","potentialAction":[{"@type":"SearchAction","target":{"@type":"EntryPoint","urlTemplate":"https:\/\/www.p31noticias.com.br\/?s={search_term_string}"},"query-input":{"@type":"PropertyValueSpecification","valueRequired":true,"valueName":"search_term_string"}}],"inLanguage":"pt-BR"},{"@type":"Person","@id":"https:\/\/www.p31noticias.com.br\/#\/schema\/person\/77d6b186c710ac38937c6ec204fdd387","name":"Reda\u00e7\u00e3o JBN","image":{"@type":"ImageObject","inLanguage":"pt-BR","@id":"https:\/\/secure.gravatar.com\/avatar\/10fcdb93211f98cce3d64c0795b0915a9a4a21dc0f279238995a3dbfafcad090?s=96&d=mm&r=g","url":"https:\/\/secure.gravatar.com\/avatar\/10fcdb93211f98cce3d64c0795b0915a9a4a21dc0f279238995a3dbfafcad090?s=96&d=mm&r=g","contentUrl":"https:\/\/secure.gravatar.com\/avatar\/10fcdb93211f98cce3d64c0795b0915a9a4a21dc0f279238995a3dbfafcad090?s=96&d=mm&r=g","caption":"Reda\u00e7\u00e3o JBN"},"sameAs":["https:\/\/p31noticias.com.br"],"url":"https:\/\/www.p31noticias.com.br\/?author=18"}]}},"amp_enabled":true,"_links":{"self":[{"href":"https:\/\/www.p31noticias.com.br\/index.php?rest_route=\/wp\/v2\/posts\/21582","targetHints":{"allow":["GET"]}}],"collection":[{"href":"https:\/\/www.p31noticias.com.br\/index.php?rest_route=\/wp\/v2\/posts"}],"about":[{"href":"https:\/\/www.p31noticias.com.br\/index.php?rest_route=\/wp\/v2\/types\/post"}],"author":[{"embeddable":true,"href":"https:\/\/www.p31noticias.com.br\/index.php?rest_route=\/wp\/v2\/users\/18"}],"replies":[{"embeddable":true,"href":"https:\/\/www.p31noticias.com.br\/index.php?rest_route=%2Fwp%2Fv2%2Fcomments&post=21582"}],"version-history":[{"count":0,"href":"https:\/\/www.p31noticias.com.br\/index.php?rest_route=\/wp\/v2\/posts\/21582\/revisions"}],"wp:featuredmedia":[{"embeddable":true,"href":"https:\/\/www.p31noticias.com.br\/index.php?rest_route=\/wp\/v2\/media\/21583"}],"wp:attachment":[{"href":"https:\/\/www.p31noticias.com.br\/index.php?rest_route=%2Fwp%2Fv2%2Fmedia&parent=21582"}],"wp:term":[{"taxonomy":"category","embeddable":true,"href":"https:\/\/www.p31noticias.com.br\/index.php?rest_route=%2Fwp%2Fv2%2Fcategories&post=21582"},{"taxonomy":"post_tag","embeddable":true,"href":"https:\/\/www.p31noticias.com.br\/index.php?rest_route=%2Fwp%2Fv2%2Ftags&post=21582"}],"curies":[{"name":"wp","href":"https:\/\/api.w.org\/{rel}","templated":true}]}}