{"id":21579,"date":"2020-04-02T09:59:39","date_gmt":"2020-04-02T12:59:39","guid":{"rendered":"https:\/\/jornaldoplanalto.com.br\/web\/?p=21579"},"modified":"2020-04-02T09:59:39","modified_gmt":"2020-04-02T12:59:39","slug":"governo-do-df-amplia-isolamento-social-ate-3-de-maio","status":"publish","type":"post","link":"https:\/\/www.p31noticias.com.br\/?p=21579","title":{"rendered":"Governo do DF amplia isolamento social at\u00e9 3 de maio"},"content":{"rendered":"<p><em><strong>O decreto 40.583 permite com\u00e9rcio de alimentos em feiras e funcionamento de cl\u00ednicas m\u00e9dicas. Aulas em escolas e faculdades s\u00f3 em junho. O decreto vale a partir de hoje com exce\u00e7\u00e3o das feiras que come\u00e7ar\u00e3o a funcionar no dia 6<\/strong><\/em><\/p>\n<p>O isolamento social no Distrito Federal ser\u00e1 prorrogado at\u00e9 o dia 3 de maio. A decis\u00e3o consta de decreto do governador Ibaneis Rocha publicado em edi\u00e7\u00e3o extra do Di\u00e1rio Oficial do Distrito Federal (DODF) desta quarta-feira (1\u00ba). Segundo o chefe do Executivo, a medida visa conter a prolifera\u00e7\u00e3o de casos de Covid-19, j\u00e1 que h\u00e1 uma previs\u00e3o oficial do Minist\u00e9rio da Sa\u00fade de um pico nacional do n\u00famero de novos registros em meados de abril.<\/p>\n<p><strong><a href=\"https:\/\/agenciabrasilia.df.gov.br\/wp-conteudo\/uploads\/2020\/04\/DODF-044-01-04-2020-EDICAO-EXTRA.pdf\">Confira a \u00edntegra do Decreto 40.583\/2020<\/a><\/strong><\/p>\n<p>\u201cNo momento, o que temos para tratar a popula\u00e7\u00e3o do Distrito Federal \u00e9 o isolamento social. Essa foi a medida adotada nos pa\u00edses onde as coisas deram certo\u201d, avaliou Ibaneis.<\/p>\n<p>A restri\u00e7\u00e3o no fluxo de pessoas nas ruas ser\u00e1 ampliada tamb\u00e9m para escolas, faculdades e universidades. Neste caso, o governo optou por estender o fechamento dos estabelecimentos educacionais at\u00e9 o dia 31 de maio.<\/p>\n<p>O novo decreto tamb\u00e9m flexibiliza o funcionamento do com\u00e9rcio destinado \u00e0 alimenta\u00e7\u00e3o e servi\u00e7os essenciais. Os restaurantes e lanchonetes continuam atendendo apenas por servi\u00e7os de delivery. Supermercados, padarias e lojas de conveni\u00eancia podem comercializar seus produtos normalmente, vedado o consumo no interior dos estabelecimentos.<\/p>\n<p>A grande novidade \u00e9 para as feiras permanentes, que poder\u00e3o reabrir a partir do dia 6 de abril para venda exclusiva de produtos aliment\u00edcios. \u201cA gente tem de ir fazendo isto aos poucos, liberando alguns setores e reavaliando a cada momento as medidas\u201d, destacou o governador Ibaneis.<\/p>\n<p>Na avalia\u00e7\u00e3o dele, a quarentena est\u00e1 surtindo resultados muito positivos. \u201cAgradecemos \u00e0 popula\u00e7\u00e3o pela compreens\u00e3o por todo o momento. Tenho certeza de que, seguindo nesse isolamento, vamos conseguir ultrapassar o segundo ciclo da doen\u00e7a com mais seguran\u00e7a\u201d, concluiu.<\/p>\n<p>Atividades suspensas at\u00e9 o dia 3 de maio:<\/p>\n<p>\u2013 Eventos de qualquer natureza, que exijam licen\u00e7a do poder p\u00fablico;<br \/>\n\u2013 Eventos esportivos;<br \/>\n\u2013 Cinema e teatro;<br \/>\n\u2013 Academias;<br \/>\n\u2013 Museus;<br \/>\n\u2013 Zool\u00f3gico;<br \/>\n\u2013 Parques recreativos, urbanos e vivenciais;<br \/>\n\u2013 Boates e casas noturnas;<br \/>\n\u2013 Shopping centeres;<br \/>\n\u2013 Igrejas;<br \/>\n\u2013 Bares e restaurantes (permitido apenas delivery);<br \/>\n\u2013 Sal\u00f5es de beleza;<br \/>\n\u2013 Foodtrucks;<br \/>\n\u2013 Com\u00e9rcio ambulante em geral.<\/p>\n<p>Funcionamento permitido, atendendo \u00e0s orienta\u00e7\u00f5es sanit\u00e1rias:<\/p>\n<p>\u2013 Feiras permanentes e populares apenas para venda de produtos aliment\u00edcios;<br \/>\n\u2013 Cl\u00ednicas m\u00e9dicas, laborat\u00f3rios, consult\u00f3rios e farm\u00e1rcias;<br \/>\n\u2013 Cl\u00ednicas veterin\u00e1rias, petshops e lojas de medicamentos veterin\u00e1rios;<br \/>\n\u2013 Supermercados, mercearias, hortifrutigranjeiros, a\u00e7ougues, peixarias, com\u00e9rcio de produtos naturais, com\u00e9rcio de venda de suplementos e formulas alimentares;<br \/>\n\u2013 Lojas de material de constru\u00e7\u00e3o;<br \/>\n\u2013 Postos de combust\u00edvel;<br \/>\n\u2013 Com\u00e9rcio do segmento de ve\u00edculos automotores;<br \/>\n\u2013 Empresas de tecnologia, exceto lojas de equipamentos e suprimentos de inform\u00e1tica;<br \/>\n\u2013 Empresas envolvidas no combate \u00e0 pandemia do novo coronav\u00edrus e\/ou \u00e0 dengue;<br \/>\n\u2013 Funer\u00e1rias e servi\u00e7os relacionados;<br \/>\n\u2013 lot\u00e9ricas e correspondente banc\u00e1rios.<\/p>\n<p><em>(Renata Moura, da Ag\u00eancia Bras\u00edlia)<\/em><\/p>\n","protected":false},"excerpt":{"rendered":"<p>O decreto 40.583 permite com\u00e9rcio de alimentos em feiras e funcionamento de cl\u00ednicas m\u00e9dicas. Aulas em escolas e faculdades s\u00f3 em junho. O decreto vale a partir de hoje com exce\u00e7\u00e3o das feiras que come\u00e7ar\u00e3o a funcionar no dia 6 O isolamento social no Distrito Federal ser\u00e1 prorrogado at\u00e9 o dia 3 de maio. A [&hellip;]<\/p>\n","protected":false},"author":18,"featured_media":21580,"comment_status":"open","ping_status":"open","sticky":false,"template":"","format":"standard","meta":{"footnotes":""},"categories":[1],"tags":[],"class_list":{"0":"post-21579","1":"post","2":"type-post","3":"status-publish","4":"format-standard","5":"has-post-thumbnail","7":"category-outros"},"yoast_head":"<!-- This site is optimized with the Yoast SEO Premium plugin v24.5 (Yoast SEO v27.5) - https:\/\/yoast.com\/product\/yoast-seo-premium-wordpress\/ -->\n<title>Governo do DF amplia isolamento social at\u00e9 3 de maio - P31<\/title>\n<meta name=\"robots\" content=\"index, follow, max-snippet:-1, max-image-preview:large, max-video-preview:-1\" \/>\n<link rel=\"canonical\" href=\"https:\/\/www.p31noticias.com.br\/?p=21579\" \/>\n<meta property=\"og:locale\" content=\"pt_BR\" \/>\n<meta property=\"og:type\" content=\"article\" \/>\n<meta property=\"og:title\" content=\"Governo do DF amplia isolamento social at\u00e9 3 de maio\" \/>\n<meta property=\"og:description\" content=\"O decreto 40.583 permite com\u00e9rcio de alimentos em feiras e funcionamento de cl\u00ednicas m\u00e9dicas. Aulas em escolas e faculdades s\u00f3 em junho. O decreto vale a partir de hoje com exce\u00e7\u00e3o das feiras que come\u00e7ar\u00e3o a funcionar no dia 6 O isolamento social no Distrito Federal ser\u00e1 prorrogado at\u00e9 o dia 3 de maio. A [&hellip;]\" \/>\n<meta property=\"og:url\" content=\"https:\/\/www.p31noticias.com.br\/?p=21579\" \/>\n<meta property=\"og:site_name\" content=\"P31\" \/>\n<meta property=\"article:published_time\" content=\"2020-04-02T12:59:39+00:00\" \/>\n<meta property=\"og:image\" content=\"https:\/\/www.p31noticias.com.br\/wp-content\/uploads\/2020\/04\/dodf.png\" \/>\n\t<meta property=\"og:image:width\" content=\"1493\" \/>\n\t<meta property=\"og:image:height\" content=\"791\" \/>\n\t<meta property=\"og:image:type\" content=\"image\/png\" \/>\n<meta name=\"author\" content=\"Reda\u00e7\u00e3o JBN\" \/>\n<meta name=\"twitter:card\" content=\"summary_large_image\" \/>\n<meta name=\"twitter:label1\" content=\"Escrito por\" \/>\n\t<meta name=\"twitter:data1\" content=\"Reda\u00e7\u00e3o JBN\" \/>\n\t<meta name=\"twitter:label2\" content=\"Est. tempo de leitura\" \/>\n\t<meta name=\"twitter:data2\" content=\"3 minutos\" \/>\n<script type=\"application\/ld+json\" class=\"yoast-schema-graph\">{\"@context\":\"https:\\\/\\\/schema.org\",\"@graph\":[{\"@type\":\"Article\",\"@id\":\"https:\\\/\\\/www.p31noticias.com.br\\\/?p=21579#article\",\"isPartOf\":{\"@id\":\"https:\\\/\\\/www.p31noticias.com.br\\\/?p=21579\"},\"author\":{\"name\":\"Reda\u00e7\u00e3o JBN\",\"@id\":\"https:\\\/\\\/www.p31noticias.com.br\\\/#\\\/schema\\\/person\\\/77d6b186c710ac38937c6ec204fdd387\"},\"headline\":\"Governo do DF amplia isolamento social at\u00e9 3 de maio\",\"datePublished\":\"2020-04-02T12:59:39+00:00\",\"mainEntityOfPage\":{\"@id\":\"https:\\\/\\\/www.p31noticias.com.br\\\/?p=21579\"},\"wordCount\":521,\"commentCount\":0,\"image\":{\"@id\":\"https:\\\/\\\/www.p31noticias.com.br\\\/?p=21579#primaryimage\"},\"thumbnailUrl\":\"https:\\\/\\\/www.p31noticias.com.br\\\/wp-content\\\/uploads\\\/2020\\\/04\\\/dodf.png\",\"articleSection\":[\"Outros\"],\"inLanguage\":\"pt-BR\",\"potentialAction\":[{\"@type\":\"CommentAction\",\"name\":\"Comment\",\"target\":[\"https:\\\/\\\/www.p31noticias.com.br\\\/?p=21579#respond\"]}],\"copyrightYear\":\"2020\",\"copyrightHolder\":{\"@id\":\"https:\\\/\\\/www.p31noticias.com.br\\\/#organization\"}},{\"@type\":\"WebPage\",\"@id\":\"https:\\\/\\\/www.p31noticias.com.br\\\/?p=21579\",\"url\":\"https:\\\/\\\/www.p31noticias.com.br\\\/?p=21579\",\"name\":\"Governo do DF amplia isolamento social at\u00e9 3 de maio - P31\",\"isPartOf\":{\"@id\":\"https:\\\/\\\/www.p31noticias.com.br\\\/#website\"},\"primaryImageOfPage\":{\"@id\":\"https:\\\/\\\/www.p31noticias.com.br\\\/?p=21579#primaryimage\"},\"image\":{\"@id\":\"https:\\\/\\\/www.p31noticias.com.br\\\/?p=21579#primaryimage\"},\"thumbnailUrl\":\"https:\\\/\\\/www.p31noticias.com.br\\\/wp-content\\\/uploads\\\/2020\\\/04\\\/dodf.png\",\"datePublished\":\"2020-04-02T12:59:39+00:00\",\"author\":{\"@id\":\"https:\\\/\\\/www.p31noticias.com.br\\\/#\\\/schema\\\/person\\\/77d6b186c710ac38937c6ec204fdd387\"},\"breadcrumb\":{\"@id\":\"https:\\\/\\\/www.p31noticias.com.br\\\/?p=21579#breadcrumb\"},\"inLanguage\":\"pt-BR\",\"potentialAction\":[{\"@type\":\"ReadAction\",\"target\":[\"https:\\\/\\\/www.p31noticias.com.br\\\/?p=21579\"]}]},{\"@type\":\"ImageObject\",\"inLanguage\":\"pt-BR\",\"@id\":\"https:\\\/\\\/www.p31noticias.com.br\\\/?p=21579#primaryimage\",\"url\":\"https:\\\/\\\/www.p31noticias.com.br\\\/wp-content\\\/uploads\\\/2020\\\/04\\\/dodf.png\",\"contentUrl\":\"https:\\\/\\\/www.p31noticias.com.br\\\/wp-content\\\/uploads\\\/2020\\\/04\\\/dodf.png\",\"width\":1493,\"height\":791},{\"@type\":\"BreadcrumbList\",\"@id\":\"https:\\\/\\\/www.p31noticias.com.br\\\/?p=21579#breadcrumb\",\"itemListElement\":[{\"@type\":\"ListItem\",\"position\":1,\"name\":\"In\u00edcio\",\"item\":\"https:\\\/\\\/www.p31noticias.com.br\\\/\"},{\"@type\":\"ListItem\",\"position\":2,\"name\":\"Governo do DF amplia isolamento social at\u00e9 3 de maio\"}]},{\"@type\":\"WebSite\",\"@id\":\"https:\\\/\\\/www.p31noticias.com.br\\\/#website\",\"url\":\"https:\\\/\\\/www.p31noticias.com.br\\\/\",\"name\":\"P31\",\"description\":\"NOT\u00cdCIAS\",\"potentialAction\":[{\"@type\":\"SearchAction\",\"target\":{\"@type\":\"EntryPoint\",\"urlTemplate\":\"https:\\\/\\\/www.p31noticias.com.br\\\/?s={search_term_string}\"},\"query-input\":{\"@type\":\"PropertyValueSpecification\",\"valueRequired\":true,\"valueName\":\"search_term_string\"}}],\"inLanguage\":\"pt-BR\"},{\"@type\":\"Person\",\"@id\":\"https:\\\/\\\/www.p31noticias.com.br\\\/#\\\/schema\\\/person\\\/77d6b186c710ac38937c6ec204fdd387\",\"name\":\"Reda\u00e7\u00e3o JBN\",\"image\":{\"@type\":\"ImageObject\",\"inLanguage\":\"pt-BR\",\"@id\":\"https:\\\/\\\/secure.gravatar.com\\\/avatar\\\/10fcdb93211f98cce3d64c0795b0915a9a4a21dc0f279238995a3dbfafcad090?s=96&d=mm&r=g\",\"url\":\"https:\\\/\\\/secure.gravatar.com\\\/avatar\\\/10fcdb93211f98cce3d64c0795b0915a9a4a21dc0f279238995a3dbfafcad090?s=96&d=mm&r=g\",\"contentUrl\":\"https:\\\/\\\/secure.gravatar.com\\\/avatar\\\/10fcdb93211f98cce3d64c0795b0915a9a4a21dc0f279238995a3dbfafcad090?s=96&d=mm&r=g\",\"caption\":\"Reda\u00e7\u00e3o JBN\"},\"sameAs\":[\"https:\\\/\\\/p31noticias.com.br\"],\"url\":\"https:\\\/\\\/www.p31noticias.com.br\\\/?author=18\"}]}<\/script>\n<!-- \/ Yoast SEO Premium plugin. -->","yoast_head_json":{"title":"Governo do DF amplia isolamento social at\u00e9 3 de maio - P31","robots":{"index":"index","follow":"follow","max-snippet":"max-snippet:-1","max-image-preview":"max-image-preview:large","max-video-preview":"max-video-preview:-1"},"canonical":"https:\/\/www.p31noticias.com.br\/?p=21579","og_locale":"pt_BR","og_type":"article","og_title":"Governo do DF amplia isolamento social at\u00e9 3 de maio","og_description":"O decreto 40.583 permite com\u00e9rcio de alimentos em feiras e funcionamento de cl\u00ednicas m\u00e9dicas. Aulas em escolas e faculdades s\u00f3 em junho. O decreto vale a partir de hoje com exce\u00e7\u00e3o das feiras que come\u00e7ar\u00e3o a funcionar no dia 6 O isolamento social no Distrito Federal ser\u00e1 prorrogado at\u00e9 o dia 3 de maio. A [&hellip;]","og_url":"https:\/\/www.p31noticias.com.br\/?p=21579","og_site_name":"P31","article_published_time":"2020-04-02T12:59:39+00:00","og_image":[{"width":1493,"height":791,"url":"https:\/\/www.p31noticias.com.br\/wp-content\/uploads\/2020\/04\/dodf.png","type":"image\/png"}],"author":"Reda\u00e7\u00e3o JBN","twitter_card":"summary_large_image","twitter_misc":{"Escrito por":"Reda\u00e7\u00e3o JBN","Est. tempo de leitura":"3 minutos"},"schema":{"@context":"https:\/\/schema.org","@graph":[{"@type":"Article","@id":"https:\/\/www.p31noticias.com.br\/?p=21579#article","isPartOf":{"@id":"https:\/\/www.p31noticias.com.br\/?p=21579"},"author":{"name":"Reda\u00e7\u00e3o JBN","@id":"https:\/\/www.p31noticias.com.br\/#\/schema\/person\/77d6b186c710ac38937c6ec204fdd387"},"headline":"Governo do DF amplia isolamento social at\u00e9 3 de maio","datePublished":"2020-04-02T12:59:39+00:00","mainEntityOfPage":{"@id":"https:\/\/www.p31noticias.com.br\/?p=21579"},"wordCount":521,"commentCount":0,"image":{"@id":"https:\/\/www.p31noticias.com.br\/?p=21579#primaryimage"},"thumbnailUrl":"https:\/\/www.p31noticias.com.br\/wp-content\/uploads\/2020\/04\/dodf.png","articleSection":["Outros"],"inLanguage":"pt-BR","potentialAction":[{"@type":"CommentAction","name":"Comment","target":["https:\/\/www.p31noticias.com.br\/?p=21579#respond"]}],"copyrightYear":"2020","copyrightHolder":{"@id":"https:\/\/www.p31noticias.com.br\/#organization"}},{"@type":"WebPage","@id":"https:\/\/www.p31noticias.com.br\/?p=21579","url":"https:\/\/www.p31noticias.com.br\/?p=21579","name":"Governo do DF amplia isolamento social at\u00e9 3 de maio - P31","isPartOf":{"@id":"https:\/\/www.p31noticias.com.br\/#website"},"primaryImageOfPage":{"@id":"https:\/\/www.p31noticias.com.br\/?p=21579#primaryimage"},"image":{"@id":"https:\/\/www.p31noticias.com.br\/?p=21579#primaryimage"},"thumbnailUrl":"https:\/\/www.p31noticias.com.br\/wp-content\/uploads\/2020\/04\/dodf.png","datePublished":"2020-04-02T12:59:39+00:00","author":{"@id":"https:\/\/www.p31noticias.com.br\/#\/schema\/person\/77d6b186c710ac38937c6ec204fdd387"},"breadcrumb":{"@id":"https:\/\/www.p31noticias.com.br\/?p=21579#breadcrumb"},"inLanguage":"pt-BR","potentialAction":[{"@type":"ReadAction","target":["https:\/\/www.p31noticias.com.br\/?p=21579"]}]},{"@type":"ImageObject","inLanguage":"pt-BR","@id":"https:\/\/www.p31noticias.com.br\/?p=21579#primaryimage","url":"https:\/\/www.p31noticias.com.br\/wp-content\/uploads\/2020\/04\/dodf.png","contentUrl":"https:\/\/www.p31noticias.com.br\/wp-content\/uploads\/2020\/04\/dodf.png","width":1493,"height":791},{"@type":"BreadcrumbList","@id":"https:\/\/www.p31noticias.com.br\/?p=21579#breadcrumb","itemListElement":[{"@type":"ListItem","position":1,"name":"In\u00edcio","item":"https:\/\/www.p31noticias.com.br\/"},{"@type":"ListItem","position":2,"name":"Governo do DF amplia isolamento social at\u00e9 3 de maio"}]},{"@type":"WebSite","@id":"https:\/\/www.p31noticias.com.br\/#website","url":"https:\/\/www.p31noticias.com.br\/","name":"P31","description":"NOT\u00cdCIAS","potentialAction":[{"@type":"SearchAction","target":{"@type":"EntryPoint","urlTemplate":"https:\/\/www.p31noticias.com.br\/?s={search_term_string}"},"query-input":{"@type":"PropertyValueSpecification","valueRequired":true,"valueName":"search_term_string"}}],"inLanguage":"pt-BR"},{"@type":"Person","@id":"https:\/\/www.p31noticias.com.br\/#\/schema\/person\/77d6b186c710ac38937c6ec204fdd387","name":"Reda\u00e7\u00e3o JBN","image":{"@type":"ImageObject","inLanguage":"pt-BR","@id":"https:\/\/secure.gravatar.com\/avatar\/10fcdb93211f98cce3d64c0795b0915a9a4a21dc0f279238995a3dbfafcad090?s=96&d=mm&r=g","url":"https:\/\/secure.gravatar.com\/avatar\/10fcdb93211f98cce3d64c0795b0915a9a4a21dc0f279238995a3dbfafcad090?s=96&d=mm&r=g","contentUrl":"https:\/\/secure.gravatar.com\/avatar\/10fcdb93211f98cce3d64c0795b0915a9a4a21dc0f279238995a3dbfafcad090?s=96&d=mm&r=g","caption":"Reda\u00e7\u00e3o JBN"},"sameAs":["https:\/\/p31noticias.com.br"],"url":"https:\/\/www.p31noticias.com.br\/?author=18"}]}},"amp_enabled":true,"_links":{"self":[{"href":"https:\/\/www.p31noticias.com.br\/index.php?rest_route=\/wp\/v2\/posts\/21579","targetHints":{"allow":["GET"]}}],"collection":[{"href":"https:\/\/www.p31noticias.com.br\/index.php?rest_route=\/wp\/v2\/posts"}],"about":[{"href":"https:\/\/www.p31noticias.com.br\/index.php?rest_route=\/wp\/v2\/types\/post"}],"author":[{"embeddable":true,"href":"https:\/\/www.p31noticias.com.br\/index.php?rest_route=\/wp\/v2\/users\/18"}],"replies":[{"embeddable":true,"href":"https:\/\/www.p31noticias.com.br\/index.php?rest_route=%2Fwp%2Fv2%2Fcomments&post=21579"}],"version-history":[{"count":0,"href":"https:\/\/www.p31noticias.com.br\/index.php?rest_route=\/wp\/v2\/posts\/21579\/revisions"}],"wp:featuredmedia":[{"embeddable":true,"href":"https:\/\/www.p31noticias.com.br\/index.php?rest_route=\/wp\/v2\/media\/21580"}],"wp:attachment":[{"href":"https:\/\/www.p31noticias.com.br\/index.php?rest_route=%2Fwp%2Fv2%2Fmedia&parent=21579"}],"wp:term":[{"taxonomy":"category","embeddable":true,"href":"https:\/\/www.p31noticias.com.br\/index.php?rest_route=%2Fwp%2Fv2%2Fcategories&post=21579"},{"taxonomy":"post_tag","embeddable":true,"href":"https:\/\/www.p31noticias.com.br\/index.php?rest_route=%2Fwp%2Fv2%2Ftags&post=21579"}],"curies":[{"name":"wp","href":"https:\/\/api.w.org\/{rel}","templated":true}]}}