{"id":21576,"date":"2020-04-02T09:48:20","date_gmt":"2020-04-02T12:48:20","guid":{"rendered":"https:\/\/jornaldoplanalto.com.br\/web\/?p=21576"},"modified":"2020-04-02T09:48:20","modified_gmt":"2020-04-02T12:48:20","slug":"governo-anuncia-r-200-bilhoes-para-trabalhadores","status":"publish","type":"post","link":"https:\/\/www.p31noticias.com.br\/?p=21576","title":{"rendered":"Governo anuncia R$ 200 bilh\u00f5es para trabalhadores"},"content":{"rendered":"<p>O presidente Jair Bolsonaro anunciou, nesta ter\u00e7a-feira (1\u00ba), cerca de R$ 200 bilh\u00f5es em medidas para socorrer trabalhadores e empresas e ajudar estados e munic\u00edpios no enfrentamento aos efeitos da crise provocada pela pandemia do novo coronav\u00edrus.<\/p>\n<p>Em pronunciamento \u00e0 imprensa no Pal\u00e1cio do Planalto, Bolsonaro explicou que, at\u00e9 esta quarta-feira (2), ser\u00e3o editadas tr\u00eas medidas provis\u00f3rias (MP) e sancionado o projeto que prev\u00ea o aux\u00edlio emergencial de R$ 600 para trabalhadores informais, aut\u00f4nomos e sem renda fixa.<\/p>\n<p>Ao lado do presidente, o ministro da Economia, Paulo Guedes, explicou que esse aux\u00edlio custar\u00e1 R$ 98 bilh\u00f5es aos cofres p\u00fablicos e deve beneficiar 54 milh\u00f5es de brasileiros. \u201cDe forma que eles tenham recursos nos pr\u00f3ximos tr\u00eas meses para enfrentar a primeira onda de impacto, que \u00e9 a onda da sa\u00fade. H\u00e1 uma outra onda vindo de desarticula\u00e7\u00e3o econ\u00f4mica que nos amea\u00e7a\u201d, disse.<\/p>\n<p>O governo federal tamb\u00e9m vai transferir R$ 16 bilh\u00f5es para os fundos de participa\u00e7\u00e3o dos estados e dos munic\u00edpios. \u201c\u00c9 para refor\u00e7ar essa luta no\u00a0<em>front<\/em>, onde o v\u00edrus est\u00e1 atacando, os sistemas de sa\u00fade e seguran\u00e7a\u201d, explicou Guedes.<\/p>\n<h2>Manuten\u00e7\u00e3o de empregos<\/h2>\n<p>De acordo com o ministro, as outras medidas s\u00e3o para ajudar as empresas na manuten\u00e7\u00e3o dos empregos. S\u00e3o R$ 51 bilh\u00f5es para complementa\u00e7\u00e3o salarial, em caso de redu\u00e7\u00e3o de sal\u00e1rio e de jornada de trabalho de funcion\u00e1rios, e R$ 40 bilh\u00f5es (R$ 34 bilh\u00f5es do Tesouro e R$ 6 bilh\u00f5es dos bancos privados) de cr\u00e9dito para financiamento da folha de pagamento.<\/p>\n<p>\u201cEnt\u00e3o a empresa que resolver manter os empregos, n\u00f3s n\u00e3o s\u00f3 complementamos o sal\u00e1rio como damos cr\u00e9dito para o pagamento. A empresa est\u00e1 sem capital de giro e reduziu, por exemplo, em 30% a jornada e o sal\u00e1rio, n\u00f3s pagamos 30% do sal\u00e1rio, e ela est\u00e1 sem dinheiro para pagar os outros 70% que se comprometeu a manter, n\u00f3s damos o cr\u00e9dito\u201d, explicou.<\/p>\n<p>Segundo o ministro Guedes, as medidas custar\u00e3o ao Tesouro o correspondente a 2,6% do Produto Interno Bruto (PIB), que \u00e9 a soma de todos os bens e servi\u00e7os produzidos no pa\u00eds.<\/p>\n<h2>Conversa com Trump<\/h2>\n<p>O presidente Bolsonaro tamb\u00e9m disse que conversou, por telefone, com o presidente dos Estados Unidos, Donald Tump sobre \u201cesse problema que \u00e9 mundial\u201d. \u201cObviamente, estamos juntos na busca do melhor para os nossos pa\u00edses\u201d, disse no pronunciamento \u00e0 imprensa.<\/p>\n<p>Mais cedo, em publica\u00e7\u00e3o no Twitter, Bolsonaro informou que trocou informa\u00e7\u00f5es sobre o impacto da covid-19 e sobre as experi\u00eancias no uso da hidroxicloroquina. \u201cNa oportunidade, reafirmamos a solidariedade m\u00fatua entre os dois pa\u00edses\u201d, escreveu.<\/p>\n<p>A cloroquina, e sua varia\u00e7\u00e3o hidroxicloroquina, est\u00e1 sendo testada para o tratamento de pacientes internados com covid-19. Esses medicamentos s\u00e3o utilizadas normalmente contra a mal\u00e1ria, nos casos de l\u00fapus e artrite reumatoide.<\/p>\n<p><em>(Foto: Marcello Casal Jr\/Ag\u00eancia Brasil)<\/em><\/p>\n","protected":false},"excerpt":{"rendered":"<p>O presidente Jair Bolsonaro anunciou, nesta ter\u00e7a-feira (1\u00ba), cerca de R$ 200 bilh\u00f5es em medidas para socorrer trabalhadores e empresas e ajudar estados e munic\u00edpios no enfrentamento aos efeitos da crise provocada pela pandemia do novo coronav\u00edrus. Em pronunciamento \u00e0 imprensa no Pal\u00e1cio do Planalto, Bolsonaro explicou que, at\u00e9 esta quarta-feira (2), ser\u00e3o editadas tr\u00eas [&hellip;]<\/p>\n","protected":false},"author":18,"featured_media":21577,"comment_status":"open","ping_status":"open","sticky":false,"template":"","format":"standard","meta":{"footnotes":""},"categories":[68],"tags":[],"class_list":{"0":"post-21576","1":"post","2":"type-post","3":"status-publish","4":"format-standard","5":"has-post-thumbnail","7":"category-brasil"},"yoast_head":"<!-- This site is optimized with the Yoast SEO Premium plugin v24.5 (Yoast SEO v27.5) - https:\/\/yoast.com\/product\/yoast-seo-premium-wordpress\/ -->\n<title>Governo anuncia R$ 200 bilh\u00f5es para trabalhadores - P31<\/title>\n<meta name=\"robots\" content=\"index, follow, max-snippet:-1, max-image-preview:large, max-video-preview:-1\" \/>\n<link rel=\"canonical\" href=\"https:\/\/www.p31noticias.com.br\/?p=21576\" \/>\n<meta property=\"og:locale\" content=\"pt_BR\" \/>\n<meta property=\"og:type\" content=\"article\" \/>\n<meta property=\"og:title\" content=\"Governo anuncia R$ 200 bilh\u00f5es para trabalhadores\" \/>\n<meta property=\"og:description\" content=\"O presidente Jair Bolsonaro anunciou, nesta ter\u00e7a-feira (1\u00ba), cerca de R$ 200 bilh\u00f5es em medidas para socorrer trabalhadores e empresas e ajudar estados e munic\u00edpios no enfrentamento aos efeitos da crise provocada pela pandemia do novo coronav\u00edrus. Em pronunciamento \u00e0 imprensa no Pal\u00e1cio do Planalto, Bolsonaro explicou que, at\u00e9 esta quarta-feira (2), ser\u00e3o editadas tr\u00eas [&hellip;]\" \/>\n<meta property=\"og:url\" content=\"https:\/\/www.p31noticias.com.br\/?p=21576\" \/>\n<meta property=\"og:site_name\" content=\"P31\" \/>\n<meta property=\"article:published_time\" content=\"2020-04-02T12:48:20+00:00\" \/>\n<meta property=\"og:image\" content=\"https:\/\/www.p31noticias.com.br\/wp-content\/uploads\/2020\/04\/bolsonaro-socorro.jpg\" \/>\n\t<meta property=\"og:image:width\" content=\"770\" \/>\n\t<meta property=\"og:image:height\" content=\"435\" \/>\n\t<meta property=\"og:image:type\" content=\"image\/jpeg\" \/>\n<meta name=\"author\" content=\"Reda\u00e7\u00e3o JBN\" \/>\n<meta name=\"twitter:card\" content=\"summary_large_image\" \/>\n<meta name=\"twitter:label1\" content=\"Escrito por\" \/>\n\t<meta name=\"twitter:data1\" content=\"Reda\u00e7\u00e3o JBN\" \/>\n\t<meta name=\"twitter:label2\" content=\"Est. tempo de leitura\" \/>\n\t<meta name=\"twitter:data2\" content=\"2 minutos\" \/>\n<script type=\"application\/ld+json\" class=\"yoast-schema-graph\">{\"@context\":\"https:\\\/\\\/schema.org\",\"@graph\":[{\"@type\":\"Article\",\"@id\":\"https:\\\/\\\/www.p31noticias.com.br\\\/?p=21576#article\",\"isPartOf\":{\"@id\":\"https:\\\/\\\/www.p31noticias.com.br\\\/?p=21576\"},\"author\":{\"name\":\"Reda\u00e7\u00e3o JBN\",\"@id\":\"https:\\\/\\\/www.p31noticias.com.br\\\/#\\\/schema\\\/person\\\/77d6b186c710ac38937c6ec204fdd387\"},\"headline\":\"Governo anuncia R$ 200 bilh\u00f5es para trabalhadores\",\"datePublished\":\"2020-04-02T12:48:20+00:00\",\"mainEntityOfPage\":{\"@id\":\"https:\\\/\\\/www.p31noticias.com.br\\\/?p=21576\"},\"wordCount\":505,\"commentCount\":0,\"image\":{\"@id\":\"https:\\\/\\\/www.p31noticias.com.br\\\/?p=21576#primaryimage\"},\"thumbnailUrl\":\"https:\\\/\\\/www.p31noticias.com.br\\\/wp-content\\\/uploads\\\/2020\\\/04\\\/bolsonaro-socorro.jpg\",\"articleSection\":[\"Brasil\"],\"inLanguage\":\"pt-BR\",\"potentialAction\":[{\"@type\":\"CommentAction\",\"name\":\"Comment\",\"target\":[\"https:\\\/\\\/www.p31noticias.com.br\\\/?p=21576#respond\"]}],\"copyrightYear\":\"2020\",\"copyrightHolder\":{\"@id\":\"https:\\\/\\\/www.p31noticias.com.br\\\/#organization\"}},{\"@type\":\"WebPage\",\"@id\":\"https:\\\/\\\/www.p31noticias.com.br\\\/?p=21576\",\"url\":\"https:\\\/\\\/www.p31noticias.com.br\\\/?p=21576\",\"name\":\"Governo anuncia R$ 200 bilh\u00f5es para trabalhadores - P31\",\"isPartOf\":{\"@id\":\"https:\\\/\\\/www.p31noticias.com.br\\\/#website\"},\"primaryImageOfPage\":{\"@id\":\"https:\\\/\\\/www.p31noticias.com.br\\\/?p=21576#primaryimage\"},\"image\":{\"@id\":\"https:\\\/\\\/www.p31noticias.com.br\\\/?p=21576#primaryimage\"},\"thumbnailUrl\":\"https:\\\/\\\/www.p31noticias.com.br\\\/wp-content\\\/uploads\\\/2020\\\/04\\\/bolsonaro-socorro.jpg\",\"datePublished\":\"2020-04-02T12:48:20+00:00\",\"author\":{\"@id\":\"https:\\\/\\\/www.p31noticias.com.br\\\/#\\\/schema\\\/person\\\/77d6b186c710ac38937c6ec204fdd387\"},\"breadcrumb\":{\"@id\":\"https:\\\/\\\/www.p31noticias.com.br\\\/?p=21576#breadcrumb\"},\"inLanguage\":\"pt-BR\",\"potentialAction\":[{\"@type\":\"ReadAction\",\"target\":[\"https:\\\/\\\/www.p31noticias.com.br\\\/?p=21576\"]}]},{\"@type\":\"ImageObject\",\"inLanguage\":\"pt-BR\",\"@id\":\"https:\\\/\\\/www.p31noticias.com.br\\\/?p=21576#primaryimage\",\"url\":\"https:\\\/\\\/www.p31noticias.com.br\\\/wp-content\\\/uploads\\\/2020\\\/04\\\/bolsonaro-socorro.jpg\",\"contentUrl\":\"https:\\\/\\\/www.p31noticias.com.br\\\/wp-content\\\/uploads\\\/2020\\\/04\\\/bolsonaro-socorro.jpg\",\"width\":770,\"height\":435,\"caption\":\"O ministro da da Casa Civil, Braga Netto, o presidente da Rep\u00fablica, Jair Bolsonaro, e o ministro da Economia, Paulo Guedes, participam de coletiva de imprensa no Pal\u00e1cio do Planalto\"},{\"@type\":\"BreadcrumbList\",\"@id\":\"https:\\\/\\\/www.p31noticias.com.br\\\/?p=21576#breadcrumb\",\"itemListElement\":[{\"@type\":\"ListItem\",\"position\":1,\"name\":\"In\u00edcio\",\"item\":\"https:\\\/\\\/www.p31noticias.com.br\\\/\"},{\"@type\":\"ListItem\",\"position\":2,\"name\":\"Governo anuncia R$ 200 bilh\u00f5es para trabalhadores\"}]},{\"@type\":\"WebSite\",\"@id\":\"https:\\\/\\\/www.p31noticias.com.br\\\/#website\",\"url\":\"https:\\\/\\\/www.p31noticias.com.br\\\/\",\"name\":\"P31\",\"description\":\"NOT\u00cdCIAS\",\"potentialAction\":[{\"@type\":\"SearchAction\",\"target\":{\"@type\":\"EntryPoint\",\"urlTemplate\":\"https:\\\/\\\/www.p31noticias.com.br\\\/?s={search_term_string}\"},\"query-input\":{\"@type\":\"PropertyValueSpecification\",\"valueRequired\":true,\"valueName\":\"search_term_string\"}}],\"inLanguage\":\"pt-BR\"},{\"@type\":\"Person\",\"@id\":\"https:\\\/\\\/www.p31noticias.com.br\\\/#\\\/schema\\\/person\\\/77d6b186c710ac38937c6ec204fdd387\",\"name\":\"Reda\u00e7\u00e3o JBN\",\"image\":{\"@type\":\"ImageObject\",\"inLanguage\":\"pt-BR\",\"@id\":\"https:\\\/\\\/secure.gravatar.com\\\/avatar\\\/10fcdb93211f98cce3d64c0795b0915a9a4a21dc0f279238995a3dbfafcad090?s=96&d=mm&r=g\",\"url\":\"https:\\\/\\\/secure.gravatar.com\\\/avatar\\\/10fcdb93211f98cce3d64c0795b0915a9a4a21dc0f279238995a3dbfafcad090?s=96&d=mm&r=g\",\"contentUrl\":\"https:\\\/\\\/secure.gravatar.com\\\/avatar\\\/10fcdb93211f98cce3d64c0795b0915a9a4a21dc0f279238995a3dbfafcad090?s=96&d=mm&r=g\",\"caption\":\"Reda\u00e7\u00e3o JBN\"},\"sameAs\":[\"https:\\\/\\\/p31noticias.com.br\"],\"url\":\"https:\\\/\\\/www.p31noticias.com.br\\\/?author=18\"}]}<\/script>\n<!-- \/ Yoast SEO Premium plugin. -->","yoast_head_json":{"title":"Governo anuncia R$ 200 bilh\u00f5es para trabalhadores - P31","robots":{"index":"index","follow":"follow","max-snippet":"max-snippet:-1","max-image-preview":"max-image-preview:large","max-video-preview":"max-video-preview:-1"},"canonical":"https:\/\/www.p31noticias.com.br\/?p=21576","og_locale":"pt_BR","og_type":"article","og_title":"Governo anuncia R$ 200 bilh\u00f5es para trabalhadores","og_description":"O presidente Jair Bolsonaro anunciou, nesta ter\u00e7a-feira (1\u00ba), cerca de R$ 200 bilh\u00f5es em medidas para socorrer trabalhadores e empresas e ajudar estados e munic\u00edpios no enfrentamento aos efeitos da crise provocada pela pandemia do novo coronav\u00edrus. Em pronunciamento \u00e0 imprensa no Pal\u00e1cio do Planalto, Bolsonaro explicou que, at\u00e9 esta quarta-feira (2), ser\u00e3o editadas tr\u00eas [&hellip;]","og_url":"https:\/\/www.p31noticias.com.br\/?p=21576","og_site_name":"P31","article_published_time":"2020-04-02T12:48:20+00:00","og_image":[{"width":770,"height":435,"url":"https:\/\/www.p31noticias.com.br\/wp-content\/uploads\/2020\/04\/bolsonaro-socorro.jpg","type":"image\/jpeg"}],"author":"Reda\u00e7\u00e3o JBN","twitter_card":"summary_large_image","twitter_misc":{"Escrito por":"Reda\u00e7\u00e3o JBN","Est. tempo de leitura":"2 minutos"},"schema":{"@context":"https:\/\/schema.org","@graph":[{"@type":"Article","@id":"https:\/\/www.p31noticias.com.br\/?p=21576#article","isPartOf":{"@id":"https:\/\/www.p31noticias.com.br\/?p=21576"},"author":{"name":"Reda\u00e7\u00e3o JBN","@id":"https:\/\/www.p31noticias.com.br\/#\/schema\/person\/77d6b186c710ac38937c6ec204fdd387"},"headline":"Governo anuncia R$ 200 bilh\u00f5es para trabalhadores","datePublished":"2020-04-02T12:48:20+00:00","mainEntityOfPage":{"@id":"https:\/\/www.p31noticias.com.br\/?p=21576"},"wordCount":505,"commentCount":0,"image":{"@id":"https:\/\/www.p31noticias.com.br\/?p=21576#primaryimage"},"thumbnailUrl":"https:\/\/www.p31noticias.com.br\/wp-content\/uploads\/2020\/04\/bolsonaro-socorro.jpg","articleSection":["Brasil"],"inLanguage":"pt-BR","potentialAction":[{"@type":"CommentAction","name":"Comment","target":["https:\/\/www.p31noticias.com.br\/?p=21576#respond"]}],"copyrightYear":"2020","copyrightHolder":{"@id":"https:\/\/www.p31noticias.com.br\/#organization"}},{"@type":"WebPage","@id":"https:\/\/www.p31noticias.com.br\/?p=21576","url":"https:\/\/www.p31noticias.com.br\/?p=21576","name":"Governo anuncia R$ 200 bilh\u00f5es para trabalhadores - P31","isPartOf":{"@id":"https:\/\/www.p31noticias.com.br\/#website"},"primaryImageOfPage":{"@id":"https:\/\/www.p31noticias.com.br\/?p=21576#primaryimage"},"image":{"@id":"https:\/\/www.p31noticias.com.br\/?p=21576#primaryimage"},"thumbnailUrl":"https:\/\/www.p31noticias.com.br\/wp-content\/uploads\/2020\/04\/bolsonaro-socorro.jpg","datePublished":"2020-04-02T12:48:20+00:00","author":{"@id":"https:\/\/www.p31noticias.com.br\/#\/schema\/person\/77d6b186c710ac38937c6ec204fdd387"},"breadcrumb":{"@id":"https:\/\/www.p31noticias.com.br\/?p=21576#breadcrumb"},"inLanguage":"pt-BR","potentialAction":[{"@type":"ReadAction","target":["https:\/\/www.p31noticias.com.br\/?p=21576"]}]},{"@type":"ImageObject","inLanguage":"pt-BR","@id":"https:\/\/www.p31noticias.com.br\/?p=21576#primaryimage","url":"https:\/\/www.p31noticias.com.br\/wp-content\/uploads\/2020\/04\/bolsonaro-socorro.jpg","contentUrl":"https:\/\/www.p31noticias.com.br\/wp-content\/uploads\/2020\/04\/bolsonaro-socorro.jpg","width":770,"height":435,"caption":"O ministro da da Casa Civil, Braga Netto, o presidente da Rep\u00fablica, Jair Bolsonaro, e o ministro da Economia, Paulo Guedes, participam de coletiva de imprensa no Pal\u00e1cio do Planalto"},{"@type":"BreadcrumbList","@id":"https:\/\/www.p31noticias.com.br\/?p=21576#breadcrumb","itemListElement":[{"@type":"ListItem","position":1,"name":"In\u00edcio","item":"https:\/\/www.p31noticias.com.br\/"},{"@type":"ListItem","position":2,"name":"Governo anuncia R$ 200 bilh\u00f5es para trabalhadores"}]},{"@type":"WebSite","@id":"https:\/\/www.p31noticias.com.br\/#website","url":"https:\/\/www.p31noticias.com.br\/","name":"P31","description":"NOT\u00cdCIAS","potentialAction":[{"@type":"SearchAction","target":{"@type":"EntryPoint","urlTemplate":"https:\/\/www.p31noticias.com.br\/?s={search_term_string}"},"query-input":{"@type":"PropertyValueSpecification","valueRequired":true,"valueName":"search_term_string"}}],"inLanguage":"pt-BR"},{"@type":"Person","@id":"https:\/\/www.p31noticias.com.br\/#\/schema\/person\/77d6b186c710ac38937c6ec204fdd387","name":"Reda\u00e7\u00e3o JBN","image":{"@type":"ImageObject","inLanguage":"pt-BR","@id":"https:\/\/secure.gravatar.com\/avatar\/10fcdb93211f98cce3d64c0795b0915a9a4a21dc0f279238995a3dbfafcad090?s=96&d=mm&r=g","url":"https:\/\/secure.gravatar.com\/avatar\/10fcdb93211f98cce3d64c0795b0915a9a4a21dc0f279238995a3dbfafcad090?s=96&d=mm&r=g","contentUrl":"https:\/\/secure.gravatar.com\/avatar\/10fcdb93211f98cce3d64c0795b0915a9a4a21dc0f279238995a3dbfafcad090?s=96&d=mm&r=g","caption":"Reda\u00e7\u00e3o JBN"},"sameAs":["https:\/\/p31noticias.com.br"],"url":"https:\/\/www.p31noticias.com.br\/?author=18"}]}},"amp_enabled":true,"_links":{"self":[{"href":"https:\/\/www.p31noticias.com.br\/index.php?rest_route=\/wp\/v2\/posts\/21576","targetHints":{"allow":["GET"]}}],"collection":[{"href":"https:\/\/www.p31noticias.com.br\/index.php?rest_route=\/wp\/v2\/posts"}],"about":[{"href":"https:\/\/www.p31noticias.com.br\/index.php?rest_route=\/wp\/v2\/types\/post"}],"author":[{"embeddable":true,"href":"https:\/\/www.p31noticias.com.br\/index.php?rest_route=\/wp\/v2\/users\/18"}],"replies":[{"embeddable":true,"href":"https:\/\/www.p31noticias.com.br\/index.php?rest_route=%2Fwp%2Fv2%2Fcomments&post=21576"}],"version-history":[{"count":0,"href":"https:\/\/www.p31noticias.com.br\/index.php?rest_route=\/wp\/v2\/posts\/21576\/revisions"}],"wp:featuredmedia":[{"embeddable":true,"href":"https:\/\/www.p31noticias.com.br\/index.php?rest_route=\/wp\/v2\/media\/21577"}],"wp:attachment":[{"href":"https:\/\/www.p31noticias.com.br\/index.php?rest_route=%2Fwp%2Fv2%2Fmedia&parent=21576"}],"wp:term":[{"taxonomy":"category","embeddable":true,"href":"https:\/\/www.p31noticias.com.br\/index.php?rest_route=%2Fwp%2Fv2%2Fcategories&post=21576"},{"taxonomy":"post_tag","embeddable":true,"href":"https:\/\/www.p31noticias.com.br\/index.php?rest_route=%2Fwp%2Fv2%2Ftags&post=21576"}],"curies":[{"name":"wp","href":"https:\/\/api.w.org\/{rel}","templated":true}]}}