{"id":21572,"date":"2020-04-01T08:51:59","date_gmt":"2020-04-01T11:51:59","guid":{"rendered":"https:\/\/jornaldoplanalto.com.br\/web\/?p=21572"},"modified":"2020-04-01T08:51:59","modified_gmt":"2020-04-01T11:51:59","slug":"estamos-diante-do-maior-desafio-da-nossa-geracao","status":"publish","type":"post","link":"https:\/\/www.p31noticias.com.br\/?p=21572","title":{"rendered":"\u201cEstamos diante do maior desafio da nossa gera\u00e7\u00e3o\u201d"},"content":{"rendered":"<p>O presidente Jair Bolsonaro fez, na noite desta ter\u00e7a-feira (31), pronunciamento em rede nacional de r\u00e1dio e tev\u00ea no qual afirmou que a pandemia provocada pelo novo coronav\u00edrus (covid-19) \u00e9 o \u201cmaior desafio da nossa gera\u00e7\u00e3o\u201d. Bolsonaro voltou a enfatizar a necessidade de se adotar medidas para a preserva\u00e7\u00e3o de empregos. \u201cO efeito colateral das medidas de combate ao coronav\u00edrus n\u00e3o pode ser pior do que a pr\u00f3pria doen\u00e7a. A minha obriga\u00e7\u00e3o como presidente vai para al\u00e9m dos pr\u00f3ximos meses. Preparar o Brasil para a sua retomada, reorganizar nossa economia e mobilizar todos os nossos recursos e energia para tornar o Brasil ainda mais forte ap\u00f3s a pandemia.\u201d<\/p>\n<p>O presidente disse que as medidas de prote\u00e7\u00e3o \u00e0 popula\u00e7\u00e3o est\u00e3o sendo tomadas de forma coordenada, racional e respons\u00e1vel. Segundo Bolsonaro, o Brasil avan\u00e7ou muito nos \u00faltimos 15 meses, desde que tomou posse em janeiro de 2019, e sua preocupa\u00e7\u00e3o sempre foi salvar vidas. \u201cTanto as que perderemos pela pandemia, quanto aquelas que ser\u00e3o atingidas pelo desemprego, viol\u00eancia e fome.\u201d<\/p>\n<p>Ele destacou pol\u00edticas em defesa do emprego e da renda como a ajuda financeira aos estados e munic\u00edpios (com adiamento de pagamento das d\u00edvidas), linhas de cr\u00e9dito para empresas, aux\u00edlio mensal de R$ 600 aos trabalhadores informais e vulner\u00e1veis, e entrada de cerca de 1,2 milh\u00e3o de fam\u00edlias no programa Bolsa Fam\u00edlia. \u201cTemos uma miss\u00e3o: salvar vidas, sem deixar para tr\u00e1s os empregos. Por um lado, temos que ter cautela e precau\u00e7\u00e3o com todos, principalmente junto aos mais idosos e portadores de doen\u00e7as preexistentes. Por outro, temos que combater o desemprego, que cresce rapidamente, em especial entre os mais pobres. Vamos cumprir essa miss\u00e3o ao mesmo tempo em que cuidamos da sa\u00fade das pessoas.\u201d<\/p>\n<h2>OMS<\/h2>\n<p>Bolsonaro citou a fala do diretor-geral da Organiza\u00e7\u00e3o Mundial da Sa\u00fade (OMS), Tedros Adhanom, que disse, nessa segunda-feira (30), que h\u00e1 muitas muitas pessoas que t\u00eam que trabalhar todos os dias e que essa popula\u00e7\u00e3o precisa ser levada em conta pelo governo. \u201c[O diretor-geral] continua ainda: \u2018Se fecharmos, ou limitarmos, movimenta\u00e7\u00f5es, o que acontecer\u00e1 com estas pessoas, que t\u00eam que trabalhar todos os dias e que t\u00eam que ganhar o p\u00e3o de cada dia todos os dias?\u2019 Ele prossegue: \u2018Ent\u00e3o, cada pa\u00eds, baseado em sua situa\u00e7\u00e3o, deveria responder a esta quest\u00e3o\u2019\u201d, disse o presidente em refer\u00eancia \u00e0 fala de Tedros Adhanom.<\/p>\n<p>\u201cN\u00e3o me valho dessas palavras para negar a import\u00e2ncia das medidas de preven\u00e7\u00e3o e controle da pandemia, mas para mostrar que da mesma forma precisamos pensar nos mais vulner\u00e1veis. Esta tem sido a minha preocupa\u00e7\u00e3o desde o princ\u00edpio\u201d, acrescentou o presidente, ao citar trabalhadores informais e aut\u00f4nomos<\/p>\n<h2>Sa\u00fade<\/h2>\n<p>Bolsonaro afirmou que o governo est\u00e1 adquirindo novos leitos com respiradores, equipamentos de prote\u00e7\u00e3o individual (EPI),\u00a0<em>kits<\/em>\u00a0para testes e outros insumos. Tamb\u00e9m destacou o\u00a0adiamento, por 60 dias, do reajuste de medicamentos\u00a0no Brasil.<\/p>\n<p>O presidente voltou a falar que a hidroxicloroquina parece eficaz contra o novo coronav\u00edrus, mas que ainda n\u00e3o h\u00e1 vacina ou rem\u00e9dio com efici\u00eancia cientificamente comprovada.<\/p>\n<p>\u201cNa \u00faltima Reuni\u00e3o do G-20 [grupo das vinte principais economias do mundo], n\u00f3s, os chefes de Estado e de Governo, nos comprometemos a proteger vidas e a preservar empregos. Assim o farei\u201d, disse.<\/p>\n<p>Bolsonaro destacou o emprego das For\u00e7as Armadas no combate ao novo coronav\u00edrus e a cria\u00e7\u00e3o de um Centro de Opera\u00e7\u00f5es para realizar a\u00e7\u00f5es de montagem de postos de triagem de pacientes, apoio a campanhas, log\u00edstica e transporte de medicamentos e equipamentos de sa\u00fade.<\/p>\n<p>O presidente destacou que determinou ao ministro da Sa\u00fade, Luiz Henrique Mandetta, \u201cque n\u00e3o poupasse esfor\u00e7os, apoiando atrav\u00e9s do SUS todos os estados do Brasil, aumentando a capacidade da rede de sa\u00fade e preparando-a para o combate \u00e0 pandemia\u201d.<\/p>\n<p>Bolsonaro agradeceu ainda os profissionais de sa\u00fade e voltou a falar da import\u00e2ncia da colabora\u00e7\u00e3o de Legislativo, Executivo, Judici\u00e1rio e sociedade civil para a preserva\u00e7\u00e3o da vida e dos empregos.<\/p>\n<p>(Foto:\u00a0<em>Isac N\u00f3brega\/PR\/Ag\u00eancia Brasil)<\/em><\/p>\n","protected":false},"excerpt":{"rendered":"<p>O presidente Jair Bolsonaro fez, na noite desta ter\u00e7a-feira (31), pronunciamento em rede nacional de r\u00e1dio e tev\u00ea no qual afirmou que a pandemia provocada pelo novo coronav\u00edrus (covid-19) \u00e9 o \u201cmaior desafio da nossa gera\u00e7\u00e3o\u201d. Bolsonaro voltou a enfatizar a necessidade de se adotar medidas para a preserva\u00e7\u00e3o de empregos. \u201cO efeito colateral das [&hellip;]<\/p>\n","protected":false},"author":18,"featured_media":21573,"comment_status":"open","ping_status":"open","sticky":false,"template":"","format":"standard","meta":{"footnotes":""},"categories":[68,124],"tags":[],"class_list":{"0":"post-21572","1":"post","2":"type-post","3":"status-publish","4":"format-standard","5":"has-post-thumbnail","7":"category-brasil","8":"category-saude"},"yoast_head":"<!-- This site is optimized with the Yoast SEO Premium plugin v24.5 (Yoast SEO v27.5) - https:\/\/yoast.com\/product\/yoast-seo-premium-wordpress\/ -->\n<title>\u201cEstamos diante do maior desafio da nossa gera\u00e7\u00e3o\u201d - P31<\/title>\n<meta name=\"robots\" content=\"index, follow, max-snippet:-1, max-image-preview:large, max-video-preview:-1\" \/>\n<link rel=\"canonical\" href=\"https:\/\/www.p31noticias.com.br\/?p=21572\" \/>\n<meta property=\"og:locale\" content=\"pt_BR\" \/>\n<meta property=\"og:type\" content=\"article\" \/>\n<meta property=\"og:title\" content=\"\u201cEstamos diante do maior desafio da nossa gera\u00e7\u00e3o\u201d\" \/>\n<meta property=\"og:description\" content=\"O presidente Jair Bolsonaro fez, na noite desta ter\u00e7a-feira (31), pronunciamento em rede nacional de r\u00e1dio e tev\u00ea no qual afirmou que a pandemia provocada pelo novo coronav\u00edrus (covid-19) \u00e9 o \u201cmaior desafio da nossa gera\u00e7\u00e3o\u201d. Bolsonaro voltou a enfatizar a necessidade de se adotar medidas para a preserva\u00e7\u00e3o de empregos. \u201cO efeito colateral das [&hellip;]\" \/>\n<meta property=\"og:url\" content=\"https:\/\/www.p31noticias.com.br\/?p=21572\" \/>\n<meta property=\"og:site_name\" content=\"P31\" \/>\n<meta property=\"article:published_time\" content=\"2020-04-01T11:51:59+00:00\" \/>\n<meta property=\"og:image\" content=\"https:\/\/www.p31noticias.com.br\/wp-content\/uploads\/2020\/04\/Bolsonaro-pronunciamento.jpg\" \/>\n\t<meta property=\"og:image:width\" content=\"650\" \/>\n\t<meta property=\"og:image:height\" content=\"388\" \/>\n\t<meta property=\"og:image:type\" content=\"image\/jpeg\" \/>\n<meta name=\"author\" content=\"Reda\u00e7\u00e3o JBN\" \/>\n<meta name=\"twitter:card\" content=\"summary_large_image\" \/>\n<meta name=\"twitter:label1\" content=\"Escrito por\" \/>\n\t<meta name=\"twitter:data1\" content=\"Reda\u00e7\u00e3o JBN\" \/>\n\t<meta name=\"twitter:label2\" content=\"Est. tempo de leitura\" \/>\n\t<meta name=\"twitter:data2\" content=\"4 minutos\" \/>\n<script type=\"application\/ld+json\" class=\"yoast-schema-graph\">{\"@context\":\"https:\\\/\\\/schema.org\",\"@graph\":[{\"@type\":\"Article\",\"@id\":\"https:\\\/\\\/www.p31noticias.com.br\\\/?p=21572#article\",\"isPartOf\":{\"@id\":\"https:\\\/\\\/www.p31noticias.com.br\\\/?p=21572\"},\"author\":{\"name\":\"Reda\u00e7\u00e3o JBN\",\"@id\":\"https:\\\/\\\/www.p31noticias.com.br\\\/#\\\/schema\\\/person\\\/77d6b186c710ac38937c6ec204fdd387\"},\"headline\":\"\u201cEstamos diante do maior desafio da nossa gera\u00e7\u00e3o\u201d\",\"datePublished\":\"2020-04-01T11:51:59+00:00\",\"mainEntityOfPage\":{\"@id\":\"https:\\\/\\\/www.p31noticias.com.br\\\/?p=21572\"},\"wordCount\":726,\"commentCount\":0,\"image\":{\"@id\":\"https:\\\/\\\/www.p31noticias.com.br\\\/?p=21572#primaryimage\"},\"thumbnailUrl\":\"https:\\\/\\\/www.p31noticias.com.br\\\/wp-content\\\/uploads\\\/2020\\\/04\\\/Bolsonaro-pronunciamento.jpg\",\"articleSection\":[\"Brasil\",\"Sa\u00fade\"],\"inLanguage\":\"pt-BR\",\"potentialAction\":[{\"@type\":\"CommentAction\",\"name\":\"Comment\",\"target\":[\"https:\\\/\\\/www.p31noticias.com.br\\\/?p=21572#respond\"]}],\"copyrightYear\":\"2020\",\"copyrightHolder\":{\"@id\":\"https:\\\/\\\/www.p31noticias.com.br\\\/#organization\"}},{\"@type\":\"WebPage\",\"@id\":\"https:\\\/\\\/www.p31noticias.com.br\\\/?p=21572\",\"url\":\"https:\\\/\\\/www.p31noticias.com.br\\\/?p=21572\",\"name\":\"\u201cEstamos diante do maior desafio da nossa gera\u00e7\u00e3o\u201d - P31\",\"isPartOf\":{\"@id\":\"https:\\\/\\\/www.p31noticias.com.br\\\/#website\"},\"primaryImageOfPage\":{\"@id\":\"https:\\\/\\\/www.p31noticias.com.br\\\/?p=21572#primaryimage\"},\"image\":{\"@id\":\"https:\\\/\\\/www.p31noticias.com.br\\\/?p=21572#primaryimage\"},\"thumbnailUrl\":\"https:\\\/\\\/www.p31noticias.com.br\\\/wp-content\\\/uploads\\\/2020\\\/04\\\/Bolsonaro-pronunciamento.jpg\",\"datePublished\":\"2020-04-01T11:51:59+00:00\",\"author\":{\"@id\":\"https:\\\/\\\/www.p31noticias.com.br\\\/#\\\/schema\\\/person\\\/77d6b186c710ac38937c6ec204fdd387\"},\"breadcrumb\":{\"@id\":\"https:\\\/\\\/www.p31noticias.com.br\\\/?p=21572#breadcrumb\"},\"inLanguage\":\"pt-BR\",\"potentialAction\":[{\"@type\":\"ReadAction\",\"target\":[\"https:\\\/\\\/www.p31noticias.com.br\\\/?p=21572\"]}]},{\"@type\":\"ImageObject\",\"inLanguage\":\"pt-BR\",\"@id\":\"https:\\\/\\\/www.p31noticias.com.br\\\/?p=21572#primaryimage\",\"url\":\"https:\\\/\\\/www.p31noticias.com.br\\\/wp-content\\\/uploads\\\/2020\\\/04\\\/Bolsonaro-pronunciamento.jpg\",\"contentUrl\":\"https:\\\/\\\/www.p31noticias.com.br\\\/wp-content\\\/uploads\\\/2020\\\/04\\\/Bolsonaro-pronunciamento.jpg\",\"width\":650,\"height\":388,\"caption\":\"(Bras\u00edlia - DF, 31\\\/03\\\/2020) Pronunciamento do Presidente da Rep\u00fablica, Jair Bolsonaro em Rede Nacional de R\u00e1dio e Televis\u00e3o. Foto: Isac N\u00f3brega\\\/PR\"},{\"@type\":\"BreadcrumbList\",\"@id\":\"https:\\\/\\\/www.p31noticias.com.br\\\/?p=21572#breadcrumb\",\"itemListElement\":[{\"@type\":\"ListItem\",\"position\":1,\"name\":\"In\u00edcio\",\"item\":\"https:\\\/\\\/www.p31noticias.com.br\\\/\"},{\"@type\":\"ListItem\",\"position\":2,\"name\":\"\u201cEstamos diante do maior desafio da nossa gera\u00e7\u00e3o\u201d\"}]},{\"@type\":\"WebSite\",\"@id\":\"https:\\\/\\\/www.p31noticias.com.br\\\/#website\",\"url\":\"https:\\\/\\\/www.p31noticias.com.br\\\/\",\"name\":\"P31\",\"description\":\"NOT\u00cdCIAS\",\"potentialAction\":[{\"@type\":\"SearchAction\",\"target\":{\"@type\":\"EntryPoint\",\"urlTemplate\":\"https:\\\/\\\/www.p31noticias.com.br\\\/?s={search_term_string}\"},\"query-input\":{\"@type\":\"PropertyValueSpecification\",\"valueRequired\":true,\"valueName\":\"search_term_string\"}}],\"inLanguage\":\"pt-BR\"},{\"@type\":\"Person\",\"@id\":\"https:\\\/\\\/www.p31noticias.com.br\\\/#\\\/schema\\\/person\\\/77d6b186c710ac38937c6ec204fdd387\",\"name\":\"Reda\u00e7\u00e3o JBN\",\"image\":{\"@type\":\"ImageObject\",\"inLanguage\":\"pt-BR\",\"@id\":\"https:\\\/\\\/secure.gravatar.com\\\/avatar\\\/10fcdb93211f98cce3d64c0795b0915a9a4a21dc0f279238995a3dbfafcad090?s=96&d=mm&r=g\",\"url\":\"https:\\\/\\\/secure.gravatar.com\\\/avatar\\\/10fcdb93211f98cce3d64c0795b0915a9a4a21dc0f279238995a3dbfafcad090?s=96&d=mm&r=g\",\"contentUrl\":\"https:\\\/\\\/secure.gravatar.com\\\/avatar\\\/10fcdb93211f98cce3d64c0795b0915a9a4a21dc0f279238995a3dbfafcad090?s=96&d=mm&r=g\",\"caption\":\"Reda\u00e7\u00e3o JBN\"},\"sameAs\":[\"https:\\\/\\\/p31noticias.com.br\"],\"url\":\"https:\\\/\\\/www.p31noticias.com.br\\\/?author=18\"}]}<\/script>\n<!-- \/ Yoast SEO Premium plugin. -->","yoast_head_json":{"title":"\u201cEstamos diante do maior desafio da nossa gera\u00e7\u00e3o\u201d - P31","robots":{"index":"index","follow":"follow","max-snippet":"max-snippet:-1","max-image-preview":"max-image-preview:large","max-video-preview":"max-video-preview:-1"},"canonical":"https:\/\/www.p31noticias.com.br\/?p=21572","og_locale":"pt_BR","og_type":"article","og_title":"\u201cEstamos diante do maior desafio da nossa gera\u00e7\u00e3o\u201d","og_description":"O presidente Jair Bolsonaro fez, na noite desta ter\u00e7a-feira (31), pronunciamento em rede nacional de r\u00e1dio e tev\u00ea no qual afirmou que a pandemia provocada pelo novo coronav\u00edrus (covid-19) \u00e9 o \u201cmaior desafio da nossa gera\u00e7\u00e3o\u201d. Bolsonaro voltou a enfatizar a necessidade de se adotar medidas para a preserva\u00e7\u00e3o de empregos. \u201cO efeito colateral das [&hellip;]","og_url":"https:\/\/www.p31noticias.com.br\/?p=21572","og_site_name":"P31","article_published_time":"2020-04-01T11:51:59+00:00","og_image":[{"width":650,"height":388,"url":"https:\/\/www.p31noticias.com.br\/wp-content\/uploads\/2020\/04\/Bolsonaro-pronunciamento.jpg","type":"image\/jpeg"}],"author":"Reda\u00e7\u00e3o JBN","twitter_card":"summary_large_image","twitter_misc":{"Escrito por":"Reda\u00e7\u00e3o JBN","Est. tempo de leitura":"4 minutos"},"schema":{"@context":"https:\/\/schema.org","@graph":[{"@type":"Article","@id":"https:\/\/www.p31noticias.com.br\/?p=21572#article","isPartOf":{"@id":"https:\/\/www.p31noticias.com.br\/?p=21572"},"author":{"name":"Reda\u00e7\u00e3o JBN","@id":"https:\/\/www.p31noticias.com.br\/#\/schema\/person\/77d6b186c710ac38937c6ec204fdd387"},"headline":"\u201cEstamos diante do maior desafio da nossa gera\u00e7\u00e3o\u201d","datePublished":"2020-04-01T11:51:59+00:00","mainEntityOfPage":{"@id":"https:\/\/www.p31noticias.com.br\/?p=21572"},"wordCount":726,"commentCount":0,"image":{"@id":"https:\/\/www.p31noticias.com.br\/?p=21572#primaryimage"},"thumbnailUrl":"https:\/\/www.p31noticias.com.br\/wp-content\/uploads\/2020\/04\/Bolsonaro-pronunciamento.jpg","articleSection":["Brasil","Sa\u00fade"],"inLanguage":"pt-BR","potentialAction":[{"@type":"CommentAction","name":"Comment","target":["https:\/\/www.p31noticias.com.br\/?p=21572#respond"]}],"copyrightYear":"2020","copyrightHolder":{"@id":"https:\/\/www.p31noticias.com.br\/#organization"}},{"@type":"WebPage","@id":"https:\/\/www.p31noticias.com.br\/?p=21572","url":"https:\/\/www.p31noticias.com.br\/?p=21572","name":"\u201cEstamos diante do maior desafio da nossa gera\u00e7\u00e3o\u201d - P31","isPartOf":{"@id":"https:\/\/www.p31noticias.com.br\/#website"},"primaryImageOfPage":{"@id":"https:\/\/www.p31noticias.com.br\/?p=21572#primaryimage"},"image":{"@id":"https:\/\/www.p31noticias.com.br\/?p=21572#primaryimage"},"thumbnailUrl":"https:\/\/www.p31noticias.com.br\/wp-content\/uploads\/2020\/04\/Bolsonaro-pronunciamento.jpg","datePublished":"2020-04-01T11:51:59+00:00","author":{"@id":"https:\/\/www.p31noticias.com.br\/#\/schema\/person\/77d6b186c710ac38937c6ec204fdd387"},"breadcrumb":{"@id":"https:\/\/www.p31noticias.com.br\/?p=21572#breadcrumb"},"inLanguage":"pt-BR","potentialAction":[{"@type":"ReadAction","target":["https:\/\/www.p31noticias.com.br\/?p=21572"]}]},{"@type":"ImageObject","inLanguage":"pt-BR","@id":"https:\/\/www.p31noticias.com.br\/?p=21572#primaryimage","url":"https:\/\/www.p31noticias.com.br\/wp-content\/uploads\/2020\/04\/Bolsonaro-pronunciamento.jpg","contentUrl":"https:\/\/www.p31noticias.com.br\/wp-content\/uploads\/2020\/04\/Bolsonaro-pronunciamento.jpg","width":650,"height":388,"caption":"(Bras\u00edlia - DF, 31\/03\/2020) Pronunciamento do Presidente da Rep\u00fablica, Jair Bolsonaro em Rede Nacional de R\u00e1dio e Televis\u00e3o. Foto: Isac N\u00f3brega\/PR"},{"@type":"BreadcrumbList","@id":"https:\/\/www.p31noticias.com.br\/?p=21572#breadcrumb","itemListElement":[{"@type":"ListItem","position":1,"name":"In\u00edcio","item":"https:\/\/www.p31noticias.com.br\/"},{"@type":"ListItem","position":2,"name":"\u201cEstamos diante do maior desafio da nossa gera\u00e7\u00e3o\u201d"}]},{"@type":"WebSite","@id":"https:\/\/www.p31noticias.com.br\/#website","url":"https:\/\/www.p31noticias.com.br\/","name":"P31","description":"NOT\u00cdCIAS","potentialAction":[{"@type":"SearchAction","target":{"@type":"EntryPoint","urlTemplate":"https:\/\/www.p31noticias.com.br\/?s={search_term_string}"},"query-input":{"@type":"PropertyValueSpecification","valueRequired":true,"valueName":"search_term_string"}}],"inLanguage":"pt-BR"},{"@type":"Person","@id":"https:\/\/www.p31noticias.com.br\/#\/schema\/person\/77d6b186c710ac38937c6ec204fdd387","name":"Reda\u00e7\u00e3o JBN","image":{"@type":"ImageObject","inLanguage":"pt-BR","@id":"https:\/\/secure.gravatar.com\/avatar\/10fcdb93211f98cce3d64c0795b0915a9a4a21dc0f279238995a3dbfafcad090?s=96&d=mm&r=g","url":"https:\/\/secure.gravatar.com\/avatar\/10fcdb93211f98cce3d64c0795b0915a9a4a21dc0f279238995a3dbfafcad090?s=96&d=mm&r=g","contentUrl":"https:\/\/secure.gravatar.com\/avatar\/10fcdb93211f98cce3d64c0795b0915a9a4a21dc0f279238995a3dbfafcad090?s=96&d=mm&r=g","caption":"Reda\u00e7\u00e3o JBN"},"sameAs":["https:\/\/p31noticias.com.br"],"url":"https:\/\/www.p31noticias.com.br\/?author=18"}]}},"amp_enabled":true,"_links":{"self":[{"href":"https:\/\/www.p31noticias.com.br\/index.php?rest_route=\/wp\/v2\/posts\/21572","targetHints":{"allow":["GET"]}}],"collection":[{"href":"https:\/\/www.p31noticias.com.br\/index.php?rest_route=\/wp\/v2\/posts"}],"about":[{"href":"https:\/\/www.p31noticias.com.br\/index.php?rest_route=\/wp\/v2\/types\/post"}],"author":[{"embeddable":true,"href":"https:\/\/www.p31noticias.com.br\/index.php?rest_route=\/wp\/v2\/users\/18"}],"replies":[{"embeddable":true,"href":"https:\/\/www.p31noticias.com.br\/index.php?rest_route=%2Fwp%2Fv2%2Fcomments&post=21572"}],"version-history":[{"count":0,"href":"https:\/\/www.p31noticias.com.br\/index.php?rest_route=\/wp\/v2\/posts\/21572\/revisions"}],"wp:featuredmedia":[{"embeddable":true,"href":"https:\/\/www.p31noticias.com.br\/index.php?rest_route=\/wp\/v2\/media\/21573"}],"wp:attachment":[{"href":"https:\/\/www.p31noticias.com.br\/index.php?rest_route=%2Fwp%2Fv2%2Fmedia&parent=21572"}],"wp:term":[{"taxonomy":"category","embeddable":true,"href":"https:\/\/www.p31noticias.com.br\/index.php?rest_route=%2Fwp%2Fv2%2Fcategories&post=21572"},{"taxonomy":"post_tag","embeddable":true,"href":"https:\/\/www.p31noticias.com.br\/index.php?rest_route=%2Fwp%2Fv2%2Ftags&post=21572"}],"curies":[{"name":"wp","href":"https:\/\/api.w.org\/{rel}","templated":true}]}}