{"id":2017,"date":"2019-05-20T10:48:27","date_gmt":"2019-05-20T13:48:27","guid":{"rendered":"https:\/\/juniortakamoto.com.br\/?p=2017"},"modified":"2019-05-20T10:48:27","modified_gmt":"2019-05-20T13:48:27","slug":"grileiros-armados-extorquiam-vitimas-no-df","status":"publish","type":"post","link":"https:\/\/www.p31noticias.com.br\/?p=2017","title":{"rendered":"Grileiros armados extorquiam v\u00edtimas no DF"},"content":{"rendered":"<p>\t\t\t\tGrupo chegava a emitir boletos para ter o controle das pessoas que pagavam \u201cmensalidades\u201d em assentamento de S\u00e3o Sebasti\u00e3o<\/p>\n<div id=\"container\">\n<section id=\"header_post\">\n<div class=\"wrap\">\n<div class=\"wrap img_sup\">\n<div class=\"imgPinWrap\"><img loading=\"lazy\" decoding=\"async\" class=\"attachment-840-577 size-840-577 wp-post-image initial loading\" src=\"https:\/\/uploads.metropoles.com\/wp-content\/uploads\/2019\/05\/20101351\/GRilagem-no-Sao-Sebastiao-840x577.jpg\" sizes=\"auto, (max-width: 840px) 100vw, 840px\" srcset=\"https:\/\/uploads.metropoles.com\/wp-content\/uploads\/2019\/05\/20101351\/GRilagem-no-Sao-Sebastiao-840x577.jpg 840w, https:\/\/uploads.metropoles.com\/wp-content\/uploads\/2019\/05\/20101351\/GRilagem-no-Sao-Sebastiao-396x271.jpg 396w\" alt=\"PCDF\/Divulga\u00e7\u00e3o\" width=\"840\" height=\"577\" data-was-processed=\"true\" \/><\/div>\n<\/div>\n<\/div>\n<\/section>\n<\/div>\n<section id=\"body_post\" class=\"wrap entry-content \">\n<div class=\"d-3of4 t-all\">\n<div id=\"content_post\" class=\"d-3of4 t-all\">\n<p>Grileiros presos em\u00a0opera\u00e7\u00e3o da Delegacia Especial de Prote\u00e7\u00e3o ao Meio Ambiente e \u00e0 Ordem Urban\u00edstica (Dema) da Pol\u00edcia Civil\u00a0tinham pr\u00e1ticas semelhantes\u00a0\u00e0 de milicianos que atuam no Rio de Janeiro. Armados, constru\u00edam barricadas nas entradas de um assentamento de S\u00e3o Sebasti\u00e3o, amea\u00e7avam e extorquiam as v\u00edtimas. E ainda emitiam boletos para que\u00a0elas pagassem taxas caso quisessem permanecer em \u00e1rea p\u00fablica.<\/p>\n<p>A nova fase da opera\u00e7\u00e3o\u00a0Grito da Terra\u00a0foi deflagrada na manh\u00e3 desta segunda-feira (20\/05\/2019). A a\u00e7\u00e3o d\u00e1 sequ\u00eancia \u00e0 investida da \u00faltima sexta-feira (17\/05\/2019), quando\u00a0sete pessoas\u00a0foram presas. Um\u00a0homem est\u00e1 foragido.<\/p>\n<p>De acordo com a pol\u00edcia, o grupo era t\u00e3o articulado que chegava a emitir boletos de pagamento para ter o controle das pessoas que pagavam as \u201cmensalidades\u201d.\u00a0Os criminosos diziam que os valores eram\u00a0taxas correspondentes a cada lote ocupado\u00a0no assentamento de S\u00e3o Sebasti\u00e3o.<\/p>\n<p>A primeira fase da opera\u00e7\u00e3o\u00a0ocorreu em abril deste ano. Na ocasi\u00e3o, o homem considerado pela Pol\u00edcia Civil como um dos maiores\u00a0invasores de terras p\u00fablicas\u00a0do Distrito Federal foi preso em S\u00e3o Sebasti\u00e3o. Alexandre Luiz Xavier de Almeida (<em>foto principal<\/em>), 49 anos, \u00e9 apontado como l\u00edder da quadrilha investigada pela PCDF e considerado \u201cum criminoso de alt\u00edssima periculosidade\u201d.<\/p>\n<p>Al\u00e9m de Alexandre, outros quatro integrantes da associa\u00e7\u00e3o criminosa foram presos no fim de abril. O l\u00edder do grupo responde por homic\u00eddio, tr\u00e1fico de drogas e roubo nos estados de Minas Gerais e Goi\u00e1s.<\/p>\n<p><img loading=\"lazy\" decoding=\"async\" class=\"alignnone  wp-image-2018\" src=\"https:\/\/juniortakamoto.com.br\/wp-content\/uploads\/2019\/05\/preso-1-300x277.jpeg\" alt=\"\" width=\"170\" height=\"157\" \/> <img loading=\"lazy\" decoding=\"async\" class=\"alignnone  wp-image-2019\" src=\"https:\/\/juniortakamoto.com.br\/wp-content\/uploads\/2019\/05\/preso21-300x225.jpeg\" alt=\"\" width=\"216\" height=\"162\" \/><img loading=\"lazy\" decoding=\"async\" class=\"alignnone  wp-image-2020\" src=\"https:\/\/juniortakamoto.com.br\/wp-content\/uploads\/2019\/05\/Screenshot_7370-168x300.jpg\" alt=\"\" width=\"88\" height=\"157\" \/><\/p>\n<p>Ap\u00f3s a primeira fase da opera\u00e7\u00e3o, as v\u00edtimas da quadrilha procuraram a\u00a0delegacia.\u00a0Segundo elas, com a pris\u00e3o de Alexandre, outros integrantes do grupo assumiram a lideran\u00e7a, retornaram ao Assentamento Grito da Terra Aguilhada, localizado na regi\u00e3o do Pinheiral, em S\u00e3o Sebasti\u00e3o, intensificando as extors\u00f5es e amea\u00e7as.<\/p>\n<div class=\"olho_materia\">Os criminosos atuavam de maneira semelhante\u00a0\u00e0 de mil\u00edcias, com uso ostensivo de armas e constru\u00e7\u00f5es de barricadas nas entradas do assentamento para que permanecessem ali apenas daqueles que aceitavam as regras por eles impostas e efetuavam os pagamentos exigidos como uma esp\u00e9cie de mensalidade pelos lotes<span class=\"aspas\">&#8220;<\/span><\/p>\n<div class=\"author_olho\">Mariana Ara\u00fajo Almeida, delegada-chefe-adjunta da Dema<\/div>\n<\/div>\n<p>Ainda de acordo com a Dema, todos os investigados s\u00e3o\u00a0de alta periculosidade e j\u00e1 se tornaram r\u00e9us pelos crimes de parcelamento irregular do solo, dano ambiental, extors\u00e3o majorada continuada, coa\u00e7\u00e3o no curso do processo, corrup\u00e7\u00e3o de menores e associa\u00e7\u00e3o criminosa armada.<\/p>\n<p>No Distrito Federal, o grupo \u00e9 investigado por envolvimento em roubos.\u00a0Os criminosos tamb\u00e9m s\u00e3o\u00a0 suspeitos\u00a0de praticar\u00a0crimes nos Estados de Goi\u00e1s e Minas Gerais, onde est\u00e3o envolvidos em um homic\u00eddio.<\/p>\n<p><strong>Mem\u00f3ria<\/strong><br \/>\nO grupo liderado por Alexandre Luiz Xavier de Almeida atuava principalmente em S\u00e3o Sebasti\u00e3o.\u00a0Os acusados\u00a0extorquiam os moradores da regi\u00e3o do Pinheiral, sob o argumento de que as terras, que s\u00e3o\u00a0p\u00fablicas e localizadas na \u00c1rea de Prote\u00e7\u00e3o Ambiental do Rio S\u00e3o Bartolomeu, lhes pertenciam.<\/p>\n<p>De acordo com a delegada Mariana Ara\u00fajo Almeida, trata-se de um acampamento\u00a0vinculado a alguns movimentos de luta pela reforma agr\u00e1ria. \u201cOs suspeitos se diziam l\u00edderes, tomavam frente da situa\u00e7\u00e3o e expulsavam as pessoas do local\u201d, disse.<\/p>\n<p>\u201cEles n\u00e3o atuavam com a venda de lotes, mas no assentamento de grupos relacionados a eles e depois passavam a extorquir pessoas ao cobrar taxas aleat\u00f3rias para que os moradores pudessem permanecer ali\u201d, acrescentou a delegada.<\/p>\n<p>As investiga\u00e7\u00f5es apontam que cerca de 200 pessoas ocupavam a \u00e1rea e as taxas mensais variavam de R$ 50 a R$ 100. A delegada Fernanda Lopes, da Dema, respons\u00e1vel por conduzir as investiga\u00e7\u00f5es, explicou que a maior parte dos componentes do grupo\u00a0tem diversas passagens por outros crimes.<\/p>\n<\/div>\n<\/div>\n<\/section>\n","protected":false},"excerpt":{"rendered":"<p>Grupo chegava a emitir boletos para ter o controle das pessoas que pagavam \u201cmensalidades\u201d em assentamento de S\u00e3o Sebasti\u00e3o Grileiros presos em\u00a0opera\u00e7\u00e3o da Delegacia Especial de Prote\u00e7\u00e3o ao Meio Ambiente e \u00e0 Ordem Urban\u00edstica (Dema) da Pol\u00edcia Civil\u00a0tinham pr\u00e1ticas semelhantes\u00a0\u00e0 de milicianos que atuam no Rio de Janeiro. Armados, constru\u00edam barricadas nas entradas de um [&hellip;]<\/p>\n","protected":false},"author":18,"featured_media":2019,"comment_status":"open","ping_status":"open","sticky":false,"template":"","format":"standard","meta":{"footnotes":""},"categories":[21],"tags":[54,55,56],"class_list":{"0":"post-2017","1":"post","2":"type-post","3":"status-publish","4":"format-standard","5":"has-post-thumbnail","7":"category-brasilia","8":"tag-armados","9":"tag-extorsao","10":"tag-grileiros"},"yoast_head":"<!-- This site is optimized with the Yoast SEO Premium plugin v24.5 (Yoast SEO v27.5) - https:\/\/yoast.com\/product\/yoast-seo-premium-wordpress\/ -->\n<title>Grileiros armados extorquiam v\u00edtimas no DF - P31<\/title>\n<meta name=\"description\" content=\"Armados, constru\u00edam barricadas nas entradas de um assentamento de S\u00e3o Sebasti\u00e3o, amea\u00e7avam e extorquiam as v\u00edtimas. E ainda emitiam boletos para que\u00a0elas pagassem taxas caso quisessem permanecer em \u00e1rea p\u00fablica.\" \/>\n<meta name=\"robots\" content=\"index, follow, max-snippet:-1, max-image-preview:large, max-video-preview:-1\" \/>\n<link rel=\"canonical\" href=\"https:\/\/www.p31noticias.com.br\/?p=2017\" \/>\n<meta property=\"og:locale\" content=\"pt_BR\" \/>\n<meta property=\"og:type\" content=\"article\" \/>\n<meta property=\"og:title\" content=\"Grileiros armados extorquiam v\u00edtimas no DF\" \/>\n<meta property=\"og:description\" content=\"Armados, constru\u00edam barricadas nas entradas de um assentamento de S\u00e3o Sebasti\u00e3o, amea\u00e7avam e extorquiam as v\u00edtimas. E ainda emitiam boletos para que\u00a0elas pagassem taxas caso quisessem permanecer em \u00e1rea p\u00fablica.\" \/>\n<meta property=\"og:url\" content=\"https:\/\/www.p31noticias.com.br\/?p=2017\" \/>\n<meta property=\"og:site_name\" content=\"P31\" \/>\n<meta property=\"article:published_time\" content=\"2019-05-20T13:48:27+00:00\" \/>\n<meta name=\"author\" content=\"Reda\u00e7\u00e3o JBN\" \/>\n<meta name=\"twitter:card\" content=\"summary_large_image\" \/>\n<meta name=\"twitter:label1\" content=\"Escrito por\" \/>\n\t<meta name=\"twitter:data1\" content=\"Reda\u00e7\u00e3o JBN\" \/>\n\t<meta name=\"twitter:label2\" content=\"Est. tempo de leitura\" \/>\n\t<meta name=\"twitter:data2\" content=\"3 minutos\" \/>\n<script type=\"application\/ld+json\" class=\"yoast-schema-graph\">{\"@context\":\"https:\\\/\\\/schema.org\",\"@graph\":[{\"@type\":\"Article\",\"@id\":\"https:\\\/\\\/www.p31noticias.com.br\\\/?p=2017#article\",\"isPartOf\":{\"@id\":\"https:\\\/\\\/www.p31noticias.com.br\\\/?p=2017\"},\"author\":{\"name\":\"Reda\u00e7\u00e3o JBN\",\"@id\":\"https:\\\/\\\/www.p31noticias.com.br\\\/#\\\/schema\\\/person\\\/77d6b186c710ac38937c6ec204fdd387\"},\"headline\":\"Grileiros armados extorquiam v\u00edtimas no DF\",\"datePublished\":\"2019-05-20T13:48:27+00:00\",\"mainEntityOfPage\":{\"@id\":\"https:\\\/\\\/www.p31noticias.com.br\\\/?p=2017\"},\"wordCount\":667,\"commentCount\":0,\"image\":{\"@id\":\"https:\\\/\\\/www.p31noticias.com.br\\\/?p=2017#primaryimage\"},\"thumbnailUrl\":\"\",\"keywords\":[\"armados\",\"extors\u00e3o\",\"grileiros\"],\"articleSection\":[\"Bras\u00edlia\"],\"inLanguage\":\"pt-BR\",\"potentialAction\":[{\"@type\":\"CommentAction\",\"name\":\"Comment\",\"target\":[\"https:\\\/\\\/www.p31noticias.com.br\\\/?p=2017#respond\"]}],\"copyrightYear\":\"2019\",\"copyrightHolder\":{\"@id\":\"https:\\\/\\\/www.p31noticias.com.br\\\/#organization\"}},{\"@type\":\"WebPage\",\"@id\":\"https:\\\/\\\/www.p31noticias.com.br\\\/?p=2017\",\"url\":\"https:\\\/\\\/www.p31noticias.com.br\\\/?p=2017\",\"name\":\"Grileiros armados extorquiam v\u00edtimas no DF - P31\",\"isPartOf\":{\"@id\":\"https:\\\/\\\/www.p31noticias.com.br\\\/#website\"},\"primaryImageOfPage\":{\"@id\":\"https:\\\/\\\/www.p31noticias.com.br\\\/?p=2017#primaryimage\"},\"image\":{\"@id\":\"https:\\\/\\\/www.p31noticias.com.br\\\/?p=2017#primaryimage\"},\"thumbnailUrl\":\"\",\"datePublished\":\"2019-05-20T13:48:27+00:00\",\"author\":{\"@id\":\"https:\\\/\\\/www.p31noticias.com.br\\\/#\\\/schema\\\/person\\\/77d6b186c710ac38937c6ec204fdd387\"},\"description\":\"Armados, constru\u00edam barricadas nas entradas de um assentamento de S\u00e3o Sebasti\u00e3o, amea\u00e7avam e extorquiam as v\u00edtimas. E ainda emitiam boletos para que\u00a0elas pagassem taxas caso quisessem permanecer em \u00e1rea p\u00fablica.\",\"breadcrumb\":{\"@id\":\"https:\\\/\\\/www.p31noticias.com.br\\\/?p=2017#breadcrumb\"},\"inLanguage\":\"pt-BR\",\"potentialAction\":[{\"@type\":\"ReadAction\",\"target\":[\"https:\\\/\\\/www.p31noticias.com.br\\\/?p=2017\"]}]},{\"@type\":\"ImageObject\",\"inLanguage\":\"pt-BR\",\"@id\":\"https:\\\/\\\/www.p31noticias.com.br\\\/?p=2017#primaryimage\",\"url\":\"\",\"contentUrl\":\"\"},{\"@type\":\"BreadcrumbList\",\"@id\":\"https:\\\/\\\/www.p31noticias.com.br\\\/?p=2017#breadcrumb\",\"itemListElement\":[{\"@type\":\"ListItem\",\"position\":1,\"name\":\"In\u00edcio\",\"item\":\"https:\\\/\\\/www.p31noticias.com.br\\\/\"},{\"@type\":\"ListItem\",\"position\":2,\"name\":\"Grileiros armados extorquiam v\u00edtimas no DF\"}]},{\"@type\":\"WebSite\",\"@id\":\"https:\\\/\\\/www.p31noticias.com.br\\\/#website\",\"url\":\"https:\\\/\\\/www.p31noticias.com.br\\\/\",\"name\":\"P31\",\"description\":\"NOT\u00cdCIAS\",\"potentialAction\":[{\"@type\":\"SearchAction\",\"target\":{\"@type\":\"EntryPoint\",\"urlTemplate\":\"https:\\\/\\\/www.p31noticias.com.br\\\/?s={search_term_string}\"},\"query-input\":{\"@type\":\"PropertyValueSpecification\",\"valueRequired\":true,\"valueName\":\"search_term_string\"}}],\"inLanguage\":\"pt-BR\"},{\"@type\":\"Person\",\"@id\":\"https:\\\/\\\/www.p31noticias.com.br\\\/#\\\/schema\\\/person\\\/77d6b186c710ac38937c6ec204fdd387\",\"name\":\"Reda\u00e7\u00e3o JBN\",\"image\":{\"@type\":\"ImageObject\",\"inLanguage\":\"pt-BR\",\"@id\":\"https:\\\/\\\/secure.gravatar.com\\\/avatar\\\/10fcdb93211f98cce3d64c0795b0915a9a4a21dc0f279238995a3dbfafcad090?s=96&d=mm&r=g\",\"url\":\"https:\\\/\\\/secure.gravatar.com\\\/avatar\\\/10fcdb93211f98cce3d64c0795b0915a9a4a21dc0f279238995a3dbfafcad090?s=96&d=mm&r=g\",\"contentUrl\":\"https:\\\/\\\/secure.gravatar.com\\\/avatar\\\/10fcdb93211f98cce3d64c0795b0915a9a4a21dc0f279238995a3dbfafcad090?s=96&d=mm&r=g\",\"caption\":\"Reda\u00e7\u00e3o JBN\"},\"sameAs\":[\"https:\\\/\\\/p31noticias.com.br\"],\"url\":\"https:\\\/\\\/www.p31noticias.com.br\\\/?author=18\"}]}<\/script>\n<!-- \/ Yoast SEO Premium plugin. -->","yoast_head_json":{"title":"Grileiros armados extorquiam v\u00edtimas no DF - P31","description":"Armados, constru\u00edam barricadas nas entradas de um assentamento de S\u00e3o Sebasti\u00e3o, amea\u00e7avam e extorquiam as v\u00edtimas. E ainda emitiam boletos para que\u00a0elas pagassem taxas caso quisessem permanecer em \u00e1rea p\u00fablica.","robots":{"index":"index","follow":"follow","max-snippet":"max-snippet:-1","max-image-preview":"max-image-preview:large","max-video-preview":"max-video-preview:-1"},"canonical":"https:\/\/www.p31noticias.com.br\/?p=2017","og_locale":"pt_BR","og_type":"article","og_title":"Grileiros armados extorquiam v\u00edtimas no DF","og_description":"Armados, constru\u00edam barricadas nas entradas de um assentamento de S\u00e3o Sebasti\u00e3o, amea\u00e7avam e extorquiam as v\u00edtimas. E ainda emitiam boletos para que\u00a0elas pagassem taxas caso quisessem permanecer em \u00e1rea p\u00fablica.","og_url":"https:\/\/www.p31noticias.com.br\/?p=2017","og_site_name":"P31","article_published_time":"2019-05-20T13:48:27+00:00","author":"Reda\u00e7\u00e3o JBN","twitter_card":"summary_large_image","twitter_misc":{"Escrito por":"Reda\u00e7\u00e3o JBN","Est. tempo de leitura":"3 minutos"},"schema":{"@context":"https:\/\/schema.org","@graph":[{"@type":"Article","@id":"https:\/\/www.p31noticias.com.br\/?p=2017#article","isPartOf":{"@id":"https:\/\/www.p31noticias.com.br\/?p=2017"},"author":{"name":"Reda\u00e7\u00e3o JBN","@id":"https:\/\/www.p31noticias.com.br\/#\/schema\/person\/77d6b186c710ac38937c6ec204fdd387"},"headline":"Grileiros armados extorquiam v\u00edtimas no DF","datePublished":"2019-05-20T13:48:27+00:00","mainEntityOfPage":{"@id":"https:\/\/www.p31noticias.com.br\/?p=2017"},"wordCount":667,"commentCount":0,"image":{"@id":"https:\/\/www.p31noticias.com.br\/?p=2017#primaryimage"},"thumbnailUrl":"","keywords":["armados","extors\u00e3o","grileiros"],"articleSection":["Bras\u00edlia"],"inLanguage":"pt-BR","potentialAction":[{"@type":"CommentAction","name":"Comment","target":["https:\/\/www.p31noticias.com.br\/?p=2017#respond"]}],"copyrightYear":"2019","copyrightHolder":{"@id":"https:\/\/www.p31noticias.com.br\/#organization"}},{"@type":"WebPage","@id":"https:\/\/www.p31noticias.com.br\/?p=2017","url":"https:\/\/www.p31noticias.com.br\/?p=2017","name":"Grileiros armados extorquiam v\u00edtimas no DF - P31","isPartOf":{"@id":"https:\/\/www.p31noticias.com.br\/#website"},"primaryImageOfPage":{"@id":"https:\/\/www.p31noticias.com.br\/?p=2017#primaryimage"},"image":{"@id":"https:\/\/www.p31noticias.com.br\/?p=2017#primaryimage"},"thumbnailUrl":"","datePublished":"2019-05-20T13:48:27+00:00","author":{"@id":"https:\/\/www.p31noticias.com.br\/#\/schema\/person\/77d6b186c710ac38937c6ec204fdd387"},"description":"Armados, constru\u00edam barricadas nas entradas de um assentamento de S\u00e3o Sebasti\u00e3o, amea\u00e7avam e extorquiam as v\u00edtimas. E ainda emitiam boletos para que\u00a0elas pagassem taxas caso quisessem permanecer em \u00e1rea p\u00fablica.","breadcrumb":{"@id":"https:\/\/www.p31noticias.com.br\/?p=2017#breadcrumb"},"inLanguage":"pt-BR","potentialAction":[{"@type":"ReadAction","target":["https:\/\/www.p31noticias.com.br\/?p=2017"]}]},{"@type":"ImageObject","inLanguage":"pt-BR","@id":"https:\/\/www.p31noticias.com.br\/?p=2017#primaryimage","url":"","contentUrl":""},{"@type":"BreadcrumbList","@id":"https:\/\/www.p31noticias.com.br\/?p=2017#breadcrumb","itemListElement":[{"@type":"ListItem","position":1,"name":"In\u00edcio","item":"https:\/\/www.p31noticias.com.br\/"},{"@type":"ListItem","position":2,"name":"Grileiros armados extorquiam v\u00edtimas no DF"}]},{"@type":"WebSite","@id":"https:\/\/www.p31noticias.com.br\/#website","url":"https:\/\/www.p31noticias.com.br\/","name":"P31","description":"NOT\u00cdCIAS","potentialAction":[{"@type":"SearchAction","target":{"@type":"EntryPoint","urlTemplate":"https:\/\/www.p31noticias.com.br\/?s={search_term_string}"},"query-input":{"@type":"PropertyValueSpecification","valueRequired":true,"valueName":"search_term_string"}}],"inLanguage":"pt-BR"},{"@type":"Person","@id":"https:\/\/www.p31noticias.com.br\/#\/schema\/person\/77d6b186c710ac38937c6ec204fdd387","name":"Reda\u00e7\u00e3o JBN","image":{"@type":"ImageObject","inLanguage":"pt-BR","@id":"https:\/\/secure.gravatar.com\/avatar\/10fcdb93211f98cce3d64c0795b0915a9a4a21dc0f279238995a3dbfafcad090?s=96&d=mm&r=g","url":"https:\/\/secure.gravatar.com\/avatar\/10fcdb93211f98cce3d64c0795b0915a9a4a21dc0f279238995a3dbfafcad090?s=96&d=mm&r=g","contentUrl":"https:\/\/secure.gravatar.com\/avatar\/10fcdb93211f98cce3d64c0795b0915a9a4a21dc0f279238995a3dbfafcad090?s=96&d=mm&r=g","caption":"Reda\u00e7\u00e3o JBN"},"sameAs":["https:\/\/p31noticias.com.br"],"url":"https:\/\/www.p31noticias.com.br\/?author=18"}]}},"amp_enabled":true,"_links":{"self":[{"href":"https:\/\/www.p31noticias.com.br\/index.php?rest_route=\/wp\/v2\/posts\/2017","targetHints":{"allow":["GET"]}}],"collection":[{"href":"https:\/\/www.p31noticias.com.br\/index.php?rest_route=\/wp\/v2\/posts"}],"about":[{"href":"https:\/\/www.p31noticias.com.br\/index.php?rest_route=\/wp\/v2\/types\/post"}],"author":[{"embeddable":true,"href":"https:\/\/www.p31noticias.com.br\/index.php?rest_route=\/wp\/v2\/users\/18"}],"replies":[{"embeddable":true,"href":"https:\/\/www.p31noticias.com.br\/index.php?rest_route=%2Fwp%2Fv2%2Fcomments&post=2017"}],"version-history":[{"count":0,"href":"https:\/\/www.p31noticias.com.br\/index.php?rest_route=\/wp\/v2\/posts\/2017\/revisions"}],"wp:featuredmedia":[{"embeddable":true,"href":"https:\/\/www.p31noticias.com.br\/index.php?rest_route=\/"}],"wp:attachment":[{"href":"https:\/\/www.p31noticias.com.br\/index.php?rest_route=%2Fwp%2Fv2%2Fmedia&parent=2017"}],"wp:term":[{"taxonomy":"category","embeddable":true,"href":"https:\/\/www.p31noticias.com.br\/index.php?rest_route=%2Fwp%2Fv2%2Fcategories&post=2017"},{"taxonomy":"post_tag","embeddable":true,"href":"https:\/\/www.p31noticias.com.br\/index.php?rest_route=%2Fwp%2Fv2%2Ftags&post=2017"}],"curies":[{"name":"wp","href":"https:\/\/api.w.org\/{rel}","templated":true}]}}