{"id":1999,"date":"2019-05-18T09:20:20","date_gmt":"2019-05-18T12:20:20","guid":{"rendered":"https:\/\/juniortakamoto.com.br\/?p=1999"},"modified":"2019-05-18T09:20:20","modified_gmt":"2019-05-18T12:20:20","slug":"multas-leves-anuladas","status":"publish","type":"post","link":"https:\/\/www.p31noticias.com.br\/?p=1999","title":{"rendered":"\u201cBons motoristas\u201d ter\u00e3o multas leves e m\u00e9dias anuladas pelo Detran-DF"},"content":{"rendered":"<div id=\"container\">\n<section id=\"header_post\">\n<div class=\"wrap\">\n<div class=\"box-title-single wrap img_sup\">\n<p>Benef\u00edcio ser\u00e1 implantado nos pr\u00f3ximos meses e valer\u00e1 para condutores que n\u00e3o tiverem penalidades por determinado per\u00edodo de tempo<\/p>\n<\/div>\n<div class=\"wrap img_sup\">\n<div class=\"imgPinWrap\"><img loading=\"lazy\" decoding=\"async\" class=\"attachment-840-577 size-840-577 wp-post-image initial loaded\" src=\"https:\/\/uploads.metropoles.com\/wp-content\/uploads\/2018\/10\/19150326\/020216MM_blitz-detran007-840x577.jpg\" sizes=\"auto, (max-width: 840px) 100vw, 840px\" srcset=\"https:\/\/uploads.metropoles.com\/wp-content\/uploads\/2018\/10\/19150326\/020216MM_blitz-detran007-840x577.jpg 840w, https:\/\/uploads.metropoles.com\/wp-content\/uploads\/2018\/10\/19150326\/020216MM_blitz-detran007-396x271.jpg 396w\" alt=\"Michael Melo\/Metr\u00f3poles\" width=\"840\" height=\"577\" data-was-processed=\"true\" \/><\/div>\n<section id=\"authors_sec\">\n<div class=\"bloco-fotos\">\n<div class=\"the_autor_css\">O\u00a0Departamento de Tr\u00e2nsito do Distrito Federal(Detran-DF)\u00a0quer\u00a0implementar, nos pr\u00f3ximos meses, uma s\u00e9rie de medidas que afetar\u00e3o a vida dos milhares de condutores da capital. Uma das principais novidades \u00e9\u00a0premiar os \u201cbons motoristas\u201d com um benef\u00edcio: anular\u00a0multas leves\u00a0ou m\u00e9dias. A\u00a0iniciativa valer\u00e1 para quem n\u00e3o tiver infra\u00e7\u00f5es por um determinado per\u00edodo, ainda a ser definido pelo \u00f3rg\u00e3o. Em vez da penalidade em dinheiro, a pessoa receber\u00e1 uma advert\u00eancia por escrito.<\/div>\n<\/div>\n<\/section>\n<\/div>\n<\/div>\n<\/section>\n<\/div>\n<section id=\"body_post\" class=\"wrap entry-content \">\n<div class=\"d-3of4 t-all\">\n<div id=\"content_post\" class=\"d-3of4 t-all\">\n<p>\u201cVamos premiar os bons motoristas. Quem estiver sem multa por um per\u00edodo e cometer uma infra\u00e7\u00e3o leve ou m\u00e9dia receber\u00e1 uma notifica\u00e7\u00e3o\u201d, revelou o novo diretor-geral do Detran,\u00a0Al\u00edrio Neto. O prazo m\u00ednimo para o benef\u00edcio ainda est\u00e1 sendo definido. O b\u00f4nus ser\u00e1 apenas para o primeiro trope\u00e7o, ou seja, a reincid\u00eancia terminar\u00e1 em multa no bolso do condutor.<\/p>\n<p>O \u00f3rg\u00e3o tamb\u00e9m\u00a0pretende\u00a0cobrar tratamento psicol\u00f3gico de condutores flagrados na Lei Seca que forem comprovadamente alco\u00f3latras.\u00a0A ideia \u00e9\u00a0implantar mais uma etapa para a recupera\u00e7\u00e3o da carteira. \u201cPsiquiatras e psic\u00f3logos v\u00e3o orient\u00e1-los para tratamento toxicol\u00f3gico ou de alcoolemia. Se a pessoa n\u00e3o se cuidar, ter\u00e1 mais dificuldade para recuperar o direito de dirigir\u201d, afirmou Al\u00edrio.<\/p>\n<p>\u201cN\u00e3o \u00e9 um tentativa de punir o dependente qu\u00edmico, mas ajud\u00e1-lo a buscar o tratamento correto. Tamb\u00e9m vamos criar um projeto para ajudar as v\u00edtimas de acidentes graves a recuperar a confian\u00e7a no tr\u00e2nsito\u201d, acrescentou o diretor-geral do Detran-DF.<\/p>\n<p><strong>Velocidade<br \/>\n<\/strong>Outra novidade \u00e9 que\u00a0o departamento far\u00e1 o mapeamento das vias\u00a0que hoje t\u00eam mudan\u00e7a brusca de velocidade. Nessas pistas, os primeiros pardais nos trechos com menor velocidade ser\u00e3o trocados por barreiras eletr\u00f4nicas nos pontos de desacelera\u00e7\u00e3o.<\/p>\n<p>Outra mudan\u00e7a no horizonte \u00e9 a\u00a0implanta\u00e7\u00e3o de um sistema eletr\u00f4nico\u00a0para a popula\u00e7\u00e3o avaliar\u00a0os servi\u00e7os prestados. Atualmente, os postos de atendimento do Detran, segundo Al\u00edrio, s\u00e3o alvo de reclama\u00e7\u00f5es recorrentes da popula\u00e7\u00e3o.<\/p>\n<p><img loading=\"lazy\" decoding=\"async\" class=\"size-full wp-image-929835 aligncenter loading\" src=\"https:\/\/uploads.metropoles.com\/wp-content\/uploads\/2019\/05\/17222949\/info_multas_detran.jpg\" sizes=\"auto, (max-width: 600px) 100vw, 600px\" srcset=\"https:\/\/uploads.metropoles.com\/wp-content\/uploads\/2019\/05\/17222949\/info_multas_detran.jpg 600w, https:\/\/uploads.metropoles.com\/wp-content\/uploads\/2019\/05\/17222949\/info_multas_detran-135x300.jpg 135w, https:\/\/uploads.metropoles.com\/wp-content\/uploads\/2019\/05\/17222949\/info_multas_detran-459x1024.jpg 459w\" alt=\"\" width=\"600\" height=\"1338\" data-was-processed=\"true\" \/><strong>Obras<br \/>\n<\/strong>Pela estimativa do GDF, as mudan\u00e7as ganhar\u00e3o as ruas dentro dos pr\u00f3ximos seis meses. A nova gest\u00e3o do Detran tamb\u00e9m buscar\u00e1 uma parceria com o Departamento de\u00a0Estradas de Rodagem (DER) para a realiza\u00e7\u00e3o de\u00a0pequenas obras\u00a0a fim\u00a0de melhorar a fluidez do tr\u00e2nsito e corrigir distor\u00e7\u00f5es vi\u00e1rias. O Detran entraria com os recursos, enquanto a outra autarquia seria a executora dos projetos.<\/p>\n<p>A ren\u00fancia de multas leves e m\u00e9dias para bons condutores vai na contram\u00e3o do movimento do DER para intensificar a fiscaliza\u00e7\u00e3o nas rodovias. Ao contr\u00e1rio do Detran,\u00a0a autarquia lan\u00e7ou uma gratifica\u00e7\u00e3o para os agentes de tr\u00e2nsito refor\u00e7arem a fiscaliza\u00e7\u00e3o nas horas de folga. A participa\u00e7\u00e3o no programa \u00e9 volunt\u00e1ria. A cada cota de\u00a0sete horas trabalhadas, o funcion\u00e1rio ganhar\u00e1 R$ 300.<\/p>\n<p><strong>Na pista legal<\/strong><br \/>\nSegundo o especialista\u00a0em tr\u00e2nsito M\u00e1rcio de Andrade, a premia\u00e7\u00e3o para os bons condutores tem lastro legal no Artigo 267 do C\u00f3digo de Tr\u00e2nsito Brasileiro (CTB). De acordo com o texto, o \u00f3rg\u00e3o executivo de tr\u00e2nsito pode transformar em advert\u00eancia escrita multas leves e m\u00e9dias para condutores que n\u00e3o sejam reincidentes na mesma infra\u00e7\u00e3o nos 12 meses anteriores ao fato.<\/p>\n<div class=\"olho_materia\">\n<p>Acho interessante a iniciativa, porque voc\u00ea est\u00e1 premiando aquele que dirige com cuidado. A pessoa que n\u00e3o comete infra\u00e7\u00e3o de tr\u00e2nsito n\u00e3o promove risco \u00e0 de seguran\u00e7a na via<span class=\"aspas\">&#8220;<\/span><\/p>\n<div class=\"author_olho\">M\u00e1rcio de Andrade, especialista em tr\u00e2nsito<\/div>\n<\/div>\n<p>Por outro,\u00a0ressalta Andrade, n\u00e3o h\u00e1 previs\u00e3o no CTB de qualquer mecanismo para a cobran\u00e7a de tratamento de motoristas pegos na\u00a0Lei Seca. Mesmo assim, o especialista avalia positivamente a medida.<\/p>\n<p>\u201cO Estado poder\u00e1 dar um certo apoio\u00a0\u00e0 pessoa que nem sabe que \u00e9 dependente qu\u00edmica, que\u00a0acha que bebe socialmente, mas acaba sendo dependente e nem se d\u00e1 conta. Socialmente, isso \u00e9 ben\u00e9fico; e, para o Tr\u00e2nsito, melhor ainda. Resta saber se, juridicamente, a proposta \u00e9 vi\u00e1vel\u201d, diz.<\/p>\n<\/div>\n<\/div>\n<\/section>\n","protected":false},"excerpt":{"rendered":"<p>Benef\u00edcio ser\u00e1 implantado nos pr\u00f3ximos meses e valer\u00e1 para condutores que n\u00e3o tiverem penalidades por determinado per\u00edodo de tempo O\u00a0Departamento de Tr\u00e2nsito do Distrito Federal(Detran-DF)\u00a0quer\u00a0implementar, nos pr\u00f3ximos meses, uma s\u00e9rie de medidas que afetar\u00e3o a vida dos milhares de condutores da capital. Uma das principais novidades \u00e9\u00a0premiar os \u201cbons motoristas\u201d com um benef\u00edcio: anular\u00a0multas leves\u00a0ou [&hellip;]<\/p>\n","protected":false},"author":18,"featured_media":2000,"comment_status":"open","ping_status":"open","sticky":false,"template":"","format":"standard","meta":{"footnotes":""},"categories":[21],"tags":[50,35,46,49],"class_list":{"0":"post-1999","1":"post","2":"type-post","3":"status-publish","4":"format-standard","5":"has-post-thumbnail","7":"category-brasilia","8":"tag-detran","9":"tag-gdf","10":"tag-multas","11":"tag-transito"},"yoast_head":"<!-- This site is optimized with the Yoast SEO Premium plugin v24.5 (Yoast SEO v27.5) - https:\/\/yoast.com\/product\/yoast-seo-premium-wordpress\/ -->\n<title>\u201cBons motoristas\u201d ter\u00e3o multas leves e m\u00e9dias anuladas pelo Detran-DF - P31<\/title>\n<meta name=\"description\" content=\"\u201cVamos premiar os bons motoristas. Quem estiver sem multa por um per\u00edodo e cometer uma infra\u00e7\u00e3o leve ou m\u00e9dia receber\u00e1 uma notifica\u00e7\u00e3o\u201d, revelou o novo diretor-geral do Detran,\u00a0Al\u00edrio Neto. O prazo m\u00ednimo para o benef\u00edcio ainda est\u00e1 sendo definido. O b\u00f4nus ser\u00e1 apenas para o primeiro trope\u00e7o, ou seja, a reincid\u00eancia terminar\u00e1 em multa no bolso do condutor.\" \/>\n<meta name=\"robots\" content=\"index, follow, max-snippet:-1, max-image-preview:large, max-video-preview:-1\" \/>\n<link rel=\"canonical\" href=\"https:\/\/www.p31noticias.com.br\/?p=1999\" \/>\n<meta property=\"og:locale\" content=\"pt_BR\" \/>\n<meta property=\"og:type\" content=\"article\" \/>\n<meta property=\"og:title\" content=\"\u201cBons motoristas\u201d ter\u00e3o multas leves e m\u00e9dias anuladas pelo Detran-DF\" \/>\n<meta property=\"og:description\" content=\"\u201cVamos premiar os bons motoristas. Quem estiver sem multa por um per\u00edodo e cometer uma infra\u00e7\u00e3o leve ou m\u00e9dia receber\u00e1 uma notifica\u00e7\u00e3o\u201d, revelou o novo diretor-geral do Detran,\u00a0Al\u00edrio Neto. O prazo m\u00ednimo para o benef\u00edcio ainda est\u00e1 sendo definido. O b\u00f4nus ser\u00e1 apenas para o primeiro trope\u00e7o, ou seja, a reincid\u00eancia terminar\u00e1 em multa no bolso do condutor.\" \/>\n<meta property=\"og:url\" content=\"https:\/\/www.p31noticias.com.br\/?p=1999\" \/>\n<meta property=\"og:site_name\" content=\"P31\" \/>\n<meta property=\"article:published_time\" content=\"2019-05-18T12:20:20+00:00\" \/>\n<meta property=\"og:image\" content=\"https:\/\/www.p31noticias.com.br\/wp-content\/uploads\/2019\/05\/Multas-poder\u00e3o-ser-consultadas-por-meio-de-aplicativo-Divulga\u00e7\u00e3o.jpg\" \/>\n\t<meta property=\"og:image:width\" content=\"420\" \/>\n\t<meta property=\"og:image:height\" content=\"278\" \/>\n\t<meta property=\"og:image:type\" content=\"image\/jpeg\" \/>\n<meta name=\"author\" content=\"Reda\u00e7\u00e3o JBN\" \/>\n<meta name=\"twitter:card\" content=\"summary_large_image\" \/>\n<meta name=\"twitter:label1\" content=\"Escrito por\" \/>\n\t<meta name=\"twitter:data1\" content=\"Reda\u00e7\u00e3o JBN\" \/>\n\t<meta name=\"twitter:label2\" content=\"Est. tempo de leitura\" \/>\n\t<meta name=\"twitter:data2\" content=\"4 minutos\" \/>\n<script type=\"application\/ld+json\" class=\"yoast-schema-graph\">{\"@context\":\"https:\\\/\\\/schema.org\",\"@graph\":[{\"@type\":\"Article\",\"@id\":\"https:\\\/\\\/www.p31noticias.com.br\\\/?p=1999#article\",\"isPartOf\":{\"@id\":\"https:\\\/\\\/www.p31noticias.com.br\\\/?p=1999\"},\"author\":{\"name\":\"Reda\u00e7\u00e3o JBN\",\"@id\":\"https:\\\/\\\/www.p31noticias.com.br\\\/#\\\/schema\\\/person\\\/77d6b186c710ac38937c6ec204fdd387\"},\"headline\":\"\u201cBons motoristas\u201d ter\u00e3o multas leves e m\u00e9dias anuladas pelo Detran-DF\",\"datePublished\":\"2019-05-18T12:20:20+00:00\",\"mainEntityOfPage\":{\"@id\":\"https:\\\/\\\/www.p31noticias.com.br\\\/?p=1999\"},\"wordCount\":728,\"commentCount\":0,\"image\":{\"@id\":\"https:\\\/\\\/www.p31noticias.com.br\\\/?p=1999#primaryimage\"},\"thumbnailUrl\":\"https:\\\/\\\/www.p31noticias.com.br\\\/wp-content\\\/uploads\\\/2019\\\/05\\\/Multas-poder\u00e3o-ser-consultadas-por-meio-de-aplicativo-Divulga\u00e7\u00e3o.jpg\",\"keywords\":[\"Detran\",\"gdf\",\"multas\",\"tr\u00e2nsito\"],\"articleSection\":[\"Bras\u00edlia\"],\"inLanguage\":\"pt-BR\",\"potentialAction\":[{\"@type\":\"CommentAction\",\"name\":\"Comment\",\"target\":[\"https:\\\/\\\/www.p31noticias.com.br\\\/?p=1999#respond\"]}],\"copyrightYear\":\"2019\",\"copyrightHolder\":{\"@id\":\"https:\\\/\\\/www.p31noticias.com.br\\\/#organization\"}},{\"@type\":\"WebPage\",\"@id\":\"https:\\\/\\\/www.p31noticias.com.br\\\/?p=1999\",\"url\":\"https:\\\/\\\/www.p31noticias.com.br\\\/?p=1999\",\"name\":\"\u201cBons motoristas\u201d ter\u00e3o multas leves e m\u00e9dias anuladas pelo Detran-DF - P31\",\"isPartOf\":{\"@id\":\"https:\\\/\\\/www.p31noticias.com.br\\\/#website\"},\"primaryImageOfPage\":{\"@id\":\"https:\\\/\\\/www.p31noticias.com.br\\\/?p=1999#primaryimage\"},\"image\":{\"@id\":\"https:\\\/\\\/www.p31noticias.com.br\\\/?p=1999#primaryimage\"},\"thumbnailUrl\":\"https:\\\/\\\/www.p31noticias.com.br\\\/wp-content\\\/uploads\\\/2019\\\/05\\\/Multas-poder\u00e3o-ser-consultadas-por-meio-de-aplicativo-Divulga\u00e7\u00e3o.jpg\",\"datePublished\":\"2019-05-18T12:20:20+00:00\",\"author\":{\"@id\":\"https:\\\/\\\/www.p31noticias.com.br\\\/#\\\/schema\\\/person\\\/77d6b186c710ac38937c6ec204fdd387\"},\"description\":\"\u201cVamos premiar os bons motoristas. Quem estiver sem multa por um per\u00edodo e cometer uma infra\u00e7\u00e3o leve ou m\u00e9dia receber\u00e1 uma notifica\u00e7\u00e3o\u201d, revelou o novo diretor-geral do Detran,\u00a0Al\u00edrio Neto. O prazo m\u00ednimo para o benef\u00edcio ainda est\u00e1 sendo definido. O b\u00f4nus ser\u00e1 apenas para o primeiro trope\u00e7o, ou seja, a reincid\u00eancia terminar\u00e1 em multa no bolso do condutor.\",\"breadcrumb\":{\"@id\":\"https:\\\/\\\/www.p31noticias.com.br\\\/?p=1999#breadcrumb\"},\"inLanguage\":\"pt-BR\",\"potentialAction\":[{\"@type\":\"ReadAction\",\"target\":[\"https:\\\/\\\/www.p31noticias.com.br\\\/?p=1999\"]}]},{\"@type\":\"ImageObject\",\"inLanguage\":\"pt-BR\",\"@id\":\"https:\\\/\\\/www.p31noticias.com.br\\\/?p=1999#primaryimage\",\"url\":\"https:\\\/\\\/www.p31noticias.com.br\\\/wp-content\\\/uploads\\\/2019\\\/05\\\/Multas-poder\u00e3o-ser-consultadas-por-meio-de-aplicativo-Divulga\u00e7\u00e3o.jpg\",\"contentUrl\":\"https:\\\/\\\/www.p31noticias.com.br\\\/wp-content\\\/uploads\\\/2019\\\/05\\\/Multas-poder\u00e3o-ser-consultadas-por-meio-de-aplicativo-Divulga\u00e7\u00e3o.jpg\",\"width\":420,\"height\":278,\"caption\":\"File written by Adobe Photoshop\u00a8 5.0\"},{\"@type\":\"BreadcrumbList\",\"@id\":\"https:\\\/\\\/www.p31noticias.com.br\\\/?p=1999#breadcrumb\",\"itemListElement\":[{\"@type\":\"ListItem\",\"position\":1,\"name\":\"In\u00edcio\",\"item\":\"https:\\\/\\\/www.p31noticias.com.br\\\/\"},{\"@type\":\"ListItem\",\"position\":2,\"name\":\"\u201cBons motoristas\u201d ter\u00e3o multas leves e m\u00e9dias anuladas pelo Detran-DF\"}]},{\"@type\":\"WebSite\",\"@id\":\"https:\\\/\\\/www.p31noticias.com.br\\\/#website\",\"url\":\"https:\\\/\\\/www.p31noticias.com.br\\\/\",\"name\":\"P31\",\"description\":\"NOT\u00cdCIAS\",\"potentialAction\":[{\"@type\":\"SearchAction\",\"target\":{\"@type\":\"EntryPoint\",\"urlTemplate\":\"https:\\\/\\\/www.p31noticias.com.br\\\/?s={search_term_string}\"},\"query-input\":{\"@type\":\"PropertyValueSpecification\",\"valueRequired\":true,\"valueName\":\"search_term_string\"}}],\"inLanguage\":\"pt-BR\"},{\"@type\":\"Person\",\"@id\":\"https:\\\/\\\/www.p31noticias.com.br\\\/#\\\/schema\\\/person\\\/77d6b186c710ac38937c6ec204fdd387\",\"name\":\"Reda\u00e7\u00e3o JBN\",\"image\":{\"@type\":\"ImageObject\",\"inLanguage\":\"pt-BR\",\"@id\":\"https:\\\/\\\/secure.gravatar.com\\\/avatar\\\/10fcdb93211f98cce3d64c0795b0915a9a4a21dc0f279238995a3dbfafcad090?s=96&d=mm&r=g\",\"url\":\"https:\\\/\\\/secure.gravatar.com\\\/avatar\\\/10fcdb93211f98cce3d64c0795b0915a9a4a21dc0f279238995a3dbfafcad090?s=96&d=mm&r=g\",\"contentUrl\":\"https:\\\/\\\/secure.gravatar.com\\\/avatar\\\/10fcdb93211f98cce3d64c0795b0915a9a4a21dc0f279238995a3dbfafcad090?s=96&d=mm&r=g\",\"caption\":\"Reda\u00e7\u00e3o JBN\"},\"sameAs\":[\"https:\\\/\\\/p31noticias.com.br\"],\"url\":\"https:\\\/\\\/www.p31noticias.com.br\\\/?author=18\"}]}<\/script>\n<!-- \/ Yoast SEO Premium plugin. -->","yoast_head_json":{"title":"\u201cBons motoristas\u201d ter\u00e3o multas leves e m\u00e9dias anuladas pelo Detran-DF - P31","description":"\u201cVamos premiar os bons motoristas. Quem estiver sem multa por um per\u00edodo e cometer uma infra\u00e7\u00e3o leve ou m\u00e9dia receber\u00e1 uma notifica\u00e7\u00e3o\u201d, revelou o novo diretor-geral do Detran,\u00a0Al\u00edrio Neto. O prazo m\u00ednimo para o benef\u00edcio ainda est\u00e1 sendo definido. O b\u00f4nus ser\u00e1 apenas para o primeiro trope\u00e7o, ou seja, a reincid\u00eancia terminar\u00e1 em multa no bolso do condutor.","robots":{"index":"index","follow":"follow","max-snippet":"max-snippet:-1","max-image-preview":"max-image-preview:large","max-video-preview":"max-video-preview:-1"},"canonical":"https:\/\/www.p31noticias.com.br\/?p=1999","og_locale":"pt_BR","og_type":"article","og_title":"\u201cBons motoristas\u201d ter\u00e3o multas leves e m\u00e9dias anuladas pelo Detran-DF","og_description":"\u201cVamos premiar os bons motoristas. Quem estiver sem multa por um per\u00edodo e cometer uma infra\u00e7\u00e3o leve ou m\u00e9dia receber\u00e1 uma notifica\u00e7\u00e3o\u201d, revelou o novo diretor-geral do Detran,\u00a0Al\u00edrio Neto. O prazo m\u00ednimo para o benef\u00edcio ainda est\u00e1 sendo definido. O b\u00f4nus ser\u00e1 apenas para o primeiro trope\u00e7o, ou seja, a reincid\u00eancia terminar\u00e1 em multa no bolso do condutor.","og_url":"https:\/\/www.p31noticias.com.br\/?p=1999","og_site_name":"P31","article_published_time":"2019-05-18T12:20:20+00:00","og_image":[{"width":420,"height":278,"url":"https:\/\/www.p31noticias.com.br\/wp-content\/uploads\/2019\/05\/Multas-poder\u00e3o-ser-consultadas-por-meio-de-aplicativo-Divulga\u00e7\u00e3o.jpg","type":"image\/jpeg"}],"author":"Reda\u00e7\u00e3o JBN","twitter_card":"summary_large_image","twitter_misc":{"Escrito por":"Reda\u00e7\u00e3o JBN","Est. tempo de leitura":"4 minutos"},"schema":{"@context":"https:\/\/schema.org","@graph":[{"@type":"Article","@id":"https:\/\/www.p31noticias.com.br\/?p=1999#article","isPartOf":{"@id":"https:\/\/www.p31noticias.com.br\/?p=1999"},"author":{"name":"Reda\u00e7\u00e3o JBN","@id":"https:\/\/www.p31noticias.com.br\/#\/schema\/person\/77d6b186c710ac38937c6ec204fdd387"},"headline":"\u201cBons motoristas\u201d ter\u00e3o multas leves e m\u00e9dias anuladas pelo Detran-DF","datePublished":"2019-05-18T12:20:20+00:00","mainEntityOfPage":{"@id":"https:\/\/www.p31noticias.com.br\/?p=1999"},"wordCount":728,"commentCount":0,"image":{"@id":"https:\/\/www.p31noticias.com.br\/?p=1999#primaryimage"},"thumbnailUrl":"https:\/\/www.p31noticias.com.br\/wp-content\/uploads\/2019\/05\/Multas-poder\u00e3o-ser-consultadas-por-meio-de-aplicativo-Divulga\u00e7\u00e3o.jpg","keywords":["Detran","gdf","multas","tr\u00e2nsito"],"articleSection":["Bras\u00edlia"],"inLanguage":"pt-BR","potentialAction":[{"@type":"CommentAction","name":"Comment","target":["https:\/\/www.p31noticias.com.br\/?p=1999#respond"]}],"copyrightYear":"2019","copyrightHolder":{"@id":"https:\/\/www.p31noticias.com.br\/#organization"}},{"@type":"WebPage","@id":"https:\/\/www.p31noticias.com.br\/?p=1999","url":"https:\/\/www.p31noticias.com.br\/?p=1999","name":"\u201cBons motoristas\u201d ter\u00e3o multas leves e m\u00e9dias anuladas pelo Detran-DF - P31","isPartOf":{"@id":"https:\/\/www.p31noticias.com.br\/#website"},"primaryImageOfPage":{"@id":"https:\/\/www.p31noticias.com.br\/?p=1999#primaryimage"},"image":{"@id":"https:\/\/www.p31noticias.com.br\/?p=1999#primaryimage"},"thumbnailUrl":"https:\/\/www.p31noticias.com.br\/wp-content\/uploads\/2019\/05\/Multas-poder\u00e3o-ser-consultadas-por-meio-de-aplicativo-Divulga\u00e7\u00e3o.jpg","datePublished":"2019-05-18T12:20:20+00:00","author":{"@id":"https:\/\/www.p31noticias.com.br\/#\/schema\/person\/77d6b186c710ac38937c6ec204fdd387"},"description":"\u201cVamos premiar os bons motoristas. Quem estiver sem multa por um per\u00edodo e cometer uma infra\u00e7\u00e3o leve ou m\u00e9dia receber\u00e1 uma notifica\u00e7\u00e3o\u201d, revelou o novo diretor-geral do Detran,\u00a0Al\u00edrio Neto. O prazo m\u00ednimo para o benef\u00edcio ainda est\u00e1 sendo definido. O b\u00f4nus ser\u00e1 apenas para o primeiro trope\u00e7o, ou seja, a reincid\u00eancia terminar\u00e1 em multa no bolso do condutor.","breadcrumb":{"@id":"https:\/\/www.p31noticias.com.br\/?p=1999#breadcrumb"},"inLanguage":"pt-BR","potentialAction":[{"@type":"ReadAction","target":["https:\/\/www.p31noticias.com.br\/?p=1999"]}]},{"@type":"ImageObject","inLanguage":"pt-BR","@id":"https:\/\/www.p31noticias.com.br\/?p=1999#primaryimage","url":"https:\/\/www.p31noticias.com.br\/wp-content\/uploads\/2019\/05\/Multas-poder\u00e3o-ser-consultadas-por-meio-de-aplicativo-Divulga\u00e7\u00e3o.jpg","contentUrl":"https:\/\/www.p31noticias.com.br\/wp-content\/uploads\/2019\/05\/Multas-poder\u00e3o-ser-consultadas-por-meio-de-aplicativo-Divulga\u00e7\u00e3o.jpg","width":420,"height":278,"caption":"File written by Adobe Photoshop\u00a8 5.0"},{"@type":"BreadcrumbList","@id":"https:\/\/www.p31noticias.com.br\/?p=1999#breadcrumb","itemListElement":[{"@type":"ListItem","position":1,"name":"In\u00edcio","item":"https:\/\/www.p31noticias.com.br\/"},{"@type":"ListItem","position":2,"name":"\u201cBons motoristas\u201d ter\u00e3o multas leves e m\u00e9dias anuladas pelo Detran-DF"}]},{"@type":"WebSite","@id":"https:\/\/www.p31noticias.com.br\/#website","url":"https:\/\/www.p31noticias.com.br\/","name":"P31","description":"NOT\u00cdCIAS","potentialAction":[{"@type":"SearchAction","target":{"@type":"EntryPoint","urlTemplate":"https:\/\/www.p31noticias.com.br\/?s={search_term_string}"},"query-input":{"@type":"PropertyValueSpecification","valueRequired":true,"valueName":"search_term_string"}}],"inLanguage":"pt-BR"},{"@type":"Person","@id":"https:\/\/www.p31noticias.com.br\/#\/schema\/person\/77d6b186c710ac38937c6ec204fdd387","name":"Reda\u00e7\u00e3o JBN","image":{"@type":"ImageObject","inLanguage":"pt-BR","@id":"https:\/\/secure.gravatar.com\/avatar\/10fcdb93211f98cce3d64c0795b0915a9a4a21dc0f279238995a3dbfafcad090?s=96&d=mm&r=g","url":"https:\/\/secure.gravatar.com\/avatar\/10fcdb93211f98cce3d64c0795b0915a9a4a21dc0f279238995a3dbfafcad090?s=96&d=mm&r=g","contentUrl":"https:\/\/secure.gravatar.com\/avatar\/10fcdb93211f98cce3d64c0795b0915a9a4a21dc0f279238995a3dbfafcad090?s=96&d=mm&r=g","caption":"Reda\u00e7\u00e3o JBN"},"sameAs":["https:\/\/p31noticias.com.br"],"url":"https:\/\/www.p31noticias.com.br\/?author=18"}]}},"amp_enabled":true,"_links":{"self":[{"href":"https:\/\/www.p31noticias.com.br\/index.php?rest_route=\/wp\/v2\/posts\/1999","targetHints":{"allow":["GET"]}}],"collection":[{"href":"https:\/\/www.p31noticias.com.br\/index.php?rest_route=\/wp\/v2\/posts"}],"about":[{"href":"https:\/\/www.p31noticias.com.br\/index.php?rest_route=\/wp\/v2\/types\/post"}],"author":[{"embeddable":true,"href":"https:\/\/www.p31noticias.com.br\/index.php?rest_route=\/wp\/v2\/users\/18"}],"replies":[{"embeddable":true,"href":"https:\/\/www.p31noticias.com.br\/index.php?rest_route=%2Fwp%2Fv2%2Fcomments&post=1999"}],"version-history":[{"count":0,"href":"https:\/\/www.p31noticias.com.br\/index.php?rest_route=\/wp\/v2\/posts\/1999\/revisions"}],"wp:featuredmedia":[{"embeddable":true,"href":"https:\/\/www.p31noticias.com.br\/index.php?rest_route=\/wp\/v2\/media\/2000"}],"wp:attachment":[{"href":"https:\/\/www.p31noticias.com.br\/index.php?rest_route=%2Fwp%2Fv2%2Fmedia&parent=1999"}],"wp:term":[{"taxonomy":"category","embeddable":true,"href":"https:\/\/www.p31noticias.com.br\/index.php?rest_route=%2Fwp%2Fv2%2Fcategories&post=1999"},{"taxonomy":"post_tag","embeddable":true,"href":"https:\/\/www.p31noticias.com.br\/index.php?rest_route=%2Fwp%2Fv2%2Ftags&post=1999"}],"curies":[{"name":"wp","href":"https:\/\/api.w.org\/{rel}","templated":true}]}}