{"id":19446,"date":"2020-04-24T18:01:49","date_gmt":"2020-04-24T21:01:49","guid":{"rendered":"https:\/\/www.delioandrade.com.br\/?p=19446"},"modified":"2020-04-24T18:01:49","modified_gmt":"2020-04-24T21:01:49","slug":"moro-pediu-indicacao-ao-stf-diz-bolsonaro","status":"publish","type":"post","link":"https:\/\/www.p31noticias.com.br\/?p=19446","title":{"rendered":"Moro pediu indica\u00e7\u00e3o ao STF diz Bolsonaro"},"content":{"rendered":"<p>O presidente Jair Bolsonaro afirmou nesta sexta-feira (24) que o ex-ministro da Justi\u00e7a e Seguran\u00e7a P\u00fablica, Sergio Moro, condicionou uma troca no comando da Pol\u00edcia Federal a uma indica\u00e7\u00e3o para o cargo de ministro do Supremo Tribunal Federal (STF). No segundo semestre, o decano da corte, ministro Celso de Mello, ser\u00e1 aposentado compulsoriamente por idade.<\/p>\n<p>&#8220;Mais de uma vez, o senhor Sergio Moro disse para mim: Voc\u00ea pode trocar o Valeixo sim, mas em novembro, depois que voc\u00ea me indicar para o Supremo Tribunal Federal&#8221;, afirmou o presidente, em refer\u00eancia a Mauricio Valeixo, que foi exonerado do cargo de diretor-geral da Pol\u00edcia Federal pela manh\u00e3. \u201c\u00c9 desmoralizante para um presidente ouvir isso. Mais, ainda, externalizar\u201d.<\/p>\n<p>Bolsonaro disse que Moro afirmou durante reuni\u00e3o que s\u00f3 aceitaria a sa\u00edda do diretor da PF caso pudesse indicar o substituto e n\u00e3o acatar um nome escolhido pelo presidente. &#8220;Eu n\u00e3o preciso pedir autoriza\u00e7\u00e3o para trocar ningu\u00e9m&#8221;, disse.<\/p>\n<p>Jair Bolsonaro negou a principal acusa\u00e7\u00e3o feita pelo ex-ministro da Justi\u00e7a em entrevista coletiva, a de que ele tem a inten\u00e7\u00e3o de interferir na condu\u00e7\u00e3o das investiga\u00e7\u00f5es feitas pela PF. &#8220;Tenho que ter um relat\u00f3rio do que aconteceu nas \u00faltimas 24 horas, nunca pedi o andamento de qualquer processo&#8221;, afirmou.<\/p>\n<p>O presidente discursou cercado pelo vice-presidente Hamilton Mour\u00e3o e por seus demais ministros, incluindo os oriundos da ala militar e o ministro da Economia, Paulo Guedes.<\/p>\n<p>&#8220;Ego&#8221;<\/p>\n<p>O discurso de Bolsonaro se centrou na narrativa de que Sergio Moro \u00e9 uma &#8220;pessoa que tem um compromisso consigo pr\u00f3prio, com o ego e n\u00e3o com o Brasil&#8221;. Ele relembrou um epis\u00f3dio de 2017, quando o ent\u00e3o juiz federal ignorou um pedido de cumprimento do ent\u00e3o deputado federal em um aeroporto. &#8220;Confesso que fiquei triste, porque ele era um \u00eddolo para mim&#8221;.<\/p>\n<p>O presidente disse ter sido procurado por Moro quando ainda estava em campanha e o agora ex-ministro da Justi\u00e7a era juiz federal. Essa sinaliza\u00e7\u00e3o teria acontecido entre o primeiro e o segundo turno, quando Moro teria se oferecido para visitar Bolsonaro no hospital.<\/p>\n<p>Distanciamento o resultado das elei\u00e7\u00f5es do prest\u00edgio pessoal do ex-juiz, Bolsonaro disse que &#8220;n\u00e3o quis se aproveitar do prest\u00edgio dele para conseguir a vit\u00f3ria no segundo turno&#8221;.<\/p>\n<p>O presidente se queixou de ele ter pedido demiss\u00e3o do Minist\u00e9rio da Justi\u00e7a sem comparecer para uma conversa pessoal. \u201cTorci muito pra dar certo. Muito. Mas, infelizmente, ou felizmente, no dia de hoje, ap\u00f3s essa conversa no dia de ontem, at\u00e9 fui sinalizado que ele compareceria na Presid\u00eancia e seria bem recebido\u201d, disse.<\/p>\n<p><em>Mais informa\u00e7\u00f5es em instantes<\/em><\/p>\n","protected":false},"excerpt":{"rendered":"<p>O presidente Jair Bolsonaro afirmou nesta sexta-feira (24) que o ex-ministro da Justi\u00e7a e Seguran\u00e7a P\u00fablica, Sergio Moro, condicionou uma troca no comando da Pol\u00edcia Federal a uma indica\u00e7\u00e3o para o cargo de ministro do Supremo Tribunal Federal (STF). No segundo semestre, o decano da corte, ministro Celso de Mello, ser\u00e1 aposentado compulsoriamente por idade. [&hellip;]<\/p>\n","protected":false},"author":18,"featured_media":19447,"comment_status":"open","ping_status":"open","sticky":false,"template":"","format":"standard","meta":{"footnotes":""},"categories":[68,57],"tags":[],"class_list":{"0":"post-19446","1":"post","2":"type-post","3":"status-publish","4":"format-standard","5":"has-post-thumbnail","7":"category-brasil","8":"category-politica"},"yoast_head":"<!-- This site is optimized with the Yoast SEO Premium plugin v24.5 (Yoast SEO v27.5) - https:\/\/yoast.com\/product\/yoast-seo-premium-wordpress\/ -->\n<title>Moro pediu indica\u00e7\u00e3o ao STF diz Bolsonaro - P31<\/title>\n<meta name=\"robots\" content=\"index, follow, max-snippet:-1, max-image-preview:large, max-video-preview:-1\" \/>\n<link rel=\"canonical\" href=\"https:\/\/www.p31noticias.com.br\/?p=19446\" \/>\n<meta property=\"og:locale\" content=\"pt_BR\" \/>\n<meta property=\"og:type\" content=\"article\" \/>\n<meta property=\"og:title\" content=\"Moro pediu indica\u00e7\u00e3o ao STF diz Bolsonaro\" \/>\n<meta property=\"og:description\" content=\"O presidente Jair Bolsonaro afirmou nesta sexta-feira (24) que o ex-ministro da Justi\u00e7a e Seguran\u00e7a P\u00fablica, Sergio Moro, condicionou uma troca no comando da Pol\u00edcia Federal a uma indica\u00e7\u00e3o para o cargo de ministro do Supremo Tribunal Federal (STF). No segundo semestre, o decano da corte, ministro Celso de Mello, ser\u00e1 aposentado compulsoriamente por idade. [&hellip;]\" \/>\n<meta property=\"og:url\" content=\"https:\/\/www.p31noticias.com.br\/?p=19446\" \/>\n<meta property=\"og:site_name\" content=\"P31\" \/>\n<meta property=\"article:published_time\" content=\"2020-04-24T21:01:49+00:00\" \/>\n<meta property=\"og:image\" content=\"https:\/\/www.p31noticias.com.br\/wp-content\/uploads\/2020\/04\/3642_8AE5EF62EAEF42DD.jpeg\" \/>\n\t<meta property=\"og:image:width\" content=\"1920\" \/>\n\t<meta property=\"og:image:height\" content=\"1080\" \/>\n\t<meta property=\"og:image:type\" content=\"image\/jpeg\" \/>\n<meta name=\"author\" content=\"Reda\u00e7\u00e3o JBN\" \/>\n<meta name=\"twitter:card\" content=\"summary_large_image\" \/>\n<meta name=\"twitter:label1\" content=\"Escrito por\" \/>\n\t<meta name=\"twitter:data1\" content=\"Reda\u00e7\u00e3o JBN\" \/>\n\t<meta name=\"twitter:label2\" content=\"Est. tempo de leitura\" \/>\n\t<meta name=\"twitter:data2\" content=\"2 minutos\" \/>\n<script type=\"application\/ld+json\" class=\"yoast-schema-graph\">{\"@context\":\"https:\\\/\\\/schema.org\",\"@graph\":[{\"@type\":\"Article\",\"@id\":\"https:\\\/\\\/www.p31noticias.com.br\\\/?p=19446#article\",\"isPartOf\":{\"@id\":\"https:\\\/\\\/www.p31noticias.com.br\\\/?p=19446\"},\"author\":{\"name\":\"Reda\u00e7\u00e3o JBN\",\"@id\":\"https:\\\/\\\/www.p31noticias.com.br\\\/#\\\/schema\\\/person\\\/77d6b186c710ac38937c6ec204fdd387\"},\"headline\":\"Moro pediu indica\u00e7\u00e3o ao STF diz Bolsonaro\",\"datePublished\":\"2020-04-24T21:01:49+00:00\",\"mainEntityOfPage\":{\"@id\":\"https:\\\/\\\/www.p31noticias.com.br\\\/?p=19446\"},\"wordCount\":461,\"commentCount\":0,\"image\":{\"@id\":\"https:\\\/\\\/www.p31noticias.com.br\\\/?p=19446#primaryimage\"},\"thumbnailUrl\":\"https:\\\/\\\/www.p31noticias.com.br\\\/wp-content\\\/uploads\\\/2020\\\/04\\\/3642_8AE5EF62EAEF42DD.jpeg\",\"articleSection\":[\"Brasil\",\"Pol\u00edtica\"],\"inLanguage\":\"pt-BR\",\"potentialAction\":[{\"@type\":\"CommentAction\",\"name\":\"Comment\",\"target\":[\"https:\\\/\\\/www.p31noticias.com.br\\\/?p=19446#respond\"]}],\"copyrightYear\":\"2020\",\"copyrightHolder\":{\"@id\":\"https:\\\/\\\/www.p31noticias.com.br\\\/#organization\"}},{\"@type\":\"WebPage\",\"@id\":\"https:\\\/\\\/www.p31noticias.com.br\\\/?p=19446\",\"url\":\"https:\\\/\\\/www.p31noticias.com.br\\\/?p=19446\",\"name\":\"Moro pediu indica\u00e7\u00e3o ao STF diz Bolsonaro - P31\",\"isPartOf\":{\"@id\":\"https:\\\/\\\/www.p31noticias.com.br\\\/#website\"},\"primaryImageOfPage\":{\"@id\":\"https:\\\/\\\/www.p31noticias.com.br\\\/?p=19446#primaryimage\"},\"image\":{\"@id\":\"https:\\\/\\\/www.p31noticias.com.br\\\/?p=19446#primaryimage\"},\"thumbnailUrl\":\"https:\\\/\\\/www.p31noticias.com.br\\\/wp-content\\\/uploads\\\/2020\\\/04\\\/3642_8AE5EF62EAEF42DD.jpeg\",\"datePublished\":\"2020-04-24T21:01:49+00:00\",\"author\":{\"@id\":\"https:\\\/\\\/www.p31noticias.com.br\\\/#\\\/schema\\\/person\\\/77d6b186c710ac38937c6ec204fdd387\"},\"breadcrumb\":{\"@id\":\"https:\\\/\\\/www.p31noticias.com.br\\\/?p=19446#breadcrumb\"},\"inLanguage\":\"pt-BR\",\"potentialAction\":[{\"@type\":\"ReadAction\",\"target\":[\"https:\\\/\\\/www.p31noticias.com.br\\\/?p=19446\"]}]},{\"@type\":\"ImageObject\",\"inLanguage\":\"pt-BR\",\"@id\":\"https:\\\/\\\/www.p31noticias.com.br\\\/?p=19446#primaryimage\",\"url\":\"https:\\\/\\\/www.p31noticias.com.br\\\/wp-content\\\/uploads\\\/2020\\\/04\\\/3642_8AE5EF62EAEF42DD.jpeg\",\"contentUrl\":\"https:\\\/\\\/www.p31noticias.com.br\\\/wp-content\\\/uploads\\\/2020\\\/04\\\/3642_8AE5EF62EAEF42DD.jpeg\",\"width\":1920,\"height\":1080},{\"@type\":\"BreadcrumbList\",\"@id\":\"https:\\\/\\\/www.p31noticias.com.br\\\/?p=19446#breadcrumb\",\"itemListElement\":[{\"@type\":\"ListItem\",\"position\":1,\"name\":\"In\u00edcio\",\"item\":\"https:\\\/\\\/www.p31noticias.com.br\\\/\"},{\"@type\":\"ListItem\",\"position\":2,\"name\":\"Moro pediu indica\u00e7\u00e3o ao STF diz Bolsonaro\"}]},{\"@type\":\"WebSite\",\"@id\":\"https:\\\/\\\/www.p31noticias.com.br\\\/#website\",\"url\":\"https:\\\/\\\/www.p31noticias.com.br\\\/\",\"name\":\"P31\",\"description\":\"NOT\u00cdCIAS\",\"potentialAction\":[{\"@type\":\"SearchAction\",\"target\":{\"@type\":\"EntryPoint\",\"urlTemplate\":\"https:\\\/\\\/www.p31noticias.com.br\\\/?s={search_term_string}\"},\"query-input\":{\"@type\":\"PropertyValueSpecification\",\"valueRequired\":true,\"valueName\":\"search_term_string\"}}],\"inLanguage\":\"pt-BR\"},{\"@type\":\"Person\",\"@id\":\"https:\\\/\\\/www.p31noticias.com.br\\\/#\\\/schema\\\/person\\\/77d6b186c710ac38937c6ec204fdd387\",\"name\":\"Reda\u00e7\u00e3o JBN\",\"image\":{\"@type\":\"ImageObject\",\"inLanguage\":\"pt-BR\",\"@id\":\"https:\\\/\\\/secure.gravatar.com\\\/avatar\\\/10fcdb93211f98cce3d64c0795b0915a9a4a21dc0f279238995a3dbfafcad090?s=96&d=mm&r=g\",\"url\":\"https:\\\/\\\/secure.gravatar.com\\\/avatar\\\/10fcdb93211f98cce3d64c0795b0915a9a4a21dc0f279238995a3dbfafcad090?s=96&d=mm&r=g\",\"contentUrl\":\"https:\\\/\\\/secure.gravatar.com\\\/avatar\\\/10fcdb93211f98cce3d64c0795b0915a9a4a21dc0f279238995a3dbfafcad090?s=96&d=mm&r=g\",\"caption\":\"Reda\u00e7\u00e3o JBN\"},\"sameAs\":[\"https:\\\/\\\/p31noticias.com.br\"],\"url\":\"https:\\\/\\\/www.p31noticias.com.br\\\/?author=18\"}]}<\/script>\n<!-- \/ Yoast SEO Premium plugin. -->","yoast_head_json":{"title":"Moro pediu indica\u00e7\u00e3o ao STF diz Bolsonaro - P31","robots":{"index":"index","follow":"follow","max-snippet":"max-snippet:-1","max-image-preview":"max-image-preview:large","max-video-preview":"max-video-preview:-1"},"canonical":"https:\/\/www.p31noticias.com.br\/?p=19446","og_locale":"pt_BR","og_type":"article","og_title":"Moro pediu indica\u00e7\u00e3o ao STF diz Bolsonaro","og_description":"O presidente Jair Bolsonaro afirmou nesta sexta-feira (24) que o ex-ministro da Justi\u00e7a e Seguran\u00e7a P\u00fablica, Sergio Moro, condicionou uma troca no comando da Pol\u00edcia Federal a uma indica\u00e7\u00e3o para o cargo de ministro do Supremo Tribunal Federal (STF). No segundo semestre, o decano da corte, ministro Celso de Mello, ser\u00e1 aposentado compulsoriamente por idade. [&hellip;]","og_url":"https:\/\/www.p31noticias.com.br\/?p=19446","og_site_name":"P31","article_published_time":"2020-04-24T21:01:49+00:00","og_image":[{"width":1920,"height":1080,"url":"https:\/\/www.p31noticias.com.br\/wp-content\/uploads\/2020\/04\/3642_8AE5EF62EAEF42DD.jpeg","type":"image\/jpeg"}],"author":"Reda\u00e7\u00e3o JBN","twitter_card":"summary_large_image","twitter_misc":{"Escrito por":"Reda\u00e7\u00e3o JBN","Est. tempo de leitura":"2 minutos"},"schema":{"@context":"https:\/\/schema.org","@graph":[{"@type":"Article","@id":"https:\/\/www.p31noticias.com.br\/?p=19446#article","isPartOf":{"@id":"https:\/\/www.p31noticias.com.br\/?p=19446"},"author":{"name":"Reda\u00e7\u00e3o JBN","@id":"https:\/\/www.p31noticias.com.br\/#\/schema\/person\/77d6b186c710ac38937c6ec204fdd387"},"headline":"Moro pediu indica\u00e7\u00e3o ao STF diz Bolsonaro","datePublished":"2020-04-24T21:01:49+00:00","mainEntityOfPage":{"@id":"https:\/\/www.p31noticias.com.br\/?p=19446"},"wordCount":461,"commentCount":0,"image":{"@id":"https:\/\/www.p31noticias.com.br\/?p=19446#primaryimage"},"thumbnailUrl":"https:\/\/www.p31noticias.com.br\/wp-content\/uploads\/2020\/04\/3642_8AE5EF62EAEF42DD.jpeg","articleSection":["Brasil","Pol\u00edtica"],"inLanguage":"pt-BR","potentialAction":[{"@type":"CommentAction","name":"Comment","target":["https:\/\/www.p31noticias.com.br\/?p=19446#respond"]}],"copyrightYear":"2020","copyrightHolder":{"@id":"https:\/\/www.p31noticias.com.br\/#organization"}},{"@type":"WebPage","@id":"https:\/\/www.p31noticias.com.br\/?p=19446","url":"https:\/\/www.p31noticias.com.br\/?p=19446","name":"Moro pediu indica\u00e7\u00e3o ao STF diz Bolsonaro - P31","isPartOf":{"@id":"https:\/\/www.p31noticias.com.br\/#website"},"primaryImageOfPage":{"@id":"https:\/\/www.p31noticias.com.br\/?p=19446#primaryimage"},"image":{"@id":"https:\/\/www.p31noticias.com.br\/?p=19446#primaryimage"},"thumbnailUrl":"https:\/\/www.p31noticias.com.br\/wp-content\/uploads\/2020\/04\/3642_8AE5EF62EAEF42DD.jpeg","datePublished":"2020-04-24T21:01:49+00:00","author":{"@id":"https:\/\/www.p31noticias.com.br\/#\/schema\/person\/77d6b186c710ac38937c6ec204fdd387"},"breadcrumb":{"@id":"https:\/\/www.p31noticias.com.br\/?p=19446#breadcrumb"},"inLanguage":"pt-BR","potentialAction":[{"@type":"ReadAction","target":["https:\/\/www.p31noticias.com.br\/?p=19446"]}]},{"@type":"ImageObject","inLanguage":"pt-BR","@id":"https:\/\/www.p31noticias.com.br\/?p=19446#primaryimage","url":"https:\/\/www.p31noticias.com.br\/wp-content\/uploads\/2020\/04\/3642_8AE5EF62EAEF42DD.jpeg","contentUrl":"https:\/\/www.p31noticias.com.br\/wp-content\/uploads\/2020\/04\/3642_8AE5EF62EAEF42DD.jpeg","width":1920,"height":1080},{"@type":"BreadcrumbList","@id":"https:\/\/www.p31noticias.com.br\/?p=19446#breadcrumb","itemListElement":[{"@type":"ListItem","position":1,"name":"In\u00edcio","item":"https:\/\/www.p31noticias.com.br\/"},{"@type":"ListItem","position":2,"name":"Moro pediu indica\u00e7\u00e3o ao STF diz Bolsonaro"}]},{"@type":"WebSite","@id":"https:\/\/www.p31noticias.com.br\/#website","url":"https:\/\/www.p31noticias.com.br\/","name":"P31","description":"NOT\u00cdCIAS","potentialAction":[{"@type":"SearchAction","target":{"@type":"EntryPoint","urlTemplate":"https:\/\/www.p31noticias.com.br\/?s={search_term_string}"},"query-input":{"@type":"PropertyValueSpecification","valueRequired":true,"valueName":"search_term_string"}}],"inLanguage":"pt-BR"},{"@type":"Person","@id":"https:\/\/www.p31noticias.com.br\/#\/schema\/person\/77d6b186c710ac38937c6ec204fdd387","name":"Reda\u00e7\u00e3o JBN","image":{"@type":"ImageObject","inLanguage":"pt-BR","@id":"https:\/\/secure.gravatar.com\/avatar\/10fcdb93211f98cce3d64c0795b0915a9a4a21dc0f279238995a3dbfafcad090?s=96&d=mm&r=g","url":"https:\/\/secure.gravatar.com\/avatar\/10fcdb93211f98cce3d64c0795b0915a9a4a21dc0f279238995a3dbfafcad090?s=96&d=mm&r=g","contentUrl":"https:\/\/secure.gravatar.com\/avatar\/10fcdb93211f98cce3d64c0795b0915a9a4a21dc0f279238995a3dbfafcad090?s=96&d=mm&r=g","caption":"Reda\u00e7\u00e3o JBN"},"sameAs":["https:\/\/p31noticias.com.br"],"url":"https:\/\/www.p31noticias.com.br\/?author=18"}]}},"amp_enabled":true,"_links":{"self":[{"href":"https:\/\/www.p31noticias.com.br\/index.php?rest_route=\/wp\/v2\/posts\/19446","targetHints":{"allow":["GET"]}}],"collection":[{"href":"https:\/\/www.p31noticias.com.br\/index.php?rest_route=\/wp\/v2\/posts"}],"about":[{"href":"https:\/\/www.p31noticias.com.br\/index.php?rest_route=\/wp\/v2\/types\/post"}],"author":[{"embeddable":true,"href":"https:\/\/www.p31noticias.com.br\/index.php?rest_route=\/wp\/v2\/users\/18"}],"replies":[{"embeddable":true,"href":"https:\/\/www.p31noticias.com.br\/index.php?rest_route=%2Fwp%2Fv2%2Fcomments&post=19446"}],"version-history":[{"count":0,"href":"https:\/\/www.p31noticias.com.br\/index.php?rest_route=\/wp\/v2\/posts\/19446\/revisions"}],"wp:featuredmedia":[{"embeddable":true,"href":"https:\/\/www.p31noticias.com.br\/index.php?rest_route=\/wp\/v2\/media\/19447"}],"wp:attachment":[{"href":"https:\/\/www.p31noticias.com.br\/index.php?rest_route=%2Fwp%2Fv2%2Fmedia&parent=19446"}],"wp:term":[{"taxonomy":"category","embeddable":true,"href":"https:\/\/www.p31noticias.com.br\/index.php?rest_route=%2Fwp%2Fv2%2Fcategories&post=19446"},{"taxonomy":"post_tag","embeddable":true,"href":"https:\/\/www.p31noticias.com.br\/index.php?rest_route=%2Fwp%2Fv2%2Ftags&post=19446"}],"curies":[{"name":"wp","href":"https:\/\/api.w.org\/{rel}","templated":true}]}}