{"id":19430,"date":"2020-04-23T19:17:40","date_gmt":"2020-04-23T22:17:40","guid":{"rendered":"https:\/\/www.delioandrade.com.br\/?p=19430"},"modified":"2020-04-23T19:17:40","modified_gmt":"2020-04-23T22:17:40","slug":"moro-ameaca-sair-se-bolsonaro-trocar-diretor-da-pf","status":"publish","type":"post","link":"https:\/\/www.p31noticias.com.br\/?p=19430","title":{"rendered":"Moro amea\u00e7a sair se Bolsonaro trocar diretor da PF"},"content":{"rendered":"<p>Eles possuem liga\u00e7\u00f5es desde \u00e0 \u00e9poca da Opera\u00e7\u00e3o Lava-Jato, quando Valeixo era super intendente da PF no\u00a0<strong>Paran\u00e1<\/strong>.<\/p>\n<p>Uma troca do diretor-geral da PF, por algu\u00e9m aliado de Bolsonaro \u00e9 visto como uma tentativa de controle sobre atua\u00e7\u00e3o da pol\u00edcia.<\/p>\n<figure id=\"attachment_4115\" class=\"wp-caption alignnone\" aria-describedby=\"caption-attachment-4115\"><img loading=\"lazy\" decoding=\"async\" class=\"size-medium wp-image-4115 td-animation-stack-type0-2\" src=\"https:\/\/planaltonews.com.br\/wp-content\/uploads\/2020\/04\/brasil-policia-federal-operacao-carne-fraca-20180305-007-300x200.jpg\" sizes=\"auto, (max-width: 300px) 100vw, 300px\" srcset=\"https:\/\/planaltonews.com.br\/wp-content\/uploads\/2020\/04\/brasil-policia-federal-operacao-carne-fraca-20180305-007-300x200.jpg 300w, https:\/\/planaltonews.com.br\/wp-content\/uploads\/2020\/04\/brasil-policia-federal-operacao-carne-fraca-20180305-007-1024x683.jpg 1024w, https:\/\/planaltonews.com.br\/wp-content\/uploads\/2020\/04\/brasil-policia-federal-operacao-carne-fraca-20180305-007-768x512.jpg 768w, https:\/\/planaltonews.com.br\/wp-content\/uploads\/2020\/04\/brasil-policia-federal-operacao-carne-fraca-20180305-007-696x464.jpg 696w, https:\/\/planaltonews.com.br\/wp-content\/uploads\/2020\/04\/brasil-policia-federal-operacao-carne-fraca-20180305-007-1068x712.jpg 1068w, https:\/\/planaltonews.com.br\/wp-content\/uploads\/2020\/04\/brasil-policia-federal-operacao-carne-fraca-20180305-007-630x420.jpg 630w, https:\/\/planaltonews.com.br\/wp-content\/uploads\/2020\/04\/brasil-policia-federal-operacao-carne-fraca-20180305-007.jpg 1500w\" alt=\"\" width=\"300\" height=\"200\" \/><figcaption id=\"caption-attachment-4115\" class=\"wp-caption-text\">Maur\u00edcio Valeixo \u2013 Diretor-Geral da Pol\u00edcia Federal<\/figcaption><\/figure>\n","protected":false},"excerpt":{"rendered":"<p>Eles possuem liga\u00e7\u00f5es desde \u00e0 \u00e9poca da Opera\u00e7\u00e3o Lava-Jato, quando Valeixo era super intendente da PF no\u00a0Paran\u00e1. Uma troca do diretor-geral da PF, por algu\u00e9m aliado de Bolsonaro \u00e9 visto como uma tentativa de controle sobre atua\u00e7\u00e3o da pol\u00edcia. Maur\u00edcio Valeixo \u2013 Diretor-Geral da Pol\u00edcia Federal<\/p>\n","protected":false},"author":18,"featured_media":19431,"comment_status":"open","ping_status":"open","sticky":false,"template":"","format":"standard","meta":{"footnotes":""},"categories":[57],"tags":[],"class_list":{"0":"post-19430","1":"post","2":"type-post","3":"status-publish","4":"format-standard","5":"has-post-thumbnail","7":"category-politica"},"yoast_head":"<!-- This site is optimized with the Yoast SEO Premium plugin v24.5 (Yoast SEO v27.5) - https:\/\/yoast.com\/product\/yoast-seo-premium-wordpress\/ -->\n<title>Moro amea\u00e7a sair se Bolsonaro trocar diretor da PF - P31<\/title>\n<meta name=\"robots\" content=\"index, follow, max-snippet:-1, max-image-preview:large, max-video-preview:-1\" \/>\n<link rel=\"canonical\" href=\"https:\/\/www.p31noticias.com.br\/?p=19430\" \/>\n<meta property=\"og:locale\" content=\"pt_BR\" \/>\n<meta property=\"og:type\" content=\"article\" \/>\n<meta property=\"og:title\" content=\"Moro amea\u00e7a sair se Bolsonaro trocar diretor da PF\" \/>\n<meta property=\"og:description\" content=\"Eles possuem liga\u00e7\u00f5es desde \u00e0 \u00e9poca da Opera\u00e7\u00e3o Lava-Jato, quando Valeixo era super intendente da PF no\u00a0Paran\u00e1. Uma troca do diretor-geral da PF, por algu\u00e9m aliado de Bolsonaro \u00e9 visto como uma tentativa de controle sobre atua\u00e7\u00e3o da pol\u00edcia. Maur\u00edcio Valeixo \u2013 Diretor-Geral da Pol\u00edcia Federal\" \/>\n<meta property=\"og:url\" content=\"https:\/\/www.p31noticias.com.br\/?p=19430\" \/>\n<meta property=\"og:site_name\" content=\"P31\" \/>\n<meta property=\"article:published_time\" content=\"2020-04-23T22:17:40+00:00\" \/>\n<meta property=\"og:image\" content=\"https:\/\/www.p31noticias.com.br\/wp-content\/uploads\/2020\/04\/bolso-e-moro-696x464-1.jpg\" \/>\n\t<meta property=\"og:image:width\" content=\"696\" \/>\n\t<meta property=\"og:image:height\" content=\"464\" \/>\n\t<meta property=\"og:image:type\" content=\"image\/jpeg\" \/>\n<meta name=\"author\" content=\"Reda\u00e7\u00e3o JBN\" \/>\n<meta name=\"twitter:card\" content=\"summary_large_image\" \/>\n<meta name=\"twitter:label1\" content=\"Escrito por\" \/>\n\t<meta name=\"twitter:data1\" content=\"Reda\u00e7\u00e3o JBN\" \/>\n<script type=\"application\/ld+json\" class=\"yoast-schema-graph\">{\"@context\":\"https:\\\/\\\/schema.org\",\"@graph\":[{\"@type\":\"Article\",\"@id\":\"https:\\\/\\\/www.p31noticias.com.br\\\/?p=19430#article\",\"isPartOf\":{\"@id\":\"https:\\\/\\\/www.p31noticias.com.br\\\/?p=19430\"},\"author\":{\"name\":\"Reda\u00e7\u00e3o JBN\",\"@id\":\"https:\\\/\\\/www.p31noticias.com.br\\\/#\\\/schema\\\/person\\\/77d6b186c710ac38937c6ec204fdd387\"},\"headline\":\"Moro amea\u00e7a sair se Bolsonaro trocar diretor da PF\",\"datePublished\":\"2020-04-23T22:17:40+00:00\",\"mainEntityOfPage\":{\"@id\":\"https:\\\/\\\/www.p31noticias.com.br\\\/?p=19430\"},\"wordCount\":61,\"commentCount\":0,\"image\":{\"@id\":\"https:\\\/\\\/www.p31noticias.com.br\\\/?p=19430#primaryimage\"},\"thumbnailUrl\":\"https:\\\/\\\/www.p31noticias.com.br\\\/wp-content\\\/uploads\\\/2020\\\/04\\\/bolso-e-moro-696x464-1.jpg\",\"articleSection\":[\"Pol\u00edtica\"],\"inLanguage\":\"pt-BR\",\"potentialAction\":[{\"@type\":\"CommentAction\",\"name\":\"Comment\",\"target\":[\"https:\\\/\\\/www.p31noticias.com.br\\\/?p=19430#respond\"]}],\"copyrightYear\":\"2020\",\"copyrightHolder\":{\"@id\":\"https:\\\/\\\/www.p31noticias.com.br\\\/#organization\"}},{\"@type\":\"WebPage\",\"@id\":\"https:\\\/\\\/www.p31noticias.com.br\\\/?p=19430\",\"url\":\"https:\\\/\\\/www.p31noticias.com.br\\\/?p=19430\",\"name\":\"Moro amea\u00e7a sair se Bolsonaro trocar diretor da PF - P31\",\"isPartOf\":{\"@id\":\"https:\\\/\\\/www.p31noticias.com.br\\\/#website\"},\"primaryImageOfPage\":{\"@id\":\"https:\\\/\\\/www.p31noticias.com.br\\\/?p=19430#primaryimage\"},\"image\":{\"@id\":\"https:\\\/\\\/www.p31noticias.com.br\\\/?p=19430#primaryimage\"},\"thumbnailUrl\":\"https:\\\/\\\/www.p31noticias.com.br\\\/wp-content\\\/uploads\\\/2020\\\/04\\\/bolso-e-moro-696x464-1.jpg\",\"datePublished\":\"2020-04-23T22:17:40+00:00\",\"author\":{\"@id\":\"https:\\\/\\\/www.p31noticias.com.br\\\/#\\\/schema\\\/person\\\/77d6b186c710ac38937c6ec204fdd387\"},\"breadcrumb\":{\"@id\":\"https:\\\/\\\/www.p31noticias.com.br\\\/?p=19430#breadcrumb\"},\"inLanguage\":\"pt-BR\",\"potentialAction\":[{\"@type\":\"ReadAction\",\"target\":[\"https:\\\/\\\/www.p31noticias.com.br\\\/?p=19430\"]}]},{\"@type\":\"ImageObject\",\"inLanguage\":\"pt-BR\",\"@id\":\"https:\\\/\\\/www.p31noticias.com.br\\\/?p=19430#primaryimage\",\"url\":\"https:\\\/\\\/www.p31noticias.com.br\\\/wp-content\\\/uploads\\\/2020\\\/04\\\/bolso-e-moro-696x464-1.jpg\",\"contentUrl\":\"https:\\\/\\\/www.p31noticias.com.br\\\/wp-content\\\/uploads\\\/2020\\\/04\\\/bolso-e-moro-696x464-1.jpg\",\"width\":696,\"height\":464},{\"@type\":\"BreadcrumbList\",\"@id\":\"https:\\\/\\\/www.p31noticias.com.br\\\/?p=19430#breadcrumb\",\"itemListElement\":[{\"@type\":\"ListItem\",\"position\":1,\"name\":\"In\u00edcio\",\"item\":\"https:\\\/\\\/www.p31noticias.com.br\\\/\"},{\"@type\":\"ListItem\",\"position\":2,\"name\":\"Moro amea\u00e7a sair se Bolsonaro trocar diretor da PF\"}]},{\"@type\":\"WebSite\",\"@id\":\"https:\\\/\\\/www.p31noticias.com.br\\\/#website\",\"url\":\"https:\\\/\\\/www.p31noticias.com.br\\\/\",\"name\":\"P31\",\"description\":\"NOT\u00cdCIAS\",\"potentialAction\":[{\"@type\":\"SearchAction\",\"target\":{\"@type\":\"EntryPoint\",\"urlTemplate\":\"https:\\\/\\\/www.p31noticias.com.br\\\/?s={search_term_string}\"},\"query-input\":{\"@type\":\"PropertyValueSpecification\",\"valueRequired\":true,\"valueName\":\"search_term_string\"}}],\"inLanguage\":\"pt-BR\"},{\"@type\":\"Person\",\"@id\":\"https:\\\/\\\/www.p31noticias.com.br\\\/#\\\/schema\\\/person\\\/77d6b186c710ac38937c6ec204fdd387\",\"name\":\"Reda\u00e7\u00e3o JBN\",\"image\":{\"@type\":\"ImageObject\",\"inLanguage\":\"pt-BR\",\"@id\":\"https:\\\/\\\/secure.gravatar.com\\\/avatar\\\/10fcdb93211f98cce3d64c0795b0915a9a4a21dc0f279238995a3dbfafcad090?s=96&d=mm&r=g\",\"url\":\"https:\\\/\\\/secure.gravatar.com\\\/avatar\\\/10fcdb93211f98cce3d64c0795b0915a9a4a21dc0f279238995a3dbfafcad090?s=96&d=mm&r=g\",\"contentUrl\":\"https:\\\/\\\/secure.gravatar.com\\\/avatar\\\/10fcdb93211f98cce3d64c0795b0915a9a4a21dc0f279238995a3dbfafcad090?s=96&d=mm&r=g\",\"caption\":\"Reda\u00e7\u00e3o JBN\"},\"sameAs\":[\"https:\\\/\\\/p31noticias.com.br\"],\"url\":\"https:\\\/\\\/www.p31noticias.com.br\\\/?author=18\"}]}<\/script>\n<!-- \/ Yoast SEO Premium plugin. -->","yoast_head_json":{"title":"Moro amea\u00e7a sair se Bolsonaro trocar diretor da PF - P31","robots":{"index":"index","follow":"follow","max-snippet":"max-snippet:-1","max-image-preview":"max-image-preview:large","max-video-preview":"max-video-preview:-1"},"canonical":"https:\/\/www.p31noticias.com.br\/?p=19430","og_locale":"pt_BR","og_type":"article","og_title":"Moro amea\u00e7a sair se Bolsonaro trocar diretor da PF","og_description":"Eles possuem liga\u00e7\u00f5es desde \u00e0 \u00e9poca da Opera\u00e7\u00e3o Lava-Jato, quando Valeixo era super intendente da PF no\u00a0Paran\u00e1. Uma troca do diretor-geral da PF, por algu\u00e9m aliado de Bolsonaro \u00e9 visto como uma tentativa de controle sobre atua\u00e7\u00e3o da pol\u00edcia. Maur\u00edcio Valeixo \u2013 Diretor-Geral da Pol\u00edcia Federal","og_url":"https:\/\/www.p31noticias.com.br\/?p=19430","og_site_name":"P31","article_published_time":"2020-04-23T22:17:40+00:00","og_image":[{"width":696,"height":464,"url":"https:\/\/www.p31noticias.com.br\/wp-content\/uploads\/2020\/04\/bolso-e-moro-696x464-1.jpg","type":"image\/jpeg"}],"author":"Reda\u00e7\u00e3o JBN","twitter_card":"summary_large_image","twitter_misc":{"Escrito por":"Reda\u00e7\u00e3o JBN"},"schema":{"@context":"https:\/\/schema.org","@graph":[{"@type":"Article","@id":"https:\/\/www.p31noticias.com.br\/?p=19430#article","isPartOf":{"@id":"https:\/\/www.p31noticias.com.br\/?p=19430"},"author":{"name":"Reda\u00e7\u00e3o JBN","@id":"https:\/\/www.p31noticias.com.br\/#\/schema\/person\/77d6b186c710ac38937c6ec204fdd387"},"headline":"Moro amea\u00e7a sair se Bolsonaro trocar diretor da PF","datePublished":"2020-04-23T22:17:40+00:00","mainEntityOfPage":{"@id":"https:\/\/www.p31noticias.com.br\/?p=19430"},"wordCount":61,"commentCount":0,"image":{"@id":"https:\/\/www.p31noticias.com.br\/?p=19430#primaryimage"},"thumbnailUrl":"https:\/\/www.p31noticias.com.br\/wp-content\/uploads\/2020\/04\/bolso-e-moro-696x464-1.jpg","articleSection":["Pol\u00edtica"],"inLanguage":"pt-BR","potentialAction":[{"@type":"CommentAction","name":"Comment","target":["https:\/\/www.p31noticias.com.br\/?p=19430#respond"]}],"copyrightYear":"2020","copyrightHolder":{"@id":"https:\/\/www.p31noticias.com.br\/#organization"}},{"@type":"WebPage","@id":"https:\/\/www.p31noticias.com.br\/?p=19430","url":"https:\/\/www.p31noticias.com.br\/?p=19430","name":"Moro amea\u00e7a sair se Bolsonaro trocar diretor da PF - P31","isPartOf":{"@id":"https:\/\/www.p31noticias.com.br\/#website"},"primaryImageOfPage":{"@id":"https:\/\/www.p31noticias.com.br\/?p=19430#primaryimage"},"image":{"@id":"https:\/\/www.p31noticias.com.br\/?p=19430#primaryimage"},"thumbnailUrl":"https:\/\/www.p31noticias.com.br\/wp-content\/uploads\/2020\/04\/bolso-e-moro-696x464-1.jpg","datePublished":"2020-04-23T22:17:40+00:00","author":{"@id":"https:\/\/www.p31noticias.com.br\/#\/schema\/person\/77d6b186c710ac38937c6ec204fdd387"},"breadcrumb":{"@id":"https:\/\/www.p31noticias.com.br\/?p=19430#breadcrumb"},"inLanguage":"pt-BR","potentialAction":[{"@type":"ReadAction","target":["https:\/\/www.p31noticias.com.br\/?p=19430"]}]},{"@type":"ImageObject","inLanguage":"pt-BR","@id":"https:\/\/www.p31noticias.com.br\/?p=19430#primaryimage","url":"https:\/\/www.p31noticias.com.br\/wp-content\/uploads\/2020\/04\/bolso-e-moro-696x464-1.jpg","contentUrl":"https:\/\/www.p31noticias.com.br\/wp-content\/uploads\/2020\/04\/bolso-e-moro-696x464-1.jpg","width":696,"height":464},{"@type":"BreadcrumbList","@id":"https:\/\/www.p31noticias.com.br\/?p=19430#breadcrumb","itemListElement":[{"@type":"ListItem","position":1,"name":"In\u00edcio","item":"https:\/\/www.p31noticias.com.br\/"},{"@type":"ListItem","position":2,"name":"Moro amea\u00e7a sair se Bolsonaro trocar diretor da PF"}]},{"@type":"WebSite","@id":"https:\/\/www.p31noticias.com.br\/#website","url":"https:\/\/www.p31noticias.com.br\/","name":"P31","description":"NOT\u00cdCIAS","potentialAction":[{"@type":"SearchAction","target":{"@type":"EntryPoint","urlTemplate":"https:\/\/www.p31noticias.com.br\/?s={search_term_string}"},"query-input":{"@type":"PropertyValueSpecification","valueRequired":true,"valueName":"search_term_string"}}],"inLanguage":"pt-BR"},{"@type":"Person","@id":"https:\/\/www.p31noticias.com.br\/#\/schema\/person\/77d6b186c710ac38937c6ec204fdd387","name":"Reda\u00e7\u00e3o JBN","image":{"@type":"ImageObject","inLanguage":"pt-BR","@id":"https:\/\/secure.gravatar.com\/avatar\/10fcdb93211f98cce3d64c0795b0915a9a4a21dc0f279238995a3dbfafcad090?s=96&d=mm&r=g","url":"https:\/\/secure.gravatar.com\/avatar\/10fcdb93211f98cce3d64c0795b0915a9a4a21dc0f279238995a3dbfafcad090?s=96&d=mm&r=g","contentUrl":"https:\/\/secure.gravatar.com\/avatar\/10fcdb93211f98cce3d64c0795b0915a9a4a21dc0f279238995a3dbfafcad090?s=96&d=mm&r=g","caption":"Reda\u00e7\u00e3o JBN"},"sameAs":["https:\/\/p31noticias.com.br"],"url":"https:\/\/www.p31noticias.com.br\/?author=18"}]}},"amp_enabled":true,"_links":{"self":[{"href":"https:\/\/www.p31noticias.com.br\/index.php?rest_route=\/wp\/v2\/posts\/19430","targetHints":{"allow":["GET"]}}],"collection":[{"href":"https:\/\/www.p31noticias.com.br\/index.php?rest_route=\/wp\/v2\/posts"}],"about":[{"href":"https:\/\/www.p31noticias.com.br\/index.php?rest_route=\/wp\/v2\/types\/post"}],"author":[{"embeddable":true,"href":"https:\/\/www.p31noticias.com.br\/index.php?rest_route=\/wp\/v2\/users\/18"}],"replies":[{"embeddable":true,"href":"https:\/\/www.p31noticias.com.br\/index.php?rest_route=%2Fwp%2Fv2%2Fcomments&post=19430"}],"version-history":[{"count":0,"href":"https:\/\/www.p31noticias.com.br\/index.php?rest_route=\/wp\/v2\/posts\/19430\/revisions"}],"wp:featuredmedia":[{"embeddable":true,"href":"https:\/\/www.p31noticias.com.br\/index.php?rest_route=\/wp\/v2\/media\/19431"}],"wp:attachment":[{"href":"https:\/\/www.p31noticias.com.br\/index.php?rest_route=%2Fwp%2Fv2%2Fmedia&parent=19430"}],"wp:term":[{"taxonomy":"category","embeddable":true,"href":"https:\/\/www.p31noticias.com.br\/index.php?rest_route=%2Fwp%2Fv2%2Fcategories&post=19430"},{"taxonomy":"post_tag","embeddable":true,"href":"https:\/\/www.p31noticias.com.br\/index.php?rest_route=%2Fwp%2Fv2%2Ftags&post=19430"}],"curies":[{"name":"wp","href":"https:\/\/api.w.org\/{rel}","templated":true}]}}