{"id":19414,"date":"2020-04-20T20:44:57","date_gmt":"2020-04-20T23:44:57","guid":{"rendered":"https:\/\/www.delioandrade.com.br\/?p=19414"},"modified":"2020-04-20T20:44:57","modified_gmt":"2020-04-20T23:44:57","slug":"bolsonaristas-do-psl-do-rio-entram-com-queixa-crime-contra-wilson-witzel","status":"publish","type":"post","link":"https:\/\/www.p31noticias.com.br\/?p=19414","title":{"rendered":"Bolsonaristas do PSL do Rio entram com queixa-crime contra Wilson Witzel"},"content":{"rendered":"<p>Representando a bancada do PSL ligada ao presidente Jair Bolsonaro na Alerj (Assembleia Legislativa do Rio), o deputado estadual Anderson Moraes (PSL-RJ) entrega nesta 5\u00aa feira (20.fev.2020), em Bras\u00edlia, uma queixa-crime no MPF (Minist\u00e9rio P\u00fablico Federal) e no MJSP (Minist\u00e9rio da Justi\u00e7a e Seguran\u00e7a P\u00fablica) contra o governador daquele estado, Wilson Witzel (PSC). Eis a\u00a0\u00edntegra\u00a0do pedido.<\/p>\n<p>Ao todo, 7 congressistas assinam o documento. S\u00e3o eles:<\/p>\n<ul>\n<li>Dr. Serginho;<\/li>\n<li>Coronel Salema;<\/li>\n<li>M\u00e1rcio Gualberto;<\/li>\n<li>Filippe Poubel;<\/li>\n<li>Alana Passos;<\/li>\n<li>Renato Zaca;<\/li>\n<li>Anderson Moraes<\/li>\n<\/ul>\n","protected":false},"excerpt":{"rendered":"<p>Representando a bancada do PSL ligada ao presidente Jair Bolsonaro na Alerj (Assembleia Legislativa do Rio), o deputado estadual Anderson Moraes (PSL-RJ) entrega nesta 5\u00aa feira (20.fev.2020), em Bras\u00edlia, uma queixa-crime no MPF (Minist\u00e9rio P\u00fablico Federal) e no MJSP (Minist\u00e9rio da Justi\u00e7a e Seguran\u00e7a P\u00fablica) contra o governador daquele estado, Wilson Witzel (PSC). Eis a\u00a0\u00edntegra\u00a0do [&hellip;]<\/p>\n","protected":false},"author":18,"featured_media":19415,"comment_status":"open","ping_status":"open","sticky":false,"template":"","format":"standard","meta":{"footnotes":""},"categories":[68],"tags":[],"class_list":{"0":"post-19414","1":"post","2":"type-post","3":"status-publish","4":"format-standard","5":"has-post-thumbnail","7":"category-brasil"},"yoast_head":"<!-- This site is optimized with the Yoast SEO Premium plugin v24.5 (Yoast SEO v27.5) - https:\/\/yoast.com\/product\/yoast-seo-premium-wordpress\/ -->\n<title>Bolsonaristas do PSL do Rio entram com queixa-crime contra Wilson Witzel - P31<\/title>\n<meta name=\"description\" content=\"Representando a bancada do PSL ligada ao presidente Jair Bolsonaro na Alerj (Assembleia Legislativa do Rio), o deputado estadual Anderson Moraes (PSL-RJ) entrega nesta 5\u00aa feira (20.fev.2020), em Bras\u00edlia, uma queixa-crime no MPF (Minist\u00e9rio P\u00fablico Federal) e no MJSP (Minist\u00e9rio da Justi\u00e7a e Seguran\u00e7a P\u00fablica) contra o governador daquele estado, Wilson Witzel (PSC). Eis a\u00a0\u00edntegra\u00a0do pedido.\" \/>\n<meta name=\"robots\" content=\"index, follow, max-snippet:-1, max-image-preview:large, max-video-preview:-1\" \/>\n<link rel=\"canonical\" href=\"https:\/\/www.p31noticias.com.br\/?p=19414\" \/>\n<meta property=\"og:locale\" content=\"pt_BR\" \/>\n<meta property=\"og:type\" content=\"article\" \/>\n<meta property=\"og:title\" content=\"Bolsonaristas do PSL do Rio entram com queixa-crime contra Wilson Witzel\" \/>\n<meta property=\"og:description\" content=\"Representando a bancada do PSL ligada ao presidente Jair Bolsonaro na Alerj (Assembleia Legislativa do Rio), o deputado estadual Anderson Moraes (PSL-RJ) entrega nesta 5\u00aa feira (20.fev.2020), em Bras\u00edlia, uma queixa-crime no MPF (Minist\u00e9rio P\u00fablico Federal) e no MJSP (Minist\u00e9rio da Justi\u00e7a e Seguran\u00e7a P\u00fablica) contra o governador daquele estado, Wilson Witzel (PSC). Eis a\u00a0\u00edntegra\u00a0do pedido.\" \/>\n<meta property=\"og:url\" content=\"https:\/\/www.p31noticias.com.br\/?p=19414\" \/>\n<meta property=\"og:site_name\" content=\"P31\" \/>\n<meta property=\"article:published_time\" content=\"2020-04-20T23:44:57+00:00\" \/>\n<meta property=\"og:image\" content=\"https:\/\/www.p31noticias.com.br\/wp-content\/uploads\/2020\/04\/wilson.witzel.29.jun_.2019.sergio.lima_-868x644-1.jpg\" \/>\n\t<meta property=\"og:image:width\" content=\"868\" \/>\n\t<meta property=\"og:image:height\" content=\"644\" \/>\n\t<meta property=\"og:image:type\" content=\"image\/jpeg\" \/>\n<meta name=\"author\" content=\"Reda\u00e7\u00e3o JBN\" \/>\n<meta name=\"twitter:card\" content=\"summary_large_image\" \/>\n<meta name=\"twitter:label1\" content=\"Escrito por\" \/>\n\t<meta name=\"twitter:data1\" content=\"Reda\u00e7\u00e3o JBN\" \/>\n<script type=\"application\/ld+json\" class=\"yoast-schema-graph\">{\"@context\":\"https:\\\/\\\/schema.org\",\"@graph\":[{\"@type\":\"Article\",\"@id\":\"https:\\\/\\\/www.p31noticias.com.br\\\/?p=19414#article\",\"isPartOf\":{\"@id\":\"https:\\\/\\\/www.p31noticias.com.br\\\/?p=19414\"},\"author\":{\"name\":\"Reda\u00e7\u00e3o JBN\",\"@id\":\"https:\\\/\\\/www.p31noticias.com.br\\\/#\\\/schema\\\/person\\\/77d6b186c710ac38937c6ec204fdd387\"},\"headline\":\"Bolsonaristas do PSL do Rio entram com queixa-crime contra Wilson Witzel\",\"datePublished\":\"2020-04-20T23:44:57+00:00\",\"mainEntityOfPage\":{\"@id\":\"https:\\\/\\\/www.p31noticias.com.br\\\/?p=19414\"},\"wordCount\":99,\"commentCount\":0,\"image\":{\"@id\":\"https:\\\/\\\/www.p31noticias.com.br\\\/?p=19414#primaryimage\"},\"thumbnailUrl\":\"https:\\\/\\\/www.p31noticias.com.br\\\/wp-content\\\/uploads\\\/2020\\\/04\\\/wilson.witzel.29.jun_.2019.sergio.lima_-868x644-1.jpg\",\"articleSection\":[\"Brasil\"],\"inLanguage\":\"pt-BR\",\"potentialAction\":[{\"@type\":\"CommentAction\",\"name\":\"Comment\",\"target\":[\"https:\\\/\\\/www.p31noticias.com.br\\\/?p=19414#respond\"]}],\"copyrightYear\":\"2020\",\"copyrightHolder\":{\"@id\":\"https:\\\/\\\/www.p31noticias.com.br\\\/#organization\"}},{\"@type\":\"WebPage\",\"@id\":\"https:\\\/\\\/www.p31noticias.com.br\\\/?p=19414\",\"url\":\"https:\\\/\\\/www.p31noticias.com.br\\\/?p=19414\",\"name\":\"Bolsonaristas do PSL do Rio entram com queixa-crime contra Wilson Witzel - P31\",\"isPartOf\":{\"@id\":\"https:\\\/\\\/www.p31noticias.com.br\\\/#website\"},\"primaryImageOfPage\":{\"@id\":\"https:\\\/\\\/www.p31noticias.com.br\\\/?p=19414#primaryimage\"},\"image\":{\"@id\":\"https:\\\/\\\/www.p31noticias.com.br\\\/?p=19414#primaryimage\"},\"thumbnailUrl\":\"https:\\\/\\\/www.p31noticias.com.br\\\/wp-content\\\/uploads\\\/2020\\\/04\\\/wilson.witzel.29.jun_.2019.sergio.lima_-868x644-1.jpg\",\"datePublished\":\"2020-04-20T23:44:57+00:00\",\"author\":{\"@id\":\"https:\\\/\\\/www.p31noticias.com.br\\\/#\\\/schema\\\/person\\\/77d6b186c710ac38937c6ec204fdd387\"},\"description\":\"Representando a bancada do PSL ligada ao presidente Jair Bolsonaro na Alerj (Assembleia Legislativa do Rio), o deputado estadual Anderson Moraes (PSL-RJ) entrega nesta 5\u00aa feira (20.fev.2020), em Bras\u00edlia, uma queixa-crime no MPF (Minist\u00e9rio P\u00fablico Federal) e no MJSP (Minist\u00e9rio da Justi\u00e7a e Seguran\u00e7a P\u00fablica) contra o governador daquele estado, Wilson Witzel (PSC). Eis a\u00a0\u00edntegra\u00a0do pedido.\",\"breadcrumb\":{\"@id\":\"https:\\\/\\\/www.p31noticias.com.br\\\/?p=19414#breadcrumb\"},\"inLanguage\":\"pt-BR\",\"potentialAction\":[{\"@type\":\"ReadAction\",\"target\":[\"https:\\\/\\\/www.p31noticias.com.br\\\/?p=19414\"]}]},{\"@type\":\"ImageObject\",\"inLanguage\":\"pt-BR\",\"@id\":\"https:\\\/\\\/www.p31noticias.com.br\\\/?p=19414#primaryimage\",\"url\":\"https:\\\/\\\/www.p31noticias.com.br\\\/wp-content\\\/uploads\\\/2020\\\/04\\\/wilson.witzel.29.jun_.2019.sergio.lima_-868x644-1.jpg\",\"contentUrl\":\"https:\\\/\\\/www.p31noticias.com.br\\\/wp-content\\\/uploads\\\/2020\\\/04\\\/wilson.witzel.29.jun_.2019.sergio.lima_-868x644-1.jpg\",\"width\":868,\"height\":644,\"caption\":\"O presidente Jair Bolsonaro afirmou nesta segunda-feira (24) que h\u00e1 \\\"99% de chance\\\" de o Grande Pr\u00eamio de F\u00f3rmula 1 do Brasil ser sediado no Rio de Janeiro a partir de 2021. Bolsonaro deu a declara\u00e7\u00e3o em uma entrevista coletiva no Pal\u00e1cio do Planalto ap\u00f3s ter se reunido com o governador do Rio, Wilson Witzel, e com o executivo da F\u00f3rmula 1, Chase Carey.Foto: S\u00e9rgio Lima\\\/PODER 360\"},{\"@type\":\"BreadcrumbList\",\"@id\":\"https:\\\/\\\/www.p31noticias.com.br\\\/?p=19414#breadcrumb\",\"itemListElement\":[{\"@type\":\"ListItem\",\"position\":1,\"name\":\"In\u00edcio\",\"item\":\"https:\\\/\\\/www.p31noticias.com.br\\\/\"},{\"@type\":\"ListItem\",\"position\":2,\"name\":\"Bolsonaristas do PSL do Rio entram com queixa-crime contra Wilson Witzel\"}]},{\"@type\":\"WebSite\",\"@id\":\"https:\\\/\\\/www.p31noticias.com.br\\\/#website\",\"url\":\"https:\\\/\\\/www.p31noticias.com.br\\\/\",\"name\":\"P31\",\"description\":\"NOT\u00cdCIAS\",\"potentialAction\":[{\"@type\":\"SearchAction\",\"target\":{\"@type\":\"EntryPoint\",\"urlTemplate\":\"https:\\\/\\\/www.p31noticias.com.br\\\/?s={search_term_string}\"},\"query-input\":{\"@type\":\"PropertyValueSpecification\",\"valueRequired\":true,\"valueName\":\"search_term_string\"}}],\"inLanguage\":\"pt-BR\"},{\"@type\":\"Person\",\"@id\":\"https:\\\/\\\/www.p31noticias.com.br\\\/#\\\/schema\\\/person\\\/77d6b186c710ac38937c6ec204fdd387\",\"name\":\"Reda\u00e7\u00e3o JBN\",\"image\":{\"@type\":\"ImageObject\",\"inLanguage\":\"pt-BR\",\"@id\":\"https:\\\/\\\/secure.gravatar.com\\\/avatar\\\/10fcdb93211f98cce3d64c0795b0915a9a4a21dc0f279238995a3dbfafcad090?s=96&d=mm&r=g\",\"url\":\"https:\\\/\\\/secure.gravatar.com\\\/avatar\\\/10fcdb93211f98cce3d64c0795b0915a9a4a21dc0f279238995a3dbfafcad090?s=96&d=mm&r=g\",\"contentUrl\":\"https:\\\/\\\/secure.gravatar.com\\\/avatar\\\/10fcdb93211f98cce3d64c0795b0915a9a4a21dc0f279238995a3dbfafcad090?s=96&d=mm&r=g\",\"caption\":\"Reda\u00e7\u00e3o JBN\"},\"sameAs\":[\"https:\\\/\\\/p31noticias.com.br\"],\"url\":\"https:\\\/\\\/www.p31noticias.com.br\\\/?author=18\"}]}<\/script>\n<!-- \/ Yoast SEO Premium plugin. -->","yoast_head_json":{"title":"Bolsonaristas do PSL do Rio entram com queixa-crime contra Wilson Witzel - P31","description":"Representando a bancada do PSL ligada ao presidente Jair Bolsonaro na Alerj (Assembleia Legislativa do Rio), o deputado estadual Anderson Moraes (PSL-RJ) entrega nesta 5\u00aa feira (20.fev.2020), em Bras\u00edlia, uma queixa-crime no MPF (Minist\u00e9rio P\u00fablico Federal) e no MJSP (Minist\u00e9rio da Justi\u00e7a e Seguran\u00e7a P\u00fablica) contra o governador daquele estado, Wilson Witzel (PSC). Eis a\u00a0\u00edntegra\u00a0do pedido.","robots":{"index":"index","follow":"follow","max-snippet":"max-snippet:-1","max-image-preview":"max-image-preview:large","max-video-preview":"max-video-preview:-1"},"canonical":"https:\/\/www.p31noticias.com.br\/?p=19414","og_locale":"pt_BR","og_type":"article","og_title":"Bolsonaristas do PSL do Rio entram com queixa-crime contra Wilson Witzel","og_description":"Representando a bancada do PSL ligada ao presidente Jair Bolsonaro na Alerj (Assembleia Legislativa do Rio), o deputado estadual Anderson Moraes (PSL-RJ) entrega nesta 5\u00aa feira (20.fev.2020), em Bras\u00edlia, uma queixa-crime no MPF (Minist\u00e9rio P\u00fablico Federal) e no MJSP (Minist\u00e9rio da Justi\u00e7a e Seguran\u00e7a P\u00fablica) contra o governador daquele estado, Wilson Witzel (PSC). Eis a\u00a0\u00edntegra\u00a0do pedido.","og_url":"https:\/\/www.p31noticias.com.br\/?p=19414","og_site_name":"P31","article_published_time":"2020-04-20T23:44:57+00:00","og_image":[{"width":868,"height":644,"url":"https:\/\/www.p31noticias.com.br\/wp-content\/uploads\/2020\/04\/wilson.witzel.29.jun_.2019.sergio.lima_-868x644-1.jpg","type":"image\/jpeg"}],"author":"Reda\u00e7\u00e3o JBN","twitter_card":"summary_large_image","twitter_misc":{"Escrito por":"Reda\u00e7\u00e3o JBN"},"schema":{"@context":"https:\/\/schema.org","@graph":[{"@type":"Article","@id":"https:\/\/www.p31noticias.com.br\/?p=19414#article","isPartOf":{"@id":"https:\/\/www.p31noticias.com.br\/?p=19414"},"author":{"name":"Reda\u00e7\u00e3o JBN","@id":"https:\/\/www.p31noticias.com.br\/#\/schema\/person\/77d6b186c710ac38937c6ec204fdd387"},"headline":"Bolsonaristas do PSL do Rio entram com queixa-crime contra Wilson Witzel","datePublished":"2020-04-20T23:44:57+00:00","mainEntityOfPage":{"@id":"https:\/\/www.p31noticias.com.br\/?p=19414"},"wordCount":99,"commentCount":0,"image":{"@id":"https:\/\/www.p31noticias.com.br\/?p=19414#primaryimage"},"thumbnailUrl":"https:\/\/www.p31noticias.com.br\/wp-content\/uploads\/2020\/04\/wilson.witzel.29.jun_.2019.sergio.lima_-868x644-1.jpg","articleSection":["Brasil"],"inLanguage":"pt-BR","potentialAction":[{"@type":"CommentAction","name":"Comment","target":["https:\/\/www.p31noticias.com.br\/?p=19414#respond"]}],"copyrightYear":"2020","copyrightHolder":{"@id":"https:\/\/www.p31noticias.com.br\/#organization"}},{"@type":"WebPage","@id":"https:\/\/www.p31noticias.com.br\/?p=19414","url":"https:\/\/www.p31noticias.com.br\/?p=19414","name":"Bolsonaristas do PSL do Rio entram com queixa-crime contra Wilson Witzel - P31","isPartOf":{"@id":"https:\/\/www.p31noticias.com.br\/#website"},"primaryImageOfPage":{"@id":"https:\/\/www.p31noticias.com.br\/?p=19414#primaryimage"},"image":{"@id":"https:\/\/www.p31noticias.com.br\/?p=19414#primaryimage"},"thumbnailUrl":"https:\/\/www.p31noticias.com.br\/wp-content\/uploads\/2020\/04\/wilson.witzel.29.jun_.2019.sergio.lima_-868x644-1.jpg","datePublished":"2020-04-20T23:44:57+00:00","author":{"@id":"https:\/\/www.p31noticias.com.br\/#\/schema\/person\/77d6b186c710ac38937c6ec204fdd387"},"description":"Representando a bancada do PSL ligada ao presidente Jair Bolsonaro na Alerj (Assembleia Legislativa do Rio), o deputado estadual Anderson Moraes (PSL-RJ) entrega nesta 5\u00aa feira (20.fev.2020), em Bras\u00edlia, uma queixa-crime no MPF (Minist\u00e9rio P\u00fablico Federal) e no MJSP (Minist\u00e9rio da Justi\u00e7a e Seguran\u00e7a P\u00fablica) contra o governador daquele estado, Wilson Witzel (PSC). Eis a\u00a0\u00edntegra\u00a0do pedido.","breadcrumb":{"@id":"https:\/\/www.p31noticias.com.br\/?p=19414#breadcrumb"},"inLanguage":"pt-BR","potentialAction":[{"@type":"ReadAction","target":["https:\/\/www.p31noticias.com.br\/?p=19414"]}]},{"@type":"ImageObject","inLanguage":"pt-BR","@id":"https:\/\/www.p31noticias.com.br\/?p=19414#primaryimage","url":"https:\/\/www.p31noticias.com.br\/wp-content\/uploads\/2020\/04\/wilson.witzel.29.jun_.2019.sergio.lima_-868x644-1.jpg","contentUrl":"https:\/\/www.p31noticias.com.br\/wp-content\/uploads\/2020\/04\/wilson.witzel.29.jun_.2019.sergio.lima_-868x644-1.jpg","width":868,"height":644,"caption":"O presidente Jair Bolsonaro afirmou nesta segunda-feira (24) que h\u00e1 \"99% de chance\" de o Grande Pr\u00eamio de F\u00f3rmula 1 do Brasil ser sediado no Rio de Janeiro a partir de 2021. Bolsonaro deu a declara\u00e7\u00e3o em uma entrevista coletiva no Pal\u00e1cio do Planalto ap\u00f3s ter se reunido com o governador do Rio, Wilson Witzel, e com o executivo da F\u00f3rmula 1, Chase Carey.Foto: S\u00e9rgio Lima\/PODER 360"},{"@type":"BreadcrumbList","@id":"https:\/\/www.p31noticias.com.br\/?p=19414#breadcrumb","itemListElement":[{"@type":"ListItem","position":1,"name":"In\u00edcio","item":"https:\/\/www.p31noticias.com.br\/"},{"@type":"ListItem","position":2,"name":"Bolsonaristas do PSL do Rio entram com queixa-crime contra Wilson Witzel"}]},{"@type":"WebSite","@id":"https:\/\/www.p31noticias.com.br\/#website","url":"https:\/\/www.p31noticias.com.br\/","name":"P31","description":"NOT\u00cdCIAS","potentialAction":[{"@type":"SearchAction","target":{"@type":"EntryPoint","urlTemplate":"https:\/\/www.p31noticias.com.br\/?s={search_term_string}"},"query-input":{"@type":"PropertyValueSpecification","valueRequired":true,"valueName":"search_term_string"}}],"inLanguage":"pt-BR"},{"@type":"Person","@id":"https:\/\/www.p31noticias.com.br\/#\/schema\/person\/77d6b186c710ac38937c6ec204fdd387","name":"Reda\u00e7\u00e3o JBN","image":{"@type":"ImageObject","inLanguage":"pt-BR","@id":"https:\/\/secure.gravatar.com\/avatar\/10fcdb93211f98cce3d64c0795b0915a9a4a21dc0f279238995a3dbfafcad090?s=96&d=mm&r=g","url":"https:\/\/secure.gravatar.com\/avatar\/10fcdb93211f98cce3d64c0795b0915a9a4a21dc0f279238995a3dbfafcad090?s=96&d=mm&r=g","contentUrl":"https:\/\/secure.gravatar.com\/avatar\/10fcdb93211f98cce3d64c0795b0915a9a4a21dc0f279238995a3dbfafcad090?s=96&d=mm&r=g","caption":"Reda\u00e7\u00e3o JBN"},"sameAs":["https:\/\/p31noticias.com.br"],"url":"https:\/\/www.p31noticias.com.br\/?author=18"}]}},"amp_enabled":true,"_links":{"self":[{"href":"https:\/\/www.p31noticias.com.br\/index.php?rest_route=\/wp\/v2\/posts\/19414","targetHints":{"allow":["GET"]}}],"collection":[{"href":"https:\/\/www.p31noticias.com.br\/index.php?rest_route=\/wp\/v2\/posts"}],"about":[{"href":"https:\/\/www.p31noticias.com.br\/index.php?rest_route=\/wp\/v2\/types\/post"}],"author":[{"embeddable":true,"href":"https:\/\/www.p31noticias.com.br\/index.php?rest_route=\/wp\/v2\/users\/18"}],"replies":[{"embeddable":true,"href":"https:\/\/www.p31noticias.com.br\/index.php?rest_route=%2Fwp%2Fv2%2Fcomments&post=19414"}],"version-history":[{"count":0,"href":"https:\/\/www.p31noticias.com.br\/index.php?rest_route=\/wp\/v2\/posts\/19414\/revisions"}],"wp:featuredmedia":[{"embeddable":true,"href":"https:\/\/www.p31noticias.com.br\/index.php?rest_route=\/wp\/v2\/media\/19415"}],"wp:attachment":[{"href":"https:\/\/www.p31noticias.com.br\/index.php?rest_route=%2Fwp%2Fv2%2Fmedia&parent=19414"}],"wp:term":[{"taxonomy":"category","embeddable":true,"href":"https:\/\/www.p31noticias.com.br\/index.php?rest_route=%2Fwp%2Fv2%2Fcategories&post=19414"},{"taxonomy":"post_tag","embeddable":true,"href":"https:\/\/www.p31noticias.com.br\/index.php?rest_route=%2Fwp%2Fv2%2Ftags&post=19414"}],"curies":[{"name":"wp","href":"https:\/\/api.w.org\/{rel}","templated":true}]}}