{"id":19334,"date":"2020-04-01T09:40:24","date_gmt":"2020-04-01T12:40:24","guid":{"rendered":"https:\/\/www.delioandrade.com.br\/?p=19334"},"modified":"2020-04-01T09:40:24","modified_gmt":"2020-04-01T12:40:24","slug":"sem-aulas-ate-13-de-abril","status":"publish","type":"post","link":"https:\/\/www.p31noticias.com.br\/?p=19334","title":{"rendered":"Sem aulas at\u00e9 13 de abril"},"content":{"rendered":"\n<p>Governador levou em conta dados do Minist\u00e9rio da Sa\u00fade que apontam o DF como uma das regi\u00f5es mais vulner\u00e1veis a contamina\u00e7\u00e3o de todo pa\u00eds.<\/p>\n\n\n\n<p>O governador Ibaneis Rocha (MDB), decidiu prorrogar a suspens\u00e3o das aulas no Distrito Federal (DF). O decreto que, a princ\u00edpio, estabelecia a quarentena at\u00e9 dia 5 de abril, como medida preventiva para evitar a prolifera\u00e7\u00e3o do novo coronav\u00edrus, agora vai at\u00e9 dia 13.&nbsp;<\/p>\n\n\n\n<p>Um novo decreto est\u00e1 sob elabora\u00e7\u00e3o e deve estender a quarentena at\u00e9 junho. Com servidores do GDF em teletrabalho, com\u00e9rcio fechado, shoppings e aglomera\u00e7\u00f5es, nos mesmos moldes do decreto anterior.<\/p>\n\n\n\n<p>A Secretaria de Estado e Educa\u00e7\u00e3o do Distrito Federal (SEEDF), est\u00e1 providenciando aulas via internet e televis\u00e3o para alunos da rede p\u00fablica. A TV Justi\u00e7a e outros canais, como a TV Genesis, se colocaram \u00e0 disposi\u00e7\u00e3o para divulgar o conte\u00fado que ser\u00e1 preparado.<br \/>O governador tomou a decis\u00e3o de prorrogar o decreto levando em conta n\u00fameros do Minist\u00e9rio da Sa\u00fade que apontam o Distrito Federal como a unidade da federa\u00e7\u00e3o mais vulner\u00e1vel \u00e0 contamina\u00e7\u00e3o. Hoje o DF lidera o ranking no pa\u00eds, s\u00e3o 10 infectados por 100 mil habitantes, enquanto a m\u00e9dia nacional \u00e9 de 2.<\/p>\n","protected":false},"excerpt":{"rendered":"<p>Governador levou em conta dados do Minist\u00e9rio da Sa\u00fade que apontam o DF como uma das regi\u00f5es mais vulner\u00e1veis a contamina\u00e7\u00e3o de todo pa\u00eds. O governador Ibaneis Rocha (MDB), decidiu prorrogar a suspens\u00e3o das aulas no Distrito Federal (DF). O decreto que, a princ\u00edpio, estabelecia a quarentena at\u00e9 dia 5 de abril, como medida preventiva [&hellip;]<\/p>\n","protected":false},"author":18,"featured_media":19175,"comment_status":"open","ping_status":"open","sticky":false,"template":"","format":"standard","meta":{"footnotes":""},"categories":[57],"tags":[],"class_list":{"0":"post-19334","1":"post","2":"type-post","3":"status-publish","4":"format-standard","5":"has-post-thumbnail","7":"category-politica"},"yoast_head":"<!-- This site is optimized with the Yoast SEO Premium plugin v24.5 (Yoast SEO v27.5) - https:\/\/yoast.com\/product\/yoast-seo-premium-wordpress\/ -->\n<title>Sem aulas at\u00e9 13 de abril - P31<\/title>\n<meta name=\"robots\" content=\"index, follow, max-snippet:-1, max-image-preview:large, max-video-preview:-1\" \/>\n<link rel=\"canonical\" href=\"https:\/\/www.p31noticias.com.br\/?p=19334\" \/>\n<meta property=\"og:locale\" content=\"pt_BR\" \/>\n<meta property=\"og:type\" content=\"article\" \/>\n<meta property=\"og:title\" content=\"Sem aulas at\u00e9 13 de abril\" \/>\n<meta property=\"og:description\" content=\"Governador levou em conta dados do Minist\u00e9rio da Sa\u00fade que apontam o DF como uma das regi\u00f5es mais vulner\u00e1veis a contamina\u00e7\u00e3o de todo pa\u00eds. O governador Ibaneis Rocha (MDB), decidiu prorrogar a suspens\u00e3o das aulas no Distrito Federal (DF). O decreto que, a princ\u00edpio, estabelecia a quarentena at\u00e9 dia 5 de abril, como medida preventiva [&hellip;]\" \/>\n<meta property=\"og:url\" content=\"https:\/\/www.p31noticias.com.br\/?p=19334\" \/>\n<meta property=\"og:site_name\" content=\"P31\" \/>\n<meta property=\"article:published_time\" content=\"2020-04-01T12:40:24+00:00\" \/>\n<meta property=\"og:image\" content=\"https:\/\/www.p31noticias.com.br\/wp-content\/uploads\/2020\/03\/h0545-g-bddf-limpo-03032020-frame-130178-1.jpeg\" \/>\n\t<meta property=\"og:image:width\" content=\"1000\" \/>\n\t<meta property=\"og:image:height\" content=\"563\" \/>\n\t<meta property=\"og:image:type\" content=\"image\/jpeg\" \/>\n<meta name=\"author\" content=\"Reda\u00e7\u00e3o JBN\" \/>\n<meta name=\"twitter:card\" content=\"summary_large_image\" \/>\n<meta name=\"twitter:label1\" content=\"Escrito por\" \/>\n\t<meta name=\"twitter:data1\" content=\"Reda\u00e7\u00e3o JBN\" \/>\n\t<meta name=\"twitter:label2\" content=\"Est. tempo de leitura\" \/>\n\t<meta name=\"twitter:data2\" content=\"1 minuto\" \/>\n<script type=\"application\/ld+json\" class=\"yoast-schema-graph\">{\"@context\":\"https:\\\/\\\/schema.org\",\"@graph\":[{\"@type\":\"Article\",\"@id\":\"https:\\\/\\\/www.p31noticias.com.br\\\/?p=19334#article\",\"isPartOf\":{\"@id\":\"https:\\\/\\\/www.p31noticias.com.br\\\/?p=19334\"},\"author\":{\"name\":\"Reda\u00e7\u00e3o JBN\",\"@id\":\"https:\\\/\\\/www.p31noticias.com.br\\\/#\\\/schema\\\/person\\\/77d6b186c710ac38937c6ec204fdd387\"},\"headline\":\"Sem aulas at\u00e9 13 de abril\",\"datePublished\":\"2020-04-01T12:40:24+00:00\",\"mainEntityOfPage\":{\"@id\":\"https:\\\/\\\/www.p31noticias.com.br\\\/?p=19334\"},\"wordCount\":220,\"commentCount\":0,\"image\":{\"@id\":\"https:\\\/\\\/www.p31noticias.com.br\\\/?p=19334#primaryimage\"},\"thumbnailUrl\":\"https:\\\/\\\/www.p31noticias.com.br\\\/wp-content\\\/uploads\\\/2020\\\/03\\\/h0545-g-bddf-limpo-03032020-frame-130178-1.jpeg\",\"articleSection\":[\"Pol\u00edtica\"],\"inLanguage\":\"pt-BR\",\"potentialAction\":[{\"@type\":\"CommentAction\",\"name\":\"Comment\",\"target\":[\"https:\\\/\\\/www.p31noticias.com.br\\\/?p=19334#respond\"]}],\"copyrightYear\":\"2020\",\"copyrightHolder\":{\"@id\":\"https:\\\/\\\/www.p31noticias.com.br\\\/#organization\"}},{\"@type\":\"WebPage\",\"@id\":\"https:\\\/\\\/www.p31noticias.com.br\\\/?p=19334\",\"url\":\"https:\\\/\\\/www.p31noticias.com.br\\\/?p=19334\",\"name\":\"Sem aulas at\u00e9 13 de abril - P31\",\"isPartOf\":{\"@id\":\"https:\\\/\\\/www.p31noticias.com.br\\\/#website\"},\"primaryImageOfPage\":{\"@id\":\"https:\\\/\\\/www.p31noticias.com.br\\\/?p=19334#primaryimage\"},\"image\":{\"@id\":\"https:\\\/\\\/www.p31noticias.com.br\\\/?p=19334#primaryimage\"},\"thumbnailUrl\":\"https:\\\/\\\/www.p31noticias.com.br\\\/wp-content\\\/uploads\\\/2020\\\/03\\\/h0545-g-bddf-limpo-03032020-frame-130178-1.jpeg\",\"datePublished\":\"2020-04-01T12:40:24+00:00\",\"author\":{\"@id\":\"https:\\\/\\\/www.p31noticias.com.br\\\/#\\\/schema\\\/person\\\/77d6b186c710ac38937c6ec204fdd387\"},\"breadcrumb\":{\"@id\":\"https:\\\/\\\/www.p31noticias.com.br\\\/?p=19334#breadcrumb\"},\"inLanguage\":\"pt-BR\",\"potentialAction\":[{\"@type\":\"ReadAction\",\"target\":[\"https:\\\/\\\/www.p31noticias.com.br\\\/?p=19334\"]}]},{\"@type\":\"ImageObject\",\"inLanguage\":\"pt-BR\",\"@id\":\"https:\\\/\\\/www.p31noticias.com.br\\\/?p=19334#primaryimage\",\"url\":\"https:\\\/\\\/www.p31noticias.com.br\\\/wp-content\\\/uploads\\\/2020\\\/03\\\/h0545-g-bddf-limpo-03032020-frame-130178-1.jpeg\",\"contentUrl\":\"https:\\\/\\\/www.p31noticias.com.br\\\/wp-content\\\/uploads\\\/2020\\\/03\\\/h0545-g-bddf-limpo-03032020-frame-130178-1.jpeg\",\"width\":1000,\"height\":563},{\"@type\":\"BreadcrumbList\",\"@id\":\"https:\\\/\\\/www.p31noticias.com.br\\\/?p=19334#breadcrumb\",\"itemListElement\":[{\"@type\":\"ListItem\",\"position\":1,\"name\":\"In\u00edcio\",\"item\":\"https:\\\/\\\/www.p31noticias.com.br\\\/\"},{\"@type\":\"ListItem\",\"position\":2,\"name\":\"Sem aulas at\u00e9 13 de abril\"}]},{\"@type\":\"WebSite\",\"@id\":\"https:\\\/\\\/www.p31noticias.com.br\\\/#website\",\"url\":\"https:\\\/\\\/www.p31noticias.com.br\\\/\",\"name\":\"P31\",\"description\":\"NOT\u00cdCIAS\",\"potentialAction\":[{\"@type\":\"SearchAction\",\"target\":{\"@type\":\"EntryPoint\",\"urlTemplate\":\"https:\\\/\\\/www.p31noticias.com.br\\\/?s={search_term_string}\"},\"query-input\":{\"@type\":\"PropertyValueSpecification\",\"valueRequired\":true,\"valueName\":\"search_term_string\"}}],\"inLanguage\":\"pt-BR\"},{\"@type\":\"Person\",\"@id\":\"https:\\\/\\\/www.p31noticias.com.br\\\/#\\\/schema\\\/person\\\/77d6b186c710ac38937c6ec204fdd387\",\"name\":\"Reda\u00e7\u00e3o JBN\",\"image\":{\"@type\":\"ImageObject\",\"inLanguage\":\"pt-BR\",\"@id\":\"https:\\\/\\\/secure.gravatar.com\\\/avatar\\\/10fcdb93211f98cce3d64c0795b0915a9a4a21dc0f279238995a3dbfafcad090?s=96&d=mm&r=g\",\"url\":\"https:\\\/\\\/secure.gravatar.com\\\/avatar\\\/10fcdb93211f98cce3d64c0795b0915a9a4a21dc0f279238995a3dbfafcad090?s=96&d=mm&r=g\",\"contentUrl\":\"https:\\\/\\\/secure.gravatar.com\\\/avatar\\\/10fcdb93211f98cce3d64c0795b0915a9a4a21dc0f279238995a3dbfafcad090?s=96&d=mm&r=g\",\"caption\":\"Reda\u00e7\u00e3o JBN\"},\"sameAs\":[\"https:\\\/\\\/p31noticias.com.br\"],\"url\":\"https:\\\/\\\/www.p31noticias.com.br\\\/?author=18\"}]}<\/script>\n<!-- \/ Yoast SEO Premium plugin. -->","yoast_head_json":{"title":"Sem aulas at\u00e9 13 de abril - P31","robots":{"index":"index","follow":"follow","max-snippet":"max-snippet:-1","max-image-preview":"max-image-preview:large","max-video-preview":"max-video-preview:-1"},"canonical":"https:\/\/www.p31noticias.com.br\/?p=19334","og_locale":"pt_BR","og_type":"article","og_title":"Sem aulas at\u00e9 13 de abril","og_description":"Governador levou em conta dados do Minist\u00e9rio da Sa\u00fade que apontam o DF como uma das regi\u00f5es mais vulner\u00e1veis a contamina\u00e7\u00e3o de todo pa\u00eds. O governador Ibaneis Rocha (MDB), decidiu prorrogar a suspens\u00e3o das aulas no Distrito Federal (DF). O decreto que, a princ\u00edpio, estabelecia a quarentena at\u00e9 dia 5 de abril, como medida preventiva [&hellip;]","og_url":"https:\/\/www.p31noticias.com.br\/?p=19334","og_site_name":"P31","article_published_time":"2020-04-01T12:40:24+00:00","og_image":[{"width":1000,"height":563,"url":"https:\/\/www.p31noticias.com.br\/wp-content\/uploads\/2020\/03\/h0545-g-bddf-limpo-03032020-frame-130178-1.jpeg","type":"image\/jpeg"}],"author":"Reda\u00e7\u00e3o JBN","twitter_card":"summary_large_image","twitter_misc":{"Escrito por":"Reda\u00e7\u00e3o JBN","Est. tempo de leitura":"1 minuto"},"schema":{"@context":"https:\/\/schema.org","@graph":[{"@type":"Article","@id":"https:\/\/www.p31noticias.com.br\/?p=19334#article","isPartOf":{"@id":"https:\/\/www.p31noticias.com.br\/?p=19334"},"author":{"name":"Reda\u00e7\u00e3o JBN","@id":"https:\/\/www.p31noticias.com.br\/#\/schema\/person\/77d6b186c710ac38937c6ec204fdd387"},"headline":"Sem aulas at\u00e9 13 de abril","datePublished":"2020-04-01T12:40:24+00:00","mainEntityOfPage":{"@id":"https:\/\/www.p31noticias.com.br\/?p=19334"},"wordCount":220,"commentCount":0,"image":{"@id":"https:\/\/www.p31noticias.com.br\/?p=19334#primaryimage"},"thumbnailUrl":"https:\/\/www.p31noticias.com.br\/wp-content\/uploads\/2020\/03\/h0545-g-bddf-limpo-03032020-frame-130178-1.jpeg","articleSection":["Pol\u00edtica"],"inLanguage":"pt-BR","potentialAction":[{"@type":"CommentAction","name":"Comment","target":["https:\/\/www.p31noticias.com.br\/?p=19334#respond"]}],"copyrightYear":"2020","copyrightHolder":{"@id":"https:\/\/www.p31noticias.com.br\/#organization"}},{"@type":"WebPage","@id":"https:\/\/www.p31noticias.com.br\/?p=19334","url":"https:\/\/www.p31noticias.com.br\/?p=19334","name":"Sem aulas at\u00e9 13 de abril - P31","isPartOf":{"@id":"https:\/\/www.p31noticias.com.br\/#website"},"primaryImageOfPage":{"@id":"https:\/\/www.p31noticias.com.br\/?p=19334#primaryimage"},"image":{"@id":"https:\/\/www.p31noticias.com.br\/?p=19334#primaryimage"},"thumbnailUrl":"https:\/\/www.p31noticias.com.br\/wp-content\/uploads\/2020\/03\/h0545-g-bddf-limpo-03032020-frame-130178-1.jpeg","datePublished":"2020-04-01T12:40:24+00:00","author":{"@id":"https:\/\/www.p31noticias.com.br\/#\/schema\/person\/77d6b186c710ac38937c6ec204fdd387"},"breadcrumb":{"@id":"https:\/\/www.p31noticias.com.br\/?p=19334#breadcrumb"},"inLanguage":"pt-BR","potentialAction":[{"@type":"ReadAction","target":["https:\/\/www.p31noticias.com.br\/?p=19334"]}]},{"@type":"ImageObject","inLanguage":"pt-BR","@id":"https:\/\/www.p31noticias.com.br\/?p=19334#primaryimage","url":"https:\/\/www.p31noticias.com.br\/wp-content\/uploads\/2020\/03\/h0545-g-bddf-limpo-03032020-frame-130178-1.jpeg","contentUrl":"https:\/\/www.p31noticias.com.br\/wp-content\/uploads\/2020\/03\/h0545-g-bddf-limpo-03032020-frame-130178-1.jpeg","width":1000,"height":563},{"@type":"BreadcrumbList","@id":"https:\/\/www.p31noticias.com.br\/?p=19334#breadcrumb","itemListElement":[{"@type":"ListItem","position":1,"name":"In\u00edcio","item":"https:\/\/www.p31noticias.com.br\/"},{"@type":"ListItem","position":2,"name":"Sem aulas at\u00e9 13 de abril"}]},{"@type":"WebSite","@id":"https:\/\/www.p31noticias.com.br\/#website","url":"https:\/\/www.p31noticias.com.br\/","name":"P31","description":"NOT\u00cdCIAS","potentialAction":[{"@type":"SearchAction","target":{"@type":"EntryPoint","urlTemplate":"https:\/\/www.p31noticias.com.br\/?s={search_term_string}"},"query-input":{"@type":"PropertyValueSpecification","valueRequired":true,"valueName":"search_term_string"}}],"inLanguage":"pt-BR"},{"@type":"Person","@id":"https:\/\/www.p31noticias.com.br\/#\/schema\/person\/77d6b186c710ac38937c6ec204fdd387","name":"Reda\u00e7\u00e3o JBN","image":{"@type":"ImageObject","inLanguage":"pt-BR","@id":"https:\/\/secure.gravatar.com\/avatar\/10fcdb93211f98cce3d64c0795b0915a9a4a21dc0f279238995a3dbfafcad090?s=96&d=mm&r=g","url":"https:\/\/secure.gravatar.com\/avatar\/10fcdb93211f98cce3d64c0795b0915a9a4a21dc0f279238995a3dbfafcad090?s=96&d=mm&r=g","contentUrl":"https:\/\/secure.gravatar.com\/avatar\/10fcdb93211f98cce3d64c0795b0915a9a4a21dc0f279238995a3dbfafcad090?s=96&d=mm&r=g","caption":"Reda\u00e7\u00e3o JBN"},"sameAs":["https:\/\/p31noticias.com.br"],"url":"https:\/\/www.p31noticias.com.br\/?author=18"}]}},"amp_enabled":true,"_links":{"self":[{"href":"https:\/\/www.p31noticias.com.br\/index.php?rest_route=\/wp\/v2\/posts\/19334","targetHints":{"allow":["GET"]}}],"collection":[{"href":"https:\/\/www.p31noticias.com.br\/index.php?rest_route=\/wp\/v2\/posts"}],"about":[{"href":"https:\/\/www.p31noticias.com.br\/index.php?rest_route=\/wp\/v2\/types\/post"}],"author":[{"embeddable":true,"href":"https:\/\/www.p31noticias.com.br\/index.php?rest_route=\/wp\/v2\/users\/18"}],"replies":[{"embeddable":true,"href":"https:\/\/www.p31noticias.com.br\/index.php?rest_route=%2Fwp%2Fv2%2Fcomments&post=19334"}],"version-history":[{"count":0,"href":"https:\/\/www.p31noticias.com.br\/index.php?rest_route=\/wp\/v2\/posts\/19334\/revisions"}],"wp:featuredmedia":[{"embeddable":true,"href":"https:\/\/www.p31noticias.com.br\/index.php?rest_route=\/wp\/v2\/media\/19175"}],"wp:attachment":[{"href":"https:\/\/www.p31noticias.com.br\/index.php?rest_route=%2Fwp%2Fv2%2Fmedia&parent=19334"}],"wp:term":[{"taxonomy":"category","embeddable":true,"href":"https:\/\/www.p31noticias.com.br\/index.php?rest_route=%2Fwp%2Fv2%2Fcategories&post=19334"},{"taxonomy":"post_tag","embeddable":true,"href":"https:\/\/www.p31noticias.com.br\/index.php?rest_route=%2Fwp%2Fv2%2Ftags&post=19334"}],"curies":[{"name":"wp","href":"https:\/\/api.w.org\/{rel}","templated":true}]}}