{"id":19284,"date":"2020-03-27T00:48:30","date_gmt":"2020-03-27T03:48:30","guid":{"rendered":"https:\/\/www.delioandrade.com.br\/?p=19284"},"modified":"2020-03-27T00:48:30","modified_gmt":"2020-03-27T03:48:30","slug":"o-governo-vai-pagar-a-indenizacao-do-meu-funcionario-sera","status":"publish","type":"post","link":"https:\/\/www.p31noticias.com.br\/?p=19284","title":{"rendered":"O governo vai pagar a indeniza\u00e7\u00e3o do meu funcion\u00e1rio! Ser\u00e1?"},"content":{"rendered":"<p>Chegamos no primeiro m\u00eas da pandemia no Brasil, desde que o primeiro caso foi importado \u00e0s nossas terras tupiniquins. De l\u00e1 at\u00e9 aqui registramos mais de 77 mortes e 2.915 casos confirmados do COVID-19, diz Minist\u00e9rio da Sa\u00fade<a href=\"https:\/\/marcosmartinscosta.jusbrasil.com.br\/artigos\/825097025\/o-governo-vai-pagar-a-indenizacao-do-meu-funcionario-sera#_ftn1\" target=\"_blank\" rel=\"nofollow noopener noreferrer\">[1]<\/a>.<\/p>\n<p>Conforme foi dito no meu \u00faltimo artigo sobre a MP 927\/20 (<b>O dia em que o trabalhador parou<\/b>)\u00a0<a href=\"https:\/\/marcosmartinscosta.jusbrasil.com.br\/artigos\/823788865\/o-dia-em-que-o-trabalhador-parou\" target=\"_blank\" rel=\"nofollow noopener noreferrer\">[2]<\/a>, nosso maior desafio pode n\u00e3o ser o enfrentamento da doen\u00e7a e suas consequ\u00eancias humanit\u00e1rias terr\u00edveis, nunca antes enfrentada na era da Tecnologia, fazendo o Governo Federal decretar\u00a0<b>estado de calamidade p\u00fablica (decreto legislativo n\u00ba 06\/2020)<\/b>.<\/p>\n<p>O maior vil\u00e3o da dissemina\u00e7\u00e3o do Corona V\u00edrus provavelmente ser\u00e1 a\u00a0<b>resse\u00e7\u00e3o global<\/b>\u00a0que assola e assolar\u00e1 todas as na\u00e7\u00f5es, ricas ou pobres. Aqui no Brasil, como se especula, teremos desempregos\u00a0<b>na casa de 40 milh\u00f5es<\/b><a href=\"https:\/\/marcosmartinscosta.jusbrasil.com.br\/artigos\/825097025\/o-governo-vai-pagar-a-indenizacao-do-meu-funcionario-sera#_ftn3\" target=\"_blank\" rel=\"nofollow noopener noreferrer\">[3]<\/a>.<\/p>\n<p>Proje\u00e7\u00f5es a parte, as empresas brasileiras se perguntam:\u00a0<b>como vou conseguir manter o meu neg\u00f3cio fechado? Como vou pagar os meus funcion\u00e1rios? Se eu tiver que demitir, como vou conseguir pagar as indeniza\u00e7\u00f5es deles?<\/b>\u00a0Pela parte dos empregados, pergunta-se:\u00a0<b>ser\u00e1 que o meu patr\u00e3o vai fechar a empresa? Vou ser demitido? Ser\u00e1 que o meu patr\u00e3o conseguir\u00e1 pagar a minha Rescis\u00e3o?<\/b><\/p>\n<p>Tais questionamentos no momento de crise se justificam totalmente e at\u00e9 s\u00e3o comuns quando o mundo enfrenta estes e outros desafios. Todavia, o que estamos vendo \u00e9 in\u00e9dito na hist\u00f3ria deste s\u00e9culo, m\u00e1xime porqu\u00ea os governos tiveram que fechar todos os neg\u00f3cios n\u00e3o essenciais, fronteiras, controlar a circula\u00e7\u00e3o de pessoas, impor a todas elas um verdadeiro\u00a0<b><i>lockdown<\/i><\/b><a href=\"https:\/\/marcosmartinscosta.jusbrasil.com.br\/artigos\/825097025\/o-governo-vai-pagar-a-indenizacao-do-meu-funcionario-sera#_ftn4\" target=\"_blank\" rel=\"nofollow noopener noreferrer\"><i><b>[4]<\/b><\/i><\/a>.<\/p>\n<picture><source srcset=\"https:\/\/thumbs.jusbr.com\/filters:format(webp)\/imgs.jusbr.com\/publications\/images\/9380214eb7b6078ed8c1c6e5294e0a91\" type=\"image\/webp\" \/><img decoding=\"async\" src=\"https:\/\/thumbs.jusbr.com\/imgs.jusbr.com\/publications\/images\/9380214eb7b6078ed8c1c6e5294e0a91\" alt=\"Esta imagem no pode ser adicionada\" \/><\/picture>\n<p>Solu\u00e7\u00f5es diversas aparecem e alguns dispositivos legais h\u00e1 tempos esquecidos come\u00e7am a ressurgir das cinzas como a ave mitol\u00f3gica da F\u00eanix. Dentre estes ressuscitados, destacamos os\u00a0<b>artigos\u00a0<a class=\"cite\" title=\"Artigo 486 do Decreto Lei n\u00ba 5.452 de 01 de Maio de 1943\" href=\"https:\/\/www.jusbrasil.com.br\/topicos\/10708326\/artigo-486-do-decreto-lei-n-5452-de-01-de-maio-de-1943\" rel=\"10708326\">486<\/a>,\u00a0<a class=\"cite\" title=\"Artigo 501 do Decreto Lei n\u00ba 5.452 de 01 de Maio de 1943\" href=\"https:\/\/www.jusbrasil.com.br\/topicos\/10707014\/artigo-501-do-decreto-lei-n-5452-de-01-de-maio-de-1943\" rel=\"10707014\">501<\/a>\u00a0a\u00a0<a class=\"cite\" title=\"Artigo 504 do Decreto Lei n\u00ba 5.452 de 01 de Maio de 1943\" href=\"https:\/\/www.jusbrasil.com.br\/topicos\/10706717\/artigo-504-do-decreto-lei-n-5452-de-01-de-maio-de-1943\" rel=\"10706717\">504<\/a>\u00a0da\u00a0<a class=\"cite\" title=\"DECRETO-LEI N.\u00ba 5.452, DE 1\u00ba DE MAIO DE 1943\" href=\"https:\/\/www.jusbrasil.com.br\/legislacao\/111983249\/consolida%C3%A7%C3%A3o-das-leis-do-trabalho-decreto-lei-5452-43\" rel=\"10766433\">CLT<\/a><\/b>.<\/p>\n<p>Come\u00e7amos pelo primeiro, vide:<\/p>\n<blockquote><p>Art. 486 &#8211; No caso de paralisa\u00e7\u00e3o tempor\u00e1ria ou definitiva do trabalho, motivada por ato de autoridade municipal, estadual ou federal, ou pela promulga\u00e7\u00e3o de lei ou resolu\u00e7\u00e3o que impossibilite a continua\u00e7\u00e3o da atividade,\u00a0<b>prevalecer\u00e1 o pagamento da indeniza\u00e7\u00e3o, que ficar\u00e1 a cargo do governo respons\u00e1vel<\/b>.<\/p><\/blockquote>\n<p>Pela simples leitura do Caput, consegue-se se extrair que o Legislador quis proteger o Trabalhador, eis que por Ato da Administra\u00e7\u00e3o P\u00fablica, utilizando-se o seu poder de pol\u00edcia, da discricionariedade a ele conferido, literalmente acabou com o empreendimento, cortando pela raiz todo o faturamento da (s) empresa (s), fazendo com que estas n\u00e3o consigam mais pagar seus funcion\u00e1rios em termo de sal\u00e1rio e outros benef\u00edcios, qui\u00e7\u00e1 a indeniza\u00e7\u00e3o a eles conferidas,\u00a0<b>pois o patr\u00e3o n\u00e3o tinha como prever ou esperar a presente situa\u00e7\u00e3o extraordin\u00e1ria<\/b>.<\/p>\n<p>Com isto, a doutrina e jurisprud\u00eancia entendem que a Administra\u00e7\u00e3o causadora do ato, deve pagar os direitos indenizat\u00f3rios. Tal obriga\u00e7\u00e3o estavam previstas nos artigos\u00a0<a class=\"cite\" title=\"Artigo 477 do Decreto Lei n\u00ba 5.452 de 01 de Maio de 1943\" href=\"https:\/\/www.jusbrasil.com.br\/topicos\/10710324\/artigo-477-do-decreto-lei-n-5452-de-01-de-maio-de-1943\" rel=\"10710324\">477<\/a>,\u00a0<a class=\"cite\" title=\"Artigo 478 do Decreto Lei n\u00ba 5.452 de 01 de Maio de 1943\" href=\"https:\/\/www.jusbrasil.com.br\/topicos\/10709862\/artigo-478-do-decreto-lei-n-5452-de-01-de-maio-de-1943\" rel=\"10709862\">478<\/a>\u00a0e\u00a0<a class=\"cite\" title=\"Artigo 496 do Decreto Lei n\u00ba 5.452 de 01 de Maio de 1943\" href=\"https:\/\/www.jusbrasil.com.br\/topicos\/10707330\/artigo-496-do-decreto-lei-n-5452-de-01-de-maio-de-1943\" rel=\"10707330\">496<\/a>\u00a0e\u00a0<a class=\"cite\" title=\"Artigo 498 do Decreto Lei n\u00ba 5.452 de 01 de Maio de 1943\" href=\"https:\/\/www.jusbrasil.com.br\/topicos\/10707242\/artigo-498-do-decreto-lei-n-5452-de-01-de-maio-de-1943\" rel=\"10707242\">498<\/a>\u00a0da\u00a0<a class=\"cite\" title=\"DECRETO-LEI N.\u00ba 5.452, DE 1\u00ba DE MAIO DE 1943\" href=\"https:\/\/www.jusbrasil.com.br\/legislacao\/111983249\/consolida%C3%A7%C3%A3o-das-leis-do-trabalho-decreto-lei-5452-43\" rel=\"10766433\">CLT<\/a>, todas caducadas pela implanta\u00e7\u00e3o do Fundo de Garantia por Tempo de Servi\u00e7o (FGTS).<\/p>\n<p>Citando um colega advogado (Arthur Fortunato), que tratou brilhantemente sobre a tem\u00e1tica tamb\u00e9m da for\u00e7a maior, como rescis\u00e3o dos contratos, ele entende que:<\/p>\n<blockquote><p>\u201cvale dizer ent\u00e3o que a interpreta\u00e7\u00e3o do artigo\u00a0<a class=\"cite\" title=\"Artigo 486 do Decreto Lei n\u00ba 5.452 de 01 de Maio de 1943\" href=\"https:\/\/www.jusbrasil.com.br\/topicos\/10708326\/artigo-486-do-decreto-lei-n-5452-de-01-de-maio-de-1943\" rel=\"10708326\">486<\/a>\u00a0da\u00a0<a class=\"cite\" title=\"DECRETO-LEI N.\u00ba 5.452, DE 1\u00ba DE MAIO DE 1943\" href=\"https:\/\/www.jusbrasil.com.br\/legislacao\/111983249\/consolida%C3%A7%C3%A3o-das-leis-do-trabalho-decreto-lei-5452-43\" rel=\"10766433\">CLT<\/a>\u00a0em conson\u00e2ncia com a CF\/88 \u00e9 de que a indeniza\u00e7\u00e3o devida pelo ente estatal \u00e9 somente a indeniza\u00e7\u00e3o compensat\u00f3ria de 40% sobre o saldo total do FGTS.\u201d.<a href=\"https:\/\/marcosmartinscosta.jusbrasil.com.br\/artigos\/825097025\/o-governo-vai-pagar-a-indenizacao-do-meu-funcionario-sera#_ftn5\" target=\"_blank\" rel=\"nofollow noopener noreferrer\"><b>[5]<\/b><\/a><\/p><\/blockquote>\n<p>Isto n\u00e3o quer dizer que a empresa n\u00e3o pagar\u00e1 nada para o empregado, devendo ela adimplir no tempo e modo estipulado pela Lei, principalmente somado com a MP 927\/20, a saber:<\/p>\n<ul>\n<li>Saldo salarial;<\/li>\n<li>F\u00e9rias vencidas e proporcionais +1\/3;<\/li>\n<li>13\u00ba sal\u00e1rios vencidos e proporcionais;<\/li>\n<li>Fornecimento de chave de conectividade para levantamento do saldo do FGTS;<\/li>\n<li>Fornecimento das guias para habilita\u00e7\u00e3o no seguro-desemprego;<\/li>\n<\/ul>\n<p>Voc\u00ea, caro leitor, deve estar se perguntando: e o\u00a0<b>Aviso Pr\u00e9vio?<\/b>\u00a0Como ele tamb\u00e9m \u00e9 de natureza indenizat\u00f3ria e nasceu para equilibrar as causas da ruptura laboral para o Empregado, tem-se que a jurisprud\u00eancia\u00a0<b>condena tamb\u00e9m o Ente causador do fator do pr\u00edncipe a pagar<\/b>, neste sentido vide:<\/p>\n<blockquote><p>\u201c<i>FACTUM PRINCIPIS<\/i>\u201d. DESAPROPRIA\u00c7\u00c3O. RESCIS\u00c3O DO CONTRATO DE TRABALHO. RESPONSABILIDADE.\u00a0<b>AVISO PR\u00c9VIO INDENIZADO. MULTA DE 40% DO FGTS<\/b>. ADMINISTRA\u00c7\u00c3O P\u00daBLICA &#8211; RO 0001757-58.2013.5.03.0036 TRT-18.<\/p><\/blockquote>\n<p>Desta forma, para que a Administra\u00e7\u00e3o pague o Aviso e a Multa do FGTS, alguns requisitos objetivos devem constar para catalisar a obriga\u00e7\u00e3o estatal pelo art. 486, a saber:<\/p>\n<ol>\n<li>evento seja\u00a0<b>inevit\u00e1vel e imprevis\u00edvel<\/b>;<\/li>\n<li><b>nexo de causalidade<\/b>\u00a0entre o ato administrativo\/legislativo e a paralisa\u00e7\u00e3o do trabalho;<\/li>\n<li>impossibilidade\u00a0<b>absoluta<\/b>\u00a0da continua\u00e7\u00e3o do neg\u00f3cio;<\/li>\n<li>o\u00a0<b>empregador n\u00e3o concorra para a sua ocorr\u00eancia<\/b>.<\/li>\n<\/ol>\n<p>De forma semelhante, tamb\u00e9m decidiu o nosso C. TST, vide:<\/p>\n<blockquote><p>TRT3 &#8211; \u201cFACTUM PRINCIPIS\u201d. DESAPROPRIA\u00c7\u00c3O. RESCIS\u00c3O DO CONTRATO DE TRABALHO. RESPONSABILIDADE. AVISO PR\u00c9VIO INDENIZADO. MULTA DE 40% DO FGTS. ADMINISTRA\u00c7\u00c3O P\u00daBLICA. Deve ser admitida a ocorr\u00eancia do\u00a0<i>\u201cfactum principis<\/i>\u201d quando a rescis\u00e3o do contrato de trabalho decorrer de\u00a0<b>ato da administra\u00e7\u00e3o p\u00fablica<\/b>\u00a0que\u00a0<b>n\u00e3o pode ser evitado pelo empregador<\/b>, que se\u00a0<b>v\u00ea obrigado a encerrar suas atividades econ\u00f4micas<\/b>.<\/p><\/blockquote>\n<blockquote><p>AIRR-1770-57.2013.5.03.0036, 4\u00aa Turma, Relatora Ministra Maria de Assis Calsing, DEJT 18\/12\/2015.<\/p><\/blockquote>\n<p>Como visto, entende-se que a obriga\u00e7\u00e3o da Administra\u00e7\u00e3o em arcar com as indeniza\u00e7\u00f5es mostradas, deve o ato da autoridade\u00a0<b>impedir absolutamente a continuidade do trabalho, n\u00e3o somente deixando-o mais ou oneroso<\/b>, como se deu no caso.<\/p>\n<p>Muitas lojas de rua, principalmente de alimenta\u00e7\u00e3o, buscaram a solu\u00e7\u00e3o da entrega em casa (delivery), n\u00e3o podem justificar o chamamento do Estado para pagar a indeniza\u00e7\u00f5es dos funcion\u00e1rios, caso demitido, eis que sua atividade n\u00e3o foi paralisada de forma absoluta.<\/p>\n<p>J\u00e1 o contr\u00e1rio este autor defende, que \u00e9 o exemplo de lojas que ficam em shoppings e n\u00e3o possam fazer qualquer tipo de servi\u00e7o de entrega, dependendo \u00fanica e exclusivamente da ida das pessoas para o espa\u00e7o em que se encontrem, experimentando, vendo e tocando seus produtos, para somente depois faturarem.<\/p>\n<p>Este tipo de empreendimento, que pode estar em ruas tamb\u00e9m, na nossa vis\u00e3o, pode chamar o Estado a compor o polo indenizat\u00f3rio, pelo art. 486 (<i>Factum Princips<\/i>).<\/p>\n<p>Agora, um fato que nos chama a aten\u00e7\u00e3o e n\u00e3o pode deixar de ser citado neste artigo, s\u00e3o os motivos pelos quais levaram a administra\u00e7\u00e3o p\u00fablica, em seus diversos entes, tomar esta decis\u00e3o por demais gravosa a na\u00e7\u00e3o. A for\u00e7a maior que levou o Estado a tomar este rem\u00e9dio amargo.<\/p>\n<p>Por conta disto \u00e9 que uma das defesas estatais ao n\u00e3o pagamento das indeniza\u00e7\u00f5es seria o fato de que est\u00e1 n\u00e3o almejou agir pelo fator do Pr\u00edncipe, mas sim se viu obrigada a agir desta forma radical diante da pandemia mundial instaurada.<\/p>\n<p>Entretanto, o Estado somente assume a responsabilidade quando o fato do pr\u00edncipe \u00e9 ato fundado em conveni\u00eancia e oportunidade, o que n\u00f3s entendemos que foi, vejam o motivo.<\/p>\n<p>Observe que a OMS determinou o isolamento total como forma de conter o V\u00edrus e assim o Estado Brasileiro e seus Entes escolheu este caminho (discricionaridade), mesmo tendo discuss\u00f5es cient\u00edficas ou n\u00e3o se esta seria a melhor op\u00e7\u00e3o.<\/p>\n<p>Na nossa opini\u00e3o o Estado, antes de impor o\u00a0<i>lockdown<\/i>, poderia ter feito o\u00a0<b>confinamento vertical<a href=\"https:\/\/marcosmartinscosta.jusbrasil.com.br\/artigos\/825097025\/o-governo-vai-pagar-a-indenizacao-do-meu-funcionario-sera#_ftn6\" target=\"_blank\" rel=\"nofollow noopener noreferrer\">[6]<\/a>,<\/b>\u00a0que \u00e9 o isolamento do grupo de risco da doen\u00e7a e fazer com que a parcela n\u00e3o arriscada pudesse continuar movimentando os motores da economia.<\/p>\n<p>Alguns pesquisadores dizem que o v\u00edrus n\u00e3o circula bem em climas tropicais<a href=\"https:\/\/marcosmartinscosta.jusbrasil.com.br\/artigos\/825097025\/o-governo-vai-pagar-a-indenizacao-do-meu-funcionario-sera#_ftn7\" target=\"_blank\" rel=\"nofollow noopener noreferrer\">[7]<\/a>\u00a0como o nosso e que a curva que os pa\u00edses europeus e norte-americanos est\u00e3o enfrentando, se deve muito pelo clima frio que lhe s\u00e3o peculiares na maioria das esta\u00e7\u00f5es do ano.<\/p>\n<p>Assim, ao escolher este caminho mais gravoso, de completo fechamento das atividades, que n\u00e3o essenciais, o Estado n\u00e3o pode se socorrer do fator extraordin\u00e1rio da doen\u00e7a para n\u00e3o pagar as indeniza\u00e7\u00f5es fulcradas no Art.\u00a0<a class=\"cite\" title=\"Artigo 486 do Decreto Lei n\u00ba 5.452 de 01 de Maio de 1943\" href=\"https:\/\/www.jusbrasil.com.br\/topicos\/10708326\/artigo-486-do-decreto-lei-n-5452-de-01-de-maio-de-1943\" rel=\"10708326\">486<\/a>\u00a0da\u00a0<a class=\"cite\" title=\"DECRETO-LEI N.\u00ba 5.452, DE 1\u00ba DE MAIO DE 1943\" href=\"https:\/\/www.jusbrasil.com.br\/legislacao\/111983249\/consolida%C3%A7%C3%A3o-das-leis-do-trabalho-decreto-lei-5452-43\" rel=\"10766433\">CLT<\/a>, somada com a jurisprud\u00eancia a ele correlata, mesmo que isto cause preju\u00edzo ao er\u00e1rio, como o pr\u00f3prio fechamento do pa\u00eds j\u00e1 causa.<\/p>\n<p>Aqui n\u00e3o se defende que a melhor estrat\u00e9gia \u00e9 o confinamento vertical ou horizontal (<i>Lockdown)<\/i>, mas sim da culpa ou n\u00e3o da Administra\u00e7\u00e3o (<b>nexo de causalidade<\/b>) ao fato do pr\u00edncipe e se este ato causou as empresas\u00a0<b>absoluto fechamento<\/b>,\u00a0<b>inevit\u00e1vel e imprevis\u00edvel<\/b>, e que estas\u00a0<b>n\u00e3o tenha concorrido<\/b>\u00a0de qualquer sorte para a decis\u00e3o abrupta estatal.<\/p>\n<p>Desta forma, entende-se que cada caso tem que ser avaliado com detalhes para saber se o contrato de trabalho foi rescindido com fundamentos objetivos constantes no art.\u00a0<a class=\"cite\" title=\"Artigo 486 do Decreto Lei n\u00ba 5.452 de 01 de Maio de 1943\" href=\"https:\/\/www.jusbrasil.com.br\/topicos\/10708326\/artigo-486-do-decreto-lei-n-5452-de-01-de-maio-de-1943\" rel=\"10708326\">486<\/a>\u00a0da\u00a0<a class=\"cite\" title=\"DECRETO-LEI N.\u00ba 5.452, DE 1\u00ba DE MAIO DE 1943\" href=\"https:\/\/www.jusbrasil.com.br\/legislacao\/111983249\/consolida%C3%A7%C3%A3o-das-leis-do-trabalho-decreto-lei-5452-43\" rel=\"10766433\">CLT<\/a>.<\/p>\n<p>Caso n\u00e3o a alternativa que resta ao empres\u00e1rio, al\u00e9m daquelas dispostas na MP 927\/20 (vale a leitura do nosso \u00faltimo artigo),\u00a0<b>\u00e9 o caminho da dispensa pro for\u00e7a maior, com base no artigo\u00a0<a class=\"cite\" title=\"Artigo 501 do Decreto Lei n\u00ba 5.452 de 01 de Maio de 1943\" href=\"https:\/\/www.jusbrasil.com.br\/topicos\/10707014\/artigo-501-do-decreto-lei-n-5452-de-01-de-maio-de-1943\" rel=\"10707014\">501<\/a>\u00a0da\u00a0<a class=\"cite\" title=\"DECRETO-LEI N.\u00ba 5.452, DE 1\u00ba DE MAIO DE 1943\" href=\"https:\/\/www.jusbrasil.com.br\/legislacao\/111983249\/consolida%C3%A7%C3%A3o-das-leis-do-trabalho-decreto-lei-5452-43\" rel=\"10766433\">CLT<\/a><\/b>, conflagrado pelo artigo 1\u00ba, \u00a7\u00fanico da MP 927\/2020, emergindo-se a seguinte pergunta:\u00a0<b>quais verbas dever\u00e3o ser pagas na extin\u00e7\u00e3o do contrato por motivo de for\u00e7a maior?<\/b><\/p>\n<ol>\n<li>Saldo salarial;<\/li>\n<li>F\u00e9rias vencidas e proporcionais +1\/3;<\/li>\n<li>13\u00ba sal\u00e1rios vencidos e proporcionais;<\/li>\n<li><b>Indeniza\u00e7\u00e3o compensat\u00f3ria de 20% sobre o saldo do FGTS<\/b>\u00a0(art.\u00a0<a class=\"cite\" title=\"Artigo 18 da Lei n\u00ba 8.036 de 11 de Maio de 1990\" href=\"https:\/\/www.jusbrasil.com.br\/topicos\/11326597\/artigo-18-da-lei-n-8036-de-11-de-maio-de-1990\" rel=\"11326597\">18<\/a>,\u00a0<a class=\"cite\" title=\"Par\u00e1grafo 2 Artigo 18 da Lei n\u00ba 8.036 de 11 de Maio de 1990\" href=\"https:\/\/www.jusbrasil.com.br\/topicos\/11326542\/par%C3%A1grafo-2-artigo-18-da-lei-n-8036-de-11-de-maio-de-1990\" rel=\"11326542\">\u00a7 2\u00ba<\/a>\u00a0da Lei\u00a0<a class=\"cite\" title=\"Lei n\u00ba 8.036, de 11 de maio de 1990.\" href=\"https:\/\/www.jusbrasil.com.br\/legislacao\/104148\/lei-do-fgts-lei-8036-90\" rel=\"11330131\">8.036<\/a>\/90);<\/li>\n<li>Levantamento do saldo do FGTS;<\/li>\n<li><b>N\u00e3o h\u00e1 pagamento de aviso pr\u00e9vio<\/b>,<\/li>\n<li>A extin\u00e7\u00e3o do contrato por motivo de for\u00e7a maior\u00a0<b>n\u00e3o \u00e9 hip\u00f3tese legal de habilita\u00e7\u00e3o no seguro-desemprego<\/b>, posto que n\u00e3o constante do artigo\u00a0<a class=\"cite notIndex\" title=\"Artigo 2 da Lei n\u00ba 7.998 de 11 de Janeiro de 1990\" href=\"https:\/\/www.jusbrasil.com.br\/topicos\/11330685\/artigo-2-da-lei-n-7998-de-11-de-janeiro-de-1990\" rel=\"11330685\">2\u00ba<\/a>\u00a0da Lei\u00a0<a class=\"cite\" title=\"LEI N\u00ba 7.998, DE 11 DE JANEIRO DE 1990.\" href=\"https:\/\/www.jusbrasil.com.br\/legislacao\/773841355\/lei-de-criacao-do-fundo-de-amparo-ao-trabalhador-lei-7998-90\" rel=\"11330969\">7.998<\/a>\/90.<\/li>\n<\/ol>\n<p>Para o patr\u00e3o o preju\u00edzo maior \u00e9 em rela\u00e7\u00e3o a n\u00e3o aplica\u00e7\u00e3o do art. 486,\u00a0<b>\u00e9 que ele ter\u00e1 que arcar com 20% da multa do FGTS, mas n\u00e3o precisar\u00e1 arcar com o Aviso Pr\u00e9vio.<\/b><\/p>\n<p>Assim, em pe\u00e7a de consigna\u00e7\u00e3o em pagamento, poderia o empregador chamar o estado a compor o polo, dado o fator do pr\u00edncipe e\u00a0<b>subsidiariamente<\/b>\u00a0dispensar o empregado pagando apenas a multa de 20% fundi\u00e1ria pelo motivo de for\u00e7a maior, caso assim o juiz decida. Noutro giro, o preju\u00edzo\u00a0<b>para o empregado \u00e9 triplo, qual seja: menos 20% da sua multa, sem o aviso pr\u00e9vio e sem o seguro desemprego, como visto<\/b>.<\/p>\n<p>Concluindo, esperamos que se ache uma cura para esta pandemia, que os governos mundiais se unam, como est\u00e3o fazendo, para minimizar os abalos do COVID-19<a href=\"https:\/\/marcosmartinscosta.jusbrasil.com.br\/artigos\/825097025\/o-governo-vai-pagar-a-indenizacao-do-meu-funcionario-sera#_ftn8\" target=\"_blank\" rel=\"nofollow noopener noreferrer\">[8]<\/a>, em primeiro lugar \u00e0 sa\u00fade, mas levando-se fortemente em considera\u00e7\u00e3o a economia e os diversos empregos.<\/p>\n<p>Deve tamb\u00e9m os empres\u00e1rios, antes de dispensar seus empregados, entender que a chance que esta pandemia seja controlada, n\u00e3o s\u00f3 no Brasil e no mundo, s\u00e3o alt\u00edssimas e que logo ap\u00f3s este ponto de equil\u00edbrio, todas as atividades voltar\u00e3o a sua normalidade, momento em que as pessoas estar\u00e3o com concentra\u00e7\u00e3o de energias para trabalhar, gastar e conviver umas com as outras.<\/p>\n<p>Neste momento, as empresas que melhores estiverem equipadas com bons e fieis funcion\u00e1rios, ter\u00e3o estes trabalhando mais e melhor para aquele patr\u00e3o que lhes deu a m\u00e3o no momento mais dif\u00edcil.<\/p>\n<p>Todavia, aqueles que n\u00e3o tiverem condi\u00e7\u00f5es de evitar as demiss\u00f5es, serve-se este artigo para uma reflex\u00e3o e se quiserem utiliz\u00e1-lo em ju\u00edzo, com as teses aqui constru\u00eddas, este ter\u00e1 fundamento decis\u00f3rio, como visto.<\/p>\n<p>Tomem cuidado para aventuras jur\u00eddicas, caso a empresa de voc\u00eas n\u00e3o se adequem objetivamente aos requisitos do art.\u00a0<a class=\"cite\" title=\"Artigo 486 do Decreto Lei n\u00ba 5.452 de 01 de Maio de 1943\" href=\"https:\/\/www.jusbrasil.com.br\/topicos\/10708326\/artigo-486-do-decreto-lei-n-5452-de-01-de-maio-de-1943\" rel=\"10708326\">486<\/a>\u00a0da\u00a0<a class=\"cite\" title=\"DECRETO-LEI N.\u00ba 5.452, DE 1\u00ba DE MAIO DE 1943\" href=\"https:\/\/www.jusbrasil.com.br\/legislacao\/111983249\/consolida%C3%A7%C3%A3o-das-leis-do-trabalho-decreto-lei-5452-43\" rel=\"10766433\">CLT<\/a>\u00a0e sua jurisprud\u00eancia aqui explicada, t\u00e3o pouco como o da for\u00e7a maior.<\/p>\n<p>Um exemplo disto \u00e9 que os servi\u00e7os de\u00a0<i>Streaming<\/i>\u00a0n\u00e3o poder\u00e3o demitir seus funcion\u00e1rios alegando for\u00e7a maior, eis que neste momento em que estamos em casa, o que mais fazemos, al\u00e9m de ler, escrever e estudar \u00e9 assistir filmes e s\u00e9ries.<\/p>\n<p>Boa quarentena a todos e se protejam do COVID-19.<\/p>\n<p>Bras\u00edlia \u2013 DF, 26 de mar\u00e7o de 2020.<\/p>\n<p>Marcos Martins Costa \u2013 Advogado.<\/p>\n<hr \/>\n<p><a href=\"https:\/\/marcosmartinscosta.jusbrasil.com.br\/artigos\/825097025\/o-governo-vai-pagar-a-indenizacao-do-meu-funcionario-sera#_ftnref1\" target=\"_blank\" rel=\"nofollow noopener noreferrer\">[1]<\/a>\u00a0<a href=\"https:\/\/g1.globo.com\/bemestar\/coronavirus\/noticia\/2020\/03\/26\/brasil-tem-78-mortes-e-2918-casos-confirmados-de-novo-coronavirus-diz-ministerio-da-saude.ghtml\" target=\"_blank\" rel=\"nofollow noopener noreferrer\">https:\/\/g1.globo.com\/bemestar\/coronavirus\/noticia\/2020\/03\/26\/brasil-tem-78-mortese2918-casos-confirmados-de-novo-coronavirus-diz-minist\u00e9rio-da-sa\u00fade.ghtml<\/a><\/p>\n<p><a href=\"https:\/\/marcosmartinscosta.jusbrasil.com.br\/artigos\/825097025\/o-governo-vai-pagar-a-indenizacao-do-meu-funcionario-sera#_ftnref2\" target=\"_blank\" rel=\"nofollow noopener noreferrer\">[2]<\/a>\u00a0<a href=\"https:\/\/marcosmartinscosta.jusbrasil.com.br\/artigos\/823788865\/o-dia-em-que-o-trabalhador-parou?ref=serp\" target=\"_blank\" rel=\"nofollow noopener noreferrer\">https:\/\/marcosmartinscosta.jusbrasil.com.br\/artigos\/823788865\/o-dia-em-queotrabalhador-parou?ref=serp<\/a><\/p>\n<p><a href=\"https:\/\/marcosmartinscosta.jusbrasil.com.br\/artigos\/825097025\/o-governo-vai-pagar-a-indenizacao-do-meu-funcionario-sera#_ftnref3\" target=\"_blank\" rel=\"nofollow noopener noreferrer\">[3]<\/a>\u00a0<a href=\"https:\/\/www.agazeta.com.br\/economia\/xp-ve-40-milhoes-desempregados-no-brasil-sem-plano-marshall-de-verdade-0320\" target=\"_blank\" rel=\"nofollow noopener noreferrer\">https:\/\/www.agazeta.com.br\/economia\/xp-ve-40-milhoes-desempregados-no-brasil-sem-plano-marshall-de-verdade-0320<\/a><\/p>\n<p><a href=\"https:\/\/marcosmartinscosta.jusbrasil.com.br\/artigos\/825097025\/o-governo-vai-pagar-a-indenizacao-do-meu-funcionario-sera#_ftnref4\" target=\"_blank\" rel=\"nofollow noopener noreferrer\"><b>[4]<\/b><\/a><b>\u00a0<i>lockdown<\/i><\/b><i>\u00a0<\/i>\u00e9 um protocolo de emerg\u00eancia que geralmente impede que pessoas ou informa\u00e7\u00f5es saiam de uma \u00e1rea. (&#8230;)\u00a0<b>Um bloqueio completo geralmente significa que as pessoas devem permanecer onde est\u00e3o e n\u00e3o podem entrar ou sair\u00a0<\/b>de um pr\u00e9dio ou salas dentro do referido pr\u00e9dio. Se as pessoas estiverem em um corredor, elas devem ir para a sala segura e fechada mais pr\u00f3xima. (<a href=\"https:\/\/en.wikipedia.org\/wiki\/Lockdown\" target=\"_blank\" rel=\"nofollow noopener noreferrer\">https:\/\/en.wikipedia.org\/wiki\/Lockdown<\/a>)<\/p>\n<p><a href=\"https:\/\/marcosmartinscosta.jusbrasil.com.br\/artigos\/825097025\/o-governo-vai-pagar-a-indenizacao-do-meu-funcionario-sera#_ftnref5\" target=\"_blank\" rel=\"nofollow noopener noreferrer\">[5]<\/a>\u00a0<a href=\"https:\/\/arthurbfc.jusbrasil.com.br\/artigos\/824230447\/coronavirus-extincao-do-contrato-de-trabalho-por-forca-maior-e-factum-principis?utm_campaign=newsletter-daily_20200325_9787&amp;utm_medium=email&amp;utm_source=newsletter\" target=\"_blank\" rel=\"nofollow noopener noreferrer\">https:\/\/arthurbfc.jusbrasil.com.br\/artigos\/824230447\/coronavirus-extincao-do-contrato-de-trabalho-por-forca-maiorefactum-principis?utm_campaign=newsletter-daily_20200325_9787&amp;utm_medium=email&amp;utm_source=newsletter<\/a><\/p>\n<p><a href=\"https:\/\/marcosmartinscosta.jusbrasil.com.br\/artigos\/825097025\/o-governo-vai-pagar-a-indenizacao-do-meu-funcionario-sera#_ftnref6\" target=\"_blank\" rel=\"nofollow noopener noreferrer\">[6]<\/a>\u00a0Em um artigo publicado no jornal The New York Times, Katz explica a estrat\u00e9gia com uma met\u00e1fora b\u00e9lica. De acordo com o m\u00e9dico, em um momento de &#8220;guerra&#8221; contra o coronav\u00edrus, os governos podem optar por confrontos abertos, com seus resultados mort\u00edferos e efeitos colaterais graves, ou adotar um ataque cir\u00fargico, com foco espec\u00edfico no ponto de maior perigo. (<a href=\"https:\/\/g1.globo.com\/bemestar\/coronavirus\/noticia\/2020\/03\/25\/o-que-e-o-isolamento-vertical-que-bolsonaro-quer-e-por-que-especialistas-temem-que-cause-mais-mortes.ghtml\" target=\"_blank\" rel=\"nofollow noopener noreferrer\">https:\/\/g1.globo.com\/bemestar\/coronavirus\/noticia\/2020\/03\/25\/o-queeo-isolamento-vertical-que-bolsonaro-querepor-que-especialistas-temem-que-cause-mais-mortes.ghtml<\/a>)<\/p>\n<p><a href=\"https:\/\/marcosmartinscosta.jusbrasil.com.br\/artigos\/825097025\/o-governo-vai-pagar-a-indenizacao-do-meu-funcionario-sera#_ftnref7\" target=\"_blank\" rel=\"nofollow noopener noreferrer\">[7]<\/a>\u00a0\u201cA gente sabe que aqui no Brasil, com nossa temperatura e umidade mais alta, eu tenho uma infectividade pouco menor, assim como a durabilidade do v\u00edrus. Temos uma estimativa que ele dure de poucas horas at\u00e9 tr\u00eas dias. Depende da temperatura\u201d, explica a infectologista Mariela Cometki. (<a href=\"https:\/\/infonet.com.br\/noticias\/saude\/covid-19-estimativa-e-que-virus-sobreviva-ate-3-dias-em-superficies\/\" target=\"_blank\" rel=\"nofollow noopener noreferrer\">https:\/\/infonet.com.br\/noticias\/sa\u00fade\/covid-19-estimativaeque-virus-sobreviva-ate-3-dias-em-superficies\/<\/a>)<\/p>\n<p><a href=\"https:\/\/marcosmartinscosta.jusbrasil.com.br\/artigos\/825097025\/o-governo-vai-pagar-a-indenizacao-do-meu-funcionario-sera#_ftnref8\" target=\"_blank\" rel=\"nofollow noopener noreferrer\">[8]<\/a>\u00a0<a href=\"https:\/\/valorinveste.globo.com\/mercados\/internacional-e-commodities\/noticia\/2020\/03\/25\/pacote-de-us-2-trilhoes-dos-eua-em-estimulos-sera-votado-na-tarde-de-hoje.ghtml\" target=\"_blank\" rel=\"nofollow noopener noreferrer\">https:\/\/valorinveste.globo.com\/mercados\/internacionalecommodities\/noticia\/2020\/03\/25\/pacote-de-us-2-trilhoes-dos-eua-em-estimulos-sera-votado-na-tarde-de-hoje.ghtml<\/a><\/p>\n<p>&nbsp;<\/p>\n<p>&nbsp;<\/p>\n","protected":false},"excerpt":{"rendered":"<p>Chegamos no primeiro m\u00eas da pandemia no Brasil, desde que o primeiro caso foi importado \u00e0s nossas terras tupiniquins. De l\u00e1 at\u00e9 aqui registramos mais de 77 mortes e 2.915 casos confirmados do COVID-19, diz Minist\u00e9rio da Sa\u00fade[1]. Conforme foi dito no meu \u00faltimo artigo sobre a MP 927\/20 (O dia em que o trabalhador [&hellip;]<\/p>\n","protected":false},"author":18,"featured_media":19285,"comment_status":"open","ping_status":"open","sticky":false,"template":"","format":"standard","meta":{"footnotes":""},"categories":[68],"tags":[],"class_list":{"0":"post-19284","1":"post","2":"type-post","3":"status-publish","4":"format-standard","5":"has-post-thumbnail","7":"category-brasil"},"yoast_head":"<!-- This site is optimized with the Yoast SEO Premium plugin v24.5 (Yoast SEO v27.5) - https:\/\/yoast.com\/product\/yoast-seo-premium-wordpress\/ -->\n<title>O governo vai pagar a indeniza\u00e7\u00e3o do meu funcion\u00e1rio! Ser\u00e1? - P31<\/title>\n<meta name=\"description\" content=\"Chegamos no primeiro m\u00eas da pandemia no Brasil, desde que o primeiro caso foi importado \u00e0s nossas terras tupiniquins. De l\u00e1 at\u00e9 aqui registramos mais de 77 mortes e 2.915 casos confirmados do COVID-19, diz Minist\u00e9rio da Sa\u00fade[1].\" \/>\n<meta name=\"robots\" content=\"index, follow, max-snippet:-1, max-image-preview:large, max-video-preview:-1\" \/>\n<link rel=\"canonical\" href=\"https:\/\/www.p31noticias.com.br\/?p=19284\" \/>\n<meta property=\"og:locale\" content=\"pt_BR\" \/>\n<meta property=\"og:type\" content=\"article\" \/>\n<meta property=\"og:title\" content=\"O governo vai pagar a indeniza\u00e7\u00e3o do meu funcion\u00e1rio! Ser\u00e1?\" \/>\n<meta property=\"og:description\" content=\"Chegamos no primeiro m\u00eas da pandemia no Brasil, desde que o primeiro caso foi importado \u00e0s nossas terras tupiniquins. De l\u00e1 at\u00e9 aqui registramos mais de 77 mortes e 2.915 casos confirmados do COVID-19, diz Minist\u00e9rio da Sa\u00fade[1].\" \/>\n<meta property=\"og:url\" content=\"https:\/\/www.p31noticias.com.br\/?p=19284\" \/>\n<meta property=\"og:site_name\" content=\"P31\" \/>\n<meta property=\"article:published_time\" content=\"2020-03-27T03:48:30+00:00\" \/>\n<meta property=\"og:image\" content=\"https:\/\/www.p31noticias.com.br\/wp-content\/uploads\/2020\/03\/desemprego.jpg\" \/>\n\t<meta property=\"og:image:width\" content=\"900\" \/>\n\t<meta property=\"og:image:height\" content=\"717\" \/>\n\t<meta property=\"og:image:type\" content=\"image\/jpeg\" \/>\n<meta name=\"author\" content=\"Reda\u00e7\u00e3o JBN\" \/>\n<meta name=\"twitter:card\" content=\"summary_large_image\" \/>\n<meta name=\"twitter:label1\" content=\"Escrito por\" \/>\n\t<meta name=\"twitter:data1\" content=\"Reda\u00e7\u00e3o JBN\" \/>\n\t<meta name=\"twitter:label2\" content=\"Est. tempo de leitura\" \/>\n\t<meta name=\"twitter:data2\" content=\"11 minutos\" \/>\n<script type=\"application\/ld+json\" class=\"yoast-schema-graph\">{\"@context\":\"https:\\\/\\\/schema.org\",\"@graph\":[{\"@type\":\"Article\",\"@id\":\"https:\\\/\\\/www.p31noticias.com.br\\\/?p=19284#article\",\"isPartOf\":{\"@id\":\"https:\\\/\\\/www.p31noticias.com.br\\\/?p=19284\"},\"author\":{\"name\":\"Reda\u00e7\u00e3o JBN\",\"@id\":\"https:\\\/\\\/www.p31noticias.com.br\\\/#\\\/schema\\\/person\\\/77d6b186c710ac38937c6ec204fdd387\"},\"headline\":\"O governo vai pagar a indeniza\u00e7\u00e3o do meu funcion\u00e1rio! Ser\u00e1?\",\"datePublished\":\"2020-03-27T03:48:30+00:00\",\"mainEntityOfPage\":{\"@id\":\"https:\\\/\\\/www.p31noticias.com.br\\\/?p=19284\"},\"wordCount\":2291,\"commentCount\":0,\"image\":{\"@id\":\"https:\\\/\\\/www.p31noticias.com.br\\\/?p=19284#primaryimage\"},\"thumbnailUrl\":\"https:\\\/\\\/www.p31noticias.com.br\\\/wp-content\\\/uploads\\\/2020\\\/03\\\/desemprego.jpg\",\"articleSection\":[\"Brasil\"],\"inLanguage\":\"pt-BR\",\"potentialAction\":[{\"@type\":\"CommentAction\",\"name\":\"Comment\",\"target\":[\"https:\\\/\\\/www.p31noticias.com.br\\\/?p=19284#respond\"]}],\"copyrightYear\":\"2020\",\"copyrightHolder\":{\"@id\":\"https:\\\/\\\/www.p31noticias.com.br\\\/#organization\"}},{\"@type\":\"WebPage\",\"@id\":\"https:\\\/\\\/www.p31noticias.com.br\\\/?p=19284\",\"url\":\"https:\\\/\\\/www.p31noticias.com.br\\\/?p=19284\",\"name\":\"O governo vai pagar a indeniza\u00e7\u00e3o do meu funcion\u00e1rio! Ser\u00e1? - P31\",\"isPartOf\":{\"@id\":\"https:\\\/\\\/www.p31noticias.com.br\\\/#website\"},\"primaryImageOfPage\":{\"@id\":\"https:\\\/\\\/www.p31noticias.com.br\\\/?p=19284#primaryimage\"},\"image\":{\"@id\":\"https:\\\/\\\/www.p31noticias.com.br\\\/?p=19284#primaryimage\"},\"thumbnailUrl\":\"https:\\\/\\\/www.p31noticias.com.br\\\/wp-content\\\/uploads\\\/2020\\\/03\\\/desemprego.jpg\",\"datePublished\":\"2020-03-27T03:48:30+00:00\",\"author\":{\"@id\":\"https:\\\/\\\/www.p31noticias.com.br\\\/#\\\/schema\\\/person\\\/77d6b186c710ac38937c6ec204fdd387\"},\"description\":\"Chegamos no primeiro m\u00eas da pandemia no Brasil, desde que o primeiro caso foi importado \u00e0s nossas terras tupiniquins. De l\u00e1 at\u00e9 aqui registramos mais de 77 mortes e 2.915 casos confirmados do COVID-19, diz Minist\u00e9rio da Sa\u00fade[1].\",\"breadcrumb\":{\"@id\":\"https:\\\/\\\/www.p31noticias.com.br\\\/?p=19284#breadcrumb\"},\"inLanguage\":\"pt-BR\",\"potentialAction\":[{\"@type\":\"ReadAction\",\"target\":[\"https:\\\/\\\/www.p31noticias.com.br\\\/?p=19284\"]}]},{\"@type\":\"ImageObject\",\"inLanguage\":\"pt-BR\",\"@id\":\"https:\\\/\\\/www.p31noticias.com.br\\\/?p=19284#primaryimage\",\"url\":\"https:\\\/\\\/www.p31noticias.com.br\\\/wp-content\\\/uploads\\\/2020\\\/03\\\/desemprego.jpg\",\"contentUrl\":\"https:\\\/\\\/www.p31noticias.com.br\\\/wp-content\\\/uploads\\\/2020\\\/03\\\/desemprego.jpg\",\"width\":900,\"height\":717},{\"@type\":\"BreadcrumbList\",\"@id\":\"https:\\\/\\\/www.p31noticias.com.br\\\/?p=19284#breadcrumb\",\"itemListElement\":[{\"@type\":\"ListItem\",\"position\":1,\"name\":\"In\u00edcio\",\"item\":\"https:\\\/\\\/www.p31noticias.com.br\\\/\"},{\"@type\":\"ListItem\",\"position\":2,\"name\":\"O governo vai pagar a indeniza\u00e7\u00e3o do meu funcion\u00e1rio! Ser\u00e1?\"}]},{\"@type\":\"WebSite\",\"@id\":\"https:\\\/\\\/www.p31noticias.com.br\\\/#website\",\"url\":\"https:\\\/\\\/www.p31noticias.com.br\\\/\",\"name\":\"P31\",\"description\":\"NOT\u00cdCIAS\",\"potentialAction\":[{\"@type\":\"SearchAction\",\"target\":{\"@type\":\"EntryPoint\",\"urlTemplate\":\"https:\\\/\\\/www.p31noticias.com.br\\\/?s={search_term_string}\"},\"query-input\":{\"@type\":\"PropertyValueSpecification\",\"valueRequired\":true,\"valueName\":\"search_term_string\"}}],\"inLanguage\":\"pt-BR\"},{\"@type\":\"Person\",\"@id\":\"https:\\\/\\\/www.p31noticias.com.br\\\/#\\\/schema\\\/person\\\/77d6b186c710ac38937c6ec204fdd387\",\"name\":\"Reda\u00e7\u00e3o JBN\",\"image\":{\"@type\":\"ImageObject\",\"inLanguage\":\"pt-BR\",\"@id\":\"https:\\\/\\\/secure.gravatar.com\\\/avatar\\\/10fcdb93211f98cce3d64c0795b0915a9a4a21dc0f279238995a3dbfafcad090?s=96&d=mm&r=g\",\"url\":\"https:\\\/\\\/secure.gravatar.com\\\/avatar\\\/10fcdb93211f98cce3d64c0795b0915a9a4a21dc0f279238995a3dbfafcad090?s=96&d=mm&r=g\",\"contentUrl\":\"https:\\\/\\\/secure.gravatar.com\\\/avatar\\\/10fcdb93211f98cce3d64c0795b0915a9a4a21dc0f279238995a3dbfafcad090?s=96&d=mm&r=g\",\"caption\":\"Reda\u00e7\u00e3o JBN\"},\"sameAs\":[\"https:\\\/\\\/p31noticias.com.br\"],\"url\":\"https:\\\/\\\/www.p31noticias.com.br\\\/?author=18\"}]}<\/script>\n<!-- \/ Yoast SEO Premium plugin. -->","yoast_head_json":{"title":"O governo vai pagar a indeniza\u00e7\u00e3o do meu funcion\u00e1rio! Ser\u00e1? - P31","description":"Chegamos no primeiro m\u00eas da pandemia no Brasil, desde que o primeiro caso foi importado \u00e0s nossas terras tupiniquins. De l\u00e1 at\u00e9 aqui registramos mais de 77 mortes e 2.915 casos confirmados do COVID-19, diz Minist\u00e9rio da Sa\u00fade[1].","robots":{"index":"index","follow":"follow","max-snippet":"max-snippet:-1","max-image-preview":"max-image-preview:large","max-video-preview":"max-video-preview:-1"},"canonical":"https:\/\/www.p31noticias.com.br\/?p=19284","og_locale":"pt_BR","og_type":"article","og_title":"O governo vai pagar a indeniza\u00e7\u00e3o do meu funcion\u00e1rio! Ser\u00e1?","og_description":"Chegamos no primeiro m\u00eas da pandemia no Brasil, desde que o primeiro caso foi importado \u00e0s nossas terras tupiniquins. De l\u00e1 at\u00e9 aqui registramos mais de 77 mortes e 2.915 casos confirmados do COVID-19, diz Minist\u00e9rio da Sa\u00fade[1].","og_url":"https:\/\/www.p31noticias.com.br\/?p=19284","og_site_name":"P31","article_published_time":"2020-03-27T03:48:30+00:00","og_image":[{"width":900,"height":717,"url":"https:\/\/www.p31noticias.com.br\/wp-content\/uploads\/2020\/03\/desemprego.jpg","type":"image\/jpeg"}],"author":"Reda\u00e7\u00e3o JBN","twitter_card":"summary_large_image","twitter_misc":{"Escrito por":"Reda\u00e7\u00e3o JBN","Est. tempo de leitura":"11 minutos"},"schema":{"@context":"https:\/\/schema.org","@graph":[{"@type":"Article","@id":"https:\/\/www.p31noticias.com.br\/?p=19284#article","isPartOf":{"@id":"https:\/\/www.p31noticias.com.br\/?p=19284"},"author":{"name":"Reda\u00e7\u00e3o JBN","@id":"https:\/\/www.p31noticias.com.br\/#\/schema\/person\/77d6b186c710ac38937c6ec204fdd387"},"headline":"O governo vai pagar a indeniza\u00e7\u00e3o do meu funcion\u00e1rio! Ser\u00e1?","datePublished":"2020-03-27T03:48:30+00:00","mainEntityOfPage":{"@id":"https:\/\/www.p31noticias.com.br\/?p=19284"},"wordCount":2291,"commentCount":0,"image":{"@id":"https:\/\/www.p31noticias.com.br\/?p=19284#primaryimage"},"thumbnailUrl":"https:\/\/www.p31noticias.com.br\/wp-content\/uploads\/2020\/03\/desemprego.jpg","articleSection":["Brasil"],"inLanguage":"pt-BR","potentialAction":[{"@type":"CommentAction","name":"Comment","target":["https:\/\/www.p31noticias.com.br\/?p=19284#respond"]}],"copyrightYear":"2020","copyrightHolder":{"@id":"https:\/\/www.p31noticias.com.br\/#organization"}},{"@type":"WebPage","@id":"https:\/\/www.p31noticias.com.br\/?p=19284","url":"https:\/\/www.p31noticias.com.br\/?p=19284","name":"O governo vai pagar a indeniza\u00e7\u00e3o do meu funcion\u00e1rio! Ser\u00e1? - P31","isPartOf":{"@id":"https:\/\/www.p31noticias.com.br\/#website"},"primaryImageOfPage":{"@id":"https:\/\/www.p31noticias.com.br\/?p=19284#primaryimage"},"image":{"@id":"https:\/\/www.p31noticias.com.br\/?p=19284#primaryimage"},"thumbnailUrl":"https:\/\/www.p31noticias.com.br\/wp-content\/uploads\/2020\/03\/desemprego.jpg","datePublished":"2020-03-27T03:48:30+00:00","author":{"@id":"https:\/\/www.p31noticias.com.br\/#\/schema\/person\/77d6b186c710ac38937c6ec204fdd387"},"description":"Chegamos no primeiro m\u00eas da pandemia no Brasil, desde que o primeiro caso foi importado \u00e0s nossas terras tupiniquins. De l\u00e1 at\u00e9 aqui registramos mais de 77 mortes e 2.915 casos confirmados do COVID-19, diz Minist\u00e9rio da Sa\u00fade[1].","breadcrumb":{"@id":"https:\/\/www.p31noticias.com.br\/?p=19284#breadcrumb"},"inLanguage":"pt-BR","potentialAction":[{"@type":"ReadAction","target":["https:\/\/www.p31noticias.com.br\/?p=19284"]}]},{"@type":"ImageObject","inLanguage":"pt-BR","@id":"https:\/\/www.p31noticias.com.br\/?p=19284#primaryimage","url":"https:\/\/www.p31noticias.com.br\/wp-content\/uploads\/2020\/03\/desemprego.jpg","contentUrl":"https:\/\/www.p31noticias.com.br\/wp-content\/uploads\/2020\/03\/desemprego.jpg","width":900,"height":717},{"@type":"BreadcrumbList","@id":"https:\/\/www.p31noticias.com.br\/?p=19284#breadcrumb","itemListElement":[{"@type":"ListItem","position":1,"name":"In\u00edcio","item":"https:\/\/www.p31noticias.com.br\/"},{"@type":"ListItem","position":2,"name":"O governo vai pagar a indeniza\u00e7\u00e3o do meu funcion\u00e1rio! Ser\u00e1?"}]},{"@type":"WebSite","@id":"https:\/\/www.p31noticias.com.br\/#website","url":"https:\/\/www.p31noticias.com.br\/","name":"P31","description":"NOT\u00cdCIAS","potentialAction":[{"@type":"SearchAction","target":{"@type":"EntryPoint","urlTemplate":"https:\/\/www.p31noticias.com.br\/?s={search_term_string}"},"query-input":{"@type":"PropertyValueSpecification","valueRequired":true,"valueName":"search_term_string"}}],"inLanguage":"pt-BR"},{"@type":"Person","@id":"https:\/\/www.p31noticias.com.br\/#\/schema\/person\/77d6b186c710ac38937c6ec204fdd387","name":"Reda\u00e7\u00e3o JBN","image":{"@type":"ImageObject","inLanguage":"pt-BR","@id":"https:\/\/secure.gravatar.com\/avatar\/10fcdb93211f98cce3d64c0795b0915a9a4a21dc0f279238995a3dbfafcad090?s=96&d=mm&r=g","url":"https:\/\/secure.gravatar.com\/avatar\/10fcdb93211f98cce3d64c0795b0915a9a4a21dc0f279238995a3dbfafcad090?s=96&d=mm&r=g","contentUrl":"https:\/\/secure.gravatar.com\/avatar\/10fcdb93211f98cce3d64c0795b0915a9a4a21dc0f279238995a3dbfafcad090?s=96&d=mm&r=g","caption":"Reda\u00e7\u00e3o JBN"},"sameAs":["https:\/\/p31noticias.com.br"],"url":"https:\/\/www.p31noticias.com.br\/?author=18"}]}},"amp_enabled":true,"_links":{"self":[{"href":"https:\/\/www.p31noticias.com.br\/index.php?rest_route=\/wp\/v2\/posts\/19284","targetHints":{"allow":["GET"]}}],"collection":[{"href":"https:\/\/www.p31noticias.com.br\/index.php?rest_route=\/wp\/v2\/posts"}],"about":[{"href":"https:\/\/www.p31noticias.com.br\/index.php?rest_route=\/wp\/v2\/types\/post"}],"author":[{"embeddable":true,"href":"https:\/\/www.p31noticias.com.br\/index.php?rest_route=\/wp\/v2\/users\/18"}],"replies":[{"embeddable":true,"href":"https:\/\/www.p31noticias.com.br\/index.php?rest_route=%2Fwp%2Fv2%2Fcomments&post=19284"}],"version-history":[{"count":0,"href":"https:\/\/www.p31noticias.com.br\/index.php?rest_route=\/wp\/v2\/posts\/19284\/revisions"}],"wp:featuredmedia":[{"embeddable":true,"href":"https:\/\/www.p31noticias.com.br\/index.php?rest_route=\/wp\/v2\/media\/19285"}],"wp:attachment":[{"href":"https:\/\/www.p31noticias.com.br\/index.php?rest_route=%2Fwp%2Fv2%2Fmedia&parent=19284"}],"wp:term":[{"taxonomy":"category","embeddable":true,"href":"https:\/\/www.p31noticias.com.br\/index.php?rest_route=%2Fwp%2Fv2%2Fcategories&post=19284"},{"taxonomy":"post_tag","embeddable":true,"href":"https:\/\/www.p31noticias.com.br\/index.php?rest_route=%2Fwp%2Fv2%2Ftags&post=19284"}],"curies":[{"name":"wp","href":"https:\/\/api.w.org\/{rel}","templated":true}]}}