{"id":19279,"date":"2020-03-26T22:33:39","date_gmt":"2020-03-27T01:33:39","guid":{"rendered":"https:\/\/www.delioandrade.com.br\/?p=19279"},"modified":"2020-03-26T22:33:39","modified_gmt":"2020-03-27T01:33:39","slug":"esta-no-ar-o-canal-as-marias-do-brasil","status":"publish","type":"post","link":"https:\/\/www.p31noticias.com.br\/?p=19279","title":{"rendered":"Est\u00e1 no ar o canal As Marias do Brasil"},"content":{"rendered":"<p>Mulheres fortalecendo mulheres \u00e9 o objetivo de As Marias do Brasil. \u00c9 um espa\u00e7o para dar voz as mulheres extraordin\u00e1rias e inspiradoras, vis\u00edveis e invis\u00edveis. As Marias que come\u00e7am, recome\u00e7am, se reinventam todos os dias. Hist\u00f3rias de garra, lutas, paix\u00e3o, emo\u00e7\u00e3o, conquistas, supera\u00e7\u00e3o, de vidas.<br \/>\nA idealizadora do programa, Cl\u00e9a Paix\u00e3o, \u00e9 tamb\u00e9m uma Maria do Brasil. Jornalista, roteirista e escritora mora em Bras\u00edlia desde 1995. Trabalha com jornalismo a partir de sua forma\u00e7\u00e3o pela Universidade Federal de Alagoas, em 1991. A maior parte do tempo diante das c\u00e2meras &#8211; rep\u00f3rter e apresentadora. Tamb\u00e9m tem vasta experi\u00eancia na \u00e1rea de g\u00eanero. \u201cAqui, vamos aprender com cada Maria entrevistada\u201d afirma Cl\u00e9a.<br \/>\nA primeira Maria do programa foi a cantora paulistana Paulah Gauss, que falou dos 20 anos de carreira, a Miss\u00e3o PG, atua\u00e7\u00e3o no r\u00e1dio com mensagens motivacionais e novo CD \u201cVivendo um Milagre.\u201d<br \/>\nA segunda foi Vicky Tavares. Nascida em Bel\u00e9m do Par\u00e1, chegou em Bras\u00edlia em 1960. \u00c9 jornalista, m\u00e3e, av\u00f4 e carrega uma vontade imensa de ajudar \u00e0s pessoas. Trabalhou com moda e administrou uma marca de roupas de couro. Em 2000, se tornou volunt\u00e1ria em uma ONG que cuidava de soropositivos terminais.<br \/>\nAo assistir a entrevista a gente logo percebe que Vicky nasceu para ajudar o pr\u00f3ximo. Uma Maria que inspira e ensina amar!<br \/>\nFundou em dezembro de 2006, o Instituto Vida Positiva, uma organiza\u00e7\u00e3o n\u00e3o-governamental que atua na defesa efetiva e na garantia dos direitos socioassistenciais de quem vive e convive com o v\u00edrus HIV\/AIDS, para alcan\u00e7ar estabilidade f\u00edsica e mental, incentivar a supera\u00e7\u00e3o do preconceito, a discrimina\u00e7\u00e3o e a inser\u00e7\u00e3o na sociedade.<br \/>\nAl\u00e9m das 17 crian\u00e7as, adolescentes e jovens, que atualmente moram na casa de apoio, o instituto presta assist\u00eancia a cerca de 300 fam\u00edlias, com distribui\u00e7\u00e3o de cestas b\u00e1sicas, cestas verdes, roupas e objetos para o lar.<br \/>\nDistribui mais de 24 mil lanchinhos por ano para pessoas que deslocam sem o caf\u00e9 da manh\u00e3 para fazer exames de carga viral e outros em cinco hospitais do Distrito Federal &#8211; HMIB, Hospital Regional de Sobradinho, Planaltina do DF, Hospital Dia e HUB.<br \/>\nTamb\u00e9m fornece 100 almo\u00e7os, mensalmente, em sua sede, para pacientes acompanhados pelo SUS, al\u00e9m de executar diversas atividades educativas em todo o DF.<br \/>\nPara ajudar na manuten\u00e7\u00e3o do Vida Positiva, ela criou o Vov\u00f3 Gourmet, um empreendimento de farofa gourmet, com entrega delivery. S\u00e3o 19 sabores que est\u00e3o conquistando o Brasil. Al\u00e9m de volunt\u00e1rios, h\u00e1 11 funcion\u00e1rios contratados, mais custos de \u00e1gua, energia el\u00e9trica, aluguel, rem\u00e9dios, alimenta\u00e7\u00e3o, educa\u00e7\u00e3o&#8230; \u00c9 uma batalha di\u00e1ria que precisa da solidariedade de todos!<br \/>\nNa pr\u00f3xima semana As Marias do Brasil traz aos internautas do Brasil e do mundo, pois a internet n\u00e3o tem fronteiras, Cristiane Britto, secret\u00e1ria Nacional de Pol\u00edticas para as Mulheres. \u00c9 a primeira entrevista que Cristiane concede durante quase um ano de gest\u00e3o na SPM.<br \/>\nSegundo Cl\u00e9a \u201cfoi um bate-papo muito interessante sobre quem \u00e9 Cristiane Britto, assuntos diversos do universo feminino, inclusive um balan\u00e7o dos trabalhos na SPM, or\u00e7amento, mulher na pol\u00edtica e outros\u201d.<br \/>\nAs Marias do Brasil, assim como as mulheres brasileiras, enfrenta um desafio: a falta de recursos para chegar \u00e0s Marias em outros estados brasileiros. \u201cO nosso sonho \u00e9 trazer para nossos seguidores, telespectadores Marias do sert\u00e3o, dos quilombos, aldeia ind\u00edgena, e outras de cora\u00e7\u00e3o grande e empoderadas de v\u00e1rios estados. Fazer um retrato do pa\u00eds. N\u00f3s vamos conseguir, afinal somos Marias do Brasil. N\u00e3o desistimos nunca\u201d<br \/>\nEnquanto n\u00e3o supera os obst\u00e1culos, o canal segue com Marias que moram em Bras\u00edlia e S\u00e3o Paulo.<\/p>\n<p>Servi\u00e7o:<br \/>\nSe inscreva no canal http:\/\/www.youtube.com\/c\/AsMariasdoBrasil<br \/>\nInstagram e Facebook: @asmariasdobrasil.oficial<\/p>\n<p>Para doar ao Instituto Vida Positiva \/ Vicky Tavares:<br \/>\nCaixa econ\u00f4mica Federal: ag\u00eancia 1041 \u2013 opera\u00e7\u00e3o 003 \u2013 conta corrente 385-0<br \/>\nBanco do Brasil: ag\u00eancia 3475-4 \u2013 conta corrente 36557-2<br \/>\nCNPJ: 085686010001-07<br \/>\nTelentrega da Farofinha Solid\u00e1ria \u2013 Farofa Gourmet: (61) 9 9942-8940 \/ (61) 9 8402-5762<br \/>\nContatos:<br \/>\nFacebook e Instagram: @vovisgourmet<br \/>\nSite; vidapositiva.org<br \/>\nTelefones: (61) 99942-8970 \/ 99942-8940<\/p>\n<p>Com informa\u00e7\u00f5es da produ\u00e7\u00e3o do Canal As Marias do Brasil<\/p>\n","protected":false},"excerpt":{"rendered":"<p>Mulheres fortalecendo mulheres \u00e9 o objetivo de As Marias do Brasil. \u00c9 um espa\u00e7o para dar voz as mulheres extraordin\u00e1rias e inspiradoras, vis\u00edveis e invis\u00edveis. As Marias que come\u00e7am, recome\u00e7am, se reinventam todos os dias. Hist\u00f3rias de garra, lutas, paix\u00e3o, emo\u00e7\u00e3o, conquistas, supera\u00e7\u00e3o, de vidas. A idealizadora do programa, Cl\u00e9a Paix\u00e3o, \u00e9 tamb\u00e9m uma Maria [&hellip;]<\/p>\n","protected":false},"author":18,"featured_media":19381,"comment_status":"open","ping_status":"open","sticky":false,"template":"","format":"video","meta":{"footnotes":""},"categories":[1],"tags":[],"class_list":{"0":"post-19279","1":"post","2":"type-post","3":"status-publish","4":"format-video","5":"has-post-thumbnail","7":"category-outros","8":"post_format-post-format-video"},"yoast_head":"<!-- This site is optimized with the Yoast SEO Premium plugin v24.5 (Yoast SEO v27.5) - https:\/\/yoast.com\/product\/yoast-seo-premium-wordpress\/ -->\n<title>Est\u00e1 no ar o canal As Marias do Brasil - P31<\/title>\n<meta name=\"description\" content=\"Mulheres fortalecendo mulheres \u00e9 o objetivo de As Marias do Brasil. \u00c9 um espa\u00e7o para dar voz as mulheres extraordin\u00e1rias e inspiradoras, vis\u00edveis e invis\u00edveis. As Marias que come\u00e7am, recome\u00e7am, se reinventam todos os dias. Hist\u00f3rias de garra, lutas, paix\u00e3o, emo\u00e7\u00e3o, conquistas, supera\u00e7\u00e3o, de vidas.\" \/>\n<meta name=\"robots\" content=\"index, follow, max-snippet:-1, max-image-preview:large, max-video-preview:-1\" \/>\n<link rel=\"canonical\" href=\"https:\/\/www.p31noticias.com.br\/?p=19279\" \/>\n<meta property=\"og:locale\" content=\"pt_BR\" \/>\n<meta property=\"og:type\" content=\"article\" \/>\n<meta property=\"og:title\" content=\"Est\u00e1 no ar o canal As Marias do Brasil\" \/>\n<meta property=\"og:description\" content=\"Mulheres fortalecendo mulheres \u00e9 o objetivo de As Marias do Brasil. \u00c9 um espa\u00e7o para dar voz as mulheres extraordin\u00e1rias e inspiradoras, vis\u00edveis e invis\u00edveis. As Marias que come\u00e7am, recome\u00e7am, se reinventam todos os dias. Hist\u00f3rias de garra, lutas, paix\u00e3o, emo\u00e7\u00e3o, conquistas, supera\u00e7\u00e3o, de vidas.\" \/>\n<meta property=\"og:url\" content=\"https:\/\/www.p31noticias.com.br\/?p=19279\" \/>\n<meta property=\"og:site_name\" content=\"P31\" \/>\n<meta property=\"article:published_time\" content=\"2020-03-27T01:33:39+00:00\" \/>\n<meta property=\"og:image\" content=\"https:\/\/www.p31noticias.com.br\/wp-content\/uploads\/2020\/03\/maxresdefault-2.jpg\" \/>\n\t<meta property=\"og:image:width\" content=\"1280\" \/>\n\t<meta property=\"og:image:height\" content=\"720\" \/>\n\t<meta property=\"og:image:type\" content=\"image\/jpeg\" \/>\n<meta name=\"author\" content=\"Reda\u00e7\u00e3o JBN\" \/>\n<meta name=\"twitter:card\" content=\"summary_large_image\" \/>\n<meta name=\"twitter:label1\" content=\"Escrito por\" \/>\n\t<meta name=\"twitter:data1\" content=\"Reda\u00e7\u00e3o JBN\" \/>\n\t<meta name=\"twitter:label2\" content=\"Est. tempo de leitura\" \/>\n\t<meta name=\"twitter:data2\" content=\"4 minutos\" \/>\n<script type=\"application\/ld+json\" class=\"yoast-schema-graph\">{\"@context\":\"https:\\\/\\\/schema.org\",\"@graph\":[{\"@type\":\"Article\",\"@id\":\"https:\\\/\\\/www.p31noticias.com.br\\\/?p=19279#article\",\"isPartOf\":{\"@id\":\"https:\\\/\\\/www.p31noticias.com.br\\\/?p=19279\"},\"author\":{\"name\":\"Reda\u00e7\u00e3o JBN\",\"@id\":\"https:\\\/\\\/www.p31noticias.com.br\\\/#\\\/schema\\\/person\\\/77d6b186c710ac38937c6ec204fdd387\"},\"headline\":\"Est\u00e1 no ar o canal As Marias do Brasil\",\"datePublished\":\"2020-03-27T01:33:39+00:00\",\"mainEntityOfPage\":{\"@id\":\"https:\\\/\\\/www.p31noticias.com.br\\\/?p=19279\"},\"wordCount\":729,\"commentCount\":0,\"image\":{\"@id\":\"https:\\\/\\\/www.p31noticias.com.br\\\/?p=19279#primaryimage\"},\"thumbnailUrl\":\"https:\\\/\\\/www.p31noticias.com.br\\\/wp-content\\\/uploads\\\/2020\\\/03\\\/maxresdefault-2.jpg\",\"articleSection\":[\"Outros\"],\"inLanguage\":\"pt-BR\",\"potentialAction\":[{\"@type\":\"CommentAction\",\"name\":\"Comment\",\"target\":[\"https:\\\/\\\/www.p31noticias.com.br\\\/?p=19279#respond\"]}],\"copyrightYear\":\"2020\",\"copyrightHolder\":{\"@id\":\"https:\\\/\\\/www.p31noticias.com.br\\\/#organization\"}},{\"@type\":\"WebPage\",\"@id\":\"https:\\\/\\\/www.p31noticias.com.br\\\/?p=19279\",\"url\":\"https:\\\/\\\/www.p31noticias.com.br\\\/?p=19279\",\"name\":\"Est\u00e1 no ar o canal As Marias do Brasil - P31\",\"isPartOf\":{\"@id\":\"https:\\\/\\\/www.p31noticias.com.br\\\/#website\"},\"primaryImageOfPage\":{\"@id\":\"https:\\\/\\\/www.p31noticias.com.br\\\/?p=19279#primaryimage\"},\"image\":{\"@id\":\"https:\\\/\\\/www.p31noticias.com.br\\\/?p=19279#primaryimage\"},\"thumbnailUrl\":\"https:\\\/\\\/www.p31noticias.com.br\\\/wp-content\\\/uploads\\\/2020\\\/03\\\/maxresdefault-2.jpg\",\"datePublished\":\"2020-03-27T01:33:39+00:00\",\"author\":{\"@id\":\"https:\\\/\\\/www.p31noticias.com.br\\\/#\\\/schema\\\/person\\\/77d6b186c710ac38937c6ec204fdd387\"},\"description\":\"Mulheres fortalecendo mulheres \u00e9 o objetivo de As Marias do Brasil. \u00c9 um espa\u00e7o para dar voz as mulheres extraordin\u00e1rias e inspiradoras, vis\u00edveis e invis\u00edveis. As Marias que come\u00e7am, recome\u00e7am, se reinventam todos os dias. Hist\u00f3rias de garra, lutas, paix\u00e3o, emo\u00e7\u00e3o, conquistas, supera\u00e7\u00e3o, de vidas.\",\"breadcrumb\":{\"@id\":\"https:\\\/\\\/www.p31noticias.com.br\\\/?p=19279#breadcrumb\"},\"inLanguage\":\"pt-BR\",\"potentialAction\":[{\"@type\":\"ReadAction\",\"target\":[\"https:\\\/\\\/www.p31noticias.com.br\\\/?p=19279\"]}]},{\"@type\":\"ImageObject\",\"inLanguage\":\"pt-BR\",\"@id\":\"https:\\\/\\\/www.p31noticias.com.br\\\/?p=19279#primaryimage\",\"url\":\"https:\\\/\\\/www.p31noticias.com.br\\\/wp-content\\\/uploads\\\/2020\\\/03\\\/maxresdefault-2.jpg\",\"contentUrl\":\"https:\\\/\\\/www.p31noticias.com.br\\\/wp-content\\\/uploads\\\/2020\\\/03\\\/maxresdefault-2.jpg\",\"width\":1280,\"height\":720},{\"@type\":\"BreadcrumbList\",\"@id\":\"https:\\\/\\\/www.p31noticias.com.br\\\/?p=19279#breadcrumb\",\"itemListElement\":[{\"@type\":\"ListItem\",\"position\":1,\"name\":\"In\u00edcio\",\"item\":\"https:\\\/\\\/www.p31noticias.com.br\\\/\"},{\"@type\":\"ListItem\",\"position\":2,\"name\":\"Est\u00e1 no ar o canal As Marias do Brasil\"}]},{\"@type\":\"WebSite\",\"@id\":\"https:\\\/\\\/www.p31noticias.com.br\\\/#website\",\"url\":\"https:\\\/\\\/www.p31noticias.com.br\\\/\",\"name\":\"P31\",\"description\":\"NOT\u00cdCIAS\",\"potentialAction\":[{\"@type\":\"SearchAction\",\"target\":{\"@type\":\"EntryPoint\",\"urlTemplate\":\"https:\\\/\\\/www.p31noticias.com.br\\\/?s={search_term_string}\"},\"query-input\":{\"@type\":\"PropertyValueSpecification\",\"valueRequired\":true,\"valueName\":\"search_term_string\"}}],\"inLanguage\":\"pt-BR\"},{\"@type\":\"Person\",\"@id\":\"https:\\\/\\\/www.p31noticias.com.br\\\/#\\\/schema\\\/person\\\/77d6b186c710ac38937c6ec204fdd387\",\"name\":\"Reda\u00e7\u00e3o JBN\",\"image\":{\"@type\":\"ImageObject\",\"inLanguage\":\"pt-BR\",\"@id\":\"https:\\\/\\\/secure.gravatar.com\\\/avatar\\\/10fcdb93211f98cce3d64c0795b0915a9a4a21dc0f279238995a3dbfafcad090?s=96&d=mm&r=g\",\"url\":\"https:\\\/\\\/secure.gravatar.com\\\/avatar\\\/10fcdb93211f98cce3d64c0795b0915a9a4a21dc0f279238995a3dbfafcad090?s=96&d=mm&r=g\",\"contentUrl\":\"https:\\\/\\\/secure.gravatar.com\\\/avatar\\\/10fcdb93211f98cce3d64c0795b0915a9a4a21dc0f279238995a3dbfafcad090?s=96&d=mm&r=g\",\"caption\":\"Reda\u00e7\u00e3o JBN\"},\"sameAs\":[\"https:\\\/\\\/p31noticias.com.br\"],\"url\":\"https:\\\/\\\/www.p31noticias.com.br\\\/?author=18\"}]}<\/script>\n<!-- \/ Yoast SEO Premium plugin. -->","yoast_head_json":{"title":"Est\u00e1 no ar o canal As Marias do Brasil - P31","description":"Mulheres fortalecendo mulheres \u00e9 o objetivo de As Marias do Brasil. \u00c9 um espa\u00e7o para dar voz as mulheres extraordin\u00e1rias e inspiradoras, vis\u00edveis e invis\u00edveis. As Marias que come\u00e7am, recome\u00e7am, se reinventam todos os dias. Hist\u00f3rias de garra, lutas, paix\u00e3o, emo\u00e7\u00e3o, conquistas, supera\u00e7\u00e3o, de vidas.","robots":{"index":"index","follow":"follow","max-snippet":"max-snippet:-1","max-image-preview":"max-image-preview:large","max-video-preview":"max-video-preview:-1"},"canonical":"https:\/\/www.p31noticias.com.br\/?p=19279","og_locale":"pt_BR","og_type":"article","og_title":"Est\u00e1 no ar o canal As Marias do Brasil","og_description":"Mulheres fortalecendo mulheres \u00e9 o objetivo de As Marias do Brasil. \u00c9 um espa\u00e7o para dar voz as mulheres extraordin\u00e1rias e inspiradoras, vis\u00edveis e invis\u00edveis. As Marias que come\u00e7am, recome\u00e7am, se reinventam todos os dias. Hist\u00f3rias de garra, lutas, paix\u00e3o, emo\u00e7\u00e3o, conquistas, supera\u00e7\u00e3o, de vidas.","og_url":"https:\/\/www.p31noticias.com.br\/?p=19279","og_site_name":"P31","article_published_time":"2020-03-27T01:33:39+00:00","og_image":[{"width":1280,"height":720,"url":"https:\/\/www.p31noticias.com.br\/wp-content\/uploads\/2020\/03\/maxresdefault-2.jpg","type":"image\/jpeg"}],"author":"Reda\u00e7\u00e3o JBN","twitter_card":"summary_large_image","twitter_misc":{"Escrito por":"Reda\u00e7\u00e3o JBN","Est. tempo de leitura":"4 minutos"},"schema":{"@context":"https:\/\/schema.org","@graph":[{"@type":"Article","@id":"https:\/\/www.p31noticias.com.br\/?p=19279#article","isPartOf":{"@id":"https:\/\/www.p31noticias.com.br\/?p=19279"},"author":{"name":"Reda\u00e7\u00e3o JBN","@id":"https:\/\/www.p31noticias.com.br\/#\/schema\/person\/77d6b186c710ac38937c6ec204fdd387"},"headline":"Est\u00e1 no ar o canal As Marias do Brasil","datePublished":"2020-03-27T01:33:39+00:00","mainEntityOfPage":{"@id":"https:\/\/www.p31noticias.com.br\/?p=19279"},"wordCount":729,"commentCount":0,"image":{"@id":"https:\/\/www.p31noticias.com.br\/?p=19279#primaryimage"},"thumbnailUrl":"https:\/\/www.p31noticias.com.br\/wp-content\/uploads\/2020\/03\/maxresdefault-2.jpg","articleSection":["Outros"],"inLanguage":"pt-BR","potentialAction":[{"@type":"CommentAction","name":"Comment","target":["https:\/\/www.p31noticias.com.br\/?p=19279#respond"]}],"copyrightYear":"2020","copyrightHolder":{"@id":"https:\/\/www.p31noticias.com.br\/#organization"}},{"@type":"WebPage","@id":"https:\/\/www.p31noticias.com.br\/?p=19279","url":"https:\/\/www.p31noticias.com.br\/?p=19279","name":"Est\u00e1 no ar o canal As Marias do Brasil - P31","isPartOf":{"@id":"https:\/\/www.p31noticias.com.br\/#website"},"primaryImageOfPage":{"@id":"https:\/\/www.p31noticias.com.br\/?p=19279#primaryimage"},"image":{"@id":"https:\/\/www.p31noticias.com.br\/?p=19279#primaryimage"},"thumbnailUrl":"https:\/\/www.p31noticias.com.br\/wp-content\/uploads\/2020\/03\/maxresdefault-2.jpg","datePublished":"2020-03-27T01:33:39+00:00","author":{"@id":"https:\/\/www.p31noticias.com.br\/#\/schema\/person\/77d6b186c710ac38937c6ec204fdd387"},"description":"Mulheres fortalecendo mulheres \u00e9 o objetivo de As Marias do Brasil. \u00c9 um espa\u00e7o para dar voz as mulheres extraordin\u00e1rias e inspiradoras, vis\u00edveis e invis\u00edveis. As Marias que come\u00e7am, recome\u00e7am, se reinventam todos os dias. Hist\u00f3rias de garra, lutas, paix\u00e3o, emo\u00e7\u00e3o, conquistas, supera\u00e7\u00e3o, de vidas.","breadcrumb":{"@id":"https:\/\/www.p31noticias.com.br\/?p=19279#breadcrumb"},"inLanguage":"pt-BR","potentialAction":[{"@type":"ReadAction","target":["https:\/\/www.p31noticias.com.br\/?p=19279"]}]},{"@type":"ImageObject","inLanguage":"pt-BR","@id":"https:\/\/www.p31noticias.com.br\/?p=19279#primaryimage","url":"https:\/\/www.p31noticias.com.br\/wp-content\/uploads\/2020\/03\/maxresdefault-2.jpg","contentUrl":"https:\/\/www.p31noticias.com.br\/wp-content\/uploads\/2020\/03\/maxresdefault-2.jpg","width":1280,"height":720},{"@type":"BreadcrumbList","@id":"https:\/\/www.p31noticias.com.br\/?p=19279#breadcrumb","itemListElement":[{"@type":"ListItem","position":1,"name":"In\u00edcio","item":"https:\/\/www.p31noticias.com.br\/"},{"@type":"ListItem","position":2,"name":"Est\u00e1 no ar o canal As Marias do Brasil"}]},{"@type":"WebSite","@id":"https:\/\/www.p31noticias.com.br\/#website","url":"https:\/\/www.p31noticias.com.br\/","name":"P31","description":"NOT\u00cdCIAS","potentialAction":[{"@type":"SearchAction","target":{"@type":"EntryPoint","urlTemplate":"https:\/\/www.p31noticias.com.br\/?s={search_term_string}"},"query-input":{"@type":"PropertyValueSpecification","valueRequired":true,"valueName":"search_term_string"}}],"inLanguage":"pt-BR"},{"@type":"Person","@id":"https:\/\/www.p31noticias.com.br\/#\/schema\/person\/77d6b186c710ac38937c6ec204fdd387","name":"Reda\u00e7\u00e3o JBN","image":{"@type":"ImageObject","inLanguage":"pt-BR","@id":"https:\/\/secure.gravatar.com\/avatar\/10fcdb93211f98cce3d64c0795b0915a9a4a21dc0f279238995a3dbfafcad090?s=96&d=mm&r=g","url":"https:\/\/secure.gravatar.com\/avatar\/10fcdb93211f98cce3d64c0795b0915a9a4a21dc0f279238995a3dbfafcad090?s=96&d=mm&r=g","contentUrl":"https:\/\/secure.gravatar.com\/avatar\/10fcdb93211f98cce3d64c0795b0915a9a4a21dc0f279238995a3dbfafcad090?s=96&d=mm&r=g","caption":"Reda\u00e7\u00e3o JBN"},"sameAs":["https:\/\/p31noticias.com.br"],"url":"https:\/\/www.p31noticias.com.br\/?author=18"}]}},"amp_enabled":true,"_links":{"self":[{"href":"https:\/\/www.p31noticias.com.br\/index.php?rest_route=\/wp\/v2\/posts\/19279","targetHints":{"allow":["GET"]}}],"collection":[{"href":"https:\/\/www.p31noticias.com.br\/index.php?rest_route=\/wp\/v2\/posts"}],"about":[{"href":"https:\/\/www.p31noticias.com.br\/index.php?rest_route=\/wp\/v2\/types\/post"}],"author":[{"embeddable":true,"href":"https:\/\/www.p31noticias.com.br\/index.php?rest_route=\/wp\/v2\/users\/18"}],"replies":[{"embeddable":true,"href":"https:\/\/www.p31noticias.com.br\/index.php?rest_route=%2Fwp%2Fv2%2Fcomments&post=19279"}],"version-history":[{"count":0,"href":"https:\/\/www.p31noticias.com.br\/index.php?rest_route=\/wp\/v2\/posts\/19279\/revisions"}],"wp:featuredmedia":[{"embeddable":true,"href":"https:\/\/www.p31noticias.com.br\/index.php?rest_route=\/wp\/v2\/media\/19381"}],"wp:attachment":[{"href":"https:\/\/www.p31noticias.com.br\/index.php?rest_route=%2Fwp%2Fv2%2Fmedia&parent=19279"}],"wp:term":[{"taxonomy":"category","embeddable":true,"href":"https:\/\/www.p31noticias.com.br\/index.php?rest_route=%2Fwp%2Fv2%2Fcategories&post=19279"},{"taxonomy":"post_tag","embeddable":true,"href":"https:\/\/www.p31noticias.com.br\/index.php?rest_route=%2Fwp%2Fv2%2Ftags&post=19279"}],"curies":[{"name":"wp","href":"https:\/\/api.w.org\/{rel}","templated":true}]}}