{"id":19275,"date":"2020-03-26T22:12:44","date_gmt":"2020-03-27T01:12:44","guid":{"rendered":"https:\/\/www.delioandrade.com.br\/?p=19275"},"modified":"2020-03-26T22:12:44","modified_gmt":"2020-03-27T01:12:44","slug":"r-600-para-pessoas-de-baixa","status":"publish","type":"post","link":"https:\/\/www.p31noticias.com.br\/?p=19275","title":{"rendered":"R$ 600 para pessoas de baixa"},"content":{"rendered":"<div class=\"article-paragraph\">\n<div class=\"article-paragraph\">\n<p>A\u00a0<strong>C\u00e2mara dos Deputados<\/strong>\u00a0aprovou, na noite desta quinta-feira (26), em vota\u00e7\u00e3o virtual, o aux\u00edlio emergencial de R$ 600 para pessoas de baixa renda devido \u00e0 pandemia do\u00a0<strong>coronav\u00edrus<\/strong>. O projeto segue para o Senado federal. A aprova\u00e7\u00e3o foi por acordo entre todos os l\u00edderes partid\u00e1rios.<\/p>\n<\/div>\n<div class=\"article-paragraph\">\n<p>O valor inicialmente proposto pelo Executivo era de R$ 200, mas o presidente da C\u00e2mara dos Deputados,\u00a0<strong>Rodrigo Maia<\/strong>, pautou um projeto da oposi\u00e7\u00e3o (PT, PSB, Rede, PCdoB, PSOL e PDT) para ampliar esse valor para R$ 500, o que foi acatado pelo relator do projeto, Marcelo Aro (PP-MG).<\/p>\n<div class=\"article-paragraph\">\n<p>Pouco antes da vota\u00e7\u00e3o, o l\u00edder do governo, deputado V\u00edtor Hugo (PSL-GO), afirmou que o Executivo concordou em aumentar o valor de cada cota para R$ 600. O aux\u00edlio ser\u00e1 concedido durante tr\u00eas meses para as pessoas de baixa renda afetadas pela crise sanit\u00e1ria.<\/p>\n<\/div>\n<div class=\"article-paragraph\">\n<p>\u2014 Poderemos chegar a R$ 1,2 mil por fam\u00edlia \u2014 disse Aro.<\/p>\n<\/div>\n<div class=\"article-paragraph\">\n<p>Mais cedo, o l\u00edder da minoria, deputado Jos\u00e9 Guimar\u00e3es (PT-CE), afirmou que a oposi\u00e7\u00e3o sugeriu um benef\u00edcio de at\u00e9 dois sal\u00e1rios m\u00ednimos por fam\u00edlia (R$ 2,09 mil).<\/p>\n<div class=\"article-paragraph\">\n<p>J\u00e1 o deputado Vitor Hugo afirmou que o objetivo do governo \u00e9 &#8220;salvar vidas e preservar empregos&#8221;. Ele destacou os di\u00e1logos que permitiram o acordo.<\/p>\n<\/div>\n<div class=\"article-paragraph\">\n<p>\u2014 Tamb\u00e9m precisamos aprovar as reformas estruturantes, como o Plano Mansueto e outras medidas \u2014 disse.<\/p>\n<\/div>\n<div class=\"article-paragraph\">\n<p>O Brasil chegou nesta quinta a 77 mortes e pelo menos 2.915 casos confirmados de coronav\u00edrus, segundo o Minist\u00e9rio da Sa\u00fade.<\/p>\n<div class=\"article-paragraph\">\n<p><strong>Para ter acesso ao aux\u00edlio, a pessoa deve cumprir, ao mesmo tempo, os seguintes requisitos<\/strong><\/p>\n<\/div>\n<div class=\"article-paragraph\">\n<ul>\n<li class=\"unordered-list-item\">ser maior de 18 anos de idade;<\/li>\n<li class=\"unordered-list-item\">n\u00e3o ter emprego formal;<\/li>\n<li class=\"unordered-list-item\">n\u00e3o receber benef\u00edcio previdenci\u00e1rio ou assistencial, seguro-desemprego ou de outro programa de transfer\u00eancia de renda federal que n\u00e3o seja o Bolsa Fam\u00edlia;<\/li>\n<li class=\"unordered-list-item\">renda familiar mensal per capita (por pessoa) de at\u00e9 meio sal\u00e1rio m\u00ednimo (R$ 522,50) ou renda familiar mensal total (tudo o que a fam\u00edlia recebe) de at\u00e9 tr\u00eas sal\u00e1rios m\u00ednimos (R$ 3.135,00); e<\/li>\n<li class=\"unordered-list-item\">n\u00e3o ter recebido rendimentos tribut\u00e1veis, no ano de 2018, acima de R$ 28.559,70.<\/li>\n<\/ul>\n<\/div>\n<div class=\"article-paragraph\">\n<p><strong>A pessoa candidata dever\u00e1 ainda cumprir uma dessas condi\u00e7\u00f5es<\/strong><\/p>\n<\/div>\n<div class=\"article-paragraph\">\n<ul>\n<li class=\"unordered-list-item\">exercer atividade na condi\u00e7\u00e3o de microempreendedor individual (MEI);<\/li>\n<li class=\"unordered-list-item\">ser contribuinte individual ou facultativo do Regime Geral de Previd\u00eancia Social (RGPS) ;<\/li>\n<li class=\"unordered-list-item\">trabalhador informal inscrito no Cadastro \u00danico para Programas Sociais do Governo Federal (Cad\u00danico);<\/li>\n<li class=\"unordered-list-item\">ou ter cumprido o requisito de renda m\u00e9dia at\u00e9 20 de mar\u00e7o de 2020<\/li>\n<\/ul>\n<\/div>\n<\/div>\n<\/div>\n<\/div>\n<\/div>\n","protected":false},"excerpt":{"rendered":"<p>A\u00a0C\u00e2mara dos Deputados\u00a0aprovou, na noite desta quinta-feira (26), em vota\u00e7\u00e3o virtual, o aux\u00edlio emergencial de R$ 600 para pessoas de baixa renda devido \u00e0 pandemia do\u00a0coronav\u00edrus. O projeto segue para o Senado federal. A aprova\u00e7\u00e3o foi por acordo entre todos os l\u00edderes partid\u00e1rios. O valor inicialmente proposto pelo Executivo era de R$ 200, mas o [&hellip;]<\/p>\n","protected":false},"author":18,"featured_media":19278,"comment_status":"open","ping_status":"open","sticky":false,"template":"","format":"standard","meta":{"footnotes":""},"categories":[68],"tags":[],"class_list":{"0":"post-19275","1":"post","2":"type-post","3":"status-publish","4":"format-standard","5":"has-post-thumbnail","7":"category-brasil"},"yoast_head":"<!-- This site is optimized with the Yoast SEO Premium plugin v24.5 (Yoast SEO v27.5) - https:\/\/yoast.com\/product\/yoast-seo-premium-wordpress\/ -->\n<title>R$ 600 para pessoas de baixa - P31<\/title>\n<meta name=\"description\" content=\"A\u00a0C\u00e2mara dos Deputados\u00a0aprovou, na noite desta quinta-feira (26), em vota\u00e7\u00e3o virtual, o aux\u00edlio emergencial de R$ 600 para pessoas de baixa renda devido \u00e0 pandemia do\u00a0coronav\u00edrus. O projeto segue para o Senado federal. A aprova\u00e7\u00e3o foi por acordo entre todos os l\u00edderes partid\u00e1rios.\" \/>\n<meta name=\"robots\" content=\"index, follow, max-snippet:-1, max-image-preview:large, max-video-preview:-1\" \/>\n<link rel=\"canonical\" href=\"https:\/\/www.p31noticias.com.br\/?p=19275\" \/>\n<meta property=\"og:locale\" content=\"pt_BR\" \/>\n<meta property=\"og:type\" content=\"article\" \/>\n<meta property=\"og:title\" content=\"R$ 600 para pessoas de baixa\" \/>\n<meta property=\"og:description\" content=\"A\u00a0C\u00e2mara dos Deputados\u00a0aprovou, na noite desta quinta-feira (26), em vota\u00e7\u00e3o virtual, o aux\u00edlio emergencial de R$ 600 para pessoas de baixa renda devido \u00e0 pandemia do\u00a0coronav\u00edrus. O projeto segue para o Senado federal. A aprova\u00e7\u00e3o foi por acordo entre todos os l\u00edderes partid\u00e1rios.\" \/>\n<meta property=\"og:url\" content=\"https:\/\/www.p31noticias.com.br\/?p=19275\" \/>\n<meta property=\"og:site_name\" content=\"P31\" \/>\n<meta property=\"article:published_time\" content=\"2020-03-27T01:12:44+00:00\" \/>\n<meta property=\"og:image\" content=\"https:\/\/www.p31noticias.com.br\/wp-content\/uploads\/2020\/03\/600-reais.jpg\" \/>\n\t<meta property=\"og:image:width\" content=\"984\" \/>\n\t<meta property=\"og:image:height\" content=\"845\" \/>\n\t<meta property=\"og:image:type\" content=\"image\/jpeg\" \/>\n<meta name=\"author\" content=\"Reda\u00e7\u00e3o JBN\" \/>\n<meta name=\"twitter:card\" content=\"summary_large_image\" \/>\n<meta name=\"twitter:label1\" content=\"Escrito por\" \/>\n\t<meta name=\"twitter:data1\" content=\"Reda\u00e7\u00e3o JBN\" \/>\n\t<meta name=\"twitter:label2\" content=\"Est. tempo de leitura\" \/>\n\t<meta name=\"twitter:data2\" content=\"2 minutos\" \/>\n<script type=\"application\/ld+json\" class=\"yoast-schema-graph\">{\"@context\":\"https:\\\/\\\/schema.org\",\"@graph\":[{\"@type\":\"Article\",\"@id\":\"https:\\\/\\\/www.p31noticias.com.br\\\/?p=19275#article\",\"isPartOf\":{\"@id\":\"https:\\\/\\\/www.p31noticias.com.br\\\/?p=19275\"},\"author\":{\"name\":\"Reda\u00e7\u00e3o JBN\",\"@id\":\"https:\\\/\\\/www.p31noticias.com.br\\\/#\\\/schema\\\/person\\\/77d6b186c710ac38937c6ec204fdd387\"},\"headline\":\"R$ 600 para pessoas de baixa\",\"datePublished\":\"2020-03-27T01:12:44+00:00\",\"mainEntityOfPage\":{\"@id\":\"https:\\\/\\\/www.p31noticias.com.br\\\/?p=19275\"},\"wordCount\":423,\"commentCount\":0,\"image\":{\"@id\":\"https:\\\/\\\/www.p31noticias.com.br\\\/?p=19275#primaryimage\"},\"thumbnailUrl\":\"https:\\\/\\\/www.p31noticias.com.br\\\/wp-content\\\/uploads\\\/2020\\\/03\\\/600-reais.jpg\",\"articleSection\":[\"Brasil\"],\"inLanguage\":\"pt-BR\",\"potentialAction\":[{\"@type\":\"CommentAction\",\"name\":\"Comment\",\"target\":[\"https:\\\/\\\/www.p31noticias.com.br\\\/?p=19275#respond\"]}],\"copyrightYear\":\"2020\",\"copyrightHolder\":{\"@id\":\"https:\\\/\\\/www.p31noticias.com.br\\\/#organization\"}},{\"@type\":\"WebPage\",\"@id\":\"https:\\\/\\\/www.p31noticias.com.br\\\/?p=19275\",\"url\":\"https:\\\/\\\/www.p31noticias.com.br\\\/?p=19275\",\"name\":\"R$ 600 para pessoas de baixa - P31\",\"isPartOf\":{\"@id\":\"https:\\\/\\\/www.p31noticias.com.br\\\/#website\"},\"primaryImageOfPage\":{\"@id\":\"https:\\\/\\\/www.p31noticias.com.br\\\/?p=19275#primaryimage\"},\"image\":{\"@id\":\"https:\\\/\\\/www.p31noticias.com.br\\\/?p=19275#primaryimage\"},\"thumbnailUrl\":\"https:\\\/\\\/www.p31noticias.com.br\\\/wp-content\\\/uploads\\\/2020\\\/03\\\/600-reais.jpg\",\"datePublished\":\"2020-03-27T01:12:44+00:00\",\"author\":{\"@id\":\"https:\\\/\\\/www.p31noticias.com.br\\\/#\\\/schema\\\/person\\\/77d6b186c710ac38937c6ec204fdd387\"},\"description\":\"A\u00a0C\u00e2mara dos Deputados\u00a0aprovou, na noite desta quinta-feira (26), em vota\u00e7\u00e3o virtual, o aux\u00edlio emergencial de R$ 600 para pessoas de baixa renda devido \u00e0 pandemia do\u00a0coronav\u00edrus. O projeto segue para o Senado federal. A aprova\u00e7\u00e3o foi por acordo entre todos os l\u00edderes partid\u00e1rios.\",\"breadcrumb\":{\"@id\":\"https:\\\/\\\/www.p31noticias.com.br\\\/?p=19275#breadcrumb\"},\"inLanguage\":\"pt-BR\",\"potentialAction\":[{\"@type\":\"ReadAction\",\"target\":[\"https:\\\/\\\/www.p31noticias.com.br\\\/?p=19275\"]}]},{\"@type\":\"ImageObject\",\"inLanguage\":\"pt-BR\",\"@id\":\"https:\\\/\\\/www.p31noticias.com.br\\\/?p=19275#primaryimage\",\"url\":\"https:\\\/\\\/www.p31noticias.com.br\\\/wp-content\\\/uploads\\\/2020\\\/03\\\/600-reais.jpg\",\"contentUrl\":\"https:\\\/\\\/www.p31noticias.com.br\\\/wp-content\\\/uploads\\\/2020\\\/03\\\/600-reais.jpg\",\"width\":984,\"height\":845},{\"@type\":\"BreadcrumbList\",\"@id\":\"https:\\\/\\\/www.p31noticias.com.br\\\/?p=19275#breadcrumb\",\"itemListElement\":[{\"@type\":\"ListItem\",\"position\":1,\"name\":\"In\u00edcio\",\"item\":\"https:\\\/\\\/www.p31noticias.com.br\\\/\"},{\"@type\":\"ListItem\",\"position\":2,\"name\":\"R$ 600 para pessoas de baixa\"}]},{\"@type\":\"WebSite\",\"@id\":\"https:\\\/\\\/www.p31noticias.com.br\\\/#website\",\"url\":\"https:\\\/\\\/www.p31noticias.com.br\\\/\",\"name\":\"P31\",\"description\":\"NOT\u00cdCIAS\",\"potentialAction\":[{\"@type\":\"SearchAction\",\"target\":{\"@type\":\"EntryPoint\",\"urlTemplate\":\"https:\\\/\\\/www.p31noticias.com.br\\\/?s={search_term_string}\"},\"query-input\":{\"@type\":\"PropertyValueSpecification\",\"valueRequired\":true,\"valueName\":\"search_term_string\"}}],\"inLanguage\":\"pt-BR\"},{\"@type\":\"Person\",\"@id\":\"https:\\\/\\\/www.p31noticias.com.br\\\/#\\\/schema\\\/person\\\/77d6b186c710ac38937c6ec204fdd387\",\"name\":\"Reda\u00e7\u00e3o JBN\",\"image\":{\"@type\":\"ImageObject\",\"inLanguage\":\"pt-BR\",\"@id\":\"https:\\\/\\\/secure.gravatar.com\\\/avatar\\\/10fcdb93211f98cce3d64c0795b0915a9a4a21dc0f279238995a3dbfafcad090?s=96&d=mm&r=g\",\"url\":\"https:\\\/\\\/secure.gravatar.com\\\/avatar\\\/10fcdb93211f98cce3d64c0795b0915a9a4a21dc0f279238995a3dbfafcad090?s=96&d=mm&r=g\",\"contentUrl\":\"https:\\\/\\\/secure.gravatar.com\\\/avatar\\\/10fcdb93211f98cce3d64c0795b0915a9a4a21dc0f279238995a3dbfafcad090?s=96&d=mm&r=g\",\"caption\":\"Reda\u00e7\u00e3o JBN\"},\"sameAs\":[\"https:\\\/\\\/p31noticias.com.br\"],\"url\":\"https:\\\/\\\/www.p31noticias.com.br\\\/?author=18\"}]}<\/script>\n<!-- \/ Yoast SEO Premium plugin. -->","yoast_head_json":{"title":"R$ 600 para pessoas de baixa - P31","description":"A\u00a0C\u00e2mara dos Deputados\u00a0aprovou, na noite desta quinta-feira (26), em vota\u00e7\u00e3o virtual, o aux\u00edlio emergencial de R$ 600 para pessoas de baixa renda devido \u00e0 pandemia do\u00a0coronav\u00edrus. O projeto segue para o Senado federal. A aprova\u00e7\u00e3o foi por acordo entre todos os l\u00edderes partid\u00e1rios.","robots":{"index":"index","follow":"follow","max-snippet":"max-snippet:-1","max-image-preview":"max-image-preview:large","max-video-preview":"max-video-preview:-1"},"canonical":"https:\/\/www.p31noticias.com.br\/?p=19275","og_locale":"pt_BR","og_type":"article","og_title":"R$ 600 para pessoas de baixa","og_description":"A\u00a0C\u00e2mara dos Deputados\u00a0aprovou, na noite desta quinta-feira (26), em vota\u00e7\u00e3o virtual, o aux\u00edlio emergencial de R$ 600 para pessoas de baixa renda devido \u00e0 pandemia do\u00a0coronav\u00edrus. O projeto segue para o Senado federal. A aprova\u00e7\u00e3o foi por acordo entre todos os l\u00edderes partid\u00e1rios.","og_url":"https:\/\/www.p31noticias.com.br\/?p=19275","og_site_name":"P31","article_published_time":"2020-03-27T01:12:44+00:00","og_image":[{"width":984,"height":845,"url":"https:\/\/www.p31noticias.com.br\/wp-content\/uploads\/2020\/03\/600-reais.jpg","type":"image\/jpeg"}],"author":"Reda\u00e7\u00e3o JBN","twitter_card":"summary_large_image","twitter_misc":{"Escrito por":"Reda\u00e7\u00e3o JBN","Est. tempo de leitura":"2 minutos"},"schema":{"@context":"https:\/\/schema.org","@graph":[{"@type":"Article","@id":"https:\/\/www.p31noticias.com.br\/?p=19275#article","isPartOf":{"@id":"https:\/\/www.p31noticias.com.br\/?p=19275"},"author":{"name":"Reda\u00e7\u00e3o JBN","@id":"https:\/\/www.p31noticias.com.br\/#\/schema\/person\/77d6b186c710ac38937c6ec204fdd387"},"headline":"R$ 600 para pessoas de baixa","datePublished":"2020-03-27T01:12:44+00:00","mainEntityOfPage":{"@id":"https:\/\/www.p31noticias.com.br\/?p=19275"},"wordCount":423,"commentCount":0,"image":{"@id":"https:\/\/www.p31noticias.com.br\/?p=19275#primaryimage"},"thumbnailUrl":"https:\/\/www.p31noticias.com.br\/wp-content\/uploads\/2020\/03\/600-reais.jpg","articleSection":["Brasil"],"inLanguage":"pt-BR","potentialAction":[{"@type":"CommentAction","name":"Comment","target":["https:\/\/www.p31noticias.com.br\/?p=19275#respond"]}],"copyrightYear":"2020","copyrightHolder":{"@id":"https:\/\/www.p31noticias.com.br\/#organization"}},{"@type":"WebPage","@id":"https:\/\/www.p31noticias.com.br\/?p=19275","url":"https:\/\/www.p31noticias.com.br\/?p=19275","name":"R$ 600 para pessoas de baixa - P31","isPartOf":{"@id":"https:\/\/www.p31noticias.com.br\/#website"},"primaryImageOfPage":{"@id":"https:\/\/www.p31noticias.com.br\/?p=19275#primaryimage"},"image":{"@id":"https:\/\/www.p31noticias.com.br\/?p=19275#primaryimage"},"thumbnailUrl":"https:\/\/www.p31noticias.com.br\/wp-content\/uploads\/2020\/03\/600-reais.jpg","datePublished":"2020-03-27T01:12:44+00:00","author":{"@id":"https:\/\/www.p31noticias.com.br\/#\/schema\/person\/77d6b186c710ac38937c6ec204fdd387"},"description":"A\u00a0C\u00e2mara dos Deputados\u00a0aprovou, na noite desta quinta-feira (26), em vota\u00e7\u00e3o virtual, o aux\u00edlio emergencial de R$ 600 para pessoas de baixa renda devido \u00e0 pandemia do\u00a0coronav\u00edrus. O projeto segue para o Senado federal. A aprova\u00e7\u00e3o foi por acordo entre todos os l\u00edderes partid\u00e1rios.","breadcrumb":{"@id":"https:\/\/www.p31noticias.com.br\/?p=19275#breadcrumb"},"inLanguage":"pt-BR","potentialAction":[{"@type":"ReadAction","target":["https:\/\/www.p31noticias.com.br\/?p=19275"]}]},{"@type":"ImageObject","inLanguage":"pt-BR","@id":"https:\/\/www.p31noticias.com.br\/?p=19275#primaryimage","url":"https:\/\/www.p31noticias.com.br\/wp-content\/uploads\/2020\/03\/600-reais.jpg","contentUrl":"https:\/\/www.p31noticias.com.br\/wp-content\/uploads\/2020\/03\/600-reais.jpg","width":984,"height":845},{"@type":"BreadcrumbList","@id":"https:\/\/www.p31noticias.com.br\/?p=19275#breadcrumb","itemListElement":[{"@type":"ListItem","position":1,"name":"In\u00edcio","item":"https:\/\/www.p31noticias.com.br\/"},{"@type":"ListItem","position":2,"name":"R$ 600 para pessoas de baixa"}]},{"@type":"WebSite","@id":"https:\/\/www.p31noticias.com.br\/#website","url":"https:\/\/www.p31noticias.com.br\/","name":"P31","description":"NOT\u00cdCIAS","potentialAction":[{"@type":"SearchAction","target":{"@type":"EntryPoint","urlTemplate":"https:\/\/www.p31noticias.com.br\/?s={search_term_string}"},"query-input":{"@type":"PropertyValueSpecification","valueRequired":true,"valueName":"search_term_string"}}],"inLanguage":"pt-BR"},{"@type":"Person","@id":"https:\/\/www.p31noticias.com.br\/#\/schema\/person\/77d6b186c710ac38937c6ec204fdd387","name":"Reda\u00e7\u00e3o JBN","image":{"@type":"ImageObject","inLanguage":"pt-BR","@id":"https:\/\/secure.gravatar.com\/avatar\/10fcdb93211f98cce3d64c0795b0915a9a4a21dc0f279238995a3dbfafcad090?s=96&d=mm&r=g","url":"https:\/\/secure.gravatar.com\/avatar\/10fcdb93211f98cce3d64c0795b0915a9a4a21dc0f279238995a3dbfafcad090?s=96&d=mm&r=g","contentUrl":"https:\/\/secure.gravatar.com\/avatar\/10fcdb93211f98cce3d64c0795b0915a9a4a21dc0f279238995a3dbfafcad090?s=96&d=mm&r=g","caption":"Reda\u00e7\u00e3o JBN"},"sameAs":["https:\/\/p31noticias.com.br"],"url":"https:\/\/www.p31noticias.com.br\/?author=18"}]}},"amp_enabled":true,"_links":{"self":[{"href":"https:\/\/www.p31noticias.com.br\/index.php?rest_route=\/wp\/v2\/posts\/19275","targetHints":{"allow":["GET"]}}],"collection":[{"href":"https:\/\/www.p31noticias.com.br\/index.php?rest_route=\/wp\/v2\/posts"}],"about":[{"href":"https:\/\/www.p31noticias.com.br\/index.php?rest_route=\/wp\/v2\/types\/post"}],"author":[{"embeddable":true,"href":"https:\/\/www.p31noticias.com.br\/index.php?rest_route=\/wp\/v2\/users\/18"}],"replies":[{"embeddable":true,"href":"https:\/\/www.p31noticias.com.br\/index.php?rest_route=%2Fwp%2Fv2%2Fcomments&post=19275"}],"version-history":[{"count":0,"href":"https:\/\/www.p31noticias.com.br\/index.php?rest_route=\/wp\/v2\/posts\/19275\/revisions"}],"wp:featuredmedia":[{"embeddable":true,"href":"https:\/\/www.p31noticias.com.br\/index.php?rest_route=\/wp\/v2\/media\/19278"}],"wp:attachment":[{"href":"https:\/\/www.p31noticias.com.br\/index.php?rest_route=%2Fwp%2Fv2%2Fmedia&parent=19275"}],"wp:term":[{"taxonomy":"category","embeddable":true,"href":"https:\/\/www.p31noticias.com.br\/index.php?rest_route=%2Fwp%2Fv2%2Fcategories&post=19275"},{"taxonomy":"post_tag","embeddable":true,"href":"https:\/\/www.p31noticias.com.br\/index.php?rest_route=%2Fwp%2Fv2%2Ftags&post=19275"}],"curies":[{"name":"wp","href":"https:\/\/api.w.org\/{rel}","templated":true}]}}