{"id":19272,"date":"2020-03-26T19:37:37","date_gmt":"2020-03-26T22:37:37","guid":{"rendered":"https:\/\/www.delioandrade.com.br\/?p=19272"},"modified":"2020-03-26T19:37:37","modified_gmt":"2020-03-26T22:37:37","slug":"karla-monteiro-meu-amado-salvador-clipe-oficial","status":"publish","type":"post","link":"https:\/\/www.p31noticias.com.br\/?p=19272","title":{"rendered":"Karla Monteiro &#8211; Meu Amado Salvador &#8211; Clipe Oficial"},"content":{"rendered":"<p>Cantora: Karla Monteiro<br \/>\nM\u00fasica: Meu Amado Salvador<br \/>\nComposi\u00e7\u00e3o: Raphael Lima<\/p>\n<p><span class=\"style-scope yt-formatted-string\" dir=\"auto\">Siga Nossa PlayList Spotify no link: <\/span><a class=\"yt-simple-endpoint style-scope yt-formatted-string\" dir=\"auto\" spellcheck=\"false\" href=\"https:\/\/www.youtube.com\/redirect?q=https%3A%2F%2Fopen.spotify.com%2Falbum%2F040gPOKnkneMNi9iILSohD%3Fautoplay%3Dtrue%26v%3DL&amp;event=video_description&amp;v=K15ObHOM1-Y&amp;redir_token=n8n7JOGKum_s10kDM4hLYmm0PHB8MTU4NTM0Nzk1NEAxNTg1MjYxNTU0\" target=\"_blank\" rel=\"nofollow noopener noreferrer\">https:\/\/open.spotify.com\/album\/040gPO&#8230;<\/a><span class=\"style-scope yt-formatted-string\" dir=\"auto\"> Google Play M\u00fasica: <\/span><a class=\"yt-simple-endpoint style-scope yt-formatted-string\" dir=\"auto\" spellcheck=\"false\" href=\"https:\/\/www.youtube.com\/redirect?q=https%3A%2F%2Fplay.google.com%2Fmusic%2Fpreview%2FTepsqrvrwonbkijqr2aro6wyjvm%3Fplay%3D1&amp;event=video_description&amp;v=K15ObHOM1-Y&amp;redir_token=n8n7JOGKum_s10kDM4hLYmm0PHB8MTU4NTM0Nzk1NEAxNTg1MjYxNTU0\" target=\"_blank\" rel=\"nofollow noopener noreferrer\">https:\/\/play.google.com\/music\/preview&#8230;<\/a><br \/>\nArranjos: Marcelo Vins<br \/>\nClipe: Diretor R\u00f4mulo e Nikole (Ag\u00eancia 21)<br \/>\nCabelo\/Make: Charme \u2013 (61) 3021-1406<br \/>\nDire\u00e7\u00e3o Geral: Jo\u00e3o Paulo Ribeiro<br \/>\nBob Pizza Quadrada e Emp\u00f3rio Arte m\u00f3veis em Fibra \u2013 Taguatinga Norte DF<\/p>\n<p>\u25ba FanPage: facebook.com\/karlamonteirooficial<br \/>\n\u25ba Instagram: \/karlamonteirocantora<\/p>\n<p>CONTATOS COM A CANTORA\/AGENDAS:<br \/>\nWHATS: (34) 992346406 (61) 983167408<\/p>\n<p>&nbsp;<\/p>\n<p><strong>LETRA<\/strong><br \/>\nDebaixo de tuas asas eu quero estar, Senhor!<br \/>\nE me render em teus bra\u00e7os de amor<\/p>\n<p>Sim, tu \u00e9s a minha fortaleza!<br \/>\nMeu ref\u00fagio em dias de tribula\u00e7\u00e3o<br \/>\nJesus, \u00e9s meu amigo fiel, meu amado Salvador!<\/p>\n<p>Debaixo de tuas asas eu quero estar, Senhor!<br \/>\nE me render em teus bra\u00e7os de amor<\/p>\n<p>Sim, tu \u00e9s a minha fortaleza!<br \/>\nMeu ref\u00fagio em dias de tribula\u00e7\u00e3o<br \/>\nJesus, \u00e9s meu amigo fiel, meu amado Salvador!<\/p>\n<p>Sim, eu sei, tu \u00e9s o meu abrigo<br \/>\nTu \u00e9s o meu ref\u00fagio, o meu esconderijo.<\/p>\n<p>M\u00fasica: Meu Amado Salvador<br \/>\nArtista: Karla Monteiro<br \/>\n\u00c1lbum: Meu Amado Salvador<\/p>\n<p>Licenciado para o YouTube por: Karla Monteiro (Studio Piret)<\/p>\n","protected":false},"excerpt":{"rendered":"<p>Cantora: Karla Monteiro M\u00fasica: Meu Amado Salvador Composi\u00e7\u00e3o: Raphael Lima Siga Nossa PlayList Spotify no link: https:\/\/open.spotify.com\/album\/040gPO&#8230; Google Play M\u00fasica: https:\/\/play.google.com\/music\/preview&#8230; Arranjos: Marcelo Vins Clipe: Diretor R\u00f4mulo e Nikole (Ag\u00eancia 21) Cabelo\/Make: Charme \u2013 (61) 3021-1406 Dire\u00e7\u00e3o Geral: Jo\u00e3o Paulo Ribeiro Bob Pizza Quadrada e Emp\u00f3rio Arte m\u00f3veis em Fibra \u2013 Taguatinga Norte DF \u25ba [&hellip;]<\/p>\n","protected":false},"author":18,"featured_media":19274,"comment_status":"open","ping_status":"open","sticky":false,"template":"","format":"video","meta":{"footnotes":""},"categories":[1],"tags":[],"class_list":{"0":"post-19272","1":"post","2":"type-post","3":"status-publish","4":"format-video","5":"has-post-thumbnail","7":"category-outros","8":"post_format-post-format-video"},"yoast_head":"<!-- This site is optimized with the Yoast SEO Premium plugin v24.5 (Yoast SEO v27.5) - https:\/\/yoast.com\/product\/yoast-seo-premium-wordpress\/ -->\n<title>Karla Monteiro - Meu Amado Salvador - Clipe Oficial - P31<\/title>\n<meta name=\"description\" content=\"Curta o mais novo trabalho de Karla Monteiro em um clipe estraordin\u00e1rio. Dire\u00e7\u00e3o Geral: Jo\u00e3o Paulo Ribeiro - Bob Pizza Quadrada e Emp\u00f3rio Arte m\u00f3veis em Fibra \u2013 Taguatinga Norte DF\" \/>\n<meta name=\"robots\" content=\"index, follow, max-snippet:-1, max-image-preview:large, max-video-preview:-1\" \/>\n<link rel=\"canonical\" href=\"https:\/\/www.p31noticias.com.br\/?p=19272\" \/>\n<meta property=\"og:locale\" content=\"pt_BR\" \/>\n<meta property=\"og:type\" content=\"article\" \/>\n<meta property=\"og:title\" content=\"Karla Monteiro - Meu Amado Salvador - Clipe Oficial\" \/>\n<meta property=\"og:description\" content=\"Curta o mais novo trabalho de Karla Monteiro em um clipe estraordin\u00e1rio. Dire\u00e7\u00e3o Geral: Jo\u00e3o Paulo Ribeiro - Bob Pizza Quadrada e Emp\u00f3rio Arte m\u00f3veis em Fibra \u2013 Taguatinga Norte DF\" \/>\n<meta property=\"og:url\" content=\"https:\/\/www.p31noticias.com.br\/?p=19272\" \/>\n<meta property=\"og:site_name\" content=\"P31\" \/>\n<meta property=\"article:published_time\" content=\"2020-03-26T22:37:37+00:00\" \/>\n<meta property=\"og:image\" content=\"https:\/\/www.p31noticias.com.br\/wp-content\/uploads\/2020\/03\/carla-monteiro.jpg\" \/>\n\t<meta property=\"og:image:width\" content=\"834\" \/>\n\t<meta property=\"og:image:height\" content=\"386\" \/>\n\t<meta property=\"og:image:type\" content=\"image\/jpeg\" \/>\n<meta name=\"author\" content=\"Reda\u00e7\u00e3o JBN\" \/>\n<meta name=\"twitter:card\" content=\"summary_large_image\" \/>\n<meta name=\"twitter:label1\" content=\"Escrito por\" \/>\n\t<meta name=\"twitter:data1\" content=\"Reda\u00e7\u00e3o JBN\" \/>\n\t<meta name=\"twitter:label2\" content=\"Est. tempo de leitura\" \/>\n\t<meta name=\"twitter:data2\" content=\"1 minuto\" \/>\n<script type=\"application\/ld+json\" class=\"yoast-schema-graph\">{\"@context\":\"https:\\\/\\\/schema.org\",\"@graph\":[{\"@type\":\"Article\",\"@id\":\"https:\\\/\\\/www.p31noticias.com.br\\\/?p=19272#article\",\"isPartOf\":{\"@id\":\"https:\\\/\\\/www.p31noticias.com.br\\\/?p=19272\"},\"author\":{\"name\":\"Reda\u00e7\u00e3o JBN\",\"@id\":\"https:\\\/\\\/www.p31noticias.com.br\\\/#\\\/schema\\\/person\\\/77d6b186c710ac38937c6ec204fdd387\"},\"headline\":\"Karla Monteiro &#8211; Meu Amado Salvador &#8211; Clipe Oficial\",\"datePublished\":\"2020-03-26T22:37:37+00:00\",\"mainEntityOfPage\":{\"@id\":\"https:\\\/\\\/www.p31noticias.com.br\\\/?p=19272\"},\"wordCount\":209,\"commentCount\":0,\"image\":{\"@id\":\"https:\\\/\\\/www.p31noticias.com.br\\\/?p=19272#primaryimage\"},\"thumbnailUrl\":\"https:\\\/\\\/www.p31noticias.com.br\\\/wp-content\\\/uploads\\\/2020\\\/03\\\/carla-monteiro.jpg\",\"articleSection\":[\"Outros\"],\"inLanguage\":\"pt-BR\",\"potentialAction\":[{\"@type\":\"CommentAction\",\"name\":\"Comment\",\"target\":[\"https:\\\/\\\/www.p31noticias.com.br\\\/?p=19272#respond\"]}],\"copyrightYear\":\"2020\",\"copyrightHolder\":{\"@id\":\"https:\\\/\\\/www.p31noticias.com.br\\\/#organization\"}},{\"@type\":\"WebPage\",\"@id\":\"https:\\\/\\\/www.p31noticias.com.br\\\/?p=19272\",\"url\":\"https:\\\/\\\/www.p31noticias.com.br\\\/?p=19272\",\"name\":\"Karla Monteiro - Meu Amado Salvador - Clipe Oficial - P31\",\"isPartOf\":{\"@id\":\"https:\\\/\\\/www.p31noticias.com.br\\\/#website\"},\"primaryImageOfPage\":{\"@id\":\"https:\\\/\\\/www.p31noticias.com.br\\\/?p=19272#primaryimage\"},\"image\":{\"@id\":\"https:\\\/\\\/www.p31noticias.com.br\\\/?p=19272#primaryimage\"},\"thumbnailUrl\":\"https:\\\/\\\/www.p31noticias.com.br\\\/wp-content\\\/uploads\\\/2020\\\/03\\\/carla-monteiro.jpg\",\"datePublished\":\"2020-03-26T22:37:37+00:00\",\"author\":{\"@id\":\"https:\\\/\\\/www.p31noticias.com.br\\\/#\\\/schema\\\/person\\\/77d6b186c710ac38937c6ec204fdd387\"},\"description\":\"Curta o mais novo trabalho de Karla Monteiro em um clipe estraordin\u00e1rio. Dire\u00e7\u00e3o Geral: Jo\u00e3o Paulo Ribeiro - Bob Pizza Quadrada e Emp\u00f3rio Arte m\u00f3veis em Fibra \u2013 Taguatinga Norte DF\",\"breadcrumb\":{\"@id\":\"https:\\\/\\\/www.p31noticias.com.br\\\/?p=19272#breadcrumb\"},\"inLanguage\":\"pt-BR\",\"potentialAction\":[{\"@type\":\"ReadAction\",\"target\":[\"https:\\\/\\\/www.p31noticias.com.br\\\/?p=19272\"]}]},{\"@type\":\"ImageObject\",\"inLanguage\":\"pt-BR\",\"@id\":\"https:\\\/\\\/www.p31noticias.com.br\\\/?p=19272#primaryimage\",\"url\":\"https:\\\/\\\/www.p31noticias.com.br\\\/wp-content\\\/uploads\\\/2020\\\/03\\\/carla-monteiro.jpg\",\"contentUrl\":\"https:\\\/\\\/www.p31noticias.com.br\\\/wp-content\\\/uploads\\\/2020\\\/03\\\/carla-monteiro.jpg\",\"width\":834,\"height\":386},{\"@type\":\"BreadcrumbList\",\"@id\":\"https:\\\/\\\/www.p31noticias.com.br\\\/?p=19272#breadcrumb\",\"itemListElement\":[{\"@type\":\"ListItem\",\"position\":1,\"name\":\"In\u00edcio\",\"item\":\"https:\\\/\\\/www.p31noticias.com.br\\\/\"},{\"@type\":\"ListItem\",\"position\":2,\"name\":\"Karla Monteiro &#8211; Meu Amado Salvador &#8211; Clipe Oficial\"}]},{\"@type\":\"WebSite\",\"@id\":\"https:\\\/\\\/www.p31noticias.com.br\\\/#website\",\"url\":\"https:\\\/\\\/www.p31noticias.com.br\\\/\",\"name\":\"P31\",\"description\":\"NOT\u00cdCIAS\",\"potentialAction\":[{\"@type\":\"SearchAction\",\"target\":{\"@type\":\"EntryPoint\",\"urlTemplate\":\"https:\\\/\\\/www.p31noticias.com.br\\\/?s={search_term_string}\"},\"query-input\":{\"@type\":\"PropertyValueSpecification\",\"valueRequired\":true,\"valueName\":\"search_term_string\"}}],\"inLanguage\":\"pt-BR\"},{\"@type\":\"Person\",\"@id\":\"https:\\\/\\\/www.p31noticias.com.br\\\/#\\\/schema\\\/person\\\/77d6b186c710ac38937c6ec204fdd387\",\"name\":\"Reda\u00e7\u00e3o JBN\",\"image\":{\"@type\":\"ImageObject\",\"inLanguage\":\"pt-BR\",\"@id\":\"https:\\\/\\\/secure.gravatar.com\\\/avatar\\\/10fcdb93211f98cce3d64c0795b0915a9a4a21dc0f279238995a3dbfafcad090?s=96&d=mm&r=g\",\"url\":\"https:\\\/\\\/secure.gravatar.com\\\/avatar\\\/10fcdb93211f98cce3d64c0795b0915a9a4a21dc0f279238995a3dbfafcad090?s=96&d=mm&r=g\",\"contentUrl\":\"https:\\\/\\\/secure.gravatar.com\\\/avatar\\\/10fcdb93211f98cce3d64c0795b0915a9a4a21dc0f279238995a3dbfafcad090?s=96&d=mm&r=g\",\"caption\":\"Reda\u00e7\u00e3o JBN\"},\"sameAs\":[\"https:\\\/\\\/p31noticias.com.br\"],\"url\":\"https:\\\/\\\/www.p31noticias.com.br\\\/?author=18\"}]}<\/script>\n<!-- \/ Yoast SEO Premium plugin. -->","yoast_head_json":{"title":"Karla Monteiro - Meu Amado Salvador - Clipe Oficial - P31","description":"Curta o mais novo trabalho de Karla Monteiro em um clipe estraordin\u00e1rio. Dire\u00e7\u00e3o Geral: Jo\u00e3o Paulo Ribeiro - Bob Pizza Quadrada e Emp\u00f3rio Arte m\u00f3veis em Fibra \u2013 Taguatinga Norte DF","robots":{"index":"index","follow":"follow","max-snippet":"max-snippet:-1","max-image-preview":"max-image-preview:large","max-video-preview":"max-video-preview:-1"},"canonical":"https:\/\/www.p31noticias.com.br\/?p=19272","og_locale":"pt_BR","og_type":"article","og_title":"Karla Monteiro - Meu Amado Salvador - Clipe Oficial","og_description":"Curta o mais novo trabalho de Karla Monteiro em um clipe estraordin\u00e1rio. Dire\u00e7\u00e3o Geral: Jo\u00e3o Paulo Ribeiro - Bob Pizza Quadrada e Emp\u00f3rio Arte m\u00f3veis em Fibra \u2013 Taguatinga Norte DF","og_url":"https:\/\/www.p31noticias.com.br\/?p=19272","og_site_name":"P31","article_published_time":"2020-03-26T22:37:37+00:00","og_image":[{"width":834,"height":386,"url":"https:\/\/www.p31noticias.com.br\/wp-content\/uploads\/2020\/03\/carla-monteiro.jpg","type":"image\/jpeg"}],"author":"Reda\u00e7\u00e3o JBN","twitter_card":"summary_large_image","twitter_misc":{"Escrito por":"Reda\u00e7\u00e3o JBN","Est. tempo de leitura":"1 minuto"},"schema":{"@context":"https:\/\/schema.org","@graph":[{"@type":"Article","@id":"https:\/\/www.p31noticias.com.br\/?p=19272#article","isPartOf":{"@id":"https:\/\/www.p31noticias.com.br\/?p=19272"},"author":{"name":"Reda\u00e7\u00e3o JBN","@id":"https:\/\/www.p31noticias.com.br\/#\/schema\/person\/77d6b186c710ac38937c6ec204fdd387"},"headline":"Karla Monteiro &#8211; Meu Amado Salvador &#8211; Clipe Oficial","datePublished":"2020-03-26T22:37:37+00:00","mainEntityOfPage":{"@id":"https:\/\/www.p31noticias.com.br\/?p=19272"},"wordCount":209,"commentCount":0,"image":{"@id":"https:\/\/www.p31noticias.com.br\/?p=19272#primaryimage"},"thumbnailUrl":"https:\/\/www.p31noticias.com.br\/wp-content\/uploads\/2020\/03\/carla-monteiro.jpg","articleSection":["Outros"],"inLanguage":"pt-BR","potentialAction":[{"@type":"CommentAction","name":"Comment","target":["https:\/\/www.p31noticias.com.br\/?p=19272#respond"]}],"copyrightYear":"2020","copyrightHolder":{"@id":"https:\/\/www.p31noticias.com.br\/#organization"}},{"@type":"WebPage","@id":"https:\/\/www.p31noticias.com.br\/?p=19272","url":"https:\/\/www.p31noticias.com.br\/?p=19272","name":"Karla Monteiro - Meu Amado Salvador - Clipe Oficial - P31","isPartOf":{"@id":"https:\/\/www.p31noticias.com.br\/#website"},"primaryImageOfPage":{"@id":"https:\/\/www.p31noticias.com.br\/?p=19272#primaryimage"},"image":{"@id":"https:\/\/www.p31noticias.com.br\/?p=19272#primaryimage"},"thumbnailUrl":"https:\/\/www.p31noticias.com.br\/wp-content\/uploads\/2020\/03\/carla-monteiro.jpg","datePublished":"2020-03-26T22:37:37+00:00","author":{"@id":"https:\/\/www.p31noticias.com.br\/#\/schema\/person\/77d6b186c710ac38937c6ec204fdd387"},"description":"Curta o mais novo trabalho de Karla Monteiro em um clipe estraordin\u00e1rio. Dire\u00e7\u00e3o Geral: Jo\u00e3o Paulo Ribeiro - Bob Pizza Quadrada e Emp\u00f3rio Arte m\u00f3veis em Fibra \u2013 Taguatinga Norte DF","breadcrumb":{"@id":"https:\/\/www.p31noticias.com.br\/?p=19272#breadcrumb"},"inLanguage":"pt-BR","potentialAction":[{"@type":"ReadAction","target":["https:\/\/www.p31noticias.com.br\/?p=19272"]}]},{"@type":"ImageObject","inLanguage":"pt-BR","@id":"https:\/\/www.p31noticias.com.br\/?p=19272#primaryimage","url":"https:\/\/www.p31noticias.com.br\/wp-content\/uploads\/2020\/03\/carla-monteiro.jpg","contentUrl":"https:\/\/www.p31noticias.com.br\/wp-content\/uploads\/2020\/03\/carla-monteiro.jpg","width":834,"height":386},{"@type":"BreadcrumbList","@id":"https:\/\/www.p31noticias.com.br\/?p=19272#breadcrumb","itemListElement":[{"@type":"ListItem","position":1,"name":"In\u00edcio","item":"https:\/\/www.p31noticias.com.br\/"},{"@type":"ListItem","position":2,"name":"Karla Monteiro &#8211; Meu Amado Salvador &#8211; Clipe Oficial"}]},{"@type":"WebSite","@id":"https:\/\/www.p31noticias.com.br\/#website","url":"https:\/\/www.p31noticias.com.br\/","name":"P31","description":"NOT\u00cdCIAS","potentialAction":[{"@type":"SearchAction","target":{"@type":"EntryPoint","urlTemplate":"https:\/\/www.p31noticias.com.br\/?s={search_term_string}"},"query-input":{"@type":"PropertyValueSpecification","valueRequired":true,"valueName":"search_term_string"}}],"inLanguage":"pt-BR"},{"@type":"Person","@id":"https:\/\/www.p31noticias.com.br\/#\/schema\/person\/77d6b186c710ac38937c6ec204fdd387","name":"Reda\u00e7\u00e3o JBN","image":{"@type":"ImageObject","inLanguage":"pt-BR","@id":"https:\/\/secure.gravatar.com\/avatar\/10fcdb93211f98cce3d64c0795b0915a9a4a21dc0f279238995a3dbfafcad090?s=96&d=mm&r=g","url":"https:\/\/secure.gravatar.com\/avatar\/10fcdb93211f98cce3d64c0795b0915a9a4a21dc0f279238995a3dbfafcad090?s=96&d=mm&r=g","contentUrl":"https:\/\/secure.gravatar.com\/avatar\/10fcdb93211f98cce3d64c0795b0915a9a4a21dc0f279238995a3dbfafcad090?s=96&d=mm&r=g","caption":"Reda\u00e7\u00e3o JBN"},"sameAs":["https:\/\/p31noticias.com.br"],"url":"https:\/\/www.p31noticias.com.br\/?author=18"}]}},"amp_enabled":true,"_links":{"self":[{"href":"https:\/\/www.p31noticias.com.br\/index.php?rest_route=\/wp\/v2\/posts\/19272","targetHints":{"allow":["GET"]}}],"collection":[{"href":"https:\/\/www.p31noticias.com.br\/index.php?rest_route=\/wp\/v2\/posts"}],"about":[{"href":"https:\/\/www.p31noticias.com.br\/index.php?rest_route=\/wp\/v2\/types\/post"}],"author":[{"embeddable":true,"href":"https:\/\/www.p31noticias.com.br\/index.php?rest_route=\/wp\/v2\/users\/18"}],"replies":[{"embeddable":true,"href":"https:\/\/www.p31noticias.com.br\/index.php?rest_route=%2Fwp%2Fv2%2Fcomments&post=19272"}],"version-history":[{"count":0,"href":"https:\/\/www.p31noticias.com.br\/index.php?rest_route=\/wp\/v2\/posts\/19272\/revisions"}],"wp:featuredmedia":[{"embeddable":true,"href":"https:\/\/www.p31noticias.com.br\/index.php?rest_route=\/wp\/v2\/media\/19274"}],"wp:attachment":[{"href":"https:\/\/www.p31noticias.com.br\/index.php?rest_route=%2Fwp%2Fv2%2Fmedia&parent=19272"}],"wp:term":[{"taxonomy":"category","embeddable":true,"href":"https:\/\/www.p31noticias.com.br\/index.php?rest_route=%2Fwp%2Fv2%2Fcategories&post=19272"},{"taxonomy":"post_tag","embeddable":true,"href":"https:\/\/www.p31noticias.com.br\/index.php?rest_route=%2Fwp%2Fv2%2Ftags&post=19272"}],"curies":[{"name":"wp","href":"https:\/\/api.w.org\/{rel}","templated":true}]}}