{"id":19211,"date":"2020-03-25T22:51:25","date_gmt":"2020-03-26T01:51:25","guid":{"rendered":"https:\/\/www.delioandrade.com.br\/?p=19211"},"modified":"2020-03-25T22:51:25","modified_gmt":"2020-03-26T01:51:25","slug":"recuperado-do-coronavirus-ministro-augusto-heleno-retorna-ao-planalto","status":"publish","type":"post","link":"https:\/\/www.p31noticias.com.br\/?p=19211","title":{"rendered":"Recuperado do coronav\u00edrus, ministro Augusto Heleno retorna ao Planalto"},"content":{"rendered":"<p>Recuperado da covid-19, doen\u00e7a causada pelo novo coronav\u00edrus, o ministro-general Augusto Heleno (Gabinete de Seguran\u00e7a Institucional) retornou ao trabalho nesta 4\u00aa feira (25.mar.2020). Ele j\u00e1 est\u00e1 no Pal\u00e1cio do Planalto, sede do Poder Executivo.<\/p>\n<p>Heleno estava afastado desde a viagem oficial aos Estados Unidos nos dias 7 a 10 de mar\u00e7o. Ao voltar para o Brasil, fez o teste para a covid-19 e deu positivo. Desde ent\u00e3o manteve-se em isolamento domiciliar.<\/p>\n<p>De acordo com relatos de interlocutores, o general ficou bem disposto durante o per\u00edodo de reclus\u00e3o. O pr\u00f3prio presidente Jair Bolsonaro chegou a dizer numa entrevista que conversou com o ministro, que teria relatado ter feito 50 minutos de bicicleta em casa.<\/p>\n<p>Diversos integrantes da comitiva presidencial que viajou aos EUA contraiu a doen\u00e7a. O 1\u00ba a ser oficialmente diagnosticado foi o secret\u00e1rio especial de Comunica\u00e7\u00e3o Social, Fabio Wajngarten, que ainda n\u00e3o anunciou seu retorno ao trabalho.<\/p>\n<p>O pr\u00f3prio presidente Jair Bolsonaro chegou a fazer 2 testes para ver se tinha sido contaminado. De acordo com ele, ambos deram resultado negativo para covid-19. Os exames n\u00e3o foram divulgados.<\/p>\n<p>O HFA (Hospital das For\u00e7as Armadas), que fez o teste de Bolsonaro, omitiu 2 resultados de exames do governo do Distrito Federal, segundo reportagem publicada nesta 3\u00aa feira (24.mar). Ao todo, 17 pessoas foram diagnosticadas pela institui\u00e7\u00e3o, sendo que apenas 15 tiveram nome informado.<\/p>\n","protected":false},"excerpt":{"rendered":"<p>Recuperado da covid-19, doen\u00e7a causada pelo novo coronav\u00edrus, o ministro-general Augusto Heleno (Gabinete de Seguran\u00e7a Institucional) retornou ao trabalho nesta 4\u00aa feira (25.mar.2020). Ele j\u00e1 est\u00e1 no Pal\u00e1cio do Planalto, sede do Poder Executivo. Heleno estava afastado desde a viagem oficial aos Estados Unidos nos dias 7 a 10 de mar\u00e7o. Ao voltar para o [&hellip;]<\/p>\n","protected":false},"author":18,"featured_media":19212,"comment_status":"open","ping_status":"open","sticky":false,"template":"","format":"standard","meta":{"footnotes":""},"categories":[68],"tags":[],"class_list":{"0":"post-19211","1":"post","2":"type-post","3":"status-publish","4":"format-standard","5":"has-post-thumbnail","7":"category-brasil"},"yoast_head":"<!-- This site is optimized with the Yoast SEO Premium plugin v24.5 (Yoast SEO v27.5) - https:\/\/yoast.com\/product\/yoast-seo-premium-wordpress\/ -->\n<title>Recuperado do coronav\u00edrus, ministro Augusto Heleno retorna ao Planalto - P31<\/title>\n<meta name=\"description\" content=\"Recuperado da covid-19, doen\u00e7a causada pelo novo coronav\u00edrus, o ministro-general Augusto Heleno (Gabinete de Seguran\u00e7a Institucional) retornou ao trabalho nesta 4\u00aa feira (25.mar.2020). Ele j\u00e1 est\u00e1 no Pal\u00e1cio do Planalto, sede do Poder Executivo.\" \/>\n<meta name=\"robots\" content=\"index, follow, max-snippet:-1, max-image-preview:large, max-video-preview:-1\" \/>\n<link rel=\"canonical\" href=\"https:\/\/www.p31noticias.com.br\/?p=19211\" \/>\n<meta property=\"og:locale\" content=\"pt_BR\" \/>\n<meta property=\"og:type\" content=\"article\" \/>\n<meta property=\"og:title\" content=\"Recuperado do coronav\u00edrus, ministro Augusto Heleno retorna ao Planalto\" \/>\n<meta property=\"og:description\" content=\"Recuperado da covid-19, doen\u00e7a causada pelo novo coronav\u00edrus, o ministro-general Augusto Heleno (Gabinete de Seguran\u00e7a Institucional) retornou ao trabalho nesta 4\u00aa feira (25.mar.2020). Ele j\u00e1 est\u00e1 no Pal\u00e1cio do Planalto, sede do Poder Executivo.\" \/>\n<meta property=\"og:url\" content=\"https:\/\/www.p31noticias.com.br\/?p=19211\" \/>\n<meta property=\"og:site_name\" content=\"P31\" \/>\n<meta property=\"article:published_time\" content=\"2020-03-26T01:51:25+00:00\" \/>\n<meta property=\"og:image\" content=\"https:\/\/www.p31noticias.com.br\/wp-content\/uploads\/2020\/03\/general-augusto-heleno-9-abr-2029-sergio-lima-868x644-1.jpg\" \/>\n\t<meta property=\"og:image:width\" content=\"868\" \/>\n\t<meta property=\"og:image:height\" content=\"644\" \/>\n\t<meta property=\"og:image:type\" content=\"image\/jpeg\" \/>\n<meta name=\"author\" content=\"Reda\u00e7\u00e3o JBN\" \/>\n<meta name=\"twitter:card\" content=\"summary_large_image\" \/>\n<meta name=\"twitter:label1\" content=\"Escrito por\" \/>\n\t<meta name=\"twitter:data1\" content=\"Reda\u00e7\u00e3o JBN\" \/>\n\t<meta name=\"twitter:label2\" content=\"Est. tempo de leitura\" \/>\n\t<meta name=\"twitter:data2\" content=\"1 minuto\" \/>\n<script type=\"application\/ld+json\" class=\"yoast-schema-graph\">{\"@context\":\"https:\\\/\\\/schema.org\",\"@graph\":[{\"@type\":\"Article\",\"@id\":\"https:\\\/\\\/www.p31noticias.com.br\\\/?p=19211#article\",\"isPartOf\":{\"@id\":\"https:\\\/\\\/www.p31noticias.com.br\\\/?p=19211\"},\"author\":{\"name\":\"Reda\u00e7\u00e3o JBN\",\"@id\":\"https:\\\/\\\/www.p31noticias.com.br\\\/#\\\/schema\\\/person\\\/77d6b186c710ac38937c6ec204fdd387\"},\"headline\":\"Recuperado do coronav\u00edrus, ministro Augusto Heleno retorna ao Planalto\",\"datePublished\":\"2020-03-26T01:51:25+00:00\",\"mainEntityOfPage\":{\"@id\":\"https:\\\/\\\/www.p31noticias.com.br\\\/?p=19211\"},\"wordCount\":240,\"commentCount\":0,\"image\":{\"@id\":\"https:\\\/\\\/www.p31noticias.com.br\\\/?p=19211#primaryimage\"},\"thumbnailUrl\":\"https:\\\/\\\/www.p31noticias.com.br\\\/wp-content\\\/uploads\\\/2020\\\/03\\\/general-augusto-heleno-9-abr-2029-sergio-lima-868x644-1.jpg\",\"articleSection\":[\"Brasil\"],\"inLanguage\":\"pt-BR\",\"potentialAction\":[{\"@type\":\"CommentAction\",\"name\":\"Comment\",\"target\":[\"https:\\\/\\\/www.p31noticias.com.br\\\/?p=19211#respond\"]}],\"copyrightYear\":\"2020\",\"copyrightHolder\":{\"@id\":\"https:\\\/\\\/www.p31noticias.com.br\\\/#organization\"}},{\"@type\":\"WebPage\",\"@id\":\"https:\\\/\\\/www.p31noticias.com.br\\\/?p=19211\",\"url\":\"https:\\\/\\\/www.p31noticias.com.br\\\/?p=19211\",\"name\":\"Recuperado do coronav\u00edrus, ministro Augusto Heleno retorna ao Planalto - P31\",\"isPartOf\":{\"@id\":\"https:\\\/\\\/www.p31noticias.com.br\\\/#website\"},\"primaryImageOfPage\":{\"@id\":\"https:\\\/\\\/www.p31noticias.com.br\\\/?p=19211#primaryimage\"},\"image\":{\"@id\":\"https:\\\/\\\/www.p31noticias.com.br\\\/?p=19211#primaryimage\"},\"thumbnailUrl\":\"https:\\\/\\\/www.p31noticias.com.br\\\/wp-content\\\/uploads\\\/2020\\\/03\\\/general-augusto-heleno-9-abr-2029-sergio-lima-868x644-1.jpg\",\"datePublished\":\"2020-03-26T01:51:25+00:00\",\"author\":{\"@id\":\"https:\\\/\\\/www.p31noticias.com.br\\\/#\\\/schema\\\/person\\\/77d6b186c710ac38937c6ec204fdd387\"},\"description\":\"Recuperado da covid-19, doen\u00e7a causada pelo novo coronav\u00edrus, o ministro-general Augusto Heleno (Gabinete de Seguran\u00e7a Institucional) retornou ao trabalho nesta 4\u00aa feira (25.mar.2020). Ele j\u00e1 est\u00e1 no Pal\u00e1cio do Planalto, sede do Poder Executivo.\",\"breadcrumb\":{\"@id\":\"https:\\\/\\\/www.p31noticias.com.br\\\/?p=19211#breadcrumb\"},\"inLanguage\":\"pt-BR\",\"potentialAction\":[{\"@type\":\"ReadAction\",\"target\":[\"https:\\\/\\\/www.p31noticias.com.br\\\/?p=19211\"]}]},{\"@type\":\"ImageObject\",\"inLanguage\":\"pt-BR\",\"@id\":\"https:\\\/\\\/www.p31noticias.com.br\\\/?p=19211#primaryimage\",\"url\":\"https:\\\/\\\/www.p31noticias.com.br\\\/wp-content\\\/uploads\\\/2020\\\/03\\\/general-augusto-heleno-9-abr-2029-sergio-lima-868x644-1.jpg\",\"contentUrl\":\"https:\\\/\\\/www.p31noticias.com.br\\\/wp-content\\\/uploads\\\/2020\\\/03\\\/general-augusto-heleno-9-abr-2029-sergio-lima-868x644-1.jpg\",\"width\":868,\"height\":644,\"caption\":\"MInistro do GSI, General Augusto Heleno, na cerimonia de posse do novo ministro da Educa\u00e7\u00e3o. Brasilia, 09-04-2019. Foto: S\u00e9rgio Lima\\\/PODER 360\"},{\"@type\":\"BreadcrumbList\",\"@id\":\"https:\\\/\\\/www.p31noticias.com.br\\\/?p=19211#breadcrumb\",\"itemListElement\":[{\"@type\":\"ListItem\",\"position\":1,\"name\":\"In\u00edcio\",\"item\":\"https:\\\/\\\/www.p31noticias.com.br\\\/\"},{\"@type\":\"ListItem\",\"position\":2,\"name\":\"Recuperado do coronav\u00edrus, ministro Augusto Heleno retorna ao Planalto\"}]},{\"@type\":\"WebSite\",\"@id\":\"https:\\\/\\\/www.p31noticias.com.br\\\/#website\",\"url\":\"https:\\\/\\\/www.p31noticias.com.br\\\/\",\"name\":\"P31\",\"description\":\"NOT\u00cdCIAS\",\"potentialAction\":[{\"@type\":\"SearchAction\",\"target\":{\"@type\":\"EntryPoint\",\"urlTemplate\":\"https:\\\/\\\/www.p31noticias.com.br\\\/?s={search_term_string}\"},\"query-input\":{\"@type\":\"PropertyValueSpecification\",\"valueRequired\":true,\"valueName\":\"search_term_string\"}}],\"inLanguage\":\"pt-BR\"},{\"@type\":\"Person\",\"@id\":\"https:\\\/\\\/www.p31noticias.com.br\\\/#\\\/schema\\\/person\\\/77d6b186c710ac38937c6ec204fdd387\",\"name\":\"Reda\u00e7\u00e3o JBN\",\"image\":{\"@type\":\"ImageObject\",\"inLanguage\":\"pt-BR\",\"@id\":\"https:\\\/\\\/secure.gravatar.com\\\/avatar\\\/10fcdb93211f98cce3d64c0795b0915a9a4a21dc0f279238995a3dbfafcad090?s=96&d=mm&r=g\",\"url\":\"https:\\\/\\\/secure.gravatar.com\\\/avatar\\\/10fcdb93211f98cce3d64c0795b0915a9a4a21dc0f279238995a3dbfafcad090?s=96&d=mm&r=g\",\"contentUrl\":\"https:\\\/\\\/secure.gravatar.com\\\/avatar\\\/10fcdb93211f98cce3d64c0795b0915a9a4a21dc0f279238995a3dbfafcad090?s=96&d=mm&r=g\",\"caption\":\"Reda\u00e7\u00e3o JBN\"},\"sameAs\":[\"https:\\\/\\\/p31noticias.com.br\"],\"url\":\"https:\\\/\\\/www.p31noticias.com.br\\\/?author=18\"}]}<\/script>\n<!-- \/ Yoast SEO Premium plugin. -->","yoast_head_json":{"title":"Recuperado do coronav\u00edrus, ministro Augusto Heleno retorna ao Planalto - P31","description":"Recuperado da covid-19, doen\u00e7a causada pelo novo coronav\u00edrus, o ministro-general Augusto Heleno (Gabinete de Seguran\u00e7a Institucional) retornou ao trabalho nesta 4\u00aa feira (25.mar.2020). Ele j\u00e1 est\u00e1 no Pal\u00e1cio do Planalto, sede do Poder Executivo.","robots":{"index":"index","follow":"follow","max-snippet":"max-snippet:-1","max-image-preview":"max-image-preview:large","max-video-preview":"max-video-preview:-1"},"canonical":"https:\/\/www.p31noticias.com.br\/?p=19211","og_locale":"pt_BR","og_type":"article","og_title":"Recuperado do coronav\u00edrus, ministro Augusto Heleno retorna ao Planalto","og_description":"Recuperado da covid-19, doen\u00e7a causada pelo novo coronav\u00edrus, o ministro-general Augusto Heleno (Gabinete de Seguran\u00e7a Institucional) retornou ao trabalho nesta 4\u00aa feira (25.mar.2020). Ele j\u00e1 est\u00e1 no Pal\u00e1cio do Planalto, sede do Poder Executivo.","og_url":"https:\/\/www.p31noticias.com.br\/?p=19211","og_site_name":"P31","article_published_time":"2020-03-26T01:51:25+00:00","og_image":[{"width":868,"height":644,"url":"https:\/\/www.p31noticias.com.br\/wp-content\/uploads\/2020\/03\/general-augusto-heleno-9-abr-2029-sergio-lima-868x644-1.jpg","type":"image\/jpeg"}],"author":"Reda\u00e7\u00e3o JBN","twitter_card":"summary_large_image","twitter_misc":{"Escrito por":"Reda\u00e7\u00e3o JBN","Est. tempo de leitura":"1 minuto"},"schema":{"@context":"https:\/\/schema.org","@graph":[{"@type":"Article","@id":"https:\/\/www.p31noticias.com.br\/?p=19211#article","isPartOf":{"@id":"https:\/\/www.p31noticias.com.br\/?p=19211"},"author":{"name":"Reda\u00e7\u00e3o JBN","@id":"https:\/\/www.p31noticias.com.br\/#\/schema\/person\/77d6b186c710ac38937c6ec204fdd387"},"headline":"Recuperado do coronav\u00edrus, ministro Augusto Heleno retorna ao Planalto","datePublished":"2020-03-26T01:51:25+00:00","mainEntityOfPage":{"@id":"https:\/\/www.p31noticias.com.br\/?p=19211"},"wordCount":240,"commentCount":0,"image":{"@id":"https:\/\/www.p31noticias.com.br\/?p=19211#primaryimage"},"thumbnailUrl":"https:\/\/www.p31noticias.com.br\/wp-content\/uploads\/2020\/03\/general-augusto-heleno-9-abr-2029-sergio-lima-868x644-1.jpg","articleSection":["Brasil"],"inLanguage":"pt-BR","potentialAction":[{"@type":"CommentAction","name":"Comment","target":["https:\/\/www.p31noticias.com.br\/?p=19211#respond"]}],"copyrightYear":"2020","copyrightHolder":{"@id":"https:\/\/www.p31noticias.com.br\/#organization"}},{"@type":"WebPage","@id":"https:\/\/www.p31noticias.com.br\/?p=19211","url":"https:\/\/www.p31noticias.com.br\/?p=19211","name":"Recuperado do coronav\u00edrus, ministro Augusto Heleno retorna ao Planalto - P31","isPartOf":{"@id":"https:\/\/www.p31noticias.com.br\/#website"},"primaryImageOfPage":{"@id":"https:\/\/www.p31noticias.com.br\/?p=19211#primaryimage"},"image":{"@id":"https:\/\/www.p31noticias.com.br\/?p=19211#primaryimage"},"thumbnailUrl":"https:\/\/www.p31noticias.com.br\/wp-content\/uploads\/2020\/03\/general-augusto-heleno-9-abr-2029-sergio-lima-868x644-1.jpg","datePublished":"2020-03-26T01:51:25+00:00","author":{"@id":"https:\/\/www.p31noticias.com.br\/#\/schema\/person\/77d6b186c710ac38937c6ec204fdd387"},"description":"Recuperado da covid-19, doen\u00e7a causada pelo novo coronav\u00edrus, o ministro-general Augusto Heleno (Gabinete de Seguran\u00e7a Institucional) retornou ao trabalho nesta 4\u00aa feira (25.mar.2020). Ele j\u00e1 est\u00e1 no Pal\u00e1cio do Planalto, sede do Poder Executivo.","breadcrumb":{"@id":"https:\/\/www.p31noticias.com.br\/?p=19211#breadcrumb"},"inLanguage":"pt-BR","potentialAction":[{"@type":"ReadAction","target":["https:\/\/www.p31noticias.com.br\/?p=19211"]}]},{"@type":"ImageObject","inLanguage":"pt-BR","@id":"https:\/\/www.p31noticias.com.br\/?p=19211#primaryimage","url":"https:\/\/www.p31noticias.com.br\/wp-content\/uploads\/2020\/03\/general-augusto-heleno-9-abr-2029-sergio-lima-868x644-1.jpg","contentUrl":"https:\/\/www.p31noticias.com.br\/wp-content\/uploads\/2020\/03\/general-augusto-heleno-9-abr-2029-sergio-lima-868x644-1.jpg","width":868,"height":644,"caption":"MInistro do GSI, General Augusto Heleno, na cerimonia de posse do novo ministro da Educa\u00e7\u00e3o. Brasilia, 09-04-2019. Foto: S\u00e9rgio Lima\/PODER 360"},{"@type":"BreadcrumbList","@id":"https:\/\/www.p31noticias.com.br\/?p=19211#breadcrumb","itemListElement":[{"@type":"ListItem","position":1,"name":"In\u00edcio","item":"https:\/\/www.p31noticias.com.br\/"},{"@type":"ListItem","position":2,"name":"Recuperado do coronav\u00edrus, ministro Augusto Heleno retorna ao Planalto"}]},{"@type":"WebSite","@id":"https:\/\/www.p31noticias.com.br\/#website","url":"https:\/\/www.p31noticias.com.br\/","name":"P31","description":"NOT\u00cdCIAS","potentialAction":[{"@type":"SearchAction","target":{"@type":"EntryPoint","urlTemplate":"https:\/\/www.p31noticias.com.br\/?s={search_term_string}"},"query-input":{"@type":"PropertyValueSpecification","valueRequired":true,"valueName":"search_term_string"}}],"inLanguage":"pt-BR"},{"@type":"Person","@id":"https:\/\/www.p31noticias.com.br\/#\/schema\/person\/77d6b186c710ac38937c6ec204fdd387","name":"Reda\u00e7\u00e3o JBN","image":{"@type":"ImageObject","inLanguage":"pt-BR","@id":"https:\/\/secure.gravatar.com\/avatar\/10fcdb93211f98cce3d64c0795b0915a9a4a21dc0f279238995a3dbfafcad090?s=96&d=mm&r=g","url":"https:\/\/secure.gravatar.com\/avatar\/10fcdb93211f98cce3d64c0795b0915a9a4a21dc0f279238995a3dbfafcad090?s=96&d=mm&r=g","contentUrl":"https:\/\/secure.gravatar.com\/avatar\/10fcdb93211f98cce3d64c0795b0915a9a4a21dc0f279238995a3dbfafcad090?s=96&d=mm&r=g","caption":"Reda\u00e7\u00e3o JBN"},"sameAs":["https:\/\/p31noticias.com.br"],"url":"https:\/\/www.p31noticias.com.br\/?author=18"}]}},"amp_enabled":true,"_links":{"self":[{"href":"https:\/\/www.p31noticias.com.br\/index.php?rest_route=\/wp\/v2\/posts\/19211","targetHints":{"allow":["GET"]}}],"collection":[{"href":"https:\/\/www.p31noticias.com.br\/index.php?rest_route=\/wp\/v2\/posts"}],"about":[{"href":"https:\/\/www.p31noticias.com.br\/index.php?rest_route=\/wp\/v2\/types\/post"}],"author":[{"embeddable":true,"href":"https:\/\/www.p31noticias.com.br\/index.php?rest_route=\/wp\/v2\/users\/18"}],"replies":[{"embeddable":true,"href":"https:\/\/www.p31noticias.com.br\/index.php?rest_route=%2Fwp%2Fv2%2Fcomments&post=19211"}],"version-history":[{"count":0,"href":"https:\/\/www.p31noticias.com.br\/index.php?rest_route=\/wp\/v2\/posts\/19211\/revisions"}],"wp:featuredmedia":[{"embeddable":true,"href":"https:\/\/www.p31noticias.com.br\/index.php?rest_route=\/wp\/v2\/media\/19212"}],"wp:attachment":[{"href":"https:\/\/www.p31noticias.com.br\/index.php?rest_route=%2Fwp%2Fv2%2Fmedia&parent=19211"}],"wp:term":[{"taxonomy":"category","embeddable":true,"href":"https:\/\/www.p31noticias.com.br\/index.php?rest_route=%2Fwp%2Fv2%2Fcategories&post=19211"},{"taxonomy":"post_tag","embeddable":true,"href":"https:\/\/www.p31noticias.com.br\/index.php?rest_route=%2Fwp%2Fv2%2Ftags&post=19211"}],"curies":[{"name":"wp","href":"https:\/\/api.w.org\/{rel}","templated":true}]}}