{"id":19205,"date":"2020-03-25T20:24:18","date_gmt":"2020-03-25T23:24:18","guid":{"rendered":"https:\/\/www.delioandrade.com.br\/?p=19205"},"modified":"2020-03-25T20:24:18","modified_gmt":"2020-03-25T23:24:18","slug":"o-dia-em-que-o-trabalhador-parou","status":"publish","type":"post","link":"https:\/\/www.p31noticias.com.br\/?p=19205","title":{"rendered":"O dia em que o trabalhador parou"},"content":{"rendered":"<div class=\"DocumentPage-card\">\n<div class=\"DocumentPage-content-wrap\">\n<article class=\"DocumentPage-content fos-bottomref document-content\">Parafraseando a m\u00fasica de Raul Seixas, h\u00e1 v\u00e1rios dias diversos trabalhadores n\u00e3o sa\u00edram de suas casa, mas n\u00e3o porqu\u00ea eles combinaram, n\u00e3o por conta de movimentos paredistas liderados por sindicatos, mas sim por conta da for\u00e7a maior chamada:\u00a0<b>Corona V\u00edrus (COVID19),<\/b>\u00a0v\u00edrus este que se espalha no Brasil na mesma velocidade do que foi visto na It\u00e1lia (pa\u00eds com a maior taxa de letalidade da doen\u00e7a).Sem d\u00favida nenhuma, o isolamento social determinado pelas autoridades Federais, Estaduais e Municipais, s\u00e3o de suma import\u00e2ncia para a n\u00e3o -dissemina\u00e7\u00e3o do v\u00edrus no territ\u00f3rio na nacional e, at\u00e9 onde sabemos, \u00e9 a melhor forma de combate a pandemia e sua propaga\u00e7\u00e3o.Todavia, o poeta n\u00e3o imaginaria que sua letra de m\u00fasica traria consequ\u00eancias t\u00e3o desastrosas para a economia mundial e mortes para diversas idades e classes sociais, sendo que o Brasil, claramente, n\u00e3o estaria fora desta recess\u00e3o.Os com\u00e9rcios de rua s\u00e3o de longe os mais afetados, empresas de turismo, academias, hot\u00e9is, empresas de avia\u00e7\u00e3o com risco de quebra, bolsa de valores despencando cada dia mais, tudo isto tr\u00e1s para n\u00f3s uma sensa\u00e7\u00e3o de desespero nunca antes vista no Pa\u00eds. Com isto emerge-se um problema que pode matar mais que o pr\u00f3prio vil\u00e3o: O desemprego.O desemprego de milhares de pessoas, que o pr\u00f3prio presidente do grupo XP Investimento disse que ser\u00e1 na propor\u00e7\u00e3o de 40 milh\u00f5es de desempregados (<a href=\"https:\/\/epocanegocios.globo.com\/Economia\/noticia\/2020\/03\/epoca-negocios-xp-ve-desemprego-atingir-40-milhoes-no-brasil-sem-plano-marshall-de-verdade.html\" target=\"_blank\" rel=\"nofollow noopener noreferrer\">https:\/\/epocanegocios.globo.com\/Economia\/noticia\/2020\/03\/epoca-negocios-xp-ve-desemprego-atingir-40-milhoes-no-brasil-sem-plano-marshall-de-verdade.html<\/a>) e que s\u00f3 um plano estilo \u201cMarshall<a href=\"https:\/\/marcosmartinscosta.jusbrasil.com.br\/artigos\/823788865\/o-dia-em-que-o-trabalhador-parou#_ftn1\" target=\"_blank\" rel=\"nofollow noopener noreferrer\">[1]<\/a>\u201d poderia suavizar a situa\u00e7\u00e3o catastr\u00f3fica.Neste cen\u00e1rio de filme de catastr\u00f3fico Hollywoodiano, \u00e9 que foi criada a\u00a0<b>Medida Provis\u00f3ria 927\/2020<\/b>, restando a este Autor, escrevendo para seus 12 leitores, objetivar as mudan\u00e7as implementadas \u00e0s rela\u00e7\u00f5es laborais, visando com que elas n\u00e3o se esfa\u00e7am de vez durante o combate ao Corona. Assim, vamos aos t\u00f3picos da MP:<b>1.\u00a0<\/b><b>PRAZO DE DURA\u00c7\u00c3O<\/b><\/p>\n<p>Primeiramente o prazo que durar\u00e1 tais medidas excepcionais, avocando-se o motivo da for\u00e7a maior, ser\u00e1 o mesmo prazo que o Decreto instituiu a calamidade p\u00fablica, qual seja: at\u00e9 o dia 31 de dezembro de 2020.<\/p>\n<p><a target=\"_blank\" rel=\"nofollow noopener noreferrer\"><b>2.\u00a0<\/b><b>ACORDO COLETIVO EMERGENCIAL<\/b><\/a><\/p>\n<p>Patr\u00e3o e empregado pedir\u00e3o, por escrito, entabular acordo que visa equalizar as obriga\u00e7\u00f5es trabalhistas, executando a Lei, Instrumentos Normativos e Negociais, mas sem afrontar os ditames do Art.\u00a0<a class=\"cite notIndex\" title=\"Artigo 7 da Constitui\u00e7\u00e3o Federal de 1988\" href=\"https:\/\/www.jusbrasil.com.br\/topicos\/10641213\/artigo-7-da-constitui%C3%A7%C3%A3o-federal-de-1988\" rel=\"10641213\">7\u00ba<\/a>\u00a0da\u00a0<a class=\"cite\" title=\"CONSTITUI\u00c7\u00c3O DA REP\u00daBLICA FEDERATIVA DO BRASIL DE 1988\" href=\"https:\/\/www.jusbrasil.com.br\/legislacao\/155571402\/constitui%C3%A7%C3%A3o-federal-constitui%C3%A7%C3%A3o-da-republica-federativa-do-brasil-1988\" rel=\"302754\">Constitui\u00e7\u00e3o Federal<\/a>.<\/p>\n<p>Neste diapas\u00e3o, fica proibido:<\/p>\n<p>a)\u00a0<b>Despedida arbitr\u00e1ria alegando motivo de calamidade como pano de fundo<\/b>;<\/p>\n<p>b) FGTS: que ser\u00e1 suspenso a sua cobran\u00e7a a tempo determinado, mas n\u00e3o se confundir com isen\u00e7\u00e3o;<\/p>\n<p>c)\u00a0<b>Diminui\u00e7\u00e3o do sal\u00e1rio, ao limite do Sal\u00e1rio M\u00ednimo, caso n\u00e3o haja piso salarial proporcional \u00e0 extens\u00e3o e a complexidade do labor<\/b>;<\/p>\n<p>d) D\u00e9cimo Terceiro;<\/p>\n<p>e) Adicional Noturno, n\u00e3o se confundir com horas extras e intervalos, que ser\u00e3o melhor abordados no tema Banco de Horas;<\/p>\n<p>f)\u00a0<b>Prote\u00e7\u00e3o do Sal\u00e1rio<\/b>, tanto que a pr\u00f3pria MP foi reeditada na data de hoje no ponto em que o sal\u00e1rio ficaria suspenso por 04 meses;<\/p>\n<p>g) Participa\u00e7\u00e3o dos Lucros;<\/p>\n<p>h) Sal\u00e1rio Fam\u00edlia;<\/p>\n<p>i) Repouso semanal remunerado, este podendo ser tamb\u00e9m modificado com a compensa\u00e7\u00e3o de banco de horas e tele trabalho;<\/p>\n<p>j) F\u00e9rias, tamb\u00e9m a ser abordado em t\u00f3pico pr\u00f3prio;<\/p>\n<p>k) Licen\u00e7a \u00e0 gestante;<\/p>\n<p>l) Licen\u00e7a-paternidade;<\/p>\n<p>m) Aviso pr\u00e9vio proporcional ao tempo de servi\u00e7o;<\/p>\n<p>n) Adicionais de Insalubridade e Periculosidade;<\/p>\n<p>o) Aposentadoria, consequentemente a posterga\u00e7\u00e3o\/suspens\u00e3o dos dep\u00f3sitos previdenci\u00e1rios, j\u00e1 definidos em outros instrumentos normativos.<\/p>\n<p>p) Diferen\u00e7a de sal\u00e1rios, de exerc\u00edcio de fun\u00e7\u00f5es e de crit\u00e9rio de admiss\u00e3o por motivo de sexo, idade, cor ou estado civil;<\/p>\n<p>Os demais direitos n\u00e3o citados no art. 7\u00ba serve-se para n\u00e3o tornar mais fastidioso o presente artigo, mas vale a leitura para compress\u00e3o dos direitos laborais, que s\u00e3o considerados para boa parte da doutrina e jurisprud\u00eancia como direitos e garantias fundamentais, se assemelhando \u00e0s Cl\u00e1usulas P\u00e9treas.<\/p>\n<p><b>3.\u00a0<\/b><b>O TELETRABALHO<\/b><\/p>\n<p>Poder\u00e1 ser institu\u00eddo ao crit\u00e9rio da empresa o\u00a0<b>trabalho remoto<\/b>, sem que exista de acordos individuais ou coletivos, dispensado o registro pr\u00e9vio da altera\u00e7\u00e3o no contrato individual de trabalho.<\/p>\n<p>Entretanto, a altera\u00e7\u00e3o acima, tem que preceder de notifica\u00e7\u00e3o ao empregado com anteced\u00eancia de, no m\u00ednimo, quarenta e oito horas, por escrito ou por meio eletr\u00f4nico (pode ser o WhatsApp).<\/p>\n<p>As despesas e equipamentos ser\u00e3o custeadas pela empresa, mas se o empregado tiver meios eletr\u00f4nicos para cumprir a quarentena em casa, este assim dever\u00e1 faz\u00ea-lo e depois o patr\u00e3o disponibilizar\u00e1 mais e melhores meios para o desempenho do labor.<\/p>\n<p>Tudo tem que ser visto pelo prisma da excepcionalidade, caso n\u00e3o acalcaremos o objetivo proposto com o isolamento laboral. Vide art. 4\u00ba, \u00a7 3\u00ba da MP.<\/p>\n<blockquote><p>\u00a7 3\u00ba AS DISPOSI\u00c7\u00d5ES RELATIVAS \u00c0 RESPONSABILIDADE PELA AQUISI\u00c7\u00c3O, PELA MANUTEN\u00c7\u00c3O OU PELO FORNECIMENTO DOS EQUIPAMENTOS TECNOL\u00d3GICOS E DA INFRAESTRUTURA NECESS\u00c1RIA E ADEQUADA \u00c0 PRESTA\u00c7\u00c3O DO TELETRABALHO, TRABALHO REMOTO OU TRABALHO A DIST\u00c2NCIA E AO REEMBOLSO DE DESPESAS ARCADAS PELO EMPREGADO SER\u00c3O PREVISTAS EM CONTRATO ESCRITO, FIRMADO PREVIAMENTE OU NO PRAZO DE TRINTA DIAS, CONTADO DA DATA DA MUDAN\u00c7A DO REGIME DE TRABALHO.<\/p><\/blockquote>\n<p>O Teletrabalho pactuado entre as partes estabelecer\u00e1 a jornada, as pe\u00e7as ou tarefas a serem cumpridas, sendo que o tempo para a realiza\u00e7\u00e3o dos servi\u00e7os n\u00e3o constituem tempo \u00e0 disposi\u00e7\u00e3o, regime de prontid\u00e3o ou de sobreaviso, exceto se houver previs\u00e3o em acordo individual ou coletivo.<\/p>\n<p>Estagi\u00e1rios, aprendizes e outras formas de contrata\u00e7\u00e3o tamb\u00e9m est\u00e3o autorizadas para a implementa\u00e7\u00e3o do Teletrabalho.<\/p>\n<p>N\u00e3o se aplicam aos trabalhadores em regime de teletrabalho, nos termos do disposto nesta Medida Provis\u00f3ria, as regulamenta\u00e7\u00f5es sobre trabalho em\u00a0<b>teleatendimento e telemarketing<\/b>.<\/p>\n<p><b>4.\u00a0<\/b><b>A ANTECIPA\u00c7\u00c3O DE F\u00c9RIAS INDIVIDUAIS<\/b><\/p>\n<p>Durante o per\u00edodo da MP, pode o empregador antecipar as f\u00e9rias do empregado, devendo ser respeitado objetivamente os seguintes crit\u00e9rios:<\/p>\n<ul>\n<li>Informa\u00e7\u00e3o ao empregado da\u00a0<b>antecipa\u00e7\u00e3o com o m\u00ednimo de 48 horas, por escrito ou por meio eletr\u00f4nico\u00a0<\/b>(WhatsApp);<\/li>\n<li>Indica\u00e7\u00e3o do per\u00edodo a ser gozado,\u00a0<b>respeitando o m\u00ednimo de 05 dias<\/b>;<\/li>\n<li>Gozo, mesmo que o empregado ainda n\u00e3o tenha direito aquisitivo;<\/li>\n<li>Negocia\u00e7\u00e3o ampla entre patr\u00e3o e empregado;<\/li>\n<li>Empregados do<b>\u00a0grupo de risco<\/b>\u00a0ter\u00e3o preferencia no gozo das f\u00e9rias, individuais e coletivas;<\/li>\n<li>Pagamento do ter\u00e7o constitucional, podendo ser feito ap\u00f3s o in\u00edcio do gozo\u00a0<b>ou at\u00e9 a gratifica\u00e7\u00e3o natalina do empregado<\/b>, sendo esta situa\u00e7\u00e3o a escolha do patr\u00e3o;<\/li>\n<li><b>Convers\u00e3o das f\u00e9rias em abono<\/b>\u00a0a escolha do empregador;<\/li>\n<li>Pagamento das f\u00e9rias\u00a0<b>at\u00e9 o 5\u00ba dia \u00fatil\u00a0<\/b>do m\u00eas subsequente a imposi\u00e7\u00e3o;<\/li>\n<\/ul>\n<p>Infelizmente, e temos que bater palmas para os profissionais da sa\u00fade, policiais, bombeiros e etc\u2026, verdadeiros her\u00f3is da na\u00e7\u00e3o, estes o empregador poder\u00e1 suspender as f\u00e9rias ou licen\u00e7as n\u00e3o remuneradas ou daqueles que desempenhem fun\u00e7\u00f5es essenciais, mediante aviso, por qualquer meio, preferencialmente com anteced\u00eancia de 48 horas.<\/p>\n<p><b>5.\u00a0<\/b><b>A CONCESS\u00c3O DE F\u00c9RIAS COLETIVAS<\/b><\/p>\n<p>Na mesma toada, seguem \u00e0s regras objetivas de concess\u00e3o de f\u00e9rias coletivas:<\/p>\n<ul>\n<li>N\u00e3o necessita de comunica\u00e7\u00e3o pr\u00e9via ao \u00f3rg\u00e3o local do Minist\u00e9rio da Economia e a comunica\u00e7\u00e3o aos sindicatos representativos da categoria profissional;<\/li>\n<li>Notificar o conjunto de empregados afetados com anteced\u00eancia de, no m\u00ednimo, quarenta e oito horas;<\/li>\n<li>N\u00e3o se aplica ao limite m\u00e1ximo de per\u00edodos anuais e o limite m\u00ednimo de dias corridos previstos na\u00a0<a class=\"cite\" title=\"DECRETO-LEI N.\u00ba 5.452, DE 1\u00ba DE MAIO DE 1943\" href=\"https:\/\/www.jusbrasil.com.br\/legislacao\/111983249\/consolida%C3%A7%C3%A3o-das-leis-do-trabalho-decreto-lei-5452-43\" rel=\"10766433\">CLT<\/a>.<\/li>\n<\/ul>\n<p><b>6.\u00a0<\/b><b>O APROVEITAMENTO E A ANTECIPA\u00c7\u00c3O DE FERIADOS<\/b><\/p>\n<p>Os empregadores poder\u00e3o antecipar o gozo de feriados n\u00e3o religiosos federais, estaduais, distritais e municipais, sendo que para isto dever\u00e3o:<\/p>\n<ul>\n<li>Notificar, por escrito ou por meio eletr\u00f4nico o conjunto de empregados beneficiados, com anteced\u00eancia de, no m\u00ednimo, quarenta e oito horas;<\/li>\n<li>Indicar expressamente os feriados aproveitados;<\/li>\n<\/ul>\n<p>Os feriados poder\u00e3o ser utilizados para compensa\u00e7\u00e3o do saldo em banco de horas, devendo, no entanto, os feriados religiosos conter a concord\u00e2ncia do empregado, mediante manifesta\u00e7\u00e3o em acordo individual escrito.<\/p>\n<p><b>7.\u00a0<\/b><b>O BANCO DE HORAS<\/b><\/p>\n<p>Fica autorizado a\u00a0<a class=\"cite\" title=\"CONSTITUI\u00c7\u00c3O DA REP\u00daBLICA FEDERATIVA DO BRASIL DE 1988\" href=\"https:\/\/www.jusbrasil.com.br\/legislacao\/155571402\/constitui%C3%A7%C3%A3o-federal-constitui%C3%A7%C3%A3o-da-republica-federativa-do-brasil-1988\" rel=\"302754\">constitui\u00e7\u00e3o<\/a>\u00a0de regime especial de compensa\u00e7\u00e3o de jornada, por meio de banco de horas. Este instituto j\u00e1 consta livremente deferido na\u00a0<a class=\"cite\" title=\"DECRETO-LEI N.\u00ba 5.452, DE 1\u00ba DE MAIO DE 1943\" href=\"https:\/\/www.jusbrasil.com.br\/legislacao\/111983249\/consolida%C3%A7%C3%A3o-das-leis-do-trabalho-decreto-lei-5452-43\" rel=\"10766433\">CLT<\/a>\u00a0(art. 59 \u00a7\u00a7 2\u00ba e 5\u00ba), sendo que a diferen\u00e7a deste para aquele, encontra-se abaixo pontuado:<\/p>\n<ul>\n<li>O banco de horas da MP 927\/20, dever\u00e1 ser estabelecido por meio de acordo coletivo ou individual formal,\u00a0<b>para a compensa\u00e7\u00e3o no prazo de at\u00e9 dezoito meses<\/b>;<\/li>\n<li>Este per\u00edodo de compensa\u00e7\u00e3o poder\u00e1 ocorrer ap\u00f3s a data de encerramento do estado de calamidade p\u00fablica.<\/li>\n<li>Tal compensa\u00e7\u00e3o poder\u00e1 ser feita mediante prorroga\u00e7\u00e3o de jornada em at\u00e9 duas horas, que n\u00e3o poder\u00e1 exceder dez horas di\u00e1rias.<\/li>\n<\/ul>\n<p>As compensa\u00e7\u00f5es aqui autorizadas, do saldo de horas, poder\u00e3o ser determinadas pelo empregador independentemente de Conven\u00e7\u00e3o Coletiva ou Acordo Individual ou Coletivo.<\/p>\n<p><b>8.\u00a0<\/b><b>A SUSPENS\u00c3O DE EXIG\u00caNCIAS ADMINISTRATIVAS EM SEGURAN\u00c7A E SA\u00daDE NO TRABALHO<\/b><\/p>\n<p>Foi dispensado os exames admissionais, mas n\u00e3o os demissionais. Todavia, tais exames poder\u00e3o ser feitos at\u00e9 60 dias ap\u00f3s o prazo do fim da calamidade p\u00fablica, bem como se o m\u00e9dico avaliador da empresa ou empresa de avalia\u00e7\u00e3o por ela contratada, constatar que o Trabalhador corre risco catalizador de algum aux\u00edlio securit\u00e1rio, este comunicar\u00e1 a ao empregador, tal necessidade.<\/p>\n<p><b>Dispensa-se o demissional, se o ocupacional tenha sido realizado h\u00e1 menos de 180 dias.<\/b><\/p>\n<p>Treinamentos per\u00edodos est\u00e3o suspensos, previstos nas Normas de Sa\u00fade e Seguran\u00e7a do Trabalho, devendo tais serem realizados ap\u00f3s 90 dias do fim da calamidade. Estes treinamentos tamb\u00e9m poder\u00e3o ser feitos \u00e0 dist\u00e2ncia.<\/p>\n<p>Comiss\u00f5es de acidente permanecer\u00e3o, mas os pleitos eleitorais destas poder\u00e3o restar suspensos.<\/p>\n<p><b>9.\u00a0<\/b><b>O DIRECIONAMENTO DO TRABALHADOR PARA QUALIFICA\u00c7\u00c3O<\/b><\/p>\n<p>O Artigo 18 foi revogado hoje pelo presidente. Nele previa a suspens\u00e3o do contrato de trabalho por at\u00e9 quatro meses, sem sal\u00e1rio, para participa\u00e7\u00e3o do empregado em curso de qualifica\u00e7\u00e3o profissional n\u00e3o presencial, oferecido pela empresa ou por outra institui\u00e7\u00e3o. Essa suspens\u00e3o poderia ser acordada individualmente com o empregado e n\u00e3o dependeria de acordo ou conven\u00e7\u00e3o coletiva, e poderia ou n\u00e3o a empresa dar um tipo de bolsa para a profissionaliza\u00e7\u00e3o, mas n\u00e3o de natureza salarial.<\/p>\n<p>Tal artigo gerou diversas cr\u00edticas da sociedade, juristas e principalmente dos parlamentares, estes \u00faltimos que votar\u00e3o a convers\u00e3o da MP em Lei ou n\u00e3o.<\/p>\n<p><b>10.\u00a0<\/b><b>O DIFERIMENTO DO RECOLHIMENTO DO FUNDO DE GARANTIA DO TEMPO DE SERVI\u00c7O \u2013 FGTS<\/b><\/p>\n<p>Fica suspensa a exigibilidade do recolhimento do FGTS pelos empregadores, independentemente do n\u00famero de empregados, regime de tributa\u00e7\u00e3o, natureza jur\u00eddica, do ramo de atividade econ\u00f4mica e da ades\u00e3o pr\u00e9via,\u00a0<b>referente \u00e0s compet\u00eancias de mar\u00e7o, abril e maio de 2020, com vencimento em abril, maio e junho de 2020, respectivamente<\/b>.<\/p>\n<p>Ainda, tal suspens\u00e3o, poder\u00e1 ser recolhida de forma parcelada,\u00a0<b>sem a incid\u00eancia de juros e multa, em 06 vezes, com vencimento no s\u00e9timo dia de cada m\u00eas, come\u00e7ando a partir de julho de 2020<\/b>.<\/p>\n<p>Para usufruir da prerrogativa o patr\u00e3o dever\u00e1\u00a0<b>declarar as informa\u00e7\u00f5es da suspens\u00e3o at\u00e9 o dia 20 de junho de 2020<\/b>, ficando suspenso tamb\u00e9m o prazo prescricional dos d\u00e9bitos relativos a tais contribui\u00e7\u00f5es suspensas.<\/p>\n<p>Caso o pagamento seja feito em parcelas, tal qual explicado, a empresa poder\u00e1 ter a seu favor um\u00a0<b>certificado positivo com efeitos de negativo, sobre a regularidade dos pagamentos fundi\u00e1rios<\/b>.<\/p>\n<p><b>11.\u00a0<\/b><b>DISPOSI\u00c7\u00d5ES FINAIS<\/b><\/p>\n<ul>\n<li>jornada de doze horas de trabalho por trinta e seis horas de descanso, para atividades insalubres, mediante acordo escrito;<\/li>\n<li>Prorroga\u00e7\u00e3o da jornada constitucional, por for\u00e7a maior;<\/li>\n<li>Permiss\u00e3o de escalar entre a 13\u00aa e 24\u00aa hora trabalhada, sem preju\u00edzo do intervalo a ser concedido, podendo tais serem compensadas em 18 meses, por meio de banco de horas ou por horas extras;<\/li>\n<li>Suspens\u00e3o de 180 dias para o ingresso de recursos administrativos em raz\u00e3o de infra\u00e7\u00f5es trabalhistas;<\/li>\n<li>Os casos de contamina\u00e7\u00e3o pelo coronav\u00edrus (covid-19) n\u00e3o ser\u00e3o considerados como acidente de trabalho, modalidade doen\u00e7a ocupacional, exceto mediante comprova\u00e7\u00e3o do nexo causal do empregador;<\/li>\n<li>Prorroga\u00e7\u00e3o de acordos e conven\u00e7\u00f5es coletivas pelo prazo de 90 dias, contados de 180 dias da data da publica\u00e7\u00e3o da MP;<\/li>\n<li>Autua\u00e7\u00e3o dos fiscais do trabalho ficar\u00e3o condicionadas a; falta de registro de empregado, a partir de den\u00fancias; situa\u00e7\u00f5es de grave e iminente risco; ocorr\u00eancia de acidente de trabalho fatal apurado por meio de procedimento fiscal de an\u00e1lise de acidente; trabalho em condi\u00e7\u00f5es an\u00e1logas \u00e0s de escravo ou trabalho infantil.<\/li>\n<li>Antecipa\u00e7\u00e3o do Abono Salarial, a ser pago: cinquenta por cento do valor do benef\u00edcio devido no m\u00eas de abril; a segunda parcela ser\u00e1 paga em maio.<\/li>\n<\/ul>\n<p><b>12.\u00a0<\/b><b>CONCLUS\u00c3O<\/b><\/p>\n<p>Esta Medida Provis\u00f3ria, para ser convertida em Lei, precisa ser votada no Congresso, mas \u00e9 um instrumento normativo que visa desburocratizar as regras trabalhistas, visando n\u00e3o o seu descumprimento, mas sim a prote\u00e7\u00e3o do emprego.<\/p>\n<p>Alguma destas medidas, a princ\u00edpio, poder\u00e3o ser vistas como retrocesso ou um desrespeito \u00e0s normas legais protetivas do trabalhador, todavia em situa\u00e7\u00f5es de exce\u00e7\u00e3o, como a que estamos vivendo, dever\u00e1 ser encarada excepcionalmente, eis que o risco desemprego em massa durante e ap\u00f3s a conten\u00e7\u00e3o do COVID19 \u00e9 t\u00e3o real quanto a pr\u00f3pria doen\u00e7a.<\/p>\n<p>Medidas outras est\u00e3o sendo tomadas pelos Governos, como concess\u00e3o de linhas de empr\u00e9stimo para capital de giro a pre\u00e7os subsidiados e isto \u00e9 salutar no momento em que vivemos.<\/p>\n<p>Claro que os abusos devem ser denunciados, tanto para a Superintend\u00eancia do Trabalho, quanto para o Minist\u00e9rio P\u00fablico Trabalhista e a pr\u00f3pria Justi\u00e7a Laboral. Entretanto, precisa-se, com o Estado de Calamidade, dar mais autonomia \u00e0 patr\u00e3o e empregado, visando, como dito, proteger o emprego e das milhares de fam\u00edlias que dependem desta t\u00eanue rela\u00e7\u00e3o.<\/p>\n<p>Bras\u00edlia 22 de mar\u00e7o de 2020.<\/p>\n<p>18 horas e 12 minutos. (Corrigido \u00e0s 14 horas e 57 minutos)<\/p>\n<p>Marcos Martins Costa \u2013 Advogado.<\/p>\n<hr \/>\n<p><a href=\"https:\/\/marcosmartinscosta.jusbrasil.com.br\/artigos\/823788865\/o-dia-em-que-o-trabalhador-parou#_ftnref1\" target=\"_blank\" rel=\"nofollow noopener noreferrer\"><i>[1]<\/i><\/a><i>\u00a0O Plano Marshall (conhecido oficialmente como Programa de Recupera\u00e7\u00e3o Europeia), um aprofundamento da Doutrina Truman, foi o principal plano dos Estados Unidos para a reconstru\u00e7\u00e3o dos pa\u00edses aliados da Europa nos anos seguintes \u00e0 Segunda Guerra Mundial.<\/i><\/p>\n<\/article>\n<\/div>\n<\/div>\n<div class=\"DocumentPage-footer-wrapper\">\n<div class=\"DocumentFooter\">\n<div class=\"DocumentFooter-content\">\n<div class=\"ProfileInfo-wrapper\">\n<div class=\"ProfileInfo\">\n<div class=\"ProfileInfo-image\"><a class=\"ProfileInfo-image-content\" href=\"https:\/\/marcosmartinscosta.jusbrasil.com.br\/\" data-profile-tooltip=\"3729554\"><span class=\"Image\"><img loading=\"lazy\" decoding=\"async\" class=\"avatar avatar--lg avatar--circle jetpack-lazy-image td-animation-stack-type0-1 jetpack-lazy-image--handled\" src=\"https:\/\/i2.wp.com\/thumbs.jusbr.com\/48x48\/imgs.jusbr.com\/profiles\/3729554\/images\/1430925327_standard.jpg?resize=48%2C48&amp;ssl=1\" alt=\"Marcos Martins Costa, Advogado\" width=\"48\" height=\"48\" data-src=\"https:\/\/i2.wp.com\/thumbs.jusbr.com\/48x48\/imgs.jusbr.com\/profiles\/3729554\/images\/1430925327_standard.jpg?resize=48%2C48&amp;ssl=1\" data-profile-tooltip=\"3729554\" data-recalc-dims=\"1\" data-lazy-loaded=\"1\" \/><\/span><\/a><\/div>\n<div class=\"ProfileInfo-info\">\n<div class=\"ProfileInfo-title\"><a class=\"ProfileInfo-title-text\" href=\"https:\/\/marcosmartinscosta.jusbrasil.com.br\/\" data-profile-tooltip=\"3729554\">Marcos Martins Costa<\/a><\/div>\n<p><span class=\"ProfileInfo-info-description\">Advogado<\/span><\/p>\n<\/div>\n<\/div>\n<\/div>\n<div class=\"DocumentFooter-bio\">Advogado especialista em Direito do Trabalho, S\u00f3cio-Fundador do escrit\u00f3rio MMT \u2013 Advogados (<a href=\"https:\/\/www.mmtadvogados.com\/\">www.mmtadvogados.com<\/a>).<\/div>\n<\/div>\n<\/div>\n<\/div>\n","protected":false},"excerpt":{"rendered":"<p>Parafraseando a m\u00fasica de Raul Seixas, h\u00e1 v\u00e1rios dias diversos trabalhadores n\u00e3o sa\u00edram de suas casa, mas n\u00e3o porqu\u00ea eles combinaram, n\u00e3o por conta de movimentos paredistas liderados por sindicatos, mas sim por conta da for\u00e7a maior chamada:\u00a0Corona V\u00edrus (COVID19),\u00a0v\u00edrus este que se espalha no Brasil na mesma velocidade do que foi visto na It\u00e1lia [&hellip;]<\/p>\n","protected":false},"author":18,"featured_media":19206,"comment_status":"open","ping_status":"open","sticky":false,"template":"","format":"standard","meta":{"footnotes":""},"categories":[1],"tags":[],"class_list":{"0":"post-19205","1":"post","2":"type-post","3":"status-publish","4":"format-standard","5":"has-post-thumbnail","7":"category-outros"},"yoast_head":"<!-- This site is optimized with the Yoast SEO Premium plugin v24.5 (Yoast SEO v27.5) - https:\/\/yoast.com\/product\/yoast-seo-premium-wordpress\/ -->\n<title>O dia em que o trabalhador parou - P31<\/title>\n<meta name=\"description\" content=\"Marcos Martins Costa - Advogado especialista em Direito do Trabalho, S\u00f3cio-Fundador do escrit\u00f3rio MMT \u2013 Advogados (www.mmtadvogados.com).\" \/>\n<meta name=\"robots\" content=\"index, follow, max-snippet:-1, max-image-preview:large, max-video-preview:-1\" \/>\n<link rel=\"canonical\" href=\"https:\/\/www.p31noticias.com.br\/?p=19205\" \/>\n<meta property=\"og:locale\" content=\"pt_BR\" \/>\n<meta property=\"og:type\" content=\"article\" \/>\n<meta property=\"og:title\" content=\"O dia em que o trabalhador parou\" \/>\n<meta property=\"og:description\" content=\"Marcos Martins Costa - Advogado especialista em Direito do Trabalho, S\u00f3cio-Fundador do escrit\u00f3rio MMT \u2013 Advogados (www.mmtadvogados.com).\" \/>\n<meta property=\"og:url\" content=\"https:\/\/www.p31noticias.com.br\/?p=19205\" \/>\n<meta property=\"og:site_name\" content=\"P31\" \/>\n<meta property=\"article:published_time\" content=\"2020-03-25T23:24:18+00:00\" \/>\n<meta property=\"og:image\" content=\"https:\/\/www.p31noticias.com.br\/wp-content\/uploads\/2020\/03\/corona.png\" \/>\n\t<meta property=\"og:image:width\" content=\"1068\" \/>\n\t<meta property=\"og:image:height\" content=\"712\" \/>\n\t<meta property=\"og:image:type\" content=\"image\/png\" \/>\n<meta name=\"author\" content=\"Reda\u00e7\u00e3o JBN\" \/>\n<meta name=\"twitter:card\" content=\"summary_large_image\" \/>\n<meta name=\"twitter:label1\" content=\"Escrito por\" \/>\n\t<meta name=\"twitter:data1\" content=\"Reda\u00e7\u00e3o JBN\" \/>\n\t<meta name=\"twitter:label2\" content=\"Est. tempo de leitura\" \/>\n\t<meta name=\"twitter:data2\" content=\"12 minutos\" \/>\n<script type=\"application\/ld+json\" class=\"yoast-schema-graph\">{\"@context\":\"https:\\\/\\\/schema.org\",\"@graph\":[{\"@type\":\"Article\",\"@id\":\"https:\\\/\\\/www.p31noticias.com.br\\\/?p=19205#article\",\"isPartOf\":{\"@id\":\"https:\\\/\\\/www.p31noticias.com.br\\\/?p=19205\"},\"author\":{\"name\":\"Reda\u00e7\u00e3o JBN\",\"@id\":\"https:\\\/\\\/www.p31noticias.com.br\\\/#\\\/schema\\\/person\\\/77d6b186c710ac38937c6ec204fdd387\"},\"headline\":\"O dia em que o trabalhador parou\",\"datePublished\":\"2020-03-25T23:24:18+00:00\",\"mainEntityOfPage\":{\"@id\":\"https:\\\/\\\/www.p31noticias.com.br\\\/?p=19205\"},\"wordCount\":2483,\"commentCount\":0,\"image\":{\"@id\":\"https:\\\/\\\/www.p31noticias.com.br\\\/?p=19205#primaryimage\"},\"thumbnailUrl\":\"https:\\\/\\\/www.p31noticias.com.br\\\/wp-content\\\/uploads\\\/2020\\\/03\\\/corona.png\",\"articleSection\":[\"Outros\"],\"inLanguage\":\"pt-BR\",\"potentialAction\":[{\"@type\":\"CommentAction\",\"name\":\"Comment\",\"target\":[\"https:\\\/\\\/www.p31noticias.com.br\\\/?p=19205#respond\"]}],\"copyrightYear\":\"2020\",\"copyrightHolder\":{\"@id\":\"https:\\\/\\\/www.p31noticias.com.br\\\/#organization\"}},{\"@type\":\"WebPage\",\"@id\":\"https:\\\/\\\/www.p31noticias.com.br\\\/?p=19205\",\"url\":\"https:\\\/\\\/www.p31noticias.com.br\\\/?p=19205\",\"name\":\"O dia em que o trabalhador parou - P31\",\"isPartOf\":{\"@id\":\"https:\\\/\\\/www.p31noticias.com.br\\\/#website\"},\"primaryImageOfPage\":{\"@id\":\"https:\\\/\\\/www.p31noticias.com.br\\\/?p=19205#primaryimage\"},\"image\":{\"@id\":\"https:\\\/\\\/www.p31noticias.com.br\\\/?p=19205#primaryimage\"},\"thumbnailUrl\":\"https:\\\/\\\/www.p31noticias.com.br\\\/wp-content\\\/uploads\\\/2020\\\/03\\\/corona.png\",\"datePublished\":\"2020-03-25T23:24:18+00:00\",\"author\":{\"@id\":\"https:\\\/\\\/www.p31noticias.com.br\\\/#\\\/schema\\\/person\\\/77d6b186c710ac38937c6ec204fdd387\"},\"description\":\"Marcos Martins Costa - Advogado especialista em Direito do Trabalho, S\u00f3cio-Fundador do escrit\u00f3rio MMT \u2013 Advogados (www.mmtadvogados.com).\",\"breadcrumb\":{\"@id\":\"https:\\\/\\\/www.p31noticias.com.br\\\/?p=19205#breadcrumb\"},\"inLanguage\":\"pt-BR\",\"potentialAction\":[{\"@type\":\"ReadAction\",\"target\":[\"https:\\\/\\\/www.p31noticias.com.br\\\/?p=19205\"]}]},{\"@type\":\"ImageObject\",\"inLanguage\":\"pt-BR\",\"@id\":\"https:\\\/\\\/www.p31noticias.com.br\\\/?p=19205#primaryimage\",\"url\":\"https:\\\/\\\/www.p31noticias.com.br\\\/wp-content\\\/uploads\\\/2020\\\/03\\\/corona.png\",\"contentUrl\":\"https:\\\/\\\/www.p31noticias.com.br\\\/wp-content\\\/uploads\\\/2020\\\/03\\\/corona.png\",\"width\":1068,\"height\":712},{\"@type\":\"BreadcrumbList\",\"@id\":\"https:\\\/\\\/www.p31noticias.com.br\\\/?p=19205#breadcrumb\",\"itemListElement\":[{\"@type\":\"ListItem\",\"position\":1,\"name\":\"In\u00edcio\",\"item\":\"https:\\\/\\\/www.p31noticias.com.br\\\/\"},{\"@type\":\"ListItem\",\"position\":2,\"name\":\"O dia em que o trabalhador parou\"}]},{\"@type\":\"WebSite\",\"@id\":\"https:\\\/\\\/www.p31noticias.com.br\\\/#website\",\"url\":\"https:\\\/\\\/www.p31noticias.com.br\\\/\",\"name\":\"P31\",\"description\":\"NOT\u00cdCIAS\",\"potentialAction\":[{\"@type\":\"SearchAction\",\"target\":{\"@type\":\"EntryPoint\",\"urlTemplate\":\"https:\\\/\\\/www.p31noticias.com.br\\\/?s={search_term_string}\"},\"query-input\":{\"@type\":\"PropertyValueSpecification\",\"valueRequired\":true,\"valueName\":\"search_term_string\"}}],\"inLanguage\":\"pt-BR\"},{\"@type\":\"Person\",\"@id\":\"https:\\\/\\\/www.p31noticias.com.br\\\/#\\\/schema\\\/person\\\/77d6b186c710ac38937c6ec204fdd387\",\"name\":\"Reda\u00e7\u00e3o JBN\",\"image\":{\"@type\":\"ImageObject\",\"inLanguage\":\"pt-BR\",\"@id\":\"https:\\\/\\\/secure.gravatar.com\\\/avatar\\\/10fcdb93211f98cce3d64c0795b0915a9a4a21dc0f279238995a3dbfafcad090?s=96&d=mm&r=g\",\"url\":\"https:\\\/\\\/secure.gravatar.com\\\/avatar\\\/10fcdb93211f98cce3d64c0795b0915a9a4a21dc0f279238995a3dbfafcad090?s=96&d=mm&r=g\",\"contentUrl\":\"https:\\\/\\\/secure.gravatar.com\\\/avatar\\\/10fcdb93211f98cce3d64c0795b0915a9a4a21dc0f279238995a3dbfafcad090?s=96&d=mm&r=g\",\"caption\":\"Reda\u00e7\u00e3o JBN\"},\"sameAs\":[\"https:\\\/\\\/p31noticias.com.br\"],\"url\":\"https:\\\/\\\/www.p31noticias.com.br\\\/?author=18\"}]}<\/script>\n<!-- \/ Yoast SEO Premium plugin. -->","yoast_head_json":{"title":"O dia em que o trabalhador parou - P31","description":"Marcos Martins Costa - Advogado especialista em Direito do Trabalho, S\u00f3cio-Fundador do escrit\u00f3rio MMT \u2013 Advogados (www.mmtadvogados.com).","robots":{"index":"index","follow":"follow","max-snippet":"max-snippet:-1","max-image-preview":"max-image-preview:large","max-video-preview":"max-video-preview:-1"},"canonical":"https:\/\/www.p31noticias.com.br\/?p=19205","og_locale":"pt_BR","og_type":"article","og_title":"O dia em que o trabalhador parou","og_description":"Marcos Martins Costa - Advogado especialista em Direito do Trabalho, S\u00f3cio-Fundador do escrit\u00f3rio MMT \u2013 Advogados (www.mmtadvogados.com).","og_url":"https:\/\/www.p31noticias.com.br\/?p=19205","og_site_name":"P31","article_published_time":"2020-03-25T23:24:18+00:00","og_image":[{"width":1068,"height":712,"url":"https:\/\/www.p31noticias.com.br\/wp-content\/uploads\/2020\/03\/corona.png","type":"image\/png"}],"author":"Reda\u00e7\u00e3o JBN","twitter_card":"summary_large_image","twitter_misc":{"Escrito por":"Reda\u00e7\u00e3o JBN","Est. tempo de leitura":"12 minutos"},"schema":{"@context":"https:\/\/schema.org","@graph":[{"@type":"Article","@id":"https:\/\/www.p31noticias.com.br\/?p=19205#article","isPartOf":{"@id":"https:\/\/www.p31noticias.com.br\/?p=19205"},"author":{"name":"Reda\u00e7\u00e3o JBN","@id":"https:\/\/www.p31noticias.com.br\/#\/schema\/person\/77d6b186c710ac38937c6ec204fdd387"},"headline":"O dia em que o trabalhador parou","datePublished":"2020-03-25T23:24:18+00:00","mainEntityOfPage":{"@id":"https:\/\/www.p31noticias.com.br\/?p=19205"},"wordCount":2483,"commentCount":0,"image":{"@id":"https:\/\/www.p31noticias.com.br\/?p=19205#primaryimage"},"thumbnailUrl":"https:\/\/www.p31noticias.com.br\/wp-content\/uploads\/2020\/03\/corona.png","articleSection":["Outros"],"inLanguage":"pt-BR","potentialAction":[{"@type":"CommentAction","name":"Comment","target":["https:\/\/www.p31noticias.com.br\/?p=19205#respond"]}],"copyrightYear":"2020","copyrightHolder":{"@id":"https:\/\/www.p31noticias.com.br\/#organization"}},{"@type":"WebPage","@id":"https:\/\/www.p31noticias.com.br\/?p=19205","url":"https:\/\/www.p31noticias.com.br\/?p=19205","name":"O dia em que o trabalhador parou - P31","isPartOf":{"@id":"https:\/\/www.p31noticias.com.br\/#website"},"primaryImageOfPage":{"@id":"https:\/\/www.p31noticias.com.br\/?p=19205#primaryimage"},"image":{"@id":"https:\/\/www.p31noticias.com.br\/?p=19205#primaryimage"},"thumbnailUrl":"https:\/\/www.p31noticias.com.br\/wp-content\/uploads\/2020\/03\/corona.png","datePublished":"2020-03-25T23:24:18+00:00","author":{"@id":"https:\/\/www.p31noticias.com.br\/#\/schema\/person\/77d6b186c710ac38937c6ec204fdd387"},"description":"Marcos Martins Costa - Advogado especialista em Direito do Trabalho, S\u00f3cio-Fundador do escrit\u00f3rio MMT \u2013 Advogados (www.mmtadvogados.com).","breadcrumb":{"@id":"https:\/\/www.p31noticias.com.br\/?p=19205#breadcrumb"},"inLanguage":"pt-BR","potentialAction":[{"@type":"ReadAction","target":["https:\/\/www.p31noticias.com.br\/?p=19205"]}]},{"@type":"ImageObject","inLanguage":"pt-BR","@id":"https:\/\/www.p31noticias.com.br\/?p=19205#primaryimage","url":"https:\/\/www.p31noticias.com.br\/wp-content\/uploads\/2020\/03\/corona.png","contentUrl":"https:\/\/www.p31noticias.com.br\/wp-content\/uploads\/2020\/03\/corona.png","width":1068,"height":712},{"@type":"BreadcrumbList","@id":"https:\/\/www.p31noticias.com.br\/?p=19205#breadcrumb","itemListElement":[{"@type":"ListItem","position":1,"name":"In\u00edcio","item":"https:\/\/www.p31noticias.com.br\/"},{"@type":"ListItem","position":2,"name":"O dia em que o trabalhador parou"}]},{"@type":"WebSite","@id":"https:\/\/www.p31noticias.com.br\/#website","url":"https:\/\/www.p31noticias.com.br\/","name":"P31","description":"NOT\u00cdCIAS","potentialAction":[{"@type":"SearchAction","target":{"@type":"EntryPoint","urlTemplate":"https:\/\/www.p31noticias.com.br\/?s={search_term_string}"},"query-input":{"@type":"PropertyValueSpecification","valueRequired":true,"valueName":"search_term_string"}}],"inLanguage":"pt-BR"},{"@type":"Person","@id":"https:\/\/www.p31noticias.com.br\/#\/schema\/person\/77d6b186c710ac38937c6ec204fdd387","name":"Reda\u00e7\u00e3o JBN","image":{"@type":"ImageObject","inLanguage":"pt-BR","@id":"https:\/\/secure.gravatar.com\/avatar\/10fcdb93211f98cce3d64c0795b0915a9a4a21dc0f279238995a3dbfafcad090?s=96&d=mm&r=g","url":"https:\/\/secure.gravatar.com\/avatar\/10fcdb93211f98cce3d64c0795b0915a9a4a21dc0f279238995a3dbfafcad090?s=96&d=mm&r=g","contentUrl":"https:\/\/secure.gravatar.com\/avatar\/10fcdb93211f98cce3d64c0795b0915a9a4a21dc0f279238995a3dbfafcad090?s=96&d=mm&r=g","caption":"Reda\u00e7\u00e3o JBN"},"sameAs":["https:\/\/p31noticias.com.br"],"url":"https:\/\/www.p31noticias.com.br\/?author=18"}]}},"amp_enabled":true,"_links":{"self":[{"href":"https:\/\/www.p31noticias.com.br\/index.php?rest_route=\/wp\/v2\/posts\/19205","targetHints":{"allow":["GET"]}}],"collection":[{"href":"https:\/\/www.p31noticias.com.br\/index.php?rest_route=\/wp\/v2\/posts"}],"about":[{"href":"https:\/\/www.p31noticias.com.br\/index.php?rest_route=\/wp\/v2\/types\/post"}],"author":[{"embeddable":true,"href":"https:\/\/www.p31noticias.com.br\/index.php?rest_route=\/wp\/v2\/users\/18"}],"replies":[{"embeddable":true,"href":"https:\/\/www.p31noticias.com.br\/index.php?rest_route=%2Fwp%2Fv2%2Fcomments&post=19205"}],"version-history":[{"count":0,"href":"https:\/\/www.p31noticias.com.br\/index.php?rest_route=\/wp\/v2\/posts\/19205\/revisions"}],"wp:featuredmedia":[{"embeddable":true,"href":"https:\/\/www.p31noticias.com.br\/index.php?rest_route=\/wp\/v2\/media\/19206"}],"wp:attachment":[{"href":"https:\/\/www.p31noticias.com.br\/index.php?rest_route=%2Fwp%2Fv2%2Fmedia&parent=19205"}],"wp:term":[{"taxonomy":"category","embeddable":true,"href":"https:\/\/www.p31noticias.com.br\/index.php?rest_route=%2Fwp%2Fv2%2Fcategories&post=19205"},{"taxonomy":"post_tag","embeddable":true,"href":"https:\/\/www.p31noticias.com.br\/index.php?rest_route=%2Fwp%2Fv2%2Ftags&post=19205"}],"curies":[{"name":"wp","href":"https:\/\/api.w.org\/{rel}","templated":true}]}}