{"id":19187,"date":"2020-03-23T01:36:49","date_gmt":"2020-03-23T04:36:49","guid":{"rendered":"https:\/\/www.delioandrade.com.br\/?p=19187"},"modified":"2020-03-23T01:36:49","modified_gmt":"2020-03-23T04:36:49","slug":"medida-foi-concedida-para-evitar-possivel-propagacao-da-covid-19-entre-os-presos","status":"publish","type":"post","link":"https:\/\/www.p31noticias.com.br\/?p=19187","title":{"rendered":"Medida foi concedida para evitar poss\u00edvel propaga\u00e7\u00e3o da Covid-19 entre os presos"},"content":{"rendered":"<div>De acordo com a\u00a0<strong>Defensoria P\u00fablica<\/strong>, as pris\u00f5es s\u00e3o um ambiente prop\u00edcio para<strong>\u00a0contamina\u00e7\u00e3o<\/strong>\u00a0em massa. O \u00f3rg\u00e3o tamb\u00e9m alega que presos por falta de pagamento de pens\u00e3o aliment\u00edcia<strong>\u00a0permanecem<\/strong>\u00a0em c\u00e1rcere, geralmente, por pouco tempo, podendo contrair a doen\u00e7a e\u00a0<strong>contagiar<\/strong>\u00a0milhares de pessoas.<\/div>\n<div><\/div>\n<div>A decis\u00e3o tem por<strong>\u00a0fundamento\u00a0<\/strong>a\u00a0<strong>precariedade<\/strong>\u00a0das instala\u00e7\u00f5es prisionais e a\u00a0<strong>falta\u00a0<\/strong>de condi\u00e7\u00f5es adequadas de higiene e salubridade. Ainda segundo o \u00f3rg\u00e3o, o fato\u00a0<strong>viola<\/strong>\u00a0o artigo 5, III, da Constitui\u00e7\u00e3o, que diz que \u201cningu\u00e9m ser\u00e1 submetido a tortura nem a tratamento desumano ou degradante\u201d. O pedido da Defensoria incluiu ainda que os mandados de pris\u00e3o em aberto sejam\u00a0<strong>suspensos\u00a0<\/strong>por 90 dias e que alvar\u00e1s de soltura fossem expedidos em benef\u00edcio dos pesos nessa situa\u00e7\u00e3o.<\/div>\n<div><\/div>\n<div>\n<div>O magistrado\u00a0<strong>deferiu\u00a0<\/strong>a liminar em parte. \u201cDiante desse contexto, defiro, em parte, a liminar pleitada para conceder a ordem, autorizando o cumprimento em regime de pris\u00e3o domiciliar, com validade pelo prazo de 30 dias, das penas de pris\u00e3o civil decretadas contra devedores de pens\u00f5es aliment\u00edcias\u201d, como consta na decis\u00e3o do desembargador Carlos Roberto Faria.<\/div>\n<div><\/div>\n<div>O desembargador ressalta que os beneficiados\u00a0<strong>devem<\/strong>\u00a0ficar dentro de suas resid\u00eancias, sem autoriza\u00e7\u00e3o para sair.<\/div>\n<\/div>\n","protected":false},"excerpt":{"rendered":"<p>De acordo com a\u00a0Defensoria P\u00fablica, as pris\u00f5es s\u00e3o um ambiente prop\u00edcio para\u00a0contamina\u00e7\u00e3o\u00a0em massa. O \u00f3rg\u00e3o tamb\u00e9m alega que presos por falta de pagamento de pens\u00e3o aliment\u00edcia\u00a0permanecem\u00a0em c\u00e1rcere, geralmente, por pouco tempo, podendo contrair a doen\u00e7a e\u00a0contagiar\u00a0milhares de pessoas. A decis\u00e3o tem por\u00a0fundamento\u00a0a\u00a0precariedade\u00a0das instala\u00e7\u00f5es prisionais e a\u00a0falta\u00a0de condi\u00e7\u00f5es adequadas de higiene e salubridade. Ainda segundo o [&hellip;]<\/p>\n","protected":false},"author":18,"featured_media":19188,"comment_status":"open","ping_status":"open","sticky":false,"template":"","format":"standard","meta":{"footnotes":""},"categories":[68],"tags":[],"class_list":{"0":"post-19187","1":"post","2":"type-post","3":"status-publish","4":"format-standard","5":"has-post-thumbnail","7":"category-brasil"},"yoast_head":"<!-- This site is optimized with the Yoast SEO Premium plugin v24.5 (Yoast SEO v27.5) - https:\/\/yoast.com\/product\/yoast-seo-premium-wordpress\/ -->\n<title>Medida foi concedida para evitar poss\u00edvel propaga\u00e7\u00e3o da Covid-19 entre os presos - P31<\/title>\n<meta name=\"robots\" content=\"index, follow, max-snippet:-1, max-image-preview:large, max-video-preview:-1\" \/>\n<link rel=\"canonical\" href=\"https:\/\/www.p31noticias.com.br\/?p=19187\" \/>\n<meta property=\"og:locale\" content=\"pt_BR\" \/>\n<meta property=\"og:type\" content=\"article\" \/>\n<meta property=\"og:title\" content=\"Medida foi concedida para evitar poss\u00edvel propaga\u00e7\u00e3o da Covid-19 entre os presos\" \/>\n<meta property=\"og:description\" content=\"De acordo com a\u00a0Defensoria P\u00fablica, as pris\u00f5es s\u00e3o um ambiente prop\u00edcio para\u00a0contamina\u00e7\u00e3o\u00a0em massa. O \u00f3rg\u00e3o tamb\u00e9m alega que presos por falta de pagamento de pens\u00e3o aliment\u00edcia\u00a0permanecem\u00a0em c\u00e1rcere, geralmente, por pouco tempo, podendo contrair a doen\u00e7a e\u00a0contagiar\u00a0milhares de pessoas. A decis\u00e3o tem por\u00a0fundamento\u00a0a\u00a0precariedade\u00a0das instala\u00e7\u00f5es prisionais e a\u00a0falta\u00a0de condi\u00e7\u00f5es adequadas de higiene e salubridade. Ainda segundo o [&hellip;]\" \/>\n<meta property=\"og:url\" content=\"https:\/\/www.p31noticias.com.br\/?p=19187\" \/>\n<meta property=\"og:site_name\" content=\"P31\" \/>\n<meta property=\"article:published_time\" content=\"2020-03-23T04:36:49+00:00\" \/>\n<meta property=\"og:image\" content=\"https:\/\/www.p31noticias.com.br\/wp-content\/uploads\/2020\/03\/20200320220649258995a.jpg\" \/>\n\t<meta property=\"og:image:width\" content=\"820\" \/>\n\t<meta property=\"og:image:height\" content=\"492\" \/>\n\t<meta property=\"og:image:type\" content=\"image\/jpeg\" \/>\n<meta name=\"author\" content=\"Reda\u00e7\u00e3o JBN\" \/>\n<meta name=\"twitter:card\" content=\"summary_large_image\" \/>\n<meta name=\"twitter:label1\" content=\"Escrito por\" \/>\n\t<meta name=\"twitter:data1\" content=\"Reda\u00e7\u00e3o JBN\" \/>\n\t<meta name=\"twitter:label2\" content=\"Est. tempo de leitura\" \/>\n\t<meta name=\"twitter:data2\" content=\"1 minuto\" \/>\n<script type=\"application\/ld+json\" class=\"yoast-schema-graph\">{\"@context\":\"https:\\\/\\\/schema.org\",\"@graph\":[{\"@type\":\"Article\",\"@id\":\"https:\\\/\\\/www.p31noticias.com.br\\\/?p=19187#article\",\"isPartOf\":{\"@id\":\"https:\\\/\\\/www.p31noticias.com.br\\\/?p=19187\"},\"author\":{\"name\":\"Reda\u00e7\u00e3o JBN\",\"@id\":\"https:\\\/\\\/www.p31noticias.com.br\\\/#\\\/schema\\\/person\\\/77d6b186c710ac38937c6ec204fdd387\"},\"headline\":\"Medida foi concedida para evitar poss\u00edvel propaga\u00e7\u00e3o da Covid-19 entre os presos\",\"datePublished\":\"2020-03-23T04:36:49+00:00\",\"mainEntityOfPage\":{\"@id\":\"https:\\\/\\\/www.p31noticias.com.br\\\/?p=19187\"},\"wordCount\":233,\"commentCount\":0,\"image\":{\"@id\":\"https:\\\/\\\/www.p31noticias.com.br\\\/?p=19187#primaryimage\"},\"thumbnailUrl\":\"https:\\\/\\\/www.p31noticias.com.br\\\/wp-content\\\/uploads\\\/2020\\\/03\\\/20200320220649258995a.jpg\",\"articleSection\":[\"Brasil\"],\"inLanguage\":\"pt-BR\",\"potentialAction\":[{\"@type\":\"CommentAction\",\"name\":\"Comment\",\"target\":[\"https:\\\/\\\/www.p31noticias.com.br\\\/?p=19187#respond\"]}],\"copyrightYear\":\"2020\",\"copyrightHolder\":{\"@id\":\"https:\\\/\\\/www.p31noticias.com.br\\\/#organization\"}},{\"@type\":\"WebPage\",\"@id\":\"https:\\\/\\\/www.p31noticias.com.br\\\/?p=19187\",\"url\":\"https:\\\/\\\/www.p31noticias.com.br\\\/?p=19187\",\"name\":\"Medida foi concedida para evitar poss\u00edvel propaga\u00e7\u00e3o da Covid-19 entre os presos - P31\",\"isPartOf\":{\"@id\":\"https:\\\/\\\/www.p31noticias.com.br\\\/#website\"},\"primaryImageOfPage\":{\"@id\":\"https:\\\/\\\/www.p31noticias.com.br\\\/?p=19187#primaryimage\"},\"image\":{\"@id\":\"https:\\\/\\\/www.p31noticias.com.br\\\/?p=19187#primaryimage\"},\"thumbnailUrl\":\"https:\\\/\\\/www.p31noticias.com.br\\\/wp-content\\\/uploads\\\/2020\\\/03\\\/20200320220649258995a.jpg\",\"datePublished\":\"2020-03-23T04:36:49+00:00\",\"author\":{\"@id\":\"https:\\\/\\\/www.p31noticias.com.br\\\/#\\\/schema\\\/person\\\/77d6b186c710ac38937c6ec204fdd387\"},\"breadcrumb\":{\"@id\":\"https:\\\/\\\/www.p31noticias.com.br\\\/?p=19187#breadcrumb\"},\"inLanguage\":\"pt-BR\",\"potentialAction\":[{\"@type\":\"ReadAction\",\"target\":[\"https:\\\/\\\/www.p31noticias.com.br\\\/?p=19187\"]}]},{\"@type\":\"ImageObject\",\"inLanguage\":\"pt-BR\",\"@id\":\"https:\\\/\\\/www.p31noticias.com.br\\\/?p=19187#primaryimage\",\"url\":\"https:\\\/\\\/www.p31noticias.com.br\\\/wp-content\\\/uploads\\\/2020\\\/03\\\/20200320220649258995a.jpg\",\"contentUrl\":\"https:\\\/\\\/www.p31noticias.com.br\\\/wp-content\\\/uploads\\\/2020\\\/03\\\/20200320220649258995a.jpg\",\"width\":820,\"height\":492},{\"@type\":\"BreadcrumbList\",\"@id\":\"https:\\\/\\\/www.p31noticias.com.br\\\/?p=19187#breadcrumb\",\"itemListElement\":[{\"@type\":\"ListItem\",\"position\":1,\"name\":\"In\u00edcio\",\"item\":\"https:\\\/\\\/www.p31noticias.com.br\\\/\"},{\"@type\":\"ListItem\",\"position\":2,\"name\":\"Medida foi concedida para evitar poss\u00edvel propaga\u00e7\u00e3o da Covid-19 entre os presos\"}]},{\"@type\":\"WebSite\",\"@id\":\"https:\\\/\\\/www.p31noticias.com.br\\\/#website\",\"url\":\"https:\\\/\\\/www.p31noticias.com.br\\\/\",\"name\":\"P31\",\"description\":\"NOT\u00cdCIAS\",\"potentialAction\":[{\"@type\":\"SearchAction\",\"target\":{\"@type\":\"EntryPoint\",\"urlTemplate\":\"https:\\\/\\\/www.p31noticias.com.br\\\/?s={search_term_string}\"},\"query-input\":{\"@type\":\"PropertyValueSpecification\",\"valueRequired\":true,\"valueName\":\"search_term_string\"}}],\"inLanguage\":\"pt-BR\"},{\"@type\":\"Person\",\"@id\":\"https:\\\/\\\/www.p31noticias.com.br\\\/#\\\/schema\\\/person\\\/77d6b186c710ac38937c6ec204fdd387\",\"name\":\"Reda\u00e7\u00e3o JBN\",\"image\":{\"@type\":\"ImageObject\",\"inLanguage\":\"pt-BR\",\"@id\":\"https:\\\/\\\/secure.gravatar.com\\\/avatar\\\/10fcdb93211f98cce3d64c0795b0915a9a4a21dc0f279238995a3dbfafcad090?s=96&d=mm&r=g\",\"url\":\"https:\\\/\\\/secure.gravatar.com\\\/avatar\\\/10fcdb93211f98cce3d64c0795b0915a9a4a21dc0f279238995a3dbfafcad090?s=96&d=mm&r=g\",\"contentUrl\":\"https:\\\/\\\/secure.gravatar.com\\\/avatar\\\/10fcdb93211f98cce3d64c0795b0915a9a4a21dc0f279238995a3dbfafcad090?s=96&d=mm&r=g\",\"caption\":\"Reda\u00e7\u00e3o JBN\"},\"sameAs\":[\"https:\\\/\\\/p31noticias.com.br\"],\"url\":\"https:\\\/\\\/www.p31noticias.com.br\\\/?author=18\"}]}<\/script>\n<!-- \/ Yoast SEO Premium plugin. -->","yoast_head_json":{"title":"Medida foi concedida para evitar poss\u00edvel propaga\u00e7\u00e3o da Covid-19 entre os presos - P31","robots":{"index":"index","follow":"follow","max-snippet":"max-snippet:-1","max-image-preview":"max-image-preview:large","max-video-preview":"max-video-preview:-1"},"canonical":"https:\/\/www.p31noticias.com.br\/?p=19187","og_locale":"pt_BR","og_type":"article","og_title":"Medida foi concedida para evitar poss\u00edvel propaga\u00e7\u00e3o da Covid-19 entre os presos","og_description":"De acordo com a\u00a0Defensoria P\u00fablica, as pris\u00f5es s\u00e3o um ambiente prop\u00edcio para\u00a0contamina\u00e7\u00e3o\u00a0em massa. O \u00f3rg\u00e3o tamb\u00e9m alega que presos por falta de pagamento de pens\u00e3o aliment\u00edcia\u00a0permanecem\u00a0em c\u00e1rcere, geralmente, por pouco tempo, podendo contrair a doen\u00e7a e\u00a0contagiar\u00a0milhares de pessoas. A decis\u00e3o tem por\u00a0fundamento\u00a0a\u00a0precariedade\u00a0das instala\u00e7\u00f5es prisionais e a\u00a0falta\u00a0de condi\u00e7\u00f5es adequadas de higiene e salubridade. Ainda segundo o [&hellip;]","og_url":"https:\/\/www.p31noticias.com.br\/?p=19187","og_site_name":"P31","article_published_time":"2020-03-23T04:36:49+00:00","og_image":[{"width":820,"height":492,"url":"https:\/\/www.p31noticias.com.br\/wp-content\/uploads\/2020\/03\/20200320220649258995a.jpg","type":"image\/jpeg"}],"author":"Reda\u00e7\u00e3o JBN","twitter_card":"summary_large_image","twitter_misc":{"Escrito por":"Reda\u00e7\u00e3o JBN","Est. tempo de leitura":"1 minuto"},"schema":{"@context":"https:\/\/schema.org","@graph":[{"@type":"Article","@id":"https:\/\/www.p31noticias.com.br\/?p=19187#article","isPartOf":{"@id":"https:\/\/www.p31noticias.com.br\/?p=19187"},"author":{"name":"Reda\u00e7\u00e3o JBN","@id":"https:\/\/www.p31noticias.com.br\/#\/schema\/person\/77d6b186c710ac38937c6ec204fdd387"},"headline":"Medida foi concedida para evitar poss\u00edvel propaga\u00e7\u00e3o da Covid-19 entre os presos","datePublished":"2020-03-23T04:36:49+00:00","mainEntityOfPage":{"@id":"https:\/\/www.p31noticias.com.br\/?p=19187"},"wordCount":233,"commentCount":0,"image":{"@id":"https:\/\/www.p31noticias.com.br\/?p=19187#primaryimage"},"thumbnailUrl":"https:\/\/www.p31noticias.com.br\/wp-content\/uploads\/2020\/03\/20200320220649258995a.jpg","articleSection":["Brasil"],"inLanguage":"pt-BR","potentialAction":[{"@type":"CommentAction","name":"Comment","target":["https:\/\/www.p31noticias.com.br\/?p=19187#respond"]}],"copyrightYear":"2020","copyrightHolder":{"@id":"https:\/\/www.p31noticias.com.br\/#organization"}},{"@type":"WebPage","@id":"https:\/\/www.p31noticias.com.br\/?p=19187","url":"https:\/\/www.p31noticias.com.br\/?p=19187","name":"Medida foi concedida para evitar poss\u00edvel propaga\u00e7\u00e3o da Covid-19 entre os presos - P31","isPartOf":{"@id":"https:\/\/www.p31noticias.com.br\/#website"},"primaryImageOfPage":{"@id":"https:\/\/www.p31noticias.com.br\/?p=19187#primaryimage"},"image":{"@id":"https:\/\/www.p31noticias.com.br\/?p=19187#primaryimage"},"thumbnailUrl":"https:\/\/www.p31noticias.com.br\/wp-content\/uploads\/2020\/03\/20200320220649258995a.jpg","datePublished":"2020-03-23T04:36:49+00:00","author":{"@id":"https:\/\/www.p31noticias.com.br\/#\/schema\/person\/77d6b186c710ac38937c6ec204fdd387"},"breadcrumb":{"@id":"https:\/\/www.p31noticias.com.br\/?p=19187#breadcrumb"},"inLanguage":"pt-BR","potentialAction":[{"@type":"ReadAction","target":["https:\/\/www.p31noticias.com.br\/?p=19187"]}]},{"@type":"ImageObject","inLanguage":"pt-BR","@id":"https:\/\/www.p31noticias.com.br\/?p=19187#primaryimage","url":"https:\/\/www.p31noticias.com.br\/wp-content\/uploads\/2020\/03\/20200320220649258995a.jpg","contentUrl":"https:\/\/www.p31noticias.com.br\/wp-content\/uploads\/2020\/03\/20200320220649258995a.jpg","width":820,"height":492},{"@type":"BreadcrumbList","@id":"https:\/\/www.p31noticias.com.br\/?p=19187#breadcrumb","itemListElement":[{"@type":"ListItem","position":1,"name":"In\u00edcio","item":"https:\/\/www.p31noticias.com.br\/"},{"@type":"ListItem","position":2,"name":"Medida foi concedida para evitar poss\u00edvel propaga\u00e7\u00e3o da Covid-19 entre os presos"}]},{"@type":"WebSite","@id":"https:\/\/www.p31noticias.com.br\/#website","url":"https:\/\/www.p31noticias.com.br\/","name":"P31","description":"NOT\u00cdCIAS","potentialAction":[{"@type":"SearchAction","target":{"@type":"EntryPoint","urlTemplate":"https:\/\/www.p31noticias.com.br\/?s={search_term_string}"},"query-input":{"@type":"PropertyValueSpecification","valueRequired":true,"valueName":"search_term_string"}}],"inLanguage":"pt-BR"},{"@type":"Person","@id":"https:\/\/www.p31noticias.com.br\/#\/schema\/person\/77d6b186c710ac38937c6ec204fdd387","name":"Reda\u00e7\u00e3o JBN","image":{"@type":"ImageObject","inLanguage":"pt-BR","@id":"https:\/\/secure.gravatar.com\/avatar\/10fcdb93211f98cce3d64c0795b0915a9a4a21dc0f279238995a3dbfafcad090?s=96&d=mm&r=g","url":"https:\/\/secure.gravatar.com\/avatar\/10fcdb93211f98cce3d64c0795b0915a9a4a21dc0f279238995a3dbfafcad090?s=96&d=mm&r=g","contentUrl":"https:\/\/secure.gravatar.com\/avatar\/10fcdb93211f98cce3d64c0795b0915a9a4a21dc0f279238995a3dbfafcad090?s=96&d=mm&r=g","caption":"Reda\u00e7\u00e3o JBN"},"sameAs":["https:\/\/p31noticias.com.br"],"url":"https:\/\/www.p31noticias.com.br\/?author=18"}]}},"amp_enabled":true,"_links":{"self":[{"href":"https:\/\/www.p31noticias.com.br\/index.php?rest_route=\/wp\/v2\/posts\/19187","targetHints":{"allow":["GET"]}}],"collection":[{"href":"https:\/\/www.p31noticias.com.br\/index.php?rest_route=\/wp\/v2\/posts"}],"about":[{"href":"https:\/\/www.p31noticias.com.br\/index.php?rest_route=\/wp\/v2\/types\/post"}],"author":[{"embeddable":true,"href":"https:\/\/www.p31noticias.com.br\/index.php?rest_route=\/wp\/v2\/users\/18"}],"replies":[{"embeddable":true,"href":"https:\/\/www.p31noticias.com.br\/index.php?rest_route=%2Fwp%2Fv2%2Fcomments&post=19187"}],"version-history":[{"count":0,"href":"https:\/\/www.p31noticias.com.br\/index.php?rest_route=\/wp\/v2\/posts\/19187\/revisions"}],"wp:featuredmedia":[{"embeddable":true,"href":"https:\/\/www.p31noticias.com.br\/index.php?rest_route=\/wp\/v2\/media\/19188"}],"wp:attachment":[{"href":"https:\/\/www.p31noticias.com.br\/index.php?rest_route=%2Fwp%2Fv2%2Fmedia&parent=19187"}],"wp:term":[{"taxonomy":"category","embeddable":true,"href":"https:\/\/www.p31noticias.com.br\/index.php?rest_route=%2Fwp%2Fv2%2Fcategories&post=19187"},{"taxonomy":"post_tag","embeddable":true,"href":"https:\/\/www.p31noticias.com.br\/index.php?rest_route=%2Fwp%2Fv2%2Ftags&post=19187"}],"curies":[{"name":"wp","href":"https:\/\/api.w.org\/{rel}","templated":true}]}}