{"id":19184,"date":"2020-03-22T13:19:07","date_gmt":"2020-03-22T16:19:07","guid":{"rendered":"https:\/\/www.delioandrade.com.br\/?p=19184"},"modified":"2020-03-22T13:19:07","modified_gmt":"2020-03-22T16:19:07","slug":"defensoria-publica-do-df-pede-prisao-domiciliar-para-28-homens-detidos-por-dividas-de-pensao-alimenticia","status":"publish","type":"post","link":"https:\/\/www.p31noticias.com.br\/?p=19184","title":{"rendered":"Defensoria P\u00fablica do DF pede pris\u00e3o domiciliar para 28 homens detidos por d\u00edvidas de pens\u00e3o aliment\u00edcia"},"content":{"rendered":"<div class=\"mc-column content-text active-extra-styles \" data-block-type=\"unstyled\" data-block-weight=\"41\" data-block-id=\"2\">\n<p class=\"content-text__container \" data-track-category=\"Link no Texto\" data-track-links=\"\">A Defensoria P\u00fablica do Distrito Federal (DPDF) pediu ao Tribunal de Justi\u00e7a do DF (TJDFT) pris\u00e3o domiciliar para 28 homens presos por d\u00edvidas de pens\u00e3o aliment\u00edcia. O objetivo \u00e9 reduzir riscos de infec\u00e7\u00e3o em meio \u00e0 pandemia de\u00a0Covid-19.<\/p>\n<\/div>\n<div class=\"wall protected-content\">\n<div class=\"mc-column content-text active-extra-styles \" data-block-type=\"unstyled\" data-block-weight=\"24\" data-block-id=\"4\">\n<p class=\"content-text__container \" data-track-category=\"Link no Texto\" data-track-links=\"\">Os presos est\u00e3o na carceragem da Divis\u00e3o de Controle e Cust\u00f3dia de Presos (DCCP) da Pol\u00edcia Civil, no Departamento de Pol\u00edcia Especializada (DPE).<\/p>\n<\/div>\n<div class=\"mc-column content-text active-extra-styles \" data-block-type=\"unstyled\" data-block-weight=\"30\" data-block-id=\"5\">\n<p class=\"content-text__container \" data-track-category=\"Link no Texto\" data-track-links=\"\">De acordo com a defensoria, \u00e9 improv\u00e1vel que o v\u00edrus n\u00e3o chegue aos pres\u00eddios, j\u00e1 que eles n\u00e3o est\u00e3o &#8220;hermeticamente fechados&#8221;, ou seja, n\u00e3o s\u00e3o completamente isolados da sociedade.<\/p>\n<\/div>\n<div class=\"mc-column content-text active-extra-styles \" data-block-type=\"unstyled\" data-block-weight=\"24\" data-block-id=\"6\">\n<p class=\"content-text__container \" data-track-category=\"Link no Texto\" data-track-links=\"\">O pedido de habeas corpus foi apresentado \u00e0 4\u00aa Turma C\u00edvel do TJDFT. N\u00e3o h\u00e1 previs\u00e3o de quando o processo ser\u00e1 analisado.<\/p>\n<\/div>\n<div class=\"mc-column content-text active-extra-styles\" data-block-type=\"raw\" data-block-weight=\"1\" data-block-id=\"7\">\n<div class=\"content-intertitle\">\n<h2>Aglomera\u00e7\u00e3o<\/h2>\n<\/div>\n<\/div>\n<div class=\"row medium-uncollapsed content-media content-photo\" data-block-type=\"backstage-photo\" data-block-id=\"8\">\n<div class=\"mc-column content-media__container\">\n<div class=\"progressive-img can-open-lightbox\" data-min-size=\"1008x631\" data-min-size-url=\"https:\/\/s2.glbimg.com\/iikwejET8KZ0M366_pRcJ8CGu0I=\/0x0:1700x1065\/1008x0\/smart\/filters:strip_icc()\/s.glbimg.com\/jo\/g1\/f\/original\/2016\/05\/08\/26281645556_6745bffaca_k.jpg\" data-max-size=\"1600x1002\" data-max-size-url=\"https:\/\/s2.glbimg.com\/WJp3lBTCk4Tj3neOVQ9DqQtOSng=\/0x0:1700x1065\/1600x0\/smart\/filters:strip_icc()\/s.glbimg.com\/jo\/g1\/f\/original\/2016\/05\/08\/26281645556_6745bffaca_k.jpg\" data-media-index=\"1\">\n<div class=\"placeholder-container\"><\/div>\n<picture><img decoding=\"async\" class=\"image content-media__image progressive-loaded\" title=\"Fachada do Departamento de Pol\u00edcia Especializada (DPE) do Distrito Federal \u2014 Foto: D\u00eanio Sim\u00f5es\/Ag\u00eancia Bras\u00edlia\" src=\"https:\/\/s2.glbimg.com\/lWHWTRHrdfFFtEGw_H9YSHn-PW0=\/0x0:1700x1065\/984x0\/smart\/filters:strip_icc()\/s.glbimg.com\/jo\/g1\/f\/original\/2016\/05\/08\/26281645556_6745bffaca_k.jpg\" alt=\"Fachada do Departamento de Pol\u00edcia Especializada (DPE) do Distrito Federal \u2014 Foto: D\u00eanio Sim\u00f5es\/Ag\u00eancia Bras\u00edlia\" data-src=\"https:\/\/s2.glbimg.com\/lWHWTRHrdfFFtEGw_H9YSHn-PW0=\/0x0:1700x1065\/984x0\/smart\/filters:strip_icc()\/s.glbimg.com\/jo\/g1\/f\/original\/2016\/05\/08\/26281645556_6745bffaca_k.jpg\" \/><\/picture><\/div>\n<p class=\"content-media__description \">Fachada do Departamento de Pol\u00edcia Especializada (DPE) do Distrito Federal \u2014 Foto: D\u00eanio Sim\u00f5es\/Ag\u00eancia Bras\u00edlia<\/p>\n<\/div>\n<\/div>\n<div class=\"content-ads content-ads--reveal\" data-block-type=\"ads\" data-block-id=\"9\"><\/div>\n<div class=\"mc-column content-text active-extra-styles \" data-block-type=\"unstyled\" data-block-weight=\"32\" data-block-id=\"10\">\n<p class=\"content-text__container \" data-track-category=\"Link no Texto\" data-track-links=\"\">O pedido foi apresentado pelo defensor p\u00fablico Gabriel Morgado. Segundo ele, a hip\u00f3tese de que o v\u00edrus n\u00e3o chegar\u00e1 aos pres\u00eddios n\u00e3o \u00e9 convincente, j\u00e1 que os detentos n\u00e3o est\u00e3o completamente isolados.<\/p>\n<\/div>\n<div class=\"mc-column content-text active-extra-styles\" data-block-type=\"raw\" data-block-weight=\"39\" data-block-id=\"11\">\n<blockquote class=\"content-blockquote theme-border-color-primary-before\"><p>&#8220;Assim, \u00e9 inevit\u00e1vel, por exemplo, o contato dos reclusos com os servidores das unidades prisionais e pol\u00edcia civil, que por sua vez possuem contato com seus familiares que, a seu turno, desfrutam do conv\u00edvio social nas mais variadas formas.<\/p><\/blockquote>\n<\/div>\n<div class=\"mc-column content-text active-extra-styles \" data-block-type=\"unstyled\" data-block-weight=\"47\" data-block-id=\"12\">\n<p class=\"content-text__container \" data-track-category=\"Link no Texto\" data-track-links=\"\">Ainda de acordo com o defensor, especialistas dizem que qualquer aglomera\u00e7\u00e3o de pessoas pode aumentar a dissemina\u00e7\u00e3o do v\u00edrus. Por isso, ele diz que, caso o pedido seja aceito, o risco de cont\u00e1gio ser\u00e1 menor no ambiente prisional, al\u00e9m de evitar uma sobrecarga do sistema hospitalar.<\/p>\n<\/div>\n<div class=\"mc-column content-text active-extra-styles \" data-block-type=\"unstyled\" data-block-weight=\"31\" data-block-id=\"13\">\n<p class=\"content-text__container \" data-track-category=\"Link no Texto\" data-track-links=\"\">&#8220;Buscando mitigar o risco para os pr\u00f3prios detentos e para todos que lidam com esse grupo de pessoas, a Defensoria P\u00fablica requereu a coloca\u00e7\u00e3o de tais devedores em pris\u00e3o domiciliar.&#8221;<\/p>\n<\/div>\n<\/div>\n","protected":false},"excerpt":{"rendered":"<p>A Defensoria P\u00fablica do Distrito Federal (DPDF) pediu ao Tribunal de Justi\u00e7a do DF (TJDFT) pris\u00e3o domiciliar para 28 homens presos por d\u00edvidas de pens\u00e3o aliment\u00edcia. O objetivo \u00e9 reduzir riscos de infec\u00e7\u00e3o em meio \u00e0 pandemia de\u00a0Covid-19. Os presos est\u00e3o na carceragem da Divis\u00e3o de Controle e Cust\u00f3dia de Presos (DCCP) da Pol\u00edcia Civil, [&hellip;]<\/p>\n","protected":false},"author":18,"featured_media":19185,"comment_status":"open","ping_status":"open","sticky":false,"template":"","format":"standard","meta":{"footnotes":""},"categories":[1],"tags":[],"class_list":{"0":"post-19184","1":"post","2":"type-post","3":"status-publish","4":"format-standard","5":"has-post-thumbnail","7":"category-outros"},"yoast_head":"<!-- This site is optimized with the Yoast SEO Premium plugin v24.5 (Yoast SEO v27.5) - https:\/\/yoast.com\/product\/yoast-seo-premium-wordpress\/ -->\n<title>Defensoria P\u00fablica do DF pede pris\u00e3o domiciliar para 28 homens detidos por d\u00edvidas de pens\u00e3o aliment\u00edcia - P31<\/title>\n<meta name=\"robots\" content=\"index, follow, max-snippet:-1, max-image-preview:large, max-video-preview:-1\" \/>\n<link rel=\"canonical\" href=\"https:\/\/www.p31noticias.com.br\/?p=19184\" \/>\n<meta property=\"og:locale\" content=\"pt_BR\" \/>\n<meta property=\"og:type\" content=\"article\" \/>\n<meta property=\"og:title\" content=\"Defensoria P\u00fablica do DF pede pris\u00e3o domiciliar para 28 homens detidos por d\u00edvidas de pens\u00e3o aliment\u00edcia\" \/>\n<meta property=\"og:description\" content=\"A Defensoria P\u00fablica do Distrito Federal (DPDF) pediu ao Tribunal de Justi\u00e7a do DF (TJDFT) pris\u00e3o domiciliar para 28 homens presos por d\u00edvidas de pens\u00e3o aliment\u00edcia. O objetivo \u00e9 reduzir riscos de infec\u00e7\u00e3o em meio \u00e0 pandemia de\u00a0Covid-19. Os presos est\u00e3o na carceragem da Divis\u00e3o de Controle e Cust\u00f3dia de Presos (DCCP) da Pol\u00edcia Civil, [&hellip;]\" \/>\n<meta property=\"og:url\" content=\"https:\/\/www.p31noticias.com.br\/?p=19184\" \/>\n<meta property=\"og:site_name\" content=\"P31\" \/>\n<meta property=\"article:published_time\" content=\"2020-03-22T16:19:07+00:00\" \/>\n<meta property=\"og:image\" content=\"https:\/\/www.p31noticias.com.br\/wp-content\/uploads\/2020\/03\/logo-defensoria-1-1.png\" \/>\n\t<meta property=\"og:image:width\" content=\"992\" \/>\n\t<meta property=\"og:image:height\" content=\"992\" \/>\n\t<meta property=\"og:image:type\" content=\"image\/png\" \/>\n<meta name=\"author\" content=\"Reda\u00e7\u00e3o JBN\" \/>\n<meta name=\"twitter:card\" content=\"summary_large_image\" \/>\n<meta name=\"twitter:label1\" content=\"Escrito por\" \/>\n\t<meta name=\"twitter:data1\" content=\"Reda\u00e7\u00e3o JBN\" \/>\n\t<meta name=\"twitter:label2\" content=\"Est. tempo de leitura\" \/>\n\t<meta name=\"twitter:data2\" content=\"2 minutos\" \/>\n<script type=\"application\/ld+json\" class=\"yoast-schema-graph\">{\"@context\":\"https:\\\/\\\/schema.org\",\"@graph\":[{\"@type\":\"Article\",\"@id\":\"https:\\\/\\\/www.p31noticias.com.br\\\/?p=19184#article\",\"isPartOf\":{\"@id\":\"https:\\\/\\\/www.p31noticias.com.br\\\/?p=19184\"},\"author\":{\"name\":\"Reda\u00e7\u00e3o JBN\",\"@id\":\"https:\\\/\\\/www.p31noticias.com.br\\\/#\\\/schema\\\/person\\\/77d6b186c710ac38937c6ec204fdd387\"},\"headline\":\"Defensoria P\u00fablica do DF pede pris\u00e3o domiciliar para 28 homens detidos por d\u00edvidas de pens\u00e3o aliment\u00edcia\",\"datePublished\":\"2020-03-22T16:19:07+00:00\",\"mainEntityOfPage\":{\"@id\":\"https:\\\/\\\/www.p31noticias.com.br\\\/?p=19184\"},\"wordCount\":337,\"commentCount\":0,\"image\":{\"@id\":\"https:\\\/\\\/www.p31noticias.com.br\\\/?p=19184#primaryimage\"},\"thumbnailUrl\":\"https:\\\/\\\/www.p31noticias.com.br\\\/wp-content\\\/uploads\\\/2020\\\/03\\\/logo-defensoria-1-1.png\",\"articleSection\":[\"Outros\"],\"inLanguage\":\"pt-BR\",\"potentialAction\":[{\"@type\":\"CommentAction\",\"name\":\"Comment\",\"target\":[\"https:\\\/\\\/www.p31noticias.com.br\\\/?p=19184#respond\"]}],\"copyrightYear\":\"2020\",\"copyrightHolder\":{\"@id\":\"https:\\\/\\\/www.p31noticias.com.br\\\/#organization\"}},{\"@type\":\"WebPage\",\"@id\":\"https:\\\/\\\/www.p31noticias.com.br\\\/?p=19184\",\"url\":\"https:\\\/\\\/www.p31noticias.com.br\\\/?p=19184\",\"name\":\"Defensoria P\u00fablica do DF pede pris\u00e3o domiciliar para 28 homens detidos por d\u00edvidas de pens\u00e3o aliment\u00edcia - P31\",\"isPartOf\":{\"@id\":\"https:\\\/\\\/www.p31noticias.com.br\\\/#website\"},\"primaryImageOfPage\":{\"@id\":\"https:\\\/\\\/www.p31noticias.com.br\\\/?p=19184#primaryimage\"},\"image\":{\"@id\":\"https:\\\/\\\/www.p31noticias.com.br\\\/?p=19184#primaryimage\"},\"thumbnailUrl\":\"https:\\\/\\\/www.p31noticias.com.br\\\/wp-content\\\/uploads\\\/2020\\\/03\\\/logo-defensoria-1-1.png\",\"datePublished\":\"2020-03-22T16:19:07+00:00\",\"author\":{\"@id\":\"https:\\\/\\\/www.p31noticias.com.br\\\/#\\\/schema\\\/person\\\/77d6b186c710ac38937c6ec204fdd387\"},\"breadcrumb\":{\"@id\":\"https:\\\/\\\/www.p31noticias.com.br\\\/?p=19184#breadcrumb\"},\"inLanguage\":\"pt-BR\",\"potentialAction\":[{\"@type\":\"ReadAction\",\"target\":[\"https:\\\/\\\/www.p31noticias.com.br\\\/?p=19184\"]}]},{\"@type\":\"ImageObject\",\"inLanguage\":\"pt-BR\",\"@id\":\"https:\\\/\\\/www.p31noticias.com.br\\\/?p=19184#primaryimage\",\"url\":\"https:\\\/\\\/www.p31noticias.com.br\\\/wp-content\\\/uploads\\\/2020\\\/03\\\/logo-defensoria-1-1.png\",\"contentUrl\":\"https:\\\/\\\/www.p31noticias.com.br\\\/wp-content\\\/uploads\\\/2020\\\/03\\\/logo-defensoria-1-1.png\",\"width\":992,\"height\":992},{\"@type\":\"BreadcrumbList\",\"@id\":\"https:\\\/\\\/www.p31noticias.com.br\\\/?p=19184#breadcrumb\",\"itemListElement\":[{\"@type\":\"ListItem\",\"position\":1,\"name\":\"In\u00edcio\",\"item\":\"https:\\\/\\\/www.p31noticias.com.br\\\/\"},{\"@type\":\"ListItem\",\"position\":2,\"name\":\"Defensoria P\u00fablica do DF pede pris\u00e3o domiciliar para 28 homens detidos por d\u00edvidas de pens\u00e3o aliment\u00edcia\"}]},{\"@type\":\"WebSite\",\"@id\":\"https:\\\/\\\/www.p31noticias.com.br\\\/#website\",\"url\":\"https:\\\/\\\/www.p31noticias.com.br\\\/\",\"name\":\"P31\",\"description\":\"NOT\u00cdCIAS\",\"potentialAction\":[{\"@type\":\"SearchAction\",\"target\":{\"@type\":\"EntryPoint\",\"urlTemplate\":\"https:\\\/\\\/www.p31noticias.com.br\\\/?s={search_term_string}\"},\"query-input\":{\"@type\":\"PropertyValueSpecification\",\"valueRequired\":true,\"valueName\":\"search_term_string\"}}],\"inLanguage\":\"pt-BR\"},{\"@type\":\"Person\",\"@id\":\"https:\\\/\\\/www.p31noticias.com.br\\\/#\\\/schema\\\/person\\\/77d6b186c710ac38937c6ec204fdd387\",\"name\":\"Reda\u00e7\u00e3o JBN\",\"image\":{\"@type\":\"ImageObject\",\"inLanguage\":\"pt-BR\",\"@id\":\"https:\\\/\\\/secure.gravatar.com\\\/avatar\\\/10fcdb93211f98cce3d64c0795b0915a9a4a21dc0f279238995a3dbfafcad090?s=96&d=mm&r=g\",\"url\":\"https:\\\/\\\/secure.gravatar.com\\\/avatar\\\/10fcdb93211f98cce3d64c0795b0915a9a4a21dc0f279238995a3dbfafcad090?s=96&d=mm&r=g\",\"contentUrl\":\"https:\\\/\\\/secure.gravatar.com\\\/avatar\\\/10fcdb93211f98cce3d64c0795b0915a9a4a21dc0f279238995a3dbfafcad090?s=96&d=mm&r=g\",\"caption\":\"Reda\u00e7\u00e3o JBN\"},\"sameAs\":[\"https:\\\/\\\/p31noticias.com.br\"],\"url\":\"https:\\\/\\\/www.p31noticias.com.br\\\/?author=18\"}]}<\/script>\n<!-- \/ Yoast SEO Premium plugin. -->","yoast_head_json":{"title":"Defensoria P\u00fablica do DF pede pris\u00e3o domiciliar para 28 homens detidos por d\u00edvidas de pens\u00e3o aliment\u00edcia - P31","robots":{"index":"index","follow":"follow","max-snippet":"max-snippet:-1","max-image-preview":"max-image-preview:large","max-video-preview":"max-video-preview:-1"},"canonical":"https:\/\/www.p31noticias.com.br\/?p=19184","og_locale":"pt_BR","og_type":"article","og_title":"Defensoria P\u00fablica do DF pede pris\u00e3o domiciliar para 28 homens detidos por d\u00edvidas de pens\u00e3o aliment\u00edcia","og_description":"A Defensoria P\u00fablica do Distrito Federal (DPDF) pediu ao Tribunal de Justi\u00e7a do DF (TJDFT) pris\u00e3o domiciliar para 28 homens presos por d\u00edvidas de pens\u00e3o aliment\u00edcia. O objetivo \u00e9 reduzir riscos de infec\u00e7\u00e3o em meio \u00e0 pandemia de\u00a0Covid-19. Os presos est\u00e3o na carceragem da Divis\u00e3o de Controle e Cust\u00f3dia de Presos (DCCP) da Pol\u00edcia Civil, [&hellip;]","og_url":"https:\/\/www.p31noticias.com.br\/?p=19184","og_site_name":"P31","article_published_time":"2020-03-22T16:19:07+00:00","og_image":[{"width":992,"height":992,"url":"https:\/\/www.p31noticias.com.br\/wp-content\/uploads\/2020\/03\/logo-defensoria-1-1.png","type":"image\/png"}],"author":"Reda\u00e7\u00e3o JBN","twitter_card":"summary_large_image","twitter_misc":{"Escrito por":"Reda\u00e7\u00e3o JBN","Est. tempo de leitura":"2 minutos"},"schema":{"@context":"https:\/\/schema.org","@graph":[{"@type":"Article","@id":"https:\/\/www.p31noticias.com.br\/?p=19184#article","isPartOf":{"@id":"https:\/\/www.p31noticias.com.br\/?p=19184"},"author":{"name":"Reda\u00e7\u00e3o JBN","@id":"https:\/\/www.p31noticias.com.br\/#\/schema\/person\/77d6b186c710ac38937c6ec204fdd387"},"headline":"Defensoria P\u00fablica do DF pede pris\u00e3o domiciliar para 28 homens detidos por d\u00edvidas de pens\u00e3o aliment\u00edcia","datePublished":"2020-03-22T16:19:07+00:00","mainEntityOfPage":{"@id":"https:\/\/www.p31noticias.com.br\/?p=19184"},"wordCount":337,"commentCount":0,"image":{"@id":"https:\/\/www.p31noticias.com.br\/?p=19184#primaryimage"},"thumbnailUrl":"https:\/\/www.p31noticias.com.br\/wp-content\/uploads\/2020\/03\/logo-defensoria-1-1.png","articleSection":["Outros"],"inLanguage":"pt-BR","potentialAction":[{"@type":"CommentAction","name":"Comment","target":["https:\/\/www.p31noticias.com.br\/?p=19184#respond"]}],"copyrightYear":"2020","copyrightHolder":{"@id":"https:\/\/www.p31noticias.com.br\/#organization"}},{"@type":"WebPage","@id":"https:\/\/www.p31noticias.com.br\/?p=19184","url":"https:\/\/www.p31noticias.com.br\/?p=19184","name":"Defensoria P\u00fablica do DF pede pris\u00e3o domiciliar para 28 homens detidos por d\u00edvidas de pens\u00e3o aliment\u00edcia - P31","isPartOf":{"@id":"https:\/\/www.p31noticias.com.br\/#website"},"primaryImageOfPage":{"@id":"https:\/\/www.p31noticias.com.br\/?p=19184#primaryimage"},"image":{"@id":"https:\/\/www.p31noticias.com.br\/?p=19184#primaryimage"},"thumbnailUrl":"https:\/\/www.p31noticias.com.br\/wp-content\/uploads\/2020\/03\/logo-defensoria-1-1.png","datePublished":"2020-03-22T16:19:07+00:00","author":{"@id":"https:\/\/www.p31noticias.com.br\/#\/schema\/person\/77d6b186c710ac38937c6ec204fdd387"},"breadcrumb":{"@id":"https:\/\/www.p31noticias.com.br\/?p=19184#breadcrumb"},"inLanguage":"pt-BR","potentialAction":[{"@type":"ReadAction","target":["https:\/\/www.p31noticias.com.br\/?p=19184"]}]},{"@type":"ImageObject","inLanguage":"pt-BR","@id":"https:\/\/www.p31noticias.com.br\/?p=19184#primaryimage","url":"https:\/\/www.p31noticias.com.br\/wp-content\/uploads\/2020\/03\/logo-defensoria-1-1.png","contentUrl":"https:\/\/www.p31noticias.com.br\/wp-content\/uploads\/2020\/03\/logo-defensoria-1-1.png","width":992,"height":992},{"@type":"BreadcrumbList","@id":"https:\/\/www.p31noticias.com.br\/?p=19184#breadcrumb","itemListElement":[{"@type":"ListItem","position":1,"name":"In\u00edcio","item":"https:\/\/www.p31noticias.com.br\/"},{"@type":"ListItem","position":2,"name":"Defensoria P\u00fablica do DF pede pris\u00e3o domiciliar para 28 homens detidos por d\u00edvidas de pens\u00e3o aliment\u00edcia"}]},{"@type":"WebSite","@id":"https:\/\/www.p31noticias.com.br\/#website","url":"https:\/\/www.p31noticias.com.br\/","name":"P31","description":"NOT\u00cdCIAS","potentialAction":[{"@type":"SearchAction","target":{"@type":"EntryPoint","urlTemplate":"https:\/\/www.p31noticias.com.br\/?s={search_term_string}"},"query-input":{"@type":"PropertyValueSpecification","valueRequired":true,"valueName":"search_term_string"}}],"inLanguage":"pt-BR"},{"@type":"Person","@id":"https:\/\/www.p31noticias.com.br\/#\/schema\/person\/77d6b186c710ac38937c6ec204fdd387","name":"Reda\u00e7\u00e3o JBN","image":{"@type":"ImageObject","inLanguage":"pt-BR","@id":"https:\/\/secure.gravatar.com\/avatar\/10fcdb93211f98cce3d64c0795b0915a9a4a21dc0f279238995a3dbfafcad090?s=96&d=mm&r=g","url":"https:\/\/secure.gravatar.com\/avatar\/10fcdb93211f98cce3d64c0795b0915a9a4a21dc0f279238995a3dbfafcad090?s=96&d=mm&r=g","contentUrl":"https:\/\/secure.gravatar.com\/avatar\/10fcdb93211f98cce3d64c0795b0915a9a4a21dc0f279238995a3dbfafcad090?s=96&d=mm&r=g","caption":"Reda\u00e7\u00e3o JBN"},"sameAs":["https:\/\/p31noticias.com.br"],"url":"https:\/\/www.p31noticias.com.br\/?author=18"}]}},"amp_enabled":true,"_links":{"self":[{"href":"https:\/\/www.p31noticias.com.br\/index.php?rest_route=\/wp\/v2\/posts\/19184","targetHints":{"allow":["GET"]}}],"collection":[{"href":"https:\/\/www.p31noticias.com.br\/index.php?rest_route=\/wp\/v2\/posts"}],"about":[{"href":"https:\/\/www.p31noticias.com.br\/index.php?rest_route=\/wp\/v2\/types\/post"}],"author":[{"embeddable":true,"href":"https:\/\/www.p31noticias.com.br\/index.php?rest_route=\/wp\/v2\/users\/18"}],"replies":[{"embeddable":true,"href":"https:\/\/www.p31noticias.com.br\/index.php?rest_route=%2Fwp%2Fv2%2Fcomments&post=19184"}],"version-history":[{"count":0,"href":"https:\/\/www.p31noticias.com.br\/index.php?rest_route=\/wp\/v2\/posts\/19184\/revisions"}],"wp:featuredmedia":[{"embeddable":true,"href":"https:\/\/www.p31noticias.com.br\/index.php?rest_route=\/wp\/v2\/media\/19185"}],"wp:attachment":[{"href":"https:\/\/www.p31noticias.com.br\/index.php?rest_route=%2Fwp%2Fv2%2Fmedia&parent=19184"}],"wp:term":[{"taxonomy":"category","embeddable":true,"href":"https:\/\/www.p31noticias.com.br\/index.php?rest_route=%2Fwp%2Fv2%2Fcategories&post=19184"},{"taxonomy":"post_tag","embeddable":true,"href":"https:\/\/www.p31noticias.com.br\/index.php?rest_route=%2Fwp%2Fv2%2Ftags&post=19184"}],"curies":[{"name":"wp","href":"https:\/\/api.w.org\/{rel}","templated":true}]}}