{"id":19181,"date":"2020-03-22T13:10:16","date_gmt":"2020-03-22T16:10:16","guid":{"rendered":"https:\/\/www.delioandrade.com.br\/?p=19181"},"modified":"2020-03-22T13:10:16","modified_gmt":"2020-03-22T16:10:16","slug":"gdf-vai-comprar-alimentos-de-pequenos-agricultores-para-distribuir-a-populacao","status":"publish","type":"post","link":"https:\/\/www.p31noticias.com.br\/?p=19181","title":{"rendered":"GDF vai comprar alimentos de pequenos agricultores para distribuir \u00e0 popula\u00e7\u00e3o"},"content":{"rendered":"<div class=\"mc-column content-text active-extra-styles \" data-block-type=\"unstyled\" data-block-weight=\"39\" data-block-id=\"2\">\n<p class=\"content-text__container \" data-track-category=\"Link no Texto\" data-track-links=\"\">O Governo do Distrito Federal (GDF) vai comprar alimentos de pequenos agricultores para distribuir \u00e0 popula\u00e7\u00e3o de baixa renda. A decis\u00e3o faz parte de um conjunto de a\u00e7\u00f5es para minimizar os preju\u00edzos, em fun\u00e7\u00e3o da\u00a0epidemia do novo coronav\u00edrus.<\/p>\n<\/div>\n<div class=\"wall protected-content\">\n<div class=\"mc-column content-text active-extra-styles\" data-block-type=\"raw\" data-block-weight=\"15\" data-block-id=\"3\">\n<p>Com o fechamento das feiras livres, para evitar aglomera\u00e7\u00f5es que podem colocar a popula\u00e7\u00e3o em risco para a Covid-19, o GDF decidiu refor\u00e7ar a compra dos pequenos produtores. Segundo o governo, a partir de segunda-feira (23), os produtores e agricultores devem procurar os escrit\u00f3rios da Empresa de Assist\u00eancia T\u00e9cnica e Extens\u00e3o Rural do DF (Emater) e a Secretaria de Agricultura para iniciar o processo legal de cadastramento.<\/p>\n<\/div>\n<div class=\"mc-column content-text active-extra-styles \" data-block-type=\"unstyled\" data-block-weight=\"11\" data-block-id=\"5\">\n<p class=\"content-text__container \" data-track-category=\"Link no Texto\" data-track-links=\"\">A entrega para os beneficiados ser\u00e1 feita da seguinte maneira:<\/p>\n<\/div>\n<div class=\"mc-column content-text active-extra-styles\" data-block-type=\"raw\" data-block-weight=\"19\" data-block-id=\"6\">\n<ul class=\"content-unordered-list\">\n<li>Diretamente para a popula\u00e7\u00e3o mais carente<\/li>\n<li>Nos restaurantes comunit\u00e1rios<\/li>\n<li>Na rede de atendimento social, como creches e asilos cadastrados<\/li>\n<\/ul>\n<\/div>\n<div class=\"mc-column content-text active-extra-styles\" data-block-type=\"raw\" data-block-weight=\"7\" data-block-id=\"7\">\n<div class=\"content-intertitle\">\n<h2>Programa de Aquisi\u00e7\u00e3o da Produ\u00e7\u00e3o da Agricultura<\/h2>\n<\/div>\n<\/div>\n<div class=\"row medium-uncollapsed content-media content-photo\" data-block-type=\"backstage-photo\" data-block-id=\"8\">\n<div class=\"mc-column content-media__container\">\n<div class=\"progressive-img can-open-lightbox\" data-min-size=\"1008x756\" data-min-size-url=\"https:\/\/s2.glbimg.com\/CTR7ehfchnZvRMZUDItODgHD79c=\/0x0:1280x960\/1008x0\/smart\/filters:strip_icc()\/i.s3.glbimg.com\/v1\/AUTH_59edd422c0c84a879bd37670ae4f538a\/internal_photos\/bs\/2018\/T\/C\/VK3jl8QyCkrNcFkrNqRw\/whatsapp-image-2018-01-17-at-20.30.08.jpeg\" data-max-size=\"1600x1200\" data-max-size-url=\"https:\/\/s2.glbimg.com\/DJyy8rPC7nouWQBItWWoMmZSFHs=\/0x0:1280x960\/1600x0\/smart\/filters:strip_icc()\/i.s3.glbimg.com\/v1\/AUTH_59edd422c0c84a879bd37670ae4f538a\/internal_photos\/bs\/2018\/T\/C\/VK3jl8QyCkrNcFkrNqRw\/whatsapp-image-2018-01-17-at-20.30.08.jpeg\" data-media-index=\"1\">\n<div class=\"placeholder-container\"><\/div>\n<picture><img decoding=\"async\" class=\"image content-media__image progressive-loaded\" title=\"Detalhe dos piment\u00f5es produzidos por agricultores da Cooperativa Agr\u00edcola da Regi\u00e3o de Planaltina (Cootaquara), no Distrito Federal \u2014 Foto: Let\u00edcia Carvalho\/G1\" src=\"https:\/\/s2.glbimg.com\/oN9V6UrOjo0nWMO2Gc4Ks_qhquY=\/0x0:1280x960\/984x0\/smart\/filters:strip_icc()\/i.s3.glbimg.com\/v1\/AUTH_59edd422c0c84a879bd37670ae4f538a\/internal_photos\/bs\/2018\/T\/C\/VK3jl8QyCkrNcFkrNqRw\/whatsapp-image-2018-01-17-at-20.30.08.jpeg\" alt=\"Detalhe dos piment\u00f5es produzidos por agricultores da Cooperativa Agr\u00edcola da Regi\u00e3o de Planaltina (Cootaquara), no Distrito Federal \u2014 Foto: Let\u00edcia Carvalho\/G1\" data-src=\"https:\/\/s2.glbimg.com\/oN9V6UrOjo0nWMO2Gc4Ks_qhquY=\/0x0:1280x960\/984x0\/smart\/filters:strip_icc()\/i.s3.glbimg.com\/v1\/AUTH_59edd422c0c84a879bd37670ae4f538a\/internal_photos\/bs\/2018\/T\/C\/VK3jl8QyCkrNcFkrNqRw\/whatsapp-image-2018-01-17-at-20.30.08.jpeg\" \/><\/picture><\/div>\n<p class=\"content-media__description \">Detalhe dos piment\u00f5es produzidos por agricultores da Cooperativa Agr\u00edcola da Regi\u00e3o de Planaltina (Cootaquara), no Distrito Federal \u2014 Foto: Let\u00edcia Carvalho\/G1<\/p>\n<\/div>\n<\/div>\n<div class=\"content-ads content-ads--reveal\" data-block-type=\"ads\" data-block-id=\"9\"><\/div>\n<div class=\"mc-column content-text active-extra-styles \" data-block-type=\"unstyled\" data-block-weight=\"60\" data-block-id=\"10\">\n<p class=\"content-text__container \" data-track-category=\"Link no Texto\" data-track-links=\"\">A medida faz parte do Programa de Aquisi\u00e7\u00e3o da Produ\u00e7\u00e3o da Agricultura (Papa), que trabalha com a compra direta de alimentos e produtos artesanais dos agricultores familiares e organiza\u00e7\u00f5es sociais do setor agr\u00edcola. Segundo o governador\u00a0<a href=\"https:\/\/g1.globo.com\/politica\/politico\/ibaneis-rocha\/\">Ibaneis Rocha<\/a>\u00a0(MDB), a Secretaria de Agricultura, juntamente com a Emater e a Ceasa far\u00e3o a compra e, depois, a distribui\u00e7\u00e3o dos alimentos.<\/p>\n<\/div>\n<div class=\"mc-column content-text active-extra-styles\" data-block-type=\"raw\" data-block-weight=\"11\" data-block-id=\"11\">\n<blockquote class=\"content-blockquote theme-border-color-primary-before\"><p>&#8220;O objetivo \u00e9 evitar que os pequenos agricultores eles tenham preju\u00edzos.&#8221;<\/p><\/blockquote>\n<\/div>\n<div class=\"mc-column content-text active-extra-styles \" data-block-type=\"unstyled\" data-block-weight=\"34\" data-block-id=\"12\">\n<p class=\"content-text__container \" data-track-category=\"Link no Texto\" data-track-links=\"\">Ainda de acordo com Ibaneis, a rede atacadista ficar\u00e1 aberta para n\u00e3o haver desabastecimento na cidade. \u201cN\u00e3o \u00e9 momento de desespero. O momento \u00e9 de acalmar a popula\u00e7\u00e3o para vencermos, juntos, essa guerra\u201d, afirmou.<\/p>\n<\/div>\n<div class=\"mc-column content-text active-extra-styles \" data-block-type=\"unstyled\" data-block-weight=\"20\" data-block-id=\"13\">\n<p class=\"content-text__container \" data-track-category=\"Link no Texto\" data-track-links=\"\">Nos \u00faltimos dias, o governador decretou uma s\u00e9rie de medidas para frear a prolifera\u00e7\u00e3o do novo coronav\u00edrus. Entre elas est\u00e3o:<\/p>\n<\/div>\n<div class=\"mc-column content-text active-extra-styles\" data-block-type=\"raw\" data-block-weight=\"91\" data-block-id=\"14\">\n<ul class=\"content-unordered-list\">\n<li>Suspens\u00e3o das aulas em institui\u00e7\u00f5es p\u00fablicas e privadas;<\/li>\n<li>Suspens\u00e3o de eventos que precisem de licen\u00e7a do governo;<\/li>\n<li>Suspens\u00e3o das atividades de cinemas e teatros;<\/li>\n<li>Fechamento de academias;<\/li>\n<li>Medi\u00e7\u00e3o de temperatura de passageiros no aeroporto e rodovi\u00e1ria interestadual;<\/li>\n<li>Realiza\u00e7\u00e3o de exames compuls\u00f3rios em pacientes com suspeita;<\/li>\n<li>Mudan\u00e7a no atendimento de \u00f3rg\u00e3os p\u00fablicos;<\/li>\n<li>Suspens\u00e3o de visitas em pres\u00eddios;<\/li>\n<li>Ponto facultativo para servidores do GDF at\u00e9 20 de mar\u00e7o;<\/li>\n<li>Fechamento de parques, boates, feiras e shoppings;<\/li>\n<li>Atendimento restrito ao p\u00fablico nas ag\u00eancias banc\u00e1rias;<\/li>\n<li>Fechamento de lojas, bares, restaurantes e proibi\u00e7\u00e3o de cultos e missas.<\/li>\n<\/ul>\n<\/div>\n<\/div>\n","protected":false},"excerpt":{"rendered":"<p>O Governo do Distrito Federal (GDF) vai comprar alimentos de pequenos agricultores para distribuir \u00e0 popula\u00e7\u00e3o de baixa renda. A decis\u00e3o faz parte de um conjunto de a\u00e7\u00f5es para minimizar os preju\u00edzos, em fun\u00e7\u00e3o da\u00a0epidemia do novo coronav\u00edrus. Com o fechamento das feiras livres, para evitar aglomera\u00e7\u00f5es que podem colocar a popula\u00e7\u00e3o em risco para [&hellip;]<\/p>\n","protected":false},"author":18,"featured_media":19182,"comment_status":"open","ping_status":"open","sticky":false,"template":"","format":"standard","meta":{"footnotes":""},"categories":[1],"tags":[],"class_list":{"0":"post-19181","1":"post","2":"type-post","3":"status-publish","4":"format-standard","5":"has-post-thumbnail","7":"category-outros"},"yoast_head":"<!-- This site is optimized with the Yoast SEO Premium plugin v24.5 (Yoast SEO v27.5) - https:\/\/yoast.com\/product\/yoast-seo-premium-wordpress\/ -->\n<title>GDF vai comprar alimentos de pequenos agricultores para distribuir \u00e0 popula\u00e7\u00e3o - P31<\/title>\n<meta name=\"robots\" content=\"index, follow, max-snippet:-1, max-image-preview:large, max-video-preview:-1\" \/>\n<link rel=\"canonical\" href=\"https:\/\/www.p31noticias.com.br\/?p=19181\" \/>\n<meta property=\"og:locale\" content=\"pt_BR\" \/>\n<meta property=\"og:type\" content=\"article\" \/>\n<meta property=\"og:title\" content=\"GDF vai comprar alimentos de pequenos agricultores para distribuir \u00e0 popula\u00e7\u00e3o\" \/>\n<meta property=\"og:description\" content=\"O Governo do Distrito Federal (GDF) vai comprar alimentos de pequenos agricultores para distribuir \u00e0 popula\u00e7\u00e3o de baixa renda. A decis\u00e3o faz parte de um conjunto de a\u00e7\u00f5es para minimizar os preju\u00edzos, em fun\u00e7\u00e3o da\u00a0epidemia do novo coronav\u00edrus. Com o fechamento das feiras livres, para evitar aglomera\u00e7\u00f5es que podem colocar a popula\u00e7\u00e3o em risco para [&hellip;]\" \/>\n<meta property=\"og:url\" content=\"https:\/\/www.p31noticias.com.br\/?p=19181\" \/>\n<meta property=\"og:site_name\" content=\"P31\" \/>\n<meta property=\"article:published_time\" content=\"2020-03-22T16:10:16+00:00\" \/>\n<meta property=\"og:image\" content=\"https:\/\/www.p31noticias.com.br\/wp-content\/uploads\/2020\/03\/36348772290-de1aafad0d-k.jpg\" \/>\n\t<meta property=\"og:image:width\" content=\"1000\" \/>\n\t<meta property=\"og:image:height\" content=\"664\" \/>\n\t<meta property=\"og:image:type\" content=\"image\/jpeg\" \/>\n<meta name=\"author\" content=\"Reda\u00e7\u00e3o JBN\" \/>\n<meta name=\"twitter:card\" content=\"summary_large_image\" \/>\n<meta name=\"twitter:label1\" content=\"Escrito por\" \/>\n\t<meta name=\"twitter:data1\" content=\"Reda\u00e7\u00e3o JBN\" \/>\n\t<meta name=\"twitter:label2\" content=\"Est. tempo de leitura\" \/>\n\t<meta name=\"twitter:data2\" content=\"2 minutos\" \/>\n<script type=\"application\/ld+json\" class=\"yoast-schema-graph\">{\"@context\":\"https:\\\/\\\/schema.org\",\"@graph\":[{\"@type\":\"Article\",\"@id\":\"https:\\\/\\\/www.p31noticias.com.br\\\/?p=19181#article\",\"isPartOf\":{\"@id\":\"https:\\\/\\\/www.p31noticias.com.br\\\/?p=19181\"},\"author\":{\"name\":\"Reda\u00e7\u00e3o JBN\",\"@id\":\"https:\\\/\\\/www.p31noticias.com.br\\\/#\\\/schema\\\/person\\\/77d6b186c710ac38937c6ec204fdd387\"},\"headline\":\"GDF vai comprar alimentos de pequenos agricultores para distribuir \u00e0 popula\u00e7\u00e3o\",\"datePublished\":\"2020-03-22T16:10:16+00:00\",\"mainEntityOfPage\":{\"@id\":\"https:\\\/\\\/www.p31noticias.com.br\\\/?p=19181\"},\"wordCount\":438,\"commentCount\":0,\"image\":{\"@id\":\"https:\\\/\\\/www.p31noticias.com.br\\\/?p=19181#primaryimage\"},\"thumbnailUrl\":\"https:\\\/\\\/www.p31noticias.com.br\\\/wp-content\\\/uploads\\\/2020\\\/03\\\/36348772290-de1aafad0d-k.jpg\",\"articleSection\":[\"Outros\"],\"inLanguage\":\"pt-BR\",\"potentialAction\":[{\"@type\":\"CommentAction\",\"name\":\"Comment\",\"target\":[\"https:\\\/\\\/www.p31noticias.com.br\\\/?p=19181#respond\"]}],\"copyrightYear\":\"2020\",\"copyrightHolder\":{\"@id\":\"https:\\\/\\\/www.p31noticias.com.br\\\/#organization\"}},{\"@type\":\"WebPage\",\"@id\":\"https:\\\/\\\/www.p31noticias.com.br\\\/?p=19181\",\"url\":\"https:\\\/\\\/www.p31noticias.com.br\\\/?p=19181\",\"name\":\"GDF vai comprar alimentos de pequenos agricultores para distribuir \u00e0 popula\u00e7\u00e3o - P31\",\"isPartOf\":{\"@id\":\"https:\\\/\\\/www.p31noticias.com.br\\\/#website\"},\"primaryImageOfPage\":{\"@id\":\"https:\\\/\\\/www.p31noticias.com.br\\\/?p=19181#primaryimage\"},\"image\":{\"@id\":\"https:\\\/\\\/www.p31noticias.com.br\\\/?p=19181#primaryimage\"},\"thumbnailUrl\":\"https:\\\/\\\/www.p31noticias.com.br\\\/wp-content\\\/uploads\\\/2020\\\/03\\\/36348772290-de1aafad0d-k.jpg\",\"datePublished\":\"2020-03-22T16:10:16+00:00\",\"author\":{\"@id\":\"https:\\\/\\\/www.p31noticias.com.br\\\/#\\\/schema\\\/person\\\/77d6b186c710ac38937c6ec204fdd387\"},\"breadcrumb\":{\"@id\":\"https:\\\/\\\/www.p31noticias.com.br\\\/?p=19181#breadcrumb\"},\"inLanguage\":\"pt-BR\",\"potentialAction\":[{\"@type\":\"ReadAction\",\"target\":[\"https:\\\/\\\/www.p31noticias.com.br\\\/?p=19181\"]}]},{\"@type\":\"ImageObject\",\"inLanguage\":\"pt-BR\",\"@id\":\"https:\\\/\\\/www.p31noticias.com.br\\\/?p=19181#primaryimage\",\"url\":\"https:\\\/\\\/www.p31noticias.com.br\\\/wp-content\\\/uploads\\\/2020\\\/03\\\/36348772290-de1aafad0d-k.jpg\",\"contentUrl\":\"https:\\\/\\\/www.p31noticias.com.br\\\/wp-content\\\/uploads\\\/2020\\\/03\\\/36348772290-de1aafad0d-k.jpg\",\"width\":1000,\"height\":664},{\"@type\":\"BreadcrumbList\",\"@id\":\"https:\\\/\\\/www.p31noticias.com.br\\\/?p=19181#breadcrumb\",\"itemListElement\":[{\"@type\":\"ListItem\",\"position\":1,\"name\":\"In\u00edcio\",\"item\":\"https:\\\/\\\/www.p31noticias.com.br\\\/\"},{\"@type\":\"ListItem\",\"position\":2,\"name\":\"GDF vai comprar alimentos de pequenos agricultores para distribuir \u00e0 popula\u00e7\u00e3o\"}]},{\"@type\":\"WebSite\",\"@id\":\"https:\\\/\\\/www.p31noticias.com.br\\\/#website\",\"url\":\"https:\\\/\\\/www.p31noticias.com.br\\\/\",\"name\":\"P31\",\"description\":\"NOT\u00cdCIAS\",\"potentialAction\":[{\"@type\":\"SearchAction\",\"target\":{\"@type\":\"EntryPoint\",\"urlTemplate\":\"https:\\\/\\\/www.p31noticias.com.br\\\/?s={search_term_string}\"},\"query-input\":{\"@type\":\"PropertyValueSpecification\",\"valueRequired\":true,\"valueName\":\"search_term_string\"}}],\"inLanguage\":\"pt-BR\"},{\"@type\":\"Person\",\"@id\":\"https:\\\/\\\/www.p31noticias.com.br\\\/#\\\/schema\\\/person\\\/77d6b186c710ac38937c6ec204fdd387\",\"name\":\"Reda\u00e7\u00e3o JBN\",\"image\":{\"@type\":\"ImageObject\",\"inLanguage\":\"pt-BR\",\"@id\":\"https:\\\/\\\/secure.gravatar.com\\\/avatar\\\/10fcdb93211f98cce3d64c0795b0915a9a4a21dc0f279238995a3dbfafcad090?s=96&d=mm&r=g\",\"url\":\"https:\\\/\\\/secure.gravatar.com\\\/avatar\\\/10fcdb93211f98cce3d64c0795b0915a9a4a21dc0f279238995a3dbfafcad090?s=96&d=mm&r=g\",\"contentUrl\":\"https:\\\/\\\/secure.gravatar.com\\\/avatar\\\/10fcdb93211f98cce3d64c0795b0915a9a4a21dc0f279238995a3dbfafcad090?s=96&d=mm&r=g\",\"caption\":\"Reda\u00e7\u00e3o JBN\"},\"sameAs\":[\"https:\\\/\\\/p31noticias.com.br\"],\"url\":\"https:\\\/\\\/www.p31noticias.com.br\\\/?author=18\"}]}<\/script>\n<!-- \/ Yoast SEO Premium plugin. -->","yoast_head_json":{"title":"GDF vai comprar alimentos de pequenos agricultores para distribuir \u00e0 popula\u00e7\u00e3o - P31","robots":{"index":"index","follow":"follow","max-snippet":"max-snippet:-1","max-image-preview":"max-image-preview:large","max-video-preview":"max-video-preview:-1"},"canonical":"https:\/\/www.p31noticias.com.br\/?p=19181","og_locale":"pt_BR","og_type":"article","og_title":"GDF vai comprar alimentos de pequenos agricultores para distribuir \u00e0 popula\u00e7\u00e3o","og_description":"O Governo do Distrito Federal (GDF) vai comprar alimentos de pequenos agricultores para distribuir \u00e0 popula\u00e7\u00e3o de baixa renda. A decis\u00e3o faz parte de um conjunto de a\u00e7\u00f5es para minimizar os preju\u00edzos, em fun\u00e7\u00e3o da\u00a0epidemia do novo coronav\u00edrus. Com o fechamento das feiras livres, para evitar aglomera\u00e7\u00f5es que podem colocar a popula\u00e7\u00e3o em risco para [&hellip;]","og_url":"https:\/\/www.p31noticias.com.br\/?p=19181","og_site_name":"P31","article_published_time":"2020-03-22T16:10:16+00:00","og_image":[{"width":1000,"height":664,"url":"https:\/\/www.p31noticias.com.br\/wp-content\/uploads\/2020\/03\/36348772290-de1aafad0d-k.jpg","type":"image\/jpeg"}],"author":"Reda\u00e7\u00e3o JBN","twitter_card":"summary_large_image","twitter_misc":{"Escrito por":"Reda\u00e7\u00e3o JBN","Est. tempo de leitura":"2 minutos"},"schema":{"@context":"https:\/\/schema.org","@graph":[{"@type":"Article","@id":"https:\/\/www.p31noticias.com.br\/?p=19181#article","isPartOf":{"@id":"https:\/\/www.p31noticias.com.br\/?p=19181"},"author":{"name":"Reda\u00e7\u00e3o JBN","@id":"https:\/\/www.p31noticias.com.br\/#\/schema\/person\/77d6b186c710ac38937c6ec204fdd387"},"headline":"GDF vai comprar alimentos de pequenos agricultores para distribuir \u00e0 popula\u00e7\u00e3o","datePublished":"2020-03-22T16:10:16+00:00","mainEntityOfPage":{"@id":"https:\/\/www.p31noticias.com.br\/?p=19181"},"wordCount":438,"commentCount":0,"image":{"@id":"https:\/\/www.p31noticias.com.br\/?p=19181#primaryimage"},"thumbnailUrl":"https:\/\/www.p31noticias.com.br\/wp-content\/uploads\/2020\/03\/36348772290-de1aafad0d-k.jpg","articleSection":["Outros"],"inLanguage":"pt-BR","potentialAction":[{"@type":"CommentAction","name":"Comment","target":["https:\/\/www.p31noticias.com.br\/?p=19181#respond"]}],"copyrightYear":"2020","copyrightHolder":{"@id":"https:\/\/www.p31noticias.com.br\/#organization"}},{"@type":"WebPage","@id":"https:\/\/www.p31noticias.com.br\/?p=19181","url":"https:\/\/www.p31noticias.com.br\/?p=19181","name":"GDF vai comprar alimentos de pequenos agricultores para distribuir \u00e0 popula\u00e7\u00e3o - P31","isPartOf":{"@id":"https:\/\/www.p31noticias.com.br\/#website"},"primaryImageOfPage":{"@id":"https:\/\/www.p31noticias.com.br\/?p=19181#primaryimage"},"image":{"@id":"https:\/\/www.p31noticias.com.br\/?p=19181#primaryimage"},"thumbnailUrl":"https:\/\/www.p31noticias.com.br\/wp-content\/uploads\/2020\/03\/36348772290-de1aafad0d-k.jpg","datePublished":"2020-03-22T16:10:16+00:00","author":{"@id":"https:\/\/www.p31noticias.com.br\/#\/schema\/person\/77d6b186c710ac38937c6ec204fdd387"},"breadcrumb":{"@id":"https:\/\/www.p31noticias.com.br\/?p=19181#breadcrumb"},"inLanguage":"pt-BR","potentialAction":[{"@type":"ReadAction","target":["https:\/\/www.p31noticias.com.br\/?p=19181"]}]},{"@type":"ImageObject","inLanguage":"pt-BR","@id":"https:\/\/www.p31noticias.com.br\/?p=19181#primaryimage","url":"https:\/\/www.p31noticias.com.br\/wp-content\/uploads\/2020\/03\/36348772290-de1aafad0d-k.jpg","contentUrl":"https:\/\/www.p31noticias.com.br\/wp-content\/uploads\/2020\/03\/36348772290-de1aafad0d-k.jpg","width":1000,"height":664},{"@type":"BreadcrumbList","@id":"https:\/\/www.p31noticias.com.br\/?p=19181#breadcrumb","itemListElement":[{"@type":"ListItem","position":1,"name":"In\u00edcio","item":"https:\/\/www.p31noticias.com.br\/"},{"@type":"ListItem","position":2,"name":"GDF vai comprar alimentos de pequenos agricultores para distribuir \u00e0 popula\u00e7\u00e3o"}]},{"@type":"WebSite","@id":"https:\/\/www.p31noticias.com.br\/#website","url":"https:\/\/www.p31noticias.com.br\/","name":"P31","description":"NOT\u00cdCIAS","potentialAction":[{"@type":"SearchAction","target":{"@type":"EntryPoint","urlTemplate":"https:\/\/www.p31noticias.com.br\/?s={search_term_string}"},"query-input":{"@type":"PropertyValueSpecification","valueRequired":true,"valueName":"search_term_string"}}],"inLanguage":"pt-BR"},{"@type":"Person","@id":"https:\/\/www.p31noticias.com.br\/#\/schema\/person\/77d6b186c710ac38937c6ec204fdd387","name":"Reda\u00e7\u00e3o JBN","image":{"@type":"ImageObject","inLanguage":"pt-BR","@id":"https:\/\/secure.gravatar.com\/avatar\/10fcdb93211f98cce3d64c0795b0915a9a4a21dc0f279238995a3dbfafcad090?s=96&d=mm&r=g","url":"https:\/\/secure.gravatar.com\/avatar\/10fcdb93211f98cce3d64c0795b0915a9a4a21dc0f279238995a3dbfafcad090?s=96&d=mm&r=g","contentUrl":"https:\/\/secure.gravatar.com\/avatar\/10fcdb93211f98cce3d64c0795b0915a9a4a21dc0f279238995a3dbfafcad090?s=96&d=mm&r=g","caption":"Reda\u00e7\u00e3o JBN"},"sameAs":["https:\/\/p31noticias.com.br"],"url":"https:\/\/www.p31noticias.com.br\/?author=18"}]}},"amp_enabled":true,"_links":{"self":[{"href":"https:\/\/www.p31noticias.com.br\/index.php?rest_route=\/wp\/v2\/posts\/19181","targetHints":{"allow":["GET"]}}],"collection":[{"href":"https:\/\/www.p31noticias.com.br\/index.php?rest_route=\/wp\/v2\/posts"}],"about":[{"href":"https:\/\/www.p31noticias.com.br\/index.php?rest_route=\/wp\/v2\/types\/post"}],"author":[{"embeddable":true,"href":"https:\/\/www.p31noticias.com.br\/index.php?rest_route=\/wp\/v2\/users\/18"}],"replies":[{"embeddable":true,"href":"https:\/\/www.p31noticias.com.br\/index.php?rest_route=%2Fwp%2Fv2%2Fcomments&post=19181"}],"version-history":[{"count":0,"href":"https:\/\/www.p31noticias.com.br\/index.php?rest_route=\/wp\/v2\/posts\/19181\/revisions"}],"wp:featuredmedia":[{"embeddable":true,"href":"https:\/\/www.p31noticias.com.br\/index.php?rest_route=\/wp\/v2\/media\/19182"}],"wp:attachment":[{"href":"https:\/\/www.p31noticias.com.br\/index.php?rest_route=%2Fwp%2Fv2%2Fmedia&parent=19181"}],"wp:term":[{"taxonomy":"category","embeddable":true,"href":"https:\/\/www.p31noticias.com.br\/index.php?rest_route=%2Fwp%2Fv2%2Fcategories&post=19181"},{"taxonomy":"post_tag","embeddable":true,"href":"https:\/\/www.p31noticias.com.br\/index.php?rest_route=%2Fwp%2Fv2%2Ftags&post=19181"}],"curies":[{"name":"wp","href":"https:\/\/api.w.org\/{rel}","templated":true}]}}