{"id":19165,"date":"2020-03-16T12:22:10","date_gmt":"2020-03-16T15:22:10","guid":{"rendered":"https:\/\/www.delioandrade.com.br\/?p=19165"},"modified":"2020-03-16T12:22:10","modified_gmt":"2020-03-16T15:22:10","slug":"cuba-tem-a-cura-para-o-corona-virus","status":"publish","type":"post","link":"https:\/\/www.p31noticias.com.br\/?p=19165","title":{"rendered":"Cuba tem a cura para o corona v\u00edrus"},"content":{"rendered":"<p><strong>Cuba<\/strong>\u00a0tem usado um\u00a0<strong>medicamento<\/strong>\u00a0para tratar pacientes infectados pelo\u00a0<strong>novo coronav\u00edrus na China<\/strong>. De acordo com o jornal oficial do pa\u00eds,\u00a0<em>Granma<\/em>, o rem\u00e9dio j\u00e1 foi respons\u00e1vel pela cura de mais de 1.500 pessoas.\u00a0 Trata-se do\u00a0<strong>Interfer\u00f3n alfa 2B<\/strong>, um medicamento que j\u00e1 existia e era usado para tratamento de doen\u00e7as como dengue e HIV.<\/p>\n<p>&nbsp;<\/p>\n<p>O medicamento \u00e9 um dos 30 escolhidos\u00a0 pela Comiss\u00e3o Nacional de Sa\u00fade chinesa para ser usado no pa\u00eds para tratamento do coronav\u00edrus. No domingo (8\/3), o presidente de Cuba, Miguel D\u00edaz Canel, comemorou em seu perfil no Twitter a parceria com a China. O medicamento tem sido feito na f\u00e1brica chinesa-cubana ChangHeber, na China.<\/p>\n<p>&nbsp;<\/p>\n<p><iframe loading=\"lazy\" class=\"i-amphtml-fill-content\" src=\"https:\/\/d-15907695434259018858.ampproject.net\/2003031842100\/frame.html\" name=\"{&quot;host&quot;:&quot;d-15907695434259018858.ampproject.net&quot;,&quot;type&quot;:&quot;twitter&quot;,&quot;count&quot;:1,&quot;attributes&quot;:{&quot;cards&quot;:&quot;hidden&quot;,&quot;tweetid&quot;:&quot;1225847292541968384?ref_src=twsrc%5Etfw&quot;,&quot;width&quot;:486,&quot;height&quot;:657,&quot;_context&quot;:{&quot;ampcontextVersion&quot;:&quot;2003031842100&quot;,&quot;ampcontextFilepath&quot;:&quot;https:\/\/3p.ampproject.net\/2003031842100\/ampcontext-v0.js&quot;,&quot;sourceUrl&quot;:&quot;https:\/\/www.correiobraziliense.com.br\/app\/noticia\/mundo\/2020\/03\/12\/interna_mundo,833882\/amp.html#origin=https:\/\/www.google.com&amp;cid=1&amp;prerenderSize=1&amp;visibilityState=visible&amp;paddingTop=32&amp;history=1&amp;p2r=0&amp;horizontalScrolling=0&amp;csi=1&amp;storage=1&amp;viewerUrl=https:\/\/www.google.com\/amp\/s\/www.correiobraziliense.com.br\/app\/noticia\/mundo\/2020\/03\/12\/interna_mundo,833882\/amp.html&amp;cap=navigateTo,fragment,handshakepoll,cid,replaceUrl,fullReplaceHistory&quot;,&quot;referrer&quot;:&quot;https:\/\/www.google.com\/&quot;,&quot;canonicalUrl&quot;:&quot;https:\/\/www.correiobraziliense.com.br\/app\/noticia\/mundo\/2020\/03\/12\/interna_mundo,833882\/medicamento-criado-por-cuba-cura-mais-de-1-500-pessoas-com-coronavirus.shtml&quot;,&quot;pageViewId&quot;:&quot;4682&quot;,&quot;location&quot;:{&quot;href&quot;:&quot;https:\/\/www-correiobraziliense-com-br.cdn.ampproject.org\/v\/s\/www.correiobraziliense.com.br\/app\/noticia\/mundo\/2020\/03\/12\/interna_mundo,833882\/amp.html?usqp=mq331AQFKAGwASA%3D&amp;amp_js_v=0.1#origin=https:\/\/www.google.com&amp;cid=1&amp;prerenderSize=1&amp;visibilityState=visible&amp;paddingTop=32&amp;history=1&amp;p2r=0&amp;horizontalScrolling=0&amp;csi=1&amp;storage=1&amp;viewerUrl=https:\/\/www.google.com\/amp\/s\/www.correiobraziliense.com.br\/app\/noticia\/mundo\/2020\/03\/12\/interna_mundo,833882\/amp.html&amp;cap=navigateTo,fragment,handshakepoll,cid,replaceUrl,fullReplaceHistory&quot;},&quot;startTime&quot;:1584371534438,&quot;tagName&quot;:&quot;AMP-TWITTER&quot;,&quot;mode&quot;:{&quot;localDev&quot;:false,&quot;development&quot;:false,&quot;minified&quot;:true,&quot;lite&quot;:false,&quot;test&quot;:false,&quot;version&quot;:&quot;2003031842100&quot;,&quot;rtvVersion&quot;:&quot;012003031842100&quot;},&quot;canary&quot;:false,&quot;hidden&quot;:false,&quot;initialLayoutRect&quot;:{&quot;left&quot;:10,&quot;top&quot;:1562,&quot;width&quot;:373,&quot;height&quot;:504},&quot;initialIntersection&quot;:{&quot;time&quot;:697.8999999992084,&quot;rootBounds&quot;:{&quot;left&quot;:0,&quot;top&quot;:0,&quot;width&quot;:393,&quot;height&quot;:769,&quot;bottom&quot;:769,&quot;right&quot;:393,&quot;x&quot;:0,&quot;y&quot;:0},&quot;boundingClientRect&quot;:{&quot;left&quot;:10,&quot;top&quot;:1562,&quot;width&quot;:373,&quot;height&quot;:504,&quot;bottom&quot;:2066,&quot;right&quot;:383,&quot;x&quot;:10,&quot;y&quot;:1562},&quot;intersectionRect&quot;:{&quot;left&quot;:0,&quot;top&quot;:0,&quot;width&quot;:0,&quot;height&quot;:0,&quot;bottom&quot;:0,&quot;right&quot;:0,&quot;x&quot;:0,&quot;y&quot;:0},&quot;intersectionRatio&quot;:0},&quot;domFingerprint&quot;:&quot;4257641687&quot;,&quot;experimentToggles&quot;:{&quot;pump-early-frame&quot;:true,&quot;chunked-amp&quot;:true,&quot;amp-ad-ff-adx-ady&quot;:false,&quot;swg-gpay-api&quot;:true,&quot;canary&quot;:false,&quot;amp-story-v1&quot;:true,&quot;hidden-mutation-observer&quot;:true,&quot;fix-inconsistent-responsive-height-selection&quot;:false,&quot;a4aProfilingRate&quot;:false,&quot;version-locking&quot;:true,&quot;amp-auto-ads-adsense-holdout&quot;:false,&quot;layoutbox-invalidate-on-scroll&quot;:true,&quot;as-use-attr-for-format&quot;:false,&quot;adsense-ad-size-optimization&quot;:false,&quot;blurry-placeholder&quot;:true,&quot;amp-playbuzz&quot;:true,&quot;flexAdSlots&quot;:false,&quot;amp-action-macro&quot;:true,&quot;fixed-elements-in-lightbox&quot;:true,&quot;amp-access-iframe&quot;:true,&quot;amp-nested-menu&quot;:true,&quot;amp-mega-menu&quot;:true,&quot;doubleclickSraExp&quot;:false,&quot;swg-gpay-native&quot;:true,&quot;amp-sidebar-swipe-to-dismiss&quot;:true,&quot;doubleclickSraReportExcludedBlock&quot;:true,&quot;ampdoc-closest&quot;:true,&quot;amp-story-responsive-units&quot;:true,&quot;ios-fixed-no-transfer&quot;:false,&quot;amp-auto-ads-no-op-experiment&quot;:false,&quot;amp-consent-restrict-fullscreen&quot;:true},&quot;sentinel&quot;:&quot;1-23030434802335710714&quot;},&quot;type&quot;:&quot;twitter&quot;}}\" width=\"486\" height=\"657\" scrolling=\"no\" sandbox=\"allow-top-navigation-by-user-activation allow-popups-to-escape-sandbox allow-forms allow-modals allow-pointer-lock allow-popups allow-same-origin allow-scripts\" allowfullscreen=\"allowfullscreen\" data-amp-3p-sentinel=\"1-23030434802335710714\" data-mce-fragment=\"1\"><\/iframe><\/p>\n<div class=\"i-amphtml-loading-container i-amphtml-fill-content amp-hidden\">\n<div class=\"\">\n<div class=\"i-amphtml-new-loader i-amphtml-new-loader-size-default\">\n<div class=\"i-amphtml-new-loader-logo\"><\/div>\n<div class=\"i-amphtml-new-loader-spinner-wrapper\"><\/div>\n<\/div>\n<\/div>\n<\/div>\n<p>&nbsp;<\/p>\n<p>&nbsp;<\/p>\n<p>Em entrevista \u00e0 televis\u00e3o cubana, o pesquisador Gerardo Guillen explicou que o medicamento foi desenvolvido h\u00e1 quatro d\u00e9cadas para outros tratamentos e que a efici\u00eancia \u00e9 n\u00edtida. &#8220;Ele \u00e9 desenvolvido por uma prote\u00edna que faz parte do sistema imunol\u00f3gico e a fun\u00e7\u00e3o dele \u00e9 interferir especificamente em infec\u00e7\u00e3o viral. Ele atua tanto impedindo a replica\u00e7\u00e3o viral, quanto no combate ao v\u00edrus. N\u00e3o s\u00f3 nessa epidemia como em outras&#8221;, diz.<\/p>\n<p>&nbsp;<\/p>\n<p>De acordo com ele, o efeito imunol\u00f3gico e antiviral do rem\u00e9dio permite prever a efetividade contra o coronav\u00edrus. &#8220;O Covid-19 reduz a produ\u00e7\u00e3o de interferons (uma prote\u00edna) e impede que o sistema imunol\u00f3gico dos humanos ataque o v\u00edrus e sabemos que o Interfer\u00f3n desempenha o papel nessa primeira linha de defesa estimulando genes que inibem a replica\u00e7\u00e3o viral&#8221;, afirmou.<\/p>\n","protected":false},"excerpt":{"rendered":"<p>Cuba\u00a0tem usado um\u00a0medicamento\u00a0para tratar pacientes infectados pelo\u00a0novo coronav\u00edrus na China. De acordo com o jornal oficial do pa\u00eds,\u00a0Granma, o rem\u00e9dio j\u00e1 foi respons\u00e1vel pela cura de mais de 1.500 pessoas.\u00a0 Trata-se do\u00a0Interfer\u00f3n alfa 2B, um medicamento que j\u00e1 existia e era usado para tratamento de doen\u00e7as como dengue e HIV. &nbsp; O medicamento \u00e9 um [&hellip;]<\/p>\n","protected":false},"author":18,"featured_media":19148,"comment_status":"open","ping_status":"open","sticky":false,"template":"","format":"video","meta":{"footnotes":""},"categories":[1],"tags":[],"class_list":{"0":"post-19165","1":"post","2":"type-post","3":"status-publish","4":"format-video","5":"has-post-thumbnail","7":"category-outros","8":"post_format-post-format-video"},"yoast_head":"<!-- This site is optimized with the Yoast SEO Premium plugin v24.5 (Yoast SEO v27.5) - https:\/\/yoast.com\/product\/yoast-seo-premium-wordpress\/ -->\n<title>Cuba tem a cura para o corona v\u00edrus - P31<\/title>\n<meta name=\"description\" content=\"Medicamento criado por Cuba cura mais de 1.500 pessoas com coronav\u00edrus. Ser\u00e1 se...\" \/>\n<meta name=\"robots\" content=\"index, follow, max-snippet:-1, max-image-preview:large, max-video-preview:-1\" \/>\n<link rel=\"canonical\" href=\"https:\/\/www.p31noticias.com.br\/?p=19165\" \/>\n<meta property=\"og:locale\" content=\"pt_BR\" \/>\n<meta property=\"og:type\" content=\"article\" \/>\n<meta property=\"og:title\" content=\"Cuba tem a cura para o corona v\u00edrus\" \/>\n<meta property=\"og:description\" content=\"Medicamento criado por Cuba cura mais de 1.500 pessoas com coronav\u00edrus. Ser\u00e1 se...\" \/>\n<meta property=\"og:url\" content=\"https:\/\/www.p31noticias.com.br\/?p=19165\" \/>\n<meta property=\"og:site_name\" content=\"P31\" \/>\n<meta property=\"article:published_time\" content=\"2020-03-16T15:22:10+00:00\" \/>\n<meta property=\"og:image\" content=\"https:\/\/www.p31noticias.com.br\/wp-content\/uploads\/2020\/03\/images-1.jpeg\" \/>\n\t<meta property=\"og:image:width\" content=\"739\" \/>\n\t<meta property=\"og:image:height\" content=\"415\" \/>\n\t<meta property=\"og:image:type\" content=\"image\/jpeg\" \/>\n<meta name=\"author\" content=\"Reda\u00e7\u00e3o JBN\" \/>\n<meta name=\"twitter:card\" content=\"summary_large_image\" \/>\n<meta name=\"twitter:label1\" content=\"Escrito por\" \/>\n\t<meta name=\"twitter:data1\" content=\"Reda\u00e7\u00e3o JBN\" \/>\n\t<meta name=\"twitter:label2\" content=\"Est. tempo de leitura\" \/>\n\t<meta name=\"twitter:data2\" content=\"1 minuto\" \/>\n<script type=\"application\/ld+json\" class=\"yoast-schema-graph\">{\"@context\":\"https:\\\/\\\/schema.org\",\"@graph\":[{\"@type\":\"Article\",\"@id\":\"https:\\\/\\\/www.p31noticias.com.br\\\/?p=19165#article\",\"isPartOf\":{\"@id\":\"https:\\\/\\\/www.p31noticias.com.br\\\/?p=19165\"},\"author\":{\"name\":\"Reda\u00e7\u00e3o JBN\",\"@id\":\"https:\\\/\\\/www.p31noticias.com.br\\\/#\\\/schema\\\/person\\\/77d6b186c710ac38937c6ec204fdd387\"},\"headline\":\"Cuba tem a cura para o corona v\u00edrus\",\"datePublished\":\"2020-03-16T15:22:10+00:00\",\"mainEntityOfPage\":{\"@id\":\"https:\\\/\\\/www.p31noticias.com.br\\\/?p=19165\"},\"wordCount\":276,\"commentCount\":0,\"image\":{\"@id\":\"https:\\\/\\\/www.p31noticias.com.br\\\/?p=19165#primaryimage\"},\"thumbnailUrl\":\"https:\\\/\\\/www.p31noticias.com.br\\\/wp-content\\\/uploads\\\/2020\\\/03\\\/images-1.jpeg\",\"articleSection\":[\"Outros\"],\"inLanguage\":\"pt-BR\",\"potentialAction\":[{\"@type\":\"CommentAction\",\"name\":\"Comment\",\"target\":[\"https:\\\/\\\/www.p31noticias.com.br\\\/?p=19165#respond\"]}],\"copyrightYear\":\"2020\",\"copyrightHolder\":{\"@id\":\"https:\\\/\\\/www.p31noticias.com.br\\\/#organization\"}},{\"@type\":\"WebPage\",\"@id\":\"https:\\\/\\\/www.p31noticias.com.br\\\/?p=19165\",\"url\":\"https:\\\/\\\/www.p31noticias.com.br\\\/?p=19165\",\"name\":\"Cuba tem a cura para o corona v\u00edrus - P31\",\"isPartOf\":{\"@id\":\"https:\\\/\\\/www.p31noticias.com.br\\\/#website\"},\"primaryImageOfPage\":{\"@id\":\"https:\\\/\\\/www.p31noticias.com.br\\\/?p=19165#primaryimage\"},\"image\":{\"@id\":\"https:\\\/\\\/www.p31noticias.com.br\\\/?p=19165#primaryimage\"},\"thumbnailUrl\":\"https:\\\/\\\/www.p31noticias.com.br\\\/wp-content\\\/uploads\\\/2020\\\/03\\\/images-1.jpeg\",\"datePublished\":\"2020-03-16T15:22:10+00:00\",\"author\":{\"@id\":\"https:\\\/\\\/www.p31noticias.com.br\\\/#\\\/schema\\\/person\\\/77d6b186c710ac38937c6ec204fdd387\"},\"description\":\"Medicamento criado por Cuba cura mais de 1.500 pessoas com coronav\u00edrus. Ser\u00e1 se...\",\"breadcrumb\":{\"@id\":\"https:\\\/\\\/www.p31noticias.com.br\\\/?p=19165#breadcrumb\"},\"inLanguage\":\"pt-BR\",\"potentialAction\":[{\"@type\":\"ReadAction\",\"target\":[\"https:\\\/\\\/www.p31noticias.com.br\\\/?p=19165\"]}]},{\"@type\":\"ImageObject\",\"inLanguage\":\"pt-BR\",\"@id\":\"https:\\\/\\\/www.p31noticias.com.br\\\/?p=19165#primaryimage\",\"url\":\"https:\\\/\\\/www.p31noticias.com.br\\\/wp-content\\\/uploads\\\/2020\\\/03\\\/images-1.jpeg\",\"contentUrl\":\"https:\\\/\\\/www.p31noticias.com.br\\\/wp-content\\\/uploads\\\/2020\\\/03\\\/images-1.jpeg\",\"width\":739,\"height\":415},{\"@type\":\"BreadcrumbList\",\"@id\":\"https:\\\/\\\/www.p31noticias.com.br\\\/?p=19165#breadcrumb\",\"itemListElement\":[{\"@type\":\"ListItem\",\"position\":1,\"name\":\"In\u00edcio\",\"item\":\"https:\\\/\\\/www.p31noticias.com.br\\\/\"},{\"@type\":\"ListItem\",\"position\":2,\"name\":\"Cuba tem a cura para o corona v\u00edrus\"}]},{\"@type\":\"WebSite\",\"@id\":\"https:\\\/\\\/www.p31noticias.com.br\\\/#website\",\"url\":\"https:\\\/\\\/www.p31noticias.com.br\\\/\",\"name\":\"P31\",\"description\":\"NOT\u00cdCIAS\",\"potentialAction\":[{\"@type\":\"SearchAction\",\"target\":{\"@type\":\"EntryPoint\",\"urlTemplate\":\"https:\\\/\\\/www.p31noticias.com.br\\\/?s={search_term_string}\"},\"query-input\":{\"@type\":\"PropertyValueSpecification\",\"valueRequired\":true,\"valueName\":\"search_term_string\"}}],\"inLanguage\":\"pt-BR\"},{\"@type\":\"Person\",\"@id\":\"https:\\\/\\\/www.p31noticias.com.br\\\/#\\\/schema\\\/person\\\/77d6b186c710ac38937c6ec204fdd387\",\"name\":\"Reda\u00e7\u00e3o JBN\",\"image\":{\"@type\":\"ImageObject\",\"inLanguage\":\"pt-BR\",\"@id\":\"https:\\\/\\\/secure.gravatar.com\\\/avatar\\\/10fcdb93211f98cce3d64c0795b0915a9a4a21dc0f279238995a3dbfafcad090?s=96&d=mm&r=g\",\"url\":\"https:\\\/\\\/secure.gravatar.com\\\/avatar\\\/10fcdb93211f98cce3d64c0795b0915a9a4a21dc0f279238995a3dbfafcad090?s=96&d=mm&r=g\",\"contentUrl\":\"https:\\\/\\\/secure.gravatar.com\\\/avatar\\\/10fcdb93211f98cce3d64c0795b0915a9a4a21dc0f279238995a3dbfafcad090?s=96&d=mm&r=g\",\"caption\":\"Reda\u00e7\u00e3o JBN\"},\"sameAs\":[\"https:\\\/\\\/p31noticias.com.br\"],\"url\":\"https:\\\/\\\/www.p31noticias.com.br\\\/?author=18\"}]}<\/script>\n<!-- \/ Yoast SEO Premium plugin. -->","yoast_head_json":{"title":"Cuba tem a cura para o corona v\u00edrus - P31","description":"Medicamento criado por Cuba cura mais de 1.500 pessoas com coronav\u00edrus. Ser\u00e1 se...","robots":{"index":"index","follow":"follow","max-snippet":"max-snippet:-1","max-image-preview":"max-image-preview:large","max-video-preview":"max-video-preview:-1"},"canonical":"https:\/\/www.p31noticias.com.br\/?p=19165","og_locale":"pt_BR","og_type":"article","og_title":"Cuba tem a cura para o corona v\u00edrus","og_description":"Medicamento criado por Cuba cura mais de 1.500 pessoas com coronav\u00edrus. Ser\u00e1 se...","og_url":"https:\/\/www.p31noticias.com.br\/?p=19165","og_site_name":"P31","article_published_time":"2020-03-16T15:22:10+00:00","og_image":[{"width":739,"height":415,"url":"https:\/\/www.p31noticias.com.br\/wp-content\/uploads\/2020\/03\/images-1.jpeg","type":"image\/jpeg"}],"author":"Reda\u00e7\u00e3o JBN","twitter_card":"summary_large_image","twitter_misc":{"Escrito por":"Reda\u00e7\u00e3o JBN","Est. tempo de leitura":"1 minuto"},"schema":{"@context":"https:\/\/schema.org","@graph":[{"@type":"Article","@id":"https:\/\/www.p31noticias.com.br\/?p=19165#article","isPartOf":{"@id":"https:\/\/www.p31noticias.com.br\/?p=19165"},"author":{"name":"Reda\u00e7\u00e3o JBN","@id":"https:\/\/www.p31noticias.com.br\/#\/schema\/person\/77d6b186c710ac38937c6ec204fdd387"},"headline":"Cuba tem a cura para o corona v\u00edrus","datePublished":"2020-03-16T15:22:10+00:00","mainEntityOfPage":{"@id":"https:\/\/www.p31noticias.com.br\/?p=19165"},"wordCount":276,"commentCount":0,"image":{"@id":"https:\/\/www.p31noticias.com.br\/?p=19165#primaryimage"},"thumbnailUrl":"https:\/\/www.p31noticias.com.br\/wp-content\/uploads\/2020\/03\/images-1.jpeg","articleSection":["Outros"],"inLanguage":"pt-BR","potentialAction":[{"@type":"CommentAction","name":"Comment","target":["https:\/\/www.p31noticias.com.br\/?p=19165#respond"]}],"copyrightYear":"2020","copyrightHolder":{"@id":"https:\/\/www.p31noticias.com.br\/#organization"}},{"@type":"WebPage","@id":"https:\/\/www.p31noticias.com.br\/?p=19165","url":"https:\/\/www.p31noticias.com.br\/?p=19165","name":"Cuba tem a cura para o corona v\u00edrus - P31","isPartOf":{"@id":"https:\/\/www.p31noticias.com.br\/#website"},"primaryImageOfPage":{"@id":"https:\/\/www.p31noticias.com.br\/?p=19165#primaryimage"},"image":{"@id":"https:\/\/www.p31noticias.com.br\/?p=19165#primaryimage"},"thumbnailUrl":"https:\/\/www.p31noticias.com.br\/wp-content\/uploads\/2020\/03\/images-1.jpeg","datePublished":"2020-03-16T15:22:10+00:00","author":{"@id":"https:\/\/www.p31noticias.com.br\/#\/schema\/person\/77d6b186c710ac38937c6ec204fdd387"},"description":"Medicamento criado por Cuba cura mais de 1.500 pessoas com coronav\u00edrus. Ser\u00e1 se...","breadcrumb":{"@id":"https:\/\/www.p31noticias.com.br\/?p=19165#breadcrumb"},"inLanguage":"pt-BR","potentialAction":[{"@type":"ReadAction","target":["https:\/\/www.p31noticias.com.br\/?p=19165"]}]},{"@type":"ImageObject","inLanguage":"pt-BR","@id":"https:\/\/www.p31noticias.com.br\/?p=19165#primaryimage","url":"https:\/\/www.p31noticias.com.br\/wp-content\/uploads\/2020\/03\/images-1.jpeg","contentUrl":"https:\/\/www.p31noticias.com.br\/wp-content\/uploads\/2020\/03\/images-1.jpeg","width":739,"height":415},{"@type":"BreadcrumbList","@id":"https:\/\/www.p31noticias.com.br\/?p=19165#breadcrumb","itemListElement":[{"@type":"ListItem","position":1,"name":"In\u00edcio","item":"https:\/\/www.p31noticias.com.br\/"},{"@type":"ListItem","position":2,"name":"Cuba tem a cura para o corona v\u00edrus"}]},{"@type":"WebSite","@id":"https:\/\/www.p31noticias.com.br\/#website","url":"https:\/\/www.p31noticias.com.br\/","name":"P31","description":"NOT\u00cdCIAS","potentialAction":[{"@type":"SearchAction","target":{"@type":"EntryPoint","urlTemplate":"https:\/\/www.p31noticias.com.br\/?s={search_term_string}"},"query-input":{"@type":"PropertyValueSpecification","valueRequired":true,"valueName":"search_term_string"}}],"inLanguage":"pt-BR"},{"@type":"Person","@id":"https:\/\/www.p31noticias.com.br\/#\/schema\/person\/77d6b186c710ac38937c6ec204fdd387","name":"Reda\u00e7\u00e3o JBN","image":{"@type":"ImageObject","inLanguage":"pt-BR","@id":"https:\/\/secure.gravatar.com\/avatar\/10fcdb93211f98cce3d64c0795b0915a9a4a21dc0f279238995a3dbfafcad090?s=96&d=mm&r=g","url":"https:\/\/secure.gravatar.com\/avatar\/10fcdb93211f98cce3d64c0795b0915a9a4a21dc0f279238995a3dbfafcad090?s=96&d=mm&r=g","contentUrl":"https:\/\/secure.gravatar.com\/avatar\/10fcdb93211f98cce3d64c0795b0915a9a4a21dc0f279238995a3dbfafcad090?s=96&d=mm&r=g","caption":"Reda\u00e7\u00e3o JBN"},"sameAs":["https:\/\/p31noticias.com.br"],"url":"https:\/\/www.p31noticias.com.br\/?author=18"}]}},"amp_enabled":true,"_links":{"self":[{"href":"https:\/\/www.p31noticias.com.br\/index.php?rest_route=\/wp\/v2\/posts\/19165","targetHints":{"allow":["GET"]}}],"collection":[{"href":"https:\/\/www.p31noticias.com.br\/index.php?rest_route=\/wp\/v2\/posts"}],"about":[{"href":"https:\/\/www.p31noticias.com.br\/index.php?rest_route=\/wp\/v2\/types\/post"}],"author":[{"embeddable":true,"href":"https:\/\/www.p31noticias.com.br\/index.php?rest_route=\/wp\/v2\/users\/18"}],"replies":[{"embeddable":true,"href":"https:\/\/www.p31noticias.com.br\/index.php?rest_route=%2Fwp%2Fv2%2Fcomments&post=19165"}],"version-history":[{"count":0,"href":"https:\/\/www.p31noticias.com.br\/index.php?rest_route=\/wp\/v2\/posts\/19165\/revisions"}],"wp:featuredmedia":[{"embeddable":true,"href":"https:\/\/www.p31noticias.com.br\/index.php?rest_route=\/wp\/v2\/media\/19148"}],"wp:attachment":[{"href":"https:\/\/www.p31noticias.com.br\/index.php?rest_route=%2Fwp%2Fv2%2Fmedia&parent=19165"}],"wp:term":[{"taxonomy":"category","embeddable":true,"href":"https:\/\/www.p31noticias.com.br\/index.php?rest_route=%2Fwp%2Fv2%2Fcategories&post=19165"},{"taxonomy":"post_tag","embeddable":true,"href":"https:\/\/www.p31noticias.com.br\/index.php?rest_route=%2Fwp%2Fv2%2Ftags&post=19165"}],"curies":[{"name":"wp","href":"https:\/\/api.w.org\/{rel}","templated":true}]}}