{"id":19149,"date":"2020-03-15T17:49:39","date_gmt":"2020-03-15T20:49:39","guid":{"rendered":"https:\/\/www.delioandrade.com.br\/mais-6-casos-de-coronavirus-confirmados-no-distrito-federal-agora-sao-14-pessoas-confirmadas-com-o-virus\/"},"modified":"2020-03-15T17:49:39","modified_gmt":"2020-03-15T20:49:39","slug":"mais-6-casos-de-coronavirus-confirmados-no-distrito-federal-agora-sao-14-pessoas-confirmadas-com-o-virus","status":"publish","type":"post","link":"https:\/\/www.p31noticias.com.br\/?p=19149","title":{"rendered":"Mais 6 casos de coronav\u00edrus confirmados no Distrito Federal . Agora s\u00e3o 14 pessoas confirmadas com o v\u00edrus ."},"content":{"rendered":"\n<p>Mais seis casos do novo coronav\u00edrus foram confirmados hoje pela Secretaria de Sa\u00fade do DF. Todos s\u00e3o procedentes de viagens internacionais. Quatro vieram da Europa e dois dos Estados Unidos.<\/p>\n\n\n\n<p>Com esses novos casos, s\u00e3o 14 confirma\u00e7\u00f5es de positivos para coronav\u00edrus no Distrito Federal.<\/p>\n\n\n\n<p>Segundo quem acompanha as medidas, esse n\u00famero vai subir. Mas, por enquanto, n\u00e3o h\u00e1 contamina\u00e7\u00e3o dentro do DF.<\/p>\n\n\n\n<p>Segundo boletim da Secretaria de Sa\u00fade, h\u00e1 158 suspeitas em investiga\u00e7\u00e3o, 14 confirmados e 84 descartados. Total de an\u00e1lises: 256.<\/p>\n\n\n\n<p>No cen\u00e1rio mundial, vem ocorrendo um aumento no n\u00famero de casos, totalizando 152.428 casos desde o in\u00edcio da epidemia at\u00e9 hoje (15\/03).<\/p>\n\n\n\n<p>Enquanto na China, que responde por mais de 50% dos casos, se observa uma redu\u00e7\u00e3o no n\u00famero de doentes, os demais pa\u00edses v\u00eam registrando aumento.<\/p>\n","protected":false},"excerpt":{"rendered":"<p>Mais seis casos do novo coronav\u00edrus foram confirmados hoje pela Secretaria de Sa\u00fade do DF. Todos s\u00e3o procedentes de viagens internacionais. Quatro vieram da Europa e dois dos Estados Unidos. Com esses novos casos, s\u00e3o 14 confirma\u00e7\u00f5es de positivos para coronav\u00edrus no Distrito Federal. Segundo quem acompanha as medidas, esse n\u00famero vai subir. Mas, por [&hellip;]<\/p>\n","protected":false},"author":18,"featured_media":19148,"comment_status":"open","ping_status":"open","sticky":false,"template":"","format":"standard","meta":{"footnotes":""},"categories":[1],"tags":[],"class_list":{"0":"post-19149","1":"post","2":"type-post","3":"status-publish","4":"format-standard","5":"has-post-thumbnail","7":"category-outros"},"yoast_head":"<!-- This site is optimized with the Yoast SEO Premium plugin v24.5 (Yoast SEO v27.5) - https:\/\/yoast.com\/product\/yoast-seo-premium-wordpress\/ -->\n<title>Mais 6 casos de coronav\u00edrus confirmados no Distrito Federal . Agora s\u00e3o 14 pessoas confirmadas com o v\u00edrus . - P31<\/title>\n<meta name=\"description\" content=\"Mais seis casos do novo coronav\u00edrus foram confirmados hoje pela Secretaria de Sa\u00fade do DF. Todos s\u00e3o procedentes de viagens internacionais. Quatro vieram da Europa e dois dos Estados Unidos.\" \/>\n<meta name=\"robots\" content=\"index, follow, max-snippet:-1, max-image-preview:large, max-video-preview:-1\" \/>\n<link rel=\"canonical\" href=\"https:\/\/www.p31noticias.com.br\/?p=19149\" \/>\n<meta property=\"og:locale\" content=\"pt_BR\" \/>\n<meta property=\"og:type\" content=\"article\" \/>\n<meta property=\"og:title\" content=\"Mais 6 casos de coronav\u00edrus confirmados no Distrito Federal . Agora s\u00e3o 14 pessoas confirmadas com o v\u00edrus .\" \/>\n<meta property=\"og:description\" content=\"Mais seis casos do novo coronav\u00edrus foram confirmados hoje pela Secretaria de Sa\u00fade do DF. Todos s\u00e3o procedentes de viagens internacionais. Quatro vieram da Europa e dois dos Estados Unidos.\" \/>\n<meta property=\"og:url\" content=\"https:\/\/www.p31noticias.com.br\/?p=19149\" \/>\n<meta property=\"og:site_name\" content=\"P31\" \/>\n<meta property=\"article:published_time\" content=\"2020-03-15T20:49:39+00:00\" \/>\n<meta property=\"og:image\" content=\"https:\/\/www.p31noticias.com.br\/wp-content\/uploads\/2020\/03\/images-1.jpeg\" \/>\n\t<meta property=\"og:image:width\" content=\"739\" \/>\n\t<meta property=\"og:image:height\" content=\"415\" \/>\n\t<meta property=\"og:image:type\" content=\"image\/jpeg\" \/>\n<meta name=\"author\" content=\"Reda\u00e7\u00e3o JBN\" \/>\n<meta name=\"twitter:card\" content=\"summary_large_image\" \/>\n<meta name=\"twitter:label1\" content=\"Escrito por\" \/>\n\t<meta name=\"twitter:data1\" content=\"Reda\u00e7\u00e3o JBN\" \/>\n\t<meta name=\"twitter:label2\" content=\"Est. tempo de leitura\" \/>\n\t<meta name=\"twitter:data2\" content=\"1 minuto\" \/>\n<script type=\"application\/ld+json\" class=\"yoast-schema-graph\">{\"@context\":\"https:\\\/\\\/schema.org\",\"@graph\":[{\"@type\":\"Article\",\"@id\":\"https:\\\/\\\/www.p31noticias.com.br\\\/?p=19149#article\",\"isPartOf\":{\"@id\":\"https:\\\/\\\/www.p31noticias.com.br\\\/?p=19149\"},\"author\":{\"name\":\"Reda\u00e7\u00e3o JBN\",\"@id\":\"https:\\\/\\\/www.p31noticias.com.br\\\/#\\\/schema\\\/person\\\/77d6b186c710ac38937c6ec204fdd387\"},\"headline\":\"Mais 6 casos de coronav\u00edrus confirmados no Distrito Federal . Agora s\u00e3o 14 pessoas confirmadas com o v\u00edrus .\",\"datePublished\":\"2020-03-15T20:49:39+00:00\",\"mainEntityOfPage\":{\"@id\":\"https:\\\/\\\/www.p31noticias.com.br\\\/?p=19149\"},\"wordCount\":158,\"commentCount\":0,\"image\":{\"@id\":\"https:\\\/\\\/www.p31noticias.com.br\\\/?p=19149#primaryimage\"},\"thumbnailUrl\":\"https:\\\/\\\/www.p31noticias.com.br\\\/wp-content\\\/uploads\\\/2020\\\/03\\\/images-1.jpeg\",\"articleSection\":[\"Outros\"],\"inLanguage\":\"pt-BR\",\"potentialAction\":[{\"@type\":\"CommentAction\",\"name\":\"Comment\",\"target\":[\"https:\\\/\\\/www.p31noticias.com.br\\\/?p=19149#respond\"]}],\"copyrightYear\":\"2020\",\"copyrightHolder\":{\"@id\":\"https:\\\/\\\/www.p31noticias.com.br\\\/#organization\"}},{\"@type\":\"WebPage\",\"@id\":\"https:\\\/\\\/www.p31noticias.com.br\\\/?p=19149\",\"url\":\"https:\\\/\\\/www.p31noticias.com.br\\\/?p=19149\",\"name\":\"Mais 6 casos de coronav\u00edrus confirmados no Distrito Federal . Agora s\u00e3o 14 pessoas confirmadas com o v\u00edrus . - P31\",\"isPartOf\":{\"@id\":\"https:\\\/\\\/www.p31noticias.com.br\\\/#website\"},\"primaryImageOfPage\":{\"@id\":\"https:\\\/\\\/www.p31noticias.com.br\\\/?p=19149#primaryimage\"},\"image\":{\"@id\":\"https:\\\/\\\/www.p31noticias.com.br\\\/?p=19149#primaryimage\"},\"thumbnailUrl\":\"https:\\\/\\\/www.p31noticias.com.br\\\/wp-content\\\/uploads\\\/2020\\\/03\\\/images-1.jpeg\",\"datePublished\":\"2020-03-15T20:49:39+00:00\",\"author\":{\"@id\":\"https:\\\/\\\/www.p31noticias.com.br\\\/#\\\/schema\\\/person\\\/77d6b186c710ac38937c6ec204fdd387\"},\"description\":\"Mais seis casos do novo coronav\u00edrus foram confirmados hoje pela Secretaria de Sa\u00fade do DF. Todos s\u00e3o procedentes de viagens internacionais. Quatro vieram da Europa e dois dos Estados Unidos.\",\"breadcrumb\":{\"@id\":\"https:\\\/\\\/www.p31noticias.com.br\\\/?p=19149#breadcrumb\"},\"inLanguage\":\"pt-BR\",\"potentialAction\":[{\"@type\":\"ReadAction\",\"target\":[\"https:\\\/\\\/www.p31noticias.com.br\\\/?p=19149\"]}]},{\"@type\":\"ImageObject\",\"inLanguage\":\"pt-BR\",\"@id\":\"https:\\\/\\\/www.p31noticias.com.br\\\/?p=19149#primaryimage\",\"url\":\"https:\\\/\\\/www.p31noticias.com.br\\\/wp-content\\\/uploads\\\/2020\\\/03\\\/images-1.jpeg\",\"contentUrl\":\"https:\\\/\\\/www.p31noticias.com.br\\\/wp-content\\\/uploads\\\/2020\\\/03\\\/images-1.jpeg\",\"width\":739,\"height\":415},{\"@type\":\"BreadcrumbList\",\"@id\":\"https:\\\/\\\/www.p31noticias.com.br\\\/?p=19149#breadcrumb\",\"itemListElement\":[{\"@type\":\"ListItem\",\"position\":1,\"name\":\"In\u00edcio\",\"item\":\"https:\\\/\\\/www.p31noticias.com.br\\\/\"},{\"@type\":\"ListItem\",\"position\":2,\"name\":\"Mais 6 casos de coronav\u00edrus confirmados no Distrito Federal . Agora s\u00e3o 14 pessoas confirmadas com o v\u00edrus .\"}]},{\"@type\":\"WebSite\",\"@id\":\"https:\\\/\\\/www.p31noticias.com.br\\\/#website\",\"url\":\"https:\\\/\\\/www.p31noticias.com.br\\\/\",\"name\":\"P31\",\"description\":\"NOT\u00cdCIAS\",\"potentialAction\":[{\"@type\":\"SearchAction\",\"target\":{\"@type\":\"EntryPoint\",\"urlTemplate\":\"https:\\\/\\\/www.p31noticias.com.br\\\/?s={search_term_string}\"},\"query-input\":{\"@type\":\"PropertyValueSpecification\",\"valueRequired\":true,\"valueName\":\"search_term_string\"}}],\"inLanguage\":\"pt-BR\"},{\"@type\":\"Person\",\"@id\":\"https:\\\/\\\/www.p31noticias.com.br\\\/#\\\/schema\\\/person\\\/77d6b186c710ac38937c6ec204fdd387\",\"name\":\"Reda\u00e7\u00e3o JBN\",\"image\":{\"@type\":\"ImageObject\",\"inLanguage\":\"pt-BR\",\"@id\":\"https:\\\/\\\/secure.gravatar.com\\\/avatar\\\/10fcdb93211f98cce3d64c0795b0915a9a4a21dc0f279238995a3dbfafcad090?s=96&d=mm&r=g\",\"url\":\"https:\\\/\\\/secure.gravatar.com\\\/avatar\\\/10fcdb93211f98cce3d64c0795b0915a9a4a21dc0f279238995a3dbfafcad090?s=96&d=mm&r=g\",\"contentUrl\":\"https:\\\/\\\/secure.gravatar.com\\\/avatar\\\/10fcdb93211f98cce3d64c0795b0915a9a4a21dc0f279238995a3dbfafcad090?s=96&d=mm&r=g\",\"caption\":\"Reda\u00e7\u00e3o JBN\"},\"sameAs\":[\"https:\\\/\\\/p31noticias.com.br\"],\"url\":\"https:\\\/\\\/www.p31noticias.com.br\\\/?author=18\"}]}<\/script>\n<!-- \/ Yoast SEO Premium plugin. -->","yoast_head_json":{"title":"Mais 6 casos de coronav\u00edrus confirmados no Distrito Federal . Agora s\u00e3o 14 pessoas confirmadas com o v\u00edrus . - P31","description":"Mais seis casos do novo coronav\u00edrus foram confirmados hoje pela Secretaria de Sa\u00fade do DF. Todos s\u00e3o procedentes de viagens internacionais. Quatro vieram da Europa e dois dos Estados Unidos.","robots":{"index":"index","follow":"follow","max-snippet":"max-snippet:-1","max-image-preview":"max-image-preview:large","max-video-preview":"max-video-preview:-1"},"canonical":"https:\/\/www.p31noticias.com.br\/?p=19149","og_locale":"pt_BR","og_type":"article","og_title":"Mais 6 casos de coronav\u00edrus confirmados no Distrito Federal . Agora s\u00e3o 14 pessoas confirmadas com o v\u00edrus .","og_description":"Mais seis casos do novo coronav\u00edrus foram confirmados hoje pela Secretaria de Sa\u00fade do DF. Todos s\u00e3o procedentes de viagens internacionais. Quatro vieram da Europa e dois dos Estados Unidos.","og_url":"https:\/\/www.p31noticias.com.br\/?p=19149","og_site_name":"P31","article_published_time":"2020-03-15T20:49:39+00:00","og_image":[{"width":739,"height":415,"url":"https:\/\/www.p31noticias.com.br\/wp-content\/uploads\/2020\/03\/images-1.jpeg","type":"image\/jpeg"}],"author":"Reda\u00e7\u00e3o JBN","twitter_card":"summary_large_image","twitter_misc":{"Escrito por":"Reda\u00e7\u00e3o JBN","Est. tempo de leitura":"1 minuto"},"schema":{"@context":"https:\/\/schema.org","@graph":[{"@type":"Article","@id":"https:\/\/www.p31noticias.com.br\/?p=19149#article","isPartOf":{"@id":"https:\/\/www.p31noticias.com.br\/?p=19149"},"author":{"name":"Reda\u00e7\u00e3o JBN","@id":"https:\/\/www.p31noticias.com.br\/#\/schema\/person\/77d6b186c710ac38937c6ec204fdd387"},"headline":"Mais 6 casos de coronav\u00edrus confirmados no Distrito Federal . Agora s\u00e3o 14 pessoas confirmadas com o v\u00edrus .","datePublished":"2020-03-15T20:49:39+00:00","mainEntityOfPage":{"@id":"https:\/\/www.p31noticias.com.br\/?p=19149"},"wordCount":158,"commentCount":0,"image":{"@id":"https:\/\/www.p31noticias.com.br\/?p=19149#primaryimage"},"thumbnailUrl":"https:\/\/www.p31noticias.com.br\/wp-content\/uploads\/2020\/03\/images-1.jpeg","articleSection":["Outros"],"inLanguage":"pt-BR","potentialAction":[{"@type":"CommentAction","name":"Comment","target":["https:\/\/www.p31noticias.com.br\/?p=19149#respond"]}],"copyrightYear":"2020","copyrightHolder":{"@id":"https:\/\/www.p31noticias.com.br\/#organization"}},{"@type":"WebPage","@id":"https:\/\/www.p31noticias.com.br\/?p=19149","url":"https:\/\/www.p31noticias.com.br\/?p=19149","name":"Mais 6 casos de coronav\u00edrus confirmados no Distrito Federal . Agora s\u00e3o 14 pessoas confirmadas com o v\u00edrus . - P31","isPartOf":{"@id":"https:\/\/www.p31noticias.com.br\/#website"},"primaryImageOfPage":{"@id":"https:\/\/www.p31noticias.com.br\/?p=19149#primaryimage"},"image":{"@id":"https:\/\/www.p31noticias.com.br\/?p=19149#primaryimage"},"thumbnailUrl":"https:\/\/www.p31noticias.com.br\/wp-content\/uploads\/2020\/03\/images-1.jpeg","datePublished":"2020-03-15T20:49:39+00:00","author":{"@id":"https:\/\/www.p31noticias.com.br\/#\/schema\/person\/77d6b186c710ac38937c6ec204fdd387"},"description":"Mais seis casos do novo coronav\u00edrus foram confirmados hoje pela Secretaria de Sa\u00fade do DF. Todos s\u00e3o procedentes de viagens internacionais. Quatro vieram da Europa e dois dos Estados Unidos.","breadcrumb":{"@id":"https:\/\/www.p31noticias.com.br\/?p=19149#breadcrumb"},"inLanguage":"pt-BR","potentialAction":[{"@type":"ReadAction","target":["https:\/\/www.p31noticias.com.br\/?p=19149"]}]},{"@type":"ImageObject","inLanguage":"pt-BR","@id":"https:\/\/www.p31noticias.com.br\/?p=19149#primaryimage","url":"https:\/\/www.p31noticias.com.br\/wp-content\/uploads\/2020\/03\/images-1.jpeg","contentUrl":"https:\/\/www.p31noticias.com.br\/wp-content\/uploads\/2020\/03\/images-1.jpeg","width":739,"height":415},{"@type":"BreadcrumbList","@id":"https:\/\/www.p31noticias.com.br\/?p=19149#breadcrumb","itemListElement":[{"@type":"ListItem","position":1,"name":"In\u00edcio","item":"https:\/\/www.p31noticias.com.br\/"},{"@type":"ListItem","position":2,"name":"Mais 6 casos de coronav\u00edrus confirmados no Distrito Federal . Agora s\u00e3o 14 pessoas confirmadas com o v\u00edrus ."}]},{"@type":"WebSite","@id":"https:\/\/www.p31noticias.com.br\/#website","url":"https:\/\/www.p31noticias.com.br\/","name":"P31","description":"NOT\u00cdCIAS","potentialAction":[{"@type":"SearchAction","target":{"@type":"EntryPoint","urlTemplate":"https:\/\/www.p31noticias.com.br\/?s={search_term_string}"},"query-input":{"@type":"PropertyValueSpecification","valueRequired":true,"valueName":"search_term_string"}}],"inLanguage":"pt-BR"},{"@type":"Person","@id":"https:\/\/www.p31noticias.com.br\/#\/schema\/person\/77d6b186c710ac38937c6ec204fdd387","name":"Reda\u00e7\u00e3o JBN","image":{"@type":"ImageObject","inLanguage":"pt-BR","@id":"https:\/\/secure.gravatar.com\/avatar\/10fcdb93211f98cce3d64c0795b0915a9a4a21dc0f279238995a3dbfafcad090?s=96&d=mm&r=g","url":"https:\/\/secure.gravatar.com\/avatar\/10fcdb93211f98cce3d64c0795b0915a9a4a21dc0f279238995a3dbfafcad090?s=96&d=mm&r=g","contentUrl":"https:\/\/secure.gravatar.com\/avatar\/10fcdb93211f98cce3d64c0795b0915a9a4a21dc0f279238995a3dbfafcad090?s=96&d=mm&r=g","caption":"Reda\u00e7\u00e3o JBN"},"sameAs":["https:\/\/p31noticias.com.br"],"url":"https:\/\/www.p31noticias.com.br\/?author=18"}]}},"amp_enabled":true,"_links":{"self":[{"href":"https:\/\/www.p31noticias.com.br\/index.php?rest_route=\/wp\/v2\/posts\/19149","targetHints":{"allow":["GET"]}}],"collection":[{"href":"https:\/\/www.p31noticias.com.br\/index.php?rest_route=\/wp\/v2\/posts"}],"about":[{"href":"https:\/\/www.p31noticias.com.br\/index.php?rest_route=\/wp\/v2\/types\/post"}],"author":[{"embeddable":true,"href":"https:\/\/www.p31noticias.com.br\/index.php?rest_route=\/wp\/v2\/users\/18"}],"replies":[{"embeddable":true,"href":"https:\/\/www.p31noticias.com.br\/index.php?rest_route=%2Fwp%2Fv2%2Fcomments&post=19149"}],"version-history":[{"count":0,"href":"https:\/\/www.p31noticias.com.br\/index.php?rest_route=\/wp\/v2\/posts\/19149\/revisions"}],"wp:featuredmedia":[{"embeddable":true,"href":"https:\/\/www.p31noticias.com.br\/index.php?rest_route=\/wp\/v2\/media\/19148"}],"wp:attachment":[{"href":"https:\/\/www.p31noticias.com.br\/index.php?rest_route=%2Fwp%2Fv2%2Fmedia&parent=19149"}],"wp:term":[{"taxonomy":"category","embeddable":true,"href":"https:\/\/www.p31noticias.com.br\/index.php?rest_route=%2Fwp%2Fv2%2Fcategories&post=19149"},{"taxonomy":"post_tag","embeddable":true,"href":"https:\/\/www.p31noticias.com.br\/index.php?rest_route=%2Fwp%2Fv2%2Ftags&post=19149"}],"curies":[{"name":"wp","href":"https:\/\/api.w.org\/{rel}","templated":true}]}}