{"id":19144,"date":"2020-03-14T17:21:38","date_gmt":"2020-03-14T20:21:38","guid":{"rendered":"https:\/\/www.delioandrade.com.br\/?p=19144"},"modified":"2020-03-14T17:21:38","modified_gmt":"2020-03-14T20:21:38","slug":"governador-ibaneis-antecipa-ferias-nas-escolares-e-prorroga-decreto-contra-coronavirus-no-df","status":"publish","type":"post","link":"https:\/\/www.p31noticias.com.br\/?p=19144","title":{"rendered":"Governador Ibaneis antecipa f\u00e9rias nas escolares e prorroga decreto contra coronav\u00edrus no DF"},"content":{"rendered":"<div class=\"mc-column content-text active-extra-styles \" data-block-type=\"unstyled\" data-block-weight=\"45\" data-block-id=\"2\">\n<p class=\"content-text__container \" data-track-category=\"Link no Texto\" data-track-links=\"\">O governador\u00a0Ibaneis Rocha\u00a0(MDB) prorrogou por mais 15 dias o decreto que estabelece medidas para evitar a transmiss\u00e3o do novo coronav\u00edrus (<strong>leia \u00edntegra abaixo<\/strong>). A norma entra em vigor na pr\u00f3xima segunda-feira (16) e\u00a0revoga o documento publicado no \u00faltimo dia 11 de mar\u00e7o.<\/p>\n<\/div>\n<div class=\"wall protected-content\">\n<div class=\"mc-column content-text active-extra-styles \" data-block-type=\"unstyled\" data-block-weight=\"33\" data-block-id=\"4\">\n<p class=\"content-text__container \" data-track-category=\"Link no Texto\" data-track-links=\"\">O novo texto determina a suspens\u00e3o das aulas nas redes p\u00fablica e privada de ensino do Distrito Federal. Segundo a\u00a0<a href=\"http:\/\/www.se.df.gov.br\/recesso-de-julho-e-antecipado\/\" target=\"_blank\" rel=\"noopener noreferrer\">Secretaria de Educa\u00e7\u00e3o<\/a>, as atividades dever\u00e3o ser retomadas no dia 30 de mar\u00e7o.<\/p>\n<\/div>\n<div class=\"mc-column content-text active-extra-styles\" data-block-type=\"raw\" data-block-weight=\"29\" data-block-id=\"5\">\n<blockquote class=\"content-blockquote theme-border-color-primary-before\"><p>&#8220;O recesso\/f\u00e9rias escolares ter\u00e1 dura\u00e7\u00e3o m\u00e1xima de 15 dias corridos, independente do quantitativo de dias de recesso constante no calend\u00e1rio escolar da unidade de ensino&#8221;, diz trecho do decreto.<\/p><\/blockquote>\n<\/div>\n<div class=\"mc-column content-text active-extra-styles \" data-block-type=\"unstyled\" data-block-weight=\"49\" data-block-id=\"6\">\n<p class=\"content-text__container \" data-track-category=\"Link no Texto\" data-track-links=\"\">A medida tamb\u00e9m antecipa as f\u00e9rias escolares para os col\u00e9gios p\u00fablicos \u2013 antes previstas para o per\u00edodo de 8 a 22 de julho. Em rela\u00e7\u00e3o \u00e0s escolas privadas, cada unidade poder\u00e1 adotar o pr\u00f3prio calend\u00e1rio e optar por adiantar o recesso ou repor as aulas durante o ano letivo.<\/p>\n<\/div>\n<div class=\"mc-column content-text active-extra-styles\" data-block-type=\"raw\" data-block-weight=\"2\" data-block-id=\"7\">\n<div class=\"content-intertitle\">\n<h2>Aulas suspensas<\/h2>\n<\/div>\n<\/div>\n<div class=\"mc-column content-text active-extra-styles \" data-block-type=\"unstyled\" data-block-weight=\"39\" data-block-id=\"8\">\n<p class=\"content-text__container \" data-track-category=\"Link no Texto\" data-track-links=\"\">Na quarta-feira (11), o governador havia decretado a\u00a0suspens\u00e3o das aulas na rede p\u00fablica e privada por cinco dias, al\u00e9m de eventos que exigissem licen\u00e7a do GDF. O prazo terminaria nesta segunda (16). Veja outras medidas adotadas pelo governo:<\/p>\n<\/div>\n<div class=\"content-ads content-ads--reveal\" data-block-type=\"ads\" data-block-id=\"9\"><\/div>\n<div class=\"mc-column content-text active-extra-styles\" data-block-type=\"raw\" data-block-weight=\"32\" data-block-id=\"10\">\n<ul class=\"content-unordered-list\">\n<li>Eventos, de qualquer natureza, que exijam licen\u00e7a do poder p\u00fablico, com p\u00fablico superior a 100 pessoas;<\/li>\n<li>Atividades educacionais em todas as escolas, universidades e faculdades, das redes de ensino p\u00fablica e privada.<\/li>\n<\/ul>\n<\/div>\n<div class=\"mc-column content-text active-extra-styles \" data-block-type=\"unstyled\" data-block-weight=\"38\" data-block-id=\"11\">\n<p class=\"content-text__container \" data-track-category=\"Link no Texto\" data-track-links=\"\">Em outro decreto, publicado na sexta-feira (13), o chefe do Executivo\u00a0determinou a\u00e7\u00f5es como a cria\u00e7\u00e3o de um grupo de enfrentamento \u00e0 doen\u00e7a, a contrata\u00e7\u00e3o tempor\u00e1ria de m\u00e9dicos e enfermeiros e a realiza\u00e7\u00e3o de exames compuls\u00f3rios em pacientes.<\/p>\n<\/div>\n<div class=\"mc-column content-text active-extra-styles \" data-block-type=\"unstyled\" data-block-weight=\"43\" data-block-id=\"12\">\n<p class=\"content-text__container \" data-track-category=\"Link no Texto\" data-track-links=\"\">Ainda de acordo com o texto, a Secretaria de Sa\u00fade do DF passa a ter poder para atuar em conjunto com a Secretaria de Seguran\u00e7a P\u00fablica e tomar medidas como isolamento, quarentena e determina\u00e7\u00e3o de realiza\u00e7\u00e3o compuls\u00f3ria de exames m\u00e9dicos e testes laboratoriais.<\/p>\n<\/div>\n<div class=\"mc-column content-text active-extra-styles\" data-block-type=\"raw\" data-block-weight=\"3\" data-block-id=\"13\">\n<div class=\"content-intertitle\">\n<h2>Coronav\u00edrus no DF<\/h2>\n<\/div>\n<\/div>\n<div class=\"row medium-uncollapsed content-media content-photo\" data-block-type=\"backstage-photo\" data-block-id=\"14\">\n<div class=\"mc-column content-media__container\">\n<div class=\"progressive-img can-open-lightbox\" data-min-size=\"1008x567\" data-min-size-url=\"https:\/\/s2.glbimg.com\/PnOtLscI6wWArwgrxLFc2sN9S2E=\/0x0:1920x1080\/1008x0\/smart\/filters:strip_icc()\/i.s3.glbimg.com\/v1\/AUTH_59edd422c0c84a879bd37670ae4f538a\/internal_photos\/bs\/2020\/Q\/M\/whKatTQeiwTncgOblC8w\/paciente-cororona3.jpeg\" data-max-size=\"1600x900\" data-max-size-url=\"https:\/\/s2.glbimg.com\/F2Wes2-833g1k9ST2gPUGqr_C1o=\/0x0:1920x1080\/1600x0\/smart\/filters:strip_icc()\/i.s3.glbimg.com\/v1\/AUTH_59edd422c0c84a879bd37670ae4f538a\/internal_photos\/bs\/2020\/Q\/M\/whKatTQeiwTncgOblC8w\/paciente-cororona3.jpeg\" data-media-index=\"1\">\n<div class=\"placeholder-container\"><\/div>\n<picture><img decoding=\"async\" class=\"image content-media__image progressive-loaded\" title=\"Mulher que testou positivo para coronav\u00edrus no DF chega ao Hospital da Asa Norte (HRAN), no DF \u2014 Foto: TV Globo\/Reprodu\u00e7\u00e3o \" src=\"https:\/\/s2.glbimg.com\/UtvH0GAoFcYTQS-cCKITBw891Tc=\/0x0:1920x1080\/984x0\/smart\/filters:strip_icc()\/i.s3.glbimg.com\/v1\/AUTH_59edd422c0c84a879bd37670ae4f538a\/internal_photos\/bs\/2020\/Q\/M\/whKatTQeiwTncgOblC8w\/paciente-cororona3.jpeg\" alt=\"Mulher que testou positivo para coronav\u00edrus no DF chega ao Hospital da Asa Norte (HRAN), no DF \u2014 Foto: TV Globo\/Reprodu\u00e7\u00e3o \" data-src=\"https:\/\/s2.glbimg.com\/UtvH0GAoFcYTQS-cCKITBw891Tc=\/0x0:1920x1080\/984x0\/smart\/filters:strip_icc()\/i.s3.glbimg.com\/v1\/AUTH_59edd422c0c84a879bd37670ae4f538a\/internal_photos\/bs\/2020\/Q\/M\/whKatTQeiwTncgOblC8w\/paciente-cororona3.jpeg\" \/><\/picture>\n<\/div>\n<p class=\"content-media__description \">Mulher que testou positivo para coronav\u00edrus no DF chega ao Hospital da Asa Norte (HRAN), no DF \u2014 Foto: TV Globo\/Reprodu\u00e7\u00e3o<\/p>\n<\/div>\n<\/div>\n<div class=\"mc-column content-text active-extra-styles \" data-block-type=\"unstyled\" data-block-weight=\"40\" data-block-id=\"15\">\n<p class=\"content-text__container \" data-track-category=\"Link no Texto\" data-track-links=\"\">At\u00e9 o final da manh\u00e3 deste s\u00e1bado (14), o DF tinha dois casos confirmados de Covid-19, segundo a Secretaria de Sa\u00fade e o Minist\u00e9rio da Sa\u00fade. O governador, no entanto, disse \u00e0 TV Globo que j\u00e1 s\u00e3o cinco casos confirmados.<\/p>\n<\/div>\n<div class=\"mc-column content-text active-extra-styles \" data-block-type=\"unstyled\" data-block-weight=\"29\" data-block-id=\"16\">\n<p class=\"content-text__container \" data-track-category=\"Link no Texto\" data-track-links=\"\">A\u00a0<a href=\"https:\/\/g1.globo.com\/df\/distrito-federal\/noticia\/2020\/03\/07\/ministerio-da-saude-confirma-primeiro-caso-de-coronavirus-no-distrito-federal.ghtml\">primeira paciente infectada pelo coronav\u00edrus no Distrito Federal\u00a0<\/a>continua em estado grave. Ela est\u00e1 internada no Hospital Regional da Asa Norte (Hran), refer\u00eancia para o atendimento \u00e0 pandemia.<\/p>\n<\/div>\n<div class=\"mc-column content-text active-extra-styles \" data-block-type=\"unstyled\" data-block-weight=\"19\" data-block-id=\"17\">\n<p class=\"content-text__container \" data-track-category=\"Link no Texto\" data-track-links=\"\">Conforme boletim da Secretaria de Sa\u00fade divulgado neste s\u00e1bado, a mulher apresenta &#8220;s\u00edndrome respirat\u00f3ria aguda severa&#8221; e permanece sedada.<\/p>\n<\/div>\n<div class=\"content-ads content-ads--reveal\" data-block-type=\"ads\" data-block-id=\"18\"><\/div>\n<div class=\"mc-column content-text active-extra-styles \" data-block-type=\"unstyled\" data-block-weight=\"26\" data-block-id=\"19\">\n<p class=\"content-text__container \" data-track-category=\"Link no Texto\" data-track-links=\"\">A\u00a0paciente teve agravamento dos sintomas do novo coronav\u00edrus\u00a0por causa do quadro cl\u00ednico anterior. Segundo os m\u00e9dicos, ela tem outras doen\u00e7as que complicaram o caso.<\/p>\n<\/div>\n<div class=\"mc-column content-text active-extra-styles \" data-block-type=\"unstyled\" data-block-weight=\"24\" data-block-id=\"20\">\n<p class=\"content-text__container \" data-track-category=\"Link no Texto\" data-track-links=\"\">O\u00a0marido da paciente, que tamb\u00e9m apresenta a doen\u00e7a, est\u00e1 em isolamento, em casa.O casal viajou ao Reino Unido e \u00e0 Su\u00ed\u00e7a, em fevereiro.<\/p>\n<\/div>\n<div class=\"mc-column content-text active-extra-styles \" data-block-type=\"unstyled\" data-block-weight=\"4\" data-block-id=\"21\">\n<p class=\"content-text__container \" data-track-category=\"Link no Texto\" data-track-links=\"\"><strong>Leia \u00edntegra do decreto:<\/strong><\/p>\n<\/div>\n<div class=\"row medium-uncollapsed content-media content-photo\" data-block-type=\"backstage-photo\" data-block-id=\"22\">\n<div class=\"mc-column content-media__container\">\n<div class=\"progressive-img can-open-lightbox\" data-min-size=\"1008x708\" data-min-size-url=\"https:\/\/s2.glbimg.com\/vnMaDMUjH9kDvoP--4cFpVrpur0=\/0x0:659x463\/1008x0\/smart\/filters:strip_icc()\/i.s3.glbimg.com\/v1\/AUTH_59edd422c0c84a879bd37670ae4f538a\/internal_photos\/bs\/2020\/W\/A\/2c6McpS6Wx3DkK9pUI8g\/decreto.jpg\" data-max-size=\"1600x1124\" data-max-size-url=\"https:\/\/s2.glbimg.com\/x1AVPisF7K0OAJUct4HqsIIiuHA=\/0x0:659x463\/1600x0\/smart\/filters:strip_icc()\/i.s3.glbimg.com\/v1\/AUTH_59edd422c0c84a879bd37670ae4f538a\/internal_photos\/bs\/2020\/W\/A\/2c6McpS6Wx3DkK9pUI8g\/decreto.jpg\" data-media-index=\"2\">\n<div class=\"placeholder-container\"><\/div>\n<p><img decoding=\"async\" class=\"progressive-draft\" title=\"Trecho do decreto que prev\u00ea novas medidas contra o coronav\u00edrus \u2014 Foto: DODF\/Reprodu\u00e7\u00e3o\" src=\"data:image\/jpeg;base64,\/9j\/4AAQSkZJRgABAQAAAQABAAD\/2wBDAAMCAgMCAgMDAwMEAwMEBQgFBQQEBQoHBwYIDAoMDAsKCwsNDhIQDQ4RDgsLEBYQERMUFRUVDA8XGBYUGBIUFRT\/2wBDAQMEBAUEBQkFBQkUDQsNFBQUFBQUFBQUFBQUFBQUFBQUFBQUFBQUFBQUFBQUFBQUFBQUFBQUFBQUFBQUFBQUFBT\/wgARCAASABkDASIAAhEBAxEB\/8QAGgAAAgIDAAAAAAAAAAAAAAAAAAUBAwIECP\/EABUBAQEAAAAAAAAAAAAAAAAAAAEA\/9oADAMBAAIQAxAAAAHp5fTYDKdK9VrkCMgb\/8QAHBAAAgMBAAMAAAAAAAAAAAAAAAIBAxIEERQh\/9oACAEBAAEFAp6qhuh5vjpTx7NRsVxZY2xR9swphTMH\/8QAFBEBAAAAAAAAAAAAAAAAAAAAIP\/aAAgBAwEBPwEf\/8QAFBEBAAAAAAAAAAAAAAAAAAAAIP\/aAAgBAgEBPwEf\/8QAIhAAAgEDAwUBAAAAAAAAAAAAAAECERIyAzGCEyEiQZLi\/9oACAEBAAY\/As1UhKOpp9NJ3Rrud5KpmevofnbyM7uTP0yJijFGx\/\/EACIQAQACAQMDBQAAAAAAAAAAAAEAEWEhMZFBwfBRcYHR4f\/aAAgBAQABPyEWh6YuF8iWlTVN1pXePFHqBuYkVh8fqMOhTnwRew8HQmA8cQU3UvZ9o1diP4EwOJ\/\/2gAMAwEAAgADAAAAEC6IoP\/EABYRAQEBAAAAAAAAAAAAAAAAAAERIP\/aAAgBAwEBPxBLj\/\/EABYRAQEBAAAAAAAAAAAAAAAAAAEQIf\/aAAgBAgEBPxB2E\/\/EACIQAQACAQMDBQAAAAAAAAAAAAEAESExQXEQUfGBkbHR4f\/aAAgBAQABPxCwRpaVv1qLw7uHgOwcU3DVWsgDhov2niX6llt2Ke\/nSdmkUPii6oeiDg56IsAYuWQeE5J7Z+Jzw6f\/2Q==\" alt=\"Trecho do decreto que prev\u00ea novas medidas contra o coronav\u00edrus \u2014 Foto: DODF\/Reprodu\u00e7\u00e3o\" \/><picture><source srcset=\"https:\/\/s2.glbimg.com\/xq_Yqa6ZaTuC-Rsh4n2mBGvV_Qc=\/0x0:659x463\/600x0\/smart\/filters:strip_icc()\/i.s3.glbimg.com\/v1\/AUTH_59edd422c0c84a879bd37670ae4f538a\/internal_photos\/bs\/2020\/W\/A\/2c6McpS6Wx3DkK9pUI8g\/decreto.jpg 1x, https:\/\/s2.glbimg.com\/pfWT4EJ9_3yakXQTxXSWM9Woi-8=\/0x0:659x463\/1200x0\/smart\/filters:strip_icc()\/i.s3.glbimg.com\/v1\/AUTH_59edd422c0c84a879bd37670ae4f538a\/internal_photos\/bs\/2020\/W\/A\/2c6McpS6Wx3DkK9pUI8g\/decreto.jpg 2x\" media=\"(max-width: 1024px)\" data-src=\"https:\/\/s2.glbimg.com\/xq_Yqa6ZaTuC-Rsh4n2mBGvV_Qc=\/0x0:659x463\/600x0\/smart\/filters:strip_icc()\/i.s3.glbimg.com\/v1\/AUTH_59edd422c0c84a879bd37670ae4f538a\/internal_photos\/bs\/2020\/W\/A\/2c6McpS6Wx3DkK9pUI8g\/decreto.jpg 1x, https:\/\/s2.glbimg.com\/pfWT4EJ9_3yakXQTxXSWM9Woi-8=\/0x0:659x463\/1200x0\/smart\/filters:strip_icc()\/i.s3.glbimg.com\/v1\/AUTH_59edd422c0c84a879bd37670ae4f538a\/internal_photos\/bs\/2020\/W\/A\/2c6McpS6Wx3DkK9pUI8g\/decreto.jpg 2x\" \/><source srcset=\"https:\/\/s2.glbimg.com\/DcTZi1ckYSKjL2ZlWyv8qhq3YtY=\/0x0:659x463\/640x0\/smart\/filters:strip_icc()\/i.s3.glbimg.com\/v1\/AUTH_59edd422c0c84a879bd37670ae4f538a\/internal_photos\/bs\/2020\/W\/A\/2c6McpS6Wx3DkK9pUI8g\/decreto.jpg 1x, https:\/\/s2.glbimg.com\/8l9Z3Hzvs481OpL0a_hUrUb4rf4=\/0x0:659x463\/1280x0\/smart\/filters:strip_icc()\/i.s3.glbimg.com\/v1\/AUTH_59edd422c0c84a879bd37670ae4f538a\/internal_photos\/bs\/2020\/W\/A\/2c6McpS6Wx3DkK9pUI8g\/decreto.jpg 2x\" media=\"(max-width: 1280px)\" data-src=\"https:\/\/s2.glbimg.com\/DcTZi1ckYSKjL2ZlWyv8qhq3YtY=\/0x0:659x463\/640x0\/smart\/filters:strip_icc()\/i.s3.glbimg.com\/v1\/AUTH_59edd422c0c84a879bd37670ae4f538a\/internal_photos\/bs\/2020\/W\/A\/2c6McpS6Wx3DkK9pUI8g\/decreto.jpg 1x, https:\/\/s2.glbimg.com\/8l9Z3Hzvs481OpL0a_hUrUb4rf4=\/0x0:659x463\/1280x0\/smart\/filters:strip_icc()\/i.s3.glbimg.com\/v1\/AUTH_59edd422c0c84a879bd37670ae4f538a\/internal_photos\/bs\/2020\/W\/A\/2c6McpS6Wx3DkK9pUI8g\/decreto.jpg 2x\" \/><source srcset=\"https:\/\/s2.glbimg.com\/C9vIbz-8Xj6kAqfUrIL1-N8f3Co=\/0x0:659x463\/984x0\/smart\/filters:strip_icc()\/i.s3.glbimg.com\/v1\/AUTH_59edd422c0c84a879bd37670ae4f538a\/internal_photos\/bs\/2020\/W\/A\/2c6McpS6Wx3DkK9pUI8g\/decreto.jpg 1x, https:\/\/s2.glbimg.com\/lOcq-CAlyFH_4iZH5AGTjPW6DaE=\/0x0:659x463\/1968x0\/smart\/filters:strip_icc()\/i.s3.glbimg.com\/v1\/AUTH_59edd422c0c84a879bd37670ae4f538a\/internal_photos\/bs\/2020\/W\/A\/2c6McpS6Wx3DkK9pUI8g\/decreto.jpg 2x\" media=\"(max-width: 1360px)\" data-src=\"https:\/\/s2.glbimg.com\/C9vIbz-8Xj6kAqfUrIL1-N8f3Co=\/0x0:659x463\/984x0\/smart\/filters:strip_icc()\/i.s3.glbimg.com\/v1\/AUTH_59edd422c0c84a879bd37670ae4f538a\/internal_photos\/bs\/2020\/W\/A\/2c6McpS6Wx3DkK9pUI8g\/decreto.jpg 1x, https:\/\/s2.glbimg.com\/lOcq-CAlyFH_4iZH5AGTjPW6DaE=\/0x0:659x463\/1968x0\/smart\/filters:strip_icc()\/i.s3.glbimg.com\/v1\/AUTH_59edd422c0c84a879bd37670ae4f538a\/internal_photos\/bs\/2020\/W\/A\/2c6McpS6Wx3DkK9pUI8g\/decreto.jpg 2x\" \/><source srcset=\"https:\/\/s2.glbimg.com\/LLt50VzVxI4_8WptOs1ttwZCEgc=\/0x0:659x463\/1000x0\/smart\/filters:strip_icc()\/i.s3.glbimg.com\/v1\/AUTH_59edd422c0c84a879bd37670ae4f538a\/internal_photos\/bs\/2020\/W\/A\/2c6McpS6Wx3DkK9pUI8g\/decreto.jpg 1x, https:\/\/s2.glbimg.com\/fvcAuIP0Arp3wTfDPtiraWOecg4=\/0x0:659x463\/2000x0\/smart\/filters:strip_icc()\/i.s3.glbimg.com\/v1\/AUTH_59edd422c0c84a879bd37670ae4f538a\/internal_photos\/bs\/2020\/W\/A\/2c6McpS6Wx3DkK9pUI8g\/decreto.jpg 2x\" media=\"(min-width: 1361px)\" data-src=\"https:\/\/s2.glbimg.com\/LLt50VzVxI4_8WptOs1ttwZCEgc=\/0x0:659x463\/1000x0\/smart\/filters:strip_icc()\/i.s3.glbimg.com\/v1\/AUTH_59edd422c0c84a879bd37670ae4f538a\/internal_photos\/bs\/2020\/W\/A\/2c6McpS6Wx3DkK9pUI8g\/decreto.jpg 1x, https:\/\/s2.glbimg.com\/fvcAuIP0Arp3wTfDPtiraWOecg4=\/0x0:659x463\/2000x0\/smart\/filters:strip_icc()\/i.s3.glbimg.com\/v1\/AUTH_59edd422c0c84a879bd37670ae4f538a\/internal_photos\/bs\/2020\/W\/A\/2c6McpS6Wx3DkK9pUI8g\/decreto.jpg 2x\" \/><source srcset=\"https:\/\/s2.glbimg.com\/C9vIbz-8Xj6kAqfUrIL1-N8f3Co=\/0x0:659x463\/984x0\/smart\/filters:strip_icc()\/i.s3.glbimg.com\/v1\/AUTH_59edd422c0c84a879bd37670ae4f538a\/internal_photos\/bs\/2020\/W\/A\/2c6McpS6Wx3DkK9pUI8g\/decreto.jpg\" data-src=\"https:\/\/s2.glbimg.com\/C9vIbz-8Xj6kAqfUrIL1-N8f3Co=\/0x0:659x463\/984x0\/smart\/filters:strip_icc()\/i.s3.glbimg.com\/v1\/AUTH_59edd422c0c84a879bd37670ae4f538a\/internal_photos\/bs\/2020\/W\/A\/2c6McpS6Wx3DkK9pUI8g\/decreto.jpg\" \/><img decoding=\"async\" class=\"image content-media__image progressive-loaded\" title=\"Trecho do decreto que prev\u00ea novas medidas contra o coronav\u00edrus \u2014 Foto: DODF\/Reprodu\u00e7\u00e3o\" src=\"https:\/\/s2.glbimg.com\/C9vIbz-8Xj6kAqfUrIL1-N8f3Co=\/0x0:659x463\/984x0\/smart\/filters:strip_icc()\/i.s3.glbimg.com\/v1\/AUTH_59edd422c0c84a879bd37670ae4f538a\/internal_photos\/bs\/2020\/W\/A\/2c6McpS6Wx3DkK9pUI8g\/decreto.jpg\" alt=\"Trecho do decreto que prev\u00ea novas medidas contra o coronav\u00edrus \u2014 Foto: DODF\/Reprodu\u00e7\u00e3o\" data-src=\"https:\/\/s2.glbimg.com\/C9vIbz-8Xj6kAqfUrIL1-N8f3Co=\/0x0:659x463\/984x0\/smart\/filters:strip_icc()\/i.s3.glbimg.com\/v1\/AUTH_59edd422c0c84a879bd37670ae4f538a\/internal_photos\/bs\/2020\/W\/A\/2c6McpS6Wx3DkK9pUI8g\/decreto.jpg\" \/><\/picture>\n<\/div>\n<p class=\"content-media__description \">Trecho do decreto que prev\u00ea novas medidas contra o coronav\u00edrus \u2014 Foto: DODF\/Reprodu\u00e7\u00e3o<\/p>\n<\/div>\n<\/div>\n<div class=\"mc-column content-text active-extra-styles \" data-block-type=\"unstyled\" data-block-weight=\"22\" data-block-id=\"23\">\n<p class=\"content-text__container \" data-track-category=\"Link no Texto\" data-track-links=\"\">Considerando o pedido da Organiza\u00e7\u00e3o Mundial de Sa\u00fade para que os pa\u00edses redobrem o comprometimento contra a pandemia do Novo Coronav\u00edrus, DECRETA:<\/p>\n<\/div>\n<div class=\"mc-column content-text active-extra-styles \" data-block-type=\"unstyled\" data-block-weight=\"29\" data-block-id=\"24\">\n<p class=\"content-text__container \" data-track-category=\"Link no Texto\" data-track-links=\"\">Art. 1\u00ba As medidas para enfrentamento da emerg\u00eancia de sa\u00fade p\u00fablica de import\u00e2ncia internacional decorrente do Novo Coronav\u00edrus, no \u00e2mbito do Distrito Federal, ficam definidas nos termos deste Decreto.<\/p>\n<\/div>\n<div class=\"mc-column content-text active-extra-styles \" data-block-type=\"unstyled\" data-block-weight=\"32\" data-block-id=\"25\">\n<p class=\"content-text__container \" data-track-category=\"Link no Texto\" data-track-links=\"\">Art. 2\u00ba Ficam suspensos, no \u00e2mbito do Distrito Federal, pelo prazo de quinze dias: I &#8211; eventos, de qualquer natureza, que exijam licen\u00e7a do Poder P\u00fablico, com p\u00fablico superior a cem pessoas;<\/p>\n<\/div>\n<div class=\"mc-column content-text active-extra-styles\" data-block-type=\"raw\" data-block-weight=\"26\" data-block-id=\"26\">\n<ul class=\"content-unordered-list\">\n<li>II &#8211; atividades coletivas de cinema e teatro;<\/li>\n<li>III &#8211; atividades educacionais em todas as escolas, universidades e faculdades, das redes de ensino p\u00fablica e privada;<\/li>\n<\/ul>\n<\/div>\n<div class=\"mc-column content-text active-extra-styles \" data-block-type=\"unstyled\" data-block-weight=\"46\" data-block-id=\"27\">\n<p class=\"content-text__container \" data-track-category=\"Link no Texto\" data-track-links=\"\">\u00a7 1\u00ba A suspens\u00e3o das aulas na rede de ensino p\u00fablica do Distrito Federal, de que trata o inciso III, dever\u00e1 ser compreendida como recesso\/f\u00e9rias escolares do m\u00eas de julho e ter\u00e1 in\u00edcio a partir do dia 16 de mar\u00e7o de 2020, nos termos deste Decreto.<\/p>\n<\/div>\n<div class=\"content-ads content-ads--reveal\" data-block-type=\"ads\" data-block-id=\"28\"><\/div>\n<div class=\"mc-column content-text active-extra-styles \" data-block-type=\"unstyled\" data-block-weight=\"27\" data-block-id=\"29\">\n<p class=\"content-text__container \" data-track-category=\"Link no Texto\" data-track-links=\"\">\u00a7 2\u00ba O recesso\/f\u00e9rias escolares ter\u00e1 dura\u00e7\u00e3o m\u00e1xima de 15 dias corridos, independente do quantitativo de dias de recesso constante no calend\u00e1rio escolar da unidade de ensino.<\/p>\n<\/div>\n<div class=\"mc-column content-text active-extra-styles \" data-block-type=\"unstyled\" data-block-weight=\"36\" data-block-id=\"30\">\n<p class=\"content-text__container \" data-track-category=\"Link no Texto\" data-track-links=\"\">\u00a7 3\u00ba As unidades escolares da rede privada de ensino do Distrito Federal poder\u00e3o adotar a antecipa\u00e7\u00e3o do recesso\/f\u00e9rias prevista neste Decreto, ou determinar a suspens\u00e3o das aulas pelo per\u00edodo determinado, a crit\u00e9rio de cada unidade.<\/p>\n<\/div>\n<div class=\"mc-column content-text active-extra-styles \" data-block-type=\"unstyled\" data-block-weight=\"27\" data-block-id=\"31\">\n<p class=\"content-text__container \" data-track-category=\"Link no Texto\" data-track-links=\"\">\u00a7 4\u00ba Os ajustes necess\u00e1rios para o cumprimento do calend\u00e1rio escolar ser\u00e3o estabelecidos pela Secretaria de Estado de Educa\u00e7\u00e3o do Distrito Federal, ap\u00f3s o retorno das aulas.<\/p>\n<\/div>\n<div class=\"mc-column content-text active-extra-styles \" data-block-type=\"unstyled\" data-block-weight=\"21\" data-block-id=\"32\">\n<p class=\"content-text__container \" data-track-category=\"Link no Texto\" data-track-links=\"\">Art. 3\u00ba Os bares e restaurantes dever\u00e3o observar na organiza\u00e7\u00e3o de suas mesas a dist\u00e2ncia m\u00ednima de dois metros entre elas.<\/p>\n<\/div>\n<div class=\"mc-column content-text active-extra-styles \" data-block-type=\"unstyled\" data-block-weight=\"15\" data-block-id=\"33\">\n<p class=\"content-text__container \" data-track-category=\"Link no Texto\" data-track-links=\"\">Par\u00e1grafo \u00fanico. Nos eventos abertos recomenda-se a dist\u00e2ncia m\u00ednima de um metro entre as pessoas.<\/p>\n<\/div>\n<div class=\"mc-column content-text active-extra-styles \" data-block-type=\"unstyled\" data-block-weight=\"37\" data-block-id=\"34\">\n<p class=\"content-text__container \" data-track-category=\"Link no Texto\" data-track-links=\"\">Art. 4\u00ba Os eventos esportivos no Distrito Federal somente poder\u00e3o ocorrer com os port\u00f5es fechados ao p\u00fablico, mediante autoriza\u00e7\u00e3o sanit\u00e1ria expedida pela Subsecretaria de Vigil\u00e2ncia \u00e0 Sa\u00fade do Distrito Federal e Termo de Compromisso assinado pelos organizadores.<\/p>\n<\/div>\n<div class=\"mc-column content-text active-extra-styles \" data-block-type=\"unstyled\" data-block-weight=\"76\" data-block-id=\"35\">\n<p class=\"content-text__container \" data-track-category=\"Link no Texto\" data-track-links=\"\">Art. 5\u00ba Considerar-se-\u00e1 abuso do poder econ\u00f4mico a eleva\u00e7\u00e3o de pre\u00e7os, sem justa causa, com o objetivo de aumentar arbitrariamente os pre\u00e7os dos insumos e servi\u00e7os relacionados ao enfrentamento do COVID-19, na forma do inciso III do art. 36 da Lei Federal n\u00b0 12.529, de 30 de novembro de 2011, e do inciso II, do art. 2\u00b0 do Decreto Federal n\u00b0 52.025, de 20 de maio de 1963, sujeitando-se \u00e0s penalidades previstas em ambos os normativos.<\/p>\n<\/div>\n<div class=\"mc-column content-text active-extra-styles \" data-block-type=\"unstyled\" data-block-weight=\"67\" data-block-id=\"36\">\n<p class=\"content-text__container \" data-track-category=\"Link no Texto\" data-track-links=\"\">Art. 6\u00ba Qualquer servidor p\u00fablico, empregado p\u00fablico ou contratado por empresa que presta servi\u00e7o para o Distrito Federal, que apresentar febre e\/ou sintomas respirat\u00f3rios (tosse seca, dor de garganta, mialgia, cefaleia e prostra\u00e7\u00e3o, dificuldade para respirar e batimento das asas nasais) ou que tenha retornado de viagem internacional, nos \u00faltimos dez dias, dever\u00e1 permanecer em casa e adotar o regime de teletrabalho, conforme orienta\u00e7\u00e3o da chefia imediata.<\/p>\n<\/div>\n<div class=\"content-ads content-ads--reveal\" data-block-type=\"ads\" data-block-id=\"37\"><\/div>\n<div class=\"mc-column content-text active-extra-styles \" data-block-type=\"unstyled\" data-block-weight=\"27\" data-block-id=\"38\">\n<p class=\"content-text__container \" data-track-category=\"Link no Texto\" data-track-links=\"\">Art. 7\u00ba As pessoas f\u00edsicas e jur\u00eddicas dever\u00e3o sujeitar-se ao cumprimento das medidas previstas neste Decreto, e o seu descumprimento acarretar\u00e1 responsabiliza\u00e7\u00e3o, nos termos previstos em lei.<\/p>\n<\/div>\n<div class=\"mc-column content-text active-extra-styles \" data-block-type=\"unstyled\" data-block-weight=\"21\" data-block-id=\"39\">\n<p class=\"content-text__container \" data-track-category=\"Link no Texto\" data-track-links=\"\">Art. 8\u00ba As medidas previstas neste Decreto poder\u00e3o ser reavaliadas a qualquer momento, mesmo antes do prazo estipulado no art. 2\u00ba.<\/p>\n<\/div>\n<\/div>\n","protected":false},"excerpt":{"rendered":"<p>O governador\u00a0Ibaneis Rocha\u00a0(MDB) prorrogou por mais 15 dias o decreto que estabelece medidas para evitar a transmiss\u00e3o do novo coronav\u00edrus (leia \u00edntegra abaixo). A norma entra em vigor na pr\u00f3xima segunda-feira (16) e\u00a0revoga o documento publicado no \u00faltimo dia 11 de mar\u00e7o. O novo texto determina a suspens\u00e3o das aulas nas redes p\u00fablica e privada [&hellip;]<\/p>\n","protected":false},"author":18,"featured_media":19146,"comment_status":"open","ping_status":"open","sticky":false,"template":"","format":"standard","meta":{"footnotes":""},"categories":[1],"tags":[],"class_list":{"0":"post-19144","1":"post","2":"type-post","3":"status-publish","4":"format-standard","5":"has-post-thumbnail","7":"category-outros"},"yoast_head":"<!-- This site is optimized with the Yoast SEO Premium plugin v24.5 (Yoast SEO v27.5) - https:\/\/yoast.com\/product\/yoast-seo-premium-wordpress\/ -->\n<title>Governador Ibaneis antecipa f\u00e9rias nas escolares e prorroga decreto contra coronav\u00edrus no DF - P31<\/title>\n<meta name=\"robots\" content=\"index, follow, max-snippet:-1, max-image-preview:large, max-video-preview:-1\" \/>\n<link rel=\"canonical\" href=\"https:\/\/www.p31noticias.com.br\/?p=19144\" \/>\n<meta property=\"og:locale\" content=\"pt_BR\" \/>\n<meta property=\"og:type\" content=\"article\" \/>\n<meta property=\"og:title\" content=\"Governador Ibaneis antecipa f\u00e9rias nas escolares e prorroga decreto contra coronav\u00edrus no DF\" \/>\n<meta property=\"og:description\" content=\"O governador\u00a0Ibaneis Rocha\u00a0(MDB) prorrogou por mais 15 dias o decreto que estabelece medidas para evitar a transmiss\u00e3o do novo coronav\u00edrus (leia \u00edntegra abaixo). A norma entra em vigor na pr\u00f3xima segunda-feira (16) e\u00a0revoga o documento publicado no \u00faltimo dia 11 de mar\u00e7o. O novo texto determina a suspens\u00e3o das aulas nas redes p\u00fablica e privada [&hellip;]\" \/>\n<meta property=\"og:url\" content=\"https:\/\/www.p31noticias.com.br\/?p=19144\" \/>\n<meta property=\"og:site_name\" content=\"P31\" \/>\n<meta property=\"article:published_time\" content=\"2020-03-14T20:21:38+00:00\" \/>\n<meta property=\"og:image\" content=\"https:\/\/www.p31noticias.com.br\/wp-content\/uploads\/2020\/03\/h0545-g-bddf-limpo-03032020-frame-130178.jpeg\" \/>\n\t<meta property=\"og:image:width\" content=\"1000\" \/>\n\t<meta property=\"og:image:height\" content=\"563\" \/>\n\t<meta property=\"og:image:type\" content=\"image\/jpeg\" \/>\n<meta name=\"author\" content=\"Reda\u00e7\u00e3o JBN\" \/>\n<meta name=\"twitter:card\" content=\"summary_large_image\" \/>\n<meta name=\"twitter:label1\" content=\"Escrito por\" \/>\n\t<meta name=\"twitter:data1\" content=\"Reda\u00e7\u00e3o JBN\" \/>\n\t<meta name=\"twitter:label2\" content=\"Est. tempo de leitura\" \/>\n\t<meta name=\"twitter:data2\" content=\"5 minutos\" \/>\n<script type=\"application\/ld+json\" class=\"yoast-schema-graph\">{\"@context\":\"https:\\\/\\\/schema.org\",\"@graph\":[{\"@type\":\"Article\",\"@id\":\"https:\\\/\\\/www.p31noticias.com.br\\\/?p=19144#article\",\"isPartOf\":{\"@id\":\"https:\\\/\\\/www.p31noticias.com.br\\\/?p=19144\"},\"author\":{\"name\":\"Reda\u00e7\u00e3o JBN\",\"@id\":\"https:\\\/\\\/www.p31noticias.com.br\\\/#\\\/schema\\\/person\\\/77d6b186c710ac38937c6ec204fdd387\"},\"headline\":\"Governador Ibaneis antecipa f\u00e9rias nas escolares e prorroga decreto contra coronav\u00edrus no DF\",\"datePublished\":\"2020-03-14T20:21:38+00:00\",\"mainEntityOfPage\":{\"@id\":\"https:\\\/\\\/www.p31noticias.com.br\\\/?p=19144\"},\"wordCount\":1104,\"commentCount\":0,\"image\":{\"@id\":\"https:\\\/\\\/www.p31noticias.com.br\\\/?p=19144#primaryimage\"},\"thumbnailUrl\":\"https:\\\/\\\/www.p31noticias.com.br\\\/wp-content\\\/uploads\\\/2020\\\/03\\\/h0545-g-bddf-limpo-03032020-frame-130178.jpeg\",\"articleSection\":[\"Outros\"],\"inLanguage\":\"pt-BR\",\"potentialAction\":[{\"@type\":\"CommentAction\",\"name\":\"Comment\",\"target\":[\"https:\\\/\\\/www.p31noticias.com.br\\\/?p=19144#respond\"]}],\"copyrightYear\":\"2020\",\"copyrightHolder\":{\"@id\":\"https:\\\/\\\/www.p31noticias.com.br\\\/#organization\"}},{\"@type\":\"WebPage\",\"@id\":\"https:\\\/\\\/www.p31noticias.com.br\\\/?p=19144\",\"url\":\"https:\\\/\\\/www.p31noticias.com.br\\\/?p=19144\",\"name\":\"Governador Ibaneis antecipa f\u00e9rias nas escolares e prorroga decreto contra coronav\u00edrus no DF - P31\",\"isPartOf\":{\"@id\":\"https:\\\/\\\/www.p31noticias.com.br\\\/#website\"},\"primaryImageOfPage\":{\"@id\":\"https:\\\/\\\/www.p31noticias.com.br\\\/?p=19144#primaryimage\"},\"image\":{\"@id\":\"https:\\\/\\\/www.p31noticias.com.br\\\/?p=19144#primaryimage\"},\"thumbnailUrl\":\"https:\\\/\\\/www.p31noticias.com.br\\\/wp-content\\\/uploads\\\/2020\\\/03\\\/h0545-g-bddf-limpo-03032020-frame-130178.jpeg\",\"datePublished\":\"2020-03-14T20:21:38+00:00\",\"author\":{\"@id\":\"https:\\\/\\\/www.p31noticias.com.br\\\/#\\\/schema\\\/person\\\/77d6b186c710ac38937c6ec204fdd387\"},\"breadcrumb\":{\"@id\":\"https:\\\/\\\/www.p31noticias.com.br\\\/?p=19144#breadcrumb\"},\"inLanguage\":\"pt-BR\",\"potentialAction\":[{\"@type\":\"ReadAction\",\"target\":[\"https:\\\/\\\/www.p31noticias.com.br\\\/?p=19144\"]}]},{\"@type\":\"ImageObject\",\"inLanguage\":\"pt-BR\",\"@id\":\"https:\\\/\\\/www.p31noticias.com.br\\\/?p=19144#primaryimage\",\"url\":\"https:\\\/\\\/www.p31noticias.com.br\\\/wp-content\\\/uploads\\\/2020\\\/03\\\/h0545-g-bddf-limpo-03032020-frame-130178.jpeg\",\"contentUrl\":\"https:\\\/\\\/www.p31noticias.com.br\\\/wp-content\\\/uploads\\\/2020\\\/03\\\/h0545-g-bddf-limpo-03032020-frame-130178.jpeg\",\"width\":1000,\"height\":563},{\"@type\":\"BreadcrumbList\",\"@id\":\"https:\\\/\\\/www.p31noticias.com.br\\\/?p=19144#breadcrumb\",\"itemListElement\":[{\"@type\":\"ListItem\",\"position\":1,\"name\":\"In\u00edcio\",\"item\":\"https:\\\/\\\/www.p31noticias.com.br\\\/\"},{\"@type\":\"ListItem\",\"position\":2,\"name\":\"Governador Ibaneis antecipa f\u00e9rias nas escolares e prorroga decreto contra coronav\u00edrus no DF\"}]},{\"@type\":\"WebSite\",\"@id\":\"https:\\\/\\\/www.p31noticias.com.br\\\/#website\",\"url\":\"https:\\\/\\\/www.p31noticias.com.br\\\/\",\"name\":\"P31\",\"description\":\"NOT\u00cdCIAS\",\"potentialAction\":[{\"@type\":\"SearchAction\",\"target\":{\"@type\":\"EntryPoint\",\"urlTemplate\":\"https:\\\/\\\/www.p31noticias.com.br\\\/?s={search_term_string}\"},\"query-input\":{\"@type\":\"PropertyValueSpecification\",\"valueRequired\":true,\"valueName\":\"search_term_string\"}}],\"inLanguage\":\"pt-BR\"},{\"@type\":\"Person\",\"@id\":\"https:\\\/\\\/www.p31noticias.com.br\\\/#\\\/schema\\\/person\\\/77d6b186c710ac38937c6ec204fdd387\",\"name\":\"Reda\u00e7\u00e3o JBN\",\"image\":{\"@type\":\"ImageObject\",\"inLanguage\":\"pt-BR\",\"@id\":\"https:\\\/\\\/secure.gravatar.com\\\/avatar\\\/10fcdb93211f98cce3d64c0795b0915a9a4a21dc0f279238995a3dbfafcad090?s=96&d=mm&r=g\",\"url\":\"https:\\\/\\\/secure.gravatar.com\\\/avatar\\\/10fcdb93211f98cce3d64c0795b0915a9a4a21dc0f279238995a3dbfafcad090?s=96&d=mm&r=g\",\"contentUrl\":\"https:\\\/\\\/secure.gravatar.com\\\/avatar\\\/10fcdb93211f98cce3d64c0795b0915a9a4a21dc0f279238995a3dbfafcad090?s=96&d=mm&r=g\",\"caption\":\"Reda\u00e7\u00e3o JBN\"},\"sameAs\":[\"https:\\\/\\\/p31noticias.com.br\"],\"url\":\"https:\\\/\\\/www.p31noticias.com.br\\\/?author=18\"}]}<\/script>\n<!-- \/ Yoast SEO Premium plugin. -->","yoast_head_json":{"title":"Governador Ibaneis antecipa f\u00e9rias nas escolares e prorroga decreto contra coronav\u00edrus no DF - P31","robots":{"index":"index","follow":"follow","max-snippet":"max-snippet:-1","max-image-preview":"max-image-preview:large","max-video-preview":"max-video-preview:-1"},"canonical":"https:\/\/www.p31noticias.com.br\/?p=19144","og_locale":"pt_BR","og_type":"article","og_title":"Governador Ibaneis antecipa f\u00e9rias nas escolares e prorroga decreto contra coronav\u00edrus no DF","og_description":"O governador\u00a0Ibaneis Rocha\u00a0(MDB) prorrogou por mais 15 dias o decreto que estabelece medidas para evitar a transmiss\u00e3o do novo coronav\u00edrus (leia \u00edntegra abaixo). A norma entra em vigor na pr\u00f3xima segunda-feira (16) e\u00a0revoga o documento publicado no \u00faltimo dia 11 de mar\u00e7o. O novo texto determina a suspens\u00e3o das aulas nas redes p\u00fablica e privada [&hellip;]","og_url":"https:\/\/www.p31noticias.com.br\/?p=19144","og_site_name":"P31","article_published_time":"2020-03-14T20:21:38+00:00","og_image":[{"width":1000,"height":563,"url":"https:\/\/www.p31noticias.com.br\/wp-content\/uploads\/2020\/03\/h0545-g-bddf-limpo-03032020-frame-130178.jpeg","type":"image\/jpeg"}],"author":"Reda\u00e7\u00e3o JBN","twitter_card":"summary_large_image","twitter_misc":{"Escrito por":"Reda\u00e7\u00e3o JBN","Est. tempo de leitura":"5 minutos"},"schema":{"@context":"https:\/\/schema.org","@graph":[{"@type":"Article","@id":"https:\/\/www.p31noticias.com.br\/?p=19144#article","isPartOf":{"@id":"https:\/\/www.p31noticias.com.br\/?p=19144"},"author":{"name":"Reda\u00e7\u00e3o JBN","@id":"https:\/\/www.p31noticias.com.br\/#\/schema\/person\/77d6b186c710ac38937c6ec204fdd387"},"headline":"Governador Ibaneis antecipa f\u00e9rias nas escolares e prorroga decreto contra coronav\u00edrus no DF","datePublished":"2020-03-14T20:21:38+00:00","mainEntityOfPage":{"@id":"https:\/\/www.p31noticias.com.br\/?p=19144"},"wordCount":1104,"commentCount":0,"image":{"@id":"https:\/\/www.p31noticias.com.br\/?p=19144#primaryimage"},"thumbnailUrl":"https:\/\/www.p31noticias.com.br\/wp-content\/uploads\/2020\/03\/h0545-g-bddf-limpo-03032020-frame-130178.jpeg","articleSection":["Outros"],"inLanguage":"pt-BR","potentialAction":[{"@type":"CommentAction","name":"Comment","target":["https:\/\/www.p31noticias.com.br\/?p=19144#respond"]}],"copyrightYear":"2020","copyrightHolder":{"@id":"https:\/\/www.p31noticias.com.br\/#organization"}},{"@type":"WebPage","@id":"https:\/\/www.p31noticias.com.br\/?p=19144","url":"https:\/\/www.p31noticias.com.br\/?p=19144","name":"Governador Ibaneis antecipa f\u00e9rias nas escolares e prorroga decreto contra coronav\u00edrus no DF - P31","isPartOf":{"@id":"https:\/\/www.p31noticias.com.br\/#website"},"primaryImageOfPage":{"@id":"https:\/\/www.p31noticias.com.br\/?p=19144#primaryimage"},"image":{"@id":"https:\/\/www.p31noticias.com.br\/?p=19144#primaryimage"},"thumbnailUrl":"https:\/\/www.p31noticias.com.br\/wp-content\/uploads\/2020\/03\/h0545-g-bddf-limpo-03032020-frame-130178.jpeg","datePublished":"2020-03-14T20:21:38+00:00","author":{"@id":"https:\/\/www.p31noticias.com.br\/#\/schema\/person\/77d6b186c710ac38937c6ec204fdd387"},"breadcrumb":{"@id":"https:\/\/www.p31noticias.com.br\/?p=19144#breadcrumb"},"inLanguage":"pt-BR","potentialAction":[{"@type":"ReadAction","target":["https:\/\/www.p31noticias.com.br\/?p=19144"]}]},{"@type":"ImageObject","inLanguage":"pt-BR","@id":"https:\/\/www.p31noticias.com.br\/?p=19144#primaryimage","url":"https:\/\/www.p31noticias.com.br\/wp-content\/uploads\/2020\/03\/h0545-g-bddf-limpo-03032020-frame-130178.jpeg","contentUrl":"https:\/\/www.p31noticias.com.br\/wp-content\/uploads\/2020\/03\/h0545-g-bddf-limpo-03032020-frame-130178.jpeg","width":1000,"height":563},{"@type":"BreadcrumbList","@id":"https:\/\/www.p31noticias.com.br\/?p=19144#breadcrumb","itemListElement":[{"@type":"ListItem","position":1,"name":"In\u00edcio","item":"https:\/\/www.p31noticias.com.br\/"},{"@type":"ListItem","position":2,"name":"Governador Ibaneis antecipa f\u00e9rias nas escolares e prorroga decreto contra coronav\u00edrus no DF"}]},{"@type":"WebSite","@id":"https:\/\/www.p31noticias.com.br\/#website","url":"https:\/\/www.p31noticias.com.br\/","name":"P31","description":"NOT\u00cdCIAS","potentialAction":[{"@type":"SearchAction","target":{"@type":"EntryPoint","urlTemplate":"https:\/\/www.p31noticias.com.br\/?s={search_term_string}"},"query-input":{"@type":"PropertyValueSpecification","valueRequired":true,"valueName":"search_term_string"}}],"inLanguage":"pt-BR"},{"@type":"Person","@id":"https:\/\/www.p31noticias.com.br\/#\/schema\/person\/77d6b186c710ac38937c6ec204fdd387","name":"Reda\u00e7\u00e3o JBN","image":{"@type":"ImageObject","inLanguage":"pt-BR","@id":"https:\/\/secure.gravatar.com\/avatar\/10fcdb93211f98cce3d64c0795b0915a9a4a21dc0f279238995a3dbfafcad090?s=96&d=mm&r=g","url":"https:\/\/secure.gravatar.com\/avatar\/10fcdb93211f98cce3d64c0795b0915a9a4a21dc0f279238995a3dbfafcad090?s=96&d=mm&r=g","contentUrl":"https:\/\/secure.gravatar.com\/avatar\/10fcdb93211f98cce3d64c0795b0915a9a4a21dc0f279238995a3dbfafcad090?s=96&d=mm&r=g","caption":"Reda\u00e7\u00e3o JBN"},"sameAs":["https:\/\/p31noticias.com.br"],"url":"https:\/\/www.p31noticias.com.br\/?author=18"}]}},"amp_enabled":true,"_links":{"self":[{"href":"https:\/\/www.p31noticias.com.br\/index.php?rest_route=\/wp\/v2\/posts\/19144","targetHints":{"allow":["GET"]}}],"collection":[{"href":"https:\/\/www.p31noticias.com.br\/index.php?rest_route=\/wp\/v2\/posts"}],"about":[{"href":"https:\/\/www.p31noticias.com.br\/index.php?rest_route=\/wp\/v2\/types\/post"}],"author":[{"embeddable":true,"href":"https:\/\/www.p31noticias.com.br\/index.php?rest_route=\/wp\/v2\/users\/18"}],"replies":[{"embeddable":true,"href":"https:\/\/www.p31noticias.com.br\/index.php?rest_route=%2Fwp%2Fv2%2Fcomments&post=19144"}],"version-history":[{"count":0,"href":"https:\/\/www.p31noticias.com.br\/index.php?rest_route=\/wp\/v2\/posts\/19144\/revisions"}],"wp:featuredmedia":[{"embeddable":true,"href":"https:\/\/www.p31noticias.com.br\/index.php?rest_route=\/wp\/v2\/media\/19146"}],"wp:attachment":[{"href":"https:\/\/www.p31noticias.com.br\/index.php?rest_route=%2Fwp%2Fv2%2Fmedia&parent=19144"}],"wp:term":[{"taxonomy":"category","embeddable":true,"href":"https:\/\/www.p31noticias.com.br\/index.php?rest_route=%2Fwp%2Fv2%2Fcategories&post=19144"},{"taxonomy":"post_tag","embeddable":true,"href":"https:\/\/www.p31noticias.com.br\/index.php?rest_route=%2Fwp%2Fv2%2Ftags&post=19144"}],"curies":[{"name":"wp","href":"https:\/\/api.w.org\/{rel}","templated":true}]}}