{"id":19141,"date":"2020-03-13T16:27:11","date_gmt":"2020-03-13T19:27:11","guid":{"rendered":"https:\/\/www.delioandrade.com.br\/?p=19141"},"modified":"2020-03-13T16:27:11","modified_gmt":"2020-03-13T19:27:11","slug":"gdf-tera-que-disponibilizar-tratamento-aos-professores-com-sindrome-de-burnout","status":"publish","type":"post","link":"https:\/\/www.p31noticias.com.br\/?p=19141","title":{"rendered":"GDF ter\u00e1 que disponibilizar tratamento aos professores com  S\u00edndrome de Burnout"},"content":{"rendered":"<p><span style=\"font-weight: 400;\">Projeto de Lei n\u00ba 134\/2019, que institui tratamento da S\u00edndrome de Burnout aos professores da rede p\u00fablica do Distrito Federal, foi aprovado, nesta quarta-feira (11), em segundo turno, no plen\u00e1rio da C\u00e2mara Legislativa do DF. A proposi\u00e7\u00e3o, de autoria do deputado distrital, Rob\u00e9rio Negreiros (PSD), tem como finalidade garantir aos professores acompanhamento m\u00e9dico capaz de diagnosticar, orientar e tratar o transtorno. A proposta estabelece ainda que a assist\u00eancia m\u00e9dica ser\u00e1 disponibilizada pelo Poder Executivo.<\/span><\/p>\n<p><span style=\"font-weight: 400;\">Segundo uma pesquisa realizada pela Universidade de Bras\u00edlia (UNB), com mais de oito mil professores da educa\u00e7\u00e3o b\u00e1sica da rede p\u00fablica na regi\u00e3o Centro-Oeste do Brasil, revelou que 15,7% dos entrevistados apresentam a S\u00edndrome de Burnout, que reflete intenso sofrimento causado por estresse laboral cr\u00f4nico.<\/span><\/p>\n<p><span style=\"font-weight: 400;\">De acordo com o Rob\u00e9rio Negreiros, esta situa\u00e7\u00e3o de desmotiva\u00e7\u00e3o, no caso do professor, afeta fortemente a qualidade da aula, pois eles perdem entusiasmo e criatividade, sentindo, inclusive, menos simpatia pelos alunos e ficando pessimista quanto ao seu futuro. \u201cComo forma preventiva do transtorno, \u00e9 necess\u00e1rio melhorar substancialmente as condi\u00e7\u00f5es de trabalho, seja nas rela\u00e7\u00f5es entre alunos, professores, gestores e comunidade escolar. Essa mudan\u00e7a \u00e9 lenta e estrutural podendo levar anos de reformula\u00e7\u00f5es legais, pedag\u00f3gicas e administrativas\u201d, frisou.<\/span><\/p>\n<p><span style=\"font-weight: 400;\">A proposta segue agora para san\u00e7\u00e3o do governador.<\/span><\/p>\n","protected":false},"excerpt":{"rendered":"<p>Projeto de Lei n\u00ba 134\/2019, que institui tratamento da S\u00edndrome de Burnout aos professores da rede p\u00fablica do Distrito Federal, foi aprovado, nesta quarta-feira (11), em segundo turno, no plen\u00e1rio da C\u00e2mara Legislativa do DF. A proposi\u00e7\u00e3o, de autoria do deputado distrital, Rob\u00e9rio Negreiros (PSD), tem como finalidade garantir aos professores acompanhamento m\u00e9dico capaz de [&hellip;]<\/p>\n","protected":false},"author":18,"featured_media":19142,"comment_status":"open","ping_status":"open","sticky":false,"template":"","format":"standard","meta":{"footnotes":""},"categories":[124],"tags":[],"class_list":{"0":"post-19141","1":"post","2":"type-post","3":"status-publish","4":"format-standard","5":"has-post-thumbnail","7":"category-saude"},"yoast_head":"<!-- This site is optimized with the Yoast SEO Premium plugin v24.5 (Yoast SEO v27.5) - https:\/\/yoast.com\/product\/yoast-seo-premium-wordpress\/ -->\n<title>GDF ter\u00e1 que disponibilizar tratamento aos professores com S\u00edndrome de Burnout - P31<\/title>\n<meta name=\"description\" content=\"Projeto de Lei n\u00ba 134\/2019, que institui tratamento da S\u00edndrome de Burnout aos professores da rede p\u00fablica do Distrito Federal, foi aprovado, nesta quarta-feira (11), em segundo turno, no plen\u00e1rio da C\u00e2mara Legislativa do DF. A proposi\u00e7\u00e3o, de autoria do deputado distrital, Rob\u00e9rio Negreiros (PSD), tem como finalidade garantir aos professores acompanhamento m\u00e9dico capaz de diagnosticar, orientar e tratar o transtorno. A proposta estabelece ainda que a assist\u00eancia m\u00e9dica ser\u00e1 disponibilizada pelo Poder Executivo.\" \/>\n<meta name=\"robots\" content=\"index, follow, max-snippet:-1, max-image-preview:large, max-video-preview:-1\" \/>\n<link rel=\"canonical\" href=\"https:\/\/www.p31noticias.com.br\/?p=19141\" \/>\n<meta property=\"og:locale\" content=\"pt_BR\" \/>\n<meta property=\"og:type\" content=\"article\" \/>\n<meta property=\"og:title\" content=\"GDF ter\u00e1 que disponibilizar tratamento aos professores com S\u00edndrome de Burnout\" \/>\n<meta property=\"og:description\" content=\"Projeto de Lei n\u00ba 134\/2019, que institui tratamento da S\u00edndrome de Burnout aos professores da rede p\u00fablica do Distrito Federal, foi aprovado, nesta quarta-feira (11), em segundo turno, no plen\u00e1rio da C\u00e2mara Legislativa do DF. A proposi\u00e7\u00e3o, de autoria do deputado distrital, Rob\u00e9rio Negreiros (PSD), tem como finalidade garantir aos professores acompanhamento m\u00e9dico capaz de diagnosticar, orientar e tratar o transtorno. A proposta estabelece ainda que a assist\u00eancia m\u00e9dica ser\u00e1 disponibilizada pelo Poder Executivo.\" \/>\n<meta property=\"og:url\" content=\"https:\/\/www.p31noticias.com.br\/?p=19141\" \/>\n<meta property=\"og:site_name\" content=\"P31\" \/>\n<meta property=\"article:published_time\" content=\"2020-03-13T19:27:11+00:00\" \/>\n<meta property=\"og:image\" content=\"https:\/\/www.p31noticias.com.br\/wp-content\/uploads\/2020\/03\/tim1.png\" \/>\n\t<meta property=\"og:image:width\" content=\"1600\" \/>\n\t<meta property=\"og:image:height\" content=\"898\" \/>\n\t<meta property=\"og:image:type\" content=\"image\/png\" \/>\n<meta name=\"author\" content=\"Reda\u00e7\u00e3o JBN\" \/>\n<meta name=\"twitter:card\" content=\"summary_large_image\" \/>\n<meta name=\"twitter:label1\" content=\"Escrito por\" \/>\n\t<meta name=\"twitter:data1\" content=\"Reda\u00e7\u00e3o JBN\" \/>\n\t<meta name=\"twitter:label2\" content=\"Est. tempo de leitura\" \/>\n\t<meta name=\"twitter:data2\" content=\"1 minuto\" \/>\n<script type=\"application\/ld+json\" class=\"yoast-schema-graph\">{\"@context\":\"https:\\\/\\\/schema.org\",\"@graph\":[{\"@type\":\"Article\",\"@id\":\"https:\\\/\\\/www.p31noticias.com.br\\\/?p=19141#article\",\"isPartOf\":{\"@id\":\"https:\\\/\\\/www.p31noticias.com.br\\\/?p=19141\"},\"author\":{\"name\":\"Reda\u00e7\u00e3o JBN\",\"@id\":\"https:\\\/\\\/www.p31noticias.com.br\\\/#\\\/schema\\\/person\\\/77d6b186c710ac38937c6ec204fdd387\"},\"headline\":\"GDF ter\u00e1 que disponibilizar tratamento aos professores com S\u00edndrome de Burnout\",\"datePublished\":\"2020-03-13T19:27:11+00:00\",\"mainEntityOfPage\":{\"@id\":\"https:\\\/\\\/www.p31noticias.com.br\\\/?p=19141\"},\"wordCount\":238,\"commentCount\":0,\"image\":{\"@id\":\"https:\\\/\\\/www.p31noticias.com.br\\\/?p=19141#primaryimage\"},\"thumbnailUrl\":\"https:\\\/\\\/www.p31noticias.com.br\\\/wp-content\\\/uploads\\\/2020\\\/03\\\/tim1.png\",\"articleSection\":[\"Sa\u00fade\"],\"inLanguage\":\"pt-BR\",\"potentialAction\":[{\"@type\":\"CommentAction\",\"name\":\"Comment\",\"target\":[\"https:\\\/\\\/www.p31noticias.com.br\\\/?p=19141#respond\"]}],\"copyrightYear\":\"2020\",\"copyrightHolder\":{\"@id\":\"https:\\\/\\\/www.p31noticias.com.br\\\/#organization\"}},{\"@type\":\"WebPage\",\"@id\":\"https:\\\/\\\/www.p31noticias.com.br\\\/?p=19141\",\"url\":\"https:\\\/\\\/www.p31noticias.com.br\\\/?p=19141\",\"name\":\"GDF ter\u00e1 que disponibilizar tratamento aos professores com S\u00edndrome de Burnout - P31\",\"isPartOf\":{\"@id\":\"https:\\\/\\\/www.p31noticias.com.br\\\/#website\"},\"primaryImageOfPage\":{\"@id\":\"https:\\\/\\\/www.p31noticias.com.br\\\/?p=19141#primaryimage\"},\"image\":{\"@id\":\"https:\\\/\\\/www.p31noticias.com.br\\\/?p=19141#primaryimage\"},\"thumbnailUrl\":\"https:\\\/\\\/www.p31noticias.com.br\\\/wp-content\\\/uploads\\\/2020\\\/03\\\/tim1.png\",\"datePublished\":\"2020-03-13T19:27:11+00:00\",\"author\":{\"@id\":\"https:\\\/\\\/www.p31noticias.com.br\\\/#\\\/schema\\\/person\\\/77d6b186c710ac38937c6ec204fdd387\"},\"description\":\"Projeto de Lei n\u00ba 134\\\/2019, que institui tratamento da S\u00edndrome de Burnout aos professores da rede p\u00fablica do Distrito Federal, foi aprovado, nesta quarta-feira (11), em segundo turno, no plen\u00e1rio da C\u00e2mara Legislativa do DF. A proposi\u00e7\u00e3o, de autoria do deputado distrital, Rob\u00e9rio Negreiros (PSD), tem como finalidade garantir aos professores acompanhamento m\u00e9dico capaz de diagnosticar, orientar e tratar o transtorno. A proposta estabelece ainda que a assist\u00eancia m\u00e9dica ser\u00e1 disponibilizada pelo Poder Executivo.\",\"breadcrumb\":{\"@id\":\"https:\\\/\\\/www.p31noticias.com.br\\\/?p=19141#breadcrumb\"},\"inLanguage\":\"pt-BR\",\"potentialAction\":[{\"@type\":\"ReadAction\",\"target\":[\"https:\\\/\\\/www.p31noticias.com.br\\\/?p=19141\"]}]},{\"@type\":\"ImageObject\",\"inLanguage\":\"pt-BR\",\"@id\":\"https:\\\/\\\/www.p31noticias.com.br\\\/?p=19141#primaryimage\",\"url\":\"https:\\\/\\\/www.p31noticias.com.br\\\/wp-content\\\/uploads\\\/2020\\\/03\\\/tim1.png\",\"contentUrl\":\"https:\\\/\\\/www.p31noticias.com.br\\\/wp-content\\\/uploads\\\/2020\\\/03\\\/tim1.png\",\"width\":1600,\"height\":898},{\"@type\":\"BreadcrumbList\",\"@id\":\"https:\\\/\\\/www.p31noticias.com.br\\\/?p=19141#breadcrumb\",\"itemListElement\":[{\"@type\":\"ListItem\",\"position\":1,\"name\":\"In\u00edcio\",\"item\":\"https:\\\/\\\/www.p31noticias.com.br\\\/\"},{\"@type\":\"ListItem\",\"position\":2,\"name\":\"GDF ter\u00e1 que disponibilizar tratamento aos professores com S\u00edndrome de Burnout\"}]},{\"@type\":\"WebSite\",\"@id\":\"https:\\\/\\\/www.p31noticias.com.br\\\/#website\",\"url\":\"https:\\\/\\\/www.p31noticias.com.br\\\/\",\"name\":\"P31\",\"description\":\"NOT\u00cdCIAS\",\"potentialAction\":[{\"@type\":\"SearchAction\",\"target\":{\"@type\":\"EntryPoint\",\"urlTemplate\":\"https:\\\/\\\/www.p31noticias.com.br\\\/?s={search_term_string}\"},\"query-input\":{\"@type\":\"PropertyValueSpecification\",\"valueRequired\":true,\"valueName\":\"search_term_string\"}}],\"inLanguage\":\"pt-BR\"},{\"@type\":\"Person\",\"@id\":\"https:\\\/\\\/www.p31noticias.com.br\\\/#\\\/schema\\\/person\\\/77d6b186c710ac38937c6ec204fdd387\",\"name\":\"Reda\u00e7\u00e3o JBN\",\"image\":{\"@type\":\"ImageObject\",\"inLanguage\":\"pt-BR\",\"@id\":\"https:\\\/\\\/secure.gravatar.com\\\/avatar\\\/10fcdb93211f98cce3d64c0795b0915a9a4a21dc0f279238995a3dbfafcad090?s=96&d=mm&r=g\",\"url\":\"https:\\\/\\\/secure.gravatar.com\\\/avatar\\\/10fcdb93211f98cce3d64c0795b0915a9a4a21dc0f279238995a3dbfafcad090?s=96&d=mm&r=g\",\"contentUrl\":\"https:\\\/\\\/secure.gravatar.com\\\/avatar\\\/10fcdb93211f98cce3d64c0795b0915a9a4a21dc0f279238995a3dbfafcad090?s=96&d=mm&r=g\",\"caption\":\"Reda\u00e7\u00e3o JBN\"},\"sameAs\":[\"https:\\\/\\\/p31noticias.com.br\"],\"url\":\"https:\\\/\\\/www.p31noticias.com.br\\\/?author=18\"}]}<\/script>\n<!-- \/ Yoast SEO Premium plugin. -->","yoast_head_json":{"title":"GDF ter\u00e1 que disponibilizar tratamento aos professores com S\u00edndrome de Burnout - P31","description":"Projeto de Lei n\u00ba 134\/2019, que institui tratamento da S\u00edndrome de Burnout aos professores da rede p\u00fablica do Distrito Federal, foi aprovado, nesta quarta-feira (11), em segundo turno, no plen\u00e1rio da C\u00e2mara Legislativa do DF. A proposi\u00e7\u00e3o, de autoria do deputado distrital, Rob\u00e9rio Negreiros (PSD), tem como finalidade garantir aos professores acompanhamento m\u00e9dico capaz de diagnosticar, orientar e tratar o transtorno. A proposta estabelece ainda que a assist\u00eancia m\u00e9dica ser\u00e1 disponibilizada pelo Poder Executivo.","robots":{"index":"index","follow":"follow","max-snippet":"max-snippet:-1","max-image-preview":"max-image-preview:large","max-video-preview":"max-video-preview:-1"},"canonical":"https:\/\/www.p31noticias.com.br\/?p=19141","og_locale":"pt_BR","og_type":"article","og_title":"GDF ter\u00e1 que disponibilizar tratamento aos professores com S\u00edndrome de Burnout","og_description":"Projeto de Lei n\u00ba 134\/2019, que institui tratamento da S\u00edndrome de Burnout aos professores da rede p\u00fablica do Distrito Federal, foi aprovado, nesta quarta-feira (11), em segundo turno, no plen\u00e1rio da C\u00e2mara Legislativa do DF. A proposi\u00e7\u00e3o, de autoria do deputado distrital, Rob\u00e9rio Negreiros (PSD), tem como finalidade garantir aos professores acompanhamento m\u00e9dico capaz de diagnosticar, orientar e tratar o transtorno. A proposta estabelece ainda que a assist\u00eancia m\u00e9dica ser\u00e1 disponibilizada pelo Poder Executivo.","og_url":"https:\/\/www.p31noticias.com.br\/?p=19141","og_site_name":"P31","article_published_time":"2020-03-13T19:27:11+00:00","og_image":[{"width":1600,"height":898,"url":"https:\/\/www.p31noticias.com.br\/wp-content\/uploads\/2020\/03\/tim1.png","type":"image\/png"}],"author":"Reda\u00e7\u00e3o JBN","twitter_card":"summary_large_image","twitter_misc":{"Escrito por":"Reda\u00e7\u00e3o JBN","Est. tempo de leitura":"1 minuto"},"schema":{"@context":"https:\/\/schema.org","@graph":[{"@type":"Article","@id":"https:\/\/www.p31noticias.com.br\/?p=19141#article","isPartOf":{"@id":"https:\/\/www.p31noticias.com.br\/?p=19141"},"author":{"name":"Reda\u00e7\u00e3o JBN","@id":"https:\/\/www.p31noticias.com.br\/#\/schema\/person\/77d6b186c710ac38937c6ec204fdd387"},"headline":"GDF ter\u00e1 que disponibilizar tratamento aos professores com S\u00edndrome de Burnout","datePublished":"2020-03-13T19:27:11+00:00","mainEntityOfPage":{"@id":"https:\/\/www.p31noticias.com.br\/?p=19141"},"wordCount":238,"commentCount":0,"image":{"@id":"https:\/\/www.p31noticias.com.br\/?p=19141#primaryimage"},"thumbnailUrl":"https:\/\/www.p31noticias.com.br\/wp-content\/uploads\/2020\/03\/tim1.png","articleSection":["Sa\u00fade"],"inLanguage":"pt-BR","potentialAction":[{"@type":"CommentAction","name":"Comment","target":["https:\/\/www.p31noticias.com.br\/?p=19141#respond"]}],"copyrightYear":"2020","copyrightHolder":{"@id":"https:\/\/www.p31noticias.com.br\/#organization"}},{"@type":"WebPage","@id":"https:\/\/www.p31noticias.com.br\/?p=19141","url":"https:\/\/www.p31noticias.com.br\/?p=19141","name":"GDF ter\u00e1 que disponibilizar tratamento aos professores com S\u00edndrome de Burnout - P31","isPartOf":{"@id":"https:\/\/www.p31noticias.com.br\/#website"},"primaryImageOfPage":{"@id":"https:\/\/www.p31noticias.com.br\/?p=19141#primaryimage"},"image":{"@id":"https:\/\/www.p31noticias.com.br\/?p=19141#primaryimage"},"thumbnailUrl":"https:\/\/www.p31noticias.com.br\/wp-content\/uploads\/2020\/03\/tim1.png","datePublished":"2020-03-13T19:27:11+00:00","author":{"@id":"https:\/\/www.p31noticias.com.br\/#\/schema\/person\/77d6b186c710ac38937c6ec204fdd387"},"description":"Projeto de Lei n\u00ba 134\/2019, que institui tratamento da S\u00edndrome de Burnout aos professores da rede p\u00fablica do Distrito Federal, foi aprovado, nesta quarta-feira (11), em segundo turno, no plen\u00e1rio da C\u00e2mara Legislativa do DF. A proposi\u00e7\u00e3o, de autoria do deputado distrital, Rob\u00e9rio Negreiros (PSD), tem como finalidade garantir aos professores acompanhamento m\u00e9dico capaz de diagnosticar, orientar e tratar o transtorno. A proposta estabelece ainda que a assist\u00eancia m\u00e9dica ser\u00e1 disponibilizada pelo Poder Executivo.","breadcrumb":{"@id":"https:\/\/www.p31noticias.com.br\/?p=19141#breadcrumb"},"inLanguage":"pt-BR","potentialAction":[{"@type":"ReadAction","target":["https:\/\/www.p31noticias.com.br\/?p=19141"]}]},{"@type":"ImageObject","inLanguage":"pt-BR","@id":"https:\/\/www.p31noticias.com.br\/?p=19141#primaryimage","url":"https:\/\/www.p31noticias.com.br\/wp-content\/uploads\/2020\/03\/tim1.png","contentUrl":"https:\/\/www.p31noticias.com.br\/wp-content\/uploads\/2020\/03\/tim1.png","width":1600,"height":898},{"@type":"BreadcrumbList","@id":"https:\/\/www.p31noticias.com.br\/?p=19141#breadcrumb","itemListElement":[{"@type":"ListItem","position":1,"name":"In\u00edcio","item":"https:\/\/www.p31noticias.com.br\/"},{"@type":"ListItem","position":2,"name":"GDF ter\u00e1 que disponibilizar tratamento aos professores com S\u00edndrome de Burnout"}]},{"@type":"WebSite","@id":"https:\/\/www.p31noticias.com.br\/#website","url":"https:\/\/www.p31noticias.com.br\/","name":"P31","description":"NOT\u00cdCIAS","potentialAction":[{"@type":"SearchAction","target":{"@type":"EntryPoint","urlTemplate":"https:\/\/www.p31noticias.com.br\/?s={search_term_string}"},"query-input":{"@type":"PropertyValueSpecification","valueRequired":true,"valueName":"search_term_string"}}],"inLanguage":"pt-BR"},{"@type":"Person","@id":"https:\/\/www.p31noticias.com.br\/#\/schema\/person\/77d6b186c710ac38937c6ec204fdd387","name":"Reda\u00e7\u00e3o JBN","image":{"@type":"ImageObject","inLanguage":"pt-BR","@id":"https:\/\/secure.gravatar.com\/avatar\/10fcdb93211f98cce3d64c0795b0915a9a4a21dc0f279238995a3dbfafcad090?s=96&d=mm&r=g","url":"https:\/\/secure.gravatar.com\/avatar\/10fcdb93211f98cce3d64c0795b0915a9a4a21dc0f279238995a3dbfafcad090?s=96&d=mm&r=g","contentUrl":"https:\/\/secure.gravatar.com\/avatar\/10fcdb93211f98cce3d64c0795b0915a9a4a21dc0f279238995a3dbfafcad090?s=96&d=mm&r=g","caption":"Reda\u00e7\u00e3o JBN"},"sameAs":["https:\/\/p31noticias.com.br"],"url":"https:\/\/www.p31noticias.com.br\/?author=18"}]}},"amp_enabled":true,"_links":{"self":[{"href":"https:\/\/www.p31noticias.com.br\/index.php?rest_route=\/wp\/v2\/posts\/19141","targetHints":{"allow":["GET"]}}],"collection":[{"href":"https:\/\/www.p31noticias.com.br\/index.php?rest_route=\/wp\/v2\/posts"}],"about":[{"href":"https:\/\/www.p31noticias.com.br\/index.php?rest_route=\/wp\/v2\/types\/post"}],"author":[{"embeddable":true,"href":"https:\/\/www.p31noticias.com.br\/index.php?rest_route=\/wp\/v2\/users\/18"}],"replies":[{"embeddable":true,"href":"https:\/\/www.p31noticias.com.br\/index.php?rest_route=%2Fwp%2Fv2%2Fcomments&post=19141"}],"version-history":[{"count":0,"href":"https:\/\/www.p31noticias.com.br\/index.php?rest_route=\/wp\/v2\/posts\/19141\/revisions"}],"wp:featuredmedia":[{"embeddable":true,"href":"https:\/\/www.p31noticias.com.br\/index.php?rest_route=\/wp\/v2\/media\/19142"}],"wp:attachment":[{"href":"https:\/\/www.p31noticias.com.br\/index.php?rest_route=%2Fwp%2Fv2%2Fmedia&parent=19141"}],"wp:term":[{"taxonomy":"category","embeddable":true,"href":"https:\/\/www.p31noticias.com.br\/index.php?rest_route=%2Fwp%2Fv2%2Fcategories&post=19141"},{"taxonomy":"post_tag","embeddable":true,"href":"https:\/\/www.p31noticias.com.br\/index.php?rest_route=%2Fwp%2Fv2%2Ftags&post=19141"}],"curies":[{"name":"wp","href":"https:\/\/api.w.org\/{rel}","templated":true}]}}