{"id":19134,"date":"2020-03-13T16:22:32","date_gmt":"2020-03-13T19:22:32","guid":{"rendered":"https:\/\/www.delioandrade.com.br\/?p=19134"},"modified":"2020-03-13T16:22:32","modified_gmt":"2020-03-13T19:22:32","slug":"castelo-forte-investe-em-projeto-educacional-de-incentivo-a-leitura-em-ceilandia","status":"publish","type":"post","link":"https:\/\/www.p31noticias.com.br\/?p=19134","title":{"rendered":"Castelo Forte investe em projeto educacional de incentivo \u00e0 leitura em Ceil\u00e2ndia"},"content":{"rendered":"<h2><span lang=\"PT\">Preocupada com uma queda no \u00cdndice de Desenvolvimento da Educa\u00e7\u00e3o B\u00e1sica (Ideb), a diretora\u00a0<\/span><span lang=\"PT\">da Escola Classe 01 de Ceil\u00e2ndia,<\/span><b><span lang=\"PT\">\u00a0<\/span><\/b><span lang=\"PT\">Keila Cristina de Ara\u00fajo<\/span><span lang=\"PT\">, resolveu partir em busca de solu\u00e7\u00f5es para melhorar os resultados. Com a cria\u00e7\u00e3o do\u00a0<i>Stop, Leia<\/i>, ela acreditava poder\u00a0<\/span><span lang=\"PT\">estimular a leitura, melhorando, consequentemente, o rendimento escolar. Com o apoio do Home Center Castelo Forte, o projeto pode se tornar realidade e a sala de leitura\u00a0 da escola reinaugurada nessa ter\u00e7a-feira (10\/03).<\/span><\/h2>\n<p><span lang=\"PT\">\u00a0<\/span><\/p>\n<p><span lang=\"PT\">Uma das caracter\u00edsticas do projeto \u00e9 que os alunos podem levar um livro para casa todos os dias,\u00a0<\/span><span lang=\"PT\">com o intuito de lerem junto com os seus familiares<\/span><span lang=\"PT\">. Para isso,\u00a0<\/span><span lang=\"PT\">foram entregues durante o evento 500 sacolas personalizadas pela Castelo Forte, onde ser\u00e3o colocados os livros. &#8220;Os alunos passaram a ter interesse por literatura, melhoram a desenvoltura e ajuda em sala de aula, melhorando escrita e interpreta\u00e7\u00e3o de texto, por exemplo\u201d, explica a diretora da escola.<\/span><\/p>\n<p><span lang=\"PT\">\u00a0<\/span><\/p>\n<p><span lang=\"PT\">Dentro do projeto, tamb\u00e9m est\u00e1 previsto o momento\u00a0<\/span><i><span lang=\"PT\">Stop, Leia<\/span><\/i><span lang=\"PT\">, onde todas as sextas-feiras alunos e servidores param tudo que est\u00e3o fazendo para ler um livro, al\u00e9m de contar com leituras em grupos, dentro da sala de leitura. O projeto, que teve in\u00edcio no come\u00e7o de 2019, atende 470 alunos. \u201cApoiamos essa iniciativa desde o inicio com muito carinho porque acreditamos nos benef\u00edcios que ele est\u00e1 trazendo para alunos, servidores e para as fam\u00edlias como um todo\u201d, afirma Bosco Almeida, coordenador de marketing da Castelo Forte.<\/span><\/p>\n<p><span lang=\"PT\">\u00a0<\/span><\/p>\n<p><span lang=\"PT\">O grupo Castelo Forte tamb\u00e9m contribui com outras atividades da escola, como formatura dos alunos, feira do livro, al\u00e9m de projetos de iniciativa de outros parceiros. S\u00f3 em Ceil\u00e2ndia o grupo j\u00e1 atendeu projetos voltado para a arte, com a doa\u00e7\u00e3o de instrumentos para orquestra musical; eventos religiosos, em parceria com as par\u00f3quias e com as igrejas evang\u00e9licas, entre outros. &#8220;Procuramos sempre contribuir com projetos socialmente relevantes nas comunidades onde a Castelo Forte est\u00e1 inserida\u201d, completa Bosco.<\/span><\/p>\n<p><span lang=\"PT\">\u00a0<\/span><\/p>\n<p><b><span lang=\"PT\">Sobre o Home Center Castelo Forte<\/span><\/b><span lang=\"PT\">\u00a0&#8211; Com 29 anos de atua\u00e7\u00e3o no Distrito Federal, a Castelo Forte est\u00e1 presente em quatro Cidades do DF: Samambaia, Recanto das Emas, Vicente Pires e Ceil\u00e2ndia. Ao longo desses anos, a empresa vem conquistando espa\u00e7o, saindo de uma pequena empresa familiar, crescendo e se tornando refer\u00eancia no DF\u00a0 em materiais para construir, reformar e decorar, sem perder a ess\u00eancia de atendimento personalizado.<\/span><\/p>\n","protected":false},"excerpt":{"rendered":"<p>Preocupada com uma queda no \u00cdndice de Desenvolvimento da Educa\u00e7\u00e3o B\u00e1sica (Ideb), a diretora\u00a0da Escola Classe 01 de Ceil\u00e2ndia,\u00a0Keila Cristina de Ara\u00fajo, resolveu partir em busca de solu\u00e7\u00f5es para melhorar os resultados. Com a cria\u00e7\u00e3o do\u00a0Stop, Leia, ela acreditava poder\u00a0estimular a leitura, melhorando, consequentemente, o rendimento escolar. Com o apoio do Home Center Castelo Forte, [&hellip;]<\/p>\n","protected":false},"author":18,"featured_media":19137,"comment_status":"open","ping_status":"open","sticky":false,"template":"","format":"gallery","meta":{"footnotes":""},"categories":[1],"tags":[],"class_list":{"0":"post-19134","1":"post","2":"type-post","3":"status-publish","4":"format-gallery","5":"has-post-thumbnail","7":"category-outros","8":"post_format-post-format-gallery"},"yoast_head":"<!-- This site is optimized with the Yoast SEO Premium plugin v24.5 (Yoast SEO v27.5) - https:\/\/yoast.com\/product\/yoast-seo-premium-wordpress\/ -->\n<title>Castelo Forte investe em projeto educacional de incentivo \u00e0 leitura em Ceil\u00e2ndia - P31<\/title>\n<meta name=\"description\" content=\"O projeto de incentivo \u00e0 leitura, Stop Leia, da Escola Classe 01 de Ceil\u00e2ndia, contou com o apoio do grupo na reinaugura\u00e7\u00e3o da sala de leitura, al\u00e9m de outras iniciativas voltadas para a comunidade ceilandense\" \/>\n<meta name=\"robots\" content=\"index, follow, max-snippet:-1, max-image-preview:large, max-video-preview:-1\" \/>\n<link rel=\"canonical\" href=\"https:\/\/www.p31noticias.com.br\/?p=19134\" \/>\n<meta property=\"og:locale\" content=\"pt_BR\" \/>\n<meta property=\"og:type\" content=\"article\" \/>\n<meta property=\"og:title\" content=\"Castelo Forte investe em projeto educacional de incentivo \u00e0 leitura em Ceil\u00e2ndia\" \/>\n<meta property=\"og:description\" content=\"O projeto de incentivo \u00e0 leitura, Stop Leia, da Escola Classe 01 de Ceil\u00e2ndia, contou com o apoio do grupo na reinaugura\u00e7\u00e3o da sala de leitura, al\u00e9m de outras iniciativas voltadas para a comunidade ceilandense\" \/>\n<meta property=\"og:url\" content=\"https:\/\/www.p31noticias.com.br\/?p=19134\" \/>\n<meta property=\"og:site_name\" content=\"P31\" \/>\n<meta property=\"article:published_time\" content=\"2020-03-13T19:22:32+00:00\" \/>\n<meta property=\"og:image\" content=\"https:\/\/www.p31noticias.com.br\/wp-content\/uploads\/2020\/03\/Castelo-Forte-Sala-de-leitura-do-Projeto-Stop-Leia.jpeg\" \/>\n\t<meta property=\"og:image:width\" content=\"1280\" \/>\n\t<meta property=\"og:image:height\" content=\"853\" \/>\n\t<meta property=\"og:image:type\" content=\"image\/jpeg\" \/>\n<meta name=\"author\" content=\"Reda\u00e7\u00e3o JBN\" \/>\n<meta name=\"twitter:card\" content=\"summary_large_image\" \/>\n<meta name=\"twitter:label1\" content=\"Escrito por\" \/>\n\t<meta name=\"twitter:data1\" content=\"Reda\u00e7\u00e3o JBN\" \/>\n\t<meta name=\"twitter:label2\" content=\"Est. tempo de leitura\" \/>\n\t<meta name=\"twitter:data2\" content=\"2 minutos\" \/>\n<script type=\"application\/ld+json\" class=\"yoast-schema-graph\">{\"@context\":\"https:\\\/\\\/schema.org\",\"@graph\":[{\"@type\":\"Article\",\"@id\":\"https:\\\/\\\/www.p31noticias.com.br\\\/?p=19134#article\",\"isPartOf\":{\"@id\":\"https:\\\/\\\/www.p31noticias.com.br\\\/?p=19134\"},\"author\":{\"name\":\"Reda\u00e7\u00e3o JBN\",\"@id\":\"https:\\\/\\\/www.p31noticias.com.br\\\/#\\\/schema\\\/person\\\/77d6b186c710ac38937c6ec204fdd387\"},\"headline\":\"Castelo Forte investe em projeto educacional de incentivo \u00e0 leitura em Ceil\u00e2ndia\",\"datePublished\":\"2020-03-13T19:22:32+00:00\",\"mainEntityOfPage\":{\"@id\":\"https:\\\/\\\/www.p31noticias.com.br\\\/?p=19134\"},\"wordCount\":417,\"commentCount\":0,\"image\":{\"@id\":\"https:\\\/\\\/www.p31noticias.com.br\\\/?p=19134#primaryimage\"},\"thumbnailUrl\":\"https:\\\/\\\/www.p31noticias.com.br\\\/wp-content\\\/uploads\\\/2020\\\/03\\\/Castelo-Forte-Sala-de-leitura-do-Projeto-Stop-Leia.jpeg\",\"articleSection\":[\"Outros\"],\"inLanguage\":\"pt-BR\",\"potentialAction\":[{\"@type\":\"CommentAction\",\"name\":\"Comment\",\"target\":[\"https:\\\/\\\/www.p31noticias.com.br\\\/?p=19134#respond\"]}],\"copyrightYear\":\"2020\",\"copyrightHolder\":{\"@id\":\"https:\\\/\\\/www.p31noticias.com.br\\\/#organization\"}},{\"@type\":\"WebPage\",\"@id\":\"https:\\\/\\\/www.p31noticias.com.br\\\/?p=19134\",\"url\":\"https:\\\/\\\/www.p31noticias.com.br\\\/?p=19134\",\"name\":\"Castelo Forte investe em projeto educacional de incentivo \u00e0 leitura em Ceil\u00e2ndia - P31\",\"isPartOf\":{\"@id\":\"https:\\\/\\\/www.p31noticias.com.br\\\/#website\"},\"primaryImageOfPage\":{\"@id\":\"https:\\\/\\\/www.p31noticias.com.br\\\/?p=19134#primaryimage\"},\"image\":{\"@id\":\"https:\\\/\\\/www.p31noticias.com.br\\\/?p=19134#primaryimage\"},\"thumbnailUrl\":\"https:\\\/\\\/www.p31noticias.com.br\\\/wp-content\\\/uploads\\\/2020\\\/03\\\/Castelo-Forte-Sala-de-leitura-do-Projeto-Stop-Leia.jpeg\",\"datePublished\":\"2020-03-13T19:22:32+00:00\",\"author\":{\"@id\":\"https:\\\/\\\/www.p31noticias.com.br\\\/#\\\/schema\\\/person\\\/77d6b186c710ac38937c6ec204fdd387\"},\"description\":\"O projeto de incentivo \u00e0 leitura, Stop Leia, da Escola Classe 01 de Ceil\u00e2ndia, contou com o apoio do grupo na reinaugura\u00e7\u00e3o da sala de leitura, al\u00e9m de outras iniciativas voltadas para a comunidade ceilandense\",\"breadcrumb\":{\"@id\":\"https:\\\/\\\/www.p31noticias.com.br\\\/?p=19134#breadcrumb\"},\"inLanguage\":\"pt-BR\",\"potentialAction\":[{\"@type\":\"ReadAction\",\"target\":[\"https:\\\/\\\/www.p31noticias.com.br\\\/?p=19134\"]}]},{\"@type\":\"ImageObject\",\"inLanguage\":\"pt-BR\",\"@id\":\"https:\\\/\\\/www.p31noticias.com.br\\\/?p=19134#primaryimage\",\"url\":\"https:\\\/\\\/www.p31noticias.com.br\\\/wp-content\\\/uploads\\\/2020\\\/03\\\/Castelo-Forte-Sala-de-leitura-do-Projeto-Stop-Leia.jpeg\",\"contentUrl\":\"https:\\\/\\\/www.p31noticias.com.br\\\/wp-content\\\/uploads\\\/2020\\\/03\\\/Castelo-Forte-Sala-de-leitura-do-Projeto-Stop-Leia.jpeg\",\"width\":1280,\"height\":853},{\"@type\":\"BreadcrumbList\",\"@id\":\"https:\\\/\\\/www.p31noticias.com.br\\\/?p=19134#breadcrumb\",\"itemListElement\":[{\"@type\":\"ListItem\",\"position\":1,\"name\":\"In\u00edcio\",\"item\":\"https:\\\/\\\/www.p31noticias.com.br\\\/\"},{\"@type\":\"ListItem\",\"position\":2,\"name\":\"Castelo Forte investe em projeto educacional de incentivo \u00e0 leitura em Ceil\u00e2ndia\"}]},{\"@type\":\"WebSite\",\"@id\":\"https:\\\/\\\/www.p31noticias.com.br\\\/#website\",\"url\":\"https:\\\/\\\/www.p31noticias.com.br\\\/\",\"name\":\"P31\",\"description\":\"NOT\u00cdCIAS\",\"potentialAction\":[{\"@type\":\"SearchAction\",\"target\":{\"@type\":\"EntryPoint\",\"urlTemplate\":\"https:\\\/\\\/www.p31noticias.com.br\\\/?s={search_term_string}\"},\"query-input\":{\"@type\":\"PropertyValueSpecification\",\"valueRequired\":true,\"valueName\":\"search_term_string\"}}],\"inLanguage\":\"pt-BR\"},{\"@type\":\"Person\",\"@id\":\"https:\\\/\\\/www.p31noticias.com.br\\\/#\\\/schema\\\/person\\\/77d6b186c710ac38937c6ec204fdd387\",\"name\":\"Reda\u00e7\u00e3o JBN\",\"image\":{\"@type\":\"ImageObject\",\"inLanguage\":\"pt-BR\",\"@id\":\"https:\\\/\\\/secure.gravatar.com\\\/avatar\\\/10fcdb93211f98cce3d64c0795b0915a9a4a21dc0f279238995a3dbfafcad090?s=96&d=mm&r=g\",\"url\":\"https:\\\/\\\/secure.gravatar.com\\\/avatar\\\/10fcdb93211f98cce3d64c0795b0915a9a4a21dc0f279238995a3dbfafcad090?s=96&d=mm&r=g\",\"contentUrl\":\"https:\\\/\\\/secure.gravatar.com\\\/avatar\\\/10fcdb93211f98cce3d64c0795b0915a9a4a21dc0f279238995a3dbfafcad090?s=96&d=mm&r=g\",\"caption\":\"Reda\u00e7\u00e3o JBN\"},\"sameAs\":[\"https:\\\/\\\/p31noticias.com.br\"],\"url\":\"https:\\\/\\\/www.p31noticias.com.br\\\/?author=18\"}]}<\/script>\n<!-- \/ Yoast SEO Premium plugin. -->","yoast_head_json":{"title":"Castelo Forte investe em projeto educacional de incentivo \u00e0 leitura em Ceil\u00e2ndia - P31","description":"O projeto de incentivo \u00e0 leitura, Stop Leia, da Escola Classe 01 de Ceil\u00e2ndia, contou com o apoio do grupo na reinaugura\u00e7\u00e3o da sala de leitura, al\u00e9m de outras iniciativas voltadas para a comunidade ceilandense","robots":{"index":"index","follow":"follow","max-snippet":"max-snippet:-1","max-image-preview":"max-image-preview:large","max-video-preview":"max-video-preview:-1"},"canonical":"https:\/\/www.p31noticias.com.br\/?p=19134","og_locale":"pt_BR","og_type":"article","og_title":"Castelo Forte investe em projeto educacional de incentivo \u00e0 leitura em Ceil\u00e2ndia","og_description":"O projeto de incentivo \u00e0 leitura, Stop Leia, da Escola Classe 01 de Ceil\u00e2ndia, contou com o apoio do grupo na reinaugura\u00e7\u00e3o da sala de leitura, al\u00e9m de outras iniciativas voltadas para a comunidade ceilandense","og_url":"https:\/\/www.p31noticias.com.br\/?p=19134","og_site_name":"P31","article_published_time":"2020-03-13T19:22:32+00:00","og_image":[{"width":1280,"height":853,"url":"https:\/\/www.p31noticias.com.br\/wp-content\/uploads\/2020\/03\/Castelo-Forte-Sala-de-leitura-do-Projeto-Stop-Leia.jpeg","type":"image\/jpeg"}],"author":"Reda\u00e7\u00e3o JBN","twitter_card":"summary_large_image","twitter_misc":{"Escrito por":"Reda\u00e7\u00e3o JBN","Est. tempo de leitura":"2 minutos"},"schema":{"@context":"https:\/\/schema.org","@graph":[{"@type":"Article","@id":"https:\/\/www.p31noticias.com.br\/?p=19134#article","isPartOf":{"@id":"https:\/\/www.p31noticias.com.br\/?p=19134"},"author":{"name":"Reda\u00e7\u00e3o JBN","@id":"https:\/\/www.p31noticias.com.br\/#\/schema\/person\/77d6b186c710ac38937c6ec204fdd387"},"headline":"Castelo Forte investe em projeto educacional de incentivo \u00e0 leitura em Ceil\u00e2ndia","datePublished":"2020-03-13T19:22:32+00:00","mainEntityOfPage":{"@id":"https:\/\/www.p31noticias.com.br\/?p=19134"},"wordCount":417,"commentCount":0,"image":{"@id":"https:\/\/www.p31noticias.com.br\/?p=19134#primaryimage"},"thumbnailUrl":"https:\/\/www.p31noticias.com.br\/wp-content\/uploads\/2020\/03\/Castelo-Forte-Sala-de-leitura-do-Projeto-Stop-Leia.jpeg","articleSection":["Outros"],"inLanguage":"pt-BR","potentialAction":[{"@type":"CommentAction","name":"Comment","target":["https:\/\/www.p31noticias.com.br\/?p=19134#respond"]}],"copyrightYear":"2020","copyrightHolder":{"@id":"https:\/\/www.p31noticias.com.br\/#organization"}},{"@type":"WebPage","@id":"https:\/\/www.p31noticias.com.br\/?p=19134","url":"https:\/\/www.p31noticias.com.br\/?p=19134","name":"Castelo Forte investe em projeto educacional de incentivo \u00e0 leitura em Ceil\u00e2ndia - P31","isPartOf":{"@id":"https:\/\/www.p31noticias.com.br\/#website"},"primaryImageOfPage":{"@id":"https:\/\/www.p31noticias.com.br\/?p=19134#primaryimage"},"image":{"@id":"https:\/\/www.p31noticias.com.br\/?p=19134#primaryimage"},"thumbnailUrl":"https:\/\/www.p31noticias.com.br\/wp-content\/uploads\/2020\/03\/Castelo-Forte-Sala-de-leitura-do-Projeto-Stop-Leia.jpeg","datePublished":"2020-03-13T19:22:32+00:00","author":{"@id":"https:\/\/www.p31noticias.com.br\/#\/schema\/person\/77d6b186c710ac38937c6ec204fdd387"},"description":"O projeto de incentivo \u00e0 leitura, Stop Leia, da Escola Classe 01 de Ceil\u00e2ndia, contou com o apoio do grupo na reinaugura\u00e7\u00e3o da sala de leitura, al\u00e9m de outras iniciativas voltadas para a comunidade ceilandense","breadcrumb":{"@id":"https:\/\/www.p31noticias.com.br\/?p=19134#breadcrumb"},"inLanguage":"pt-BR","potentialAction":[{"@type":"ReadAction","target":["https:\/\/www.p31noticias.com.br\/?p=19134"]}]},{"@type":"ImageObject","inLanguage":"pt-BR","@id":"https:\/\/www.p31noticias.com.br\/?p=19134#primaryimage","url":"https:\/\/www.p31noticias.com.br\/wp-content\/uploads\/2020\/03\/Castelo-Forte-Sala-de-leitura-do-Projeto-Stop-Leia.jpeg","contentUrl":"https:\/\/www.p31noticias.com.br\/wp-content\/uploads\/2020\/03\/Castelo-Forte-Sala-de-leitura-do-Projeto-Stop-Leia.jpeg","width":1280,"height":853},{"@type":"BreadcrumbList","@id":"https:\/\/www.p31noticias.com.br\/?p=19134#breadcrumb","itemListElement":[{"@type":"ListItem","position":1,"name":"In\u00edcio","item":"https:\/\/www.p31noticias.com.br\/"},{"@type":"ListItem","position":2,"name":"Castelo Forte investe em projeto educacional de incentivo \u00e0 leitura em Ceil\u00e2ndia"}]},{"@type":"WebSite","@id":"https:\/\/www.p31noticias.com.br\/#website","url":"https:\/\/www.p31noticias.com.br\/","name":"P31","description":"NOT\u00cdCIAS","potentialAction":[{"@type":"SearchAction","target":{"@type":"EntryPoint","urlTemplate":"https:\/\/www.p31noticias.com.br\/?s={search_term_string}"},"query-input":{"@type":"PropertyValueSpecification","valueRequired":true,"valueName":"search_term_string"}}],"inLanguage":"pt-BR"},{"@type":"Person","@id":"https:\/\/www.p31noticias.com.br\/#\/schema\/person\/77d6b186c710ac38937c6ec204fdd387","name":"Reda\u00e7\u00e3o JBN","image":{"@type":"ImageObject","inLanguage":"pt-BR","@id":"https:\/\/secure.gravatar.com\/avatar\/10fcdb93211f98cce3d64c0795b0915a9a4a21dc0f279238995a3dbfafcad090?s=96&d=mm&r=g","url":"https:\/\/secure.gravatar.com\/avatar\/10fcdb93211f98cce3d64c0795b0915a9a4a21dc0f279238995a3dbfafcad090?s=96&d=mm&r=g","contentUrl":"https:\/\/secure.gravatar.com\/avatar\/10fcdb93211f98cce3d64c0795b0915a9a4a21dc0f279238995a3dbfafcad090?s=96&d=mm&r=g","caption":"Reda\u00e7\u00e3o JBN"},"sameAs":["https:\/\/p31noticias.com.br"],"url":"https:\/\/www.p31noticias.com.br\/?author=18"}]}},"amp_enabled":true,"_links":{"self":[{"href":"https:\/\/www.p31noticias.com.br\/index.php?rest_route=\/wp\/v2\/posts\/19134","targetHints":{"allow":["GET"]}}],"collection":[{"href":"https:\/\/www.p31noticias.com.br\/index.php?rest_route=\/wp\/v2\/posts"}],"about":[{"href":"https:\/\/www.p31noticias.com.br\/index.php?rest_route=\/wp\/v2\/types\/post"}],"author":[{"embeddable":true,"href":"https:\/\/www.p31noticias.com.br\/index.php?rest_route=\/wp\/v2\/users\/18"}],"replies":[{"embeddable":true,"href":"https:\/\/www.p31noticias.com.br\/index.php?rest_route=%2Fwp%2Fv2%2Fcomments&post=19134"}],"version-history":[{"count":0,"href":"https:\/\/www.p31noticias.com.br\/index.php?rest_route=\/wp\/v2\/posts\/19134\/revisions"}],"wp:featuredmedia":[{"embeddable":true,"href":"https:\/\/www.p31noticias.com.br\/index.php?rest_route=\/wp\/v2\/media\/19137"}],"wp:attachment":[{"href":"https:\/\/www.p31noticias.com.br\/index.php?rest_route=%2Fwp%2Fv2%2Fmedia&parent=19134"}],"wp:term":[{"taxonomy":"category","embeddable":true,"href":"https:\/\/www.p31noticias.com.br\/index.php?rest_route=%2Fwp%2Fv2%2Fcategories&post=19134"},{"taxonomy":"post_tag","embeddable":true,"href":"https:\/\/www.p31noticias.com.br\/index.php?rest_route=%2Fwp%2Fv2%2Ftags&post=19134"}],"curies":[{"name":"wp","href":"https:\/\/api.w.org\/{rel}","templated":true}]}}