{"id":19132,"date":"2020-03-12T07:00:19","date_gmt":"2020-03-12T10:00:19","guid":{"rendered":"https:\/\/www.delioandrade.com.br\/?p=19132"},"modified":"2020-03-12T07:00:19","modified_gmt":"2020-03-12T10:00:19","slug":"decreto-suspende-aulas-e-atividades-por-cinco-dias","status":"publish","type":"post","link":"https:\/\/www.p31noticias.com.br\/?p=19132","title":{"rendered":"Decreto suspende aulas e atividades por cinco dias"},"content":{"rendered":"<p>ARY FILGUEIRA, DA AG\u00caNCIA BRAS\u00cdLIA<\/p>\n<p>Publicado em edi\u00e7\u00e3o extra do\u00a0Di\u00e1rio Oficial do Distrito Federal\u00a0(DODF) desta quarta-feira (11) o decreto editado pelo governador Ibaneis Rocha suspendendo as aulas na rede p\u00fablica e privada por cinco dias. A medida (leia a \u00edntegra no link abaixo) \u00e9 resultado da amea\u00e7a de epidemia na capital federal provocada pela dissemina\u00e7\u00e3o do novo coronav\u00edrus, que j\u00e1 atingiu v\u00e1rios pa\u00edses e foi classificada\u00a0 hoje como pandemia pela Organiza\u00e7\u00e3o Nacional de S\u00e1ude (OMS).<\/p>\n<p>Leia a \u00edntegra do decreto<\/p>\n<p>No decreto, Ibaneis Rocha justifica a medida adotada pela men\u00e7\u00e3o da OMS divulgada nesta quarta-feira. No texto publicado no DODF, o ato governamental ressalta ainda que a \u201csa\u00fade \u00e9 direito de todos e dever do Estado, garantido mediante pol\u00edticas sociais e econ\u00f4micas que visem \u00e0 redu\u00e7\u00e3o do risco de doen\u00e7a e de outros agravos e ao acesso universal e igualit\u00e1rio \u00e0s a\u00e7\u00f5es e servi\u00e7os para sua promo\u00e7\u00e3o, prote\u00e7\u00e3o e recupera\u00e7\u00e3o, na forma do artigo 196 da Constitui\u00e7\u00e3o da Rep\u00fablica\u201d e que, por isso, considera que a situa\u00e7\u00e3o \u201cdemanda o emprego urgente de medidas de preven\u00e7\u00e3o, controle e conten\u00e7\u00e3o de riscos, danos e agravos \u00e0 sa\u00fade p\u00fablica, a fim de evitar a dissemina\u00e7\u00e3o da doen\u00e7a no Distrito Federal\u201d.<\/p>\n<p>Al\u00e9m de suspender as aulas, o governador estendeu a medida para eventos que exijam licen\u00e7as do Governo do Distrito Federal (GDF). Sejam eles: de qualquer natureza, que exijam licen\u00e7a do Poder P\u00fablico, com p\u00fablico superior a cem pessoas. Est\u00e3o relacionadas atividades educacionais em todas as escolas, universidades e faculdades, das redes de ensino p\u00fablica e privada.<\/p>\n<p>Al\u00e9m disso, os bares e restaurantes dever\u00e3o observar na organiza\u00e7\u00e3o de suas mesas a dist\u00e2ncia m\u00ednima de dois metros entre elas. No fim, ele flexibiliza o prazo de vig\u00eancia do decreto, afirmando que \u201cas medidas previstas neste Decreto poder\u00e3o ser reavaliadas a qualquer momento, mesmo antes do prazo estipulado\u201d, que \u00e9 de cinco dias.<\/p>\n<p>A moradora do Cruzeiro D\u00e9bora de Oliveira Farias, 41 anos, recebeu a not\u00edcia com apreens\u00e3o. Ela \u00e9 uma das 52 mil pessoas que ir\u00e3o fazer o concurso para escriv\u00e3o da Pol\u00edcia Civil do Distrito Federal no pr\u00f3ximo domingo (21\/3). \u201cMuitas pessoas ser\u00e3o prejudicadas porque vir\u00e3o de outros estados. Mas, sinceramente, quero que adie porque estou preocupada com o coronav\u00edrus\u201d, disse D\u00e9bora.<\/p>\n<p>At\u00e9 o momento, o DF confirma dois casos de pacientes infectados com Covid-19. Trata-se de um casal que chegou recentemente do Reino Unido e que havia passado pela Su\u00ed\u00e7a. A mulher de 52 anos encontra-se internada na Unidade de Terapia Intensiva (UTI) do Hospital Regional da Asa Norte. O marido dela est\u00e1 em isolamento domiciliar.<\/p>\n","protected":false},"excerpt":{"rendered":"<p>ARY FILGUEIRA, DA AG\u00caNCIA BRAS\u00cdLIA Publicado em edi\u00e7\u00e3o extra do\u00a0Di\u00e1rio Oficial do Distrito Federal\u00a0(DODF) desta quarta-feira (11) o decreto editado pelo governador Ibaneis Rocha suspendendo as aulas na rede p\u00fablica e privada por cinco dias. A medida (leia a \u00edntegra no link abaixo) \u00e9 resultado da amea\u00e7a de epidemia na capital federal provocada pela dissemina\u00e7\u00e3o [&hellip;]<\/p>\n","protected":false},"author":18,"featured_media":17935,"comment_status":"open","ping_status":"open","sticky":false,"template":"","format":"standard","meta":{"footnotes":""},"categories":[1],"tags":[],"class_list":{"0":"post-19132","1":"post","2":"type-post","3":"status-publish","4":"format-standard","5":"has-post-thumbnail","7":"category-outros"},"yoast_head":"<!-- This site is optimized with the Yoast SEO Premium plugin v24.5 (Yoast SEO v27.5) - https:\/\/yoast.com\/product\/yoast-seo-premium-wordpress\/ -->\n<title>Decreto suspende aulas e atividades por cinco dias - P31<\/title>\n<meta name=\"robots\" content=\"index, follow, max-snippet:-1, max-image-preview:large, max-video-preview:-1\" \/>\n<link rel=\"canonical\" href=\"https:\/\/www.p31noticias.com.br\/?p=19132\" \/>\n<meta property=\"og:locale\" content=\"pt_BR\" \/>\n<meta property=\"og:type\" content=\"article\" \/>\n<meta property=\"og:title\" content=\"Decreto suspende aulas e atividades por cinco dias\" \/>\n<meta property=\"og:description\" content=\"ARY FILGUEIRA, DA AG\u00caNCIA BRAS\u00cdLIA Publicado em edi\u00e7\u00e3o extra do\u00a0Di\u00e1rio Oficial do Distrito Federal\u00a0(DODF) desta quarta-feira (11) o decreto editado pelo governador Ibaneis Rocha suspendendo as aulas na rede p\u00fablica e privada por cinco dias. A medida (leia a \u00edntegra no link abaixo) \u00e9 resultado da amea\u00e7a de epidemia na capital federal provocada pela dissemina\u00e7\u00e3o [&hellip;]\" \/>\n<meta property=\"og:url\" content=\"https:\/\/www.p31noticias.com.br\/?p=19132\" \/>\n<meta property=\"og:site_name\" content=\"P31\" \/>\n<meta property=\"article:published_time\" content=\"2020-03-12T10:00:19+00:00\" \/>\n<meta property=\"og:image\" content=\"https:\/\/www.p31noticias.com.br\/wp-content\/uploads\/2019\/05\/Filippelli-e-Ibaneis.jpg-840x509-1.jpg\" \/>\n\t<meta property=\"og:image:width\" content=\"840\" \/>\n\t<meta property=\"og:image:height\" content=\"509\" \/>\n\t<meta property=\"og:image:type\" content=\"image\/jpeg\" \/>\n<meta name=\"author\" content=\"Reda\u00e7\u00e3o JBN\" \/>\n<meta name=\"twitter:card\" content=\"summary_large_image\" \/>\n<meta name=\"twitter:label1\" content=\"Escrito por\" \/>\n\t<meta name=\"twitter:data1\" content=\"Reda\u00e7\u00e3o JBN\" \/>\n\t<meta name=\"twitter:label2\" content=\"Est. tempo de leitura\" \/>\n\t<meta name=\"twitter:data2\" content=\"2 minutos\" \/>\n<script type=\"application\/ld+json\" class=\"yoast-schema-graph\">{\"@context\":\"https:\\\/\\\/schema.org\",\"@graph\":[{\"@type\":\"Article\",\"@id\":\"https:\\\/\\\/www.p31noticias.com.br\\\/?p=19132#article\",\"isPartOf\":{\"@id\":\"https:\\\/\\\/www.p31noticias.com.br\\\/?p=19132\"},\"author\":{\"name\":\"Reda\u00e7\u00e3o JBN\",\"@id\":\"https:\\\/\\\/www.p31noticias.com.br\\\/#\\\/schema\\\/person\\\/77d6b186c710ac38937c6ec204fdd387\"},\"headline\":\"Decreto suspende aulas e atividades por cinco dias\",\"datePublished\":\"2020-03-12T10:00:19+00:00\",\"mainEntityOfPage\":{\"@id\":\"https:\\\/\\\/www.p31noticias.com.br\\\/?p=19132\"},\"wordCount\":480,\"commentCount\":0,\"image\":{\"@id\":\"https:\\\/\\\/www.p31noticias.com.br\\\/?p=19132#primaryimage\"},\"thumbnailUrl\":\"https:\\\/\\\/www.p31noticias.com.br\\\/wp-content\\\/uploads\\\/2019\\\/05\\\/Filippelli-e-Ibaneis.jpg-840x509-1.jpg\",\"articleSection\":[\"Outros\"],\"inLanguage\":\"pt-BR\",\"potentialAction\":[{\"@type\":\"CommentAction\",\"name\":\"Comment\",\"target\":[\"https:\\\/\\\/www.p31noticias.com.br\\\/?p=19132#respond\"]}],\"copyrightYear\":\"2020\",\"copyrightHolder\":{\"@id\":\"https:\\\/\\\/www.p31noticias.com.br\\\/#organization\"}},{\"@type\":\"WebPage\",\"@id\":\"https:\\\/\\\/www.p31noticias.com.br\\\/?p=19132\",\"url\":\"https:\\\/\\\/www.p31noticias.com.br\\\/?p=19132\",\"name\":\"Decreto suspende aulas e atividades por cinco dias - P31\",\"isPartOf\":{\"@id\":\"https:\\\/\\\/www.p31noticias.com.br\\\/#website\"},\"primaryImageOfPage\":{\"@id\":\"https:\\\/\\\/www.p31noticias.com.br\\\/?p=19132#primaryimage\"},\"image\":{\"@id\":\"https:\\\/\\\/www.p31noticias.com.br\\\/?p=19132#primaryimage\"},\"thumbnailUrl\":\"https:\\\/\\\/www.p31noticias.com.br\\\/wp-content\\\/uploads\\\/2019\\\/05\\\/Filippelli-e-Ibaneis.jpg-840x509-1.jpg\",\"datePublished\":\"2020-03-12T10:00:19+00:00\",\"author\":{\"@id\":\"https:\\\/\\\/www.p31noticias.com.br\\\/#\\\/schema\\\/person\\\/77d6b186c710ac38937c6ec204fdd387\"},\"breadcrumb\":{\"@id\":\"https:\\\/\\\/www.p31noticias.com.br\\\/?p=19132#breadcrumb\"},\"inLanguage\":\"pt-BR\",\"potentialAction\":[{\"@type\":\"ReadAction\",\"target\":[\"https:\\\/\\\/www.p31noticias.com.br\\\/?p=19132\"]}]},{\"@type\":\"ImageObject\",\"inLanguage\":\"pt-BR\",\"@id\":\"https:\\\/\\\/www.p31noticias.com.br\\\/?p=19132#primaryimage\",\"url\":\"https:\\\/\\\/www.p31noticias.com.br\\\/wp-content\\\/uploads\\\/2019\\\/05\\\/Filippelli-e-Ibaneis.jpg-840x509-1.jpg\",\"contentUrl\":\"https:\\\/\\\/www.p31noticias.com.br\\\/wp-content\\\/uploads\\\/2019\\\/05\\\/Filippelli-e-Ibaneis.jpg-840x509-1.jpg\",\"width\":840,\"height\":509,\"caption\":\"Bras\u00edlia(DF), 18\\\/08\\\/2018 Ibanes Rocha - Encontro com moradores e lideran\u00e7as em Taguatinga. Tadeu Filippelli. Local: Samambaia. Foto: Igo Estrela\\\/Metr\u00f3poles\"},{\"@type\":\"BreadcrumbList\",\"@id\":\"https:\\\/\\\/www.p31noticias.com.br\\\/?p=19132#breadcrumb\",\"itemListElement\":[{\"@type\":\"ListItem\",\"position\":1,\"name\":\"In\u00edcio\",\"item\":\"https:\\\/\\\/www.p31noticias.com.br\\\/\"},{\"@type\":\"ListItem\",\"position\":2,\"name\":\"Decreto suspende aulas e atividades por cinco dias\"}]},{\"@type\":\"WebSite\",\"@id\":\"https:\\\/\\\/www.p31noticias.com.br\\\/#website\",\"url\":\"https:\\\/\\\/www.p31noticias.com.br\\\/\",\"name\":\"P31\",\"description\":\"NOT\u00cdCIAS\",\"potentialAction\":[{\"@type\":\"SearchAction\",\"target\":{\"@type\":\"EntryPoint\",\"urlTemplate\":\"https:\\\/\\\/www.p31noticias.com.br\\\/?s={search_term_string}\"},\"query-input\":{\"@type\":\"PropertyValueSpecification\",\"valueRequired\":true,\"valueName\":\"search_term_string\"}}],\"inLanguage\":\"pt-BR\"},{\"@type\":\"Person\",\"@id\":\"https:\\\/\\\/www.p31noticias.com.br\\\/#\\\/schema\\\/person\\\/77d6b186c710ac38937c6ec204fdd387\",\"name\":\"Reda\u00e7\u00e3o JBN\",\"image\":{\"@type\":\"ImageObject\",\"inLanguage\":\"pt-BR\",\"@id\":\"https:\\\/\\\/secure.gravatar.com\\\/avatar\\\/10fcdb93211f98cce3d64c0795b0915a9a4a21dc0f279238995a3dbfafcad090?s=96&d=mm&r=g\",\"url\":\"https:\\\/\\\/secure.gravatar.com\\\/avatar\\\/10fcdb93211f98cce3d64c0795b0915a9a4a21dc0f279238995a3dbfafcad090?s=96&d=mm&r=g\",\"contentUrl\":\"https:\\\/\\\/secure.gravatar.com\\\/avatar\\\/10fcdb93211f98cce3d64c0795b0915a9a4a21dc0f279238995a3dbfafcad090?s=96&d=mm&r=g\",\"caption\":\"Reda\u00e7\u00e3o JBN\"},\"sameAs\":[\"https:\\\/\\\/p31noticias.com.br\"],\"url\":\"https:\\\/\\\/www.p31noticias.com.br\\\/?author=18\"}]}<\/script>\n<!-- \/ Yoast SEO Premium plugin. -->","yoast_head_json":{"title":"Decreto suspende aulas e atividades por cinco dias - P31","robots":{"index":"index","follow":"follow","max-snippet":"max-snippet:-1","max-image-preview":"max-image-preview:large","max-video-preview":"max-video-preview:-1"},"canonical":"https:\/\/www.p31noticias.com.br\/?p=19132","og_locale":"pt_BR","og_type":"article","og_title":"Decreto suspende aulas e atividades por cinco dias","og_description":"ARY FILGUEIRA, DA AG\u00caNCIA BRAS\u00cdLIA Publicado em edi\u00e7\u00e3o extra do\u00a0Di\u00e1rio Oficial do Distrito Federal\u00a0(DODF) desta quarta-feira (11) o decreto editado pelo governador Ibaneis Rocha suspendendo as aulas na rede p\u00fablica e privada por cinco dias. A medida (leia a \u00edntegra no link abaixo) \u00e9 resultado da amea\u00e7a de epidemia na capital federal provocada pela dissemina\u00e7\u00e3o [&hellip;]","og_url":"https:\/\/www.p31noticias.com.br\/?p=19132","og_site_name":"P31","article_published_time":"2020-03-12T10:00:19+00:00","og_image":[{"width":840,"height":509,"url":"https:\/\/www.p31noticias.com.br\/wp-content\/uploads\/2019\/05\/Filippelli-e-Ibaneis.jpg-840x509-1.jpg","type":"image\/jpeg"}],"author":"Reda\u00e7\u00e3o JBN","twitter_card":"summary_large_image","twitter_misc":{"Escrito por":"Reda\u00e7\u00e3o JBN","Est. tempo de leitura":"2 minutos"},"schema":{"@context":"https:\/\/schema.org","@graph":[{"@type":"Article","@id":"https:\/\/www.p31noticias.com.br\/?p=19132#article","isPartOf":{"@id":"https:\/\/www.p31noticias.com.br\/?p=19132"},"author":{"name":"Reda\u00e7\u00e3o JBN","@id":"https:\/\/www.p31noticias.com.br\/#\/schema\/person\/77d6b186c710ac38937c6ec204fdd387"},"headline":"Decreto suspende aulas e atividades por cinco dias","datePublished":"2020-03-12T10:00:19+00:00","mainEntityOfPage":{"@id":"https:\/\/www.p31noticias.com.br\/?p=19132"},"wordCount":480,"commentCount":0,"image":{"@id":"https:\/\/www.p31noticias.com.br\/?p=19132#primaryimage"},"thumbnailUrl":"https:\/\/www.p31noticias.com.br\/wp-content\/uploads\/2019\/05\/Filippelli-e-Ibaneis.jpg-840x509-1.jpg","articleSection":["Outros"],"inLanguage":"pt-BR","potentialAction":[{"@type":"CommentAction","name":"Comment","target":["https:\/\/www.p31noticias.com.br\/?p=19132#respond"]}],"copyrightYear":"2020","copyrightHolder":{"@id":"https:\/\/www.p31noticias.com.br\/#organization"}},{"@type":"WebPage","@id":"https:\/\/www.p31noticias.com.br\/?p=19132","url":"https:\/\/www.p31noticias.com.br\/?p=19132","name":"Decreto suspende aulas e atividades por cinco dias - P31","isPartOf":{"@id":"https:\/\/www.p31noticias.com.br\/#website"},"primaryImageOfPage":{"@id":"https:\/\/www.p31noticias.com.br\/?p=19132#primaryimage"},"image":{"@id":"https:\/\/www.p31noticias.com.br\/?p=19132#primaryimage"},"thumbnailUrl":"https:\/\/www.p31noticias.com.br\/wp-content\/uploads\/2019\/05\/Filippelli-e-Ibaneis.jpg-840x509-1.jpg","datePublished":"2020-03-12T10:00:19+00:00","author":{"@id":"https:\/\/www.p31noticias.com.br\/#\/schema\/person\/77d6b186c710ac38937c6ec204fdd387"},"breadcrumb":{"@id":"https:\/\/www.p31noticias.com.br\/?p=19132#breadcrumb"},"inLanguage":"pt-BR","potentialAction":[{"@type":"ReadAction","target":["https:\/\/www.p31noticias.com.br\/?p=19132"]}]},{"@type":"ImageObject","inLanguage":"pt-BR","@id":"https:\/\/www.p31noticias.com.br\/?p=19132#primaryimage","url":"https:\/\/www.p31noticias.com.br\/wp-content\/uploads\/2019\/05\/Filippelli-e-Ibaneis.jpg-840x509-1.jpg","contentUrl":"https:\/\/www.p31noticias.com.br\/wp-content\/uploads\/2019\/05\/Filippelli-e-Ibaneis.jpg-840x509-1.jpg","width":840,"height":509,"caption":"Bras\u00edlia(DF), 18\/08\/2018 Ibanes Rocha - Encontro com moradores e lideran\u00e7as em Taguatinga. Tadeu Filippelli. Local: Samambaia. Foto: Igo Estrela\/Metr\u00f3poles"},{"@type":"BreadcrumbList","@id":"https:\/\/www.p31noticias.com.br\/?p=19132#breadcrumb","itemListElement":[{"@type":"ListItem","position":1,"name":"In\u00edcio","item":"https:\/\/www.p31noticias.com.br\/"},{"@type":"ListItem","position":2,"name":"Decreto suspende aulas e atividades por cinco dias"}]},{"@type":"WebSite","@id":"https:\/\/www.p31noticias.com.br\/#website","url":"https:\/\/www.p31noticias.com.br\/","name":"P31","description":"NOT\u00cdCIAS","potentialAction":[{"@type":"SearchAction","target":{"@type":"EntryPoint","urlTemplate":"https:\/\/www.p31noticias.com.br\/?s={search_term_string}"},"query-input":{"@type":"PropertyValueSpecification","valueRequired":true,"valueName":"search_term_string"}}],"inLanguage":"pt-BR"},{"@type":"Person","@id":"https:\/\/www.p31noticias.com.br\/#\/schema\/person\/77d6b186c710ac38937c6ec204fdd387","name":"Reda\u00e7\u00e3o JBN","image":{"@type":"ImageObject","inLanguage":"pt-BR","@id":"https:\/\/secure.gravatar.com\/avatar\/10fcdb93211f98cce3d64c0795b0915a9a4a21dc0f279238995a3dbfafcad090?s=96&d=mm&r=g","url":"https:\/\/secure.gravatar.com\/avatar\/10fcdb93211f98cce3d64c0795b0915a9a4a21dc0f279238995a3dbfafcad090?s=96&d=mm&r=g","contentUrl":"https:\/\/secure.gravatar.com\/avatar\/10fcdb93211f98cce3d64c0795b0915a9a4a21dc0f279238995a3dbfafcad090?s=96&d=mm&r=g","caption":"Reda\u00e7\u00e3o JBN"},"sameAs":["https:\/\/p31noticias.com.br"],"url":"https:\/\/www.p31noticias.com.br\/?author=18"}]}},"amp_enabled":true,"_links":{"self":[{"href":"https:\/\/www.p31noticias.com.br\/index.php?rest_route=\/wp\/v2\/posts\/19132","targetHints":{"allow":["GET"]}}],"collection":[{"href":"https:\/\/www.p31noticias.com.br\/index.php?rest_route=\/wp\/v2\/posts"}],"about":[{"href":"https:\/\/www.p31noticias.com.br\/index.php?rest_route=\/wp\/v2\/types\/post"}],"author":[{"embeddable":true,"href":"https:\/\/www.p31noticias.com.br\/index.php?rest_route=\/wp\/v2\/users\/18"}],"replies":[{"embeddable":true,"href":"https:\/\/www.p31noticias.com.br\/index.php?rest_route=%2Fwp%2Fv2%2Fcomments&post=19132"}],"version-history":[{"count":0,"href":"https:\/\/www.p31noticias.com.br\/index.php?rest_route=\/wp\/v2\/posts\/19132\/revisions"}],"wp:featuredmedia":[{"embeddable":true,"href":"https:\/\/www.p31noticias.com.br\/index.php?rest_route=\/wp\/v2\/media\/17935"}],"wp:attachment":[{"href":"https:\/\/www.p31noticias.com.br\/index.php?rest_route=%2Fwp%2Fv2%2Fmedia&parent=19132"}],"wp:term":[{"taxonomy":"category","embeddable":true,"href":"https:\/\/www.p31noticias.com.br\/index.php?rest_route=%2Fwp%2Fv2%2Fcategories&post=19132"},{"taxonomy":"post_tag","embeddable":true,"href":"https:\/\/www.p31noticias.com.br\/index.php?rest_route=%2Fwp%2Fv2%2Ftags&post=19132"}],"curies":[{"name":"wp","href":"https:\/\/api.w.org\/{rel}","templated":true}]}}