{"id":19129,"date":"2020-03-06T06:04:57","date_gmt":"2020-03-06T09:04:57","guid":{"rendered":"https:\/\/www.delioandrade.com.br\/?p=19129"},"modified":"2020-03-06T06:04:57","modified_gmt":"2020-03-06T09:04:57","slug":"primeiro-caso-de-coronavirus-mostrou-o-df-preparado-para-enfrentar-a-doenca","status":"publish","type":"post","link":"https:\/\/www.p31noticias.com.br\/?p=19129","title":{"rendered":"Primeiro caso de coronav\u00edrus mostrou o DF preparado para enfrentar a doen\u00e7a"},"content":{"rendered":"<p>O setor de sa\u00fade de Bras\u00edlia, inclusive o privado, est\u00e1 t\u00e3o atento e preparado para lidar com a epidemia de coronav\u00edrus, que o Hospital Daher, que \u00e9 particular, aplicou os protocolos de primeiro atendimento t\u00e3o logo a mulher de 52 anos chegou a sua emerg\u00eancia com sintomas da doen\u00e7a. Com a indica\u00e7\u00e3o de diagn\u00f3stico de coronav\u00edrus, o hospital informou a Secretaria de Sa\u00fade para providenciar sua imediata remo\u00e7\u00e3o \u201cpara o tratamento e sobretudo rigoroso isolamento\u201d. A informa\u00e7\u00e3o \u00e9 da Coluna Cl\u00e1udio Humberto, do\u00a0<strong>Di\u00e1rio do Poder<\/strong>.<\/p>\n<p>\u00c0 frente do esfor\u00e7o contra coronav\u00edrus est\u00e1 o infectologista Eduardo Hage do Carlos, designado pelo governador para coordenar as a\u00e7\u00f5es.<\/p>\n<p>O secretario de Sa\u00fade do DF, Osnei Okumoto, estava t\u00e3o por fora do primeiro caso de coronav\u00edrus que informou idade errada da paciente.<\/p>\n<p>O DF designou como centros de refer\u00eancia do v\u00edrus o Hospital da Asa Norte (HRAN) e o Hospital de Base de Bras\u00edlia, para casos mais graves<\/p>\n","protected":false},"excerpt":{"rendered":"<p>O setor de sa\u00fade de Bras\u00edlia, inclusive o privado, est\u00e1 t\u00e3o atento e preparado para lidar com a epidemia de coronav\u00edrus, que o Hospital Daher, que \u00e9 particular, aplicou os protocolos de primeiro atendimento t\u00e3o logo a mulher de 52 anos chegou a sua emerg\u00eancia com sintomas da doen\u00e7a. Com a indica\u00e7\u00e3o de diagn\u00f3stico de [&hellip;]<\/p>\n","protected":false},"author":18,"featured_media":19130,"comment_status":"open","ping_status":"open","sticky":false,"template":"","format":"standard","meta":{"footnotes":""},"categories":[1],"tags":[],"class_list":{"0":"post-19129","1":"post","2":"type-post","3":"status-publish","4":"format-standard","5":"has-post-thumbnail","7":"category-outros"},"yoast_head":"<!-- This site is optimized with the Yoast SEO Premium plugin v24.5 (Yoast SEO v27.5) - https:\/\/yoast.com\/product\/yoast-seo-premium-wordpress\/ -->\n<title>Primeiro caso de coronav\u00edrus mostrou o DF preparado para enfrentar a doen\u00e7a - P31<\/title>\n<meta name=\"description\" content=\"O setor de sa\u00fade de Bras\u00edlia, inclusive o privado, est\u00e1 t\u00e3o atento e preparado para lidar com a epidemia de coronav\u00edrus, que o Hospital Daher, que \u00e9 particular, aplicou os protocolos de primeiro atendimento t\u00e3o logo a mulher de 52 anos chegou a sua emerg\u00eancia com sintomas da doen\u00e7a. Com a indica\u00e7\u00e3o de diagn\u00f3stico de coronav\u00edrus, o hospital informou a Secretaria de Sa\u00fade para providenciar sua imediata remo\u00e7\u00e3o \u201cpara o tratamento e sobretudo rigoroso isolamento\u201d. A informa\u00e7\u00e3o \u00e9 da Coluna Cl\u00e1udio Humberto, do\u00a0Di\u00e1rio do Poder.\" \/>\n<meta name=\"robots\" content=\"index, follow, max-snippet:-1, max-image-preview:large, max-video-preview:-1\" \/>\n<link rel=\"canonical\" href=\"https:\/\/www.p31noticias.com.br\/?p=19129\" \/>\n<meta property=\"og:locale\" content=\"pt_BR\" \/>\n<meta property=\"og:type\" content=\"article\" \/>\n<meta property=\"og:title\" content=\"Primeiro caso de coronav\u00edrus mostrou o DF preparado para enfrentar a doen\u00e7a\" \/>\n<meta property=\"og:description\" content=\"O setor de sa\u00fade de Bras\u00edlia, inclusive o privado, est\u00e1 t\u00e3o atento e preparado para lidar com a epidemia de coronav\u00edrus, que o Hospital Daher, que \u00e9 particular, aplicou os protocolos de primeiro atendimento t\u00e3o logo a mulher de 52 anos chegou a sua emerg\u00eancia com sintomas da doen\u00e7a. Com a indica\u00e7\u00e3o de diagn\u00f3stico de coronav\u00edrus, o hospital informou a Secretaria de Sa\u00fade para providenciar sua imediata remo\u00e7\u00e3o \u201cpara o tratamento e sobretudo rigoroso isolamento\u201d. A informa\u00e7\u00e3o \u00e9 da Coluna Cl\u00e1udio Humberto, do\u00a0Di\u00e1rio do Poder.\" \/>\n<meta property=\"og:url\" content=\"https:\/\/www.p31noticias.com.br\/?p=19129\" \/>\n<meta property=\"og:site_name\" content=\"P31\" \/>\n<meta property=\"article:published_time\" content=\"2020-03-06T09:04:57+00:00\" \/>\n<meta property=\"og:image\" content=\"https:\/\/www.p31noticias.com.br\/wp-content\/uploads\/2020\/03\/coronavirus.jpg\" \/>\n\t<meta property=\"og:image:width\" content=\"1114\" \/>\n\t<meta property=\"og:image:height\" content=\"564\" \/>\n\t<meta property=\"og:image:type\" content=\"image\/jpeg\" \/>\n<meta name=\"author\" content=\"Reda\u00e7\u00e3o JBN\" \/>\n<meta name=\"twitter:card\" content=\"summary_large_image\" \/>\n<meta name=\"twitter:label1\" content=\"Escrito por\" \/>\n\t<meta name=\"twitter:data1\" content=\"Reda\u00e7\u00e3o JBN\" \/>\n\t<meta name=\"twitter:label2\" content=\"Est. tempo de leitura\" \/>\n\t<meta name=\"twitter:data2\" content=\"1 minuto\" \/>\n<script type=\"application\/ld+json\" class=\"yoast-schema-graph\">{\"@context\":\"https:\\\/\\\/schema.org\",\"@graph\":[{\"@type\":\"Article\",\"@id\":\"https:\\\/\\\/www.p31noticias.com.br\\\/?p=19129#article\",\"isPartOf\":{\"@id\":\"https:\\\/\\\/www.p31noticias.com.br\\\/?p=19129\"},\"author\":{\"name\":\"Reda\u00e7\u00e3o JBN\",\"@id\":\"https:\\\/\\\/www.p31noticias.com.br\\\/#\\\/schema\\\/person\\\/77d6b186c710ac38937c6ec204fdd387\"},\"headline\":\"Primeiro caso de coronav\u00edrus mostrou o DF preparado para enfrentar a doen\u00e7a\",\"datePublished\":\"2020-03-06T09:04:57+00:00\",\"mainEntityOfPage\":{\"@id\":\"https:\\\/\\\/www.p31noticias.com.br\\\/?p=19129\"},\"wordCount\":189,\"commentCount\":0,\"image\":{\"@id\":\"https:\\\/\\\/www.p31noticias.com.br\\\/?p=19129#primaryimage\"},\"thumbnailUrl\":\"https:\\\/\\\/www.p31noticias.com.br\\\/wp-content\\\/uploads\\\/2020\\\/03\\\/coronavirus.jpg\",\"articleSection\":[\"Outros\"],\"inLanguage\":\"pt-BR\",\"potentialAction\":[{\"@type\":\"CommentAction\",\"name\":\"Comment\",\"target\":[\"https:\\\/\\\/www.p31noticias.com.br\\\/?p=19129#respond\"]}],\"copyrightYear\":\"2020\",\"copyrightHolder\":{\"@id\":\"https:\\\/\\\/www.p31noticias.com.br\\\/#organization\"}},{\"@type\":\"WebPage\",\"@id\":\"https:\\\/\\\/www.p31noticias.com.br\\\/?p=19129\",\"url\":\"https:\\\/\\\/www.p31noticias.com.br\\\/?p=19129\",\"name\":\"Primeiro caso de coronav\u00edrus mostrou o DF preparado para enfrentar a doen\u00e7a - P31\",\"isPartOf\":{\"@id\":\"https:\\\/\\\/www.p31noticias.com.br\\\/#website\"},\"primaryImageOfPage\":{\"@id\":\"https:\\\/\\\/www.p31noticias.com.br\\\/?p=19129#primaryimage\"},\"image\":{\"@id\":\"https:\\\/\\\/www.p31noticias.com.br\\\/?p=19129#primaryimage\"},\"thumbnailUrl\":\"https:\\\/\\\/www.p31noticias.com.br\\\/wp-content\\\/uploads\\\/2020\\\/03\\\/coronavirus.jpg\",\"datePublished\":\"2020-03-06T09:04:57+00:00\",\"author\":{\"@id\":\"https:\\\/\\\/www.p31noticias.com.br\\\/#\\\/schema\\\/person\\\/77d6b186c710ac38937c6ec204fdd387\"},\"description\":\"O setor de sa\u00fade de Bras\u00edlia, inclusive o privado, est\u00e1 t\u00e3o atento e preparado para lidar com a epidemia de coronav\u00edrus, que o Hospital Daher, que \u00e9 particular, aplicou os protocolos de primeiro atendimento t\u00e3o logo a mulher de 52 anos chegou a sua emerg\u00eancia com sintomas da doen\u00e7a. Com a indica\u00e7\u00e3o de diagn\u00f3stico de coronav\u00edrus, o hospital informou a Secretaria de Sa\u00fade para providenciar sua imediata remo\u00e7\u00e3o \u201cpara o tratamento e sobretudo rigoroso isolamento\u201d. A informa\u00e7\u00e3o \u00e9 da Coluna Cl\u00e1udio Humberto, do\u00a0Di\u00e1rio do Poder.\",\"breadcrumb\":{\"@id\":\"https:\\\/\\\/www.p31noticias.com.br\\\/?p=19129#breadcrumb\"},\"inLanguage\":\"pt-BR\",\"potentialAction\":[{\"@type\":\"ReadAction\",\"target\":[\"https:\\\/\\\/www.p31noticias.com.br\\\/?p=19129\"]}]},{\"@type\":\"ImageObject\",\"inLanguage\":\"pt-BR\",\"@id\":\"https:\\\/\\\/www.p31noticias.com.br\\\/?p=19129#primaryimage\",\"url\":\"https:\\\/\\\/www.p31noticias.com.br\\\/wp-content\\\/uploads\\\/2020\\\/03\\\/coronavirus.jpg\",\"contentUrl\":\"https:\\\/\\\/www.p31noticias.com.br\\\/wp-content\\\/uploads\\\/2020\\\/03\\\/coronavirus.jpg\",\"width\":1114,\"height\":564},{\"@type\":\"BreadcrumbList\",\"@id\":\"https:\\\/\\\/www.p31noticias.com.br\\\/?p=19129#breadcrumb\",\"itemListElement\":[{\"@type\":\"ListItem\",\"position\":1,\"name\":\"In\u00edcio\",\"item\":\"https:\\\/\\\/www.p31noticias.com.br\\\/\"},{\"@type\":\"ListItem\",\"position\":2,\"name\":\"Primeiro caso de coronav\u00edrus mostrou o DF preparado para enfrentar a doen\u00e7a\"}]},{\"@type\":\"WebSite\",\"@id\":\"https:\\\/\\\/www.p31noticias.com.br\\\/#website\",\"url\":\"https:\\\/\\\/www.p31noticias.com.br\\\/\",\"name\":\"P31\",\"description\":\"NOT\u00cdCIAS\",\"potentialAction\":[{\"@type\":\"SearchAction\",\"target\":{\"@type\":\"EntryPoint\",\"urlTemplate\":\"https:\\\/\\\/www.p31noticias.com.br\\\/?s={search_term_string}\"},\"query-input\":{\"@type\":\"PropertyValueSpecification\",\"valueRequired\":true,\"valueName\":\"search_term_string\"}}],\"inLanguage\":\"pt-BR\"},{\"@type\":\"Person\",\"@id\":\"https:\\\/\\\/www.p31noticias.com.br\\\/#\\\/schema\\\/person\\\/77d6b186c710ac38937c6ec204fdd387\",\"name\":\"Reda\u00e7\u00e3o JBN\",\"image\":{\"@type\":\"ImageObject\",\"inLanguage\":\"pt-BR\",\"@id\":\"https:\\\/\\\/secure.gravatar.com\\\/avatar\\\/10fcdb93211f98cce3d64c0795b0915a9a4a21dc0f279238995a3dbfafcad090?s=96&d=mm&r=g\",\"url\":\"https:\\\/\\\/secure.gravatar.com\\\/avatar\\\/10fcdb93211f98cce3d64c0795b0915a9a4a21dc0f279238995a3dbfafcad090?s=96&d=mm&r=g\",\"contentUrl\":\"https:\\\/\\\/secure.gravatar.com\\\/avatar\\\/10fcdb93211f98cce3d64c0795b0915a9a4a21dc0f279238995a3dbfafcad090?s=96&d=mm&r=g\",\"caption\":\"Reda\u00e7\u00e3o JBN\"},\"sameAs\":[\"https:\\\/\\\/p31noticias.com.br\"],\"url\":\"https:\\\/\\\/www.p31noticias.com.br\\\/?author=18\"}]}<\/script>\n<!-- \/ Yoast SEO Premium plugin. -->","yoast_head_json":{"title":"Primeiro caso de coronav\u00edrus mostrou o DF preparado para enfrentar a doen\u00e7a - P31","description":"O setor de sa\u00fade de Bras\u00edlia, inclusive o privado, est\u00e1 t\u00e3o atento e preparado para lidar com a epidemia de coronav\u00edrus, que o Hospital Daher, que \u00e9 particular, aplicou os protocolos de primeiro atendimento t\u00e3o logo a mulher de 52 anos chegou a sua emerg\u00eancia com sintomas da doen\u00e7a. Com a indica\u00e7\u00e3o de diagn\u00f3stico de coronav\u00edrus, o hospital informou a Secretaria de Sa\u00fade para providenciar sua imediata remo\u00e7\u00e3o \u201cpara o tratamento e sobretudo rigoroso isolamento\u201d. A informa\u00e7\u00e3o \u00e9 da Coluna Cl\u00e1udio Humberto, do\u00a0Di\u00e1rio do Poder.","robots":{"index":"index","follow":"follow","max-snippet":"max-snippet:-1","max-image-preview":"max-image-preview:large","max-video-preview":"max-video-preview:-1"},"canonical":"https:\/\/www.p31noticias.com.br\/?p=19129","og_locale":"pt_BR","og_type":"article","og_title":"Primeiro caso de coronav\u00edrus mostrou o DF preparado para enfrentar a doen\u00e7a","og_description":"O setor de sa\u00fade de Bras\u00edlia, inclusive o privado, est\u00e1 t\u00e3o atento e preparado para lidar com a epidemia de coronav\u00edrus, que o Hospital Daher, que \u00e9 particular, aplicou os protocolos de primeiro atendimento t\u00e3o logo a mulher de 52 anos chegou a sua emerg\u00eancia com sintomas da doen\u00e7a. Com a indica\u00e7\u00e3o de diagn\u00f3stico de coronav\u00edrus, o hospital informou a Secretaria de Sa\u00fade para providenciar sua imediata remo\u00e7\u00e3o \u201cpara o tratamento e sobretudo rigoroso isolamento\u201d. A informa\u00e7\u00e3o \u00e9 da Coluna Cl\u00e1udio Humberto, do\u00a0Di\u00e1rio do Poder.","og_url":"https:\/\/www.p31noticias.com.br\/?p=19129","og_site_name":"P31","article_published_time":"2020-03-06T09:04:57+00:00","og_image":[{"width":1114,"height":564,"url":"https:\/\/www.p31noticias.com.br\/wp-content\/uploads\/2020\/03\/coronavirus.jpg","type":"image\/jpeg"}],"author":"Reda\u00e7\u00e3o JBN","twitter_card":"summary_large_image","twitter_misc":{"Escrito por":"Reda\u00e7\u00e3o JBN","Est. tempo de leitura":"1 minuto"},"schema":{"@context":"https:\/\/schema.org","@graph":[{"@type":"Article","@id":"https:\/\/www.p31noticias.com.br\/?p=19129#article","isPartOf":{"@id":"https:\/\/www.p31noticias.com.br\/?p=19129"},"author":{"name":"Reda\u00e7\u00e3o JBN","@id":"https:\/\/www.p31noticias.com.br\/#\/schema\/person\/77d6b186c710ac38937c6ec204fdd387"},"headline":"Primeiro caso de coronav\u00edrus mostrou o DF preparado para enfrentar a doen\u00e7a","datePublished":"2020-03-06T09:04:57+00:00","mainEntityOfPage":{"@id":"https:\/\/www.p31noticias.com.br\/?p=19129"},"wordCount":189,"commentCount":0,"image":{"@id":"https:\/\/www.p31noticias.com.br\/?p=19129#primaryimage"},"thumbnailUrl":"https:\/\/www.p31noticias.com.br\/wp-content\/uploads\/2020\/03\/coronavirus.jpg","articleSection":["Outros"],"inLanguage":"pt-BR","potentialAction":[{"@type":"CommentAction","name":"Comment","target":["https:\/\/www.p31noticias.com.br\/?p=19129#respond"]}],"copyrightYear":"2020","copyrightHolder":{"@id":"https:\/\/www.p31noticias.com.br\/#organization"}},{"@type":"WebPage","@id":"https:\/\/www.p31noticias.com.br\/?p=19129","url":"https:\/\/www.p31noticias.com.br\/?p=19129","name":"Primeiro caso de coronav\u00edrus mostrou o DF preparado para enfrentar a doen\u00e7a - P31","isPartOf":{"@id":"https:\/\/www.p31noticias.com.br\/#website"},"primaryImageOfPage":{"@id":"https:\/\/www.p31noticias.com.br\/?p=19129#primaryimage"},"image":{"@id":"https:\/\/www.p31noticias.com.br\/?p=19129#primaryimage"},"thumbnailUrl":"https:\/\/www.p31noticias.com.br\/wp-content\/uploads\/2020\/03\/coronavirus.jpg","datePublished":"2020-03-06T09:04:57+00:00","author":{"@id":"https:\/\/www.p31noticias.com.br\/#\/schema\/person\/77d6b186c710ac38937c6ec204fdd387"},"description":"O setor de sa\u00fade de Bras\u00edlia, inclusive o privado, est\u00e1 t\u00e3o atento e preparado para lidar com a epidemia de coronav\u00edrus, que o Hospital Daher, que \u00e9 particular, aplicou os protocolos de primeiro atendimento t\u00e3o logo a mulher de 52 anos chegou a sua emerg\u00eancia com sintomas da doen\u00e7a. Com a indica\u00e7\u00e3o de diagn\u00f3stico de coronav\u00edrus, o hospital informou a Secretaria de Sa\u00fade para providenciar sua imediata remo\u00e7\u00e3o \u201cpara o tratamento e sobretudo rigoroso isolamento\u201d. A informa\u00e7\u00e3o \u00e9 da Coluna Cl\u00e1udio Humberto, do\u00a0Di\u00e1rio do Poder.","breadcrumb":{"@id":"https:\/\/www.p31noticias.com.br\/?p=19129#breadcrumb"},"inLanguage":"pt-BR","potentialAction":[{"@type":"ReadAction","target":["https:\/\/www.p31noticias.com.br\/?p=19129"]}]},{"@type":"ImageObject","inLanguage":"pt-BR","@id":"https:\/\/www.p31noticias.com.br\/?p=19129#primaryimage","url":"https:\/\/www.p31noticias.com.br\/wp-content\/uploads\/2020\/03\/coronavirus.jpg","contentUrl":"https:\/\/www.p31noticias.com.br\/wp-content\/uploads\/2020\/03\/coronavirus.jpg","width":1114,"height":564},{"@type":"BreadcrumbList","@id":"https:\/\/www.p31noticias.com.br\/?p=19129#breadcrumb","itemListElement":[{"@type":"ListItem","position":1,"name":"In\u00edcio","item":"https:\/\/www.p31noticias.com.br\/"},{"@type":"ListItem","position":2,"name":"Primeiro caso de coronav\u00edrus mostrou o DF preparado para enfrentar a doen\u00e7a"}]},{"@type":"WebSite","@id":"https:\/\/www.p31noticias.com.br\/#website","url":"https:\/\/www.p31noticias.com.br\/","name":"P31","description":"NOT\u00cdCIAS","potentialAction":[{"@type":"SearchAction","target":{"@type":"EntryPoint","urlTemplate":"https:\/\/www.p31noticias.com.br\/?s={search_term_string}"},"query-input":{"@type":"PropertyValueSpecification","valueRequired":true,"valueName":"search_term_string"}}],"inLanguage":"pt-BR"},{"@type":"Person","@id":"https:\/\/www.p31noticias.com.br\/#\/schema\/person\/77d6b186c710ac38937c6ec204fdd387","name":"Reda\u00e7\u00e3o JBN","image":{"@type":"ImageObject","inLanguage":"pt-BR","@id":"https:\/\/secure.gravatar.com\/avatar\/10fcdb93211f98cce3d64c0795b0915a9a4a21dc0f279238995a3dbfafcad090?s=96&d=mm&r=g","url":"https:\/\/secure.gravatar.com\/avatar\/10fcdb93211f98cce3d64c0795b0915a9a4a21dc0f279238995a3dbfafcad090?s=96&d=mm&r=g","contentUrl":"https:\/\/secure.gravatar.com\/avatar\/10fcdb93211f98cce3d64c0795b0915a9a4a21dc0f279238995a3dbfafcad090?s=96&d=mm&r=g","caption":"Reda\u00e7\u00e3o JBN"},"sameAs":["https:\/\/p31noticias.com.br"],"url":"https:\/\/www.p31noticias.com.br\/?author=18"}]}},"amp_enabled":true,"_links":{"self":[{"href":"https:\/\/www.p31noticias.com.br\/index.php?rest_route=\/wp\/v2\/posts\/19129","targetHints":{"allow":["GET"]}}],"collection":[{"href":"https:\/\/www.p31noticias.com.br\/index.php?rest_route=\/wp\/v2\/posts"}],"about":[{"href":"https:\/\/www.p31noticias.com.br\/index.php?rest_route=\/wp\/v2\/types\/post"}],"author":[{"embeddable":true,"href":"https:\/\/www.p31noticias.com.br\/index.php?rest_route=\/wp\/v2\/users\/18"}],"replies":[{"embeddable":true,"href":"https:\/\/www.p31noticias.com.br\/index.php?rest_route=%2Fwp%2Fv2%2Fcomments&post=19129"}],"version-history":[{"count":0,"href":"https:\/\/www.p31noticias.com.br\/index.php?rest_route=\/wp\/v2\/posts\/19129\/revisions"}],"wp:featuredmedia":[{"embeddable":true,"href":"https:\/\/www.p31noticias.com.br\/index.php?rest_route=\/wp\/v2\/media\/19130"}],"wp:attachment":[{"href":"https:\/\/www.p31noticias.com.br\/index.php?rest_route=%2Fwp%2Fv2%2Fmedia&parent=19129"}],"wp:term":[{"taxonomy":"category","embeddable":true,"href":"https:\/\/www.p31noticias.com.br\/index.php?rest_route=%2Fwp%2Fv2%2Fcategories&post=19129"},{"taxonomy":"post_tag","embeddable":true,"href":"https:\/\/www.p31noticias.com.br\/index.php?rest_route=%2Fwp%2Fv2%2Ftags&post=19129"}],"curies":[{"name":"wp","href":"https:\/\/api.w.org\/{rel}","templated":true}]}}