{"id":19126,"date":"2020-03-05T21:07:26","date_gmt":"2020-03-06T00:07:26","guid":{"rendered":"https:\/\/www.delioandrade.com.br\/?p=19126"},"modified":"2020-03-05T21:07:26","modified_gmt":"2020-03-06T00:07:26","slug":"francofonia-sem-fronteiras","status":"publish","type":"post","link":"https:\/\/www.p31noticias.com.br\/?p=19126","title":{"rendered":"Francofonia sem fronteiras"},"content":{"rendered":"<p style=\"font-weight: 400;\">H\u00e1 23 anos \u00e9 realizado o Festival da Francofonia em Bras\u00edlia, sempre nesta \u00e9poca. E, como de costume, a programa\u00e7\u00e3o vem recheada de atividades. Para abrir essa grande celebra\u00e7\u00e3o cultural, a sala Le Corbusier da Embaixada da Fran\u00e7a em Bras\u00edlia (SES, quadra 801, lote 4) vai exibir quatro longas-metragens franc\u00f3fonos, sempre \u00e0s 19h, nos dias\u00a0<strong>4, 11, 18 e 25 de mar\u00e7o<\/strong>.<\/p>\n<p style=\"font-weight: 400;\">\n<p style=\"font-weight: 400;\">J\u00e1 a Alian\u00e7a Francesa (SEPS 708\/907, lote A) apresenta, no dia\u00a0<strong>21 de mar\u00e7o<\/strong>, \u00e0s 11h, quatro curtas-metragens destinados ao p\u00fablico jovem. S\u00e3o filmes que comp\u00f5em a produ\u00e7\u00e3o cinematogr\u00e1fica de anima\u00e7\u00e3o africana: \u2018As tr\u00eas verdades\u2019\u00a0(Louisa Beskri et Wakili Adehan, B\u00eanin, 14 min), \u2018O lutador\u2019 (Abib Ciss\u00e9, Senegal, 14 min), \u2018O presente\u2019 (Ismael Dialo, Mali, 11 min), \u2018Shamazulu\u2019\u00a0(J\u00e9r\u00e9mie Nsingui, Rp Dem.\u00a0Congo, 12 min) e \u2018Malika e a bruxa\u2019 (Nabaloum Boureima, Burkina Faso, 15 min), al\u00e9m do drama ucraniano \u2018N\u00edvel de Preto\u2019,\u00a0<strong>no dia 23<\/strong>, \u00e0s 19h, ambos na midiateca e no audit\u00f3rio, respectivamente. A entrada \u00e9 franca.<\/p>\n<p style=\"font-weight: 400;\">\n<p style=\"font-weight: 400;\">No dia\u00a0<strong>12 de mar\u00e7o<\/strong>, tamb\u00e9m na Alian\u00e7a Francesa, ocorre a exposi\u00e7\u00e3o Prix Photo AF (2019), com o tema Fronteiras. Na galeria, ser\u00e3o expostas fotografias dos artistas brasileiros Osmar Gon\u00e7alves dos Reis Filho (Fortaleza, CE), Kitty Paranagu\u00e1 (Rio de Janeiro, RJ) e Luiz Baltar (Rio de Janeiro, RJ), vencedores do concurso nacional que d\u00e1 nome \u00e0 mostra.<\/p>\n<p style=\"font-weight: 400;\">\n<p style=\"font-weight: 400;\">J\u00e1 o artista grafiteiro Marko 93 estar\u00e1 em Bras\u00edlia de\u00a0<strong>12 a 15 de mar\u00e7o<\/strong>\u00a0para\u00a0 dar oficinas de grafite e light painting (pintura de luz) \u00a0juntamente com o Centro Educacional Lago Norte (Cedlan), escola p\u00fablica bil\u00edngue. Crescido em Saint-Denis, um sub\u00farbio hist\u00f3rico da classe trabalhadora ao norte de Paris, foi l\u00e1 que ele deu seus primeiros passos. No final dos anos 80, o movimento Hip Hop surgiu e rapidamente estabeleceu ra\u00edzes nas grandes cidades e sub\u00farbios. Marko adotou o grafite como seu meio de express\u00e3o.<\/p>\n<p style=\"font-weight: 400;\">\n<p style=\"font-weight: 400;\">O Bazar da Francofonia &#8211; que re\u00fane anualmente mais de 20 embaixadas de pa\u00edses franc\u00f3fonos com os mais variados produtos e um p\u00fablico fiel de cerca de 3 mil pessoas &#8211; vai ocupar este ano o estacionamento interno da Alian\u00e7a Francesa, com acesso direto \u00e0 rua, no dia\u00a0<strong>15 de mar\u00e7o<\/strong>. Os lindos jardins de Burle Marx estar\u00e3o livres para piquenique e circula\u00e7\u00e3o de pessoas. Das 10h \u00e0s 17h, os visitantes ter\u00e3o acesso aos estandes de venda de artesanato e \u00e0 Pra\u00e7a de Alimenta\u00e7\u00e3o, onde ser\u00e3o oferecidas comidas t\u00edpicas como os queijos franceses, fritas belgas, a culin\u00e1ria da Costa do Marfim e a famosa raclette su\u00ed\u00e7a.<\/p>\n<p style=\"font-weight: 400;\">\n<p style=\"font-weight: 400;\">Com o objetivo de incluir todos os p\u00fablicos, haver\u00e1 ainda uma programa\u00e7\u00e3o especial para as crian\u00e7as, com direito a oficina de bambol\u00eas, brinquedos infl\u00e1veis e pintura de rosto. Durante o evento, ser\u00e3o sorteados brindes para os participantes e o bistrot Le Jardin estar\u00e1 aberto.\u00a0Tudo isso ao som dos DJs J\u00falia Ayra e do Tayrone, que prepararam uma sele\u00e7\u00e3o musical variada para tornar o ambiente ainda mais agrad\u00e1vel.\u00a0O artista Marko 93 tamb\u00e9m far\u00e1 uma interven\u00e7\u00e3o art\u00edstica durante o bazar.<\/p>\n<p style=\"font-weight: 400;\">\nA noite oficial do Festival da Francofonia, no dia\u00a0<strong>17 de mar\u00e7o<\/strong>, ser\u00e1 marcada pela apresenta\u00e7\u00e3o de Moch\u00e9lan, artista de m\u00faltiplas facetas de Charleroi, B\u00e9lgica. Influenciado pelo Hip Hop em meados dos anos 90, ele experimentou todas as \u00e1reas art\u00edsticas, mas n\u00e3o tinha habilidade para a dan\u00e7a, talento para ser DJ e sua falta de simetria o fez abandonar rapidamente o grafite. Na dire\u00e7\u00e3o da escrita, entretanto, ele se encontrou e uniu a m\u00fasica ao slam (campeonatos de poesia), ao rap e ao teatro. O concerto ocorrer\u00e1 na Pra\u00e7a Central do Espa\u00e7o do Cultural Renato Russo, \u00e0s 20h, com entrada franca.<\/p>\n<p style=\"font-weight: 400;\">\n<p style=\"font-weight: 400;\">Na \u2018Soir\u00e9e Th\u00e9\u00e2tre\u2019, no dia\u00a0<strong>18 de mar\u00e7o<\/strong>, oito cenas e um concerto em uma noite dedicada ao teatro e \u00e0 m\u00fasica, onde jovens artistas franc\u00f3fonos do Lyc\u00e9e Fran\u00e7ois Mitterrand, em Bras\u00edlia, homenageiam a Francofonia. O p\u00fablico descobrir\u00e1 hist\u00f3rias exc\u00eantricas, comoventes ou tr\u00e1gicas de v\u00e1rios personagens, ao ritmo de acordes musicais. Entrada franca a partir das 18h30, com duas sess\u00f5es teatrais \u00e0s 19h e 21h, no\u00a0Lyc\u00e9e Fran\u00e7ois Mitterrand (QI 21 do Lago Sul).<\/p>\n<p style=\"font-weight: 400;\">\n<p style=\"font-weight: 400;\">Por fim, no dia\u00a0<strong>20 de mar\u00e7o<\/strong>,\u00a0 a Embaixada do Canad\u00e1 promove o Karaok\u00ea Canad\u00e1 Club, com a participa\u00e7\u00e3o do DJ Henrique Barbosa.\u00a0 A entrada \u00e9 franca com retirada de ingressos pelo site da Eventbrite.<\/p>\n<p style=\"font-weight: 400;\">\n<p style=\"font-weight: 400;\"><strong>A\u00a0FRANCOFONIA<\/strong><\/p>\n<p style=\"font-weight: 400;\">A\u00a0francofonia\u00a0nasceu da iniciativa de tr\u00eas eminentes franc\u00f3fonos e Chefes de Estados africanos:\u00a0L\u00e9opolde S\u00e9dar, Senegal;\u00a0Habib Bourguiba, Tun\u00edsia, e\u00a0Hamami Diori,<em>\u00a0<\/em>do N\u00edger. O dia 20 de mar\u00e7o foi escolhido como Dia Internacional da\u00a0Francofonia\u00a0por ter sido a data da assinatura da Conven\u00e7\u00e3o da cria\u00e7\u00e3o da Ag\u00eancia de Coopera\u00e7\u00e3o Cultural e T\u00e9cnica (ACCT) em Niamey, Niger, no ano 1970.<\/p>\n<p style=\"font-weight: 400;\">Em 1997, a ACCT foi transformada em Organiza\u00e7\u00e3o Internacional da\u00a0Francofonia\u00a0(OIF) por disposi\u00e7\u00e3o adotada durante a C\u00fapula realizada em Han\u00f3i, Vietn\u00e3, revisada em 2005 durante a Confer\u00eancia de Antananarivo, Madagascar.<\/p>\n<p style=\"font-weight: 400;\">Trata-se de um dispositivo institucional que organiza as rela\u00e7\u00f5es pol\u00edticas e de coopera\u00e7\u00e3o entre os estados e governos da OIF.\u00a0 Comunidade lingu\u00edstica, que envolve entidades estatais e governamentais que t\u00eam em comum a l\u00edngua francesa e compartilham valores humanistas, culturais e democr\u00e1ticos.<\/p>\n<p style=\"font-weight: 400;\">Em janeiro de 2015, a Sra.\u00a0Micha\u00eblle Jean, canadense de origem haitiana, ex-governadora geral do Canad\u00e1, foi empossada como nova secret\u00e1ria geral da Organiza\u00e7\u00e3o Internacional da\u00a0Francofonia. Ela se tornou a primeira mulher e a primeira personalidade n\u00e3o africana a ocupar esse alto cargo. A Sra.\u00a0Jean deixou com sua fam\u00edlia seu pa\u00eds natal, Haiti, e foi para o Canad\u00e1 fugindo da ditadura de\u00a0Duvalier\u00a0quando ela tinha apenas 11 anos de idade.<\/p>\n<p style=\"font-weight: 400;\">Atualmente, a OIF integra 80 pa\u00edses espalhados pelos cinco continentes, sendo 54 membros, 23 observadores e tr\u00eas estados associados.<\/p>\n<p style=\"font-weight: 400;\">A 23\u00aa edi\u00e7\u00e3o do Festival da\u00a0Francofonia, em Bras\u00edlia, \u00e9 presidida pela Embaixada da Tun\u00edsia.<\/p>\n","protected":false},"excerpt":{"rendered":"<p>H\u00e1 23 anos \u00e9 realizado o Festival da Francofonia em Bras\u00edlia, sempre nesta \u00e9poca. E, como de costume, a programa\u00e7\u00e3o vem recheada de atividades. Para abrir essa grande celebra\u00e7\u00e3o cultural, a sala Le Corbusier da Embaixada da Fran\u00e7a em Bras\u00edlia (SES, quadra 801, lote 4) vai exibir quatro longas-metragens franc\u00f3fonos, sempre \u00e0s 19h, nos dias\u00a04, [&hellip;]<\/p>\n","protected":false},"author":18,"featured_media":19127,"comment_status":"open","ping_status":"open","sticky":false,"template":"","format":"standard","meta":{"footnotes":""},"categories":[1],"tags":[],"class_list":{"0":"post-19126","1":"post","2":"type-post","3":"status-publish","4":"format-standard","5":"has-post-thumbnail","7":"category-outros"},"yoast_head":"<!-- This site is optimized with the Yoast SEO Premium plugin v24.5 (Yoast SEO v27.5) - https:\/\/yoast.com\/product\/yoast-seo-premium-wordpress\/ -->\n<title>Francofonia sem fronteiras - P31<\/title>\n<meta name=\"robots\" content=\"index, follow, max-snippet:-1, max-image-preview:large, max-video-preview:-1\" \/>\n<link rel=\"canonical\" href=\"https:\/\/www.p31noticias.com.br\/?p=19126\" \/>\n<meta property=\"og:locale\" content=\"pt_BR\" \/>\n<meta property=\"og:type\" content=\"article\" \/>\n<meta property=\"og:title\" content=\"Francofonia sem fronteiras\" \/>\n<meta property=\"og:description\" content=\"H\u00e1 23 anos \u00e9 realizado o Festival da Francofonia em Bras\u00edlia, sempre nesta \u00e9poca. E, como de costume, a programa\u00e7\u00e3o vem recheada de atividades. Para abrir essa grande celebra\u00e7\u00e3o cultural, a sala Le Corbusier da Embaixada da Fran\u00e7a em Bras\u00edlia (SES, quadra 801, lote 4) vai exibir quatro longas-metragens franc\u00f3fonos, sempre \u00e0s 19h, nos dias\u00a04, [&hellip;]\" \/>\n<meta property=\"og:url\" content=\"https:\/\/www.p31noticias.com.br\/?p=19126\" \/>\n<meta property=\"og:site_name\" content=\"P31\" \/>\n<meta property=\"article:published_time\" content=\"2020-03-06T00:07:26+00:00\" \/>\n<meta property=\"og:image\" content=\"https:\/\/www.p31noticias.com.br\/wp-content\/uploads\/2020\/03\/Aya-de-yopougon.jpg\" \/>\n\t<meta property=\"og:image:width\" content=\"880\" \/>\n\t<meta property=\"og:image:height\" content=\"564\" \/>\n\t<meta property=\"og:image:type\" content=\"image\/jpeg\" \/>\n<meta name=\"author\" content=\"Reda\u00e7\u00e3o JBN\" \/>\n<meta name=\"twitter:card\" content=\"summary_large_image\" \/>\n<meta name=\"twitter:label1\" content=\"Escrito por\" \/>\n\t<meta name=\"twitter:data1\" content=\"Reda\u00e7\u00e3o JBN\" \/>\n\t<meta name=\"twitter:label2\" content=\"Est. tempo de leitura\" \/>\n\t<meta name=\"twitter:data2\" content=\"5 minutos\" \/>\n<script type=\"application\/ld+json\" class=\"yoast-schema-graph\">{\"@context\":\"https:\\\/\\\/schema.org\",\"@graph\":[{\"@type\":\"Article\",\"@id\":\"https:\\\/\\\/www.p31noticias.com.br\\\/?p=19126#article\",\"isPartOf\":{\"@id\":\"https:\\\/\\\/www.p31noticias.com.br\\\/?p=19126\"},\"author\":{\"name\":\"Reda\u00e7\u00e3o JBN\",\"@id\":\"https:\\\/\\\/www.p31noticias.com.br\\\/#\\\/schema\\\/person\\\/77d6b186c710ac38937c6ec204fdd387\"},\"headline\":\"Francofonia sem fronteiras\",\"datePublished\":\"2020-03-06T00:07:26+00:00\",\"mainEntityOfPage\":{\"@id\":\"https:\\\/\\\/www.p31noticias.com.br\\\/?p=19126\"},\"wordCount\":1028,\"commentCount\":0,\"image\":{\"@id\":\"https:\\\/\\\/www.p31noticias.com.br\\\/?p=19126#primaryimage\"},\"thumbnailUrl\":\"https:\\\/\\\/www.p31noticias.com.br\\\/wp-content\\\/uploads\\\/2020\\\/03\\\/Aya-de-yopougon.jpg\",\"articleSection\":[\"Outros\"],\"inLanguage\":\"pt-BR\",\"potentialAction\":[{\"@type\":\"CommentAction\",\"name\":\"Comment\",\"target\":[\"https:\\\/\\\/www.p31noticias.com.br\\\/?p=19126#respond\"]}],\"copyrightYear\":\"2020\",\"copyrightHolder\":{\"@id\":\"https:\\\/\\\/www.p31noticias.com.br\\\/#organization\"}},{\"@type\":\"WebPage\",\"@id\":\"https:\\\/\\\/www.p31noticias.com.br\\\/?p=19126\",\"url\":\"https:\\\/\\\/www.p31noticias.com.br\\\/?p=19126\",\"name\":\"Francofonia sem fronteiras - P31\",\"isPartOf\":{\"@id\":\"https:\\\/\\\/www.p31noticias.com.br\\\/#website\"},\"primaryImageOfPage\":{\"@id\":\"https:\\\/\\\/www.p31noticias.com.br\\\/?p=19126#primaryimage\"},\"image\":{\"@id\":\"https:\\\/\\\/www.p31noticias.com.br\\\/?p=19126#primaryimage\"},\"thumbnailUrl\":\"https:\\\/\\\/www.p31noticias.com.br\\\/wp-content\\\/uploads\\\/2020\\\/03\\\/Aya-de-yopougon.jpg\",\"datePublished\":\"2020-03-06T00:07:26+00:00\",\"author\":{\"@id\":\"https:\\\/\\\/www.p31noticias.com.br\\\/#\\\/schema\\\/person\\\/77d6b186c710ac38937c6ec204fdd387\"},\"breadcrumb\":{\"@id\":\"https:\\\/\\\/www.p31noticias.com.br\\\/?p=19126#breadcrumb\"},\"inLanguage\":\"pt-BR\",\"potentialAction\":[{\"@type\":\"ReadAction\",\"target\":[\"https:\\\/\\\/www.p31noticias.com.br\\\/?p=19126\"]}]},{\"@type\":\"ImageObject\",\"inLanguage\":\"pt-BR\",\"@id\":\"https:\\\/\\\/www.p31noticias.com.br\\\/?p=19126#primaryimage\",\"url\":\"https:\\\/\\\/www.p31noticias.com.br\\\/wp-content\\\/uploads\\\/2020\\\/03\\\/Aya-de-yopougon.jpg\",\"contentUrl\":\"https:\\\/\\\/www.p31noticias.com.br\\\/wp-content\\\/uploads\\\/2020\\\/03\\\/Aya-de-yopougon.jpg\",\"width\":880,\"height\":564},{\"@type\":\"BreadcrumbList\",\"@id\":\"https:\\\/\\\/www.p31noticias.com.br\\\/?p=19126#breadcrumb\",\"itemListElement\":[{\"@type\":\"ListItem\",\"position\":1,\"name\":\"In\u00edcio\",\"item\":\"https:\\\/\\\/www.p31noticias.com.br\\\/\"},{\"@type\":\"ListItem\",\"position\":2,\"name\":\"Francofonia sem fronteiras\"}]},{\"@type\":\"WebSite\",\"@id\":\"https:\\\/\\\/www.p31noticias.com.br\\\/#website\",\"url\":\"https:\\\/\\\/www.p31noticias.com.br\\\/\",\"name\":\"P31\",\"description\":\"NOT\u00cdCIAS\",\"potentialAction\":[{\"@type\":\"SearchAction\",\"target\":{\"@type\":\"EntryPoint\",\"urlTemplate\":\"https:\\\/\\\/www.p31noticias.com.br\\\/?s={search_term_string}\"},\"query-input\":{\"@type\":\"PropertyValueSpecification\",\"valueRequired\":true,\"valueName\":\"search_term_string\"}}],\"inLanguage\":\"pt-BR\"},{\"@type\":\"Person\",\"@id\":\"https:\\\/\\\/www.p31noticias.com.br\\\/#\\\/schema\\\/person\\\/77d6b186c710ac38937c6ec204fdd387\",\"name\":\"Reda\u00e7\u00e3o JBN\",\"image\":{\"@type\":\"ImageObject\",\"inLanguage\":\"pt-BR\",\"@id\":\"https:\\\/\\\/secure.gravatar.com\\\/avatar\\\/10fcdb93211f98cce3d64c0795b0915a9a4a21dc0f279238995a3dbfafcad090?s=96&d=mm&r=g\",\"url\":\"https:\\\/\\\/secure.gravatar.com\\\/avatar\\\/10fcdb93211f98cce3d64c0795b0915a9a4a21dc0f279238995a3dbfafcad090?s=96&d=mm&r=g\",\"contentUrl\":\"https:\\\/\\\/secure.gravatar.com\\\/avatar\\\/10fcdb93211f98cce3d64c0795b0915a9a4a21dc0f279238995a3dbfafcad090?s=96&d=mm&r=g\",\"caption\":\"Reda\u00e7\u00e3o JBN\"},\"sameAs\":[\"https:\\\/\\\/p31noticias.com.br\"],\"url\":\"https:\\\/\\\/www.p31noticias.com.br\\\/?author=18\"}]}<\/script>\n<!-- \/ Yoast SEO Premium plugin. -->","yoast_head_json":{"title":"Francofonia sem fronteiras - P31","robots":{"index":"index","follow":"follow","max-snippet":"max-snippet:-1","max-image-preview":"max-image-preview:large","max-video-preview":"max-video-preview:-1"},"canonical":"https:\/\/www.p31noticias.com.br\/?p=19126","og_locale":"pt_BR","og_type":"article","og_title":"Francofonia sem fronteiras","og_description":"H\u00e1 23 anos \u00e9 realizado o Festival da Francofonia em Bras\u00edlia, sempre nesta \u00e9poca. E, como de costume, a programa\u00e7\u00e3o vem recheada de atividades. Para abrir essa grande celebra\u00e7\u00e3o cultural, a sala Le Corbusier da Embaixada da Fran\u00e7a em Bras\u00edlia (SES, quadra 801, lote 4) vai exibir quatro longas-metragens franc\u00f3fonos, sempre \u00e0s 19h, nos dias\u00a04, [&hellip;]","og_url":"https:\/\/www.p31noticias.com.br\/?p=19126","og_site_name":"P31","article_published_time":"2020-03-06T00:07:26+00:00","og_image":[{"width":880,"height":564,"url":"https:\/\/www.p31noticias.com.br\/wp-content\/uploads\/2020\/03\/Aya-de-yopougon.jpg","type":"image\/jpeg"}],"author":"Reda\u00e7\u00e3o JBN","twitter_card":"summary_large_image","twitter_misc":{"Escrito por":"Reda\u00e7\u00e3o JBN","Est. tempo de leitura":"5 minutos"},"schema":{"@context":"https:\/\/schema.org","@graph":[{"@type":"Article","@id":"https:\/\/www.p31noticias.com.br\/?p=19126#article","isPartOf":{"@id":"https:\/\/www.p31noticias.com.br\/?p=19126"},"author":{"name":"Reda\u00e7\u00e3o JBN","@id":"https:\/\/www.p31noticias.com.br\/#\/schema\/person\/77d6b186c710ac38937c6ec204fdd387"},"headline":"Francofonia sem fronteiras","datePublished":"2020-03-06T00:07:26+00:00","mainEntityOfPage":{"@id":"https:\/\/www.p31noticias.com.br\/?p=19126"},"wordCount":1028,"commentCount":0,"image":{"@id":"https:\/\/www.p31noticias.com.br\/?p=19126#primaryimage"},"thumbnailUrl":"https:\/\/www.p31noticias.com.br\/wp-content\/uploads\/2020\/03\/Aya-de-yopougon.jpg","articleSection":["Outros"],"inLanguage":"pt-BR","potentialAction":[{"@type":"CommentAction","name":"Comment","target":["https:\/\/www.p31noticias.com.br\/?p=19126#respond"]}],"copyrightYear":"2020","copyrightHolder":{"@id":"https:\/\/www.p31noticias.com.br\/#organization"}},{"@type":"WebPage","@id":"https:\/\/www.p31noticias.com.br\/?p=19126","url":"https:\/\/www.p31noticias.com.br\/?p=19126","name":"Francofonia sem fronteiras - P31","isPartOf":{"@id":"https:\/\/www.p31noticias.com.br\/#website"},"primaryImageOfPage":{"@id":"https:\/\/www.p31noticias.com.br\/?p=19126#primaryimage"},"image":{"@id":"https:\/\/www.p31noticias.com.br\/?p=19126#primaryimage"},"thumbnailUrl":"https:\/\/www.p31noticias.com.br\/wp-content\/uploads\/2020\/03\/Aya-de-yopougon.jpg","datePublished":"2020-03-06T00:07:26+00:00","author":{"@id":"https:\/\/www.p31noticias.com.br\/#\/schema\/person\/77d6b186c710ac38937c6ec204fdd387"},"breadcrumb":{"@id":"https:\/\/www.p31noticias.com.br\/?p=19126#breadcrumb"},"inLanguage":"pt-BR","potentialAction":[{"@type":"ReadAction","target":["https:\/\/www.p31noticias.com.br\/?p=19126"]}]},{"@type":"ImageObject","inLanguage":"pt-BR","@id":"https:\/\/www.p31noticias.com.br\/?p=19126#primaryimage","url":"https:\/\/www.p31noticias.com.br\/wp-content\/uploads\/2020\/03\/Aya-de-yopougon.jpg","contentUrl":"https:\/\/www.p31noticias.com.br\/wp-content\/uploads\/2020\/03\/Aya-de-yopougon.jpg","width":880,"height":564},{"@type":"BreadcrumbList","@id":"https:\/\/www.p31noticias.com.br\/?p=19126#breadcrumb","itemListElement":[{"@type":"ListItem","position":1,"name":"In\u00edcio","item":"https:\/\/www.p31noticias.com.br\/"},{"@type":"ListItem","position":2,"name":"Francofonia sem fronteiras"}]},{"@type":"WebSite","@id":"https:\/\/www.p31noticias.com.br\/#website","url":"https:\/\/www.p31noticias.com.br\/","name":"P31","description":"NOT\u00cdCIAS","potentialAction":[{"@type":"SearchAction","target":{"@type":"EntryPoint","urlTemplate":"https:\/\/www.p31noticias.com.br\/?s={search_term_string}"},"query-input":{"@type":"PropertyValueSpecification","valueRequired":true,"valueName":"search_term_string"}}],"inLanguage":"pt-BR"},{"@type":"Person","@id":"https:\/\/www.p31noticias.com.br\/#\/schema\/person\/77d6b186c710ac38937c6ec204fdd387","name":"Reda\u00e7\u00e3o JBN","image":{"@type":"ImageObject","inLanguage":"pt-BR","@id":"https:\/\/secure.gravatar.com\/avatar\/10fcdb93211f98cce3d64c0795b0915a9a4a21dc0f279238995a3dbfafcad090?s=96&d=mm&r=g","url":"https:\/\/secure.gravatar.com\/avatar\/10fcdb93211f98cce3d64c0795b0915a9a4a21dc0f279238995a3dbfafcad090?s=96&d=mm&r=g","contentUrl":"https:\/\/secure.gravatar.com\/avatar\/10fcdb93211f98cce3d64c0795b0915a9a4a21dc0f279238995a3dbfafcad090?s=96&d=mm&r=g","caption":"Reda\u00e7\u00e3o JBN"},"sameAs":["https:\/\/p31noticias.com.br"],"url":"https:\/\/www.p31noticias.com.br\/?author=18"}]}},"amp_enabled":true,"_links":{"self":[{"href":"https:\/\/www.p31noticias.com.br\/index.php?rest_route=\/wp\/v2\/posts\/19126","targetHints":{"allow":["GET"]}}],"collection":[{"href":"https:\/\/www.p31noticias.com.br\/index.php?rest_route=\/wp\/v2\/posts"}],"about":[{"href":"https:\/\/www.p31noticias.com.br\/index.php?rest_route=\/wp\/v2\/types\/post"}],"author":[{"embeddable":true,"href":"https:\/\/www.p31noticias.com.br\/index.php?rest_route=\/wp\/v2\/users\/18"}],"replies":[{"embeddable":true,"href":"https:\/\/www.p31noticias.com.br\/index.php?rest_route=%2Fwp%2Fv2%2Fcomments&post=19126"}],"version-history":[{"count":0,"href":"https:\/\/www.p31noticias.com.br\/index.php?rest_route=\/wp\/v2\/posts\/19126\/revisions"}],"wp:featuredmedia":[{"embeddable":true,"href":"https:\/\/www.p31noticias.com.br\/index.php?rest_route=\/wp\/v2\/media\/19127"}],"wp:attachment":[{"href":"https:\/\/www.p31noticias.com.br\/index.php?rest_route=%2Fwp%2Fv2%2Fmedia&parent=19126"}],"wp:term":[{"taxonomy":"category","embeddable":true,"href":"https:\/\/www.p31noticias.com.br\/index.php?rest_route=%2Fwp%2Fv2%2Fcategories&post=19126"},{"taxonomy":"post_tag","embeddable":true,"href":"https:\/\/www.p31noticias.com.br\/index.php?rest_route=%2Fwp%2Fv2%2Ftags&post=19126"}],"curies":[{"name":"wp","href":"https:\/\/api.w.org\/{rel}","templated":true}]}}