{"id":19121,"date":"2020-03-05T21:01:28","date_gmt":"2020-03-06T00:01:28","guid":{"rendered":"https:\/\/www.delioandrade.com.br\/?p=19121"},"modified":"2020-03-05T21:01:28","modified_gmt":"2020-03-06T00:01:28","slug":"obras-dos-irmaos-grimm-encenadas-no-df-plaza-shopping","status":"publish","type":"post","link":"https:\/\/www.p31noticias.com.br\/?p=19121","title":{"rendered":"Obras dos Irm\u00e3os Grimm encenadas no DF Plaza Shopping"},"content":{"rendered":"<p style=\"font-weight: 400;\">A programa\u00e7\u00e3o de teatro com obras de \u00edcones da literatura infantil do DF Plaza Shopping continua. Na Hora da Alegria de mar\u00e7o, a meninada ter\u00e1 a chance de curtir as hist\u00f3rias dos alem\u00e3es Irm\u00e3os Grimm, que fazem sucesso com seus contos, desde o s\u00e9culo XIX. A renomada cia teatral brasiliense N\u00e9ia e Nando adaptou quatro obras da dupla, que ser\u00e3o encenadas aos domingos do m\u00eas, \u00e0s 15h, na pra\u00e7a central do shopping.<\/p>\n<p style=\"font-weight: 400;\">\n<p style=\"font-weight: 400;\">Para abrir a temporada (1), a hist\u00f3ria de\u00a0<strong>Rapunzel<\/strong>\u00a0que cresceu sozinha,\u00a0prisioneira em uma torre, servindo uma bruxa m\u00e1. Durante anos, os cabelos da menina crescerem, at\u00e9 tocarem no ch\u00e3o. Eis que aparece um pr\u00edncipe e o destino de Rapunzel muda radicalmente.<\/p>\n<p style=\"font-weight: 400;\">\n<p style=\"font-weight: 400;\">No segundo domingo (8),\u00a0<strong>Chapeuzinho Vermelho<\/strong>. A menina com capinha vermelha ganha a estrada em dire\u00e7\u00e3o \u00e0 casa da av\u00f3 adoentada. Por\u00e9m, um simples atalho pela floresta faz a pequena se deparar com um esperto e faminto lobo, que espera de boca aberta a hora do almo\u00e7o.<\/p>\n<p style=\"font-weight: 400;\">\n<p style=\"font-weight: 400;\">A terceira adapta\u00e7\u00e3o da cia \u00e9\u00a0<strong>A Bela Adormecida<\/strong>. No dia 15, a ciumenta e vingativa Mal\u00e9vola lan\u00e7a um feiti\u00e7o cruel sobre a princesa Aurora, no dia do seu nascimento. Aurora est\u00e1 condenada a cair em um sono profundo, ao completar 16 anos. A \u00fanica salva\u00e7\u00e3o da menina seria um beijo de seu verdadeiro amor.<\/p>\n<p style=\"font-weight: 400;\">\n<p style=\"font-weight: 400;\"><strong>Jo\u00e3o e Maria\u00a0<\/strong>encerram a temporada, no dia 23.\u00a0<strong>\u00a0<\/strong>Ao descobrirem que a madrasta tinha um plano para abandon\u00e1-los na floresta, as duas crian\u00e7as decidem marcar o caminho de casa com migalhas de p\u00e3o, mas os passarinhos comem tudo e os irm\u00e3os \u00a0se perdem na floresta escura e \u00a0avistaram uma casa toda feita de doces. A deliciosa resid\u00eancia pertence \u00e0 uma bruxa gulosa, pronta para jantar.<\/p>\n<p style=\"font-weight: 400;\">\n<p style=\"font-weight: 400;\">O encerramento (29) ser\u00e1 com\u00a0<strong>M\u00fasicos de Bremen<\/strong>, espet\u00e1culo que\u00a0narra a hist\u00f3ria do encontro de quatro animais (um jumento, um cachorro, uma galinha e uma gata), que fogem de seus patr\u00f5es e decidem formar um grupo musical.\u00a0 Ao reencontrarem seus antigos donos e, temendo serem novamente escravizados, resolvem enfrent\u00e1-los.<\/p>\n<p style=\"font-weight: 400;\"><strong>\u00a0<\/strong><\/p>\n<p style=\"font-weight: 400;\"><strong>\u00a0<\/strong><\/p>\n<p style=\"font-weight: 400;\">\n<p style=\"font-weight: 400;\"><strong>Teatrinho Infantil<\/strong><\/p>\n<p style=\"font-weight: 400;\">DF Plaza Shopping<\/p>\n<p style=\"font-weight: 400;\">Hora da Alegria<\/p>\n<p style=\"font-weight: 400;\">Festival Irm\u00e3os Grimm com a Cia Teatral N\u00e9ia e Nando<\/p>\n<p style=\"font-weight: 400;\">Domingos de mar\u00e7o, sempre \u00e0s 15h<\/p>\n<p style=\"font-weight: 400;\">Pra\u00e7a Central<\/p>\n<p style=\"font-weight: 400;\">Livre para todos os p\u00fablicos<\/p>\n<p style=\"font-weight: 400;\">Entrada franca<\/p>\n<p style=\"font-weight: 400;\">\n<p style=\"font-weight: 400;\"><strong>Hor\u00e1rio de funcionamento do\u00a0shopping<\/strong><\/p>\n<p style=\"font-weight: 400;\">De segunda a s\u00e1bado, das 10h \u00e0s 22h<\/p>\n<p style=\"font-weight: 400;\">Domingo, das 14 h \u00e0s 20h lojas e das 12h \u00e0s 22h alimenta\u00e7\u00e3o<\/p>\n<p style=\"font-weight: 400;\">Rua Copa\u00edba, &#8211; \u00c1guas Claras<\/p>\n<p style=\"font-weight: 400;\">Informa\u00e7\u00f5es: 3451-5750<\/p>\n<p style=\"font-weight: 400;\">http:\/\/www.dfplaza.com.br\/<\/p>\n","protected":false},"excerpt":{"rendered":"<p>A programa\u00e7\u00e3o de teatro com obras de \u00edcones da literatura infantil do DF Plaza Shopping continua. Na Hora da Alegria de mar\u00e7o, a meninada ter\u00e1 a chance de curtir as hist\u00f3rias dos alem\u00e3es Irm\u00e3os Grimm, que fazem sucesso com seus contos, desde o s\u00e9culo XIX. A renomada cia teatral brasiliense N\u00e9ia e Nando adaptou quatro [&hellip;]<\/p>\n","protected":false},"author":18,"featured_media":19124,"comment_status":"open","ping_status":"open","sticky":false,"template":"","format":"standard","meta":{"footnotes":""},"categories":[1],"tags":[],"class_list":{"0":"post-19121","1":"post","2":"type-post","3":"status-publish","4":"format-standard","5":"has-post-thumbnail","7":"category-outros"},"yoast_head":"<!-- This site is optimized with the Yoast SEO Premium plugin v24.5 (Yoast SEO v27.5) - https:\/\/yoast.com\/product\/yoast-seo-premium-wordpress\/ -->\n<title>Obras dos Irm\u00e3os Grimm encenadas no DF Plaza Shopping - P31<\/title>\n<meta name=\"robots\" content=\"index, follow, max-snippet:-1, max-image-preview:large, max-video-preview:-1\" \/>\n<link rel=\"canonical\" href=\"https:\/\/www.p31noticias.com.br\/?p=19121\" \/>\n<meta property=\"og:locale\" content=\"pt_BR\" \/>\n<meta property=\"og:type\" content=\"article\" \/>\n<meta property=\"og:title\" content=\"Obras dos Irm\u00e3os Grimm encenadas no DF Plaza Shopping\" \/>\n<meta property=\"og:description\" content=\"A programa\u00e7\u00e3o de teatro com obras de \u00edcones da literatura infantil do DF Plaza Shopping continua. Na Hora da Alegria de mar\u00e7o, a meninada ter\u00e1 a chance de curtir as hist\u00f3rias dos alem\u00e3es Irm\u00e3os Grimm, que fazem sucesso com seus contos, desde o s\u00e9culo XIX. A renomada cia teatral brasiliense N\u00e9ia e Nando adaptou quatro [&hellip;]\" \/>\n<meta property=\"og:url\" content=\"https:\/\/www.p31noticias.com.br\/?p=19121\" \/>\n<meta property=\"og:site_name\" content=\"P31\" \/>\n<meta property=\"article:published_time\" content=\"2020-03-06T00:01:28+00:00\" \/>\n<meta property=\"og:image\" content=\"https:\/\/www.p31noticias.com.br\/wp-content\/uploads\/2020\/03\/festival-irma\u00f5s-grimm-A-Bela-Adormecida-1-1.jpg\" \/>\n\t<meta property=\"og:image:width\" content=\"800\" \/>\n\t<meta property=\"og:image:height\" content=\"571\" \/>\n\t<meta property=\"og:image:type\" content=\"image\/jpeg\" \/>\n<meta name=\"author\" content=\"Reda\u00e7\u00e3o JBN\" \/>\n<meta name=\"twitter:card\" content=\"summary_large_image\" \/>\n<meta name=\"twitter:label1\" content=\"Escrito por\" \/>\n\t<meta name=\"twitter:data1\" content=\"Reda\u00e7\u00e3o JBN\" \/>\n\t<meta name=\"twitter:label2\" content=\"Est. tempo de leitura\" \/>\n\t<meta name=\"twitter:data2\" content=\"2 minutos\" \/>\n<script type=\"application\/ld+json\" class=\"yoast-schema-graph\">{\"@context\":\"https:\\\/\\\/schema.org\",\"@graph\":[{\"@type\":\"Article\",\"@id\":\"https:\\\/\\\/www.p31noticias.com.br\\\/?p=19121#article\",\"isPartOf\":{\"@id\":\"https:\\\/\\\/www.p31noticias.com.br\\\/?p=19121\"},\"author\":{\"name\":\"Reda\u00e7\u00e3o JBN\",\"@id\":\"https:\\\/\\\/www.p31noticias.com.br\\\/#\\\/schema\\\/person\\\/77d6b186c710ac38937c6ec204fdd387\"},\"headline\":\"Obras dos Irm\u00e3os Grimm encenadas no DF Plaza Shopping\",\"datePublished\":\"2020-03-06T00:01:28+00:00\",\"mainEntityOfPage\":{\"@id\":\"https:\\\/\\\/www.p31noticias.com.br\\\/?p=19121\"},\"wordCount\":446,\"commentCount\":0,\"image\":{\"@id\":\"https:\\\/\\\/www.p31noticias.com.br\\\/?p=19121#primaryimage\"},\"thumbnailUrl\":\"https:\\\/\\\/www.p31noticias.com.br\\\/wp-content\\\/uploads\\\/2020\\\/03\\\/festival-irma\u00f5s-grimm-A-Bela-Adormecida-1-1.jpg\",\"articleSection\":[\"Outros\"],\"inLanguage\":\"pt-BR\",\"potentialAction\":[{\"@type\":\"CommentAction\",\"name\":\"Comment\",\"target\":[\"https:\\\/\\\/www.p31noticias.com.br\\\/?p=19121#respond\"]}],\"copyrightYear\":\"2020\",\"copyrightHolder\":{\"@id\":\"https:\\\/\\\/www.p31noticias.com.br\\\/#organization\"}},{\"@type\":\"WebPage\",\"@id\":\"https:\\\/\\\/www.p31noticias.com.br\\\/?p=19121\",\"url\":\"https:\\\/\\\/www.p31noticias.com.br\\\/?p=19121\",\"name\":\"Obras dos Irm\u00e3os Grimm encenadas no DF Plaza Shopping - P31\",\"isPartOf\":{\"@id\":\"https:\\\/\\\/www.p31noticias.com.br\\\/#website\"},\"primaryImageOfPage\":{\"@id\":\"https:\\\/\\\/www.p31noticias.com.br\\\/?p=19121#primaryimage\"},\"image\":{\"@id\":\"https:\\\/\\\/www.p31noticias.com.br\\\/?p=19121#primaryimage\"},\"thumbnailUrl\":\"https:\\\/\\\/www.p31noticias.com.br\\\/wp-content\\\/uploads\\\/2020\\\/03\\\/festival-irma\u00f5s-grimm-A-Bela-Adormecida-1-1.jpg\",\"datePublished\":\"2020-03-06T00:01:28+00:00\",\"author\":{\"@id\":\"https:\\\/\\\/www.p31noticias.com.br\\\/#\\\/schema\\\/person\\\/77d6b186c710ac38937c6ec204fdd387\"},\"breadcrumb\":{\"@id\":\"https:\\\/\\\/www.p31noticias.com.br\\\/?p=19121#breadcrumb\"},\"inLanguage\":\"pt-BR\",\"potentialAction\":[{\"@type\":\"ReadAction\",\"target\":[\"https:\\\/\\\/www.p31noticias.com.br\\\/?p=19121\"]}]},{\"@type\":\"ImageObject\",\"inLanguage\":\"pt-BR\",\"@id\":\"https:\\\/\\\/www.p31noticias.com.br\\\/?p=19121#primaryimage\",\"url\":\"https:\\\/\\\/www.p31noticias.com.br\\\/wp-content\\\/uploads\\\/2020\\\/03\\\/festival-irma\u00f5s-grimm-A-Bela-Adormecida-1-1.jpg\",\"contentUrl\":\"https:\\\/\\\/www.p31noticias.com.br\\\/wp-content\\\/uploads\\\/2020\\\/03\\\/festival-irma\u00f5s-grimm-A-Bela-Adormecida-1-1.jpg\",\"width\":800,\"height\":571},{\"@type\":\"BreadcrumbList\",\"@id\":\"https:\\\/\\\/www.p31noticias.com.br\\\/?p=19121#breadcrumb\",\"itemListElement\":[{\"@type\":\"ListItem\",\"position\":1,\"name\":\"In\u00edcio\",\"item\":\"https:\\\/\\\/www.p31noticias.com.br\\\/\"},{\"@type\":\"ListItem\",\"position\":2,\"name\":\"Obras dos Irm\u00e3os Grimm encenadas no DF Plaza Shopping\"}]},{\"@type\":\"WebSite\",\"@id\":\"https:\\\/\\\/www.p31noticias.com.br\\\/#website\",\"url\":\"https:\\\/\\\/www.p31noticias.com.br\\\/\",\"name\":\"P31\",\"description\":\"NOT\u00cdCIAS\",\"potentialAction\":[{\"@type\":\"SearchAction\",\"target\":{\"@type\":\"EntryPoint\",\"urlTemplate\":\"https:\\\/\\\/www.p31noticias.com.br\\\/?s={search_term_string}\"},\"query-input\":{\"@type\":\"PropertyValueSpecification\",\"valueRequired\":true,\"valueName\":\"search_term_string\"}}],\"inLanguage\":\"pt-BR\"},{\"@type\":\"Person\",\"@id\":\"https:\\\/\\\/www.p31noticias.com.br\\\/#\\\/schema\\\/person\\\/77d6b186c710ac38937c6ec204fdd387\",\"name\":\"Reda\u00e7\u00e3o JBN\",\"image\":{\"@type\":\"ImageObject\",\"inLanguage\":\"pt-BR\",\"@id\":\"https:\\\/\\\/secure.gravatar.com\\\/avatar\\\/10fcdb93211f98cce3d64c0795b0915a9a4a21dc0f279238995a3dbfafcad090?s=96&d=mm&r=g\",\"url\":\"https:\\\/\\\/secure.gravatar.com\\\/avatar\\\/10fcdb93211f98cce3d64c0795b0915a9a4a21dc0f279238995a3dbfafcad090?s=96&d=mm&r=g\",\"contentUrl\":\"https:\\\/\\\/secure.gravatar.com\\\/avatar\\\/10fcdb93211f98cce3d64c0795b0915a9a4a21dc0f279238995a3dbfafcad090?s=96&d=mm&r=g\",\"caption\":\"Reda\u00e7\u00e3o JBN\"},\"sameAs\":[\"https:\\\/\\\/p31noticias.com.br\"],\"url\":\"https:\\\/\\\/www.p31noticias.com.br\\\/?author=18\"}]}<\/script>\n<!-- \/ Yoast SEO Premium plugin. -->","yoast_head_json":{"title":"Obras dos Irm\u00e3os Grimm encenadas no DF Plaza Shopping - P31","robots":{"index":"index","follow":"follow","max-snippet":"max-snippet:-1","max-image-preview":"max-image-preview:large","max-video-preview":"max-video-preview:-1"},"canonical":"https:\/\/www.p31noticias.com.br\/?p=19121","og_locale":"pt_BR","og_type":"article","og_title":"Obras dos Irm\u00e3os Grimm encenadas no DF Plaza Shopping","og_description":"A programa\u00e7\u00e3o de teatro com obras de \u00edcones da literatura infantil do DF Plaza Shopping continua. Na Hora da Alegria de mar\u00e7o, a meninada ter\u00e1 a chance de curtir as hist\u00f3rias dos alem\u00e3es Irm\u00e3os Grimm, que fazem sucesso com seus contos, desde o s\u00e9culo XIX. A renomada cia teatral brasiliense N\u00e9ia e Nando adaptou quatro [&hellip;]","og_url":"https:\/\/www.p31noticias.com.br\/?p=19121","og_site_name":"P31","article_published_time":"2020-03-06T00:01:28+00:00","og_image":[{"width":800,"height":571,"url":"https:\/\/www.p31noticias.com.br\/wp-content\/uploads\/2020\/03\/festival-irma\u00f5s-grimm-A-Bela-Adormecida-1-1.jpg","type":"image\/jpeg"}],"author":"Reda\u00e7\u00e3o JBN","twitter_card":"summary_large_image","twitter_misc":{"Escrito por":"Reda\u00e7\u00e3o JBN","Est. tempo de leitura":"2 minutos"},"schema":{"@context":"https:\/\/schema.org","@graph":[{"@type":"Article","@id":"https:\/\/www.p31noticias.com.br\/?p=19121#article","isPartOf":{"@id":"https:\/\/www.p31noticias.com.br\/?p=19121"},"author":{"name":"Reda\u00e7\u00e3o JBN","@id":"https:\/\/www.p31noticias.com.br\/#\/schema\/person\/77d6b186c710ac38937c6ec204fdd387"},"headline":"Obras dos Irm\u00e3os Grimm encenadas no DF Plaza Shopping","datePublished":"2020-03-06T00:01:28+00:00","mainEntityOfPage":{"@id":"https:\/\/www.p31noticias.com.br\/?p=19121"},"wordCount":446,"commentCount":0,"image":{"@id":"https:\/\/www.p31noticias.com.br\/?p=19121#primaryimage"},"thumbnailUrl":"https:\/\/www.p31noticias.com.br\/wp-content\/uploads\/2020\/03\/festival-irma\u00f5s-grimm-A-Bela-Adormecida-1-1.jpg","articleSection":["Outros"],"inLanguage":"pt-BR","potentialAction":[{"@type":"CommentAction","name":"Comment","target":["https:\/\/www.p31noticias.com.br\/?p=19121#respond"]}],"copyrightYear":"2020","copyrightHolder":{"@id":"https:\/\/www.p31noticias.com.br\/#organization"}},{"@type":"WebPage","@id":"https:\/\/www.p31noticias.com.br\/?p=19121","url":"https:\/\/www.p31noticias.com.br\/?p=19121","name":"Obras dos Irm\u00e3os Grimm encenadas no DF Plaza Shopping - P31","isPartOf":{"@id":"https:\/\/www.p31noticias.com.br\/#website"},"primaryImageOfPage":{"@id":"https:\/\/www.p31noticias.com.br\/?p=19121#primaryimage"},"image":{"@id":"https:\/\/www.p31noticias.com.br\/?p=19121#primaryimage"},"thumbnailUrl":"https:\/\/www.p31noticias.com.br\/wp-content\/uploads\/2020\/03\/festival-irma\u00f5s-grimm-A-Bela-Adormecida-1-1.jpg","datePublished":"2020-03-06T00:01:28+00:00","author":{"@id":"https:\/\/www.p31noticias.com.br\/#\/schema\/person\/77d6b186c710ac38937c6ec204fdd387"},"breadcrumb":{"@id":"https:\/\/www.p31noticias.com.br\/?p=19121#breadcrumb"},"inLanguage":"pt-BR","potentialAction":[{"@type":"ReadAction","target":["https:\/\/www.p31noticias.com.br\/?p=19121"]}]},{"@type":"ImageObject","inLanguage":"pt-BR","@id":"https:\/\/www.p31noticias.com.br\/?p=19121#primaryimage","url":"https:\/\/www.p31noticias.com.br\/wp-content\/uploads\/2020\/03\/festival-irma\u00f5s-grimm-A-Bela-Adormecida-1-1.jpg","contentUrl":"https:\/\/www.p31noticias.com.br\/wp-content\/uploads\/2020\/03\/festival-irma\u00f5s-grimm-A-Bela-Adormecida-1-1.jpg","width":800,"height":571},{"@type":"BreadcrumbList","@id":"https:\/\/www.p31noticias.com.br\/?p=19121#breadcrumb","itemListElement":[{"@type":"ListItem","position":1,"name":"In\u00edcio","item":"https:\/\/www.p31noticias.com.br\/"},{"@type":"ListItem","position":2,"name":"Obras dos Irm\u00e3os Grimm encenadas no DF Plaza Shopping"}]},{"@type":"WebSite","@id":"https:\/\/www.p31noticias.com.br\/#website","url":"https:\/\/www.p31noticias.com.br\/","name":"P31","description":"NOT\u00cdCIAS","potentialAction":[{"@type":"SearchAction","target":{"@type":"EntryPoint","urlTemplate":"https:\/\/www.p31noticias.com.br\/?s={search_term_string}"},"query-input":{"@type":"PropertyValueSpecification","valueRequired":true,"valueName":"search_term_string"}}],"inLanguage":"pt-BR"},{"@type":"Person","@id":"https:\/\/www.p31noticias.com.br\/#\/schema\/person\/77d6b186c710ac38937c6ec204fdd387","name":"Reda\u00e7\u00e3o JBN","image":{"@type":"ImageObject","inLanguage":"pt-BR","@id":"https:\/\/secure.gravatar.com\/avatar\/10fcdb93211f98cce3d64c0795b0915a9a4a21dc0f279238995a3dbfafcad090?s=96&d=mm&r=g","url":"https:\/\/secure.gravatar.com\/avatar\/10fcdb93211f98cce3d64c0795b0915a9a4a21dc0f279238995a3dbfafcad090?s=96&d=mm&r=g","contentUrl":"https:\/\/secure.gravatar.com\/avatar\/10fcdb93211f98cce3d64c0795b0915a9a4a21dc0f279238995a3dbfafcad090?s=96&d=mm&r=g","caption":"Reda\u00e7\u00e3o JBN"},"sameAs":["https:\/\/p31noticias.com.br"],"url":"https:\/\/www.p31noticias.com.br\/?author=18"}]}},"amp_enabled":true,"_links":{"self":[{"href":"https:\/\/www.p31noticias.com.br\/index.php?rest_route=\/wp\/v2\/posts\/19121","targetHints":{"allow":["GET"]}}],"collection":[{"href":"https:\/\/www.p31noticias.com.br\/index.php?rest_route=\/wp\/v2\/posts"}],"about":[{"href":"https:\/\/www.p31noticias.com.br\/index.php?rest_route=\/wp\/v2\/types\/post"}],"author":[{"embeddable":true,"href":"https:\/\/www.p31noticias.com.br\/index.php?rest_route=\/wp\/v2\/users\/18"}],"replies":[{"embeddable":true,"href":"https:\/\/www.p31noticias.com.br\/index.php?rest_route=%2Fwp%2Fv2%2Fcomments&post=19121"}],"version-history":[{"count":0,"href":"https:\/\/www.p31noticias.com.br\/index.php?rest_route=\/wp\/v2\/posts\/19121\/revisions"}],"wp:featuredmedia":[{"embeddable":true,"href":"https:\/\/www.p31noticias.com.br\/index.php?rest_route=\/wp\/v2\/media\/19124"}],"wp:attachment":[{"href":"https:\/\/www.p31noticias.com.br\/index.php?rest_route=%2Fwp%2Fv2%2Fmedia&parent=19121"}],"wp:term":[{"taxonomy":"category","embeddable":true,"href":"https:\/\/www.p31noticias.com.br\/index.php?rest_route=%2Fwp%2Fv2%2Fcategories&post=19121"},{"taxonomy":"post_tag","embeddable":true,"href":"https:\/\/www.p31noticias.com.br\/index.php?rest_route=%2Fwp%2Fv2%2Ftags&post=19121"}],"curies":[{"name":"wp","href":"https:\/\/api.w.org\/{rel}","templated":true}]}}