{"id":19106,"date":"2020-03-04T10:05:44","date_gmt":"2020-03-04T13:05:44","guid":{"rendered":"https:\/\/www.delioandrade.com.br\/?p=19106"},"modified":"2020-03-04T10:05:44","modified_gmt":"2020-03-04T13:05:44","slug":"homem-que-esfaqueou-professor-em-parada-de-onibus-no-df-vai-ficar-preso-por-tempo-indeterminado","status":"publish","type":"post","link":"https:\/\/www.p31noticias.com.br\/?p=19106","title":{"rendered":"Homem que esfaqueou professor em parada de \u00f4nibus no DF vai ficar preso por tempo indeterminado"},"content":{"rendered":"<div class=\"mc-column content-text active-extra-styles \" data-block-type=\"unstyled\" data-block-weight=\"46\" data-block-id=\"2\">\n<p class=\"content-text__container \" data-track-category=\"Link no Texto\" data-track-links=\"\">A Justi\u00e7a do Distrito Federal converteu em preventiva a pris\u00e3o do homem que\u00a0<a href=\"https:\/\/g1.globo.com\/df\/distrito-federal\/noticia\/2020\/03\/02\/professor-e-esfaqueado-durante-tentativa-de-assalto-em-parada-de-onibus-no-df.ghtml\">esfaqueou o professor Hebert Miguel, de 25 anos, durante um assalto na segunda-feira (2)<\/a>, em uma parada de \u00f4nibus em Taguatinga. Com a decis\u00e3o, o suspeito vai ficar detido por tempo indeterminado.<\/p>\n<\/div>\n<div class=\"wall protected-content\">\n<div class=\"mc-column content-text active-extra-styles \" data-block-type=\"unstyled\" data-block-weight=\"37\" data-block-id=\"3\">\n<p class=\"content-text__container \" data-track-category=\"Link no Texto\" data-track-links=\"\">Os instantes depois do crime foram registrados por uma equipe da\u00a0<strong>TV Globo\u00a0<\/strong>(<strong>veja v\u00eddeo acima<\/strong>). As imagens mostram o suspeito correndo logo ap\u00f3s o assalto e a v\u00edtima ensanguentada. O professor est\u00e1 internado em estado grave.<\/p>\n<\/div>\n<div class=\"row medium-uncollapsed content-media content-photo\" data-block-type=\"backstage-photo\" data-block-id=\"4\">\n<div class=\"mc-column content-media__container\">\n<div class=\"progressive-img can-open-lightbox\" data-min-size=\"1008x567\" data-min-size-url=\"https:\/\/s2.glbimg.com\/5k-ILUpaMdVW5ys-5L8ZapXOeEM=\/0x0:1920x1080\/1008x0\/smart\/filters:strip_icc()\/i.s3.glbimg.com\/v1\/AUTH_59edd422c0c84a879bd37670ae4f538a\/internal_photos\/bs\/2020\/N\/X\/heNAR7SjWSiRDtVFlCaQ\/flagra.jpeg\" data-max-size=\"1600x900\" data-max-size-url=\"https:\/\/s2.glbimg.com\/iBYrksHhDGpSm5dF-PuOAe6eoeA=\/0x0:1920x1080\/1600x0\/smart\/filters:strip_icc()\/i.s3.glbimg.com\/v1\/AUTH_59edd422c0c84a879bd37670ae4f538a\/internal_photos\/bs\/2020\/N\/X\/heNAR7SjWSiRDtVFlCaQ\/flagra.jpeg\" data-media-index=\"0\">\n<div class=\"placeholder-container\"><\/div>\n<p><img decoding=\"async\" class=\"progressive-draft\" title=\"Reportagem da TV Globo flagra assaltante fugindo ap\u00f3s esfaquear homem em parada de \u00f4nibus, no DF  \u2014 Foto: TV Globo\/Reportagem \" src=\"data:image\/jpeg;base64,\/9j\/4AAQSkZJRgABAQAAAQABAAD\/2wBDAAMCAgMCAgMDAwMEAwMEBQgFBQQEBQoHBwYIDAoMDAsKCwsNDhIQDQ4RDgsLEBYQERMUFRUVDA8XGBYUGBIUFRT\/2wBDAQMEBAUEBQkFBQkUDQsNFBQUFBQUFBQUFBQUFBQUFBQUFBQUFBQUFBQUFBQUFBQUFBQUFBQUFBQUFBQUFBQUFBT\/wgARCAAOABkDASIAAhEBAxEB\/8QAFwABAQEBAAAAAAAAAAAAAAAABgQDBf\/EABYBAQEBAAAAAAAAAAAAAAAAAAABAv\/aAAwDAQACEAMQAAABbC7eLg0wOWL\/AP\/EABwQAAIBBQEAAAAAAAAAAAAAAAMFAQACBBITFf\/aAAgBAQABBQITKWaITjiOXI+XsRW9+p1fY9gx4E+5jV\/\/xAAYEQACAwAAAAAAAAAAAAAAAAAAAREhQf\/aAAgBAwEBPwGFg6P\/xAAXEQADAQAAAAAAAAAAAAAAAAAAATEi\/9oACAECAQE\/AZRaP\/\/EACEQAAICAgEEAwAAAAAAAAAAAAECAAMREgQTISJRMzRC\/9oACAEBAAY\/AuQBYKuTjTWxsHM4tL2WtYgzqw8YxN3l7QT5L5pkaH86xLAwUKMYHqK7L1FB7qZ9MT\/\/xAAgEAEAAgIBBAMAAAAAAAAAAAABABEhMYFBUWFxwfDx\/9oACAEBAAE\/IbIWjuht3ZBqF+0vNmwjmLxfqfrRu29yGedx1pOcWumJguECxHfxPvk\/\/9oADAMBAAIAAwAAABDn\/wD\/xAAWEQADAAAAAAAAAAAAAAAAAAAAESH\/2gAIAQMBAT8QbTdH\/8QAFhEBAQEAAAAAAAAAAAAAAAAAAQAx\/9oACAECAQE\/EBdIav\/EAB4QAQEAAwACAwEAAAAAAAAAAAERACExQfFRYZHR\/9oACAEBAAE\/EKO3soILChZrXN9zQjQaKStYIcQ1wx\/OU8CJdhPIVru57Bk5QF5QQr+h+YgiEQQXYQ08+cIcZxlYFltVvN56\/wDnP\/\/Z\" alt=\"Reportagem da TV Globo flagra assaltante fugindo ap\u00f3s esfaquear homem em parada de \u00f4nibus, no DF  \u2014 Foto: TV Globo\/Reportagem \" \/><picture><source srcset=\"https:\/\/s2.glbimg.com\/roNk0vr58fQ758jvH2Ie3tQzRjo=\/0x0:1920x1080\/600x0\/smart\/filters:strip_icc()\/i.s3.glbimg.com\/v1\/AUTH_59edd422c0c84a879bd37670ae4f538a\/internal_photos\/bs\/2020\/N\/X\/heNAR7SjWSiRDtVFlCaQ\/flagra.jpeg 1x, https:\/\/s2.glbimg.com\/hebsg16Sxq9bmNILhQ4qah7OiP8=\/0x0:1920x1080\/1200x0\/smart\/filters:strip_icc()\/i.s3.glbimg.com\/v1\/AUTH_59edd422c0c84a879bd37670ae4f538a\/internal_photos\/bs\/2020\/N\/X\/heNAR7SjWSiRDtVFlCaQ\/flagra.jpeg 2x\" media=\"(max-width: 1024px)\" data-src=\"https:\/\/s2.glbimg.com\/roNk0vr58fQ758jvH2Ie3tQzRjo=\/0x0:1920x1080\/600x0\/smart\/filters:strip_icc()\/i.s3.glbimg.com\/v1\/AUTH_59edd422c0c84a879bd37670ae4f538a\/internal_photos\/bs\/2020\/N\/X\/heNAR7SjWSiRDtVFlCaQ\/flagra.jpeg 1x, https:\/\/s2.glbimg.com\/hebsg16Sxq9bmNILhQ4qah7OiP8=\/0x0:1920x1080\/1200x0\/smart\/filters:strip_icc()\/i.s3.glbimg.com\/v1\/AUTH_59edd422c0c84a879bd37670ae4f538a\/internal_photos\/bs\/2020\/N\/X\/heNAR7SjWSiRDtVFlCaQ\/flagra.jpeg 2x\" \/><source srcset=\"https:\/\/s2.glbimg.com\/VVas7qFBs30Z0Ir0Q7k9qBTLJCA=\/0x0:1920x1080\/640x0\/smart\/filters:strip_icc()\/i.s3.glbimg.com\/v1\/AUTH_59edd422c0c84a879bd37670ae4f538a\/internal_photos\/bs\/2020\/N\/X\/heNAR7SjWSiRDtVFlCaQ\/flagra.jpeg 1x, https:\/\/s2.glbimg.com\/cyA8YslGylV_iUB_7voe2MlXgJg=\/0x0:1920x1080\/1280x0\/smart\/filters:strip_icc()\/i.s3.glbimg.com\/v1\/AUTH_59edd422c0c84a879bd37670ae4f538a\/internal_photos\/bs\/2020\/N\/X\/heNAR7SjWSiRDtVFlCaQ\/flagra.jpeg 2x\" media=\"(max-width: 1280px)\" data-src=\"https:\/\/s2.glbimg.com\/VVas7qFBs30Z0Ir0Q7k9qBTLJCA=\/0x0:1920x1080\/640x0\/smart\/filters:strip_icc()\/i.s3.glbimg.com\/v1\/AUTH_59edd422c0c84a879bd37670ae4f538a\/internal_photos\/bs\/2020\/N\/X\/heNAR7SjWSiRDtVFlCaQ\/flagra.jpeg 1x, https:\/\/s2.glbimg.com\/cyA8YslGylV_iUB_7voe2MlXgJg=\/0x0:1920x1080\/1280x0\/smart\/filters:strip_icc()\/i.s3.glbimg.com\/v1\/AUTH_59edd422c0c84a879bd37670ae4f538a\/internal_photos\/bs\/2020\/N\/X\/heNAR7SjWSiRDtVFlCaQ\/flagra.jpeg 2x\" \/><source srcset=\"https:\/\/s2.glbimg.com\/KX4uu7LJSZA67WDtrveE1sMDdZM=\/0x0:1920x1080\/984x0\/smart\/filters:strip_icc()\/i.s3.glbimg.com\/v1\/AUTH_59edd422c0c84a879bd37670ae4f538a\/internal_photos\/bs\/2020\/N\/X\/heNAR7SjWSiRDtVFlCaQ\/flagra.jpeg 1x, https:\/\/s2.glbimg.com\/9-ynYNjRNfZzIlMKzOxpq7MFVJA=\/0x0:1920x1080\/1968x0\/smart\/filters:strip_icc()\/i.s3.glbimg.com\/v1\/AUTH_59edd422c0c84a879bd37670ae4f538a\/internal_photos\/bs\/2020\/N\/X\/heNAR7SjWSiRDtVFlCaQ\/flagra.jpeg 2x\" media=\"(max-width: 1360px)\" data-src=\"https:\/\/s2.glbimg.com\/KX4uu7LJSZA67WDtrveE1sMDdZM=\/0x0:1920x1080\/984x0\/smart\/filters:strip_icc()\/i.s3.glbimg.com\/v1\/AUTH_59edd422c0c84a879bd37670ae4f538a\/internal_photos\/bs\/2020\/N\/X\/heNAR7SjWSiRDtVFlCaQ\/flagra.jpeg 1x, https:\/\/s2.glbimg.com\/9-ynYNjRNfZzIlMKzOxpq7MFVJA=\/0x0:1920x1080\/1968x0\/smart\/filters:strip_icc()\/i.s3.glbimg.com\/v1\/AUTH_59edd422c0c84a879bd37670ae4f538a\/internal_photos\/bs\/2020\/N\/X\/heNAR7SjWSiRDtVFlCaQ\/flagra.jpeg 2x\" \/><source srcset=\"https:\/\/s2.glbimg.com\/eFXzKAGvWvp1AzBrarvj4mX1oAQ=\/0x0:1920x1080\/1000x0\/smart\/filters:strip_icc()\/i.s3.glbimg.com\/v1\/AUTH_59edd422c0c84a879bd37670ae4f538a\/internal_photos\/bs\/2020\/N\/X\/heNAR7SjWSiRDtVFlCaQ\/flagra.jpeg 1x, https:\/\/s2.glbimg.com\/U4IsSCmu83BxeArKRrgPO5SidMk=\/0x0:1920x1080\/2000x0\/smart\/filters:strip_icc()\/i.s3.glbimg.com\/v1\/AUTH_59edd422c0c84a879bd37670ae4f538a\/internal_photos\/bs\/2020\/N\/X\/heNAR7SjWSiRDtVFlCaQ\/flagra.jpeg 2x\" media=\"(min-width: 1361px)\" data-src=\"https:\/\/s2.glbimg.com\/eFXzKAGvWvp1AzBrarvj4mX1oAQ=\/0x0:1920x1080\/1000x0\/smart\/filters:strip_icc()\/i.s3.glbimg.com\/v1\/AUTH_59edd422c0c84a879bd37670ae4f538a\/internal_photos\/bs\/2020\/N\/X\/heNAR7SjWSiRDtVFlCaQ\/flagra.jpeg 1x, https:\/\/s2.glbimg.com\/U4IsSCmu83BxeArKRrgPO5SidMk=\/0x0:1920x1080\/2000x0\/smart\/filters:strip_icc()\/i.s3.glbimg.com\/v1\/AUTH_59edd422c0c84a879bd37670ae4f538a\/internal_photos\/bs\/2020\/N\/X\/heNAR7SjWSiRDtVFlCaQ\/flagra.jpeg 2x\" \/><source srcset=\"https:\/\/s2.glbimg.com\/KX4uu7LJSZA67WDtrveE1sMDdZM=\/0x0:1920x1080\/984x0\/smart\/filters:strip_icc()\/i.s3.glbimg.com\/v1\/AUTH_59edd422c0c84a879bd37670ae4f538a\/internal_photos\/bs\/2020\/N\/X\/heNAR7SjWSiRDtVFlCaQ\/flagra.jpeg\" data-src=\"https:\/\/s2.glbimg.com\/KX4uu7LJSZA67WDtrveE1sMDdZM=\/0x0:1920x1080\/984x0\/smart\/filters:strip_icc()\/i.s3.glbimg.com\/v1\/AUTH_59edd422c0c84a879bd37670ae4f538a\/internal_photos\/bs\/2020\/N\/X\/heNAR7SjWSiRDtVFlCaQ\/flagra.jpeg\" \/><img decoding=\"async\" class=\"image content-media__image progressive-loaded\" title=\"Reportagem da TV Globo flagra assaltante fugindo ap\u00f3s esfaquear homem em parada de \u00f4nibus, no DF  \u2014 Foto: TV Globo\/Reportagem \" src=\"https:\/\/s2.glbimg.com\/KX4uu7LJSZA67WDtrveE1sMDdZM=\/0x0:1920x1080\/984x0\/smart\/filters:strip_icc()\/i.s3.glbimg.com\/v1\/AUTH_59edd422c0c84a879bd37670ae4f538a\/internal_photos\/bs\/2020\/N\/X\/heNAR7SjWSiRDtVFlCaQ\/flagra.jpeg\" alt=\"Reportagem da TV Globo flagra assaltante fugindo ap\u00f3s esfaquear homem em parada de \u00f4nibus, no DF  \u2014 Foto: TV Globo\/Reportagem \" data-src=\"https:\/\/s2.glbimg.com\/KX4uu7LJSZA67WDtrveE1sMDdZM=\/0x0:1920x1080\/984x0\/smart\/filters:strip_icc()\/i.s3.glbimg.com\/v1\/AUTH_59edd422c0c84a879bd37670ae4f538a\/internal_photos\/bs\/2020\/N\/X\/heNAR7SjWSiRDtVFlCaQ\/flagra.jpeg\" \/><\/picture><\/div>\n<p class=\"content-media__description \">Reportagem da TV Globo flagra assaltante fugindo ap\u00f3s esfaquear homem em parada de \u00f4nibus, no DF \u2014 Foto: TV Globo\/Reportagem<\/p>\n<\/div>\n<\/div>\n<div class=\"mc-column content-text active-extra-styles \" data-block-type=\"unstyled\" data-block-weight=\"54\" data-block-id=\"5\">\n<p class=\"content-text__container \" data-track-category=\"Link no Texto\" data-track-links=\"\">Ao decretar a pris\u00e3o do homem, a ju\u00edza Vivian Lins Cardoso afirmou que &#8220;o fato \u00e9 concretamente grave e a pris\u00e3o se mostra necess\u00e1ria&#8221;. A magistrada afirma ainda que o suspeito j\u00e1 havia sido condenado por furto e cumpria pena em pris\u00e3o domiciliar. Al\u00e9m disso, quando adolescente, foi apreendido pelo crime de roubo.<\/p>\n<\/div>\n<div class=\"content-ads content-ads--reveal\" data-block-type=\"ads\" data-block-id=\"6\"><\/div>\n<div class=\"mc-column content-text active-extra-styles \" data-block-type=\"unstyled\" data-block-weight=\"59\" data-block-id=\"7\">\n<p class=\"content-text__container \" data-track-category=\"Link no Texto\" data-track-links=\"\">&#8220;Verifico ainda que o conduzido ostenta condena\u00e7\u00f5es pelos crimes de furto e estava e pris\u00e3o domiciliar, circunst\u00e2ncia da qual decorre a inevit\u00e1vel conclus\u00e3o de que em liberdade encontrar\u00e1 est\u00edmulos \u00e0 pr\u00e1tica de novas infra\u00e7\u00f5es penais. Assim, tenho por imprescind\u00edvel a segrega\u00e7\u00e3o cautelar do autuado para evitar a reitera\u00e7\u00e3o delitiva e, com isso, acautelar a ordem p\u00fablica&#8221;, diz no texto.<\/p>\n<\/div>\n<div class=\"mc-column content-text active-extra-styles\" data-block-type=\"raw\" data-block-weight=\"2\" data-block-id=\"8\">\n<div class=\"content-intertitle\">\n<h2>O crime<\/h2>\n<\/div>\n<\/div>\n<div class=\"mc-column content-text active-extra-styles \" data-block-type=\"unstyled\" data-block-weight=\"39\" data-block-id=\"9\">\n<p class=\"content-text__container \" data-track-category=\"Link no Texto\" data-track-links=\"\">O crime ocorreu por volta das 6h30, em Taguatinga Sul. Segundo a decis\u00e3o judicial, o suspeito abordou a v\u00edtima e pediu o celular. O professor n\u00e3o reagiu e entregou o objeto mas, ainda assim, foi esfaqueado v\u00e1rias vezes.<\/p>\n<\/div>\n<div class=\"row medium-uncollapsed content-media content-photo\" data-block-type=\"backstage-photo\" data-block-id=\"10\">\n<div class=\"mc-column content-media__container\">\n<div class=\"progressive-img can-open-lightbox\" data-min-size=\"1008x759\" data-min-size-url=\"https:\/\/s2.glbimg.com\/Gn97SJlXoU00k7Hi89N61jjjVeI=\/0x0:1329x1002\/1008x0\/smart\/filters:strip_icc()\/i.s3.glbimg.com\/v1\/AUTH_59edd422c0c84a879bd37670ae4f538a\/internal_photos\/bs\/2020\/c\/g\/j8B1GzTD6e3Oouz62QNg\/professor-esfaqueado.jpg\" data-max-size=\"1600x1206\" data-max-size-url=\"https:\/\/s2.glbimg.com\/ibHVur4dvgPK9lxfQdpxilKX4ww=\/0x0:1329x1002\/1600x0\/smart\/filters:strip_icc()\/i.s3.glbimg.com\/v1\/AUTH_59edd422c0c84a879bd37670ae4f538a\/internal_photos\/bs\/2020\/c\/g\/j8B1GzTD6e3Oouz62QNg\/professor-esfaqueado.jpg\" data-media-index=\"1\">\n<div class=\"placeholder-container\"><\/div>\n<p><img decoding=\"async\" class=\"progressive-draft\" title=\"Hebert Miguel, professor esfaqueado em parada de \u00f4nibus no DF \u2014 Foto: Reprodu\u00e7\u00e3o\/TV Globo\" src=\"data:image\/jpeg;base64,\/9j\/4AAQSkZJRgABAQAAAQABAAD\/2wBDAAMCAgMCAgMDAwMEAwMEBQgFBQQEBQoHBwYIDAoMDAsKCwsNDhIQDQ4RDgsLEBYQERMUFRUVDA8XGBYUGBIUFRT\/2wBDAQMEBAUEBQkFBQkUDQsNFBQUFBQUFBQUFBQUFBQUFBQUFBQUFBQUFBQUFBQUFBQUFBQUFBQUFBQUFBQUFBQUFBT\/wgARCAATABkDASIAAhEBAxEB\/8QAGQAAAgMBAAAAAAAAAAAAAAAAAAQCBQYD\/8QAGAEAAwEBAAAAAAAAAAAAAAAAAQMEAAL\/2gAMAwEAAhADEAAAAdIhf5V69HyTcqmjRB2LhkMP\/8QAHRAAAgIDAAMAAAAAAAAAAAAAAgQBAwAFEhEUIv\/aAAgBAQABBQKzzw0oKIWT94s16Vm+2jBgnfLK+FHQ2p1FC4RXTn\/\/xAAaEQACAgMAAAAAAAAAAAAAAAABAgMxABAi\/9oACAEDAQE\/AYFj6c3hvf8A\/8QAGxEAAgEFAAAAAAAAAAAAAAAAAQIRAAQQEjH\/2gAIAQIBAT8BuNzCDlIIUDP\/xAAjEAABAwIFBQAAAAAAAAAAAAABAAIRAwQQEiEicRMUUVKh\/9oACAEBAAY\/AjALuAqNz3FYXkjYRsI9UcOpGbSFbvBbVptIcWh8DiEKpGXOS6PGuBBTpb9TWt0Aw\/\/EABwQAAIDAQEBAQAAAAAAAAAAAAERACExQVEQgf\/aAAgBAQABPyHaToYVAjty8PC864xPCpcKQRIEhK2dtOMJWBvbhFpOusVfA2gGXQ91AwYgP2Kf\/9oADAMBAAIAAwAAABBTKOL\/xAAaEQEBAAIDAAAAAAAAAAAAAAABABExIaHR\/9oACAEDAQE\/EDYfA69mLTUai\/\/EABcRAQEBAQAAAAAAAAAAAAAAAAEAMZH\/2gAIAQIBAT8QT7D1kQ0CNnb\/xAAdEAEAAwACAwEAAAAAAAAAAAABABEhMVEQQWFx\/9oACAEBAAE\/ECyeILbNwm4ZWWl2aFU4tapxC3gVHSZUv6hxxDSY1a4Kno+VMXpDi95uUktDNCwWL6FHgpKVJfOzmlP765NxlE0NpaLdyvU\/\/9k=\" alt=\"Hebert Miguel, professor esfaqueado em parada de \u00f4nibus no DF \u2014 Foto: Reprodu\u00e7\u00e3o\/TV Globo\" \/><picture><source srcset=\"https:\/\/s2.glbimg.com\/V9fLRLSmuiNxG3U0-hm-XfRNgek=\/0x0:1329x1002\/600x0\/smart\/filters:strip_icc()\/i.s3.glbimg.com\/v1\/AUTH_59edd422c0c84a879bd37670ae4f538a\/internal_photos\/bs\/2020\/c\/g\/j8B1GzTD6e3Oouz62QNg\/professor-esfaqueado.jpg 1x, https:\/\/s2.glbimg.com\/plVofX_mk8dDYzPo4OwHD-wjhq4=\/0x0:1329x1002\/1200x0\/smart\/filters:strip_icc()\/i.s3.glbimg.com\/v1\/AUTH_59edd422c0c84a879bd37670ae4f538a\/internal_photos\/bs\/2020\/c\/g\/j8B1GzTD6e3Oouz62QNg\/professor-esfaqueado.jpg 2x\" media=\"(max-width: 1024px)\" data-src=\"https:\/\/s2.glbimg.com\/V9fLRLSmuiNxG3U0-hm-XfRNgek=\/0x0:1329x1002\/600x0\/smart\/filters:strip_icc()\/i.s3.glbimg.com\/v1\/AUTH_59edd422c0c84a879bd37670ae4f538a\/internal_photos\/bs\/2020\/c\/g\/j8B1GzTD6e3Oouz62QNg\/professor-esfaqueado.jpg 1x, https:\/\/s2.glbimg.com\/plVofX_mk8dDYzPo4OwHD-wjhq4=\/0x0:1329x1002\/1200x0\/smart\/filters:strip_icc()\/i.s3.glbimg.com\/v1\/AUTH_59edd422c0c84a879bd37670ae4f538a\/internal_photos\/bs\/2020\/c\/g\/j8B1GzTD6e3Oouz62QNg\/professor-esfaqueado.jpg 2x\" \/><source srcset=\"https:\/\/s2.glbimg.com\/D5nvg6gKJssb4cWnLbz5MGyGD7A=\/0x0:1329x1002\/640x0\/smart\/filters:strip_icc()\/i.s3.glbimg.com\/v1\/AUTH_59edd422c0c84a879bd37670ae4f538a\/internal_photos\/bs\/2020\/c\/g\/j8B1GzTD6e3Oouz62QNg\/professor-esfaqueado.jpg 1x, https:\/\/s2.glbimg.com\/9A6-acRFhpD8NvKoVv2wKe3qkBY=\/0x0:1329x1002\/1280x0\/smart\/filters:strip_icc()\/i.s3.glbimg.com\/v1\/AUTH_59edd422c0c84a879bd37670ae4f538a\/internal_photos\/bs\/2020\/c\/g\/j8B1GzTD6e3Oouz62QNg\/professor-esfaqueado.jpg 2x\" media=\"(max-width: 1280px)\" data-src=\"https:\/\/s2.glbimg.com\/D5nvg6gKJssb4cWnLbz5MGyGD7A=\/0x0:1329x1002\/640x0\/smart\/filters:strip_icc()\/i.s3.glbimg.com\/v1\/AUTH_59edd422c0c84a879bd37670ae4f538a\/internal_photos\/bs\/2020\/c\/g\/j8B1GzTD6e3Oouz62QNg\/professor-esfaqueado.jpg 1x, https:\/\/s2.glbimg.com\/9A6-acRFhpD8NvKoVv2wKe3qkBY=\/0x0:1329x1002\/1280x0\/smart\/filters:strip_icc()\/i.s3.glbimg.com\/v1\/AUTH_59edd422c0c84a879bd37670ae4f538a\/internal_photos\/bs\/2020\/c\/g\/j8B1GzTD6e3Oouz62QNg\/professor-esfaqueado.jpg 2x\" \/><source srcset=\"https:\/\/s2.glbimg.com\/94W5d4-_1Ze5W-bOqpjjFZpnMeU=\/0x0:1329x1002\/984x0\/smart\/filters:strip_icc()\/i.s3.glbimg.com\/v1\/AUTH_59edd422c0c84a879bd37670ae4f538a\/internal_photos\/bs\/2020\/c\/g\/j8B1GzTD6e3Oouz62QNg\/professor-esfaqueado.jpg 1x, https:\/\/s2.glbimg.com\/rRSj5Xu0UrCZhpN3HSmgLZ4yLdg=\/0x0:1329x1002\/1968x0\/smart\/filters:strip_icc()\/i.s3.glbimg.com\/v1\/AUTH_59edd422c0c84a879bd37670ae4f538a\/internal_photos\/bs\/2020\/c\/g\/j8B1GzTD6e3Oouz62QNg\/professor-esfaqueado.jpg 2x\" media=\"(max-width: 1360px)\" data-src=\"https:\/\/s2.glbimg.com\/94W5d4-_1Ze5W-bOqpjjFZpnMeU=\/0x0:1329x1002\/984x0\/smart\/filters:strip_icc()\/i.s3.glbimg.com\/v1\/AUTH_59edd422c0c84a879bd37670ae4f538a\/internal_photos\/bs\/2020\/c\/g\/j8B1GzTD6e3Oouz62QNg\/professor-esfaqueado.jpg 1x, https:\/\/s2.glbimg.com\/rRSj5Xu0UrCZhpN3HSmgLZ4yLdg=\/0x0:1329x1002\/1968x0\/smart\/filters:strip_icc()\/i.s3.glbimg.com\/v1\/AUTH_59edd422c0c84a879bd37670ae4f538a\/internal_photos\/bs\/2020\/c\/g\/j8B1GzTD6e3Oouz62QNg\/professor-esfaqueado.jpg 2x\" \/><source srcset=\"https:\/\/s2.glbimg.com\/pEBZxHwhsrn_cmtU88tYOzBOb-E=\/0x0:1329x1002\/1000x0\/smart\/filters:strip_icc()\/i.s3.glbimg.com\/v1\/AUTH_59edd422c0c84a879bd37670ae4f538a\/internal_photos\/bs\/2020\/c\/g\/j8B1GzTD6e3Oouz62QNg\/professor-esfaqueado.jpg 1x, https:\/\/s2.glbimg.com\/r_ZvukTFeZaDrdSeJ_emSQz2mew=\/0x0:1329x1002\/2000x0\/smart\/filters:strip_icc()\/i.s3.glbimg.com\/v1\/AUTH_59edd422c0c84a879bd37670ae4f538a\/internal_photos\/bs\/2020\/c\/g\/j8B1GzTD6e3Oouz62QNg\/professor-esfaqueado.jpg 2x\" media=\"(min-width: 1361px)\" data-src=\"https:\/\/s2.glbimg.com\/pEBZxHwhsrn_cmtU88tYOzBOb-E=\/0x0:1329x1002\/1000x0\/smart\/filters:strip_icc()\/i.s3.glbimg.com\/v1\/AUTH_59edd422c0c84a879bd37670ae4f538a\/internal_photos\/bs\/2020\/c\/g\/j8B1GzTD6e3Oouz62QNg\/professor-esfaqueado.jpg 1x, https:\/\/s2.glbimg.com\/r_ZvukTFeZaDrdSeJ_emSQz2mew=\/0x0:1329x1002\/2000x0\/smart\/filters:strip_icc()\/i.s3.glbimg.com\/v1\/AUTH_59edd422c0c84a879bd37670ae4f538a\/internal_photos\/bs\/2020\/c\/g\/j8B1GzTD6e3Oouz62QNg\/professor-esfaqueado.jpg 2x\" \/><source srcset=\"https:\/\/s2.glbimg.com\/94W5d4-_1Ze5W-bOqpjjFZpnMeU=\/0x0:1329x1002\/984x0\/smart\/filters:strip_icc()\/i.s3.glbimg.com\/v1\/AUTH_59edd422c0c84a879bd37670ae4f538a\/internal_photos\/bs\/2020\/c\/g\/j8B1GzTD6e3Oouz62QNg\/professor-esfaqueado.jpg\" data-src=\"https:\/\/s2.glbimg.com\/94W5d4-_1Ze5W-bOqpjjFZpnMeU=\/0x0:1329x1002\/984x0\/smart\/filters:strip_icc()\/i.s3.glbimg.com\/v1\/AUTH_59edd422c0c84a879bd37670ae4f538a\/internal_photos\/bs\/2020\/c\/g\/j8B1GzTD6e3Oouz62QNg\/professor-esfaqueado.jpg\" \/><img decoding=\"async\" class=\"image content-media__image progressive-loaded\" title=\"Hebert Miguel, professor esfaqueado em parada de \u00f4nibus no DF \u2014 Foto: Reprodu\u00e7\u00e3o\/TV Globo\" src=\"https:\/\/s2.glbimg.com\/94W5d4-_1Ze5W-bOqpjjFZpnMeU=\/0x0:1329x1002\/984x0\/smart\/filters:strip_icc()\/i.s3.glbimg.com\/v1\/AUTH_59edd422c0c84a879bd37670ae4f538a\/internal_photos\/bs\/2020\/c\/g\/j8B1GzTD6e3Oouz62QNg\/professor-esfaqueado.jpg\" alt=\"Hebert Miguel, professor esfaqueado em parada de \u00f4nibus no DF \u2014 Foto: Reprodu\u00e7\u00e3o\/TV Globo\" data-src=\"https:\/\/s2.glbimg.com\/94W5d4-_1Ze5W-bOqpjjFZpnMeU=\/0x0:1329x1002\/984x0\/smart\/filters:strip_icc()\/i.s3.glbimg.com\/v1\/AUTH_59edd422c0c84a879bd37670ae4f538a\/internal_photos\/bs\/2020\/c\/g\/j8B1GzTD6e3Oouz62QNg\/professor-esfaqueado.jpg\" \/><\/picture><\/div>\n<p class=\"content-media__description \">Hebert Miguel, professor esfaqueado em parada de \u00f4nibus no DF \u2014 Foto: Reprodu\u00e7\u00e3o\/TV Globo<\/p>\n<\/div>\n<\/div>\n<div class=\"mc-column content-text active-extra-styles \" data-block-type=\"unstyled\" data-block-weight=\"51\" data-block-id=\"11\">\n<p class=\"content-text__container \" data-track-category=\"Link no Texto\" data-track-links=\"\">\u00c0 reportagem da\u00a0<strong>TV Globo<\/strong>, o rapaz contou que estava esperando o \u00f4nibus para ir ao trabalho quando foi abordado. A v\u00edtima afirmou que o suspeito estava &#8220;exaltado&#8221; e exigiu que ele entregasse o celular. Enquanto o jovem passava o aparelho ao assaltante, foi atingido no rosto e no t\u00f3rax.<\/p>\n<\/div>\n<div class=\"mc-column content-text active-extra-styles \" data-block-type=\"unstyled\" data-block-weight=\"33\" data-block-id=\"12\">\n<p class=\"content-text__container \" data-track-category=\"Link no Texto\" data-track-links=\"\">O suspeito n\u00e3o chegou a levar nada e fugiu a p\u00e9. Ele foi preso a cerca de 1,3 quil\u00f4metro do crime, pela Pol\u00edcia Militar, e levado \u00e0 12\u00aa Delegacia de Pol\u00edcia, em Taguatinga.<\/p>\n<\/div>\n<div class=\"mc-column content-text active-extra-styles \" data-block-type=\"unstyled\" data-block-weight=\"40\" data-block-id=\"13\">\n<p class=\"content-text__container \" data-track-category=\"Link no Texto\" data-track-links=\"\">J\u00e1 a v\u00edtima foi socorrida pelo Corpo de Bombeiros e encaminhada ao Hospital Regional de Taguatinga (HRT). Na madrugada desta ter\u00e7a-feira (3), o professor foi transferido para uma Unidade de Terapia Intensiva (UTI) no Hospital Regional de Santa Maria (HRSM).<\/p>\n<\/div>\n<div class=\"content-ads content-ads--reveal\" data-block-type=\"ads\" data-block-id=\"14\"><\/div>\n<div class=\"mc-column content-text active-extra-styles\" data-block-type=\"raw\" data-block-weight=\"1\" data-block-id=\"15\">\n<div class=\"content-intertitle\">\n<h2>Estat\u00edsticas<\/h2>\n<\/div>\n<\/div>\n<div class=\"mc-column content-text active-extra-styles \" data-block-type=\"unstyled\" data-block-weight=\"37\" data-block-id=\"16\">\n<p class=\"content-text__container \" data-track-category=\"Link no Texto\" data-track-links=\"\">Dados da Secretaria de Seguran\u00e7a P\u00fablica apontam que a regi\u00e3o de Taguatinga registrou 121 casos de roubo a pedestre apenas em janeiro deste ano. O balan\u00e7o dos crimes em fevereiro ainda n\u00e3o foi divulgado. Veja os n\u00fameros:<\/p>\n<\/div>\n<div class=\"mc-column content-text active-extra-styles \" data-block-type=\"unstyled\" data-block-weight=\"7\" data-block-id=\"17\">\n<p class=\"content-text__container \" data-track-category=\"Link no Texto\" data-track-links=\"\"><strong>Crimes em Taguatinga &#8211; janeiro de 2020<\/strong><\/p>\n<\/div>\n<div class=\"mc-column content-text active-extra-styles\" data-block-type=\"raw\" data-block-weight=\"18\" data-block-id=\"18\">\n<ul class=\"content-unordered-list\">\n<li>121 roubos a pedestres<\/li>\n<li>4 tentativas de homic\u00eddio<\/li>\n<li>1 homic\u00eddio<\/li>\n<li>1 tentativa de latroc\u00ednio (roubo seguido de homic\u00eddio)<\/li>\n<\/ul>\n<\/div>\n<div class=\"mc-column content-text active-extra-styles \" data-block-type=\"unstyled\" data-block-weight=\"2\" data-block-id=\"19\">\n<p class=\"content-text__container \" data-track-category=\"Link no Texto\" data-track-links=\"\"><strong>Em 2019<\/strong><\/p>\n<\/div>\n<div class=\"mc-column content-text active-extra-styles \" data-block-type=\"unstyled\" data-block-weight=\"18\" data-block-id=\"20\">\n<p class=\"content-text__container \" data-track-category=\"Link no Texto\" data-track-links=\"\">Ao longo de todo o ano de 2019, houve quase tr\u00eas mil assaltos a pedestres em Taguatinga. Veja:<\/p>\n<\/div>\n<div class=\"mc-column content-text active-extra-styles\" data-block-type=\"raw\" data-block-weight=\"16\" data-block-id=\"21\">\n<ul class=\"content-unordered-list\">\n<li>2919 roubos a pedestre<\/li>\n<li>42 tentativas de homic\u00eddio<\/li>\n<li>16 homic\u00eddios<\/li>\n<li>15 tentativas de latroc\u00ednio<\/li>\n<li>2 latroc\u00ednios<\/li>\n<\/ul>\n<\/div>\n<div class=\"mc-column content-text active-extra-styles \" data-block-type=\"unstyled\" data-block-weight=\"17\" data-block-id=\"22\">\n<p class=\"content-text__container \" data-track-category=\"Link no Texto\" data-track-links=\"\">Em nota, a PM afirmou que est\u00e1 refor\u00e7ando a seguran\u00e7a no local. Veja o comunicado na \u00edntegra:<\/p>\n<\/div>\n<div class=\"mc-column content-text active-extra-styles \" data-block-type=\"unstyled\" data-block-weight=\"45\" data-block-id=\"23\">\n<p class=\"content-text__container \" data-track-category=\"Link no Texto\" data-track-links=\"\">&#8220;A PMDF reitera ainda que o policiamento no local est\u00e1 sendo intensificado. Desde o in\u00edcio de 2020, a Pol\u00edcia Militar deteve 290 autores ou suspeitos de crimes dos mais diversos delitos, na regi\u00e3o de Taguatinga. Dezessete armas foram retiradas das ruas este ano pela PMDF.&#8221;<\/p>\n<\/div>\n<div data-track-category=\"multicontent\" data-track-action=\"ultimo chunk conteudo\" data-track-noninteraction=\"false\" data-track-scroll=\"view\">\n<div class=\"mc-column content-text active-extra-styles \" data-block-type=\"unstyled\" data-block-weight=\"9\" data-block-id=\"24\">\n<p class=\"content-text__container \" data-track-category=\"Link no Texto\" data-track-links=\"\">Leia mais not\u00edcias sobre a regi\u00e3o no\u00a0<a href=\"http:\/\/g1.globo.com\/distrito-federal\/\">G1 DF<\/a>.<\/p>\n<\/div>\n<\/div>\n<\/div>\n","protected":false},"excerpt":{"rendered":"<p>A Justi\u00e7a do Distrito Federal converteu em preventiva a pris\u00e3o do homem que\u00a0esfaqueou o professor Hebert Miguel, de 25 anos, durante um assalto na segunda-feira (2), em uma parada de \u00f4nibus em Taguatinga. Com a decis\u00e3o, o suspeito vai ficar detido por tempo indeterminado. Os instantes depois do crime foram registrados por uma equipe da\u00a0TV [&hellip;]<\/p>\n","protected":false},"author":18,"featured_media":19107,"comment_status":"open","ping_status":"open","sticky":false,"template":"","format":"standard","meta":{"footnotes":""},"categories":[57],"tags":[],"class_list":{"0":"post-19106","1":"post","2":"type-post","3":"status-publish","4":"format-standard","5":"has-post-thumbnail","7":"category-politica"},"yoast_head":"<!-- This site is optimized with the Yoast SEO Premium plugin v24.5 (Yoast SEO v27.5) - https:\/\/yoast.com\/product\/yoast-seo-premium-wordpress\/ -->\n<title>Homem que esfaqueou professor em parada de \u00f4nibus no DF vai ficar preso por tempo indeterminado - P31<\/title>\n<meta name=\"robots\" content=\"index, follow, max-snippet:-1, max-image-preview:large, max-video-preview:-1\" \/>\n<link rel=\"canonical\" href=\"https:\/\/www.p31noticias.com.br\/?p=19106\" \/>\n<meta property=\"og:locale\" content=\"pt_BR\" \/>\n<meta property=\"og:type\" content=\"article\" \/>\n<meta property=\"og:title\" content=\"Homem que esfaqueou professor em parada de \u00f4nibus no DF vai ficar preso por tempo indeterminado\" \/>\n<meta property=\"og:description\" content=\"A Justi\u00e7a do Distrito Federal converteu em preventiva a pris\u00e3o do homem que\u00a0esfaqueou o professor Hebert Miguel, de 25 anos, durante um assalto na segunda-feira (2), em uma parada de \u00f4nibus em Taguatinga. Com a decis\u00e3o, o suspeito vai ficar detido por tempo indeterminado. Os instantes depois do crime foram registrados por uma equipe da\u00a0TV [&hellip;]\" \/>\n<meta property=\"og:url\" content=\"https:\/\/www.p31noticias.com.br\/?p=19106\" \/>\n<meta property=\"og:site_name\" content=\"P31\" \/>\n<meta property=\"article:published_time\" content=\"2020-03-04T13:05:44+00:00\" \/>\n<meta property=\"og:image\" content=\"https:\/\/www.p31noticias.com.br\/wp-content\/uploads\/2020\/03\/professor-esfaqueado.jpg\" \/>\n\t<meta property=\"og:image:width\" content=\"640\" \/>\n\t<meta property=\"og:image:height\" content=\"483\" \/>\n\t<meta property=\"og:image:type\" content=\"image\/jpeg\" \/>\n<meta name=\"author\" content=\"Reda\u00e7\u00e3o JBN\" \/>\n<meta name=\"twitter:card\" content=\"summary_large_image\" \/>\n<meta name=\"twitter:label1\" content=\"Escrito por\" \/>\n\t<meta name=\"twitter:data1\" content=\"Reda\u00e7\u00e3o JBN\" \/>\n\t<meta name=\"twitter:label2\" content=\"Est. tempo de leitura\" \/>\n\t<meta name=\"twitter:data2\" content=\"3 minutos\" \/>\n<script type=\"application\/ld+json\" class=\"yoast-schema-graph\">{\"@context\":\"https:\\\/\\\/schema.org\",\"@graph\":[{\"@type\":\"Article\",\"@id\":\"https:\\\/\\\/www.p31noticias.com.br\\\/?p=19106#article\",\"isPartOf\":{\"@id\":\"https:\\\/\\\/www.p31noticias.com.br\\\/?p=19106\"},\"author\":{\"name\":\"Reda\u00e7\u00e3o JBN\",\"@id\":\"https:\\\/\\\/www.p31noticias.com.br\\\/#\\\/schema\\\/person\\\/77d6b186c710ac38937c6ec204fdd387\"},\"headline\":\"Homem que esfaqueou professor em parada de \u00f4nibus no DF vai ficar preso por tempo indeterminado\",\"datePublished\":\"2020-03-04T13:05:44+00:00\",\"mainEntityOfPage\":{\"@id\":\"https:\\\/\\\/www.p31noticias.com.br\\\/?p=19106\"},\"wordCount\":614,\"commentCount\":0,\"image\":{\"@id\":\"https:\\\/\\\/www.p31noticias.com.br\\\/?p=19106#primaryimage\"},\"thumbnailUrl\":\"https:\\\/\\\/www.p31noticias.com.br\\\/wp-content\\\/uploads\\\/2020\\\/03\\\/professor-esfaqueado.jpg\",\"articleSection\":[\"Pol\u00edtica\"],\"inLanguage\":\"pt-BR\",\"potentialAction\":[{\"@type\":\"CommentAction\",\"name\":\"Comment\",\"target\":[\"https:\\\/\\\/www.p31noticias.com.br\\\/?p=19106#respond\"]}],\"copyrightYear\":\"2020\",\"copyrightHolder\":{\"@id\":\"https:\\\/\\\/www.p31noticias.com.br\\\/#organization\"}},{\"@type\":\"WebPage\",\"@id\":\"https:\\\/\\\/www.p31noticias.com.br\\\/?p=19106\",\"url\":\"https:\\\/\\\/www.p31noticias.com.br\\\/?p=19106\",\"name\":\"Homem que esfaqueou professor em parada de \u00f4nibus no DF vai ficar preso por tempo indeterminado - P31\",\"isPartOf\":{\"@id\":\"https:\\\/\\\/www.p31noticias.com.br\\\/#website\"},\"primaryImageOfPage\":{\"@id\":\"https:\\\/\\\/www.p31noticias.com.br\\\/?p=19106#primaryimage\"},\"image\":{\"@id\":\"https:\\\/\\\/www.p31noticias.com.br\\\/?p=19106#primaryimage\"},\"thumbnailUrl\":\"https:\\\/\\\/www.p31noticias.com.br\\\/wp-content\\\/uploads\\\/2020\\\/03\\\/professor-esfaqueado.jpg\",\"datePublished\":\"2020-03-04T13:05:44+00:00\",\"author\":{\"@id\":\"https:\\\/\\\/www.p31noticias.com.br\\\/#\\\/schema\\\/person\\\/77d6b186c710ac38937c6ec204fdd387\"},\"breadcrumb\":{\"@id\":\"https:\\\/\\\/www.p31noticias.com.br\\\/?p=19106#breadcrumb\"},\"inLanguage\":\"pt-BR\",\"potentialAction\":[{\"@type\":\"ReadAction\",\"target\":[\"https:\\\/\\\/www.p31noticias.com.br\\\/?p=19106\"]}]},{\"@type\":\"ImageObject\",\"inLanguage\":\"pt-BR\",\"@id\":\"https:\\\/\\\/www.p31noticias.com.br\\\/?p=19106#primaryimage\",\"url\":\"https:\\\/\\\/www.p31noticias.com.br\\\/wp-content\\\/uploads\\\/2020\\\/03\\\/professor-esfaqueado.jpg\",\"contentUrl\":\"https:\\\/\\\/www.p31noticias.com.br\\\/wp-content\\\/uploads\\\/2020\\\/03\\\/professor-esfaqueado.jpg\",\"width\":640,\"height\":483},{\"@type\":\"BreadcrumbList\",\"@id\":\"https:\\\/\\\/www.p31noticias.com.br\\\/?p=19106#breadcrumb\",\"itemListElement\":[{\"@type\":\"ListItem\",\"position\":1,\"name\":\"In\u00edcio\",\"item\":\"https:\\\/\\\/www.p31noticias.com.br\\\/\"},{\"@type\":\"ListItem\",\"position\":2,\"name\":\"Homem que esfaqueou professor em parada de \u00f4nibus no DF vai ficar preso por tempo indeterminado\"}]},{\"@type\":\"WebSite\",\"@id\":\"https:\\\/\\\/www.p31noticias.com.br\\\/#website\",\"url\":\"https:\\\/\\\/www.p31noticias.com.br\\\/\",\"name\":\"P31\",\"description\":\"NOT\u00cdCIAS\",\"potentialAction\":[{\"@type\":\"SearchAction\",\"target\":{\"@type\":\"EntryPoint\",\"urlTemplate\":\"https:\\\/\\\/www.p31noticias.com.br\\\/?s={search_term_string}\"},\"query-input\":{\"@type\":\"PropertyValueSpecification\",\"valueRequired\":true,\"valueName\":\"search_term_string\"}}],\"inLanguage\":\"pt-BR\"},{\"@type\":\"Person\",\"@id\":\"https:\\\/\\\/www.p31noticias.com.br\\\/#\\\/schema\\\/person\\\/77d6b186c710ac38937c6ec204fdd387\",\"name\":\"Reda\u00e7\u00e3o JBN\",\"image\":{\"@type\":\"ImageObject\",\"inLanguage\":\"pt-BR\",\"@id\":\"https:\\\/\\\/secure.gravatar.com\\\/avatar\\\/10fcdb93211f98cce3d64c0795b0915a9a4a21dc0f279238995a3dbfafcad090?s=96&d=mm&r=g\",\"url\":\"https:\\\/\\\/secure.gravatar.com\\\/avatar\\\/10fcdb93211f98cce3d64c0795b0915a9a4a21dc0f279238995a3dbfafcad090?s=96&d=mm&r=g\",\"contentUrl\":\"https:\\\/\\\/secure.gravatar.com\\\/avatar\\\/10fcdb93211f98cce3d64c0795b0915a9a4a21dc0f279238995a3dbfafcad090?s=96&d=mm&r=g\",\"caption\":\"Reda\u00e7\u00e3o JBN\"},\"sameAs\":[\"https:\\\/\\\/p31noticias.com.br\"],\"url\":\"https:\\\/\\\/www.p31noticias.com.br\\\/?author=18\"}]}<\/script>\n<!-- \/ Yoast SEO Premium plugin. -->","yoast_head_json":{"title":"Homem que esfaqueou professor em parada de \u00f4nibus no DF vai ficar preso por tempo indeterminado - P31","robots":{"index":"index","follow":"follow","max-snippet":"max-snippet:-1","max-image-preview":"max-image-preview:large","max-video-preview":"max-video-preview:-1"},"canonical":"https:\/\/www.p31noticias.com.br\/?p=19106","og_locale":"pt_BR","og_type":"article","og_title":"Homem que esfaqueou professor em parada de \u00f4nibus no DF vai ficar preso por tempo indeterminado","og_description":"A Justi\u00e7a do Distrito Federal converteu em preventiva a pris\u00e3o do homem que\u00a0esfaqueou o professor Hebert Miguel, de 25 anos, durante um assalto na segunda-feira (2), em uma parada de \u00f4nibus em Taguatinga. Com a decis\u00e3o, o suspeito vai ficar detido por tempo indeterminado. Os instantes depois do crime foram registrados por uma equipe da\u00a0TV [&hellip;]","og_url":"https:\/\/www.p31noticias.com.br\/?p=19106","og_site_name":"P31","article_published_time":"2020-03-04T13:05:44+00:00","og_image":[{"width":640,"height":483,"url":"https:\/\/www.p31noticias.com.br\/wp-content\/uploads\/2020\/03\/professor-esfaqueado.jpg","type":"image\/jpeg"}],"author":"Reda\u00e7\u00e3o JBN","twitter_card":"summary_large_image","twitter_misc":{"Escrito por":"Reda\u00e7\u00e3o JBN","Est. tempo de leitura":"3 minutos"},"schema":{"@context":"https:\/\/schema.org","@graph":[{"@type":"Article","@id":"https:\/\/www.p31noticias.com.br\/?p=19106#article","isPartOf":{"@id":"https:\/\/www.p31noticias.com.br\/?p=19106"},"author":{"name":"Reda\u00e7\u00e3o JBN","@id":"https:\/\/www.p31noticias.com.br\/#\/schema\/person\/77d6b186c710ac38937c6ec204fdd387"},"headline":"Homem que esfaqueou professor em parada de \u00f4nibus no DF vai ficar preso por tempo indeterminado","datePublished":"2020-03-04T13:05:44+00:00","mainEntityOfPage":{"@id":"https:\/\/www.p31noticias.com.br\/?p=19106"},"wordCount":614,"commentCount":0,"image":{"@id":"https:\/\/www.p31noticias.com.br\/?p=19106#primaryimage"},"thumbnailUrl":"https:\/\/www.p31noticias.com.br\/wp-content\/uploads\/2020\/03\/professor-esfaqueado.jpg","articleSection":["Pol\u00edtica"],"inLanguage":"pt-BR","potentialAction":[{"@type":"CommentAction","name":"Comment","target":["https:\/\/www.p31noticias.com.br\/?p=19106#respond"]}],"copyrightYear":"2020","copyrightHolder":{"@id":"https:\/\/www.p31noticias.com.br\/#organization"}},{"@type":"WebPage","@id":"https:\/\/www.p31noticias.com.br\/?p=19106","url":"https:\/\/www.p31noticias.com.br\/?p=19106","name":"Homem que esfaqueou professor em parada de \u00f4nibus no DF vai ficar preso por tempo indeterminado - P31","isPartOf":{"@id":"https:\/\/www.p31noticias.com.br\/#website"},"primaryImageOfPage":{"@id":"https:\/\/www.p31noticias.com.br\/?p=19106#primaryimage"},"image":{"@id":"https:\/\/www.p31noticias.com.br\/?p=19106#primaryimage"},"thumbnailUrl":"https:\/\/www.p31noticias.com.br\/wp-content\/uploads\/2020\/03\/professor-esfaqueado.jpg","datePublished":"2020-03-04T13:05:44+00:00","author":{"@id":"https:\/\/www.p31noticias.com.br\/#\/schema\/person\/77d6b186c710ac38937c6ec204fdd387"},"breadcrumb":{"@id":"https:\/\/www.p31noticias.com.br\/?p=19106#breadcrumb"},"inLanguage":"pt-BR","potentialAction":[{"@type":"ReadAction","target":["https:\/\/www.p31noticias.com.br\/?p=19106"]}]},{"@type":"ImageObject","inLanguage":"pt-BR","@id":"https:\/\/www.p31noticias.com.br\/?p=19106#primaryimage","url":"https:\/\/www.p31noticias.com.br\/wp-content\/uploads\/2020\/03\/professor-esfaqueado.jpg","contentUrl":"https:\/\/www.p31noticias.com.br\/wp-content\/uploads\/2020\/03\/professor-esfaqueado.jpg","width":640,"height":483},{"@type":"BreadcrumbList","@id":"https:\/\/www.p31noticias.com.br\/?p=19106#breadcrumb","itemListElement":[{"@type":"ListItem","position":1,"name":"In\u00edcio","item":"https:\/\/www.p31noticias.com.br\/"},{"@type":"ListItem","position":2,"name":"Homem que esfaqueou professor em parada de \u00f4nibus no DF vai ficar preso por tempo indeterminado"}]},{"@type":"WebSite","@id":"https:\/\/www.p31noticias.com.br\/#website","url":"https:\/\/www.p31noticias.com.br\/","name":"P31","description":"NOT\u00cdCIAS","potentialAction":[{"@type":"SearchAction","target":{"@type":"EntryPoint","urlTemplate":"https:\/\/www.p31noticias.com.br\/?s={search_term_string}"},"query-input":{"@type":"PropertyValueSpecification","valueRequired":true,"valueName":"search_term_string"}}],"inLanguage":"pt-BR"},{"@type":"Person","@id":"https:\/\/www.p31noticias.com.br\/#\/schema\/person\/77d6b186c710ac38937c6ec204fdd387","name":"Reda\u00e7\u00e3o JBN","image":{"@type":"ImageObject","inLanguage":"pt-BR","@id":"https:\/\/secure.gravatar.com\/avatar\/10fcdb93211f98cce3d64c0795b0915a9a4a21dc0f279238995a3dbfafcad090?s=96&d=mm&r=g","url":"https:\/\/secure.gravatar.com\/avatar\/10fcdb93211f98cce3d64c0795b0915a9a4a21dc0f279238995a3dbfafcad090?s=96&d=mm&r=g","contentUrl":"https:\/\/secure.gravatar.com\/avatar\/10fcdb93211f98cce3d64c0795b0915a9a4a21dc0f279238995a3dbfafcad090?s=96&d=mm&r=g","caption":"Reda\u00e7\u00e3o JBN"},"sameAs":["https:\/\/p31noticias.com.br"],"url":"https:\/\/www.p31noticias.com.br\/?author=18"}]}},"amp_enabled":true,"_links":{"self":[{"href":"https:\/\/www.p31noticias.com.br\/index.php?rest_route=\/wp\/v2\/posts\/19106","targetHints":{"allow":["GET"]}}],"collection":[{"href":"https:\/\/www.p31noticias.com.br\/index.php?rest_route=\/wp\/v2\/posts"}],"about":[{"href":"https:\/\/www.p31noticias.com.br\/index.php?rest_route=\/wp\/v2\/types\/post"}],"author":[{"embeddable":true,"href":"https:\/\/www.p31noticias.com.br\/index.php?rest_route=\/wp\/v2\/users\/18"}],"replies":[{"embeddable":true,"href":"https:\/\/www.p31noticias.com.br\/index.php?rest_route=%2Fwp%2Fv2%2Fcomments&post=19106"}],"version-history":[{"count":0,"href":"https:\/\/www.p31noticias.com.br\/index.php?rest_route=\/wp\/v2\/posts\/19106\/revisions"}],"wp:featuredmedia":[{"embeddable":true,"href":"https:\/\/www.p31noticias.com.br\/index.php?rest_route=\/wp\/v2\/media\/19107"}],"wp:attachment":[{"href":"https:\/\/www.p31noticias.com.br\/index.php?rest_route=%2Fwp%2Fv2%2Fmedia&parent=19106"}],"wp:term":[{"taxonomy":"category","embeddable":true,"href":"https:\/\/www.p31noticias.com.br\/index.php?rest_route=%2Fwp%2Fv2%2Fcategories&post=19106"},{"taxonomy":"post_tag","embeddable":true,"href":"https:\/\/www.p31noticias.com.br\/index.php?rest_route=%2Fwp%2Fv2%2Ftags&post=19106"}],"curies":[{"name":"wp","href":"https:\/\/api.w.org\/{rel}","templated":true}]}}