{"id":19077,"date":"2020-03-03T16:44:52","date_gmt":"2020-03-03T19:44:52","guid":{"rendered":"https:\/\/www.delioandrade.com.br\/?p=19077"},"modified":"2020-03-03T16:44:52","modified_gmt":"2020-03-03T19:44:52","slug":"sobe-para-12-numero-de-casos-suspeitos-de-coronavirus-no-df","status":"publish","type":"post","link":"https:\/\/www.p31noticias.com.br\/?p=19077","title":{"rendered":"Sobe para 12 n\u00famero de casos suspeitos de coronav\u00edrus no DF"},"content":{"rendered":"<div class=\"mc-column content-text active-extra-styles \" data-block-type=\"unstyled\" data-block-weight=\"47\" data-block-id=\"2\">\n<p class=\"content-text__container \" data-track-category=\"Link no Texto\" data-track-links=\"\">O Minist\u00e9rio da Sa\u00fade informou, nesta segunda-feira (2), que subiu para 12 o n\u00famero de casos suspeitos de\u00a0coronav\u00edrus\u00a0no Distrito Federal. At\u00e9 a \u00faltima sexta-feira (28), a pasta contabilizava cinco casos suspeitos na capital, enquanto a\u00a0Secretaria de Sa\u00fade do DF falava em seis ocorr\u00eancias.<\/p>\n<\/div>\n<div class=\"wall protected-content\">\n<div class=\"mc-column content-text active-extra-styles \" data-block-type=\"unstyled\" data-block-weight=\"41\" data-block-id=\"3\">\n<p class=\"content-text__container \" data-track-category=\"Link no Texto\" data-track-links=\"\">Ainda de acordo com o minist\u00e9rio, nenhum caso da doen\u00e7a foi confirmado em Bras\u00edlia e outros tr\u00eas acabaram descartados. Na sexta,\u00a0o governador Ibaneis Rocha (MDB) decretou estado de emerg\u00eancia na sa\u00fade local\u00a0por &#8220;risco de pandemia&#8221; do novo v\u00edrus.<\/p>\n<\/div>\n<div class=\"mc-column content-text active-extra-styles \" data-block-type=\"unstyled\" data-block-weight=\"43\" data-block-id=\"4\">\n<p class=\"content-text__container \" data-track-category=\"Link no Texto\" data-track-links=\"\">O Minist\u00e9rio da Sa\u00fade tamb\u00e9m informou que o DF est\u00e1 entre as unidades da federa\u00e7\u00e3o que vai receber, a partir de quarta (4), kits com exames para diagn\u00f3stico do Covid-19. Ao todo, ser\u00e3o 10 mil testes enviados a 14 estados al\u00e9m do DF.<\/p>\n<div class=\"mc-column content-text active-extra-styles \" data-block-type=\"unstyled\" data-block-weight=\"24\" data-block-id=\"6\">\n<p class=\"content-text__container \" data-track-category=\"Link no Texto\" data-track-links=\"\">Por conta do novo v\u00edrus, a campanha de vacina\u00e7\u00e3o contra a gripe foi antecipada.\u00a0Na capital, os trabalhos come\u00e7am em 23 de mar\u00e7o.<\/p>\n<\/div>\n<div class=\"mc-column content-text active-extra-styles \" data-block-type=\"unstyled\" data-block-weight=\"34\" data-block-id=\"7\">\n<p class=\"content-text__container \" data-track-category=\"Link no Texto\" data-track-links=\"\">Inicialmente, a previs\u00e3o era de que o in\u00edcio seria apenas na segunda quinzena de abril. A Secretaria de Sa\u00fade do DF disse que ainda n\u00e3o tem detalhes da quantidade de vacinas que ser\u00e3o disponibilizadas.<\/p>\n<\/div>\n<div class=\"content-ads content-ads--reveal\" data-block-type=\"ads\" data-block-id=\"8\">\n<div class=\"tag-manager-publicidade-container mc-has-reveal mc-has-ad-lazyload\" data-id=\"banner_materia2\"><\/div>\n<\/div>\n<div class=\"mc-column content-text active-extra-styles\" data-block-type=\"raw\" data-block-weight=\"3\" data-block-id=\"9\">\n<div class=\"content-intertitle\">\n<h2>Comit\u00eas de combate<\/h2>\n<\/div>\n<\/div>\n<div class=\"row medium-uncollapsed content-media content-photo\" data-block-type=\"backstage-photo\" data-block-id=\"10\">\n<div class=\"mc-column content-media__container\">\n<div class=\"progressive-img can-open-lightbox\" data-min-size=\"1008x567\" data-min-size-url=\"https:\/\/s2.glbimg.com\/7FCEvfes9_VJtL0Xra36hz-QpL4=\/0x0:4608x2592\/1008x0\/smart\/filters:strip_icc()\/i.s3.glbimg.com\/v1\/AUTH_59edd422c0c84a879bd37670ae4f538a\/internal_photos\/bs\/2017\/g\/v\/eEygonQ2ShIbfz2oX3Fg\/img-1241.jpg\" data-max-size=\"1600x900\" data-max-size-url=\"https:\/\/s2.glbimg.com\/iAshDEpzF61Fp1COG2KeycpOAi4=\/0x0:4608x2592\/1600x0\/smart\/filters:strip_icc()\/i.s3.glbimg.com\/v1\/AUTH_59edd422c0c84a879bd37670ae4f538a\/internal_photos\/bs\/2017\/g\/v\/eEygonQ2ShIbfz2oX3Fg\/img-1241.jpg\" data-media-index=\"1\">\n<div class=\"placeholder-container\"><\/div>\n<p><img decoding=\"async\" class=\"progressive-draft\" title=\"Secretaria de Sa\u00fade do Distrito Federal \u2014 Foto: Raquel Morais\/G1\" src=\"data:image\/jpeg;base64,\/9j\/4AAQSkZJRgABAQAAAQABAAD\/2wBDAAMCAgMCAgMDAwMEAwMEBQgFBQQEBQoHBwYIDAoMDAsKCwsNDhIQDQ4RDgsLEBYQERMUFRUVDA8XGBYUGBIUFRT\/2wBDAQMEBAUEBQkFBQkUDQsNFBQUFBQUFBQUFBQUFBQUFBQUFBQUFBQUFBQUFBQUFBQUFBQUFBQUFBQUFBQUFBQUFBT\/wgARCAAOABkDASIAAhEBAxEB\/8QAFwAAAwEAAAAAAAAAAAAAAAAAAwQHBf\/EABYBAQEBAAAAAAAAAAAAAAAAAAQBA\/\/aAAwDAQACEAMQAAABdZjmllKkKbmEj\/\/EABwQAAICAwEBAAAAAAAAAAAAAAIFAAQBBhYDJf\/aAAgBAQABBQLp760vHZWV2wWWhl9mE0tYOtt7KuIby0xO2Yz\/xAAaEQACAgMAAAAAAAAAAAAAAAAAAQISERPB\/9oACAEDAQE\/AdcbZ4hUP\/\/EABoRAAICAwAAAAAAAAAAAAAAAAABAxICEbH\/2gAIAQIBAT8BcmdNLrKyo\/\/EACIQAAEDBAICAwAAAAAAAAAAAAEAAgMREhMhBDMFkTFykv\/aAAgBAQAGPwKWGXxAYyLQfR1vtCOLgmMW3B9mldhNSSd0XUPYWLIcdaFg00osZObR8B26Ii+OT7sXVxfwV\/\/EAB4QAQADAAICAwAAAAAAAAAAAAEAESFBUTGBscHw\/9oACAEBAAE\/IcrDBUM1WMZqMTx7ciIZQA34Jc5YfmTYK6srJPQQ5OY1PrKn4L7n\/9oADAMBAAIAAwAAABBRX\/\/EABoRAAICAwAAAAAAAAAAAAAAAAERAKEhQfD\/2gAIAQMBAT8QJnALjKuJG6n\/xAAbEQEBAAIDAQAAAAAAAAAAAAABEQAxIYGR0f\/aAAgBAgEBPxAQ2hNYcblnWCmT1+5\/\/8QAHRABAQACAgMBAAAAAAAAAAAAAREhMQAQQVFhcf\/aAAgBAQABPxAXYfCAEkAdjPycTwKoUrXQ+rW6eP1KAlEC6POIZ93q\/KXEKEyJVT43la6iAGkYxquuQwi6sBocRj71B\/\/Z\" alt=\"Secretaria de Sa\u00fade do Distrito Federal \u2014 Foto: Raquel Morais\/G1\" \/><picture><source srcset=\"https:\/\/s2.glbimg.com\/qZ0psfbg9RV-rF2hnD1LB-DboaA=\/0x0:4608x2592\/600x0\/smart\/filters:strip_icc()\/i.s3.glbimg.com\/v1\/AUTH_59edd422c0c84a879bd37670ae4f538a\/internal_photos\/bs\/2017\/g\/v\/eEygonQ2ShIbfz2oX3Fg\/img-1241.jpg 1x, https:\/\/s2.glbimg.com\/virPSIm79Chq0pvZm22nBD2wsaQ=\/0x0:4608x2592\/1200x0\/smart\/filters:strip_icc()\/i.s3.glbimg.com\/v1\/AUTH_59edd422c0c84a879bd37670ae4f538a\/internal_photos\/bs\/2017\/g\/v\/eEygonQ2ShIbfz2oX3Fg\/img-1241.jpg 2x\" media=\"(max-width: 1024px)\" data-src=\"https:\/\/s2.glbimg.com\/qZ0psfbg9RV-rF2hnD1LB-DboaA=\/0x0:4608x2592\/600x0\/smart\/filters:strip_icc()\/i.s3.glbimg.com\/v1\/AUTH_59edd422c0c84a879bd37670ae4f538a\/internal_photos\/bs\/2017\/g\/v\/eEygonQ2ShIbfz2oX3Fg\/img-1241.jpg 1x, https:\/\/s2.glbimg.com\/virPSIm79Chq0pvZm22nBD2wsaQ=\/0x0:4608x2592\/1200x0\/smart\/filters:strip_icc()\/i.s3.glbimg.com\/v1\/AUTH_59edd422c0c84a879bd37670ae4f538a\/internal_photos\/bs\/2017\/g\/v\/eEygonQ2ShIbfz2oX3Fg\/img-1241.jpg 2x\" \/><source srcset=\"https:\/\/s2.glbimg.com\/8-wlgchJUgjcNbVIMIha7ttK29w=\/0x0:4608x2592\/640x0\/smart\/filters:strip_icc()\/i.s3.glbimg.com\/v1\/AUTH_59edd422c0c84a879bd37670ae4f538a\/internal_photos\/bs\/2017\/g\/v\/eEygonQ2ShIbfz2oX3Fg\/img-1241.jpg 1x, https:\/\/s2.glbimg.com\/Fu824vMfFKDEc2Htte-bdTiOflQ=\/0x0:4608x2592\/1280x0\/smart\/filters:strip_icc()\/i.s3.glbimg.com\/v1\/AUTH_59edd422c0c84a879bd37670ae4f538a\/internal_photos\/bs\/2017\/g\/v\/eEygonQ2ShIbfz2oX3Fg\/img-1241.jpg 2x\" media=\"(max-width: 1280px)\" data-src=\"https:\/\/s2.glbimg.com\/8-wlgchJUgjcNbVIMIha7ttK29w=\/0x0:4608x2592\/640x0\/smart\/filters:strip_icc()\/i.s3.glbimg.com\/v1\/AUTH_59edd422c0c84a879bd37670ae4f538a\/internal_photos\/bs\/2017\/g\/v\/eEygonQ2ShIbfz2oX3Fg\/img-1241.jpg 1x, https:\/\/s2.glbimg.com\/Fu824vMfFKDEc2Htte-bdTiOflQ=\/0x0:4608x2592\/1280x0\/smart\/filters:strip_icc()\/i.s3.glbimg.com\/v1\/AUTH_59edd422c0c84a879bd37670ae4f538a\/internal_photos\/bs\/2017\/g\/v\/eEygonQ2ShIbfz2oX3Fg\/img-1241.jpg 2x\" \/><source srcset=\"https:\/\/s2.glbimg.com\/Q-99VO7I2CN42JNH4Wkn3jZn9GA=\/0x0:4608x2592\/984x0\/smart\/filters:strip_icc()\/i.s3.glbimg.com\/v1\/AUTH_59edd422c0c84a879bd37670ae4f538a\/internal_photos\/bs\/2017\/g\/v\/eEygonQ2ShIbfz2oX3Fg\/img-1241.jpg 1x, https:\/\/s2.glbimg.com\/Ml_RAG09gPz54oMftIPESzvUFKY=\/0x0:4608x2592\/1968x0\/smart\/filters:strip_icc()\/i.s3.glbimg.com\/v1\/AUTH_59edd422c0c84a879bd37670ae4f538a\/internal_photos\/bs\/2017\/g\/v\/eEygonQ2ShIbfz2oX3Fg\/img-1241.jpg 2x\" media=\"(max-width: 1360px)\" data-src=\"https:\/\/s2.glbimg.com\/Q-99VO7I2CN42JNH4Wkn3jZn9GA=\/0x0:4608x2592\/984x0\/smart\/filters:strip_icc()\/i.s3.glbimg.com\/v1\/AUTH_59edd422c0c84a879bd37670ae4f538a\/internal_photos\/bs\/2017\/g\/v\/eEygonQ2ShIbfz2oX3Fg\/img-1241.jpg 1x, https:\/\/s2.glbimg.com\/Ml_RAG09gPz54oMftIPESzvUFKY=\/0x0:4608x2592\/1968x0\/smart\/filters:strip_icc()\/i.s3.glbimg.com\/v1\/AUTH_59edd422c0c84a879bd37670ae4f538a\/internal_photos\/bs\/2017\/g\/v\/eEygonQ2ShIbfz2oX3Fg\/img-1241.jpg 2x\" \/><source srcset=\"https:\/\/s2.glbimg.com\/MOTXM3-uK7Sh4CIuJVjFzDA9wvY=\/0x0:4608x2592\/1000x0\/smart\/filters:strip_icc()\/i.s3.glbimg.com\/v1\/AUTH_59edd422c0c84a879bd37670ae4f538a\/internal_photos\/bs\/2017\/g\/v\/eEygonQ2ShIbfz2oX3Fg\/img-1241.jpg 1x, https:\/\/s2.glbimg.com\/MSH2eIb8B_7oHo2FC6ZzdY1M21o=\/0x0:4608x2592\/2000x0\/smart\/filters:strip_icc()\/i.s3.glbimg.com\/v1\/AUTH_59edd422c0c84a879bd37670ae4f538a\/internal_photos\/bs\/2017\/g\/v\/eEygonQ2ShIbfz2oX3Fg\/img-1241.jpg 2x\" media=\"(min-width: 1361px)\" data-src=\"https:\/\/s2.glbimg.com\/MOTXM3-uK7Sh4CIuJVjFzDA9wvY=\/0x0:4608x2592\/1000x0\/smart\/filters:strip_icc()\/i.s3.glbimg.com\/v1\/AUTH_59edd422c0c84a879bd37670ae4f538a\/internal_photos\/bs\/2017\/g\/v\/eEygonQ2ShIbfz2oX3Fg\/img-1241.jpg 1x, https:\/\/s2.glbimg.com\/MSH2eIb8B_7oHo2FC6ZzdY1M21o=\/0x0:4608x2592\/2000x0\/smart\/filters:strip_icc()\/i.s3.glbimg.com\/v1\/AUTH_59edd422c0c84a879bd37670ae4f538a\/internal_photos\/bs\/2017\/g\/v\/eEygonQ2ShIbfz2oX3Fg\/img-1241.jpg 2x\" \/><source srcset=\"https:\/\/s2.glbimg.com\/Q-99VO7I2CN42JNH4Wkn3jZn9GA=\/0x0:4608x2592\/984x0\/smart\/filters:strip_icc()\/i.s3.glbimg.com\/v1\/AUTH_59edd422c0c84a879bd37670ae4f538a\/internal_photos\/bs\/2017\/g\/v\/eEygonQ2ShIbfz2oX3Fg\/img-1241.jpg\" data-src=\"https:\/\/s2.glbimg.com\/Q-99VO7I2CN42JNH4Wkn3jZn9GA=\/0x0:4608x2592\/984x0\/smart\/filters:strip_icc()\/i.s3.glbimg.com\/v1\/AUTH_59edd422c0c84a879bd37670ae4f538a\/internal_photos\/bs\/2017\/g\/v\/eEygonQ2ShIbfz2oX3Fg\/img-1241.jpg\" \/><img decoding=\"async\" class=\"image content-media__image progressive-loaded\" title=\"Secretaria de Sa\u00fade do Distrito Federal \u2014 Foto: Raquel Morais\/G1\" src=\"https:\/\/s2.glbimg.com\/Q-99VO7I2CN42JNH4Wkn3jZn9GA=\/0x0:4608x2592\/984x0\/smart\/filters:strip_icc()\/i.s3.glbimg.com\/v1\/AUTH_59edd422c0c84a879bd37670ae4f538a\/internal_photos\/bs\/2017\/g\/v\/eEygonQ2ShIbfz2oX3Fg\/img-1241.jpg\" alt=\"Secretaria de Sa\u00fade do Distrito Federal \u2014 Foto: Raquel Morais\/G1\" data-src=\"https:\/\/s2.glbimg.com\/Q-99VO7I2CN42JNH4Wkn3jZn9GA=\/0x0:4608x2592\/984x0\/smart\/filters:strip_icc()\/i.s3.glbimg.com\/v1\/AUTH_59edd422c0c84a879bd37670ae4f538a\/internal_photos\/bs\/2017\/g\/v\/eEygonQ2ShIbfz2oX3Fg\/img-1241.jpg\" \/><\/picture><\/div>\n<p class=\"content-media__description \">Secretaria de Sa\u00fade do Distrito Federal \u2014 Foto: Raquel Morais\/G1<\/p>\n<\/div>\n<\/div>\n<div class=\"mc-column content-text active-extra-styles \" data-block-type=\"unstyled\" data-block-weight=\"42\" data-block-id=\"11\">\n<p class=\"content-text__container \" data-track-category=\"Link no Texto\" data-track-links=\"\">O Governo do DF instaurou dois Comit\u00eas de Opera\u00e7\u00f5es Emergenciais (COEs) para acompanhar suspeitas de coronav\u00edrus. Um \u00e9 coordenado pelo Instituto de Gest\u00e3o Estrat\u00e9gica de Sa\u00fade do Distrito Federal (Iges-DF), que adotou o Hospital de Base como unidade de refer\u00eancia para atendimentos.<\/p>\n<\/div>\n<div class=\"mc-column content-text active-extra-styles \" data-block-type=\"unstyled\" data-block-weight=\"34\" data-block-id=\"12\">\n<p class=\"content-text__container \" data-track-category=\"Link no Texto\" data-track-links=\"\">O outro, vinculado \u00e0 Secretaria de Sa\u00fade e chamado de COE-COVID-19-DF, re\u00fane profissionais selecionados de \u00e1reas estrat\u00e9gicas da pasta. Entre as atribui\u00e7\u00f5es, os servidores acompanham as medidas adotadas no pa\u00eds para combate \u00e0 doen\u00e7a<\/p>\n<\/div>\n<\/div>\n<\/div>\n","protected":false},"excerpt":{"rendered":"<p>O Minist\u00e9rio da Sa\u00fade informou, nesta segunda-feira (2), que subiu para 12 o n\u00famero de casos suspeitos de\u00a0coronav\u00edrus\u00a0no Distrito Federal. At\u00e9 a \u00faltima sexta-feira (28), a pasta contabilizava cinco casos suspeitos na capital, enquanto a\u00a0Secretaria de Sa\u00fade do DF falava em seis ocorr\u00eancias. Ainda de acordo com o minist\u00e9rio, nenhum caso da doen\u00e7a foi confirmado [&hellip;]<\/p>\n","protected":false},"author":18,"featured_media":18795,"comment_status":"open","ping_status":"open","sticky":false,"template":"","format":"standard","meta":{"footnotes":""},"categories":[57],"tags":[],"class_list":{"0":"post-19077","1":"post","2":"type-post","3":"status-publish","4":"format-standard","5":"has-post-thumbnail","7":"category-politica"},"yoast_head":"<!-- This site is optimized with the Yoast SEO Premium plugin v24.5 (Yoast SEO v27.5) - https:\/\/yoast.com\/product\/yoast-seo-premium-wordpress\/ -->\n<title>Sobe para 12 n\u00famero de casos suspeitos de coronav\u00edrus no DF - P31<\/title>\n<meta name=\"description\" content=\"O Minist\u00e9rio da Sa\u00fade informou, nesta segunda-feira (2), que subiu para 12 o n\u00famero de casos suspeitos de\u00a0coronav\u00edrus\u00a0no DF. At\u00e9 a \u00faltima sexta-feira (28), a pasta contabilizava cinco casos suspeitos na capital, enquanto a\u00a0Secretaria de Sa\u00fade do DF falava em seis ocorr\u00eancias.\" \/>\n<meta name=\"robots\" content=\"index, follow, max-snippet:-1, max-image-preview:large, max-video-preview:-1\" \/>\n<link rel=\"canonical\" href=\"https:\/\/www.p31noticias.com.br\/?p=19077\" \/>\n<meta property=\"og:locale\" content=\"pt_BR\" \/>\n<meta property=\"og:type\" content=\"article\" \/>\n<meta property=\"og:title\" content=\"Sobe para 12 n\u00famero de casos suspeitos de coronav\u00edrus no DF\" \/>\n<meta property=\"og:description\" content=\"O Minist\u00e9rio da Sa\u00fade informou, nesta segunda-feira (2), que subiu para 12 o n\u00famero de casos suspeitos de\u00a0coronav\u00edrus\u00a0no DF. At\u00e9 a \u00faltima sexta-feira (28), a pasta contabilizava cinco casos suspeitos na capital, enquanto a\u00a0Secretaria de Sa\u00fade do DF falava em seis ocorr\u00eancias.\" \/>\n<meta property=\"og:url\" content=\"https:\/\/www.p31noticias.com.br\/?p=19077\" \/>\n<meta property=\"og:site_name\" content=\"P31\" \/>\n<meta property=\"article:published_time\" content=\"2020-03-03T19:44:52+00:00\" \/>\n<meta property=\"og:image\" content=\"https:\/\/www.p31noticias.com.br\/wp-content\/uploads\/2020\/02\/coronavirus-visao-microscopio.jpg\" \/>\n\t<meta property=\"og:image:width\" content=\"640\" \/>\n\t<meta property=\"og:image:height\" content=\"500\" \/>\n\t<meta property=\"og:image:type\" content=\"image\/jpeg\" \/>\n<meta name=\"author\" content=\"Reda\u00e7\u00e3o JBN\" \/>\n<meta name=\"twitter:card\" content=\"summary_large_image\" \/>\n<meta name=\"twitter:label1\" content=\"Escrito por\" \/>\n\t<meta name=\"twitter:data1\" content=\"Reda\u00e7\u00e3o JBN\" \/>\n\t<meta name=\"twitter:label2\" content=\"Est. tempo de leitura\" \/>\n\t<meta name=\"twitter:data2\" content=\"2 minutos\" \/>\n<script type=\"application\/ld+json\" class=\"yoast-schema-graph\">{\"@context\":\"https:\\\/\\\/schema.org\",\"@graph\":[{\"@type\":\"Article\",\"@id\":\"https:\\\/\\\/www.p31noticias.com.br\\\/?p=19077#article\",\"isPartOf\":{\"@id\":\"https:\\\/\\\/www.p31noticias.com.br\\\/?p=19077\"},\"author\":{\"name\":\"Reda\u00e7\u00e3o JBN\",\"@id\":\"https:\\\/\\\/www.p31noticias.com.br\\\/#\\\/schema\\\/person\\\/77d6b186c710ac38937c6ec204fdd387\"},\"headline\":\"Sobe para 12 n\u00famero de casos suspeitos de coronav\u00edrus no DF\",\"datePublished\":\"2020-03-03T19:44:52+00:00\",\"mainEntityOfPage\":{\"@id\":\"https:\\\/\\\/www.p31noticias.com.br\\\/?p=19077\"},\"wordCount\":322,\"commentCount\":0,\"image\":{\"@id\":\"https:\\\/\\\/www.p31noticias.com.br\\\/?p=19077#primaryimage\"},\"thumbnailUrl\":\"https:\\\/\\\/www.p31noticias.com.br\\\/wp-content\\\/uploads\\\/2020\\\/02\\\/coronavirus-visao-microscopio.jpg\",\"articleSection\":[\"Pol\u00edtica\"],\"inLanguage\":\"pt-BR\",\"potentialAction\":[{\"@type\":\"CommentAction\",\"name\":\"Comment\",\"target\":[\"https:\\\/\\\/www.p31noticias.com.br\\\/?p=19077#respond\"]}],\"copyrightYear\":\"2020\",\"copyrightHolder\":{\"@id\":\"https:\\\/\\\/www.p31noticias.com.br\\\/#organization\"}},{\"@type\":\"WebPage\",\"@id\":\"https:\\\/\\\/www.p31noticias.com.br\\\/?p=19077\",\"url\":\"https:\\\/\\\/www.p31noticias.com.br\\\/?p=19077\",\"name\":\"Sobe para 12 n\u00famero de casos suspeitos de coronav\u00edrus no DF - P31\",\"isPartOf\":{\"@id\":\"https:\\\/\\\/www.p31noticias.com.br\\\/#website\"},\"primaryImageOfPage\":{\"@id\":\"https:\\\/\\\/www.p31noticias.com.br\\\/?p=19077#primaryimage\"},\"image\":{\"@id\":\"https:\\\/\\\/www.p31noticias.com.br\\\/?p=19077#primaryimage\"},\"thumbnailUrl\":\"https:\\\/\\\/www.p31noticias.com.br\\\/wp-content\\\/uploads\\\/2020\\\/02\\\/coronavirus-visao-microscopio.jpg\",\"datePublished\":\"2020-03-03T19:44:52+00:00\",\"author\":{\"@id\":\"https:\\\/\\\/www.p31noticias.com.br\\\/#\\\/schema\\\/person\\\/77d6b186c710ac38937c6ec204fdd387\"},\"description\":\"O Minist\u00e9rio da Sa\u00fade informou, nesta segunda-feira (2), que subiu para 12 o n\u00famero de casos suspeitos de\u00a0coronav\u00edrus\u00a0no DF. At\u00e9 a \u00faltima sexta-feira (28), a pasta contabilizava cinco casos suspeitos na capital, enquanto a\u00a0Secretaria de Sa\u00fade do DF falava em seis ocorr\u00eancias.\",\"breadcrumb\":{\"@id\":\"https:\\\/\\\/www.p31noticias.com.br\\\/?p=19077#breadcrumb\"},\"inLanguage\":\"pt-BR\",\"potentialAction\":[{\"@type\":\"ReadAction\",\"target\":[\"https:\\\/\\\/www.p31noticias.com.br\\\/?p=19077\"]}]},{\"@type\":\"ImageObject\",\"inLanguage\":\"pt-BR\",\"@id\":\"https:\\\/\\\/www.p31noticias.com.br\\\/?p=19077#primaryimage\",\"url\":\"https:\\\/\\\/www.p31noticias.com.br\\\/wp-content\\\/uploads\\\/2020\\\/02\\\/coronavirus-visao-microscopio.jpg\",\"contentUrl\":\"https:\\\/\\\/www.p31noticias.com.br\\\/wp-content\\\/uploads\\\/2020\\\/02\\\/coronavirus-visao-microscopio.jpg\",\"width\":640,\"height\":500,\"caption\":\"\u00c9 assim que o coronav\u00edrus \u00e9 visto no microsc\u00f3pio \u2014 Foto: Getty Images via BBC\"},{\"@type\":\"BreadcrumbList\",\"@id\":\"https:\\\/\\\/www.p31noticias.com.br\\\/?p=19077#breadcrumb\",\"itemListElement\":[{\"@type\":\"ListItem\",\"position\":1,\"name\":\"In\u00edcio\",\"item\":\"https:\\\/\\\/www.p31noticias.com.br\\\/\"},{\"@type\":\"ListItem\",\"position\":2,\"name\":\"Sobe para 12 n\u00famero de casos suspeitos de coronav\u00edrus no DF\"}]},{\"@type\":\"WebSite\",\"@id\":\"https:\\\/\\\/www.p31noticias.com.br\\\/#website\",\"url\":\"https:\\\/\\\/www.p31noticias.com.br\\\/\",\"name\":\"P31\",\"description\":\"NOT\u00cdCIAS\",\"potentialAction\":[{\"@type\":\"SearchAction\",\"target\":{\"@type\":\"EntryPoint\",\"urlTemplate\":\"https:\\\/\\\/www.p31noticias.com.br\\\/?s={search_term_string}\"},\"query-input\":{\"@type\":\"PropertyValueSpecification\",\"valueRequired\":true,\"valueName\":\"search_term_string\"}}],\"inLanguage\":\"pt-BR\"},{\"@type\":\"Person\",\"@id\":\"https:\\\/\\\/www.p31noticias.com.br\\\/#\\\/schema\\\/person\\\/77d6b186c710ac38937c6ec204fdd387\",\"name\":\"Reda\u00e7\u00e3o JBN\",\"image\":{\"@type\":\"ImageObject\",\"inLanguage\":\"pt-BR\",\"@id\":\"https:\\\/\\\/secure.gravatar.com\\\/avatar\\\/10fcdb93211f98cce3d64c0795b0915a9a4a21dc0f279238995a3dbfafcad090?s=96&d=mm&r=g\",\"url\":\"https:\\\/\\\/secure.gravatar.com\\\/avatar\\\/10fcdb93211f98cce3d64c0795b0915a9a4a21dc0f279238995a3dbfafcad090?s=96&d=mm&r=g\",\"contentUrl\":\"https:\\\/\\\/secure.gravatar.com\\\/avatar\\\/10fcdb93211f98cce3d64c0795b0915a9a4a21dc0f279238995a3dbfafcad090?s=96&d=mm&r=g\",\"caption\":\"Reda\u00e7\u00e3o JBN\"},\"sameAs\":[\"https:\\\/\\\/p31noticias.com.br\"],\"url\":\"https:\\\/\\\/www.p31noticias.com.br\\\/?author=18\"}]}<\/script>\n<!-- \/ Yoast SEO Premium plugin. -->","yoast_head_json":{"title":"Sobe para 12 n\u00famero de casos suspeitos de coronav\u00edrus no DF - P31","description":"O Minist\u00e9rio da Sa\u00fade informou, nesta segunda-feira (2), que subiu para 12 o n\u00famero de casos suspeitos de\u00a0coronav\u00edrus\u00a0no DF. At\u00e9 a \u00faltima sexta-feira (28), a pasta contabilizava cinco casos suspeitos na capital, enquanto a\u00a0Secretaria de Sa\u00fade do DF falava em seis ocorr\u00eancias.","robots":{"index":"index","follow":"follow","max-snippet":"max-snippet:-1","max-image-preview":"max-image-preview:large","max-video-preview":"max-video-preview:-1"},"canonical":"https:\/\/www.p31noticias.com.br\/?p=19077","og_locale":"pt_BR","og_type":"article","og_title":"Sobe para 12 n\u00famero de casos suspeitos de coronav\u00edrus no DF","og_description":"O Minist\u00e9rio da Sa\u00fade informou, nesta segunda-feira (2), que subiu para 12 o n\u00famero de casos suspeitos de\u00a0coronav\u00edrus\u00a0no DF. At\u00e9 a \u00faltima sexta-feira (28), a pasta contabilizava cinco casos suspeitos na capital, enquanto a\u00a0Secretaria de Sa\u00fade do DF falava em seis ocorr\u00eancias.","og_url":"https:\/\/www.p31noticias.com.br\/?p=19077","og_site_name":"P31","article_published_time":"2020-03-03T19:44:52+00:00","og_image":[{"width":640,"height":500,"url":"https:\/\/www.p31noticias.com.br\/wp-content\/uploads\/2020\/02\/coronavirus-visao-microscopio.jpg","type":"image\/jpeg"}],"author":"Reda\u00e7\u00e3o JBN","twitter_card":"summary_large_image","twitter_misc":{"Escrito por":"Reda\u00e7\u00e3o JBN","Est. tempo de leitura":"2 minutos"},"schema":{"@context":"https:\/\/schema.org","@graph":[{"@type":"Article","@id":"https:\/\/www.p31noticias.com.br\/?p=19077#article","isPartOf":{"@id":"https:\/\/www.p31noticias.com.br\/?p=19077"},"author":{"name":"Reda\u00e7\u00e3o JBN","@id":"https:\/\/www.p31noticias.com.br\/#\/schema\/person\/77d6b186c710ac38937c6ec204fdd387"},"headline":"Sobe para 12 n\u00famero de casos suspeitos de coronav\u00edrus no DF","datePublished":"2020-03-03T19:44:52+00:00","mainEntityOfPage":{"@id":"https:\/\/www.p31noticias.com.br\/?p=19077"},"wordCount":322,"commentCount":0,"image":{"@id":"https:\/\/www.p31noticias.com.br\/?p=19077#primaryimage"},"thumbnailUrl":"https:\/\/www.p31noticias.com.br\/wp-content\/uploads\/2020\/02\/coronavirus-visao-microscopio.jpg","articleSection":["Pol\u00edtica"],"inLanguage":"pt-BR","potentialAction":[{"@type":"CommentAction","name":"Comment","target":["https:\/\/www.p31noticias.com.br\/?p=19077#respond"]}],"copyrightYear":"2020","copyrightHolder":{"@id":"https:\/\/www.p31noticias.com.br\/#organization"}},{"@type":"WebPage","@id":"https:\/\/www.p31noticias.com.br\/?p=19077","url":"https:\/\/www.p31noticias.com.br\/?p=19077","name":"Sobe para 12 n\u00famero de casos suspeitos de coronav\u00edrus no DF - P31","isPartOf":{"@id":"https:\/\/www.p31noticias.com.br\/#website"},"primaryImageOfPage":{"@id":"https:\/\/www.p31noticias.com.br\/?p=19077#primaryimage"},"image":{"@id":"https:\/\/www.p31noticias.com.br\/?p=19077#primaryimage"},"thumbnailUrl":"https:\/\/www.p31noticias.com.br\/wp-content\/uploads\/2020\/02\/coronavirus-visao-microscopio.jpg","datePublished":"2020-03-03T19:44:52+00:00","author":{"@id":"https:\/\/www.p31noticias.com.br\/#\/schema\/person\/77d6b186c710ac38937c6ec204fdd387"},"description":"O Minist\u00e9rio da Sa\u00fade informou, nesta segunda-feira (2), que subiu para 12 o n\u00famero de casos suspeitos de\u00a0coronav\u00edrus\u00a0no DF. At\u00e9 a \u00faltima sexta-feira (28), a pasta contabilizava cinco casos suspeitos na capital, enquanto a\u00a0Secretaria de Sa\u00fade do DF falava em seis ocorr\u00eancias.","breadcrumb":{"@id":"https:\/\/www.p31noticias.com.br\/?p=19077#breadcrumb"},"inLanguage":"pt-BR","potentialAction":[{"@type":"ReadAction","target":["https:\/\/www.p31noticias.com.br\/?p=19077"]}]},{"@type":"ImageObject","inLanguage":"pt-BR","@id":"https:\/\/www.p31noticias.com.br\/?p=19077#primaryimage","url":"https:\/\/www.p31noticias.com.br\/wp-content\/uploads\/2020\/02\/coronavirus-visao-microscopio.jpg","contentUrl":"https:\/\/www.p31noticias.com.br\/wp-content\/uploads\/2020\/02\/coronavirus-visao-microscopio.jpg","width":640,"height":500,"caption":"\u00c9 assim que o coronav\u00edrus \u00e9 visto no microsc\u00f3pio \u2014 Foto: Getty Images via BBC"},{"@type":"BreadcrumbList","@id":"https:\/\/www.p31noticias.com.br\/?p=19077#breadcrumb","itemListElement":[{"@type":"ListItem","position":1,"name":"In\u00edcio","item":"https:\/\/www.p31noticias.com.br\/"},{"@type":"ListItem","position":2,"name":"Sobe para 12 n\u00famero de casos suspeitos de coronav\u00edrus no DF"}]},{"@type":"WebSite","@id":"https:\/\/www.p31noticias.com.br\/#website","url":"https:\/\/www.p31noticias.com.br\/","name":"P31","description":"NOT\u00cdCIAS","potentialAction":[{"@type":"SearchAction","target":{"@type":"EntryPoint","urlTemplate":"https:\/\/www.p31noticias.com.br\/?s={search_term_string}"},"query-input":{"@type":"PropertyValueSpecification","valueRequired":true,"valueName":"search_term_string"}}],"inLanguage":"pt-BR"},{"@type":"Person","@id":"https:\/\/www.p31noticias.com.br\/#\/schema\/person\/77d6b186c710ac38937c6ec204fdd387","name":"Reda\u00e7\u00e3o JBN","image":{"@type":"ImageObject","inLanguage":"pt-BR","@id":"https:\/\/secure.gravatar.com\/avatar\/10fcdb93211f98cce3d64c0795b0915a9a4a21dc0f279238995a3dbfafcad090?s=96&d=mm&r=g","url":"https:\/\/secure.gravatar.com\/avatar\/10fcdb93211f98cce3d64c0795b0915a9a4a21dc0f279238995a3dbfafcad090?s=96&d=mm&r=g","contentUrl":"https:\/\/secure.gravatar.com\/avatar\/10fcdb93211f98cce3d64c0795b0915a9a4a21dc0f279238995a3dbfafcad090?s=96&d=mm&r=g","caption":"Reda\u00e7\u00e3o JBN"},"sameAs":["https:\/\/p31noticias.com.br"],"url":"https:\/\/www.p31noticias.com.br\/?author=18"}]}},"amp_enabled":true,"_links":{"self":[{"href":"https:\/\/www.p31noticias.com.br\/index.php?rest_route=\/wp\/v2\/posts\/19077","targetHints":{"allow":["GET"]}}],"collection":[{"href":"https:\/\/www.p31noticias.com.br\/index.php?rest_route=\/wp\/v2\/posts"}],"about":[{"href":"https:\/\/www.p31noticias.com.br\/index.php?rest_route=\/wp\/v2\/types\/post"}],"author":[{"embeddable":true,"href":"https:\/\/www.p31noticias.com.br\/index.php?rest_route=\/wp\/v2\/users\/18"}],"replies":[{"embeddable":true,"href":"https:\/\/www.p31noticias.com.br\/index.php?rest_route=%2Fwp%2Fv2%2Fcomments&post=19077"}],"version-history":[{"count":0,"href":"https:\/\/www.p31noticias.com.br\/index.php?rest_route=\/wp\/v2\/posts\/19077\/revisions"}],"wp:featuredmedia":[{"embeddable":true,"href":"https:\/\/www.p31noticias.com.br\/index.php?rest_route=\/wp\/v2\/media\/18795"}],"wp:attachment":[{"href":"https:\/\/www.p31noticias.com.br\/index.php?rest_route=%2Fwp%2Fv2%2Fmedia&parent=19077"}],"wp:term":[{"taxonomy":"category","embeddable":true,"href":"https:\/\/www.p31noticias.com.br\/index.php?rest_route=%2Fwp%2Fv2%2Fcategories&post=19077"},{"taxonomy":"post_tag","embeddable":true,"href":"https:\/\/www.p31noticias.com.br\/index.php?rest_route=%2Fwp%2Fv2%2Ftags&post=19077"}],"curies":[{"name":"wp","href":"https:\/\/api.w.org\/{rel}","templated":true}]}}