{"id":19068,"date":"2020-03-02T10:56:10","date_gmt":"2020-03-02T13:56:10","guid":{"rendered":"https:\/\/www.delioandrade.com.br\/?p=19068"},"modified":"2020-03-02T10:56:10","modified_gmt":"2020-03-02T13:56:10","slug":"professor-e-esfaqueado-durante-tentativa-de-assalto-em-parada-de-onibus-no-df","status":"publish","type":"post","link":"https:\/\/www.p31noticias.com.br\/?p=19068","title":{"rendered":"Professor \u00e9 esfaqueado durante tentativa de assalto em parada de \u00f4nibus no DF"},"content":{"rendered":"<div class=\"mc-column content-media content-video\" data-block-type=\"backstage-video\" data-block-id=\"0\">\n<div class=\"content-media__container\">\n<p class=\"content-media__description\">Equipe de reportagem flagra assaltante esfaqueando homem em parada de \u00f4nibus<\/p>\n<\/div>\n<\/div>\n<div class=\"mc-column mc-side-item__container\" data-block-type=\"ads\" data-block-id=\"1\">\n<div class=\"mc-side-item mc-side-item--right content-ads content-ads--side-ad\"><\/div>\n<\/div>\n<div class=\"mc-column content-text active-extra-styles \" data-block-type=\"unstyled\" data-block-weight=\"45\" data-block-id=\"2\">\n<p class=\"content-text__container \" data-track-category=\"Link no Texto\" data-track-links=\"\">Um professor de 25 anos foi esfaqueado durante uma tentativa de assalto em uma parada de \u00f4nibus em Taguatinga, no Distrito Federal. O momento foi flagrado pela\u00a0<strong>TV Globo<\/strong>, por volta das 6h30 desta segunda-feira (2) (<strong>veja no v\u00eddeo acima<\/strong>). Um suspeito foi preso.<\/p>\n<\/div>\n<div class=\"wall protected-content\">\n<div class=\"mc-column content-text active-extra-styles \" data-block-type=\"unstyled\" data-block-weight=\"24\" data-block-id=\"3\">\n<p class=\"content-text__container \" data-track-category=\"Link no Texto\" data-track-links=\"\">Ferida, a v\u00edtima foi socorrida e levada ao Hospital Regional de Taguatinga (HRT) pelo Corpo de Bombeiros. O estado de sa\u00fade n\u00e3o foi divulgado.<\/p>\n<\/div>\n<div class=\"mc-column content-text active-extra-styles \" data-block-type=\"unstyled\" data-block-weight=\"30\" data-block-id=\"4\">\n<p class=\"content-text__container \" data-track-category=\"Link no Texto\" data-track-links=\"\">Durante o atendimento, o professor contou \u00e0 reportagem que estava \u00e0 espera do \u00f4nibus, pr\u00f3ximo a um shopping da regi\u00e3o, quando foi abordado por um homem armado com uma faca.<\/p>\n<\/div>\n<div class=\"row medium-uncollapsed content-media content-photo\" data-block-type=\"backstage-photo\" data-block-id=\"5\">\n<div class=\"mc-column content-media__container\">\n<div class=\"progressive-img can-open-lightbox\" data-min-size=\"1008x567\" data-min-size-url=\"https:\/\/s2.glbimg.com\/5k-ILUpaMdVW5ys-5L8ZapXOeEM=\/0x0:1920x1080\/1008x0\/smart\/filters:strip_icc()\/i.s3.glbimg.com\/v1\/AUTH_59edd422c0c84a879bd37670ae4f538a\/internal_photos\/bs\/2020\/N\/X\/heNAR7SjWSiRDtVFlCaQ\/flagra.jpeg\" data-max-size=\"1600x900\" data-max-size-url=\"https:\/\/s2.glbimg.com\/iBYrksHhDGpSm5dF-PuOAe6eoeA=\/0x0:1920x1080\/1600x0\/smart\/filters:strip_icc()\/i.s3.glbimg.com\/v1\/AUTH_59edd422c0c84a879bd37670ae4f538a\/internal_photos\/bs\/2020\/N\/X\/heNAR7SjWSiRDtVFlCaQ\/flagra.jpeg\" data-media-index=\"0\">\n<div class=\"placeholder-container\"><\/div>\n<picture><img decoding=\"async\" class=\"image content-media__image progressive-loaded\" title=\"Reportagem da TV Globo flagra assaltante fugindo ap\u00f3s esfaquear homem em parada de \u00f4nibus, no DF  \u2014 Foto: TV Globo\/Reportagem \" src=\"https:\/\/s2.glbimg.com\/KX4uu7LJSZA67WDtrveE1sMDdZM=\/0x0:1920x1080\/984x0\/smart\/filters:strip_icc()\/i.s3.glbimg.com\/v1\/AUTH_59edd422c0c84a879bd37670ae4f538a\/internal_photos\/bs\/2020\/N\/X\/heNAR7SjWSiRDtVFlCaQ\/flagra.jpeg\" alt=\"Reportagem da TV Globo flagra assaltante fugindo ap\u00f3s esfaquear homem em parada de \u00f4nibus, no DF  \u2014 Foto: TV Globo\/Reportagem \" data-src=\"https:\/\/s2.glbimg.com\/KX4uu7LJSZA67WDtrveE1sMDdZM=\/0x0:1920x1080\/984x0\/smart\/filters:strip_icc()\/i.s3.glbimg.com\/v1\/AUTH_59edd422c0c84a879bd37670ae4f538a\/internal_photos\/bs\/2020\/N\/X\/heNAR7SjWSiRDtVFlCaQ\/flagra.jpeg\" \/><\/picture><\/div>\n<p class=\"content-media__description \">Reportagem da TV Globo flagra assaltante fugindo ap\u00f3s esfaquear homem em parada de \u00f4nibus, no DF \u2014 Foto: TV Globo\/Reportagem<\/p>\n<\/div>\n<\/div>\n<div class=\"mc-column content-text active-extra-styles \" data-block-type=\"unstyled\" data-block-weight=\"52\" data-block-id=\"6\">\n<p class=\"content-text__container \" data-track-category=\"Link no Texto\" data-track-links=\"\">Na imagem (<strong>veja acima<\/strong>), o suspeito aparece correndo, vestindo um casaco vermelho e preto. Segundo a Pol\u00edcia Militar, um homem com as mesmas caracter\u00edsticas foi preso a cerca de 1,3 quil\u00f4metro do local do crime, aproximadamente 45 minutos ap\u00f3s a ocorr\u00eancia. Ele foi levado \u00e0 12\u00aa Delegacia de Pol\u00edcia (Taguatinga Centro).<\/p>\n<\/div>\n<div class=\"content-ads content-ads--reveal\" data-block-type=\"ads\" data-block-id=\"7\"><\/div>\n<div class=\"mc-column content-text active-extra-styles\" data-block-type=\"raw\" data-block-weight=\"4\" data-block-id=\"8\">\n<div class=\"content-intertitle\">\n<h2>Assaltante n\u00e3o levou nada<\/h2>\n<\/div>\n<\/div>\n<div class=\"mc-column content-text active-extra-styles \" data-block-type=\"unstyled\" data-block-weight=\"46\" data-block-id=\"9\">\n<p class=\"content-text__container \" data-track-category=\"Link no Texto\" data-track-links=\"\">A v\u00edtima relatou \u00e0 reportagem que estava a caminho do trabalho. O professor havia sa\u00eddo de Samambaia, com destino ao Pist\u00e3o Sul, para pegar um segundo coletivo para o Entorno do DF. Ele d\u00e1 aulas na Escola Municipal Machado de Assis, no Novo Gama (GO).<\/p>\n<\/div>\n<div class=\"row medium-uncollapsed content-media content-photo\" data-block-type=\"backstage-photo\" data-block-id=\"10\">\n<div class=\"mc-column content-media__container\">\n<div class=\"progressive-img can-open-lightbox\" data-min-size=\"1008x567\" data-min-size-url=\"https:\/\/s2.glbimg.com\/nCZH2FHRpeY-Tlyg76Pg5xEmSM8=\/0x0:1920x1080\/1008x0\/smart\/filters:strip_icc()\/i.s3.glbimg.com\/v1\/AUTH_59edd422c0c84a879bd37670ae4f538a\/internal_photos\/bs\/2020\/B\/L\/aQAobtTFKdPKYlFMXsVw\/corpo-de-bombeiros-asalto-.jpeg\" data-max-size=\"1600x900\" data-max-size-url=\"https:\/\/s2.glbimg.com\/YkdEzTX6gsl0FNUxEt5kbhkDzYU=\/0x0:1920x1080\/1600x0\/smart\/filters:strip_icc()\/i.s3.glbimg.com\/v1\/AUTH_59edd422c0c84a879bd37670ae4f538a\/internal_photos\/bs\/2020\/B\/L\/aQAobtTFKdPKYlFMXsVw\/corpo-de-bombeiros-asalto-.jpeg\" data-media-index=\"1\">\n<div class=\"placeholder-container\"><\/div>\n<picture><img decoding=\"async\" class=\"image content-media__image progressive-loaded\" title=\"Corpo de Bombeiros socorre professor esfaqueado em parada de \u00f4nibus, em Taguatinga Sul \u2014 Foto: TV Globo\/Reprodu\u00e7\u00e3o \" src=\"https:\/\/s2.glbimg.com\/9KMIBXOBMYUiLfz3cdigOMpjC6c=\/0x0:1920x1080\/984x0\/smart\/filters:strip_icc()\/i.s3.glbimg.com\/v1\/AUTH_59edd422c0c84a879bd37670ae4f538a\/internal_photos\/bs\/2020\/B\/L\/aQAobtTFKdPKYlFMXsVw\/corpo-de-bombeiros-asalto-.jpeg\" alt=\"Corpo de Bombeiros socorre professor esfaqueado em parada de \u00f4nibus, em Taguatinga Sul \u2014 Foto: TV Globo\/Reprodu\u00e7\u00e3o \" data-src=\"https:\/\/s2.glbimg.com\/9KMIBXOBMYUiLfz3cdigOMpjC6c=\/0x0:1920x1080\/984x0\/smart\/filters:strip_icc()\/i.s3.glbimg.com\/v1\/AUTH_59edd422c0c84a879bd37670ae4f538a\/internal_photos\/bs\/2020\/B\/L\/aQAobtTFKdPKYlFMXsVw\/corpo-de-bombeiros-asalto-.jpeg\" \/><\/picture><\/div>\n<p class=\"content-media__description \">Corpo de Bombeiros socorre professor esfaqueado em parada de \u00f4nibus, em Taguatinga Sul \u2014 Foto: TV Globo\/Reprodu\u00e7\u00e3o<\/p>\n<\/div>\n<\/div>\n<div class=\"mc-column content-text active-extra-styles \" data-block-type=\"unstyled\" data-block-weight=\"43\" data-block-id=\"11\">\n<p class=\"content-text__container \" data-track-category=\"Link no Texto\" data-track-links=\"\">A v\u00edtima afirmou que o suspeito estava &#8220;exaltado&#8221; e exigiu que ele entregasse o celular. Enquanto o jovem entregava o aparelho ao assaltante, foi esfaqueado no rosto e no t\u00f3rax. O suspeito n\u00e3o chegou a levar o aparelho e fugiu a p\u00e9.<\/p>\n<\/div>\n<div class=\"mc-column content-text active-extra-styles\" data-block-type=\"raw\" data-block-weight=\"1\" data-block-id=\"12\">\n<div class=\"content-intertitle\">\n<h2><strong>Criminalidade<\/strong><\/h2>\n<\/div>\n<\/div>\n<div class=\"mc-column content-text active-extra-styles \" data-block-type=\"unstyled\" data-block-weight=\"38\" data-block-id=\"13\">\n<p class=\"content-text__container \" data-track-category=\"Link no Texto\" data-track-links=\"\">Dados da Secretaria de Seguran\u00e7a P\u00fablica apontam que a regi\u00e3o de Taguatinga registrou 121 casos de roubo a pedestre apenas em janeiro deste ano. O balan\u00e7o dos crimes em fevereiro ainda n\u00e3o foram divulgados. Veja os n\u00fameros:<\/p>\n<\/div>\n<div class=\"mc-column content-text active-extra-styles \" data-block-type=\"unstyled\" data-block-weight=\"7\" data-block-id=\"14\">\n<p class=\"content-text__container \" data-track-category=\"Link no Texto\" data-track-links=\"\"><strong>Crimes em Taguatinga &#8211; janeiro de 2020<\/strong><\/p>\n<\/div>\n<div class=\"mc-column content-text active-extra-styles\" data-block-type=\"raw\" data-block-weight=\"18\" data-block-id=\"15\">\n<ul class=\"content-unordered-list\">\n<li>121 roubos a pedestre<\/li>\n<li>4 tentativas de homic\u00eddio<\/li>\n<li>1 homic\u00eddio<\/li>\n<li>1 tentativa de latroc\u00ednio (roubo seguido de homic\u00eddio)<\/li>\n<\/ul>\n<\/div>\n<div class=\"mc-column content-text active-extra-styles \" data-block-type=\"unstyled\" data-block-weight=\"2\" data-block-id=\"16\">\n<p class=\"content-text__container \" data-track-category=\"Link no Texto\" data-track-links=\"\"><strong>Em 2019<\/strong><\/p>\n<\/div>\n<div class=\"mc-column content-text active-extra-styles \" data-block-type=\"unstyled\" data-block-weight=\"18\" data-block-id=\"17\">\n<p class=\"content-text__container \" data-track-category=\"Link no Texto\" data-track-links=\"\">Ao longo de todo o ano de 2019, houve quase tr\u00eas mil assaltos a pedestres em Taguatinga. Veja:<\/p>\n<\/div>\n<div class=\"mc-column content-text active-extra-styles\" data-block-type=\"raw\" data-block-weight=\"16\" data-block-id=\"18\">\n<ul class=\"content-unordered-list\">\n<li>2919 Roubos a pedestre<\/li>\n<li>42 tentativas de homic\u00eddio<\/li>\n<li>16 Homic\u00eddios<\/li>\n<li>15 tentativas de latroc\u00ednio<\/li>\n<li>2 latroc\u00ednios<\/li>\n<\/ul>\n<\/div>\n<div class=\"mc-column content-text active-extra-styles \" data-block-type=\"unstyled\" data-block-weight=\"17\" data-block-id=\"19\">\n<p class=\"content-text__container \" data-track-category=\"Link no Texto\" data-track-links=\"\">Em nota, a PM afirmou que est\u00e1 &#8220;intensificando&#8221; a seguran\u00e7a no local. Veja o comunicado na \u00edntegra:<\/p>\n<\/div>\n<div class=\"content-ads content-ads--reveal\" data-block-type=\"ads\" data-block-id=\"20\"><\/div>\n<div class=\"mc-column content-text active-extra-styles \" data-block-type=\"unstyled\" data-block-weight=\"45\" data-block-id=\"21\">\n<p class=\"content-text__container \" data-track-category=\"Link no Texto\" data-track-links=\"\">&#8220;A PMDF reitera ainda que o policiamento no local est\u00e1 sendo intensificado. Desde o in\u00edcio de 2020, a Pol\u00edcia Militar deteve 290 autores ou suspeitos de crimes dos mais diversos delitos, na regi\u00e3o de Taguatinga. Dezessete armas foram retiradas das ruas este ano pela PMDF.&#8221;<\/p>\n<\/div>\n<div class=\"mc-column content-text active-extra-styles \" data-block-type=\"unstyled\" data-block-weight=\"6\" data-block-id=\"22\">\n<p class=\"content-text__container \" data-track-category=\"Link no Texto\" data-track-links=\"\"><em>Esta mat\u00e9ria est\u00e1 em atualiza\u00e7\u00e3o.<\/em><\/p>\n<\/div>\n<div data-track-category=\"multicontent\" data-track-action=\"ultimo chunk conteudo\" data-track-noninteraction=\"false\" data-track-scroll=\"view\">\n<div class=\"mc-column content-text active-extra-styles \" data-block-type=\"unstyled\" data-block-weight=\"9\" data-block-id=\"23\">\n<p class=\"content-text__container \" data-track-category=\"Link no Texto\" data-track-links=\"\">Leia mais not\u00edcias sobre a regi\u00e3o no\u00a0<a href=\"https:\/\/g1.globo.com\/df\/distrito-federal\/\">G1 DF<\/a>.<\/p>\n<\/div>\n<\/div>\n<\/div>\n","protected":false},"excerpt":{"rendered":"<p>Equipe de reportagem flagra assaltante esfaqueando homem em parada de \u00f4nibus Um professor de 25 anos foi esfaqueado durante uma tentativa de assalto em uma parada de \u00f4nibus em Taguatinga, no Distrito Federal. O momento foi flagrado pela\u00a0TV Globo, por volta das 6h30 desta segunda-feira (2) (veja no v\u00eddeo acima). Um suspeito foi preso. Ferida, [&hellip;]<\/p>\n","protected":false},"author":18,"featured_media":19069,"comment_status":"open","ping_status":"open","sticky":false,"template":"","format":"standard","meta":{"footnotes":""},"categories":[57],"tags":[],"class_list":{"0":"post-19068","1":"post","2":"type-post","3":"status-publish","4":"format-standard","5":"has-post-thumbnail","7":"category-politica"},"yoast_head":"<!-- This site is optimized with the Yoast SEO Premium plugin v24.5 (Yoast SEO v27.5) - https:\/\/yoast.com\/product\/yoast-seo-premium-wordpress\/ -->\n<title>Professor \u00e9 esfaqueado durante tentativa de assalto em parada de \u00f4nibus no DF - P31<\/title>\n<meta name=\"description\" content=\"Um professor de 25 anos foi esfaqueado durante uma tentativa de assalto em uma parada de \u00f4nibus em Taguatinga, no Distrito Federal. O momento foi flagrado pela\u00a0TV Globo, por volta das 6h30 desta segunda-feira (2) (veja no v\u00eddeo acima). Um suspeito foi preso.\" \/>\n<meta name=\"robots\" content=\"index, follow, max-snippet:-1, max-image-preview:large, max-video-preview:-1\" \/>\n<link rel=\"canonical\" href=\"https:\/\/www.p31noticias.com.br\/?p=19068\" \/>\n<meta property=\"og:locale\" content=\"pt_BR\" \/>\n<meta property=\"og:type\" content=\"article\" \/>\n<meta property=\"og:title\" content=\"Professor \u00e9 esfaqueado durante tentativa de assalto em parada de \u00f4nibus no DF\" \/>\n<meta property=\"og:description\" content=\"Um professor de 25 anos foi esfaqueado durante uma tentativa de assalto em uma parada de \u00f4nibus em Taguatinga, no Distrito Federal. O momento foi flagrado pela\u00a0TV Globo, por volta das 6h30 desta segunda-feira (2) (veja no v\u00eddeo acima). Um suspeito foi preso.\" \/>\n<meta property=\"og:url\" content=\"https:\/\/www.p31noticias.com.br\/?p=19068\" \/>\n<meta property=\"og:site_name\" content=\"P31\" \/>\n<meta property=\"article:published_time\" content=\"2020-03-02T13:56:10+00:00\" \/>\n<meta property=\"og:image\" content=\"https:\/\/www.p31noticias.com.br\/wp-content\/uploads\/2020\/03\/corpo-de-bombeiros-asalto-.jpeg\" \/>\n\t<meta property=\"og:image:width\" content=\"640\" \/>\n\t<meta property=\"og:image:height\" content=\"360\" \/>\n\t<meta property=\"og:image:type\" content=\"image\/jpeg\" \/>\n<meta name=\"author\" content=\"Reda\u00e7\u00e3o JBN\" \/>\n<meta name=\"twitter:card\" content=\"summary_large_image\" \/>\n<meta name=\"twitter:label1\" content=\"Escrito por\" \/>\n\t<meta name=\"twitter:data1\" content=\"Reda\u00e7\u00e3o JBN\" \/>\n\t<meta name=\"twitter:label2\" content=\"Est. tempo de leitura\" \/>\n\t<meta name=\"twitter:data2\" content=\"2 minutos\" \/>\n<script type=\"application\/ld+json\" class=\"yoast-schema-graph\">{\"@context\":\"https:\\\/\\\/schema.org\",\"@graph\":[{\"@type\":\"Article\",\"@id\":\"https:\\\/\\\/www.p31noticias.com.br\\\/?p=19068#article\",\"isPartOf\":{\"@id\":\"https:\\\/\\\/www.p31noticias.com.br\\\/?p=19068\"},\"author\":{\"name\":\"Reda\u00e7\u00e3o JBN\",\"@id\":\"https:\\\/\\\/www.p31noticias.com.br\\\/#\\\/schema\\\/person\\\/77d6b186c710ac38937c6ec204fdd387\"},\"headline\":\"Professor \u00e9 esfaqueado durante tentativa de assalto em parada de \u00f4nibus no DF\",\"datePublished\":\"2020-03-02T13:56:10+00:00\",\"mainEntityOfPage\":{\"@id\":\"https:\\\/\\\/www.p31noticias.com.br\\\/?p=19068\"},\"wordCount\":495,\"commentCount\":0,\"image\":{\"@id\":\"https:\\\/\\\/www.p31noticias.com.br\\\/?p=19068#primaryimage\"},\"thumbnailUrl\":\"https:\\\/\\\/www.p31noticias.com.br\\\/wp-content\\\/uploads\\\/2020\\\/03\\\/corpo-de-bombeiros-asalto-.jpeg\",\"articleSection\":[\"Pol\u00edtica\"],\"inLanguage\":\"pt-BR\",\"potentialAction\":[{\"@type\":\"CommentAction\",\"name\":\"Comment\",\"target\":[\"https:\\\/\\\/www.p31noticias.com.br\\\/?p=19068#respond\"]}],\"copyrightYear\":\"2020\",\"copyrightHolder\":{\"@id\":\"https:\\\/\\\/www.p31noticias.com.br\\\/#organization\"}},{\"@type\":\"WebPage\",\"@id\":\"https:\\\/\\\/www.p31noticias.com.br\\\/?p=19068\",\"url\":\"https:\\\/\\\/www.p31noticias.com.br\\\/?p=19068\",\"name\":\"Professor \u00e9 esfaqueado durante tentativa de assalto em parada de \u00f4nibus no DF - P31\",\"isPartOf\":{\"@id\":\"https:\\\/\\\/www.p31noticias.com.br\\\/#website\"},\"primaryImageOfPage\":{\"@id\":\"https:\\\/\\\/www.p31noticias.com.br\\\/?p=19068#primaryimage\"},\"image\":{\"@id\":\"https:\\\/\\\/www.p31noticias.com.br\\\/?p=19068#primaryimage\"},\"thumbnailUrl\":\"https:\\\/\\\/www.p31noticias.com.br\\\/wp-content\\\/uploads\\\/2020\\\/03\\\/corpo-de-bombeiros-asalto-.jpeg\",\"datePublished\":\"2020-03-02T13:56:10+00:00\",\"author\":{\"@id\":\"https:\\\/\\\/www.p31noticias.com.br\\\/#\\\/schema\\\/person\\\/77d6b186c710ac38937c6ec204fdd387\"},\"description\":\"Um professor de 25 anos foi esfaqueado durante uma tentativa de assalto em uma parada de \u00f4nibus em Taguatinga, no Distrito Federal. O momento foi flagrado pela\u00a0TV Globo, por volta das 6h30 desta segunda-feira (2) (veja no v\u00eddeo acima). Um suspeito foi preso.\",\"breadcrumb\":{\"@id\":\"https:\\\/\\\/www.p31noticias.com.br\\\/?p=19068#breadcrumb\"},\"inLanguage\":\"pt-BR\",\"potentialAction\":[{\"@type\":\"ReadAction\",\"target\":[\"https:\\\/\\\/www.p31noticias.com.br\\\/?p=19068\"]}]},{\"@type\":\"ImageObject\",\"inLanguage\":\"pt-BR\",\"@id\":\"https:\\\/\\\/www.p31noticias.com.br\\\/?p=19068#primaryimage\",\"url\":\"https:\\\/\\\/www.p31noticias.com.br\\\/wp-content\\\/uploads\\\/2020\\\/03\\\/corpo-de-bombeiros-asalto-.jpeg\",\"contentUrl\":\"https:\\\/\\\/www.p31noticias.com.br\\\/wp-content\\\/uploads\\\/2020\\\/03\\\/corpo-de-bombeiros-asalto-.jpeg\",\"width\":640,\"height\":360},{\"@type\":\"BreadcrumbList\",\"@id\":\"https:\\\/\\\/www.p31noticias.com.br\\\/?p=19068#breadcrumb\",\"itemListElement\":[{\"@type\":\"ListItem\",\"position\":1,\"name\":\"In\u00edcio\",\"item\":\"https:\\\/\\\/www.p31noticias.com.br\\\/\"},{\"@type\":\"ListItem\",\"position\":2,\"name\":\"Professor \u00e9 esfaqueado durante tentativa de assalto em parada de \u00f4nibus no DF\"}]},{\"@type\":\"WebSite\",\"@id\":\"https:\\\/\\\/www.p31noticias.com.br\\\/#website\",\"url\":\"https:\\\/\\\/www.p31noticias.com.br\\\/\",\"name\":\"P31\",\"description\":\"NOT\u00cdCIAS\",\"potentialAction\":[{\"@type\":\"SearchAction\",\"target\":{\"@type\":\"EntryPoint\",\"urlTemplate\":\"https:\\\/\\\/www.p31noticias.com.br\\\/?s={search_term_string}\"},\"query-input\":{\"@type\":\"PropertyValueSpecification\",\"valueRequired\":true,\"valueName\":\"search_term_string\"}}],\"inLanguage\":\"pt-BR\"},{\"@type\":\"Person\",\"@id\":\"https:\\\/\\\/www.p31noticias.com.br\\\/#\\\/schema\\\/person\\\/77d6b186c710ac38937c6ec204fdd387\",\"name\":\"Reda\u00e7\u00e3o JBN\",\"image\":{\"@type\":\"ImageObject\",\"inLanguage\":\"pt-BR\",\"@id\":\"https:\\\/\\\/secure.gravatar.com\\\/avatar\\\/10fcdb93211f98cce3d64c0795b0915a9a4a21dc0f279238995a3dbfafcad090?s=96&d=mm&r=g\",\"url\":\"https:\\\/\\\/secure.gravatar.com\\\/avatar\\\/10fcdb93211f98cce3d64c0795b0915a9a4a21dc0f279238995a3dbfafcad090?s=96&d=mm&r=g\",\"contentUrl\":\"https:\\\/\\\/secure.gravatar.com\\\/avatar\\\/10fcdb93211f98cce3d64c0795b0915a9a4a21dc0f279238995a3dbfafcad090?s=96&d=mm&r=g\",\"caption\":\"Reda\u00e7\u00e3o JBN\"},\"sameAs\":[\"https:\\\/\\\/p31noticias.com.br\"],\"url\":\"https:\\\/\\\/www.p31noticias.com.br\\\/?author=18\"}]}<\/script>\n<!-- \/ Yoast SEO Premium plugin. -->","yoast_head_json":{"title":"Professor \u00e9 esfaqueado durante tentativa de assalto em parada de \u00f4nibus no DF - P31","description":"Um professor de 25 anos foi esfaqueado durante uma tentativa de assalto em uma parada de \u00f4nibus em Taguatinga, no Distrito Federal. O momento foi flagrado pela\u00a0TV Globo, por volta das 6h30 desta segunda-feira (2) (veja no v\u00eddeo acima). Um suspeito foi preso.","robots":{"index":"index","follow":"follow","max-snippet":"max-snippet:-1","max-image-preview":"max-image-preview:large","max-video-preview":"max-video-preview:-1"},"canonical":"https:\/\/www.p31noticias.com.br\/?p=19068","og_locale":"pt_BR","og_type":"article","og_title":"Professor \u00e9 esfaqueado durante tentativa de assalto em parada de \u00f4nibus no DF","og_description":"Um professor de 25 anos foi esfaqueado durante uma tentativa de assalto em uma parada de \u00f4nibus em Taguatinga, no Distrito Federal. O momento foi flagrado pela\u00a0TV Globo, por volta das 6h30 desta segunda-feira (2) (veja no v\u00eddeo acima). Um suspeito foi preso.","og_url":"https:\/\/www.p31noticias.com.br\/?p=19068","og_site_name":"P31","article_published_time":"2020-03-02T13:56:10+00:00","og_image":[{"width":640,"height":360,"url":"https:\/\/www.p31noticias.com.br\/wp-content\/uploads\/2020\/03\/corpo-de-bombeiros-asalto-.jpeg","type":"image\/jpeg"}],"author":"Reda\u00e7\u00e3o JBN","twitter_card":"summary_large_image","twitter_misc":{"Escrito por":"Reda\u00e7\u00e3o JBN","Est. tempo de leitura":"2 minutos"},"schema":{"@context":"https:\/\/schema.org","@graph":[{"@type":"Article","@id":"https:\/\/www.p31noticias.com.br\/?p=19068#article","isPartOf":{"@id":"https:\/\/www.p31noticias.com.br\/?p=19068"},"author":{"name":"Reda\u00e7\u00e3o JBN","@id":"https:\/\/www.p31noticias.com.br\/#\/schema\/person\/77d6b186c710ac38937c6ec204fdd387"},"headline":"Professor \u00e9 esfaqueado durante tentativa de assalto em parada de \u00f4nibus no DF","datePublished":"2020-03-02T13:56:10+00:00","mainEntityOfPage":{"@id":"https:\/\/www.p31noticias.com.br\/?p=19068"},"wordCount":495,"commentCount":0,"image":{"@id":"https:\/\/www.p31noticias.com.br\/?p=19068#primaryimage"},"thumbnailUrl":"https:\/\/www.p31noticias.com.br\/wp-content\/uploads\/2020\/03\/corpo-de-bombeiros-asalto-.jpeg","articleSection":["Pol\u00edtica"],"inLanguage":"pt-BR","potentialAction":[{"@type":"CommentAction","name":"Comment","target":["https:\/\/www.p31noticias.com.br\/?p=19068#respond"]}],"copyrightYear":"2020","copyrightHolder":{"@id":"https:\/\/www.p31noticias.com.br\/#organization"}},{"@type":"WebPage","@id":"https:\/\/www.p31noticias.com.br\/?p=19068","url":"https:\/\/www.p31noticias.com.br\/?p=19068","name":"Professor \u00e9 esfaqueado durante tentativa de assalto em parada de \u00f4nibus no DF - P31","isPartOf":{"@id":"https:\/\/www.p31noticias.com.br\/#website"},"primaryImageOfPage":{"@id":"https:\/\/www.p31noticias.com.br\/?p=19068#primaryimage"},"image":{"@id":"https:\/\/www.p31noticias.com.br\/?p=19068#primaryimage"},"thumbnailUrl":"https:\/\/www.p31noticias.com.br\/wp-content\/uploads\/2020\/03\/corpo-de-bombeiros-asalto-.jpeg","datePublished":"2020-03-02T13:56:10+00:00","author":{"@id":"https:\/\/www.p31noticias.com.br\/#\/schema\/person\/77d6b186c710ac38937c6ec204fdd387"},"description":"Um professor de 25 anos foi esfaqueado durante uma tentativa de assalto em uma parada de \u00f4nibus em Taguatinga, no Distrito Federal. O momento foi flagrado pela\u00a0TV Globo, por volta das 6h30 desta segunda-feira (2) (veja no v\u00eddeo acima). Um suspeito foi preso.","breadcrumb":{"@id":"https:\/\/www.p31noticias.com.br\/?p=19068#breadcrumb"},"inLanguage":"pt-BR","potentialAction":[{"@type":"ReadAction","target":["https:\/\/www.p31noticias.com.br\/?p=19068"]}]},{"@type":"ImageObject","inLanguage":"pt-BR","@id":"https:\/\/www.p31noticias.com.br\/?p=19068#primaryimage","url":"https:\/\/www.p31noticias.com.br\/wp-content\/uploads\/2020\/03\/corpo-de-bombeiros-asalto-.jpeg","contentUrl":"https:\/\/www.p31noticias.com.br\/wp-content\/uploads\/2020\/03\/corpo-de-bombeiros-asalto-.jpeg","width":640,"height":360},{"@type":"BreadcrumbList","@id":"https:\/\/www.p31noticias.com.br\/?p=19068#breadcrumb","itemListElement":[{"@type":"ListItem","position":1,"name":"In\u00edcio","item":"https:\/\/www.p31noticias.com.br\/"},{"@type":"ListItem","position":2,"name":"Professor \u00e9 esfaqueado durante tentativa de assalto em parada de \u00f4nibus no DF"}]},{"@type":"WebSite","@id":"https:\/\/www.p31noticias.com.br\/#website","url":"https:\/\/www.p31noticias.com.br\/","name":"P31","description":"NOT\u00cdCIAS","potentialAction":[{"@type":"SearchAction","target":{"@type":"EntryPoint","urlTemplate":"https:\/\/www.p31noticias.com.br\/?s={search_term_string}"},"query-input":{"@type":"PropertyValueSpecification","valueRequired":true,"valueName":"search_term_string"}}],"inLanguage":"pt-BR"},{"@type":"Person","@id":"https:\/\/www.p31noticias.com.br\/#\/schema\/person\/77d6b186c710ac38937c6ec204fdd387","name":"Reda\u00e7\u00e3o JBN","image":{"@type":"ImageObject","inLanguage":"pt-BR","@id":"https:\/\/secure.gravatar.com\/avatar\/10fcdb93211f98cce3d64c0795b0915a9a4a21dc0f279238995a3dbfafcad090?s=96&d=mm&r=g","url":"https:\/\/secure.gravatar.com\/avatar\/10fcdb93211f98cce3d64c0795b0915a9a4a21dc0f279238995a3dbfafcad090?s=96&d=mm&r=g","contentUrl":"https:\/\/secure.gravatar.com\/avatar\/10fcdb93211f98cce3d64c0795b0915a9a4a21dc0f279238995a3dbfafcad090?s=96&d=mm&r=g","caption":"Reda\u00e7\u00e3o JBN"},"sameAs":["https:\/\/p31noticias.com.br"],"url":"https:\/\/www.p31noticias.com.br\/?author=18"}]}},"amp_enabled":true,"_links":{"self":[{"href":"https:\/\/www.p31noticias.com.br\/index.php?rest_route=\/wp\/v2\/posts\/19068","targetHints":{"allow":["GET"]}}],"collection":[{"href":"https:\/\/www.p31noticias.com.br\/index.php?rest_route=\/wp\/v2\/posts"}],"about":[{"href":"https:\/\/www.p31noticias.com.br\/index.php?rest_route=\/wp\/v2\/types\/post"}],"author":[{"embeddable":true,"href":"https:\/\/www.p31noticias.com.br\/index.php?rest_route=\/wp\/v2\/users\/18"}],"replies":[{"embeddable":true,"href":"https:\/\/www.p31noticias.com.br\/index.php?rest_route=%2Fwp%2Fv2%2Fcomments&post=19068"}],"version-history":[{"count":0,"href":"https:\/\/www.p31noticias.com.br\/index.php?rest_route=\/wp\/v2\/posts\/19068\/revisions"}],"wp:featuredmedia":[{"embeddable":true,"href":"https:\/\/www.p31noticias.com.br\/index.php?rest_route=\/wp\/v2\/media\/19069"}],"wp:attachment":[{"href":"https:\/\/www.p31noticias.com.br\/index.php?rest_route=%2Fwp%2Fv2%2Fmedia&parent=19068"}],"wp:term":[{"taxonomy":"category","embeddable":true,"href":"https:\/\/www.p31noticias.com.br\/index.php?rest_route=%2Fwp%2Fv2%2Fcategories&post=19068"},{"taxonomy":"post_tag","embeddable":true,"href":"https:\/\/www.p31noticias.com.br\/index.php?rest_route=%2Fwp%2Fv2%2Ftags&post=19068"}],"curies":[{"name":"wp","href":"https:\/\/api.w.org\/{rel}","templated":true}]}}