{"id":18832,"date":"2020-02-29T20:19:00","date_gmt":"2020-02-29T23:19:00","guid":{"rendered":"https:\/\/www.delioandrade.com.br\/?p=18832"},"modified":"2020-02-29T20:19:00","modified_gmt":"2020-02-29T23:19:00","slug":"segundo-caso-de-novo-coronavirus-no-brasil-e-confirmado-em-sao-paulo","status":"publish","type":"post","link":"https:\/\/www.p31noticias.com.br\/?p=18832","title":{"rendered":"Segundo caso de novo coronav\u00edrus no Brasil \u00e9 confirmado em S\u00e3o Paulo"},"content":{"rendered":"<p>O<a href=\"https:\/\/g1.globo.com\/tudo-sobre\/ministerio-da-saude\/\" target=\"_top\" rel=\"noopener noreferrer\">\u00a0Minist\u00e9rio da Sa\u00fade\u00a0<\/a>e a Secretaria de Sa\u00fade do Estado de S\u00e3o Paulo confirmaram neste s\u00e1bado (29) o\u00a0<strong>segundo caso do novo coronav\u00edrus<\/strong>\u00a0no Brasil.<\/p>\n<p>De acordo com o minist\u00e9rio,\u00a0<strong>o paciente \u00e9 um homem de 32 anos<\/strong>. Ele chegou na quinta-feira (27) de Mil\u00e3o, na\u00a0<a href=\"https:\/\/g1.globo.com\/tudo-sobre\/italia\/\" target=\"_top\" rel=\"noopener noreferrer\">It\u00e1lia\u00a0<\/a>\u2014 pa\u00eds com maior n\u00famero de casos fora da \u00c1sia\u00a0<em>(leia mais no fim da reportagem)<\/em>.<\/p>\n<blockquote class=\"content-blockquote theme-border-color-primary-before\"><p>Ainda de acordo com o minist\u00e9rio, n\u00e3o h\u00e1 &#8220;mudan\u00e7as no cen\u00e1rio nacional&#8221;: ainda n\u00e3o existem evid\u00eancias de que o novo coronav\u00edrus esteja circulando em territ\u00f3rio brasileiro.<\/p><\/blockquote>\n<p><strong>Veja no V\u00cdDEO abaixo: infectologista fala sobre novo caso confirmado no Brasil<\/strong><\/p>\n<div class=\"content-media\">\n<div class=\"content-media__container\"><img decoding=\"async\" class=\"i-amphtml-fill-content i-amphtml-replaced-content\" src=\"https:\/\/s04-video-glbimg-com.cdn.ampproject.org\/i\/s\/s04.video.glbimg.com\/640x360\/8363019.jpg\" \/><iframe class=\"i-amphtml-fill-content\" src=\"https:\/\/s.videos.globo.com\/p3\/amp\/index.html?videosIDs=8363019&amp;adUnit=tvg_G1%2FBem_Estar&amp;adCustomData=tvg_pgStr%3Dg1%2Fbem+estar%2Fcoronav%C3%ADrus&amp;adCmsId=11413&amp;adAccountId=95377733&amp;ga_productUA=UA-296593-3&amp;ga_extras=%7B%22dimension1%22%3A%22amp%22%7D&amp;domain=g1.globo.com&amp;ambient=amp&amp;origin_url=https%3A%2F%2Fg1.globo.com%2Fbemestar%2Fcoronavirus%2Fnoticia%2F2020%2F02%2F29%2Fsegundo-caso-de-coronavirus-no-brasil-e-confirmado-em-sao-paulo.ghtml#amp=1\" name=\"amp_iframe0\" frameborder=\"0\" sandbox=\"allow-scripts allow-same-origin allow-popups allow-popups-to-escape-sandbox allow-top-navigation\" data-mce-fragment=\"1\"><\/iframe><\/p>\n<p class=\"content-media__description\">Infectologista fala sobre novo caso de coronav\u00edrus confirmado no Brasil<\/p>\n<\/div>\n<\/div>\n<p>Em nota, o minist\u00e9rio informa que o paciente sentiu os sintomas no mesmo dia do retorno ao Brasil: ele relatou febre, tosse, dor de garganta, dor muscular e dor de cabe\u00e7a. Segundo as autoridades brasileiras, o\u00a0<strong>homem vestiu m\u00e1scara durante todo o voo<\/strong>\u00a0de volta a S\u00e3o Paulo.<\/p>\n<p>Na sexta-feira, o paciente procurou atendimento no Hospital Albert Einstein, onde fez exames. O resultado confirmou\u00a0<strong>Covid-19<\/strong>\u00a0\u2014 nome da doen\u00e7a do novo coronav\u00edrus \u2014 ainda neste s\u00e1bado.<\/p>\n<p>Agora, segundo o Minist\u00e9rio da Sa\u00fade, o homem est\u00e1 em casa e passa bem. Ele e a mulher \u2014 que n\u00e3o apresenta sintomas \u2014 est\u00e3o em isolamento domiciliar, por precau\u00e7\u00e3o.<\/p>\n<p>Embora o paciente tenha relatado o uso de m\u00e1scara no avi\u00e3o, o Minist\u00e9rio da Sa\u00fade informou que investiga junto \u00e0 Anvisa os poss\u00edveis contatos pr\u00f3ximos do homem durante o voo e em outros locais. As secretarias de Sa\u00fade do Estado e do Munic\u00edpio tamb\u00e9m participam da investiga\u00e7\u00e3o.<\/p>\n<p>O v\u00edrus causa a\u00a0<a href=\"https:\/\/g1.globo.com\/ciencia-e-saude\/noticia\/2020\/02\/11\/oms-da-nome-a-doenca-provocada-pelo-novo-coronavirus-covid-19.ghtml\" target=\"_top\" rel=\"noopener noreferrer\">doen\u00e7a que ganhou o nome de Covid-19<\/a>\u00a0pela Organiza\u00e7\u00e3o Mundial da Sa\u00fade (<a href=\"https:\/\/g1.globo.com\/tudo-sobre\/organizacao-mundial-de-saude\/\" target=\"_top\" rel=\"noopener noreferrer\">OMS<\/a>). Na sexta-feira, o \u00f3rg\u00e3o elevou o\u00a0<a href=\"https:\/\/g1.globo.com\/bemestar\/coronavirus\/noticia\/2020\/02\/28\/oms-eleva-risco-para-epidemia-de-coronavirus-no-mundo-para-muito-alto.ghtml\" target=\"_top\" rel=\"noopener noreferrer\">grau de risco da epidemia do novo coronav\u00edrus para &#8216;muito alto&#8217;<\/a>.<\/p>\n<blockquote class=\"content-blockquote theme-border-color-primary-before\"><p>Segundo \u00faltimo balan\u00e7o do Minist\u00e9rio da Sa\u00fade, at\u00e9 este s\u00e1bado havia 207 casos suspeitos do novo coronav\u00edrus e 79 descartados em todo o Brasil.<\/p><\/blockquote>\n<p>No mundo, segundo a OMS, o n\u00famero de casos do novo coronav\u00edrus subiu para mais de 85,4 mil. A doen\u00e7a j\u00e1 foi registrada em 53 pa\u00edses.<\/p>\n<p><strong>Veja abaixo os casos suspeitos e descartados de Covid-19 no Brasil neste s\u00e1bado (29)<\/strong><\/p>\n<div class=\"show-table content-media content-media--normal\">\n<p class=\"mc-column show-table__title\">Novo coronav\u00edrus no Brasil \u2014 29\/2<\/p>\n<div class=\"show-table__centralized\">\n<div class=\"show-table__container\">\n<table class=\"show-table__content\n show-table__content--highlight-top        \"><\/p>\n<tbody>\n<tr>\n<td>UF<\/td>\n<td>Casos suspeitos<\/td>\n<td>Casos descartados<\/td>\n<\/tr>\n<tr>\n<td>AL<\/td>\n<td>1<\/td>\n<td>0<\/td>\n<\/tr>\n<tr>\n<td>BA<\/td>\n<td>9<\/td>\n<td>4<\/td>\n<\/tr>\n<tr>\n<td>CE<\/td>\n<td>6<\/td>\n<td>2<\/td>\n<\/tr>\n<tr>\n<td>DF<\/td>\n<td>5<\/td>\n<td>1<\/td>\n<\/tr>\n<tr>\n<td>ES<\/td>\n<td>2<\/td>\n<td>1<\/td>\n<\/tr>\n<tr>\n<td>GO<\/td>\n<td>5<\/td>\n<td>0<\/td>\n<\/tr>\n<tr>\n<td>MG<\/td>\n<td>17<\/td>\n<td>3<\/td>\n<\/tr>\n<tr>\n<td>MS<\/td>\n<td>2<\/td>\n<td>0<\/td>\n<\/tr>\n<tr>\n<td>PB<\/td>\n<td>1<\/td>\n<td>1<\/td>\n<\/tr>\n<tr>\n<td>PE<\/td>\n<td>5<\/td>\n<td>2<\/td>\n<\/tr>\n<tr>\n<td>PR<\/td>\n<td>5<\/td>\n<td>3<\/td>\n<\/tr>\n<tr>\n<td>RJ<\/td>\n<td>19<\/td>\n<td>8<\/td>\n<\/tr>\n<tr>\n<td>RN<\/td>\n<td>3<\/td>\n<td>2<\/td>\n<\/tr>\n<tr>\n<td>RS<\/td>\n<td>27<\/td>\n<td>10<\/td>\n<\/tr>\n<tr>\n<td>SC<\/td>\n<td>9<\/td>\n<td>4<\/td>\n<\/tr>\n<tr>\n<td>SP<\/td>\n<td>91<\/td>\n<td>38<\/td>\n<\/tr>\n<\/tbody>\n<\/table>\n<\/div>\n<div class=\"show-table__footer\">\n<div class=\"show-table__source\">Fonte: Minist\u00e9rio da Sa\u00fade<\/div>\n<\/div>\n<\/div>\n<\/div>\n","protected":false},"excerpt":{"rendered":"<p>O\u00a0Minist\u00e9rio da Sa\u00fade\u00a0e a Secretaria de Sa\u00fade do Estado de S\u00e3o Paulo confirmaram neste s\u00e1bado (29) o\u00a0segundo caso do novo coronav\u00edrus\u00a0no Brasil. De acordo com o minist\u00e9rio,\u00a0o paciente \u00e9 um homem de 32 anos. Ele chegou na quinta-feira (27) de Mil\u00e3o, na\u00a0It\u00e1lia\u00a0\u2014 pa\u00eds com maior n\u00famero de casos fora da \u00c1sia\u00a0(leia mais no fim da [&hellip;]<\/p>\n","protected":false},"author":18,"featured_media":18795,"comment_status":"open","ping_status":"open","sticky":false,"template":"","format":"standard","meta":{"footnotes":""},"categories":[68],"tags":[],"class_list":{"0":"post-18832","1":"post","2":"type-post","3":"status-publish","4":"format-standard","5":"has-post-thumbnail","7":"category-brasil"},"yoast_head":"<!-- This site is optimized with the Yoast SEO Premium plugin v24.5 (Yoast SEO v27.5) - https:\/\/yoast.com\/product\/yoast-seo-premium-wordpress\/ -->\n<title>Segundo caso de novo coronav\u00edrus no Brasil \u00e9 confirmado em S\u00e3o Paulo - P31<\/title>\n<meta name=\"robots\" content=\"index, follow, max-snippet:-1, max-image-preview:large, max-video-preview:-1\" \/>\n<link rel=\"canonical\" href=\"https:\/\/www.p31noticias.com.br\/?p=18832\" \/>\n<meta property=\"og:locale\" content=\"pt_BR\" \/>\n<meta property=\"og:type\" content=\"article\" \/>\n<meta property=\"og:title\" content=\"Segundo caso de novo coronav\u00edrus no Brasil \u00e9 confirmado em S\u00e3o Paulo\" \/>\n<meta property=\"og:description\" content=\"O\u00a0Minist\u00e9rio da Sa\u00fade\u00a0e a Secretaria de Sa\u00fade do Estado de S\u00e3o Paulo confirmaram neste s\u00e1bado (29) o\u00a0segundo caso do novo coronav\u00edrus\u00a0no Brasil. De acordo com o minist\u00e9rio,\u00a0o paciente \u00e9 um homem de 32 anos. Ele chegou na quinta-feira (27) de Mil\u00e3o, na\u00a0It\u00e1lia\u00a0\u2014 pa\u00eds com maior n\u00famero de casos fora da \u00c1sia\u00a0(leia mais no fim da [&hellip;]\" \/>\n<meta property=\"og:url\" content=\"https:\/\/www.p31noticias.com.br\/?p=18832\" \/>\n<meta property=\"og:site_name\" content=\"P31\" \/>\n<meta property=\"article:published_time\" content=\"2020-02-29T23:19:00+00:00\" \/>\n<meta property=\"og:image\" content=\"https:\/\/www.p31noticias.com.br\/wp-content\/uploads\/2020\/02\/coronavirus-visao-microscopio.jpg\" \/>\n\t<meta property=\"og:image:width\" content=\"640\" \/>\n\t<meta property=\"og:image:height\" content=\"500\" \/>\n\t<meta property=\"og:image:type\" content=\"image\/jpeg\" \/>\n<meta name=\"author\" content=\"Reda\u00e7\u00e3o JBN\" \/>\n<meta name=\"twitter:card\" content=\"summary_large_image\" \/>\n<meta name=\"twitter:label1\" content=\"Escrito por\" \/>\n\t<meta name=\"twitter:data1\" content=\"Reda\u00e7\u00e3o JBN\" \/>\n\t<meta name=\"twitter:label2\" content=\"Est. tempo de leitura\" \/>\n\t<meta name=\"twitter:data2\" content=\"2 minutos\" \/>\n<script type=\"application\/ld+json\" class=\"yoast-schema-graph\">{\"@context\":\"https:\\\/\\\/schema.org\",\"@graph\":[{\"@type\":\"Article\",\"@id\":\"https:\\\/\\\/www.p31noticias.com.br\\\/?p=18832#article\",\"isPartOf\":{\"@id\":\"https:\\\/\\\/www.p31noticias.com.br\\\/?p=18832\"},\"author\":{\"name\":\"Reda\u00e7\u00e3o JBN\",\"@id\":\"https:\\\/\\\/www.p31noticias.com.br\\\/#\\\/schema\\\/person\\\/77d6b186c710ac38937c6ec204fdd387\"},\"headline\":\"Segundo caso de novo coronav\u00edrus no Brasil \u00e9 confirmado em S\u00e3o Paulo\",\"datePublished\":\"2020-02-29T23:19:00+00:00\",\"mainEntityOfPage\":{\"@id\":\"https:\\\/\\\/www.p31noticias.com.br\\\/?p=18832\"},\"wordCount\":452,\"commentCount\":0,\"image\":{\"@id\":\"https:\\\/\\\/www.p31noticias.com.br\\\/?p=18832#primaryimage\"},\"thumbnailUrl\":\"https:\\\/\\\/www.p31noticias.com.br\\\/wp-content\\\/uploads\\\/2020\\\/02\\\/coronavirus-visao-microscopio.jpg\",\"articleSection\":[\"Brasil\"],\"inLanguage\":\"pt-BR\",\"potentialAction\":[{\"@type\":\"CommentAction\",\"name\":\"Comment\",\"target\":[\"https:\\\/\\\/www.p31noticias.com.br\\\/?p=18832#respond\"]}],\"copyrightYear\":\"2020\",\"copyrightHolder\":{\"@id\":\"https:\\\/\\\/www.p31noticias.com.br\\\/#organization\"}},{\"@type\":\"WebPage\",\"@id\":\"https:\\\/\\\/www.p31noticias.com.br\\\/?p=18832\",\"url\":\"https:\\\/\\\/www.p31noticias.com.br\\\/?p=18832\",\"name\":\"Segundo caso de novo coronav\u00edrus no Brasil \u00e9 confirmado em S\u00e3o Paulo - P31\",\"isPartOf\":{\"@id\":\"https:\\\/\\\/www.p31noticias.com.br\\\/#website\"},\"primaryImageOfPage\":{\"@id\":\"https:\\\/\\\/www.p31noticias.com.br\\\/?p=18832#primaryimage\"},\"image\":{\"@id\":\"https:\\\/\\\/www.p31noticias.com.br\\\/?p=18832#primaryimage\"},\"thumbnailUrl\":\"https:\\\/\\\/www.p31noticias.com.br\\\/wp-content\\\/uploads\\\/2020\\\/02\\\/coronavirus-visao-microscopio.jpg\",\"datePublished\":\"2020-02-29T23:19:00+00:00\",\"author\":{\"@id\":\"https:\\\/\\\/www.p31noticias.com.br\\\/#\\\/schema\\\/person\\\/77d6b186c710ac38937c6ec204fdd387\"},\"breadcrumb\":{\"@id\":\"https:\\\/\\\/www.p31noticias.com.br\\\/?p=18832#breadcrumb\"},\"inLanguage\":\"pt-BR\",\"potentialAction\":[{\"@type\":\"ReadAction\",\"target\":[\"https:\\\/\\\/www.p31noticias.com.br\\\/?p=18832\"]}]},{\"@type\":\"ImageObject\",\"inLanguage\":\"pt-BR\",\"@id\":\"https:\\\/\\\/www.p31noticias.com.br\\\/?p=18832#primaryimage\",\"url\":\"https:\\\/\\\/www.p31noticias.com.br\\\/wp-content\\\/uploads\\\/2020\\\/02\\\/coronavirus-visao-microscopio.jpg\",\"contentUrl\":\"https:\\\/\\\/www.p31noticias.com.br\\\/wp-content\\\/uploads\\\/2020\\\/02\\\/coronavirus-visao-microscopio.jpg\",\"width\":640,\"height\":500,\"caption\":\"\u00c9 assim que o coronav\u00edrus \u00e9 visto no microsc\u00f3pio \u2014 Foto: Getty Images via BBC\"},{\"@type\":\"BreadcrumbList\",\"@id\":\"https:\\\/\\\/www.p31noticias.com.br\\\/?p=18832#breadcrumb\",\"itemListElement\":[{\"@type\":\"ListItem\",\"position\":1,\"name\":\"In\u00edcio\",\"item\":\"https:\\\/\\\/www.p31noticias.com.br\\\/\"},{\"@type\":\"ListItem\",\"position\":2,\"name\":\"Segundo caso de novo coronav\u00edrus no Brasil \u00e9 confirmado em S\u00e3o Paulo\"}]},{\"@type\":\"WebSite\",\"@id\":\"https:\\\/\\\/www.p31noticias.com.br\\\/#website\",\"url\":\"https:\\\/\\\/www.p31noticias.com.br\\\/\",\"name\":\"P31\",\"description\":\"NOT\u00cdCIAS\",\"potentialAction\":[{\"@type\":\"SearchAction\",\"target\":{\"@type\":\"EntryPoint\",\"urlTemplate\":\"https:\\\/\\\/www.p31noticias.com.br\\\/?s={search_term_string}\"},\"query-input\":{\"@type\":\"PropertyValueSpecification\",\"valueRequired\":true,\"valueName\":\"search_term_string\"}}],\"inLanguage\":\"pt-BR\"},{\"@type\":\"Person\",\"@id\":\"https:\\\/\\\/www.p31noticias.com.br\\\/#\\\/schema\\\/person\\\/77d6b186c710ac38937c6ec204fdd387\",\"name\":\"Reda\u00e7\u00e3o JBN\",\"image\":{\"@type\":\"ImageObject\",\"inLanguage\":\"pt-BR\",\"@id\":\"https:\\\/\\\/secure.gravatar.com\\\/avatar\\\/10fcdb93211f98cce3d64c0795b0915a9a4a21dc0f279238995a3dbfafcad090?s=96&d=mm&r=g\",\"url\":\"https:\\\/\\\/secure.gravatar.com\\\/avatar\\\/10fcdb93211f98cce3d64c0795b0915a9a4a21dc0f279238995a3dbfafcad090?s=96&d=mm&r=g\",\"contentUrl\":\"https:\\\/\\\/secure.gravatar.com\\\/avatar\\\/10fcdb93211f98cce3d64c0795b0915a9a4a21dc0f279238995a3dbfafcad090?s=96&d=mm&r=g\",\"caption\":\"Reda\u00e7\u00e3o JBN\"},\"sameAs\":[\"https:\\\/\\\/p31noticias.com.br\"],\"url\":\"https:\\\/\\\/www.p31noticias.com.br\\\/?author=18\"}]}<\/script>\n<!-- \/ Yoast SEO Premium plugin. -->","yoast_head_json":{"title":"Segundo caso de novo coronav\u00edrus no Brasil \u00e9 confirmado em S\u00e3o Paulo - P31","robots":{"index":"index","follow":"follow","max-snippet":"max-snippet:-1","max-image-preview":"max-image-preview:large","max-video-preview":"max-video-preview:-1"},"canonical":"https:\/\/www.p31noticias.com.br\/?p=18832","og_locale":"pt_BR","og_type":"article","og_title":"Segundo caso de novo coronav\u00edrus no Brasil \u00e9 confirmado em S\u00e3o Paulo","og_description":"O\u00a0Minist\u00e9rio da Sa\u00fade\u00a0e a Secretaria de Sa\u00fade do Estado de S\u00e3o Paulo confirmaram neste s\u00e1bado (29) o\u00a0segundo caso do novo coronav\u00edrus\u00a0no Brasil. De acordo com o minist\u00e9rio,\u00a0o paciente \u00e9 um homem de 32 anos. Ele chegou na quinta-feira (27) de Mil\u00e3o, na\u00a0It\u00e1lia\u00a0\u2014 pa\u00eds com maior n\u00famero de casos fora da \u00c1sia\u00a0(leia mais no fim da [&hellip;]","og_url":"https:\/\/www.p31noticias.com.br\/?p=18832","og_site_name":"P31","article_published_time":"2020-02-29T23:19:00+00:00","og_image":[{"width":640,"height":500,"url":"https:\/\/www.p31noticias.com.br\/wp-content\/uploads\/2020\/02\/coronavirus-visao-microscopio.jpg","type":"image\/jpeg"}],"author":"Reda\u00e7\u00e3o JBN","twitter_card":"summary_large_image","twitter_misc":{"Escrito por":"Reda\u00e7\u00e3o JBN","Est. tempo de leitura":"2 minutos"},"schema":{"@context":"https:\/\/schema.org","@graph":[{"@type":"Article","@id":"https:\/\/www.p31noticias.com.br\/?p=18832#article","isPartOf":{"@id":"https:\/\/www.p31noticias.com.br\/?p=18832"},"author":{"name":"Reda\u00e7\u00e3o JBN","@id":"https:\/\/www.p31noticias.com.br\/#\/schema\/person\/77d6b186c710ac38937c6ec204fdd387"},"headline":"Segundo caso de novo coronav\u00edrus no Brasil \u00e9 confirmado em S\u00e3o Paulo","datePublished":"2020-02-29T23:19:00+00:00","mainEntityOfPage":{"@id":"https:\/\/www.p31noticias.com.br\/?p=18832"},"wordCount":452,"commentCount":0,"image":{"@id":"https:\/\/www.p31noticias.com.br\/?p=18832#primaryimage"},"thumbnailUrl":"https:\/\/www.p31noticias.com.br\/wp-content\/uploads\/2020\/02\/coronavirus-visao-microscopio.jpg","articleSection":["Brasil"],"inLanguage":"pt-BR","potentialAction":[{"@type":"CommentAction","name":"Comment","target":["https:\/\/www.p31noticias.com.br\/?p=18832#respond"]}],"copyrightYear":"2020","copyrightHolder":{"@id":"https:\/\/www.p31noticias.com.br\/#organization"}},{"@type":"WebPage","@id":"https:\/\/www.p31noticias.com.br\/?p=18832","url":"https:\/\/www.p31noticias.com.br\/?p=18832","name":"Segundo caso de novo coronav\u00edrus no Brasil \u00e9 confirmado em S\u00e3o Paulo - P31","isPartOf":{"@id":"https:\/\/www.p31noticias.com.br\/#website"},"primaryImageOfPage":{"@id":"https:\/\/www.p31noticias.com.br\/?p=18832#primaryimage"},"image":{"@id":"https:\/\/www.p31noticias.com.br\/?p=18832#primaryimage"},"thumbnailUrl":"https:\/\/www.p31noticias.com.br\/wp-content\/uploads\/2020\/02\/coronavirus-visao-microscopio.jpg","datePublished":"2020-02-29T23:19:00+00:00","author":{"@id":"https:\/\/www.p31noticias.com.br\/#\/schema\/person\/77d6b186c710ac38937c6ec204fdd387"},"breadcrumb":{"@id":"https:\/\/www.p31noticias.com.br\/?p=18832#breadcrumb"},"inLanguage":"pt-BR","potentialAction":[{"@type":"ReadAction","target":["https:\/\/www.p31noticias.com.br\/?p=18832"]}]},{"@type":"ImageObject","inLanguage":"pt-BR","@id":"https:\/\/www.p31noticias.com.br\/?p=18832#primaryimage","url":"https:\/\/www.p31noticias.com.br\/wp-content\/uploads\/2020\/02\/coronavirus-visao-microscopio.jpg","contentUrl":"https:\/\/www.p31noticias.com.br\/wp-content\/uploads\/2020\/02\/coronavirus-visao-microscopio.jpg","width":640,"height":500,"caption":"\u00c9 assim que o coronav\u00edrus \u00e9 visto no microsc\u00f3pio \u2014 Foto: Getty Images via BBC"},{"@type":"BreadcrumbList","@id":"https:\/\/www.p31noticias.com.br\/?p=18832#breadcrumb","itemListElement":[{"@type":"ListItem","position":1,"name":"In\u00edcio","item":"https:\/\/www.p31noticias.com.br\/"},{"@type":"ListItem","position":2,"name":"Segundo caso de novo coronav\u00edrus no Brasil \u00e9 confirmado em S\u00e3o Paulo"}]},{"@type":"WebSite","@id":"https:\/\/www.p31noticias.com.br\/#website","url":"https:\/\/www.p31noticias.com.br\/","name":"P31","description":"NOT\u00cdCIAS","potentialAction":[{"@type":"SearchAction","target":{"@type":"EntryPoint","urlTemplate":"https:\/\/www.p31noticias.com.br\/?s={search_term_string}"},"query-input":{"@type":"PropertyValueSpecification","valueRequired":true,"valueName":"search_term_string"}}],"inLanguage":"pt-BR"},{"@type":"Person","@id":"https:\/\/www.p31noticias.com.br\/#\/schema\/person\/77d6b186c710ac38937c6ec204fdd387","name":"Reda\u00e7\u00e3o JBN","image":{"@type":"ImageObject","inLanguage":"pt-BR","@id":"https:\/\/secure.gravatar.com\/avatar\/10fcdb93211f98cce3d64c0795b0915a9a4a21dc0f279238995a3dbfafcad090?s=96&d=mm&r=g","url":"https:\/\/secure.gravatar.com\/avatar\/10fcdb93211f98cce3d64c0795b0915a9a4a21dc0f279238995a3dbfafcad090?s=96&d=mm&r=g","contentUrl":"https:\/\/secure.gravatar.com\/avatar\/10fcdb93211f98cce3d64c0795b0915a9a4a21dc0f279238995a3dbfafcad090?s=96&d=mm&r=g","caption":"Reda\u00e7\u00e3o JBN"},"sameAs":["https:\/\/p31noticias.com.br"],"url":"https:\/\/www.p31noticias.com.br\/?author=18"}]}},"amp_enabled":true,"_links":{"self":[{"href":"https:\/\/www.p31noticias.com.br\/index.php?rest_route=\/wp\/v2\/posts\/18832","targetHints":{"allow":["GET"]}}],"collection":[{"href":"https:\/\/www.p31noticias.com.br\/index.php?rest_route=\/wp\/v2\/posts"}],"about":[{"href":"https:\/\/www.p31noticias.com.br\/index.php?rest_route=\/wp\/v2\/types\/post"}],"author":[{"embeddable":true,"href":"https:\/\/www.p31noticias.com.br\/index.php?rest_route=\/wp\/v2\/users\/18"}],"replies":[{"embeddable":true,"href":"https:\/\/www.p31noticias.com.br\/index.php?rest_route=%2Fwp%2Fv2%2Fcomments&post=18832"}],"version-history":[{"count":0,"href":"https:\/\/www.p31noticias.com.br\/index.php?rest_route=\/wp\/v2\/posts\/18832\/revisions"}],"wp:featuredmedia":[{"embeddable":true,"href":"https:\/\/www.p31noticias.com.br\/index.php?rest_route=\/wp\/v2\/media\/18795"}],"wp:attachment":[{"href":"https:\/\/www.p31noticias.com.br\/index.php?rest_route=%2Fwp%2Fv2%2Fmedia&parent=18832"}],"wp:term":[{"taxonomy":"category","embeddable":true,"href":"https:\/\/www.p31noticias.com.br\/index.php?rest_route=%2Fwp%2Fv2%2Fcategories&post=18832"},{"taxonomy":"post_tag","embeddable":true,"href":"https:\/\/www.p31noticias.com.br\/index.php?rest_route=%2Fwp%2Fv2%2Ftags&post=18832"}],"curies":[{"name":"wp","href":"https:\/\/api.w.org\/{rel}","templated":true}]}}