{"id":18826,"date":"2020-02-29T13:24:35","date_gmt":"2020-02-29T16:24:35","guid":{"rendered":"https:\/\/www.delioandrade.com.br\/?p=18826"},"modified":"2020-02-29T13:24:35","modified_gmt":"2020-02-29T16:24:35","slug":"citroen-lanca-carro-eletrico-compacto-que-custa-apenas-r-100-por-mes","status":"publish","type":"post","link":"https:\/\/www.p31noticias.com.br\/?p=18826","title":{"rendered":"Citro\u00ebn lan\u00e7a carro el\u00e9trico compacto que custa apenas R$ 100 por m\u00eas"},"content":{"rendered":"<p>Prometendo oferecer ?mobilidade 100% el\u00e9trica para todos?, a\u00a0<a href=\"https:\/\/olhardigital.com.br\/noticia\/fiat-chrysler-e-peugeot-citroen-anunciam-fusao\/92346\" target=\"_blank\" rel=\"noopener noreferrer\">Citro\u00ebn<\/a>\u00a0est\u00e1 lan\u00e7ando na Europa o Ami, um\u00a0<a href=\"https:\/\/olhardigital.com.br\/carros-e-tecnologia\/noticia\/chevrolet-lanca-carro-eletrico-com-ate-410-km-de-autonomia-na-china\/97230\" target=\"_blank\" rel=\"noopener noreferrer\">ve\u00edculo el\u00e9trico<\/a> urbano compacto e de baixo custo, que pode ser dirigido por qualquer um acima de 14 anos (na Fran\u00e7a) mesmo sem carteira de motorista.<\/p>\n<div class=\"inner-wrapper\">\n<section class=\"amp-mat-body\">\n<h2 class=\"amp-mat-lead\">Com velocidade m\u00e1xima de 45 km\/h, ve\u00edculo \u00e9 ideal para pequenos deslocamentos dentro das cidades<\/h2>\n<div class=\"amp-mat-txt\">\n<p>Prometendo oferecer ?mobilidade 100% el\u00e9trica para todos?, a\u00a0<a href=\"https:\/\/olhardigital.com.br\/noticia\/fiat-chrysler-e-peugeot-citroen-anunciam-fusao\/92346\" target=\"_blank\" rel=\"noopener noreferrer\">Citro\u00ebn<\/a>\u00a0est\u00e1 lan\u00e7ando na Europa o Ami, um\u00a0<a href=\"https:\/\/olhardigital.com.br\/carros-e-tecnologia\/noticia\/chevrolet-lanca-carro-eletrico-com-ate-410-km-de-autonomia-na-china\/97230\" target=\"_blank\" rel=\"noopener noreferrer\">ve\u00edculo el\u00e9trico<\/a> urbano compacto e de baixo custo, que pode ser dirigido por qualquer um acima de 14 anos (na Fran\u00e7a) mesmo sem carteira de motorista.<\/p>\n<p>O Ami \u00e9 um ?carrinho? de 2 lugares, com apenas 2,4 metros de comprimento, equipado com uma bateria de 5,5 kWh. A\u00a0<a href=\"https:\/\/olhardigital.com.br\/carros-e-tecnologia\/noticia\/chevrolet-lanca-carro-eletrico-com-ate-410-km-de-autonomia-na-china\/97230\" target=\"_blank\" rel=\"noopener noreferrer\">autonomia<\/a>\u00a0\u00e9 de at\u00e9 70 km com uma carga, viajando a at\u00e9 45 km\/h. N\u00e3o, n\u00e3o \u00e9 um carro para os amantes da velocidade, ou mesmo para a estrada, mas sim para pequenos deslocamentos dentro das cidades. Ou seja, para ir e voltar do trabalho, ao shopping center, ao supermercado, etc.<\/p>\n<p>Segundo a Citro\u00ebn, a recarga completa da\u00a0<a href=\"https:\/\/olhardigital.com.br\/noticia\/novo-smartwatch-de-baixo-custo-traz-bateria-que-dura-ate-25-dias\/97356\" target=\"_blank\" rel=\"noopener noreferrer\">bateria<\/a>\u00a0pode ser feita em tr\u00eas horas em qualquer tomada de 220 volts, sem necessidade de um carregador especial. O interior do ve\u00edculo \u00e9 fechado e aquecido, e segundo a fabricante ?muito iluminado e confort\u00e1vel?. A apar\u00eancia pode ser customizada com pacotes de acess\u00f3rios para mudar a cor do carro.<\/p>\n<p align=\"center\"><img decoding=\"async\" class=\"i-amphtml-fill-content amp-hidden\" src=\"https:\/\/i.ytimg.com\/vi\/74VfCw1FE2s\/sddefault.jpg#404_is_fine\" alt=\"Loading video\" \/><iframe class=\"i-amphtml-fill-content\" src=\"https:\/\/www.youtube.com\/embed\/74VfCw1FE2s?enablejsapi=1&amp;amp=1&amp;playsinline=1\" frameborder=\"0\" allowfullscreen=\"allowfullscreen\" data-mce-fragment=\"1\"><\/iframe><\/p>\n<p>Mas o principal destaque do Ami \u00e9 o pre\u00e7o: na Fran\u00e7a ser\u00e1 poss\u00edvel adquirir um por apenas 19,99 Euros mensais (cerca de R$ 98), mediante o pagamento de uma entrada de 2.644 Euros (cerca de R$ 13 mil). O\u00a0<a href=\"https:\/\/olhardigital.com.br\/carros-e-tecnologia\/noticia\/franca-define-data-para-o-fim-dos-carros-a-combustao\/69541\" target=\"_blank\" rel=\"noopener noreferrer\">governo franc\u00eas<\/a>\u00a0oferece uma dedu\u00e7\u00e3o de 900 Euros (cerca de R$ 4.400) pelo fato de ser el\u00e9trico, o que leva o total a 1.744 Euros ou R$ 8.600 . O ve\u00edculo tamb\u00e9m estar\u00e1 dispon\u00edvel para loca\u00e7\u00e3o, com pre\u00e7o de 0,26 Euro (cerca de R$ 1,30) o minuto, atrav\u00e9s da locadora Free2Move.<\/p>\n<p>O Citro\u00ebn Ami poder\u00e1 ser comprado ?100% online?, como entrega na casa do comprador, e tamb\u00e9m estar\u00e1 dispon\u00edvel em lojas como a Fnac e Darty. A montadora come\u00e7ar\u00e1 a aceitar pedidos em 30 de mar\u00e7o, com previs\u00e3o de entrega das primeiras unidades na Fran\u00e7a em junho.<\/p>\n<p>Fonte:\u00a0<em><a href=\"https:\/\/www.citroen.com\/en\/Highlight\/131\/ami-100-electric-mobility-accessible-to-all\" target=\"_blank\" rel=\"noopener noreferrer\">Citro\u00ebn<\/a><\/em><\/p>\n<\/div>\n<\/section>\n<\/div>\n","protected":false},"excerpt":{"rendered":"<p>Prometendo oferecer ?mobilidade 100% el\u00e9trica para todos?, a\u00a0Citro\u00ebn\u00a0est\u00e1 lan\u00e7ando na Europa o Ami, um\u00a0ve\u00edculo el\u00e9trico urbano compacto e de baixo custo, que pode ser dirigido por qualquer um acima de 14 anos (na Fran\u00e7a) mesmo sem carteira de motorista. Com velocidade m\u00e1xima de 45 km\/h, ve\u00edculo \u00e9 ideal para pequenos deslocamentos dentro das cidades Prometendo [&hellip;]<\/p>\n","protected":false},"author":18,"featured_media":18827,"comment_status":"open","ping_status":"open","sticky":false,"template":"","format":"standard","meta":{"footnotes":""},"categories":[68],"tags":[],"class_list":{"0":"post-18826","1":"post","2":"type-post","3":"status-publish","4":"format-standard","5":"has-post-thumbnail","7":"category-brasil"},"yoast_head":"<!-- This site is optimized with the Yoast SEO Premium plugin v24.5 (Yoast SEO v27.5) - https:\/\/yoast.com\/product\/yoast-seo-premium-wordpress\/ -->\n<title>Citro\u00ebn lan\u00e7a carro el\u00e9trico compacto que custa apenas R$ 100 por m\u00eas - P31<\/title>\n<meta name=\"robots\" content=\"index, follow, max-snippet:-1, max-image-preview:large, max-video-preview:-1\" \/>\n<link rel=\"canonical\" href=\"https:\/\/www.p31noticias.com.br\/?p=18826\" \/>\n<meta property=\"og:locale\" content=\"pt_BR\" \/>\n<meta property=\"og:type\" content=\"article\" \/>\n<meta property=\"og:title\" content=\"Citro\u00ebn lan\u00e7a carro el\u00e9trico compacto que custa apenas R$ 100 por m\u00eas\" \/>\n<meta property=\"og:description\" content=\"Prometendo oferecer ?mobilidade 100% el\u00e9trica para todos?, a\u00a0Citro\u00ebn\u00a0est\u00e1 lan\u00e7ando na Europa o Ami, um\u00a0ve\u00edculo el\u00e9trico urbano compacto e de baixo custo, que pode ser dirigido por qualquer um acima de 14 anos (na Fran\u00e7a) mesmo sem carteira de motorista. Com velocidade m\u00e1xima de 45 km\/h, ve\u00edculo \u00e9 ideal para pequenos deslocamentos dentro das cidades Prometendo [&hellip;]\" \/>\n<meta property=\"og:url\" content=\"https:\/\/www.p31noticias.com.br\/?p=18826\" \/>\n<meta property=\"og:site_name\" content=\"P31\" \/>\n<meta property=\"article:published_time\" content=\"2020-02-29T16:24:35+00:00\" \/>\n<meta property=\"og:image\" content=\"https:\/\/www.p31noticias.com.br\/wp-content\/uploads\/2020\/02\/20200228100229_500_281_-_citro_n_ami.jpg\" \/>\n\t<meta property=\"og:image:width\" content=\"500\" \/>\n\t<meta property=\"og:image:height\" content=\"281\" \/>\n\t<meta property=\"og:image:type\" content=\"image\/jpeg\" \/>\n<meta name=\"author\" content=\"Reda\u00e7\u00e3o JBN\" \/>\n<meta name=\"twitter:card\" content=\"summary_large_image\" \/>\n<meta name=\"twitter:label1\" content=\"Escrito por\" \/>\n\t<meta name=\"twitter:data1\" content=\"Reda\u00e7\u00e3o JBN\" \/>\n\t<meta name=\"twitter:label2\" content=\"Est. tempo de leitura\" \/>\n\t<meta name=\"twitter:data2\" content=\"2 minutos\" \/>\n<script type=\"application\/ld+json\" class=\"yoast-schema-graph\">{\"@context\":\"https:\\\/\\\/schema.org\",\"@graph\":[{\"@type\":\"Article\",\"@id\":\"https:\\\/\\\/www.p31noticias.com.br\\\/?p=18826#article\",\"isPartOf\":{\"@id\":\"https:\\\/\\\/www.p31noticias.com.br\\\/?p=18826\"},\"author\":{\"name\":\"Reda\u00e7\u00e3o JBN\",\"@id\":\"https:\\\/\\\/www.p31noticias.com.br\\\/#\\\/schema\\\/person\\\/77d6b186c710ac38937c6ec204fdd387\"},\"headline\":\"Citro\u00ebn lan\u00e7a carro el\u00e9trico compacto que custa apenas R$ 100 por m\u00eas\",\"datePublished\":\"2020-02-29T16:24:35+00:00\",\"mainEntityOfPage\":{\"@id\":\"https:\\\/\\\/www.p31noticias.com.br\\\/?p=18826\"},\"wordCount\":397,\"commentCount\":0,\"image\":{\"@id\":\"https:\\\/\\\/www.p31noticias.com.br\\\/?p=18826#primaryimage\"},\"thumbnailUrl\":\"https:\\\/\\\/www.p31noticias.com.br\\\/wp-content\\\/uploads\\\/2020\\\/02\\\/20200228100229_500_281_-_citro_n_ami.jpg\",\"articleSection\":[\"Brasil\"],\"inLanguage\":\"pt-BR\",\"potentialAction\":[{\"@type\":\"CommentAction\",\"name\":\"Comment\",\"target\":[\"https:\\\/\\\/www.p31noticias.com.br\\\/?p=18826#respond\"]}],\"copyrightYear\":\"2020\",\"copyrightHolder\":{\"@id\":\"https:\\\/\\\/www.p31noticias.com.br\\\/#organization\"}},{\"@type\":\"WebPage\",\"@id\":\"https:\\\/\\\/www.p31noticias.com.br\\\/?p=18826\",\"url\":\"https:\\\/\\\/www.p31noticias.com.br\\\/?p=18826\",\"name\":\"Citro\u00ebn lan\u00e7a carro el\u00e9trico compacto que custa apenas R$ 100 por m\u00eas - P31\",\"isPartOf\":{\"@id\":\"https:\\\/\\\/www.p31noticias.com.br\\\/#website\"},\"primaryImageOfPage\":{\"@id\":\"https:\\\/\\\/www.p31noticias.com.br\\\/?p=18826#primaryimage\"},\"image\":{\"@id\":\"https:\\\/\\\/www.p31noticias.com.br\\\/?p=18826#primaryimage\"},\"thumbnailUrl\":\"https:\\\/\\\/www.p31noticias.com.br\\\/wp-content\\\/uploads\\\/2020\\\/02\\\/20200228100229_500_281_-_citro_n_ami.jpg\",\"datePublished\":\"2020-02-29T16:24:35+00:00\",\"author\":{\"@id\":\"https:\\\/\\\/www.p31noticias.com.br\\\/#\\\/schema\\\/person\\\/77d6b186c710ac38937c6ec204fdd387\"},\"breadcrumb\":{\"@id\":\"https:\\\/\\\/www.p31noticias.com.br\\\/?p=18826#breadcrumb\"},\"inLanguage\":\"pt-BR\",\"potentialAction\":[{\"@type\":\"ReadAction\",\"target\":[\"https:\\\/\\\/www.p31noticias.com.br\\\/?p=18826\"]}]},{\"@type\":\"ImageObject\",\"inLanguage\":\"pt-BR\",\"@id\":\"https:\\\/\\\/www.p31noticias.com.br\\\/?p=18826#primaryimage\",\"url\":\"https:\\\/\\\/www.p31noticias.com.br\\\/wp-content\\\/uploads\\\/2020\\\/02\\\/20200228100229_500_281_-_citro_n_ami.jpg\",\"contentUrl\":\"https:\\\/\\\/www.p31noticias.com.br\\\/wp-content\\\/uploads\\\/2020\\\/02\\\/20200228100229_500_281_-_citro_n_ami.jpg\",\"width\":500,\"height\":281},{\"@type\":\"BreadcrumbList\",\"@id\":\"https:\\\/\\\/www.p31noticias.com.br\\\/?p=18826#breadcrumb\",\"itemListElement\":[{\"@type\":\"ListItem\",\"position\":1,\"name\":\"In\u00edcio\",\"item\":\"https:\\\/\\\/www.p31noticias.com.br\\\/\"},{\"@type\":\"ListItem\",\"position\":2,\"name\":\"Citro\u00ebn lan\u00e7a carro el\u00e9trico compacto que custa apenas R$ 100 por m\u00eas\"}]},{\"@type\":\"WebSite\",\"@id\":\"https:\\\/\\\/www.p31noticias.com.br\\\/#website\",\"url\":\"https:\\\/\\\/www.p31noticias.com.br\\\/\",\"name\":\"P31\",\"description\":\"NOT\u00cdCIAS\",\"potentialAction\":[{\"@type\":\"SearchAction\",\"target\":{\"@type\":\"EntryPoint\",\"urlTemplate\":\"https:\\\/\\\/www.p31noticias.com.br\\\/?s={search_term_string}\"},\"query-input\":{\"@type\":\"PropertyValueSpecification\",\"valueRequired\":true,\"valueName\":\"search_term_string\"}}],\"inLanguage\":\"pt-BR\"},{\"@type\":\"Person\",\"@id\":\"https:\\\/\\\/www.p31noticias.com.br\\\/#\\\/schema\\\/person\\\/77d6b186c710ac38937c6ec204fdd387\",\"name\":\"Reda\u00e7\u00e3o JBN\",\"image\":{\"@type\":\"ImageObject\",\"inLanguage\":\"pt-BR\",\"@id\":\"https:\\\/\\\/secure.gravatar.com\\\/avatar\\\/10fcdb93211f98cce3d64c0795b0915a9a4a21dc0f279238995a3dbfafcad090?s=96&d=mm&r=g\",\"url\":\"https:\\\/\\\/secure.gravatar.com\\\/avatar\\\/10fcdb93211f98cce3d64c0795b0915a9a4a21dc0f279238995a3dbfafcad090?s=96&d=mm&r=g\",\"contentUrl\":\"https:\\\/\\\/secure.gravatar.com\\\/avatar\\\/10fcdb93211f98cce3d64c0795b0915a9a4a21dc0f279238995a3dbfafcad090?s=96&d=mm&r=g\",\"caption\":\"Reda\u00e7\u00e3o JBN\"},\"sameAs\":[\"https:\\\/\\\/p31noticias.com.br\"],\"url\":\"https:\\\/\\\/www.p31noticias.com.br\\\/?author=18\"}]}<\/script>\n<!-- \/ Yoast SEO Premium plugin. -->","yoast_head_json":{"title":"Citro\u00ebn lan\u00e7a carro el\u00e9trico compacto que custa apenas R$ 100 por m\u00eas - P31","robots":{"index":"index","follow":"follow","max-snippet":"max-snippet:-1","max-image-preview":"max-image-preview:large","max-video-preview":"max-video-preview:-1"},"canonical":"https:\/\/www.p31noticias.com.br\/?p=18826","og_locale":"pt_BR","og_type":"article","og_title":"Citro\u00ebn lan\u00e7a carro el\u00e9trico compacto que custa apenas R$ 100 por m\u00eas","og_description":"Prometendo oferecer ?mobilidade 100% el\u00e9trica para todos?, a\u00a0Citro\u00ebn\u00a0est\u00e1 lan\u00e7ando na Europa o Ami, um\u00a0ve\u00edculo el\u00e9trico urbano compacto e de baixo custo, que pode ser dirigido por qualquer um acima de 14 anos (na Fran\u00e7a) mesmo sem carteira de motorista. Com velocidade m\u00e1xima de 45 km\/h, ve\u00edculo \u00e9 ideal para pequenos deslocamentos dentro das cidades Prometendo [&hellip;]","og_url":"https:\/\/www.p31noticias.com.br\/?p=18826","og_site_name":"P31","article_published_time":"2020-02-29T16:24:35+00:00","og_image":[{"width":500,"height":281,"url":"https:\/\/www.p31noticias.com.br\/wp-content\/uploads\/2020\/02\/20200228100229_500_281_-_citro_n_ami.jpg","type":"image\/jpeg"}],"author":"Reda\u00e7\u00e3o JBN","twitter_card":"summary_large_image","twitter_misc":{"Escrito por":"Reda\u00e7\u00e3o JBN","Est. tempo de leitura":"2 minutos"},"schema":{"@context":"https:\/\/schema.org","@graph":[{"@type":"Article","@id":"https:\/\/www.p31noticias.com.br\/?p=18826#article","isPartOf":{"@id":"https:\/\/www.p31noticias.com.br\/?p=18826"},"author":{"name":"Reda\u00e7\u00e3o JBN","@id":"https:\/\/www.p31noticias.com.br\/#\/schema\/person\/77d6b186c710ac38937c6ec204fdd387"},"headline":"Citro\u00ebn lan\u00e7a carro el\u00e9trico compacto que custa apenas R$ 100 por m\u00eas","datePublished":"2020-02-29T16:24:35+00:00","mainEntityOfPage":{"@id":"https:\/\/www.p31noticias.com.br\/?p=18826"},"wordCount":397,"commentCount":0,"image":{"@id":"https:\/\/www.p31noticias.com.br\/?p=18826#primaryimage"},"thumbnailUrl":"https:\/\/www.p31noticias.com.br\/wp-content\/uploads\/2020\/02\/20200228100229_500_281_-_citro_n_ami.jpg","articleSection":["Brasil"],"inLanguage":"pt-BR","potentialAction":[{"@type":"CommentAction","name":"Comment","target":["https:\/\/www.p31noticias.com.br\/?p=18826#respond"]}],"copyrightYear":"2020","copyrightHolder":{"@id":"https:\/\/www.p31noticias.com.br\/#organization"}},{"@type":"WebPage","@id":"https:\/\/www.p31noticias.com.br\/?p=18826","url":"https:\/\/www.p31noticias.com.br\/?p=18826","name":"Citro\u00ebn lan\u00e7a carro el\u00e9trico compacto que custa apenas R$ 100 por m\u00eas - P31","isPartOf":{"@id":"https:\/\/www.p31noticias.com.br\/#website"},"primaryImageOfPage":{"@id":"https:\/\/www.p31noticias.com.br\/?p=18826#primaryimage"},"image":{"@id":"https:\/\/www.p31noticias.com.br\/?p=18826#primaryimage"},"thumbnailUrl":"https:\/\/www.p31noticias.com.br\/wp-content\/uploads\/2020\/02\/20200228100229_500_281_-_citro_n_ami.jpg","datePublished":"2020-02-29T16:24:35+00:00","author":{"@id":"https:\/\/www.p31noticias.com.br\/#\/schema\/person\/77d6b186c710ac38937c6ec204fdd387"},"breadcrumb":{"@id":"https:\/\/www.p31noticias.com.br\/?p=18826#breadcrumb"},"inLanguage":"pt-BR","potentialAction":[{"@type":"ReadAction","target":["https:\/\/www.p31noticias.com.br\/?p=18826"]}]},{"@type":"ImageObject","inLanguage":"pt-BR","@id":"https:\/\/www.p31noticias.com.br\/?p=18826#primaryimage","url":"https:\/\/www.p31noticias.com.br\/wp-content\/uploads\/2020\/02\/20200228100229_500_281_-_citro_n_ami.jpg","contentUrl":"https:\/\/www.p31noticias.com.br\/wp-content\/uploads\/2020\/02\/20200228100229_500_281_-_citro_n_ami.jpg","width":500,"height":281},{"@type":"BreadcrumbList","@id":"https:\/\/www.p31noticias.com.br\/?p=18826#breadcrumb","itemListElement":[{"@type":"ListItem","position":1,"name":"In\u00edcio","item":"https:\/\/www.p31noticias.com.br\/"},{"@type":"ListItem","position":2,"name":"Citro\u00ebn lan\u00e7a carro el\u00e9trico compacto que custa apenas R$ 100 por m\u00eas"}]},{"@type":"WebSite","@id":"https:\/\/www.p31noticias.com.br\/#website","url":"https:\/\/www.p31noticias.com.br\/","name":"P31","description":"NOT\u00cdCIAS","potentialAction":[{"@type":"SearchAction","target":{"@type":"EntryPoint","urlTemplate":"https:\/\/www.p31noticias.com.br\/?s={search_term_string}"},"query-input":{"@type":"PropertyValueSpecification","valueRequired":true,"valueName":"search_term_string"}}],"inLanguage":"pt-BR"},{"@type":"Person","@id":"https:\/\/www.p31noticias.com.br\/#\/schema\/person\/77d6b186c710ac38937c6ec204fdd387","name":"Reda\u00e7\u00e3o JBN","image":{"@type":"ImageObject","inLanguage":"pt-BR","@id":"https:\/\/secure.gravatar.com\/avatar\/10fcdb93211f98cce3d64c0795b0915a9a4a21dc0f279238995a3dbfafcad090?s=96&d=mm&r=g","url":"https:\/\/secure.gravatar.com\/avatar\/10fcdb93211f98cce3d64c0795b0915a9a4a21dc0f279238995a3dbfafcad090?s=96&d=mm&r=g","contentUrl":"https:\/\/secure.gravatar.com\/avatar\/10fcdb93211f98cce3d64c0795b0915a9a4a21dc0f279238995a3dbfafcad090?s=96&d=mm&r=g","caption":"Reda\u00e7\u00e3o JBN"},"sameAs":["https:\/\/p31noticias.com.br"],"url":"https:\/\/www.p31noticias.com.br\/?author=18"}]}},"amp_enabled":true,"_links":{"self":[{"href":"https:\/\/www.p31noticias.com.br\/index.php?rest_route=\/wp\/v2\/posts\/18826","targetHints":{"allow":["GET"]}}],"collection":[{"href":"https:\/\/www.p31noticias.com.br\/index.php?rest_route=\/wp\/v2\/posts"}],"about":[{"href":"https:\/\/www.p31noticias.com.br\/index.php?rest_route=\/wp\/v2\/types\/post"}],"author":[{"embeddable":true,"href":"https:\/\/www.p31noticias.com.br\/index.php?rest_route=\/wp\/v2\/users\/18"}],"replies":[{"embeddable":true,"href":"https:\/\/www.p31noticias.com.br\/index.php?rest_route=%2Fwp%2Fv2%2Fcomments&post=18826"}],"version-history":[{"count":0,"href":"https:\/\/www.p31noticias.com.br\/index.php?rest_route=\/wp\/v2\/posts\/18826\/revisions"}],"wp:featuredmedia":[{"embeddable":true,"href":"https:\/\/www.p31noticias.com.br\/index.php?rest_route=\/wp\/v2\/media\/18827"}],"wp:attachment":[{"href":"https:\/\/www.p31noticias.com.br\/index.php?rest_route=%2Fwp%2Fv2%2Fmedia&parent=18826"}],"wp:term":[{"taxonomy":"category","embeddable":true,"href":"https:\/\/www.p31noticias.com.br\/index.php?rest_route=%2Fwp%2Fv2%2Fcategories&post=18826"},{"taxonomy":"post_tag","embeddable":true,"href":"https:\/\/www.p31noticias.com.br\/index.php?rest_route=%2Fwp%2Fv2%2Ftags&post=18826"}],"curies":[{"name":"wp","href":"https:\/\/api.w.org\/{rel}","templated":true}]}}