{"id":18822,"date":"2020-02-29T10:53:14","date_gmt":"2020-02-29T13:53:14","guid":{"rendered":"https:\/\/www.delioandrade.com.br\/?p=18822"},"modified":"2020-02-29T10:53:14","modified_gmt":"2020-02-29T13:53:14","slug":"daniela-firme-lanca-seu-segundo-ep-solo-com-show-no-clube-do-choro-dia-14-de-marco","status":"publish","type":"post","link":"https:\/\/www.p31noticias.com.br\/?p=18822","title":{"rendered":"Daniela Firme lan\u00e7a seu segundo EP solo com show no Clube do Choro dia 14 de mar\u00e7o"},"content":{"rendered":"<p style=\"font-weight: 400;\">A renomada cantora e compositora Daniela Firme lan\u00e7a seu segundo EP solo, no pr\u00f3ximo dia 6 de mar\u00e7o, em todas as plataformas digitais. Com quatro m\u00fasicas in\u00e9ditas, o EP intitulado &#8220;O Tempo e o Pensamento&#8221; ter\u00e1 como m\u00fasica de trabalho a can\u00e7\u00e3o &#8220;Voltando pra Casa&#8221;, al\u00e9m das faixas \u201cDia Nublado\u201d e \u201cSe Voc\u00ea For Capaz\u201d. O show de lan\u00e7amento acontecer\u00e1 no dia 14 de mar\u00e7o, no Clube do Choro de Bras\u00edlia, a partir das 21 horas.<\/p>\n<p style=\"font-weight: 400;\">Ao falar do seu mais novo projeto, Daniela afirmou estar muito feliz e ansiosa para mostrar as m\u00fasicas ao p\u00fablico. \u201cParticularmente gosto muito dessas can\u00e7\u00f5es e acho que as pessoas tamb\u00e9m v\u00e3o se identificar. \u00c9 um EP bonito, sobre recome\u00e7o\u201d, revelou.<\/p>\n<p style=\"font-weight: 400;\">E a expectativa \u00e9 a melhor poss\u00edvel, diz a cantora, lembrando que o seu primeiro EP, \u201cTudo Certo, Tudo Errado\u201d chegou a um n\u00famero maior de pessoas do que ela imaginava &#8211; mais de 30 mil streams no spotify e 87 mil streams no youtube. \u201cRecebo feedbacks de pessoas que se identificaram com as m\u00fasicas, que viveram hist\u00f3rias relacionadas \u00e0 m\u00fasica, e fico feliz demais com isso. Espero que esse segundo EP possa fazer sentido para as pessoas da mesma maneira\u201d, afirmou.<\/p>\n<p style=\"font-weight: 400;\">Sobre a m\u00fasica de trabalho, \u201cVoltando pra Casa\u201d, Daniela explica que \u00e9 uma balada rom\u00e2ntica que fala da saudade de um relacionamento que passou. \u201c\u00c9 uma hist\u00f3ria autobiogr\u00e1fica mesmo, e acho que o arranjo que conseguimos fazer ficou muito bonito. Acredito ser uma m\u00fasica com a qual as pessoas v\u00e3o se conectar e gostar de ouvir\u201d, finalizou a cantora.<\/p>\n<p style=\"font-weight: 400;\">Os ingressos para o show de lan\u00e7amento estar\u00e3o dispon\u00edveis na bilheteria digital ou na bilheteria do Clube do Choro, por R$ 40 (inteira) e R$ 20 (meia-entrada).<\/p>\n<p style=\"font-weight: 400;\"><strong>Hist\u00f3ria<\/strong><\/p>\n<p style=\"font-weight: 400;\">Com 20 anos de carreira, Daniela Firme nasceu no Rio de Janeiro e mudou-se para Bras\u00edlia aos 4 anos de idade, adotando a cidade como sua. Ingressou na m\u00fasica a convite de dois amigos, aos 17 anos. Na \u00e9poca, tinha uma ag\u00eancia de turismo, mas como sempre teve a m\u00fasica como uma grande paix\u00e3o, resolveu entrar de cabe\u00e7a nesse mundo.<\/p>\n<p style=\"font-weight: 400;\">\u00a0Depois disso, a cantora e compositora fez seu nome no cen\u00e1rio musical brasiliense. Com uma presen\u00e7a de palco, afina\u00e7\u00e3o e extens\u00e3o vocal \u00fanica \u00e0 frente da banda On The Rocks, que passou a se chamar Rock Beats, composta por Bruno Albuquerque na guitarra e viol\u00e3o, Alexandre Macarr\u00e3o no baixo e Kak\u00e1 Barros na bateria, fez seu primeiro show foi em 2005, no conhecido Feiti\u00e7o Mineiro.\u00a0 Seu trabalho \u00e9 voltado para releituras de cl\u00e1ssicos do pop rock nacional e internacional, sendo a banda de pop rock que mais se apresenta na capital, e chega realizar mais de 100 shows por ano, entre Bras\u00edlia, Goi\u00e2nia e regi\u00e3o.<\/p>\n<p style=\"font-weight: 400;\">Com quase 37 anos de idade, que ser\u00e3o completados em 16\/03, Daniela j\u00e1 recebeu convites para abrir shows de grandes nomes da m\u00fasica nacional. Entre eles, Paralamas do Sucesso, Humberto Gessinger, Biquini Cavad\u00e3o e Capital Inicial.\u00a0 E n\u00e3o para por a\u00ed, a cantora tamb\u00e9m j\u00e1 dividiu o palco com Bruno Gouveia (Biquini Cavad\u00e3o), Dig\u00e3o (Raimundos), Phillippe Seabra (Plebe Rude), Patubat\u00ea, e muitos outros artistas.<\/p>\n<p style=\"font-weight: 400;\"><strong>Lan\u00e7amentos<\/strong><\/p>\n<p style=\"font-weight: 400;\">Em 2018, Daniela lan\u00e7ou seu primeiro EP autoral, com a m\u00fasica de trabalho \u201cTudo Certo, Tudo Errado\u201d e outras quatro faixas. O EP j\u00e1 ultrapassou a marca de 40 mil streams no Spotify. A m\u00fasica foi apresentada ao p\u00fablico pela primeira vez em 2016, quando ficou entre as finalistas do programa Bras\u00edlia Independente, da TV Globo. Ao ouvi-la, a editora de cultura da TV Globo Bras\u00edlia, M\u00e1rcia Witczak, afirmou: \u201cTenho que aplaudir! Com certeza Tudo Certo, Tudo Errado vai ser um sucesso. Voa alto, Dani. O Brasil e o mundo precisam curtir o seu som\u201d. O produtor Rick Bonadio, respons\u00e1vel por lan\u00e7ar grandes nomes da m\u00fasica brasileira, tamb\u00e9m n\u00e3o poupou elogios, onde publicou um trechinho em sua conta no Instagram.<\/p>\n<p style=\"font-weight: 400;\">Ainda no mesmo ano, Daniela Firme fundou o movimento \u201cMade In Bras\u00edlia\u201d com o objetivo de fortalecer a cena autoral do DF. Com a presen\u00e7a de m\u00fasicos importantes no cen\u00e1rio local, como Georgia W Al\u00f4, Funqquestra, Mariano J\u00fanior, Diogo (Bloco Eduardo e M\u00f4nica), Marquinho Vital (Capit\u00e3o do Cerrado), Renato Azambuja (Surf Sessions) e Paulo Ver\u00edssimo (Distintos Filhos), j\u00e1 re\u00fane mais de 100 artistas e bandas numa playlist dispon\u00edvel no Spotify.<\/p>\n<p style=\"font-weight: 400;\">Em maio de 2019, lan\u00e7ou o clipe da m\u00fasica \u201cTudo certo, tudo errado\u201d, o primeiro de sua carreira autoral. Em setembro do mesmo ano, lan\u00e7ou o clipe da m\u00fasica \u201cMenina\u201d, que contou com a participa\u00e7\u00e3o do cantor e compositor Milton Guedes. Ambos os clipes j\u00e1 acumulam mais de 110 mil visualiza\u00e7\u00f5es no Youtube. Bruno<\/p>\n<p style=\"font-weight: 400;\">Fioravanti, conhecido por dirigir clipes de artistas de proje\u00e7\u00e3o nacional como Jota Quest, Capital Inicial, Vanessa da Mata, Ivete Sangalo, entre outros, assinou a dire\u00e7\u00e3o de ambos.<\/p>\n<p style=\"font-weight: 400;\">O ano de 2019 foi importante na carreira de Daniela Firme. Al\u00e9m de sua participa\u00e7\u00e3o no programa The Four, comandado pela apresentadora Xuxa Meneghel e transmitido em rede nacional pela TV Record, Daniela tamb\u00e9m foi a escolha do Governo do Distrito Federal para abrir as comemora\u00e7\u00f5es do palco principal do 59o Anivers\u00e1rio de Bras\u00edlia, evento que contou ainda com a participa\u00e7\u00e3o da artista Anitta. A cantora foi finalista do PPM &#8211; Pr\u00eamio Profissional da M\u00fasica 2019, na categoria \u201cmelhor cantora\u201d e semifinalista na categoria \u201cmelhor int\u00e9rprete de rock\u201d. Al\u00e9m disso, foi convidada para abrir os shows de Rodrigo Suricato (vocalista do Bar\u00e3o Vermelho) e Jo\u00e3o Suplicy.<\/p>\n<p style=\"font-weight: 400;\"><strong>Projetos<\/strong><\/p>\n<p style=\"font-weight: 400;\">Daniela participou tamb\u00e9m de projetos beneficentes de grande visibilidade, como o Bras\u00edlia Rosa In Concert, que arrecadou dinheiro suficiente para oferecer mais de 40 pr\u00f3teses mam\u00e1rias para a Associa\u00e7\u00e3o de Mulheres Mastectomizadas de Bras\u00edlia \u2013 Recome\u00e7ar, e o Elas Cantam Roberto, show que envolveu sete cantoras de Bras\u00edlia \u2013 Daniela Firme, Patr\u00edcia Rezende, Rosana Brown, Ana L\u00e9lia, Carol Melo e Ana Clara Hayley \u2013 e a participa\u00e7\u00e3o especial do maestro de Roberto Carlos, Eduardo Lages, que beneficiou duas entidades do DF &#8211; Lar Maria de Nazar\u00e9 de Samambaia e Lar Bezerra de Menezes na Ceil\u00e2ndia.<\/p>\n<p style=\"font-weight: 400;\">Servi\u00e7o:<\/p>\n<p style=\"font-weight: 400;\">Show de Lan\u00e7amento do segundo EP da Daniela Firme \u201cO Tempo E O Pensamento\u201d<\/p>\n<p style=\"font-weight: 400;\">Data: 14\/03 (s\u00e1bado)<\/p>\n<p style=\"font-weight: 400;\">Local: Clube do Choro<\/p>\n<p style=\"font-weight: 400;\">Hor\u00e1rio: 21h<\/p>\n<p style=\"font-weight: 400;\">Ingressos: 40 (inteira) e 20 (meia-entrada)<\/p>\n<p style=\"font-weight: 400;\">Ingressos pela bilheteria digital ou bilheteria do Clube do Choro<\/p>\n","protected":false},"excerpt":{"rendered":"<p>A renomada cantora e compositora Daniela Firme lan\u00e7a seu segundo EP solo, no pr\u00f3ximo dia 6 de mar\u00e7o, em todas as plataformas digitais. Com quatro m\u00fasicas in\u00e9ditas, o EP intitulado &#8220;O Tempo e o Pensamento&#8221; ter\u00e1 como m\u00fasica de trabalho a can\u00e7\u00e3o &#8220;Voltando pra Casa&#8221;, al\u00e9m das faixas \u201cDia Nublado\u201d e \u201cSe Voc\u00ea For Capaz\u201d. [&hellip;]<\/p>\n","protected":false},"author":18,"featured_media":18823,"comment_status":"open","ping_status":"open","sticky":false,"template":"","format":"standard","meta":{"footnotes":""},"categories":[1],"tags":[],"class_list":{"0":"post-18822","1":"post","2":"type-post","3":"status-publish","4":"format-standard","5":"has-post-thumbnail","7":"category-outros"},"yoast_head":"<!-- This site is optimized with the Yoast SEO Premium plugin v24.5 (Yoast SEO v27.5) - https:\/\/yoast.com\/product\/yoast-seo-premium-wordpress\/ -->\n<title>Daniela Firme lan\u00e7a seu segundo EP solo com show no Clube do Choro dia 14 de mar\u00e7o - P31<\/title>\n<meta name=\"robots\" content=\"index, follow, max-snippet:-1, max-image-preview:large, max-video-preview:-1\" \/>\n<link rel=\"canonical\" href=\"https:\/\/www.p31noticias.com.br\/?p=18822\" \/>\n<meta property=\"og:locale\" content=\"pt_BR\" \/>\n<meta property=\"og:type\" content=\"article\" \/>\n<meta property=\"og:title\" content=\"Daniela Firme lan\u00e7a seu segundo EP solo com show no Clube do Choro dia 14 de mar\u00e7o\" \/>\n<meta property=\"og:description\" content=\"A renomada cantora e compositora Daniela Firme lan\u00e7a seu segundo EP solo, no pr\u00f3ximo dia 6 de mar\u00e7o, em todas as plataformas digitais. Com quatro m\u00fasicas in\u00e9ditas, o EP intitulado &#8220;O Tempo e o Pensamento&#8221; ter\u00e1 como m\u00fasica de trabalho a can\u00e7\u00e3o &#8220;Voltando pra Casa&#8221;, al\u00e9m das faixas \u201cDia Nublado\u201d e \u201cSe Voc\u00ea For Capaz\u201d. [&hellip;]\" \/>\n<meta property=\"og:url\" content=\"https:\/\/www.p31noticias.com.br\/?p=18822\" \/>\n<meta property=\"og:site_name\" content=\"P31\" \/>\n<meta property=\"article:published_time\" content=\"2020-02-29T13:53:14+00:00\" \/>\n<meta property=\"og:image\" content=\"https:\/\/www.p31noticias.com.br\/wp-content\/uploads\/2020\/02\/Cr\u00e9dito_Henrique-Fran\u00e7ois-3-scaled-1.jpeg\" \/>\n\t<meta property=\"og:image:width\" content=\"2560\" \/>\n\t<meta property=\"og:image:height\" content=\"1707\" \/>\n\t<meta property=\"og:image:type\" content=\"image\/jpeg\" \/>\n<meta name=\"author\" content=\"Reda\u00e7\u00e3o JBN\" \/>\n<meta name=\"twitter:card\" content=\"summary_large_image\" \/>\n<meta name=\"twitter:label1\" content=\"Escrito por\" \/>\n\t<meta name=\"twitter:data1\" content=\"Reda\u00e7\u00e3o JBN\" \/>\n\t<meta name=\"twitter:label2\" content=\"Est. tempo de leitura\" \/>\n\t<meta name=\"twitter:data2\" content=\"6 minutos\" \/>\n<script type=\"application\/ld+json\" class=\"yoast-schema-graph\">{\"@context\":\"https:\\\/\\\/schema.org\",\"@graph\":[{\"@type\":\"Article\",\"@id\":\"https:\\\/\\\/www.p31noticias.com.br\\\/?p=18822#article\",\"isPartOf\":{\"@id\":\"https:\\\/\\\/www.p31noticias.com.br\\\/?p=18822\"},\"author\":{\"name\":\"Reda\u00e7\u00e3o JBN\",\"@id\":\"https:\\\/\\\/www.p31noticias.com.br\\\/#\\\/schema\\\/person\\\/77d6b186c710ac38937c6ec204fdd387\"},\"headline\":\"Daniela Firme lan\u00e7a seu segundo EP solo com show no Clube do Choro dia 14 de mar\u00e7o\",\"datePublished\":\"2020-02-29T13:53:14+00:00\",\"mainEntityOfPage\":{\"@id\":\"https:\\\/\\\/www.p31noticias.com.br\\\/?p=18822\"},\"wordCount\":1127,\"commentCount\":0,\"image\":{\"@id\":\"https:\\\/\\\/www.p31noticias.com.br\\\/?p=18822#primaryimage\"},\"thumbnailUrl\":\"https:\\\/\\\/www.p31noticias.com.br\\\/wp-content\\\/uploads\\\/2020\\\/02\\\/Cr\u00e9dito_Henrique-Fran\u00e7ois-3-scaled-1.jpeg\",\"articleSection\":[\"Outros\"],\"inLanguage\":\"pt-BR\",\"potentialAction\":[{\"@type\":\"CommentAction\",\"name\":\"Comment\",\"target\":[\"https:\\\/\\\/www.p31noticias.com.br\\\/?p=18822#respond\"]}],\"copyrightYear\":\"2020\",\"copyrightHolder\":{\"@id\":\"https:\\\/\\\/www.p31noticias.com.br\\\/#organization\"}},{\"@type\":\"WebPage\",\"@id\":\"https:\\\/\\\/www.p31noticias.com.br\\\/?p=18822\",\"url\":\"https:\\\/\\\/www.p31noticias.com.br\\\/?p=18822\",\"name\":\"Daniela Firme lan\u00e7a seu segundo EP solo com show no Clube do Choro dia 14 de mar\u00e7o - P31\",\"isPartOf\":{\"@id\":\"https:\\\/\\\/www.p31noticias.com.br\\\/#website\"},\"primaryImageOfPage\":{\"@id\":\"https:\\\/\\\/www.p31noticias.com.br\\\/?p=18822#primaryimage\"},\"image\":{\"@id\":\"https:\\\/\\\/www.p31noticias.com.br\\\/?p=18822#primaryimage\"},\"thumbnailUrl\":\"https:\\\/\\\/www.p31noticias.com.br\\\/wp-content\\\/uploads\\\/2020\\\/02\\\/Cr\u00e9dito_Henrique-Fran\u00e7ois-3-scaled-1.jpeg\",\"datePublished\":\"2020-02-29T13:53:14+00:00\",\"author\":{\"@id\":\"https:\\\/\\\/www.p31noticias.com.br\\\/#\\\/schema\\\/person\\\/77d6b186c710ac38937c6ec204fdd387\"},\"breadcrumb\":{\"@id\":\"https:\\\/\\\/www.p31noticias.com.br\\\/?p=18822#breadcrumb\"},\"inLanguage\":\"pt-BR\",\"potentialAction\":[{\"@type\":\"ReadAction\",\"target\":[\"https:\\\/\\\/www.p31noticias.com.br\\\/?p=18822\"]}]},{\"@type\":\"ImageObject\",\"inLanguage\":\"pt-BR\",\"@id\":\"https:\\\/\\\/www.p31noticias.com.br\\\/?p=18822#primaryimage\",\"url\":\"https:\\\/\\\/www.p31noticias.com.br\\\/wp-content\\\/uploads\\\/2020\\\/02\\\/Cr\u00e9dito_Henrique-Fran\u00e7ois-3-scaled-1.jpeg\",\"contentUrl\":\"https:\\\/\\\/www.p31noticias.com.br\\\/wp-content\\\/uploads\\\/2020\\\/02\\\/Cr\u00e9dito_Henrique-Fran\u00e7ois-3-scaled-1.jpeg\",\"width\":2560,\"height\":1707},{\"@type\":\"BreadcrumbList\",\"@id\":\"https:\\\/\\\/www.p31noticias.com.br\\\/?p=18822#breadcrumb\",\"itemListElement\":[{\"@type\":\"ListItem\",\"position\":1,\"name\":\"In\u00edcio\",\"item\":\"https:\\\/\\\/www.p31noticias.com.br\\\/\"},{\"@type\":\"ListItem\",\"position\":2,\"name\":\"Daniela Firme lan\u00e7a seu segundo EP solo com show no Clube do Choro dia 14 de mar\u00e7o\"}]},{\"@type\":\"WebSite\",\"@id\":\"https:\\\/\\\/www.p31noticias.com.br\\\/#website\",\"url\":\"https:\\\/\\\/www.p31noticias.com.br\\\/\",\"name\":\"P31\",\"description\":\"NOT\u00cdCIAS\",\"potentialAction\":[{\"@type\":\"SearchAction\",\"target\":{\"@type\":\"EntryPoint\",\"urlTemplate\":\"https:\\\/\\\/www.p31noticias.com.br\\\/?s={search_term_string}\"},\"query-input\":{\"@type\":\"PropertyValueSpecification\",\"valueRequired\":true,\"valueName\":\"search_term_string\"}}],\"inLanguage\":\"pt-BR\"},{\"@type\":\"Person\",\"@id\":\"https:\\\/\\\/www.p31noticias.com.br\\\/#\\\/schema\\\/person\\\/77d6b186c710ac38937c6ec204fdd387\",\"name\":\"Reda\u00e7\u00e3o JBN\",\"image\":{\"@type\":\"ImageObject\",\"inLanguage\":\"pt-BR\",\"@id\":\"https:\\\/\\\/secure.gravatar.com\\\/avatar\\\/10fcdb93211f98cce3d64c0795b0915a9a4a21dc0f279238995a3dbfafcad090?s=96&d=mm&r=g\",\"url\":\"https:\\\/\\\/secure.gravatar.com\\\/avatar\\\/10fcdb93211f98cce3d64c0795b0915a9a4a21dc0f279238995a3dbfafcad090?s=96&d=mm&r=g\",\"contentUrl\":\"https:\\\/\\\/secure.gravatar.com\\\/avatar\\\/10fcdb93211f98cce3d64c0795b0915a9a4a21dc0f279238995a3dbfafcad090?s=96&d=mm&r=g\",\"caption\":\"Reda\u00e7\u00e3o JBN\"},\"sameAs\":[\"https:\\\/\\\/p31noticias.com.br\"],\"url\":\"https:\\\/\\\/www.p31noticias.com.br\\\/?author=18\"}]}<\/script>\n<!-- \/ Yoast SEO Premium plugin. -->","yoast_head_json":{"title":"Daniela Firme lan\u00e7a seu segundo EP solo com show no Clube do Choro dia 14 de mar\u00e7o - P31","robots":{"index":"index","follow":"follow","max-snippet":"max-snippet:-1","max-image-preview":"max-image-preview:large","max-video-preview":"max-video-preview:-1"},"canonical":"https:\/\/www.p31noticias.com.br\/?p=18822","og_locale":"pt_BR","og_type":"article","og_title":"Daniela Firme lan\u00e7a seu segundo EP solo com show no Clube do Choro dia 14 de mar\u00e7o","og_description":"A renomada cantora e compositora Daniela Firme lan\u00e7a seu segundo EP solo, no pr\u00f3ximo dia 6 de mar\u00e7o, em todas as plataformas digitais. Com quatro m\u00fasicas in\u00e9ditas, o EP intitulado &#8220;O Tempo e o Pensamento&#8221; ter\u00e1 como m\u00fasica de trabalho a can\u00e7\u00e3o &#8220;Voltando pra Casa&#8221;, al\u00e9m das faixas \u201cDia Nublado\u201d e \u201cSe Voc\u00ea For Capaz\u201d. [&hellip;]","og_url":"https:\/\/www.p31noticias.com.br\/?p=18822","og_site_name":"P31","article_published_time":"2020-02-29T13:53:14+00:00","og_image":[{"width":2560,"height":1707,"url":"https:\/\/www.p31noticias.com.br\/wp-content\/uploads\/2020\/02\/Cr\u00e9dito_Henrique-Fran\u00e7ois-3-scaled-1.jpeg","type":"image\/jpeg"}],"author":"Reda\u00e7\u00e3o JBN","twitter_card":"summary_large_image","twitter_misc":{"Escrito por":"Reda\u00e7\u00e3o JBN","Est. tempo de leitura":"6 minutos"},"schema":{"@context":"https:\/\/schema.org","@graph":[{"@type":"Article","@id":"https:\/\/www.p31noticias.com.br\/?p=18822#article","isPartOf":{"@id":"https:\/\/www.p31noticias.com.br\/?p=18822"},"author":{"name":"Reda\u00e7\u00e3o JBN","@id":"https:\/\/www.p31noticias.com.br\/#\/schema\/person\/77d6b186c710ac38937c6ec204fdd387"},"headline":"Daniela Firme lan\u00e7a seu segundo EP solo com show no Clube do Choro dia 14 de mar\u00e7o","datePublished":"2020-02-29T13:53:14+00:00","mainEntityOfPage":{"@id":"https:\/\/www.p31noticias.com.br\/?p=18822"},"wordCount":1127,"commentCount":0,"image":{"@id":"https:\/\/www.p31noticias.com.br\/?p=18822#primaryimage"},"thumbnailUrl":"https:\/\/www.p31noticias.com.br\/wp-content\/uploads\/2020\/02\/Cr\u00e9dito_Henrique-Fran\u00e7ois-3-scaled-1.jpeg","articleSection":["Outros"],"inLanguage":"pt-BR","potentialAction":[{"@type":"CommentAction","name":"Comment","target":["https:\/\/www.p31noticias.com.br\/?p=18822#respond"]}],"copyrightYear":"2020","copyrightHolder":{"@id":"https:\/\/www.p31noticias.com.br\/#organization"}},{"@type":"WebPage","@id":"https:\/\/www.p31noticias.com.br\/?p=18822","url":"https:\/\/www.p31noticias.com.br\/?p=18822","name":"Daniela Firme lan\u00e7a seu segundo EP solo com show no Clube do Choro dia 14 de mar\u00e7o - P31","isPartOf":{"@id":"https:\/\/www.p31noticias.com.br\/#website"},"primaryImageOfPage":{"@id":"https:\/\/www.p31noticias.com.br\/?p=18822#primaryimage"},"image":{"@id":"https:\/\/www.p31noticias.com.br\/?p=18822#primaryimage"},"thumbnailUrl":"https:\/\/www.p31noticias.com.br\/wp-content\/uploads\/2020\/02\/Cr\u00e9dito_Henrique-Fran\u00e7ois-3-scaled-1.jpeg","datePublished":"2020-02-29T13:53:14+00:00","author":{"@id":"https:\/\/www.p31noticias.com.br\/#\/schema\/person\/77d6b186c710ac38937c6ec204fdd387"},"breadcrumb":{"@id":"https:\/\/www.p31noticias.com.br\/?p=18822#breadcrumb"},"inLanguage":"pt-BR","potentialAction":[{"@type":"ReadAction","target":["https:\/\/www.p31noticias.com.br\/?p=18822"]}]},{"@type":"ImageObject","inLanguage":"pt-BR","@id":"https:\/\/www.p31noticias.com.br\/?p=18822#primaryimage","url":"https:\/\/www.p31noticias.com.br\/wp-content\/uploads\/2020\/02\/Cr\u00e9dito_Henrique-Fran\u00e7ois-3-scaled-1.jpeg","contentUrl":"https:\/\/www.p31noticias.com.br\/wp-content\/uploads\/2020\/02\/Cr\u00e9dito_Henrique-Fran\u00e7ois-3-scaled-1.jpeg","width":2560,"height":1707},{"@type":"BreadcrumbList","@id":"https:\/\/www.p31noticias.com.br\/?p=18822#breadcrumb","itemListElement":[{"@type":"ListItem","position":1,"name":"In\u00edcio","item":"https:\/\/www.p31noticias.com.br\/"},{"@type":"ListItem","position":2,"name":"Daniela Firme lan\u00e7a seu segundo EP solo com show no Clube do Choro dia 14 de mar\u00e7o"}]},{"@type":"WebSite","@id":"https:\/\/www.p31noticias.com.br\/#website","url":"https:\/\/www.p31noticias.com.br\/","name":"P31","description":"NOT\u00cdCIAS","potentialAction":[{"@type":"SearchAction","target":{"@type":"EntryPoint","urlTemplate":"https:\/\/www.p31noticias.com.br\/?s={search_term_string}"},"query-input":{"@type":"PropertyValueSpecification","valueRequired":true,"valueName":"search_term_string"}}],"inLanguage":"pt-BR"},{"@type":"Person","@id":"https:\/\/www.p31noticias.com.br\/#\/schema\/person\/77d6b186c710ac38937c6ec204fdd387","name":"Reda\u00e7\u00e3o JBN","image":{"@type":"ImageObject","inLanguage":"pt-BR","@id":"https:\/\/secure.gravatar.com\/avatar\/10fcdb93211f98cce3d64c0795b0915a9a4a21dc0f279238995a3dbfafcad090?s=96&d=mm&r=g","url":"https:\/\/secure.gravatar.com\/avatar\/10fcdb93211f98cce3d64c0795b0915a9a4a21dc0f279238995a3dbfafcad090?s=96&d=mm&r=g","contentUrl":"https:\/\/secure.gravatar.com\/avatar\/10fcdb93211f98cce3d64c0795b0915a9a4a21dc0f279238995a3dbfafcad090?s=96&d=mm&r=g","caption":"Reda\u00e7\u00e3o JBN"},"sameAs":["https:\/\/p31noticias.com.br"],"url":"https:\/\/www.p31noticias.com.br\/?author=18"}]}},"amp_enabled":true,"_links":{"self":[{"href":"https:\/\/www.p31noticias.com.br\/index.php?rest_route=\/wp\/v2\/posts\/18822","targetHints":{"allow":["GET"]}}],"collection":[{"href":"https:\/\/www.p31noticias.com.br\/index.php?rest_route=\/wp\/v2\/posts"}],"about":[{"href":"https:\/\/www.p31noticias.com.br\/index.php?rest_route=\/wp\/v2\/types\/post"}],"author":[{"embeddable":true,"href":"https:\/\/www.p31noticias.com.br\/index.php?rest_route=\/wp\/v2\/users\/18"}],"replies":[{"embeddable":true,"href":"https:\/\/www.p31noticias.com.br\/index.php?rest_route=%2Fwp%2Fv2%2Fcomments&post=18822"}],"version-history":[{"count":0,"href":"https:\/\/www.p31noticias.com.br\/index.php?rest_route=\/wp\/v2\/posts\/18822\/revisions"}],"wp:featuredmedia":[{"embeddable":true,"href":"https:\/\/www.p31noticias.com.br\/index.php?rest_route=\/wp\/v2\/media\/18823"}],"wp:attachment":[{"href":"https:\/\/www.p31noticias.com.br\/index.php?rest_route=%2Fwp%2Fv2%2Fmedia&parent=18822"}],"wp:term":[{"taxonomy":"category","embeddable":true,"href":"https:\/\/www.p31noticias.com.br\/index.php?rest_route=%2Fwp%2Fv2%2Fcategories&post=18822"},{"taxonomy":"post_tag","embeddable":true,"href":"https:\/\/www.p31noticias.com.br\/index.php?rest_route=%2Fwp%2Fv2%2Ftags&post=18822"}],"curies":[{"name":"wp","href":"https:\/\/api.w.org\/{rel}","templated":true}]}}