{"id":18819,"date":"2020-02-29T10:50:18","date_gmt":"2020-02-29T13:50:18","guid":{"rendered":"https:\/\/www.delioandrade.com.br\/?p=18819"},"modified":"2020-02-29T10:50:18","modified_gmt":"2020-02-29T13:50:18","slug":"banco-do-brasil-apresenta-e-patrocina-a-valsa-de-lili","status":"publish","type":"post","link":"https:\/\/www.p31noticias.com.br\/?p=18819","title":{"rendered":"Banco do Brasil apresenta e patrocina A Valsa de Lili"},"content":{"rendered":"<p style=\"font-weight: 400;\">O Centro Cultural Banco do Brasil Bras\u00edlia apresenta, com patroc\u00ednio do Banco do Brasil, o espet\u00e1culo<strong>\u00a0A Valsa de Lili<\/strong>, em cartaz de 5 a 22 de mar\u00e7o, no Teatro.\u00a0 Sucesso de p\u00fablico e cr\u00edtica\u00a0em S\u00e3o Paulo, o novo texto de\u00a0<strong>Aimar Labaki<\/strong>, encenado por\u00a0<strong>D\u00e9bora Duboc,<\/strong><em>\u00a0<\/em>\u00a0dirigido por\u00a0<strong>D\u00e9bora Dubois<\/strong>, \u00e9 inspirado no livro autobiogr\u00e1fico \u2018Pulm\u00e3o de A\u00e7o\u2019, de Eliana Zagui (a Lili da vida real), e promove o contato da plateia com uma personagem \u00fanica, que est\u00e1 fisicamente paralisada, mas encontra-se intelectual e emocionalmente livre.<\/p>\n<p style=\"font-weight: 400;\">\n<p style=\"font-weight: 400;\">As duas D\u00e9boras, a atriz e a diretora, unem-se para contar a hist\u00f3ria dessa mulher extraordin\u00e1ria que sofre de paralisia e movimenta apenas a cabe\u00e7a.\u00a0<strong>Aimar Labaki<\/strong>\u00a0constr\u00f3i de forma delicada e emocionante a hist\u00f3ria de Lili, que, tanto em vida quanto na narrativa, vive numa UTI h\u00e1 quase quarenta anos, desde os 2 anos de idade, por conta de uma poliomielite mal diagnosticada. D\u00e9bora Duboc j\u00e1 levou para casa o Pr\u00eamio APCA de melhor atriz pela atua\u00e7\u00e3o\u00a0na pe\u00e7a. E o espet\u00e1culo foi indicado ao Pr\u00eamio Aplauso Brasil Brasil nas categorias de melhor texto, melhor atriz e desenho de luz.<\/p>\n<p style=\"font-weight: 400;\">\n<p style=\"font-weight: 400;\">\u201cLili vive em uma condi\u00e7\u00e3o muito singular, mas seus questionamentos, medos e verdades s\u00e3o os mesmos de qualquer pessoa na sua idade: a necessidade de amar e ser amada, a rela\u00e7\u00e3o com a morte, o que fazer da vida, como conseguir o sustento com o trabalho. Lili e seus amigos s\u00e3o uma prova viva da m\u00e1xima de Sartre:\u00a0<em>o importante n\u00e3o \u00e9 aquilo que fazem de n\u00f3s, mas o que n\u00f3s mesmos fazemos do que os outros fizeram de n\u00f3s\u201d<\/em>, diz D\u00e9bora Duboc.<\/p>\n<p style=\"font-weight: 400;\">\n<p style=\"font-weight: 400;\">\u201cA luta de Lili para sobreviver em condi\u00e7\u00f5es t\u00e3o adversas, sem perder o humor e o amor, s\u00e3o a met\u00e1fora perfeita para os dias sombrios que vivemos, entre a viol\u00eancia e a desesperan\u00e7a\u201d, completa o autor Aimar Labaki.<\/p>\n<p style=\"font-weight: 400;\">\n<p style=\"font-weight: 400;\">A parceria entre a diretora D\u00e9bora Dubois e o autor Aimar Labaki \u00e9 antiga. \u00c9 de ambos os espet\u00e1culos\u00a0<em>MotoRboy\u00a0<\/em>e\u00a0<em>Pirata na Linha<\/em>, grandes sucessos para adolescentes, al\u00e9m de\u00a0<em>Poda ou Una Notte Intera<\/em>, que D\u00e9bora dirigiu para o Festival Intercity, em Floren\u00e7a, na It\u00e1lia. Ela tamb\u00e9m j\u00e1 dirigiu Duboc em espet\u00e1culo com curadoria de\u00a0<em>Gianni Ratto<\/em>. Sobre\u00a0<em>A Valsa de Lili<\/em>, Dubois diz ser \u201cum testemunho forte e sens\u00edvel, uma forma de vida t\u00e3o \u00fanica e singular, que al\u00e7ou v\u00f4o pra falar e tocar fundo em muitos de n\u00f3s&#8221;.<\/p>\n<p style=\"font-weight: 400;\">\n<p style=\"font-weight: 400;\"><u>Eliana Zagui, a autora do livro, esteve presente em uma sess\u00e3o de A Valsa de Lili<\/u>. \u201cFoi para todos uma grande emo\u00e7\u00e3o receb\u00ea-la, pois ela se locomove acompanhada de um grande aparato que inclui ambul\u00e2ncia, respiradores e profissionais da sa\u00fade\u201d, conta Duboc.<\/p>\n<p style=\"font-weight: 400;\">\n\u201c\u00c9 mais que uma pe\u00e7a, \u00e9 mais que imaginar. \u00c9 entrar numa m\u00e1quina do tempo, no mais profundo inconsciente. Reviver cada detalhe com muita saudade, risada, choro e ver que valeu a pena nunca parar de dan\u00e7ar ao meu ritmo\u201d, conta Eliana.<\/p>\n<p style=\"font-weight: 400;\">\n\u201cEu entendi que viver \u00e9 um ato pol\u00edtico&#8221;. A exist\u00eancia de Lili \u00e9 uma escolha di\u00e1ria. A personagem diz:\u00a0<em>Eu posso n\u00e3o mexer nada do pesco\u00e7o para baixo, mas a minha alma nunca deixou de dan\u00e7ar<\/em>. E como diz Suassuna: &#8220;<em>No meu entender o ser humano tem duas sa\u00eddas para enfrentar o tr\u00e1gico da exist\u00eancia: O Sonho e o Riso<\/em>. Isso Lili tem de sobra\u201d, finaliza Duboc.<\/p>\n<p style=\"font-weight: 400;\">\n<p style=\"font-weight: 400;\"><strong><u>SINOPSE<\/u><\/strong><\/p>\n<p style=\"font-weight: 400;\">Lili \u00e9 uma pessoa extraordin\u00e1ria e \u00fanica, e, ao mesmo tempo, \u00e9 uma mulher com quest\u00f5es iguais \u00e0s de qualquer outro ser humano: o amor, a perspectiva do envelhecimento e da morte, os limites sociais e f\u00edsicos e a luta pela sobreviv\u00eancia. A \u00fanica coisa que a distingue \u00e9 que s\u00f3 consegue mexer os m\u00fasculos do pesco\u00e7o e da cabe\u00e7a. Em pouco menos de uma hora, ela conta sua hist\u00f3ria e de seus amigos, mas principalmente, narra a aventura de viver plenamente, transformando as trag\u00e9dias e dramas do cotidiano.<\/p>\n<p style=\"font-weight: 400;\">\n<p style=\"font-weight: 400;\"><strong><u>FICHA T\u00c9CNICA<\/u><\/strong><strong><br \/>\nTexto:<\/strong>\u00a0Aimar Labaki<br \/>\n<strong>Int\u00e9rprete:\u00a0<\/strong>D\u00e9bora Duboc<\/p>\n<p style=\"font-weight: 400;\"><strong>Dire\u00e7\u00e3o:<\/strong>\u00a0D\u00e9bora Dubois<br \/>\n<strong>Cen\u00e1rio e figurinos:\u00a0<\/strong>M\u00e1rcio Vinicius<\/p>\n<p style=\"font-weight: 400;\"><strong>Ilumina\u00e7\u00e3o:\u00a0<\/strong>Aline Santini<\/p>\n<p style=\"font-weight: 400;\"><strong>Trilha Sonora:\u00a0<\/strong>D\u00e9bora Dubois<\/p>\n<p style=\"font-weight: 400;\"><strong>Assessoria Corporal<\/strong>: Doria Gark<br \/>\n<strong>Fotografia:\u00a0<\/strong>Jo\u00e3o Caldas F\u00ba<\/p>\n<p style=\"font-weight: 400;\"><strong>Assessoria de imprensa:\u00a0<\/strong>Tato Comunica\u00e7\u00e3o<\/p>\n<p style=\"font-weight: 400;\"><strong>Produ\u00e7\u00e3o Executiva:\u00a0<\/strong>Fabr\u00edcio S\u00edndice<\/p>\n<p style=\"font-weight: 400;\"><strong>Dire\u00e7\u00e3o de Produ\u00e7\u00e3o:\u00a0<\/strong>Edinho Rodrigues (Brancalyone Produ\u00e7\u00f5es)<\/p>\n<p style=\"font-weight: 400;\">\n<table style=\"font-weight: 400;\" width=\"581\">\n<tbody>\n<tr>\n<td width=\"581\"><strong><u>Servi\u00e7o:<\/u><\/strong><\/p>\n<p>&nbsp;<\/p>\n<p><strong><em>A Valsa de Lili<\/em><\/strong><\/p>\n<p>De 5 a 22 de mar\u00e7o<\/p>\n<p>De quinta a s\u00e1bado, \u00e0s 20h<\/p>\n<p>Domingo, \u00e0s 19h<\/p>\n<p><strong><em>Sess\u00e3o com Libras dia 14\/03 (s\u00e1bado)<\/em><\/strong><\/p>\n<p><strong>Local:\u00a0<\/strong>Teatro &#8211; Centro Cultural Banco do Brasil Bras\u00edlia (CCBB)<\/p>\n<p><strong>Ingressos* para espet\u00e1culos no Teatro:<\/strong>\u00a0R$ 30,00 (inteira), R$ 15,00 (meia entrada e clientes BB com Ourocard) \/\/\u00a0<em>Sess\u00e3o promocional no dia 8\u00a0 de mar\u00e7o (Dia da Mulher) com 50% de desconto para todo o p\u00fablico<\/em><\/p>\n<p>Vendas na bilheteria do CCBB e tamb\u00e9m no site\u00a0<a href=\"http:\/\/www.eventim.com.br\/\" data-saferedirecturl=\"https:\/\/www.google.com\/url?q=http:\/\/www.eventim.com.br\/&amp;source=gmail&amp;ust=1583070006638000&amp;usg=AFQjCNEIY-7UMyGvnP2bYHc3PyJw4AXpjA\">www.eventim.com.br<\/a><\/p>\n<p><strong>Endere\u00e7o:\u00a0<\/strong>SCES Trecho 2 \u2013 Bras\u00edlia\/DF\u00a0\u00a0Tel.: 61 3108-7600<\/p>\n<p><strong>Classifica\u00e7\u00e3o indicativa<\/strong>\u00a0&#8211; 12 anos<\/td>\n<\/tr>\n<\/tbody>\n<\/table>\n","protected":false},"excerpt":{"rendered":"<p>O Centro Cultural Banco do Brasil Bras\u00edlia apresenta, com patroc\u00ednio do Banco do Brasil, o espet\u00e1culo\u00a0A Valsa de Lili, em cartaz de 5 a 22 de mar\u00e7o, no Teatro.\u00a0 Sucesso de p\u00fablico e cr\u00edtica\u00a0em S\u00e3o Paulo, o novo texto de\u00a0Aimar Labaki, encenado por\u00a0D\u00e9bora Duboc,\u00a0\u00a0dirigido por\u00a0D\u00e9bora Dubois, \u00e9 inspirado no livro autobiogr\u00e1fico \u2018Pulm\u00e3o de A\u00e7o\u2019, de [&hellip;]<\/p>\n","protected":false},"author":18,"featured_media":18820,"comment_status":"open","ping_status":"open","sticky":false,"template":"","format":"standard","meta":{"footnotes":""},"categories":[1],"tags":[],"class_list":{"0":"post-18819","1":"post","2":"type-post","3":"status-publish","4":"format-standard","5":"has-post-thumbnail","7":"category-outros"},"yoast_head":"<!-- This site is optimized with the Yoast SEO Premium plugin v24.5 (Yoast SEO v27.5) - https:\/\/yoast.com\/product\/yoast-seo-premium-wordpress\/ -->\n<title>Banco do Brasil apresenta e patrocina A Valsa de Lili - P31<\/title>\n<meta name=\"robots\" content=\"index, follow, max-snippet:-1, max-image-preview:large, max-video-preview:-1\" \/>\n<link rel=\"canonical\" href=\"https:\/\/www.p31noticias.com.br\/?p=18819\" \/>\n<meta property=\"og:locale\" content=\"pt_BR\" \/>\n<meta property=\"og:type\" content=\"article\" \/>\n<meta property=\"og:title\" content=\"Banco do Brasil apresenta e patrocina A Valsa de Lili\" \/>\n<meta property=\"og:description\" content=\"O Centro Cultural Banco do Brasil Bras\u00edlia apresenta, com patroc\u00ednio do Banco do Brasil, o espet\u00e1culo\u00a0A Valsa de Lili, em cartaz de 5 a 22 de mar\u00e7o, no Teatro.\u00a0 Sucesso de p\u00fablico e cr\u00edtica\u00a0em S\u00e3o Paulo, o novo texto de\u00a0Aimar Labaki, encenado por\u00a0D\u00e9bora Duboc,\u00a0\u00a0dirigido por\u00a0D\u00e9bora Dubois, \u00e9 inspirado no livro autobiogr\u00e1fico \u2018Pulm\u00e3o de A\u00e7o\u2019, de [&hellip;]\" \/>\n<meta property=\"og:url\" content=\"https:\/\/www.p31noticias.com.br\/?p=18819\" \/>\n<meta property=\"og:site_name\" content=\"P31\" \/>\n<meta property=\"article:published_time\" content=\"2020-02-29T13:50:18+00:00\" \/>\n<meta property=\"og:image\" content=\"https:\/\/www.p31noticias.com.br\/wp-content\/uploads\/2020\/02\/JC190816_74653-scaled-1.jpg\" \/>\n\t<meta property=\"og:image:width\" content=\"2560\" \/>\n\t<meta property=\"og:image:height\" content=\"1707\" \/>\n\t<meta property=\"og:image:type\" content=\"image\/jpeg\" \/>\n<meta name=\"author\" content=\"Reda\u00e7\u00e3o JBN\" \/>\n<meta name=\"twitter:card\" content=\"summary_large_image\" \/>\n<meta name=\"twitter:label1\" content=\"Escrito por\" \/>\n\t<meta name=\"twitter:data1\" content=\"Reda\u00e7\u00e3o JBN\" \/>\n\t<meta name=\"twitter:label2\" content=\"Est. tempo de leitura\" \/>\n\t<meta name=\"twitter:data2\" content=\"4 minutos\" \/>\n<script type=\"application\/ld+json\" class=\"yoast-schema-graph\">{\"@context\":\"https:\\\/\\\/schema.org\",\"@graph\":[{\"@type\":\"Article\",\"@id\":\"https:\\\/\\\/www.p31noticias.com.br\\\/?p=18819#article\",\"isPartOf\":{\"@id\":\"https:\\\/\\\/www.p31noticias.com.br\\\/?p=18819\"},\"author\":{\"name\":\"Reda\u00e7\u00e3o JBN\",\"@id\":\"https:\\\/\\\/www.p31noticias.com.br\\\/#\\\/schema\\\/person\\\/77d6b186c710ac38937c6ec204fdd387\"},\"headline\":\"Banco do Brasil apresenta e patrocina A Valsa de Lili\",\"datePublished\":\"2020-02-29T13:50:18+00:00\",\"mainEntityOfPage\":{\"@id\":\"https:\\\/\\\/www.p31noticias.com.br\\\/?p=18819\"},\"wordCount\":883,\"commentCount\":0,\"image\":{\"@id\":\"https:\\\/\\\/www.p31noticias.com.br\\\/?p=18819#primaryimage\"},\"thumbnailUrl\":\"https:\\\/\\\/www.p31noticias.com.br\\\/wp-content\\\/uploads\\\/2020\\\/02\\\/JC190816_74653-scaled-1.jpg\",\"articleSection\":[\"Outros\"],\"inLanguage\":\"pt-BR\",\"potentialAction\":[{\"@type\":\"CommentAction\",\"name\":\"Comment\",\"target\":[\"https:\\\/\\\/www.p31noticias.com.br\\\/?p=18819#respond\"]}],\"copyrightYear\":\"2020\",\"copyrightHolder\":{\"@id\":\"https:\\\/\\\/www.p31noticias.com.br\\\/#organization\"}},{\"@type\":\"WebPage\",\"@id\":\"https:\\\/\\\/www.p31noticias.com.br\\\/?p=18819\",\"url\":\"https:\\\/\\\/www.p31noticias.com.br\\\/?p=18819\",\"name\":\"Banco do Brasil apresenta e patrocina A Valsa de Lili - P31\",\"isPartOf\":{\"@id\":\"https:\\\/\\\/www.p31noticias.com.br\\\/#website\"},\"primaryImageOfPage\":{\"@id\":\"https:\\\/\\\/www.p31noticias.com.br\\\/?p=18819#primaryimage\"},\"image\":{\"@id\":\"https:\\\/\\\/www.p31noticias.com.br\\\/?p=18819#primaryimage\"},\"thumbnailUrl\":\"https:\\\/\\\/www.p31noticias.com.br\\\/wp-content\\\/uploads\\\/2020\\\/02\\\/JC190816_74653-scaled-1.jpg\",\"datePublished\":\"2020-02-29T13:50:18+00:00\",\"author\":{\"@id\":\"https:\\\/\\\/www.p31noticias.com.br\\\/#\\\/schema\\\/person\\\/77d6b186c710ac38937c6ec204fdd387\"},\"breadcrumb\":{\"@id\":\"https:\\\/\\\/www.p31noticias.com.br\\\/?p=18819#breadcrumb\"},\"inLanguage\":\"pt-BR\",\"potentialAction\":[{\"@type\":\"ReadAction\",\"target\":[\"https:\\\/\\\/www.p31noticias.com.br\\\/?p=18819\"]}]},{\"@type\":\"ImageObject\",\"inLanguage\":\"pt-BR\",\"@id\":\"https:\\\/\\\/www.p31noticias.com.br\\\/?p=18819#primaryimage\",\"url\":\"https:\\\/\\\/www.p31noticias.com.br\\\/wp-content\\\/uploads\\\/2020\\\/02\\\/JC190816_74653-scaled-1.jpg\",\"contentUrl\":\"https:\\\/\\\/www.p31noticias.com.br\\\/wp-content\\\/uploads\\\/2020\\\/02\\\/JC190816_74653-scaled-1.jpg\",\"width\":2560,\"height\":1707},{\"@type\":\"BreadcrumbList\",\"@id\":\"https:\\\/\\\/www.p31noticias.com.br\\\/?p=18819#breadcrumb\",\"itemListElement\":[{\"@type\":\"ListItem\",\"position\":1,\"name\":\"In\u00edcio\",\"item\":\"https:\\\/\\\/www.p31noticias.com.br\\\/\"},{\"@type\":\"ListItem\",\"position\":2,\"name\":\"Banco do Brasil apresenta e patrocina A Valsa de Lili\"}]},{\"@type\":\"WebSite\",\"@id\":\"https:\\\/\\\/www.p31noticias.com.br\\\/#website\",\"url\":\"https:\\\/\\\/www.p31noticias.com.br\\\/\",\"name\":\"P31\",\"description\":\"NOT\u00cdCIAS\",\"potentialAction\":[{\"@type\":\"SearchAction\",\"target\":{\"@type\":\"EntryPoint\",\"urlTemplate\":\"https:\\\/\\\/www.p31noticias.com.br\\\/?s={search_term_string}\"},\"query-input\":{\"@type\":\"PropertyValueSpecification\",\"valueRequired\":true,\"valueName\":\"search_term_string\"}}],\"inLanguage\":\"pt-BR\"},{\"@type\":\"Person\",\"@id\":\"https:\\\/\\\/www.p31noticias.com.br\\\/#\\\/schema\\\/person\\\/77d6b186c710ac38937c6ec204fdd387\",\"name\":\"Reda\u00e7\u00e3o JBN\",\"image\":{\"@type\":\"ImageObject\",\"inLanguage\":\"pt-BR\",\"@id\":\"https:\\\/\\\/secure.gravatar.com\\\/avatar\\\/10fcdb93211f98cce3d64c0795b0915a9a4a21dc0f279238995a3dbfafcad090?s=96&d=mm&r=g\",\"url\":\"https:\\\/\\\/secure.gravatar.com\\\/avatar\\\/10fcdb93211f98cce3d64c0795b0915a9a4a21dc0f279238995a3dbfafcad090?s=96&d=mm&r=g\",\"contentUrl\":\"https:\\\/\\\/secure.gravatar.com\\\/avatar\\\/10fcdb93211f98cce3d64c0795b0915a9a4a21dc0f279238995a3dbfafcad090?s=96&d=mm&r=g\",\"caption\":\"Reda\u00e7\u00e3o JBN\"},\"sameAs\":[\"https:\\\/\\\/p31noticias.com.br\"],\"url\":\"https:\\\/\\\/www.p31noticias.com.br\\\/?author=18\"}]}<\/script>\n<!-- \/ Yoast SEO Premium plugin. -->","yoast_head_json":{"title":"Banco do Brasil apresenta e patrocina A Valsa de Lili - P31","robots":{"index":"index","follow":"follow","max-snippet":"max-snippet:-1","max-image-preview":"max-image-preview:large","max-video-preview":"max-video-preview:-1"},"canonical":"https:\/\/www.p31noticias.com.br\/?p=18819","og_locale":"pt_BR","og_type":"article","og_title":"Banco do Brasil apresenta e patrocina A Valsa de Lili","og_description":"O Centro Cultural Banco do Brasil Bras\u00edlia apresenta, com patroc\u00ednio do Banco do Brasil, o espet\u00e1culo\u00a0A Valsa de Lili, em cartaz de 5 a 22 de mar\u00e7o, no Teatro.\u00a0 Sucesso de p\u00fablico e cr\u00edtica\u00a0em S\u00e3o Paulo, o novo texto de\u00a0Aimar Labaki, encenado por\u00a0D\u00e9bora Duboc,\u00a0\u00a0dirigido por\u00a0D\u00e9bora Dubois, \u00e9 inspirado no livro autobiogr\u00e1fico \u2018Pulm\u00e3o de A\u00e7o\u2019, de [&hellip;]","og_url":"https:\/\/www.p31noticias.com.br\/?p=18819","og_site_name":"P31","article_published_time":"2020-02-29T13:50:18+00:00","og_image":[{"width":2560,"height":1707,"url":"https:\/\/www.p31noticias.com.br\/wp-content\/uploads\/2020\/02\/JC190816_74653-scaled-1.jpg","type":"image\/jpeg"}],"author":"Reda\u00e7\u00e3o JBN","twitter_card":"summary_large_image","twitter_misc":{"Escrito por":"Reda\u00e7\u00e3o JBN","Est. tempo de leitura":"4 minutos"},"schema":{"@context":"https:\/\/schema.org","@graph":[{"@type":"Article","@id":"https:\/\/www.p31noticias.com.br\/?p=18819#article","isPartOf":{"@id":"https:\/\/www.p31noticias.com.br\/?p=18819"},"author":{"name":"Reda\u00e7\u00e3o JBN","@id":"https:\/\/www.p31noticias.com.br\/#\/schema\/person\/77d6b186c710ac38937c6ec204fdd387"},"headline":"Banco do Brasil apresenta e patrocina A Valsa de Lili","datePublished":"2020-02-29T13:50:18+00:00","mainEntityOfPage":{"@id":"https:\/\/www.p31noticias.com.br\/?p=18819"},"wordCount":883,"commentCount":0,"image":{"@id":"https:\/\/www.p31noticias.com.br\/?p=18819#primaryimage"},"thumbnailUrl":"https:\/\/www.p31noticias.com.br\/wp-content\/uploads\/2020\/02\/JC190816_74653-scaled-1.jpg","articleSection":["Outros"],"inLanguage":"pt-BR","potentialAction":[{"@type":"CommentAction","name":"Comment","target":["https:\/\/www.p31noticias.com.br\/?p=18819#respond"]}],"copyrightYear":"2020","copyrightHolder":{"@id":"https:\/\/www.p31noticias.com.br\/#organization"}},{"@type":"WebPage","@id":"https:\/\/www.p31noticias.com.br\/?p=18819","url":"https:\/\/www.p31noticias.com.br\/?p=18819","name":"Banco do Brasil apresenta e patrocina A Valsa de Lili - P31","isPartOf":{"@id":"https:\/\/www.p31noticias.com.br\/#website"},"primaryImageOfPage":{"@id":"https:\/\/www.p31noticias.com.br\/?p=18819#primaryimage"},"image":{"@id":"https:\/\/www.p31noticias.com.br\/?p=18819#primaryimage"},"thumbnailUrl":"https:\/\/www.p31noticias.com.br\/wp-content\/uploads\/2020\/02\/JC190816_74653-scaled-1.jpg","datePublished":"2020-02-29T13:50:18+00:00","author":{"@id":"https:\/\/www.p31noticias.com.br\/#\/schema\/person\/77d6b186c710ac38937c6ec204fdd387"},"breadcrumb":{"@id":"https:\/\/www.p31noticias.com.br\/?p=18819#breadcrumb"},"inLanguage":"pt-BR","potentialAction":[{"@type":"ReadAction","target":["https:\/\/www.p31noticias.com.br\/?p=18819"]}]},{"@type":"ImageObject","inLanguage":"pt-BR","@id":"https:\/\/www.p31noticias.com.br\/?p=18819#primaryimage","url":"https:\/\/www.p31noticias.com.br\/wp-content\/uploads\/2020\/02\/JC190816_74653-scaled-1.jpg","contentUrl":"https:\/\/www.p31noticias.com.br\/wp-content\/uploads\/2020\/02\/JC190816_74653-scaled-1.jpg","width":2560,"height":1707},{"@type":"BreadcrumbList","@id":"https:\/\/www.p31noticias.com.br\/?p=18819#breadcrumb","itemListElement":[{"@type":"ListItem","position":1,"name":"In\u00edcio","item":"https:\/\/www.p31noticias.com.br\/"},{"@type":"ListItem","position":2,"name":"Banco do Brasil apresenta e patrocina A Valsa de Lili"}]},{"@type":"WebSite","@id":"https:\/\/www.p31noticias.com.br\/#website","url":"https:\/\/www.p31noticias.com.br\/","name":"P31","description":"NOT\u00cdCIAS","potentialAction":[{"@type":"SearchAction","target":{"@type":"EntryPoint","urlTemplate":"https:\/\/www.p31noticias.com.br\/?s={search_term_string}"},"query-input":{"@type":"PropertyValueSpecification","valueRequired":true,"valueName":"search_term_string"}}],"inLanguage":"pt-BR"},{"@type":"Person","@id":"https:\/\/www.p31noticias.com.br\/#\/schema\/person\/77d6b186c710ac38937c6ec204fdd387","name":"Reda\u00e7\u00e3o JBN","image":{"@type":"ImageObject","inLanguage":"pt-BR","@id":"https:\/\/secure.gravatar.com\/avatar\/10fcdb93211f98cce3d64c0795b0915a9a4a21dc0f279238995a3dbfafcad090?s=96&d=mm&r=g","url":"https:\/\/secure.gravatar.com\/avatar\/10fcdb93211f98cce3d64c0795b0915a9a4a21dc0f279238995a3dbfafcad090?s=96&d=mm&r=g","contentUrl":"https:\/\/secure.gravatar.com\/avatar\/10fcdb93211f98cce3d64c0795b0915a9a4a21dc0f279238995a3dbfafcad090?s=96&d=mm&r=g","caption":"Reda\u00e7\u00e3o JBN"},"sameAs":["https:\/\/p31noticias.com.br"],"url":"https:\/\/www.p31noticias.com.br\/?author=18"}]}},"amp_enabled":true,"_links":{"self":[{"href":"https:\/\/www.p31noticias.com.br\/index.php?rest_route=\/wp\/v2\/posts\/18819","targetHints":{"allow":["GET"]}}],"collection":[{"href":"https:\/\/www.p31noticias.com.br\/index.php?rest_route=\/wp\/v2\/posts"}],"about":[{"href":"https:\/\/www.p31noticias.com.br\/index.php?rest_route=\/wp\/v2\/types\/post"}],"author":[{"embeddable":true,"href":"https:\/\/www.p31noticias.com.br\/index.php?rest_route=\/wp\/v2\/users\/18"}],"replies":[{"embeddable":true,"href":"https:\/\/www.p31noticias.com.br\/index.php?rest_route=%2Fwp%2Fv2%2Fcomments&post=18819"}],"version-history":[{"count":0,"href":"https:\/\/www.p31noticias.com.br\/index.php?rest_route=\/wp\/v2\/posts\/18819\/revisions"}],"wp:featuredmedia":[{"embeddable":true,"href":"https:\/\/www.p31noticias.com.br\/index.php?rest_route=\/wp\/v2\/media\/18820"}],"wp:attachment":[{"href":"https:\/\/www.p31noticias.com.br\/index.php?rest_route=%2Fwp%2Fv2%2Fmedia&parent=18819"}],"wp:term":[{"taxonomy":"category","embeddable":true,"href":"https:\/\/www.p31noticias.com.br\/index.php?rest_route=%2Fwp%2Fv2%2Fcategories&post=18819"},{"taxonomy":"post_tag","embeddable":true,"href":"https:\/\/www.p31noticias.com.br\/index.php?rest_route=%2Fwp%2Fv2%2Ftags&post=18819"}],"curies":[{"name":"wp","href":"https:\/\/api.w.org\/{rel}","templated":true}]}}