{"id":18792,"date":"2020-02-28T01:56:45","date_gmt":"2020-02-28T04:56:45","guid":{"rendered":"https:\/\/www.delioandrade.com.br\/?p=18792"},"modified":"2020-02-28T01:56:45","modified_gmt":"2020-02-28T04:56:45","slug":"ministerio-da-saude-confirma-5-casos-suspeitos-de-coronavirus-no-df","status":"publish","type":"post","link":"https:\/\/www.p31noticias.com.br\/?p=18792","title":{"rendered":"Minist\u00e9rio da Sa\u00fade confirma 5 casos suspeitos de coronav\u00edrus no DF"},"content":{"rendered":"<p>O Minist\u00e9rio da Sa\u00fade confirmou, no final da tarde desta quinta-feira (27), cinco casos suspeitos de\u00a0<a href=\"https:\/\/g1.globo.com\/bemestar\/coronavirus\/\">coronav\u00edrus<\/a>\u00a0no Distrito Federal. No final da manh\u00e3, a Secretaria de Sa\u00fade do DF j\u00e1 havia anunciado o mesmo n\u00famero.<\/p>\n<div class=\"mc-column content-text active-extra-styles \" data-block-type=\"unstyled\" data-block-weight=\"7\" data-block-id=\"4\">\n<p class=\"content-text__container \" data-track-category=\"Link no Texto\" data-track-links=\"\"><strong>Pacientes com suspeita de coronav\u00edrus no DF:<\/strong><\/p>\n<\/div>\n<div class=\"mc-column content-text active-extra-styles\" data-block-type=\"raw\" data-block-weight=\"26\" data-block-id=\"5\">\n<ul class=\"content-unordered-list\">\n<li>2 pacientes internados no Hran (voltaram de viagem da It\u00e1lia)<\/li>\n<li>1 paciente em rede privada (esteve na Austr\u00e1lia)<\/li>\n<li>2 pacientes isolados em casa (estiveram na It\u00e1lia)<\/li>\n<\/ul>\n<\/div>\n<div class=\"mc-column content-text active-extra-styles \" data-block-type=\"unstyled\" data-block-weight=\"57\" data-block-id=\"6\">\n<p class=\"content-text__container \" data-track-category=\"Link no Texto\" data-track-links=\"\">A Secretaria de Sa\u00fade tamb\u00e9m anunciou a cria\u00e7\u00e3o de um Comit\u00ea de Opera\u00e7\u00f5es Emerg\u00eanciais (COE) para monitorar casos suspeitos de contamina\u00e7\u00e3o pelo novo coronav\u00edrus. Segundo o secret\u00e1rio Osnei Okumoto, o objetivo do comit\u00ea \u00e9 &#8220;acompanhar os casos que est\u00e3o sob suspeita e centralizar informa\u00e7\u00f5es para a divulga\u00e7\u00e3o de boletins informativos sobre os exames feitos em pacientes&#8221;.<\/p>\n<\/div>\n<div class=\"mc-column content-text active-extra-styles \" data-block-type=\"unstyled\" data-block-weight=\"9\" data-block-id=\"7\">\n<p class=\"content-text__container \" data-track-category=\"Link no Texto\" data-track-links=\"\">Veja\u00a0<a href=\"http:\/\/www.saude.df.gov.br\/wp-conteudo\/uploads\/2020\/02\/Plano-de-Continge%CC%82ncia-Coronavirus11.pdf-1.pdf\" target=\"_blank\" rel=\"noopener noreferrer\">aqui \u00edntegra<\/a>\u00a0do plano de conting\u00eancia do GDF.<\/p>\n<p data-track-category=\"Link no Texto\" data-track-links=\"\"><a href=\"https:\/\/www.delioandrade.com.br\/wp-content\/uploads\/2020\/02\/prevencao-coronavirus.jpg\"><img loading=\"lazy\" decoding=\"async\" class=\"alignnone size-full wp-image-18793\" src=\"https:\/\/www.delioandrade.com.br\/wp-content\/uploads\/2020\/02\/prevencao-coronavirus.jpg\" alt=\"\" width=\"640\" height=\"2052\" srcset=\"https:\/\/www.p31noticias.com.br\/wp-content\/uploads\/2020\/02\/prevencao-coronavirus.jpg 640w, https:\/\/www.p31noticias.com.br\/wp-content\/uploads\/2020\/02\/prevencao-coronavirus-94x300.jpg 94w, https:\/\/www.p31noticias.com.br\/wp-content\/uploads\/2020\/02\/prevencao-coronavirus-319x1024.jpg 319w, https:\/\/www.p31noticias.com.br\/wp-content\/uploads\/2020\/02\/prevencao-coronavirus-479x1536.jpg 479w, https:\/\/www.p31noticias.com.br\/wp-content\/uploads\/2020\/02\/prevencao-coronavirus-639x2048.jpg 639w, https:\/\/www.p31noticias.com.br\/wp-content\/uploads\/2020\/02\/prevencao-coronavirus-131x420.jpg 131w\" sizes=\"auto, (max-width: 640px) 100vw, 640px\" \/><\/a><\/p>\n<div class=\"mc-column content-text active-extra-styles \" data-block-type=\"unstyled\" data-block-weight=\"43\" data-block-id=\"10\">\n<p class=\"content-text__container \" data-track-category=\"Link no Texto\" data-track-links=\"\">A orienta\u00e7\u00e3o para os moradores do Distrito Federal \u00e9, em caso de gripes fortes, primeiro procurar uma Unidade B\u00e1sica de Sa\u00fade (UBS). Caso necessitem de interna\u00e7\u00e3o hospitalar, os pacientes ser\u00e3o direcionados ao Hospital Regional da Asa Norte (Hran), considerado refer\u00eancia para os atendimentos.<\/p>\n<\/div>\n<div class=\"mc-column content-text active-extra-styles \" data-block-type=\"unstyled\" data-block-weight=\"53\" data-block-id=\"11\">\n<p class=\"content-text__container \" data-track-category=\"Link no Texto\" data-track-links=\"\">No caso de crian\u00e7as, adolescentes at\u00e9 14 anos e gr\u00e1vidas, o Hospital Materno Infantil de Bras\u00edlia (Hmib) ser\u00e1 a refer\u00eancia, explica o GDF. J\u00e1 os pacientes com sintomas mais graves ou que estejam em tratamento de HIV\/Aids, de c\u00e2ncer do sangue ou que fizeram quimioterapia recente, ser\u00e3o levados para o Hospital de Base.<\/p>\n<p data-track-category=\"Link no Texto\" data-track-links=\"\">&#8220;A partir da avalia\u00e7\u00e3o, vai ser feita a investiga\u00e7\u00e3o se ele \u00e9 um caso suspeito ou n\u00e3o. Se ele estiver bem, pode ficar isolado em casa&#8221;, explica o secret\u00e1rio de sa\u00fade.<\/p>\n<div class=\"mc-column content-text active-extra-styles\" data-block-type=\"raw\" data-block-weight=\"6\" data-block-id=\"14\">\n<div class=\"content-intertitle\">\n<h2>Quais os casos s\u00e3o considerados suspeitos?<\/h2>\n<\/div>\n<\/div>\n<div class=\"mc-column content-media content-video\" data-block-type=\"backstage-video\" data-block-id=\"15\">\n<div class=\"content-media__container\">\n<div class=\"content-video__bigger-player-description-fixer content-media__container--loaded\">\n<div class=\"content-video__video\">\n<div id=\"wp3-player-2\" class=\"clappr-player\" tabindex=\"9999\" data-player=\"\">\n<div class=\"dfp-ad-overlay dfp-ad-overlay--poster-mode\">\n<div><iframe src=\"https:\/\/imasdk.googleapis.com\/js\/core\/bridge3.371.3_pt_br.html#goog_417407918\" allowfullscreen=\"allowfullscreen\" data-mce-fragment=\"1\"><\/iframe><\/div>\n<\/div>\n<div class=\"container master-container pointer-enabled\" data-container=\"\" data-pip=\"\">\n<div class=\"poster\">\n<div class=\"poster__background\"><\/div>\n<div class=\"poster__background-overlay\"><\/div>\n<div class=\"poster__play-wrapper\"><\/div>\n<\/div>\n<div class=\"id-playback\" data-id-playback=\"\"><\/div>\n<\/div>\n<div class=\"media-control media-control-hide\">\n<div class=\"media-control-panel\">\n<div class=\"media-control-panel__back-layer\">\n<div class=\"media-control-position__left\"><\/div>\n<div class=\"media-control-position__center\"><\/div>\n<div class=\"media-control-position__right\"><\/div>\n<\/div>\n<div class=\"media-control-panel__upper\">\n<div class=\"opposites-container\">\n<div class=\"media-control-position__left\"><\/div>\n<div class=\"media-control-position__right\"><\/div>\n<\/div>\n<div class=\"media-control-position__center\"><\/div>\n<\/div>\n<div class=\"media-control-panel__middle\">\n<div class=\"media-control-position__left\"><\/div>\n<div class=\"media-control-position__center\"><\/div>\n<div class=\"media-control-position__right\"><\/div>\n<div class=\"quick-seek hidden media-control-element\">\n<div class=\"quick-seek-container\">\n<div class=\"quick-seek-placeholder quick-seek-placeholder--left\">\n<div class=\"quick-seek-placeholder-background quick-seek-placeholder-background--left\"><\/div>\n<div class=\"quick-seek-arrow-placeholder\"><\/div>\n<\/div>\n<div class=\"quick-seek-placeholder quick-seek-placeholder--right\">\n<div class=\"quick-seek-placeholder-background quick-seek-placeholder-background--right\"><\/div>\n<div class=\"quick-seek-arrow-placeholder\"><\/div>\n<\/div>\n<\/div>\n<\/div>\n<\/div>\n<div class=\"media-control-panel__between\">\n<div class=\"media-control-position__left\"><\/div>\n<div class=\"media-control-position__center\"><\/div>\n<div class=\"media-control-position__right\"><\/div>\n<p>&nbsp;<\/p>\n<\/div>\n<div class=\"media-control-panel__lower\" data-controls=\"\">\n<div class=\"media-control-position__center\">\n<div class=\"bar-container media-control-element\" data-seekbar=\"\">\n<div class=\"bar-background\" data-seekbar=\"\">\n<div class=\"bar-fill-1\" data-seekbar=\"\"><\/div>\n<div class=\"bar-fill-2\" data-seekbar=\"\"><\/div>\n<\/div>\n<div class=\"bar-scrubber\" data-seekbar=\"\">\n<div class=\"bar-scrubber-icon\" data-seekbar=\"\"><\/div>\n<\/div>\n<div class=\"thumb-preview thumb-preview--hidden\">\n<div class=\"thumb-preview__thumb\"><\/div>\n<div class=\"thumb-preview__position\"><\/div>\n<\/div>\n<\/div>\n<div class=\"bar-container__placeholder\"><\/div>\n<div class=\"chromecast-sender-indicator media-control-element\"><\/div>\n<\/div>\n<div class=\"opposites-container\">\n<div class=\"media-control-position__left\">\n<p>&nbsp;<\/p>\n<div class=\"time-indicator media-control-element\"><span data-position=\"\">&#8211;:&#8211;<\/span><span class=\"separator\">\/<\/span><span data-duration=\"\">&#8211;:&#8211;<\/span><\/div>\n<div class=\"dfp-countdown media-control-element dfp-countdown--hidden\"><\/div>\n<\/div>\n<div class=\"media-control-position__between\">\n<div class=\"quick-seek-hint hidden media-control-element\"><\/div>\n<\/div>\n<div class=\"media-control-position__right\">\n<div class=\"drawer-container volume-hide media-control-element\" data-volume=\"\">\n<div class=\"drawer-icon-container\" data-volume=\"\"><\/div>\n<div class=\"bar-container\" data-volume=\"\">\n<div class=\"bar-background\" data-volume=\"\">\n<div class=\"bar-fill-1\" data-volume=\"\"><\/div>\n<div class=\"bar-hover\" data-volume=\"\"><\/div>\n<\/div>\n<div class=\"bar-scrubber\" data-volume=\"\">\n<div class=\"bar-scrubber-icon\" data-volume=\"\"><\/div>\n<\/div>\n<\/div>\n<\/div>\n<p>&nbsp;<\/p>\n<\/div>\n<\/div>\n<\/div>\n<div class=\"media-control-panel__front-layer\">\n<div class=\"media-control-position__left\"><\/div>\n<div class=\"media-control-position__center\"><\/div>\n<div class=\"media-control-position__right\"><\/div>\n<\/div>\n<div class=\"media-control-panel__modal\"><\/div>\n<\/div>\n<\/div>\n<\/div>\n<\/div>\n<div class=\"content-video__height\"><\/div>\n<div class=\"content-video__placeholder\" data-video-id=\"8282452\"><img decoding=\"async\" class=\"content-video__placeholder__thumb\" title=\"Coronav\u00edrus: sintomas, risco no Brasil e tudo o que se sabe at\u00e9 agora\" src=\"https:\/\/s01.video.glbimg.com\/x720\/8282452.jpg\" alt=\"Coronav\u00edrus: sintomas, risco no Brasil e tudo o que se sabe at\u00e9 agora\" \/><\/div>\n<\/div>\n<p class=\"content-media__description\">Coronav\u00edrus: sintomas, risco no Brasil e tudo o que se sabe at\u00e9 agora<\/p>\n<\/div>\n<\/div>\n<div class=\"mc-column content-text active-extra-styles \" data-block-type=\"unstyled\" data-block-weight=\"26\" data-block-id=\"16\">\n<p class=\"content-text__container \" data-track-category=\"Link no Texto\" data-track-links=\"\">Segundo o diretor de Vigil\u00e2ncia Epidemiol\u00f3gica da Secretaria de Sa\u00fade do DF C\u00e1ssio Peterka, \u00e9 preciso observar alguns aspectos para considerar um caso suspeito de coronav\u00edrus:<\/p>\n<\/div>\n<div class=\"mc-column content-text active-extra-styles\" data-block-type=\"raw\" data-block-weight=\"30\" data-block-id=\"17\">\n<ul class=\"content-unordered-list\">\n<li>A pessoa precisa ter febre<\/li>\n<li>Deve ter algum sintoma de doen\u00e7a respirat\u00f3ria<\/li>\n<li>Precisa ter estado em um pa\u00eds onde haja transmiss\u00e3o local ou em contato com pessoa com Conid-19 confirmado<\/li>\n<\/ul>\n<\/div>\n<div class=\"content-ads content-ads--reveal\" data-block-type=\"ads\" data-block-id=\"18\">\n<div id=\"banner_materia__ae99c965-ba10-4172-9c31-44dc315c2724\" class=\"tag-manager-publicidade-container mc-has-reveal mc-has-ad-lazyload tag-manager-publicidade-banner_materia__ae99c965-ba10-4172-9c31-44dc315c2724 tag-manager-publicidade-container--carregado tag-manager-publicidade-container--visivel\" data-id=\"banner_materia__ae99c965-ba10-4172-9c31-44dc315c2724\" data-google-query-id=\"CNT0xKi68-cCFRAGuQYdaw0ImQ\" data-cid=\"138304940452\" data-lid=\"5282256701\">\n<div id=\"google_ads_iframe_\/95377733\/tvg_G1\/Sua_Regiao&gt;Centro_Oeste&gt;Distrito_Federal_3__container__\" style=\"box-sizing: inherit; margin: auto; padding: 0px; border: 0pt none; font: inherit; vertical-align: baseline; width: 970px; max-width: 100%; text-align: center;\"><iframe id=\"google_ads_iframe_\/95377733\/tvg_G1\/Sua_Regiao&gt;Centro_Oeste&gt;Distrito_Federal_3\" style=\"box-sizing: inherit; margin: 0px; padding: 0px; border: 0px; font: inherit; vertical-align: bottom;\" title=\"3rd party ad content\" name=\"google_ads_iframe_\/95377733\/tvg_G1\/Sua_Regiao&gt;Centro_Oeste&gt;Distrito_Federal_3\" width=\"970\" height=\"250\" frameborder=\"0\" marginwidth=\"0\" marginheight=\"0\" scrolling=\"no\" data-google-container-id=\"4\" data-load-complete=\"true\" data-mce-fragment=\"1\"><\/iframe><\/div>\n<\/div>\n<\/div>\n<div class=\"mc-column content-text active-extra-styles \" data-block-type=\"unstyled\" data-block-weight=\"20\" data-block-id=\"19\">\n<p class=\"content-text__container \" data-track-category=\"Link no Texto\" data-track-links=\"\">No DF, ao todo, foram investigados 22 casos. Desses, 17 foram exclu\u00eddos por n\u00e3o atenderem a defini\u00e7\u00e3o de suspeito.<\/p>\n<\/div>\n<div class=\"mc-column content-text active-extra-styles \" data-block-type=\"unstyled\" data-block-weight=\"58\" data-block-id=\"20\">\n<p class=\"content-text__container \" data-track-category=\"Link no Texto\" data-track-links=\"\">Ainda de acordo com a secretaria, quando o paciente se enquadra nos sintomas, \u00e9 feita a coleta do material para detectar se a pessoa tem algum outro v\u00edrus respirat\u00f3rio. &#8220;Se der positivo, \u00e9 descartado para coronav\u00edrus. N\u00e3o dando positivo, \u00e9 encaminhado para o laborat\u00f3rio de refer\u00eancia do Minist\u00e9rio da Sa\u00fade, onde \u00e9 feito o diagn\u00f3stico\u201d, detalhou o diretor.<\/p>\n<\/div>\n<div class=\"mc-column content-text active-extra-styles \" data-block-type=\"unstyled\" data-block-weight=\"36\" data-block-id=\"21\">\n<p class=\"content-text__container \" data-track-category=\"Link no Texto\" data-track-links=\"\">O prazo \u00e9 de at\u00e9 48 horas, a depender do laborat\u00f3rio. &#8220;Se a resposta for positiva para o Covid-19, o Minist\u00e9rio da Sa\u00fade far\u00e1 uma contraprova, que confirma ou descarta, oficialmente, o diagn\u00f3stico&#8221;, complementa C\u00e1ssio Peterka.<\/p>\n<\/div>\n<div class=\"row medium-uncollapsed content-media content-photo\" data-block-type=\"backstage-photo\" data-block-id=\"22\">\n<div class=\"mc-column content-media__container\">\n<div class=\"progressive-img can-open-lightbox\" data-min-size=\"1008x1539\" data-min-size-url=\"https:\/\/s2.glbimg.com\/V7hri97lGU-Ki_5_b8Xov-dUt6o=\/0x0:1600x2444\/1008x0\/smart\/filters:strip_icc()\/i.s3.glbimg.com\/v1\/AUTH_59edd422c0c84a879bd37670ae4f538a\/internal_photos\/bs\/2020\/M\/h\/MBZ8BVQ1uQKN9GyydzNw\/mapa-coronavirus-paises-2-.png\" data-max-size=\"1600x2444\" data-max-size-url=\"https:\/\/s2.glbimg.com\/A-Xvsy-L0lWINlsP3EWeNEvSqNk=\/0x0:1600x2444\/1600x0\/smart\/filters:strip_icc()\/i.s3.glbimg.com\/v1\/AUTH_59edd422c0c84a879bd37670ae4f538a\/internal_photos\/bs\/2020\/M\/h\/MBZ8BVQ1uQKN9GyydzNw\/mapa-coronavirus-paises-2-.png\" data-media-index=\"2\">\n<div class=\"placeholder-container\"><\/div>\n<p><img decoding=\"async\" class=\"progressive-draft\" title=\"Casos de coronav\u00edrus pelo mundo at\u00e9 quinta-feira (27); Dinamarca e Est\u00f4nia registraram os primeiros casos \u2014 Foto: Arte\/G1\" src=\"data:image\/jpeg;base64,\/9j\/4AAQSkZJRgABAQAAAQABAAD\/2wBDAAMCAgMCAgMDAwMEAwMEBQgFBQQEBQoHBwYIDAoMDAsKCwsNDhIQDQ4RDgsLEBYQERMUFRUVDA8XGBYUGBIUFRT\/2wBDAQMEBAUEBQkFBQkUDQsNFBQUFBQUFBQUFBQUFBQUFBQUFBQUFBQUFBQUFBQUFBQUFBQUFBQUFBQUFBQUFBQUFBT\/wgARCAAmABkDASIAAhEBAxEB\/8QAGgAAAwADAQAAAAAAAAAAAAAAAAQGAgMFB\/\/EABgBAQADAQAAAAAAAAAAAAAAAAIAAQME\/9oADAMBAAIQAxAAAAH37f3tFOZsVW6UrO2OB1l7Dn09JBgNOZFsIf\/EAB8QAAICAgMAAwAAAAAAAAAAAAIDAAQBBRESEwYUIf\/aAAgBAQABBQJgIU51eumUNih939jMdxFXGMiXfmPuOxL3yB1RGp2tnZO87ksVViRa1dmVlUtaUqv+2gyIcEAML0Kf\/8QAGxEAAgMAAwAAAAAAAAAAAAAAAQIAAxESIlH\/2gAIAQMBAT8B1fI5UnoMlVlasOa6JfYC2ouCOMYgTZ\/\/xAAbEQEAAgIDAAAAAAAAAAAAAAABAAIRMRAhQf\/aAAgBAgEBPwGGfZYXUqOO2GuP\/8QAKBAAAQMEAQMCBwAAAAAAAAAAAQACAxESITEiBBATQVEUIzNCUnGS\/9oACAEBAAY\/AhH8K\/l6hZhuP4gqWPp+n+bHh5B0tIipH6TKkvLfuOymltGt9Rbvs\/x5ePfSvnmj6fkG0AqQU6OOcPiZjz2ca+y+tH\/Kut5OOcIOc3O+QTOnZ4oXVrZGKZ7NlAoDXBVcK50bHHeVoL\/\/xAAhEAEAAgEEAgMBAAAAAAAAAAABABEhMUGBkRBRYcHw8f\/aAAgBAQABPyFzWJrIPUt9Ct23KTU8\/smqX5rmpf8ASULdEuKdQWPsjUfwx2nLqVhCeS8GGO8+K0O5n1goV67pvTvxl7UiVqU0gRqWlWGvW8veOhKt2t\/FMSqDkpT6moyOAlLDc08R\/9oADAMBAAIAAwAAABDWgEtz7\/\/EAB4RAQACAgIDAQAAAAAAAAAAAAERIQAxQWFRkbHw\/9oACAEDAQE\/EKB4btvCjAjUrfPj9zjJAb1PtHb1WWVupCXtrnqsLXBfuKSFz\/\/EABgRAQEBAQEAAAAAAAAAAAAAAAERACFR\/9oACAECAQE\/EI+4g6uGajjRZzoXTf\/EACIQAQEAAgIBAwUAAAAAAAAAAAERACExQVFhcfCRscHR8f\/aAAgBAQABPxAES\/7OE5RRsZpwkm+8LYV2N9ejiZIgELRWhSgWEnGfMMdK5AiUlGanNMA2iuAkunnesEC6PT4wdHfDcjx9TDdq+lsDWMRax++HV1uoSKHDas0D3rGpoiOtqVEa1wJc+Q\/eP4qXstpynVxqirxeIig91TrBirIYWRG0OZYZcUm2sJd0+rPJ2EifnN4cvk5Q9TP6Ln\/\/2Q==\" alt=\"Casos de coronav\u00edrus pelo mundo at\u00e9 quinta-feira (27); Dinamarca e Est\u00f4nia registraram os primeiros casos \u2014 Foto: Arte\/G1\" \/><picture><source srcset=\"https:\/\/s2.glbimg.com\/rX2w_mOiWmDIZokF4vwUS6FBs-4=\/0x0:1600x2444\/600x0\/smart\/filters:strip_icc()\/i.s3.glbimg.com\/v1\/AUTH_59edd422c0c84a879bd37670ae4f538a\/internal_photos\/bs\/2020\/M\/h\/MBZ8BVQ1uQKN9GyydzNw\/mapa-coronavirus-paises-2-.png 1x, https:\/\/s2.glbimg.com\/FbbA0OUtspscDe4vcgucNtYwj3k=\/0x0:1600x2444\/1200x0\/smart\/filters:strip_icc()\/i.s3.glbimg.com\/v1\/AUTH_59edd422c0c84a879bd37670ae4f538a\/internal_photos\/bs\/2020\/M\/h\/MBZ8BVQ1uQKN9GyydzNw\/mapa-coronavirus-paises-2-.png 2x\" media=\"(max-width: 1024px)\" data-src=\"https:\/\/s2.glbimg.com\/rX2w_mOiWmDIZokF4vwUS6FBs-4=\/0x0:1600x2444\/600x0\/smart\/filters:strip_icc()\/i.s3.glbimg.com\/v1\/AUTH_59edd422c0c84a879bd37670ae4f538a\/internal_photos\/bs\/2020\/M\/h\/MBZ8BVQ1uQKN9GyydzNw\/mapa-coronavirus-paises-2-.png 1x, https:\/\/s2.glbimg.com\/FbbA0OUtspscDe4vcgucNtYwj3k=\/0x0:1600x2444\/1200x0\/smart\/filters:strip_icc()\/i.s3.glbimg.com\/v1\/AUTH_59edd422c0c84a879bd37670ae4f538a\/internal_photos\/bs\/2020\/M\/h\/MBZ8BVQ1uQKN9GyydzNw\/mapa-coronavirus-paises-2-.png 2x\" \/><source srcset=\"https:\/\/s2.glbimg.com\/ZoCaAq6T5r67ZE7f2dxpiP7FW4Y=\/0x0:1600x2444\/640x0\/smart\/filters:strip_icc()\/i.s3.glbimg.com\/v1\/AUTH_59edd422c0c84a879bd37670ae4f538a\/internal_photos\/bs\/2020\/M\/h\/MBZ8BVQ1uQKN9GyydzNw\/mapa-coronavirus-paises-2-.png 1x, https:\/\/s2.glbimg.com\/3m2PO8l81Q9Lm458RwskSLufgeA=\/0x0:1600x2444\/1280x0\/smart\/filters:strip_icc()\/i.s3.glbimg.com\/v1\/AUTH_59edd422c0c84a879bd37670ae4f538a\/internal_photos\/bs\/2020\/M\/h\/MBZ8BVQ1uQKN9GyydzNw\/mapa-coronavirus-paises-2-.png 2x\" media=\"(max-width: 1280px)\" data-src=\"https:\/\/s2.glbimg.com\/ZoCaAq6T5r67ZE7f2dxpiP7FW4Y=\/0x0:1600x2444\/640x0\/smart\/filters:strip_icc()\/i.s3.glbimg.com\/v1\/AUTH_59edd422c0c84a879bd37670ae4f538a\/internal_photos\/bs\/2020\/M\/h\/MBZ8BVQ1uQKN9GyydzNw\/mapa-coronavirus-paises-2-.png 1x, https:\/\/s2.glbimg.com\/3m2PO8l81Q9Lm458RwskSLufgeA=\/0x0:1600x2444\/1280x0\/smart\/filters:strip_icc()\/i.s3.glbimg.com\/v1\/AUTH_59edd422c0c84a879bd37670ae4f538a\/internal_photos\/bs\/2020\/M\/h\/MBZ8BVQ1uQKN9GyydzNw\/mapa-coronavirus-paises-2-.png 2x\" \/><source srcset=\"https:\/\/s2.glbimg.com\/B5M8S321nP_ZLKVhsGSp5DV7bc4=\/0x0:1600x2444\/984x0\/smart\/filters:strip_icc()\/i.s3.glbimg.com\/v1\/AUTH_59edd422c0c84a879bd37670ae4f538a\/internal_photos\/bs\/2020\/M\/h\/MBZ8BVQ1uQKN9GyydzNw\/mapa-coronavirus-paises-2-.png 1x, https:\/\/s2.glbimg.com\/_ZLwQIyrnRzNfohfCUbfwKropXQ=\/0x0:1600x2444\/1968x0\/smart\/filters:strip_icc()\/i.s3.glbimg.com\/v1\/AUTH_59edd422c0c84a879bd37670ae4f538a\/internal_photos\/bs\/2020\/M\/h\/MBZ8BVQ1uQKN9GyydzNw\/mapa-coronavirus-paises-2-.png 2x\" media=\"(max-width: 1360px)\" data-src=\"https:\/\/s2.glbimg.com\/B5M8S321nP_ZLKVhsGSp5DV7bc4=\/0x0:1600x2444\/984x0\/smart\/filters:strip_icc()\/i.s3.glbimg.com\/v1\/AUTH_59edd422c0c84a879bd37670ae4f538a\/internal_photos\/bs\/2020\/M\/h\/MBZ8BVQ1uQKN9GyydzNw\/mapa-coronavirus-paises-2-.png 1x, https:\/\/s2.glbimg.com\/_ZLwQIyrnRzNfohfCUbfwKropXQ=\/0x0:1600x2444\/1968x0\/smart\/filters:strip_icc()\/i.s3.glbimg.com\/v1\/AUTH_59edd422c0c84a879bd37670ae4f538a\/internal_photos\/bs\/2020\/M\/h\/MBZ8BVQ1uQKN9GyydzNw\/mapa-coronavirus-paises-2-.png 2x\" \/><source srcset=\"https:\/\/s2.glbimg.com\/lUEN1j7HmjQPpH6kXoJRT2edD08=\/0x0:1600x2444\/1000x0\/smart\/filters:strip_icc()\/i.s3.glbimg.com\/v1\/AUTH_59edd422c0c84a879bd37670ae4f538a\/internal_photos\/bs\/2020\/M\/h\/MBZ8BVQ1uQKN9GyydzNw\/mapa-coronavirus-paises-2-.png 1x, https:\/\/s2.glbimg.com\/-MxUkBzypZq8tVCYMuFQGspMk4U=\/0x0:1600x2444\/2000x0\/smart\/filters:strip_icc()\/i.s3.glbimg.com\/v1\/AUTH_59edd422c0c84a879bd37670ae4f538a\/internal_photos\/bs\/2020\/M\/h\/MBZ8BVQ1uQKN9GyydzNw\/mapa-coronavirus-paises-2-.png 2x\" media=\"(min-width: 1361px)\" data-src=\"https:\/\/s2.glbimg.com\/lUEN1j7HmjQPpH6kXoJRT2edD08=\/0x0:1600x2444\/1000x0\/smart\/filters:strip_icc()\/i.s3.glbimg.com\/v1\/AUTH_59edd422c0c84a879bd37670ae4f538a\/internal_photos\/bs\/2020\/M\/h\/MBZ8BVQ1uQKN9GyydzNw\/mapa-coronavirus-paises-2-.png 1x, https:\/\/s2.glbimg.com\/-MxUkBzypZq8tVCYMuFQGspMk4U=\/0x0:1600x2444\/2000x0\/smart\/filters:strip_icc()\/i.s3.glbimg.com\/v1\/AUTH_59edd422c0c84a879bd37670ae4f538a\/internal_photos\/bs\/2020\/M\/h\/MBZ8BVQ1uQKN9GyydzNw\/mapa-coronavirus-paises-2-.png 2x\" \/><source srcset=\"https:\/\/s2.glbimg.com\/B5M8S321nP_ZLKVhsGSp5DV7bc4=\/0x0:1600x2444\/984x0\/smart\/filters:strip_icc()\/i.s3.glbimg.com\/v1\/AUTH_59edd422c0c84a879bd37670ae4f538a\/internal_photos\/bs\/2020\/M\/h\/MBZ8BVQ1uQKN9GyydzNw\/mapa-coronavirus-paises-2-.png\" data-src=\"https:\/\/s2.glbimg.com\/B5M8S321nP_ZLKVhsGSp5DV7bc4=\/0x0:1600x2444\/984x0\/smart\/filters:strip_icc()\/i.s3.glbimg.com\/v1\/AUTH_59edd422c0c84a879bd37670ae4f538a\/internal_photos\/bs\/2020\/M\/h\/MBZ8BVQ1uQKN9GyydzNw\/mapa-coronavirus-paises-2-.png\" \/><img decoding=\"async\" class=\"image content-media__image progressive-loaded\" title=\"Casos de coronav\u00edrus pelo mundo at\u00e9 quinta-feira (27); Dinamarca e Est\u00f4nia registraram os primeiros casos \u2014 Foto: Arte\/G1\" src=\"https:\/\/s2.glbimg.com\/B5M8S321nP_ZLKVhsGSp5DV7bc4=\/0x0:1600x2444\/984x0\/smart\/filters:strip_icc()\/i.s3.glbimg.com\/v1\/AUTH_59edd422c0c84a879bd37670ae4f538a\/internal_photos\/bs\/2020\/M\/h\/MBZ8BVQ1uQKN9GyydzNw\/mapa-coronavirus-paises-2-.png\" alt=\"Casos de coronav\u00edrus pelo mundo at\u00e9 quinta-feira (27); Dinamarca e Est\u00f4nia registraram os primeiros casos \u2014 Foto: Arte\/G1\" data-src=\"https:\/\/s2.glbimg.com\/B5M8S321nP_ZLKVhsGSp5DV7bc4=\/0x0:1600x2444\/984x0\/smart\/filters:strip_icc()\/i.s3.glbimg.com\/v1\/AUTH_59edd422c0c84a879bd37670ae4f538a\/internal_photos\/bs\/2020\/M\/h\/MBZ8BVQ1uQKN9GyydzNw\/mapa-coronavirus-paises-2-.png\" \/><\/picture>\n<\/div>\n<p class=\"content-media__description \">Casos de coronav\u00edrus pelo mundo at\u00e9 quinta-feira (27); Dinamarca e Est\u00f4nia registraram os primeiros casos \u2014 Foto: Arte\/G1<\/p>\n<\/div>\n<\/div>\n<div class=\"mc-column content-text active-extra-styles\" data-block-type=\"raw\" data-block-weight=\"15\" data-block-id=\"23\">\n<div class=\"content-intertitle\">\n<h2>Governo Federal diz que vacina\u00e7\u00e3o contra a gripe ser\u00e1 antecipada; DF ainda n\u00e3o se pronunciou<\/h2>\n<\/div>\n<\/div>\n<div class=\"mc-column content-text active-extra-styles \" data-block-type=\"unstyled\" data-block-weight=\"50\" data-block-id=\"24\">\n<p class=\"content-text__container \" data-track-category=\"Link no Texto\" data-track-links=\"\">O governo federal anunciou nesta quinta-feira (27), em S\u00e3o Paulo, que vai antecipar a campanha de vacina\u00e7\u00e3o da gripe em 23 dias \u2013 a nova data prevista para o in\u00edcio \u00e9 23 de mar\u00e7o. A decis\u00e3o foi divulgada um dia ap\u00f3s a\u00a0<a href=\"https:\/\/g1.globo.com\/ciencia-e-saude\/noticia\/2020\/02\/26\/ministerio-da-saude-fala-sobre-caso-possivel-paciente-com-coronavirus.ghtml\">confirma\u00e7\u00e3o do primeiro caso de coronav\u00edrus no Brasil<\/a>.<\/p>\n<\/div>\n<div class=\"mc-column content-text active-extra-styles\" data-block-type=\"raw\" data-block-weight=\"33\" data-block-id=\"25\">\n<blockquote class=\"content-blockquote theme-border-color-primary-before\"><p>&#8220;Ela \u00e9 uma campanha nacional, e n\u00f3s definimos que n\u00f3s trabalharemos para o dia 23 de mar\u00e7o, antecipando em 23 dias a data prevista original&#8221;, afirmou o ministro da Sa\u00fade, Luiz Henrique Mandetta.<\/p><\/blockquote>\n<\/div>\n<div class=\"content-ads content-ads--reveal\" data-block-type=\"ads\" data-block-id=\"26\">\n<div id=\"banner_materia__8b1cbff8-f4f6-45b3-bd7c-55ecee0d861e\" class=\"tag-manager-publicidade-container mc-has-reveal mc-has-ad-lazyload tag-manager-publicidade-banner_materia__8b1cbff8-f4f6-45b3-bd7c-55ecee0d861e tag-manager-publicidade-container--carregado tag-manager-publicidade-container--visivel\" data-id=\"banner_materia__8b1cbff8-f4f6-45b3-bd7c-55ecee0d861e\" data-google-query-id=\"CMLl06m68-cCFQYFuQYdCRsBAw\" data-cid=\"138303882517\" data-lid=\"5303835518\">\n<div id=\"google_ads_iframe_\/95377733\/tvg_G1\/Sua_Regiao&gt;Centro_Oeste&gt;Distrito_Federal_4__container__\" style=\"box-sizing: inherit; margin: auto; padding: 0px; border: 0pt none; font: inherit; vertical-align: baseline; width: 970px; max-width: 100%; text-align: center; height: 250px;\"><iframe loading=\"lazy\" id=\"google_ads_iframe_\/95377733\/tvg_G1\/Sua_Regiao&gt;Centro_Oeste&gt;Distrito_Federal_4\" style=\"box-sizing: inherit; margin: 0px; padding: 0px; border: 0px; font: inherit; vertical-align: bottom;\" title=\"3rd party ad content\" src=\"https:\/\/tpc.googlesyndication.com\/safeframe\/1-0-37\/html\/container.html\" name=\"\" width=\"970\" height=\"250\" frameborder=\"0\" marginwidth=\"0\" marginheight=\"0\" scrolling=\"no\" sandbox=\"allow-forms allow-pointer-lock allow-popups allow-popups-to-escape-sandbox allow-same-origin allow-scripts allow-top-navigation-by-user-activation\" data-is-safeframe=\"true\" data-google-container-id=\"5\" data-load-complete=\"true\" data-mce-fragment=\"1\"><\/iframe><\/div>\n<\/div>\n<\/div>\n<div class=\"mc-column content-text active-extra-styles \" data-block-type=\"unstyled\" data-block-weight=\"43\" data-block-id=\"27\">\n<p class=\"content-text__container \" data-track-category=\"Link no Texto\" data-track-links=\"\">O\u00a0<strong>G1<\/strong>\u00a0entrou em contato com a Secretaria de Sa\u00fade que, por meio de nota disse que &#8220;n\u00e3o foi comunicada oficialmente sobre isso, mas assim que for notificada, seguir\u00e1 as recomenda\u00e7\u00f5es do Minist\u00e9rio da Sa\u00fade e estar\u00e1 preparada para o in\u00edcio da campanha&#8221;.<\/p>\n<\/div>\n<div class=\"mc-column content-text active-extra-styles\" data-block-type=\"raw\" data-block-weight=\"18\" data-block-id=\"28\">\n<ul class=\"content-unordered-list\">\n<li><a href=\"https:\/\/g1.globo.com\/sp\/sao-paulo\/noticia\/2020\/02\/27\/com-coronavirus-governo-antecipa-campanha-de-vacinacao-da-gripe-em-23-dias-no-brasil-inicio-e-previsto-para-23-de-marco.ghtml\">Com coronav\u00edrus, governo antecipa campanha de vacina\u00e7\u00e3o da gripe no Brasil; in\u00edcio \u00e9 previsto para 23 de mar\u00e7o<\/a><\/li>\n<\/ul>\n<\/div>\n<div class=\"mc-column content-text active-extra-styles \" data-block-type=\"unstyled\" data-block-weight=\"14\" data-block-id=\"29\">\n<p class=\"content-text__container \" data-track-category=\"Link no Texto\" data-track-links=\"\">De acordo com o Ministro da Sa\u00fade, a antecipa\u00e7\u00e3o da campanha tem dois objetivos:<\/p>\n<\/div>\n<div class=\"mc-column content-text active-extra-styles\" data-block-type=\"raw\" data-block-weight=\"19\" data-block-id=\"30\">\n<ul class=\"content-unordered-list\">\n<li>Facilitar o diagn\u00f3stico da s\u00edndrome respirat\u00f3ria Covid-19, causada pelo novo coronav\u00edrus<\/li>\n<li>Evitar que o sistema de sa\u00fade fique sobrecarregado<\/li>\n<\/ul>\n<\/div>\n<div class=\"mc-column content-text active-extra-styles \" data-block-type=\"unstyled\" data-block-weight=\"107\" data-block-id=\"31\">\n<p class=\"content-text__container \" data-track-category=\"Link no Texto\" data-track-links=\"\">&#8220;Por que fazer a campanha? Por que recomendar a vacina? Se essa vacina me d\u00e1 cobertura, ela deixa o sistema imunol\u00f3gico do indiv\u00edduo de 80% daqueles que tomam a vacina protegido contra essas cepas de influ\u00eancia. Essas cepas virais que est\u00e3o circulando que s\u00e3o milhares de vezes mais comuns que o corona v\u00edrus, para um eventual profissional de sa\u00fade, um m\u00e9dico, na hora que um indiv\u00edduo um m\u00eas depois, dois meses depois, se ele tem um quadro gripal ele informa que foi vacinado ele auxilia muito o racioc\u00ednio desse profissional para pensar na possibilidade de outras viroses, que n\u00e3o aquelas que s\u00e3o cobertas pela vacina&#8221;, apontou Mandetta.<\/p>\n<\/div>\n<div class=\"mc-column content-text active-extra-styles\" data-block-type=\"raw\" data-block-weight=\"7\" data-block-id=\"32\">\n<div class=\"content-intertitle\">\n<h2>Veja dicas de preven\u00e7\u00e3o contra o Covid-19<\/h2>\n<\/div>\n<\/div>\n<div class=\"mc-column content-text active-extra-styles\" data-block-type=\"raw\" data-block-weight=\"96\" data-block-id=\"33\">\n<ul class=\"content-unordered-list\">\n<li>Cobrir a boca e nariz ao tossir ou espirrar;<\/li>\n<li>Utilizar len\u00e7o descart\u00e1vel para higiene nasal;<\/li>\n<li>Evitar tocar mucosas de olhos, nariz e boca;<\/li>\n<li>N\u00e3o compartilhar objetos de uso pessoal;<\/li>\n<li>Limpar regularmente o ambiente e mant\u00ea-lo ventilado;<\/li>\n<li>Lavar as m\u00e3os por pelo menos 20 segundos com \u00e1gua e sab\u00e3o ou usar antiss\u00e9ptico de m\u00e3os \u00e0 base de \u00e1lcool;<\/li>\n<li>Deslocamentos n\u00e3o devem ser realizados enquanto a pessoa estiver doente;<\/li>\n<li>Quem for viajar aos locais com circula\u00e7\u00e3o do v\u00edrus deve evitar contato com pessoas doentes, animais (vivos ou mortos), e a circula\u00e7\u00e3o em mercados de animais e seus produtos.<\/li>\n<\/ul>\n<\/div>\n<\/div>\n<\/div>\n","protected":false},"excerpt":{"rendered":"<p>O Minist\u00e9rio da Sa\u00fade confirmou, no final da tarde desta quinta-feira (27), cinco casos suspeitos de\u00a0coronav\u00edrus\u00a0no Distrito Federal. No final da manh\u00e3, a Secretaria de Sa\u00fade do DF j\u00e1 havia anunciado o mesmo n\u00famero. Pacientes com suspeita de coronav\u00edrus no DF: 2 pacientes internados no Hran (voltaram de viagem da It\u00e1lia) 1 paciente em rede [&hellip;]<\/p>\n","protected":false},"author":18,"featured_media":18795,"comment_status":"open","ping_status":"open","sticky":false,"template":"","format":"standard","meta":{"footnotes":""},"categories":[1],"tags":[],"class_list":{"0":"post-18792","1":"post","2":"type-post","3":"status-publish","4":"format-standard","5":"has-post-thumbnail","7":"category-outros"},"yoast_head":"<!-- This site is optimized with the Yoast SEO Premium plugin v24.5 (Yoast SEO v27.5) - https:\/\/yoast.com\/product\/yoast-seo-premium-wordpress\/ -->\n<title>Minist\u00e9rio da Sa\u00fade confirma 5 casos suspeitos de coronav\u00edrus no DF - P31<\/title>\n<meta name=\"robots\" content=\"index, follow, max-snippet:-1, max-image-preview:large, max-video-preview:-1\" \/>\n<link rel=\"canonical\" href=\"https:\/\/www.p31noticias.com.br\/?p=18792\" \/>\n<meta property=\"og:locale\" content=\"pt_BR\" \/>\n<meta property=\"og:type\" content=\"article\" \/>\n<meta property=\"og:title\" content=\"Minist\u00e9rio da Sa\u00fade confirma 5 casos suspeitos de coronav\u00edrus no DF\" \/>\n<meta property=\"og:description\" content=\"O Minist\u00e9rio da Sa\u00fade confirmou, no final da tarde desta quinta-feira (27), cinco casos suspeitos de\u00a0coronav\u00edrus\u00a0no Distrito Federal. No final da manh\u00e3, a Secretaria de Sa\u00fade do DF j\u00e1 havia anunciado o mesmo n\u00famero. Pacientes com suspeita de coronav\u00edrus no DF: 2 pacientes internados no Hran (voltaram de viagem da It\u00e1lia) 1 paciente em rede [&hellip;]\" \/>\n<meta property=\"og:url\" content=\"https:\/\/www.p31noticias.com.br\/?p=18792\" \/>\n<meta property=\"og:site_name\" content=\"P31\" \/>\n<meta property=\"article:published_time\" content=\"2020-02-28T04:56:45+00:00\" \/>\n<meta property=\"og:image\" content=\"https:\/\/www.p31noticias.com.br\/wp-content\/uploads\/2020\/02\/coronavirus-visao-microscopio.jpg\" \/>\n\t<meta property=\"og:image:width\" content=\"640\" \/>\n\t<meta property=\"og:image:height\" content=\"500\" \/>\n\t<meta property=\"og:image:type\" content=\"image\/jpeg\" \/>\n<meta name=\"author\" content=\"Reda\u00e7\u00e3o JBN\" \/>\n<meta name=\"twitter:card\" content=\"summary_large_image\" \/>\n<meta name=\"twitter:label1\" content=\"Escrito por\" \/>\n\t<meta name=\"twitter:data1\" content=\"Reda\u00e7\u00e3o JBN\" \/>\n\t<meta name=\"twitter:label2\" content=\"Est. tempo de leitura\" \/>\n\t<meta name=\"twitter:data2\" content=\"5 minutos\" \/>\n<script type=\"application\/ld+json\" class=\"yoast-schema-graph\">{\"@context\":\"https:\\\/\\\/schema.org\",\"@graph\":[{\"@type\":\"Article\",\"@id\":\"https:\\\/\\\/www.p31noticias.com.br\\\/?p=18792#article\",\"isPartOf\":{\"@id\":\"https:\\\/\\\/www.p31noticias.com.br\\\/?p=18792\"},\"author\":{\"name\":\"Reda\u00e7\u00e3o JBN\",\"@id\":\"https:\\\/\\\/www.p31noticias.com.br\\\/#\\\/schema\\\/person\\\/77d6b186c710ac38937c6ec204fdd387\"},\"headline\":\"Minist\u00e9rio da Sa\u00fade confirma 5 casos suspeitos de coronav\u00edrus no DF\",\"datePublished\":\"2020-02-28T04:56:45+00:00\",\"mainEntityOfPage\":{\"@id\":\"https:\\\/\\\/www.p31noticias.com.br\\\/?p=18792\"},\"wordCount\":984,\"commentCount\":0,\"image\":{\"@id\":\"https:\\\/\\\/www.p31noticias.com.br\\\/?p=18792#primaryimage\"},\"thumbnailUrl\":\"https:\\\/\\\/www.p31noticias.com.br\\\/wp-content\\\/uploads\\\/2020\\\/02\\\/coronavirus-visao-microscopio.jpg\",\"articleSection\":[\"Outros\"],\"inLanguage\":\"pt-BR\",\"potentialAction\":[{\"@type\":\"CommentAction\",\"name\":\"Comment\",\"target\":[\"https:\\\/\\\/www.p31noticias.com.br\\\/?p=18792#respond\"]}],\"copyrightYear\":\"2020\",\"copyrightHolder\":{\"@id\":\"https:\\\/\\\/www.p31noticias.com.br\\\/#organization\"}},{\"@type\":\"WebPage\",\"@id\":\"https:\\\/\\\/www.p31noticias.com.br\\\/?p=18792\",\"url\":\"https:\\\/\\\/www.p31noticias.com.br\\\/?p=18792\",\"name\":\"Minist\u00e9rio da Sa\u00fade confirma 5 casos suspeitos de coronav\u00edrus no DF - P31\",\"isPartOf\":{\"@id\":\"https:\\\/\\\/www.p31noticias.com.br\\\/#website\"},\"primaryImageOfPage\":{\"@id\":\"https:\\\/\\\/www.p31noticias.com.br\\\/?p=18792#primaryimage\"},\"image\":{\"@id\":\"https:\\\/\\\/www.p31noticias.com.br\\\/?p=18792#primaryimage\"},\"thumbnailUrl\":\"https:\\\/\\\/www.p31noticias.com.br\\\/wp-content\\\/uploads\\\/2020\\\/02\\\/coronavirus-visao-microscopio.jpg\",\"datePublished\":\"2020-02-28T04:56:45+00:00\",\"author\":{\"@id\":\"https:\\\/\\\/www.p31noticias.com.br\\\/#\\\/schema\\\/person\\\/77d6b186c710ac38937c6ec204fdd387\"},\"breadcrumb\":{\"@id\":\"https:\\\/\\\/www.p31noticias.com.br\\\/?p=18792#breadcrumb\"},\"inLanguage\":\"pt-BR\",\"potentialAction\":[{\"@type\":\"ReadAction\",\"target\":[\"https:\\\/\\\/www.p31noticias.com.br\\\/?p=18792\"]}]},{\"@type\":\"ImageObject\",\"inLanguage\":\"pt-BR\",\"@id\":\"https:\\\/\\\/www.p31noticias.com.br\\\/?p=18792#primaryimage\",\"url\":\"https:\\\/\\\/www.p31noticias.com.br\\\/wp-content\\\/uploads\\\/2020\\\/02\\\/coronavirus-visao-microscopio.jpg\",\"contentUrl\":\"https:\\\/\\\/www.p31noticias.com.br\\\/wp-content\\\/uploads\\\/2020\\\/02\\\/coronavirus-visao-microscopio.jpg\",\"width\":640,\"height\":500,\"caption\":\"\u00c9 assim que o coronav\u00edrus \u00e9 visto no microsc\u00f3pio \u2014 Foto: Getty Images via BBC\"},{\"@type\":\"BreadcrumbList\",\"@id\":\"https:\\\/\\\/www.p31noticias.com.br\\\/?p=18792#breadcrumb\",\"itemListElement\":[{\"@type\":\"ListItem\",\"position\":1,\"name\":\"In\u00edcio\",\"item\":\"https:\\\/\\\/www.p31noticias.com.br\\\/\"},{\"@type\":\"ListItem\",\"position\":2,\"name\":\"Minist\u00e9rio da Sa\u00fade confirma 5 casos suspeitos de coronav\u00edrus no DF\"}]},{\"@type\":\"WebSite\",\"@id\":\"https:\\\/\\\/www.p31noticias.com.br\\\/#website\",\"url\":\"https:\\\/\\\/www.p31noticias.com.br\\\/\",\"name\":\"P31\",\"description\":\"NOT\u00cdCIAS\",\"potentialAction\":[{\"@type\":\"SearchAction\",\"target\":{\"@type\":\"EntryPoint\",\"urlTemplate\":\"https:\\\/\\\/www.p31noticias.com.br\\\/?s={search_term_string}\"},\"query-input\":{\"@type\":\"PropertyValueSpecification\",\"valueRequired\":true,\"valueName\":\"search_term_string\"}}],\"inLanguage\":\"pt-BR\"},{\"@type\":\"Person\",\"@id\":\"https:\\\/\\\/www.p31noticias.com.br\\\/#\\\/schema\\\/person\\\/77d6b186c710ac38937c6ec204fdd387\",\"name\":\"Reda\u00e7\u00e3o JBN\",\"image\":{\"@type\":\"ImageObject\",\"inLanguage\":\"pt-BR\",\"@id\":\"https:\\\/\\\/secure.gravatar.com\\\/avatar\\\/10fcdb93211f98cce3d64c0795b0915a9a4a21dc0f279238995a3dbfafcad090?s=96&d=mm&r=g\",\"url\":\"https:\\\/\\\/secure.gravatar.com\\\/avatar\\\/10fcdb93211f98cce3d64c0795b0915a9a4a21dc0f279238995a3dbfafcad090?s=96&d=mm&r=g\",\"contentUrl\":\"https:\\\/\\\/secure.gravatar.com\\\/avatar\\\/10fcdb93211f98cce3d64c0795b0915a9a4a21dc0f279238995a3dbfafcad090?s=96&d=mm&r=g\",\"caption\":\"Reda\u00e7\u00e3o JBN\"},\"sameAs\":[\"https:\\\/\\\/p31noticias.com.br\"],\"url\":\"https:\\\/\\\/www.p31noticias.com.br\\\/?author=18\"}]}<\/script>\n<!-- \/ Yoast SEO Premium plugin. -->","yoast_head_json":{"title":"Minist\u00e9rio da Sa\u00fade confirma 5 casos suspeitos de coronav\u00edrus no DF - P31","robots":{"index":"index","follow":"follow","max-snippet":"max-snippet:-1","max-image-preview":"max-image-preview:large","max-video-preview":"max-video-preview:-1"},"canonical":"https:\/\/www.p31noticias.com.br\/?p=18792","og_locale":"pt_BR","og_type":"article","og_title":"Minist\u00e9rio da Sa\u00fade confirma 5 casos suspeitos de coronav\u00edrus no DF","og_description":"O Minist\u00e9rio da Sa\u00fade confirmou, no final da tarde desta quinta-feira (27), cinco casos suspeitos de\u00a0coronav\u00edrus\u00a0no Distrito Federal. No final da manh\u00e3, a Secretaria de Sa\u00fade do DF j\u00e1 havia anunciado o mesmo n\u00famero. Pacientes com suspeita de coronav\u00edrus no DF: 2 pacientes internados no Hran (voltaram de viagem da It\u00e1lia) 1 paciente em rede [&hellip;]","og_url":"https:\/\/www.p31noticias.com.br\/?p=18792","og_site_name":"P31","article_published_time":"2020-02-28T04:56:45+00:00","og_image":[{"width":640,"height":500,"url":"https:\/\/www.p31noticias.com.br\/wp-content\/uploads\/2020\/02\/coronavirus-visao-microscopio.jpg","type":"image\/jpeg"}],"author":"Reda\u00e7\u00e3o JBN","twitter_card":"summary_large_image","twitter_misc":{"Escrito por":"Reda\u00e7\u00e3o JBN","Est. tempo de leitura":"5 minutos"},"schema":{"@context":"https:\/\/schema.org","@graph":[{"@type":"Article","@id":"https:\/\/www.p31noticias.com.br\/?p=18792#article","isPartOf":{"@id":"https:\/\/www.p31noticias.com.br\/?p=18792"},"author":{"name":"Reda\u00e7\u00e3o JBN","@id":"https:\/\/www.p31noticias.com.br\/#\/schema\/person\/77d6b186c710ac38937c6ec204fdd387"},"headline":"Minist\u00e9rio da Sa\u00fade confirma 5 casos suspeitos de coronav\u00edrus no DF","datePublished":"2020-02-28T04:56:45+00:00","mainEntityOfPage":{"@id":"https:\/\/www.p31noticias.com.br\/?p=18792"},"wordCount":984,"commentCount":0,"image":{"@id":"https:\/\/www.p31noticias.com.br\/?p=18792#primaryimage"},"thumbnailUrl":"https:\/\/www.p31noticias.com.br\/wp-content\/uploads\/2020\/02\/coronavirus-visao-microscopio.jpg","articleSection":["Outros"],"inLanguage":"pt-BR","potentialAction":[{"@type":"CommentAction","name":"Comment","target":["https:\/\/www.p31noticias.com.br\/?p=18792#respond"]}],"copyrightYear":"2020","copyrightHolder":{"@id":"https:\/\/www.p31noticias.com.br\/#organization"}},{"@type":"WebPage","@id":"https:\/\/www.p31noticias.com.br\/?p=18792","url":"https:\/\/www.p31noticias.com.br\/?p=18792","name":"Minist\u00e9rio da Sa\u00fade confirma 5 casos suspeitos de coronav\u00edrus no DF - P31","isPartOf":{"@id":"https:\/\/www.p31noticias.com.br\/#website"},"primaryImageOfPage":{"@id":"https:\/\/www.p31noticias.com.br\/?p=18792#primaryimage"},"image":{"@id":"https:\/\/www.p31noticias.com.br\/?p=18792#primaryimage"},"thumbnailUrl":"https:\/\/www.p31noticias.com.br\/wp-content\/uploads\/2020\/02\/coronavirus-visao-microscopio.jpg","datePublished":"2020-02-28T04:56:45+00:00","author":{"@id":"https:\/\/www.p31noticias.com.br\/#\/schema\/person\/77d6b186c710ac38937c6ec204fdd387"},"breadcrumb":{"@id":"https:\/\/www.p31noticias.com.br\/?p=18792#breadcrumb"},"inLanguage":"pt-BR","potentialAction":[{"@type":"ReadAction","target":["https:\/\/www.p31noticias.com.br\/?p=18792"]}]},{"@type":"ImageObject","inLanguage":"pt-BR","@id":"https:\/\/www.p31noticias.com.br\/?p=18792#primaryimage","url":"https:\/\/www.p31noticias.com.br\/wp-content\/uploads\/2020\/02\/coronavirus-visao-microscopio.jpg","contentUrl":"https:\/\/www.p31noticias.com.br\/wp-content\/uploads\/2020\/02\/coronavirus-visao-microscopio.jpg","width":640,"height":500,"caption":"\u00c9 assim que o coronav\u00edrus \u00e9 visto no microsc\u00f3pio \u2014 Foto: Getty Images via BBC"},{"@type":"BreadcrumbList","@id":"https:\/\/www.p31noticias.com.br\/?p=18792#breadcrumb","itemListElement":[{"@type":"ListItem","position":1,"name":"In\u00edcio","item":"https:\/\/www.p31noticias.com.br\/"},{"@type":"ListItem","position":2,"name":"Minist\u00e9rio da Sa\u00fade confirma 5 casos suspeitos de coronav\u00edrus no DF"}]},{"@type":"WebSite","@id":"https:\/\/www.p31noticias.com.br\/#website","url":"https:\/\/www.p31noticias.com.br\/","name":"P31","description":"NOT\u00cdCIAS","potentialAction":[{"@type":"SearchAction","target":{"@type":"EntryPoint","urlTemplate":"https:\/\/www.p31noticias.com.br\/?s={search_term_string}"},"query-input":{"@type":"PropertyValueSpecification","valueRequired":true,"valueName":"search_term_string"}}],"inLanguage":"pt-BR"},{"@type":"Person","@id":"https:\/\/www.p31noticias.com.br\/#\/schema\/person\/77d6b186c710ac38937c6ec204fdd387","name":"Reda\u00e7\u00e3o JBN","image":{"@type":"ImageObject","inLanguage":"pt-BR","@id":"https:\/\/secure.gravatar.com\/avatar\/10fcdb93211f98cce3d64c0795b0915a9a4a21dc0f279238995a3dbfafcad090?s=96&d=mm&r=g","url":"https:\/\/secure.gravatar.com\/avatar\/10fcdb93211f98cce3d64c0795b0915a9a4a21dc0f279238995a3dbfafcad090?s=96&d=mm&r=g","contentUrl":"https:\/\/secure.gravatar.com\/avatar\/10fcdb93211f98cce3d64c0795b0915a9a4a21dc0f279238995a3dbfafcad090?s=96&d=mm&r=g","caption":"Reda\u00e7\u00e3o JBN"},"sameAs":["https:\/\/p31noticias.com.br"],"url":"https:\/\/www.p31noticias.com.br\/?author=18"}]}},"amp_enabled":true,"_links":{"self":[{"href":"https:\/\/www.p31noticias.com.br\/index.php?rest_route=\/wp\/v2\/posts\/18792","targetHints":{"allow":["GET"]}}],"collection":[{"href":"https:\/\/www.p31noticias.com.br\/index.php?rest_route=\/wp\/v2\/posts"}],"about":[{"href":"https:\/\/www.p31noticias.com.br\/index.php?rest_route=\/wp\/v2\/types\/post"}],"author":[{"embeddable":true,"href":"https:\/\/www.p31noticias.com.br\/index.php?rest_route=\/wp\/v2\/users\/18"}],"replies":[{"embeddable":true,"href":"https:\/\/www.p31noticias.com.br\/index.php?rest_route=%2Fwp%2Fv2%2Fcomments&post=18792"}],"version-history":[{"count":0,"href":"https:\/\/www.p31noticias.com.br\/index.php?rest_route=\/wp\/v2\/posts\/18792\/revisions"}],"wp:featuredmedia":[{"embeddable":true,"href":"https:\/\/www.p31noticias.com.br\/index.php?rest_route=\/wp\/v2\/media\/18795"}],"wp:attachment":[{"href":"https:\/\/www.p31noticias.com.br\/index.php?rest_route=%2Fwp%2Fv2%2Fmedia&parent=18792"}],"wp:term":[{"taxonomy":"category","embeddable":true,"href":"https:\/\/www.p31noticias.com.br\/index.php?rest_route=%2Fwp%2Fv2%2Fcategories&post=18792"},{"taxonomy":"post_tag","embeddable":true,"href":"https:\/\/www.p31noticias.com.br\/index.php?rest_route=%2Fwp%2Fv2%2Ftags&post=18792"}],"curies":[{"name":"wp","href":"https:\/\/api.w.org\/{rel}","templated":true}]}}