{"id":18732,"date":"2020-02-21T16:51:44","date_gmt":"2020-02-21T19:51:44","guid":{"rendered":"https:\/\/www.delioandrade.com.br\/?p=18732"},"modified":"2020-02-21T16:51:44","modified_gmt":"2020-02-21T19:51:44","slug":"vila-kundalini-abre-as-portas-com-proposta-diferente-no-carnaval","status":"publish","type":"post","link":"https:\/\/www.p31noticias.com.br\/?p=18732","title":{"rendered":"Vila Kundalini abre as portas com proposta diferente no Carnaval"},"content":{"rendered":"<p style=\"font-weight: 400;\">Bras\u00edlia entra com tudo no m\u00eas de fevereiro com muitas festas de Carnaval, por\u00e9m, a Vila Kundalini abre as portas no domingo (23\/02), a partir das 9h30, no Lago Oeste, com uma festa diferente.<\/p>\n<p style=\"font-weight: 400;\">Para quem busca um novo no Carnaval, em um ambiente para curtir e ao mesmo tempo relaxar, a Vila Kundalini oferece uma proposta regada de yoga, piscina com os amigos, redes para relaxar, massagens, DJs, bandas de rock e muito mais.<\/p>\n<p style=\"font-weight: 400;\"><strong>Programa\u00e7\u00e3o:<\/strong><\/p>\n<p style=\"font-weight: 400;\"><strong>23 de fevereiro (domingo)<\/strong><\/p>\n<p style=\"font-weight: 400;\"><strong>\u00a0<\/strong><\/p>\n<p style=\"font-weight: 400;\"><strong>10h-<\/strong>\u00a0pr\u00e1tica de Yoga para fortalecer o Sol interior, na sequ\u00eancia DJs na Piscina com brasilidades carnavalescas e House Music;<\/p>\n<p style=\"font-weight: 400;\"><strong>16h-<\/strong>\u00a0Ao entardecer &#8211; shows de Rock com as bandas BSB Rock Band &amp; Free to decide -The Cranberries Tribute.<\/p>\n<p style=\"font-weight: 400;\">Na ocasi\u00e3o o p\u00fablico poder\u00e1 contar com massagistas renomados, al\u00e9m de poder apreciar a vista para a Chapada da Contagem.<\/p>\n<p><strong>Data:<\/strong>\u00a023 de fevereiro, a partir das 9h30;<\/p>\n<p><strong>Local:<\/strong>\u00a0A Vila fica a 28 km da Rodovi\u00e1ria, no Lago Oeste;<\/p>\n<p style=\"font-weight: 400;\"><strong>Ingressos dispon\u00edveis no Sympla:<\/strong>\u00a0<a href=\"https:\/\/bit.iy\/31vGZuE\" data-saferedirecturl=\"https:\/\/www.google.com\/url?q=https:\/\/bit.Iy\/31vGZuE&amp;source=gmail&amp;ust=1582394759610000&amp;usg=AFQjCNGd8SzvGYUVtbAHD8qYfVFiOTRv_g\">https:\/\/bit.Iy\/31vGZuE<\/a>\u00a0\/\u00a0<a href=\"https:\/\/www.sympla.com.br\/domingueira-de-carnaval-na-vila-kundalini--yoga--baladinha__781338\" data-saferedirecturl=\"https:\/\/www.google.com\/url?q=https:\/\/www.sympla.com.br\/domingueira-de-carnaval-na-vila-kundalini--yoga--baladinha__781338&amp;source=gmail&amp;ust=1582394759610000&amp;usg=AFQjCNHXyVskzEUL6mvYrmJKPkWx4kJnIw\">https:\/\/www.sympla.com.br\/domingueira-de-carnaval-na-vila-kundalini&#8211;yoga&#8211;baladinha__781338<\/a><\/p>\n<p><strong>Comidas, bebidas (cerveja) e Massagens ser\u00e3o cobradas \u00e0 parte;<\/strong><\/p>\n<p><strong>*crian\u00e7as at\u00e9 12 anos n\u00e3o pagam e seu pequeno Pet \u00e9 bem vindo;<\/strong><\/p>\n<p><strong>*Uber e 99 facilmente chegam no local.<\/strong><\/p>\n","protected":false},"excerpt":{"rendered":"<p>Bras\u00edlia entra com tudo no m\u00eas de fevereiro com muitas festas de Carnaval, por\u00e9m, a Vila Kundalini abre as portas no domingo (23\/02), a partir das 9h30, no Lago Oeste, com uma festa diferente. Para quem busca um novo no Carnaval, em um ambiente para curtir e ao mesmo tempo relaxar, a Vila Kundalini oferece [&hellip;]<\/p>\n","protected":false},"author":18,"featured_media":18733,"comment_status":"open","ping_status":"open","sticky":false,"template":"","format":"standard","meta":{"footnotes":""},"categories":[1],"tags":[],"class_list":{"0":"post-18732","1":"post","2":"type-post","3":"status-publish","4":"format-standard","5":"has-post-thumbnail","7":"category-outros"},"yoast_head":"<!-- This site is optimized with the Yoast SEO Premium plugin v24.5 (Yoast SEO v27.5) - https:\/\/yoast.com\/product\/yoast-seo-premium-wordpress\/ -->\n<title>Vila Kundalini abre as portas com proposta diferente no Carnaval - P31<\/title>\n<meta name=\"robots\" content=\"index, follow, max-snippet:-1, max-image-preview:large, max-video-preview:-1\" \/>\n<link rel=\"canonical\" href=\"https:\/\/www.p31noticias.com.br\/?p=18732\" \/>\n<meta property=\"og:locale\" content=\"pt_BR\" \/>\n<meta property=\"og:type\" content=\"article\" \/>\n<meta property=\"og:title\" content=\"Vila Kundalini abre as portas com proposta diferente no Carnaval\" \/>\n<meta property=\"og:description\" content=\"Bras\u00edlia entra com tudo no m\u00eas de fevereiro com muitas festas de Carnaval, por\u00e9m, a Vila Kundalini abre as portas no domingo (23\/02), a partir das 9h30, no Lago Oeste, com uma festa diferente. Para quem busca um novo no Carnaval, em um ambiente para curtir e ao mesmo tempo relaxar, a Vila Kundalini oferece [&hellip;]\" \/>\n<meta property=\"og:url\" content=\"https:\/\/www.p31noticias.com.br\/?p=18732\" \/>\n<meta property=\"og:site_name\" content=\"P31\" \/>\n<meta property=\"article:published_time\" content=\"2020-02-21T19:51:44+00:00\" \/>\n<meta property=\"og:image\" content=\"https:\/\/www.p31noticias.com.br\/wp-content\/uploads\/2020\/02\/WhatsApp-Image-2020-02-06-at-10.50.11.jpeg\" \/>\n\t<meta property=\"og:image:width\" content=\"529\" \/>\n\t<meta property=\"og:image:height\" content=\"529\" \/>\n\t<meta property=\"og:image:type\" content=\"image\/jpeg\" \/>\n<meta name=\"author\" content=\"Reda\u00e7\u00e3o JBN\" \/>\n<meta name=\"twitter:card\" content=\"summary_large_image\" \/>\n<meta name=\"twitter:label1\" content=\"Escrito por\" \/>\n\t<meta name=\"twitter:data1\" content=\"Reda\u00e7\u00e3o JBN\" \/>\n\t<meta name=\"twitter:label2\" content=\"Est. tempo de leitura\" \/>\n\t<meta name=\"twitter:data2\" content=\"1 minuto\" \/>\n<script type=\"application\/ld+json\" class=\"yoast-schema-graph\">{\"@context\":\"https:\\\/\\\/schema.org\",\"@graph\":[{\"@type\":\"Article\",\"@id\":\"https:\\\/\\\/www.p31noticias.com.br\\\/?p=18732#article\",\"isPartOf\":{\"@id\":\"https:\\\/\\\/www.p31noticias.com.br\\\/?p=18732\"},\"author\":{\"name\":\"Reda\u00e7\u00e3o JBN\",\"@id\":\"https:\\\/\\\/www.p31noticias.com.br\\\/#\\\/schema\\\/person\\\/77d6b186c710ac38937c6ec204fdd387\"},\"headline\":\"Vila Kundalini abre as portas com proposta diferente no Carnaval\",\"datePublished\":\"2020-02-21T19:51:44+00:00\",\"mainEntityOfPage\":{\"@id\":\"https:\\\/\\\/www.p31noticias.com.br\\\/?p=18732\"},\"wordCount\":219,\"commentCount\":0,\"image\":{\"@id\":\"https:\\\/\\\/www.p31noticias.com.br\\\/?p=18732#primaryimage\"},\"thumbnailUrl\":\"https:\\\/\\\/www.p31noticias.com.br\\\/wp-content\\\/uploads\\\/2020\\\/02\\\/WhatsApp-Image-2020-02-06-at-10.50.11.jpeg\",\"articleSection\":[\"Outros\"],\"inLanguage\":\"pt-BR\",\"potentialAction\":[{\"@type\":\"CommentAction\",\"name\":\"Comment\",\"target\":[\"https:\\\/\\\/www.p31noticias.com.br\\\/?p=18732#respond\"]}],\"copyrightYear\":\"2020\",\"copyrightHolder\":{\"@id\":\"https:\\\/\\\/www.p31noticias.com.br\\\/#organization\"}},{\"@type\":\"WebPage\",\"@id\":\"https:\\\/\\\/www.p31noticias.com.br\\\/?p=18732\",\"url\":\"https:\\\/\\\/www.p31noticias.com.br\\\/?p=18732\",\"name\":\"Vila Kundalini abre as portas com proposta diferente no Carnaval - P31\",\"isPartOf\":{\"@id\":\"https:\\\/\\\/www.p31noticias.com.br\\\/#website\"},\"primaryImageOfPage\":{\"@id\":\"https:\\\/\\\/www.p31noticias.com.br\\\/?p=18732#primaryimage\"},\"image\":{\"@id\":\"https:\\\/\\\/www.p31noticias.com.br\\\/?p=18732#primaryimage\"},\"thumbnailUrl\":\"https:\\\/\\\/www.p31noticias.com.br\\\/wp-content\\\/uploads\\\/2020\\\/02\\\/WhatsApp-Image-2020-02-06-at-10.50.11.jpeg\",\"datePublished\":\"2020-02-21T19:51:44+00:00\",\"author\":{\"@id\":\"https:\\\/\\\/www.p31noticias.com.br\\\/#\\\/schema\\\/person\\\/77d6b186c710ac38937c6ec204fdd387\"},\"breadcrumb\":{\"@id\":\"https:\\\/\\\/www.p31noticias.com.br\\\/?p=18732#breadcrumb\"},\"inLanguage\":\"pt-BR\",\"potentialAction\":[{\"@type\":\"ReadAction\",\"target\":[\"https:\\\/\\\/www.p31noticias.com.br\\\/?p=18732\"]}]},{\"@type\":\"ImageObject\",\"inLanguage\":\"pt-BR\",\"@id\":\"https:\\\/\\\/www.p31noticias.com.br\\\/?p=18732#primaryimage\",\"url\":\"https:\\\/\\\/www.p31noticias.com.br\\\/wp-content\\\/uploads\\\/2020\\\/02\\\/WhatsApp-Image-2020-02-06-at-10.50.11.jpeg\",\"contentUrl\":\"https:\\\/\\\/www.p31noticias.com.br\\\/wp-content\\\/uploads\\\/2020\\\/02\\\/WhatsApp-Image-2020-02-06-at-10.50.11.jpeg\",\"width\":529,\"height\":529},{\"@type\":\"BreadcrumbList\",\"@id\":\"https:\\\/\\\/www.p31noticias.com.br\\\/?p=18732#breadcrumb\",\"itemListElement\":[{\"@type\":\"ListItem\",\"position\":1,\"name\":\"In\u00edcio\",\"item\":\"https:\\\/\\\/www.p31noticias.com.br\\\/\"},{\"@type\":\"ListItem\",\"position\":2,\"name\":\"Vila Kundalini abre as portas com proposta diferente no Carnaval\"}]},{\"@type\":\"WebSite\",\"@id\":\"https:\\\/\\\/www.p31noticias.com.br\\\/#website\",\"url\":\"https:\\\/\\\/www.p31noticias.com.br\\\/\",\"name\":\"P31\",\"description\":\"NOT\u00cdCIAS\",\"potentialAction\":[{\"@type\":\"SearchAction\",\"target\":{\"@type\":\"EntryPoint\",\"urlTemplate\":\"https:\\\/\\\/www.p31noticias.com.br\\\/?s={search_term_string}\"},\"query-input\":{\"@type\":\"PropertyValueSpecification\",\"valueRequired\":true,\"valueName\":\"search_term_string\"}}],\"inLanguage\":\"pt-BR\"},{\"@type\":\"Person\",\"@id\":\"https:\\\/\\\/www.p31noticias.com.br\\\/#\\\/schema\\\/person\\\/77d6b186c710ac38937c6ec204fdd387\",\"name\":\"Reda\u00e7\u00e3o JBN\",\"image\":{\"@type\":\"ImageObject\",\"inLanguage\":\"pt-BR\",\"@id\":\"https:\\\/\\\/secure.gravatar.com\\\/avatar\\\/10fcdb93211f98cce3d64c0795b0915a9a4a21dc0f279238995a3dbfafcad090?s=96&d=mm&r=g\",\"url\":\"https:\\\/\\\/secure.gravatar.com\\\/avatar\\\/10fcdb93211f98cce3d64c0795b0915a9a4a21dc0f279238995a3dbfafcad090?s=96&d=mm&r=g\",\"contentUrl\":\"https:\\\/\\\/secure.gravatar.com\\\/avatar\\\/10fcdb93211f98cce3d64c0795b0915a9a4a21dc0f279238995a3dbfafcad090?s=96&d=mm&r=g\",\"caption\":\"Reda\u00e7\u00e3o JBN\"},\"sameAs\":[\"https:\\\/\\\/p31noticias.com.br\"],\"url\":\"https:\\\/\\\/www.p31noticias.com.br\\\/?author=18\"}]}<\/script>\n<!-- \/ Yoast SEO Premium plugin. -->","yoast_head_json":{"title":"Vila Kundalini abre as portas com proposta diferente no Carnaval - P31","robots":{"index":"index","follow":"follow","max-snippet":"max-snippet:-1","max-image-preview":"max-image-preview:large","max-video-preview":"max-video-preview:-1"},"canonical":"https:\/\/www.p31noticias.com.br\/?p=18732","og_locale":"pt_BR","og_type":"article","og_title":"Vila Kundalini abre as portas com proposta diferente no Carnaval","og_description":"Bras\u00edlia entra com tudo no m\u00eas de fevereiro com muitas festas de Carnaval, por\u00e9m, a Vila Kundalini abre as portas no domingo (23\/02), a partir das 9h30, no Lago Oeste, com uma festa diferente. Para quem busca um novo no Carnaval, em um ambiente para curtir e ao mesmo tempo relaxar, a Vila Kundalini oferece [&hellip;]","og_url":"https:\/\/www.p31noticias.com.br\/?p=18732","og_site_name":"P31","article_published_time":"2020-02-21T19:51:44+00:00","og_image":[{"width":529,"height":529,"url":"https:\/\/www.p31noticias.com.br\/wp-content\/uploads\/2020\/02\/WhatsApp-Image-2020-02-06-at-10.50.11.jpeg","type":"image\/jpeg"}],"author":"Reda\u00e7\u00e3o JBN","twitter_card":"summary_large_image","twitter_misc":{"Escrito por":"Reda\u00e7\u00e3o JBN","Est. tempo de leitura":"1 minuto"},"schema":{"@context":"https:\/\/schema.org","@graph":[{"@type":"Article","@id":"https:\/\/www.p31noticias.com.br\/?p=18732#article","isPartOf":{"@id":"https:\/\/www.p31noticias.com.br\/?p=18732"},"author":{"name":"Reda\u00e7\u00e3o JBN","@id":"https:\/\/www.p31noticias.com.br\/#\/schema\/person\/77d6b186c710ac38937c6ec204fdd387"},"headline":"Vila Kundalini abre as portas com proposta diferente no Carnaval","datePublished":"2020-02-21T19:51:44+00:00","mainEntityOfPage":{"@id":"https:\/\/www.p31noticias.com.br\/?p=18732"},"wordCount":219,"commentCount":0,"image":{"@id":"https:\/\/www.p31noticias.com.br\/?p=18732#primaryimage"},"thumbnailUrl":"https:\/\/www.p31noticias.com.br\/wp-content\/uploads\/2020\/02\/WhatsApp-Image-2020-02-06-at-10.50.11.jpeg","articleSection":["Outros"],"inLanguage":"pt-BR","potentialAction":[{"@type":"CommentAction","name":"Comment","target":["https:\/\/www.p31noticias.com.br\/?p=18732#respond"]}],"copyrightYear":"2020","copyrightHolder":{"@id":"https:\/\/www.p31noticias.com.br\/#organization"}},{"@type":"WebPage","@id":"https:\/\/www.p31noticias.com.br\/?p=18732","url":"https:\/\/www.p31noticias.com.br\/?p=18732","name":"Vila Kundalini abre as portas com proposta diferente no Carnaval - P31","isPartOf":{"@id":"https:\/\/www.p31noticias.com.br\/#website"},"primaryImageOfPage":{"@id":"https:\/\/www.p31noticias.com.br\/?p=18732#primaryimage"},"image":{"@id":"https:\/\/www.p31noticias.com.br\/?p=18732#primaryimage"},"thumbnailUrl":"https:\/\/www.p31noticias.com.br\/wp-content\/uploads\/2020\/02\/WhatsApp-Image-2020-02-06-at-10.50.11.jpeg","datePublished":"2020-02-21T19:51:44+00:00","author":{"@id":"https:\/\/www.p31noticias.com.br\/#\/schema\/person\/77d6b186c710ac38937c6ec204fdd387"},"breadcrumb":{"@id":"https:\/\/www.p31noticias.com.br\/?p=18732#breadcrumb"},"inLanguage":"pt-BR","potentialAction":[{"@type":"ReadAction","target":["https:\/\/www.p31noticias.com.br\/?p=18732"]}]},{"@type":"ImageObject","inLanguage":"pt-BR","@id":"https:\/\/www.p31noticias.com.br\/?p=18732#primaryimage","url":"https:\/\/www.p31noticias.com.br\/wp-content\/uploads\/2020\/02\/WhatsApp-Image-2020-02-06-at-10.50.11.jpeg","contentUrl":"https:\/\/www.p31noticias.com.br\/wp-content\/uploads\/2020\/02\/WhatsApp-Image-2020-02-06-at-10.50.11.jpeg","width":529,"height":529},{"@type":"BreadcrumbList","@id":"https:\/\/www.p31noticias.com.br\/?p=18732#breadcrumb","itemListElement":[{"@type":"ListItem","position":1,"name":"In\u00edcio","item":"https:\/\/www.p31noticias.com.br\/"},{"@type":"ListItem","position":2,"name":"Vila Kundalini abre as portas com proposta diferente no Carnaval"}]},{"@type":"WebSite","@id":"https:\/\/www.p31noticias.com.br\/#website","url":"https:\/\/www.p31noticias.com.br\/","name":"P31","description":"NOT\u00cdCIAS","potentialAction":[{"@type":"SearchAction","target":{"@type":"EntryPoint","urlTemplate":"https:\/\/www.p31noticias.com.br\/?s={search_term_string}"},"query-input":{"@type":"PropertyValueSpecification","valueRequired":true,"valueName":"search_term_string"}}],"inLanguage":"pt-BR"},{"@type":"Person","@id":"https:\/\/www.p31noticias.com.br\/#\/schema\/person\/77d6b186c710ac38937c6ec204fdd387","name":"Reda\u00e7\u00e3o JBN","image":{"@type":"ImageObject","inLanguage":"pt-BR","@id":"https:\/\/secure.gravatar.com\/avatar\/10fcdb93211f98cce3d64c0795b0915a9a4a21dc0f279238995a3dbfafcad090?s=96&d=mm&r=g","url":"https:\/\/secure.gravatar.com\/avatar\/10fcdb93211f98cce3d64c0795b0915a9a4a21dc0f279238995a3dbfafcad090?s=96&d=mm&r=g","contentUrl":"https:\/\/secure.gravatar.com\/avatar\/10fcdb93211f98cce3d64c0795b0915a9a4a21dc0f279238995a3dbfafcad090?s=96&d=mm&r=g","caption":"Reda\u00e7\u00e3o JBN"},"sameAs":["https:\/\/p31noticias.com.br"],"url":"https:\/\/www.p31noticias.com.br\/?author=18"}]}},"amp_enabled":true,"_links":{"self":[{"href":"https:\/\/www.p31noticias.com.br\/index.php?rest_route=\/wp\/v2\/posts\/18732","targetHints":{"allow":["GET"]}}],"collection":[{"href":"https:\/\/www.p31noticias.com.br\/index.php?rest_route=\/wp\/v2\/posts"}],"about":[{"href":"https:\/\/www.p31noticias.com.br\/index.php?rest_route=\/wp\/v2\/types\/post"}],"author":[{"embeddable":true,"href":"https:\/\/www.p31noticias.com.br\/index.php?rest_route=\/wp\/v2\/users\/18"}],"replies":[{"embeddable":true,"href":"https:\/\/www.p31noticias.com.br\/index.php?rest_route=%2Fwp%2Fv2%2Fcomments&post=18732"}],"version-history":[{"count":0,"href":"https:\/\/www.p31noticias.com.br\/index.php?rest_route=\/wp\/v2\/posts\/18732\/revisions"}],"wp:featuredmedia":[{"embeddable":true,"href":"https:\/\/www.p31noticias.com.br\/index.php?rest_route=\/wp\/v2\/media\/18733"}],"wp:attachment":[{"href":"https:\/\/www.p31noticias.com.br\/index.php?rest_route=%2Fwp%2Fv2%2Fmedia&parent=18732"}],"wp:term":[{"taxonomy":"category","embeddable":true,"href":"https:\/\/www.p31noticias.com.br\/index.php?rest_route=%2Fwp%2Fv2%2Fcategories&post=18732"},{"taxonomy":"post_tag","embeddable":true,"href":"https:\/\/www.p31noticias.com.br\/index.php?rest_route=%2Fwp%2Fv2%2Ftags&post=18732"}],"curies":[{"name":"wp","href":"https:\/\/api.w.org\/{rel}","templated":true}]}}